{"id":30448,"date":"2014-03-11T00:00:00","date_gmt":"2014-03-11T04:00:00","guid":{"rendered":"http:\/\/192.81.217.108\/interamerica\/2014\/03\/nueva-enciclopedia-elena-white-resalta-su-vida-y-ministerio\/"},"modified":"2014-03-11T00:00:00","modified_gmt":"2014-03-11T04:00:00","slug":"nueva-enciclopedia-elena-white-resalta-su-vida-y-ministerio","status":"publish","type":"post","link":"https:\/\/interamerica.org\/es\/2014\/03\/nueva-enciclopedia-elena-white-resalta-su-vida-y-ministerio\/","title":{"rendered":"Nueva Enciclopedia Elena White resalta su vida y ministerio"},"content":{"rendered":"<p>11 de marzo de 2014 &#8211; Silver Spring, Maryland, Estados Unidos&#8230;Mylon Medley\/ANN<\/p>\n<p>Una enciclopedia dada a conocer hace poco que se ocupa de la vida y obra de Elena G. White, cofundadora de la Iglesia Adventista, presenta su postura sobre diversos temas y ofrece la oportunidad de disipar concepciones err\u00f3neas sobre su vida y la influencia literaria de la figura m\u00e1s conocida de la denominaci\u00f3n, seg\u00fan dijeron sus editores.<\/p>\n<div id=\"attachment_10926\" style=\"width: 310px\" class=\"wp-caption alignleft\"><a href=\"\/interamerica\/wp-content\/uploads\/2017\/06\/csm_white-enc-web_b7350f738e.jpg\" rel=\"fancybox\" title=\"Nueva Enciclopedia Elena White resalta su vida y ministerio\"><img fetchpriority=\"high\" decoding=\"async\" aria-describedby=\"caption-attachment-10926\" class=\"size-medium wp-image-10926\" src=\"\/interamerica\/wp-content\/uploads\/2017\/06\/csm_white-enc-web_b7350f738e-300x225.jpg\" alt=\"\" width=\"300\" height=\"225\" \/><\/a><p id=\"caption-attachment-10926\" class=\"wp-caption-text\">La recientemente publicada Enciclopedia Elena G. White presenta una visi\u00f3n general de esta confundadora de la Iglesia Adventista del S\u00e9ptimo D\u00eda respecto de una diversidad de temas.<\/p><\/div>\n<p>\u201c<a href=\"http:\/\/www.adventistbookcenter.com\/the-ellen-g-white-encyclopedia.html\">La Enciclopedia Elena G. White<\/a>\u201d, publicada por la casa editora Review and Herald Publishing Association, incluye art\u00edculos sobre White, biograf\u00edas y sus escritos sobre una diversidad de temas, que van desde la salvaci\u00f3n, la psicolog\u00eda y la pol\u00edtica hasta el legalismo, la dieta y el maquillaje.<\/p>\n<p>\u00abLa Enciclopedia Elena White es sin duda la obra de referencia m\u00e1s importante producida por la Iglesia Adventista del S\u00e9ptimo D\u00eda en medio siglo\u00bb, dijo George Knight, historiador de la Iglesia Adventista.<\/p>\n<p>La enciclopedia consiste en 1300 art\u00edculos con descripciones de lugares donde vivi\u00f3 White y la gente que interactu\u00f3 con ella, fotograf\u00edas rara vez vistas y su postura respecto de cientos de temas sobre los que escribi\u00f3 durante su extenso ministerio.<\/p>\n<p>Los editores Denis Fortin, exdecano del Seminario Teol\u00f3gico Adventista en Berrien Springs, M\u00edchigan, Estados Unidos, y Jerry Moon, presidente del Departamento de Historia de la Iglesia del Seminario Teol\u00f3gico Adventista, trabajaron con 180 autores contribuyentes a lo largo de catorce a\u00f1os con el fin de compilar la enciclopedia. Fue arreglada de esa manera para \u00abque tanto los lectores nuevos como de larga data [de los escritos de Elena White] hallen informaci\u00f3n confiable, presentada a menudo de nuevas y renovadas perspectivas\u00bb, dijeron Fortin y Moon.<\/p>\n<p>La visi\u00f3n de crear esta enciclopedia comenz\u00f3 a fines de la d\u00e9cada de 1990 con Knight, un historiador adventista y profesor em\u00e9rito del Seminario Teol\u00f3gico Adventista. En 2000, sin embargo, y ya aproxim\u00e1ndose a su jubilaci\u00f3n, Knight deleg\u00f3 el proyecto a Fortin y Moon.<\/p>\n<p>Se considera que White, quien falleci\u00f3 en 1915 a la edad de 87 a\u00f1os, fue la que dio forma a la misi\u00f3n y visi\u00f3n de la Iglesia Adventista, en especial por medio de sus escritos. Durante su ministerio, escribi\u00f3 aproximadamente cien mil p\u00e1ginas, y m\u00e1s de cien libros han sido publicados a partir de sus escritos. White es asimismo la escritora m\u00e1s traducida, seg\u00fan el Patrimonio White. Su libro m\u00e1s traducido, titulado \u00abEl camino a Cristo\u00bb, que es una gu\u00eda sobre c\u00f3mo ser cristiano, ha sido traducido a m\u00e1s de 165 idiomas.<\/p>\n<p>Las controversias respecto de los escritos de White a menudo son producto de su obra, que ha sido tomada fuera de contexto o usada en forma err\u00f3nea para apoyar temas controvertidos. La idea de la enciclopedia fue llegar a ser la obra est\u00e1ndar de referencia para todo aquel que se cuestiones alguna de las posturas de White, dijo Knight.<\/p>\n<p>\u00abElena White ha sido la persona m\u00e1s influyente de la historia adventista y, sin embargo, hay mucha desinformaci\u00f3n sobre lo que escribi\u00f3 y la raz\u00f3n porque lo hizo\u00bb, dijo Knight. \u00abHasta el momento, no ha existido una obra de referencia que pueda responder la mayor\u00eda de nuestras preguntas\u00bb.<\/p>\n<p>Jim Nix, director del Patrimonio White, dijo que cuando recibi\u00f3 los primeros manuscritos de la enciclopedia se sinti\u00f3 muy complacido.<\/p>\n<p>\u00abMe entusiasma la riqueza de informaci\u00f3n que aparece en este libro respecto de Elena Whtie y su ministerio\u00bb, dijo Nix. \u00abMe siento impresionado con la profundidad y el alcance de lo que contiene\u00bb.<\/p>\n<p>Ahora, todo aquel que quiera aprender m\u00e1s sobre White y su contribuci\u00f3n a la Iglesia Adventista tendr\u00e1 la oportunidad de expandir sus conocimientos sobre la vida y los escritos de White en un solo recurso.<\/p>\n<p>\u201cNo puedo imaginar que haya alguien que est\u00e9 interesado en Elena White y sus escritos que no quiera tener un ejemplar de este libro\u00bb, dijo Nix. \u00abEs sumamente valioso\u00bb.<\/p>\n<p><em>Traducci\u00f3n de Marcos Paseggi<\/em><\/p>\n","protected":false},"excerpt":{"rendered":"<p>Una enciclopedia dada a conocer hace poco que se ocupa de la vida y obra de Elena G. White, cofundadora de la Iglesia Adventista, presenta su postura sobre diversos temas y ofrece la oportunidad de disipar concepciones err\u00f3neas sobre su vida y la influencia literaria de la figura m\u00e1s conocida de la denominaci\u00f3n, seg\u00fan dijeron sus editores.<\/p>\n","protected":false},"author":1,"featured_media":22725,"comment_status":"closed","ping_status":"closed","sticky":false,"template":"","format":"standard","meta":{"_acf_changed":false,"footnotes":""},"categories":[14],"tags":[],"class_list":["post-30448","post","type-post","status-publish","format-standard","has-post-thumbnail","hentry","category-de-la-iglesia-mundial"],"acf":[],"yoast_head":"<!-- This site is optimized with the Yoast SEO plugin v27.3 - https:\/\/yoast.com\/product\/yoast-seo-wordpress\/ -->\n<title>Nueva Enciclopedia Elena White resalta su vida y ministerio - Iglesia Adventista del S\u00e9ptimo D\u00eda - Divisi\u00f3n Interamericana<\/title>\n<meta name=\"robots\" content=\"index, follow, max-snippet:-1, max-image-preview:large, max-video-preview:-1\" \/>\n<link rel=\"canonical\" href=\"https:\/\/interamerica.org\/es\/2014\/03\/nueva-enciclopedia-elena-white-resalta-su-vida-y-ministerio\/\" \/>\n<meta property=\"og:locale\" content=\"es_ES\" \/>\n<meta property=\"og:type\" content=\"article\" \/>\n<meta property=\"og:title\" content=\"Nueva Enciclopedia Elena White resalta su vida y ministerio - Iglesia Adventista del S\u00e9ptimo D\u00eda - Divisi\u00f3n Interamericana\" \/>\n<meta property=\"og:description\" content=\"Una enciclopedia dada a conocer hace poco que se ocupa de la vida y obra de Elena G. White, cofundadora de la Iglesia Adventista, presenta su postura sobre diversos temas y ofrece la oportunidad de disipar concepciones err\u00f3neas sobre su vida y la influencia literaria de la figura m\u00e1s conocida de la denominaci\u00f3n, seg\u00fan dijeron sus editores.\" \/>\n<meta property=\"og:url\" content=\"https:\/\/interamerica.org\/es\/2014\/03\/nueva-enciclopedia-elena-white-resalta-su-vida-y-ministerio\/\" \/>\n<meta property=\"og:site_name\" content=\"Iglesia Adventista del S\u00e9ptimo D\u00eda - Divisi\u00f3n Interamericana\" \/>\n<meta property=\"article:published_time\" content=\"2014-03-11T04:00:00+00:00\" \/>\n<meta property=\"og:image\" content=\"https:\/\/interamerica.org\/wp-content\/uploads\/2017\/06\/csm_white-enc-web_b7350f738e.jpg\" \/>\n\t<meta property=\"og:image:width\" content=\"400\" \/>\n\t<meta property=\"og:image:height\" content=\"301\" \/>\n\t<meta property=\"og:image:type\" content=\"image\/jpeg\" \/>\n<meta name=\"author\" content=\"Lorenzo Verduzco\" \/>\n<meta name=\"twitter:card\" content=\"summary_large_image\" \/>\n<meta name=\"twitter:label1\" content=\"Escrito por\" \/>\n\t<meta name=\"twitter:data1\" content=\"Lorenzo Verduzco\" \/>\n\t<meta name=\"twitter:label2\" content=\"Tiempo de lectura\" \/>\n\t<meta name=\"twitter:data2\" content=\"4 minutos\" \/>\n<script type=\"application\/ld+json\" class=\"yoast-schema-graph\">{\"@context\":\"https:\\\/\\\/schema.org\",\"@graph\":[{\"@type\":\"Article\",\"@id\":\"https:\\\/\\\/interamerica.org\\\/es\\\/2014\\\/03\\\/nueva-enciclopedia-elena-white-resalta-su-vida-y-ministerio\\\/#article\",\"isPartOf\":{\"@id\":\"https:\\\/\\\/interamerica.org\\\/es\\\/2014\\\/03\\\/nueva-enciclopedia-elena-white-resalta-su-vida-y-ministerio\\\/\"},\"author\":{\"name\":\"Lorenzo Verduzco\",\"@id\":\"https:\\\/\\\/interamerica.org\\\/es\\\/#\\\/schema\\\/person\\\/68ede8bdc292885bb76c1e3810e73c39\"},\"headline\":\"Nueva Enciclopedia Elena White resalta su vida y ministerio\",\"datePublished\":\"2014-03-11T04:00:00+00:00\",\"mainEntityOfPage\":{\"@id\":\"https:\\\/\\\/interamerica.org\\\/es\\\/2014\\\/03\\\/nueva-enciclopedia-elena-white-resalta-su-vida-y-ministerio\\\/\"},\"wordCount\":720,\"image\":{\"@id\":\"https:\\\/\\\/interamerica.org\\\/es\\\/2014\\\/03\\\/nueva-enciclopedia-elena-white-resalta-su-vida-y-ministerio\\\/#primaryimage\"},\"thumbnailUrl\":\"https:\\\/\\\/interamerica.org\\\/wp-content\\\/uploads\\\/2017\\\/06\\\/csm_white-enc-web_b7350f738e.jpg\",\"articleSection\":[\"Desde la iglesia mundial\"],\"inLanguage\":\"es\"},{\"@type\":\"WebPage\",\"@id\":\"https:\\\/\\\/interamerica.org\\\/es\\\/2014\\\/03\\\/nueva-enciclopedia-elena-white-resalta-su-vida-y-ministerio\\\/\",\"url\":\"https:\\\/\\\/interamerica.org\\\/es\\\/2014\\\/03\\\/nueva-enciclopedia-elena-white-resalta-su-vida-y-ministerio\\\/\",\"name\":\"Nueva Enciclopedia Elena White resalta su vida y ministerio - Iglesia Adventista del S\u00e9ptimo D\u00eda - Divisi\u00f3n Interamericana\",\"isPartOf\":{\"@id\":\"https:\\\/\\\/interamerica.org\\\/es\\\/#website\"},\"primaryImageOfPage\":{\"@id\":\"https:\\\/\\\/interamerica.org\\\/es\\\/2014\\\/03\\\/nueva-enciclopedia-elena-white-resalta-su-vida-y-ministerio\\\/#primaryimage\"},\"image\":{\"@id\":\"https:\\\/\\\/interamerica.org\\\/es\\\/2014\\\/03\\\/nueva-enciclopedia-elena-white-resalta-su-vida-y-ministerio\\\/#primaryimage\"},\"thumbnailUrl\":\"https:\\\/\\\/interamerica.org\\\/wp-content\\\/uploads\\\/2017\\\/06\\\/csm_white-enc-web_b7350f738e.jpg\",\"datePublished\":\"2014-03-11T04:00:00+00:00\",\"author\":{\"@id\":\"https:\\\/\\\/interamerica.org\\\/es\\\/#\\\/schema\\\/person\\\/68ede8bdc292885bb76c1e3810e73c39\"},\"breadcrumb\":{\"@id\":\"https:\\\/\\\/interamerica.org\\\/es\\\/2014\\\/03\\\/nueva-enciclopedia-elena-white-resalta-su-vida-y-ministerio\\\/#breadcrumb\"},\"inLanguage\":\"es\",\"potentialAction\":[{\"@type\":\"ReadAction\",\"target\":[\"https:\\\/\\\/interamerica.org\\\/es\\\/2014\\\/03\\\/nueva-enciclopedia-elena-white-resalta-su-vida-y-ministerio\\\/\"]}]},{\"@type\":\"ImageObject\",\"inLanguage\":\"es\",\"@id\":\"https:\\\/\\\/interamerica.org\\\/es\\\/2014\\\/03\\\/nueva-enciclopedia-elena-white-resalta-su-vida-y-ministerio\\\/#primaryimage\",\"url\":\"https:\\\/\\\/interamerica.org\\\/wp-content\\\/uploads\\\/2017\\\/06\\\/csm_white-enc-web_b7350f738e.jpg\",\"contentUrl\":\"https:\\\/\\\/interamerica.org\\\/wp-content\\\/uploads\\\/2017\\\/06\\\/csm_white-enc-web_b7350f738e.jpg\",\"width\":400,\"height\":301},{\"@type\":\"BreadcrumbList\",\"@id\":\"https:\\\/\\\/interamerica.org\\\/es\\\/2014\\\/03\\\/nueva-enciclopedia-elena-white-resalta-su-vida-y-ministerio\\\/#breadcrumb\",\"itemListElement\":[{\"@type\":\"ListItem\",\"position\":1,\"name\":\"Home\",\"item\":\"https:\\\/\\\/interamerica.org\\\/es\\\/\"},{\"@type\":\"ListItem\",\"position\":2,\"name\":\"Nueva Enciclopedia Elena White resalta su vida y ministerio\"}]},{\"@type\":\"WebSite\",\"@id\":\"https:\\\/\\\/interamerica.org\\\/es\\\/#website\",\"url\":\"https:\\\/\\\/interamerica.org\\\/es\\\/\",\"name\":\"Iglesia Adventista del S\u00e9ptimo D\u00eda - Divisi\u00f3n Interamericana\",\"description\":\"\",\"potentialAction\":[{\"@type\":\"SearchAction\",\"target\":{\"@type\":\"EntryPoint\",\"urlTemplate\":\"https:\\\/\\\/interamerica.org\\\/es\\\/?s={search_term_string}\"},\"query-input\":{\"@type\":\"PropertyValueSpecification\",\"valueRequired\":true,\"valueName\":\"search_term_string\"}}],\"inLanguage\":\"es\"},{\"@type\":\"Person\",\"@id\":\"https:\\\/\\\/interamerica.org\\\/es\\\/#\\\/schema\\\/person\\\/68ede8bdc292885bb76c1e3810e73c39\",\"name\":\"Lorenzo Verduzco\",\"image\":{\"@type\":\"ImageObject\",\"inLanguage\":\"es\",\"@id\":\"https:\\\/\\\/secure.gravatar.com\\\/avatar\\\/fb81a55b6218459490a9c1dc841a34909185b81904c5337b4b27f7a6fd60c49e?s=96&d=mm&r=g\",\"url\":\"https:\\\/\\\/secure.gravatar.com\\\/avatar\\\/fb81a55b6218459490a9c1dc841a34909185b81904c5337b4b27f7a6fd60c49e?s=96&d=mm&r=g\",\"contentUrl\":\"https:\\\/\\\/secure.gravatar.com\\\/avatar\\\/fb81a55b6218459490a9c1dc841a34909185b81904c5337b4b27f7a6fd60c49e?s=96&d=mm&r=g\",\"caption\":\"Lorenzo Verduzco\"}}]}<\/script>\n<!-- \/ Yoast SEO plugin. -->","yoast_head_json":{"title":"Nueva Enciclopedia Elena White resalta su vida y ministerio - Iglesia Adventista del S\u00e9ptimo D\u00eda - Divisi\u00f3n Interamericana","robots":{"index":"index","follow":"follow","max-snippet":"max-snippet:-1","max-image-preview":"max-image-preview:large","max-video-preview":"max-video-preview:-1"},"canonical":"https:\/\/interamerica.org\/es\/2014\/03\/nueva-enciclopedia-elena-white-resalta-su-vida-y-ministerio\/","og_locale":"es_ES","og_type":"article","og_title":"Nueva Enciclopedia Elena White resalta su vida y ministerio - Iglesia Adventista del S\u00e9ptimo D\u00eda - Divisi\u00f3n Interamericana","og_description":"Una enciclopedia dada a conocer hace poco que se ocupa de la vida y obra de Elena G. White, cofundadora de la Iglesia Adventista, presenta su postura sobre diversos temas y ofrece la oportunidad de disipar concepciones err\u00f3neas sobre su vida y la influencia literaria de la figura m\u00e1s conocida de la denominaci\u00f3n, seg\u00fan dijeron sus editores.","og_url":"https:\/\/interamerica.org\/es\/2014\/03\/nueva-enciclopedia-elena-white-resalta-su-vida-y-ministerio\/","og_site_name":"Iglesia Adventista del S\u00e9ptimo D\u00eda - Divisi\u00f3n Interamericana","article_published_time":"2014-03-11T04:00:00+00:00","og_image":[{"width":400,"height":301,"url":"https:\/\/interamerica.org\/wp-content\/uploads\/2017\/06\/csm_white-enc-web_b7350f738e.jpg","type":"image\/jpeg"}],"author":"Lorenzo Verduzco","twitter_card":"summary_large_image","twitter_misc":{"Escrito por":"Lorenzo Verduzco","Tiempo de lectura":"4 minutos"},"schema":{"@context":"https:\/\/schema.org","@graph":[{"@type":"Article","@id":"https:\/\/interamerica.org\/es\/2014\/03\/nueva-enciclopedia-elena-white-resalta-su-vida-y-ministerio\/#article","isPartOf":{"@id":"https:\/\/interamerica.org\/es\/2014\/03\/nueva-enciclopedia-elena-white-resalta-su-vida-y-ministerio\/"},"author":{"name":"Lorenzo Verduzco","@id":"https:\/\/interamerica.org\/es\/#\/schema\/person\/68ede8bdc292885bb76c1e3810e73c39"},"headline":"Nueva Enciclopedia Elena White resalta su vida y ministerio","datePublished":"2014-03-11T04:00:00+00:00","mainEntityOfPage":{"@id":"https:\/\/interamerica.org\/es\/2014\/03\/nueva-enciclopedia-elena-white-resalta-su-vida-y-ministerio\/"},"wordCount":720,"image":{"@id":"https:\/\/interamerica.org\/es\/2014\/03\/nueva-enciclopedia-elena-white-resalta-su-vida-y-ministerio\/#primaryimage"},"thumbnailUrl":"https:\/\/interamerica.org\/wp-content\/uploads\/2017\/06\/csm_white-enc-web_b7350f738e.jpg","articleSection":["Desde la iglesia mundial"],"inLanguage":"es"},{"@type":"WebPage","@id":"https:\/\/interamerica.org\/es\/2014\/03\/nueva-enciclopedia-elena-white-resalta-su-vida-y-ministerio\/","url":"https:\/\/interamerica.org\/es\/2014\/03\/nueva-enciclopedia-elena-white-resalta-su-vida-y-ministerio\/","name":"Nueva Enciclopedia Elena White resalta su vida y ministerio - Iglesia Adventista del S\u00e9ptimo D\u00eda - Divisi\u00f3n Interamericana","isPartOf":{"@id":"https:\/\/interamerica.org\/es\/#website"},"primaryImageOfPage":{"@id":"https:\/\/interamerica.org\/es\/2014\/03\/nueva-enciclopedia-elena-white-resalta-su-vida-y-ministerio\/#primaryimage"},"image":{"@id":"https:\/\/interamerica.org\/es\/2014\/03\/nueva-enciclopedia-elena-white-resalta-su-vida-y-ministerio\/#primaryimage"},"thumbnailUrl":"https:\/\/interamerica.org\/wp-content\/uploads\/2017\/06\/csm_white-enc-web_b7350f738e.jpg","datePublished":"2014-03-11T04:00:00+00:00","author":{"@id":"https:\/\/interamerica.org\/es\/#\/schema\/person\/68ede8bdc292885bb76c1e3810e73c39"},"breadcrumb":{"@id":"https:\/\/interamerica.org\/es\/2014\/03\/nueva-enciclopedia-elena-white-resalta-su-vida-y-ministerio\/#breadcrumb"},"inLanguage":"es","potentialAction":[{"@type":"ReadAction","target":["https:\/\/interamerica.org\/es\/2014\/03\/nueva-enciclopedia-elena-white-resalta-su-vida-y-ministerio\/"]}]},{"@type":"ImageObject","inLanguage":"es","@id":"https:\/\/interamerica.org\/es\/2014\/03\/nueva-enciclopedia-elena-white-resalta-su-vida-y-ministerio\/#primaryimage","url":"https:\/\/interamerica.org\/wp-content\/uploads\/2017\/06\/csm_white-enc-web_b7350f738e.jpg","contentUrl":"https:\/\/interamerica.org\/wp-content\/uploads\/2017\/06\/csm_white-enc-web_b7350f738e.jpg","width":400,"height":301},{"@type":"BreadcrumbList","@id":"https:\/\/interamerica.org\/es\/2014\/03\/nueva-enciclopedia-elena-white-resalta-su-vida-y-ministerio\/#breadcrumb","itemListElement":[{"@type":"ListItem","position":1,"name":"Home","item":"https:\/\/interamerica.org\/es\/"},{"@type":"ListItem","position":2,"name":"Nueva Enciclopedia Elena White resalta su vida y ministerio"}]},{"@type":"WebSite","@id":"https:\/\/interamerica.org\/es\/#website","url":"https:\/\/interamerica.org\/es\/","name":"Iglesia Adventista del S\u00e9ptimo D\u00eda - Divisi\u00f3n Interamericana","description":"","potentialAction":[{"@type":"SearchAction","target":{"@type":"EntryPoint","urlTemplate":"https:\/\/interamerica.org\/es\/?s={search_term_string}"},"query-input":{"@type":"PropertyValueSpecification","valueRequired":true,"valueName":"search_term_string"}}],"inLanguage":"es"},{"@type":"Person","@id":"https:\/\/interamerica.org\/es\/#\/schema\/person\/68ede8bdc292885bb76c1e3810e73c39","name":"Lorenzo Verduzco","image":{"@type":"ImageObject","inLanguage":"es","@id":"https:\/\/secure.gravatar.com\/avatar\/fb81a55b6218459490a9c1dc841a34909185b81904c5337b4b27f7a6fd60c49e?s=96&d=mm&r=g","url":"https:\/\/secure.gravatar.com\/avatar\/fb81a55b6218459490a9c1dc841a34909185b81904c5337b4b27f7a6fd60c49e?s=96&d=mm&r=g","contentUrl":"https:\/\/secure.gravatar.com\/avatar\/fb81a55b6218459490a9c1dc841a34909185b81904c5337b4b27f7a6fd60c49e?s=96&d=mm&r=g","caption":"Lorenzo Verduzco"}}]}},"_links":{"self":[{"href":"https:\/\/interamerica.org\/es\/wp-json\/wp\/v2\/posts\/30448","targetHints":{"allow":["GET"]}}],"collection":[{"href":"https:\/\/interamerica.org\/es\/wp-json\/wp\/v2\/posts"}],"about":[{"href":"https:\/\/interamerica.org\/es\/wp-json\/wp\/v2\/types\/post"}],"author":[{"embeddable":true,"href":"https:\/\/interamerica.org\/es\/wp-json\/wp\/v2\/users\/1"}],"replies":[{"embeddable":true,"href":"https:\/\/interamerica.org\/es\/wp-json\/wp\/v2\/comments?post=30448"}],"version-history":[{"count":0,"href":"https:\/\/interamerica.org\/es\/wp-json\/wp\/v2\/posts\/30448\/revisions"}],"wp:featuredmedia":[{"embeddable":true,"href":"https:\/\/interamerica.org\/es\/wp-json\/wp\/v2\/media\/22725"}],"wp:attachment":[{"href":"https:\/\/interamerica.org\/es\/wp-json\/wp\/v2\/media?parent=30448"}],"wp:term":[{"taxonomy":"category","embeddable":true,"href":"https:\/\/interamerica.org\/es\/wp-json\/wp\/v2\/categories?post=30448"},{"taxonomy":"post_tag","embeddable":true,"href":"https:\/\/interamerica.org\/es\/wp-json\/wp\/v2\/tags?post=30448"}],"curies":[{"name":"wp","href":"https:\/\/api.w.org\/{rel}","templated":true}]}}