{"id":30449,"date":"2014-03-12T00:00:00","date_gmt":"2014-03-12T04:00:00","guid":{"rendered":"http:\/\/192.81.217.108\/interamerica\/2014\/03\/interamerica-en-evento-por-internet-lideres-explican-las-realidades-del-campo-a-los-alumnos-de-teologia\/"},"modified":"2014-03-12T00:00:00","modified_gmt":"2014-03-12T04:00:00","slug":"interamerica-en-evento-por-internet-lideres-explican-las-realidades-del-campo-a-los-alumnos-de-teologia","status":"publish","type":"post","link":"https:\/\/interamerica.org\/es\/2014\/03\/interamerica-en-evento-por-internet-lideres-explican-las-realidades-del-campo-a-los-alumnos-de-teologia\/","title":{"rendered":"Interam\u00e9rica: En evento por Internet, l\u00edderes explican las realidades del campo a los alumnos de teolog\u00eda"},"content":{"rendered":"<p>11 de marzo de 2014 \u2013 Miami, Florida, Estados Unidos&#8230;Libna Stevens\/DIA<\/p>\n<div id=\"attachment_10935\" style=\"width: 325px\" class=\"wp-caption alignleft\"><a href=\"\/interamerica\/wp-content\/uploads\/2017\/06\/UM-theology.png\" rel=\"fancybox\" title=\"Interam\u00e9rica: En evento por Internet, l\u00edderes explican las realidades del campo a los alumnos de teolog\u00eda\"><img fetchpriority=\"high\" decoding=\"async\" aria-describedby=\"caption-attachment-10935\" class=\"size-full wp-image-10935\" src=\"\/interamerica\/wp-content\/uploads\/2017\/06\/UM-theology.png\" alt=\"\" width=\"315\" height=\"210\" \/><\/a><p id=\"caption-attachment-10935\" class=\"wp-caption-text\">Junto con los administradores de la Universidad de Montemorelos, los l\u00edderes de la Divisi\u00f3n Interamericana lanzan el primer consejo consultivo por Internet de la Iglesia Adventista para los estudiantes de teolog\u00eda pr\u00f3ximos a graduarse, en un evento de dos horas que se llev\u00f3 a cabo el pasado 4 de marzo de 2014 desde el campus de la Universidad de Montemorelos en la regi\u00f3n Norte de M\u00e9xico. Im\u00e1genes de Benjam\u00edn Garc\u00eda\/DIA<\/p><\/div>\n<p>Los estudiantes de teolog\u00eda pr\u00f3ximos a graduarse en toda la Divisi\u00f3n Interamericana tuvieron la oportunidad de escuchar la semana pasada a los l\u00edderes de la iglesia durante una charla por Internet que trat\u00f3 las realidades que los aguardan al ingresar al campo a pastorear las congregaciones.<\/p>\n<p>El di\u00e1logo por Internet de dos horas de duraci\u00f3n, que fue transmitido desde el campus de la Universidad de Montemorelos en M\u00e9xico el pasado 4 de marzo de 2014, busc\u00f3 explicar a unos 320 estudiantes que prontos ser\u00e1n ministros y que provienen de las doce universidades de la Divisi\u00f3n Interamericana, soobre la iglesia y su actual din\u00e1mica, reflexionar sobre el llamado al ministerio, brindar consejos sobre c\u00f3mo enfrentar las situaciones que se presenten a las que pronto ser\u00e1n esposas de pastor, y desafiar a la pareja a que fomente un compromiso inquebrantable con el cumplimiento de la misi\u00f3n de la iglesia, dijeron los organizadores.<\/p>\n<p>\u00abUstedes est\u00e1n aqu\u00ed porque Dios los ha llamado\u00bb, dijo el pastor H\u00e9ctor S\u00e1nchez, secretario ministerial de la Iglesia Adventista en Interam\u00e9rica y principal organizador del evento. \u00abTienen que estar seguros en primer y primordial lugar sobre vuestro llamado al ministerio\u00bb.<\/p>\n<div id=\"attachment_10933\" style=\"width: 325px\" class=\"wp-caption alignleft\"><a href=\"\/interamerica\/wp-content\/uploads\/2017\/06\/HSanchez-theology.png\" rel=\"fancybox\" title=\"Interam\u00e9rica: En evento por Internet, l\u00edderes explican las realidades del campo a los alumnos de teolog\u00eda\"><img decoding=\"async\" aria-describedby=\"caption-attachment-10933\" class=\"size-full wp-image-10933\" src=\"\/interamerica\/wp-content\/uploads\/2017\/06\/HSanchez-theology.png\" alt=\"\" width=\"315\" height=\"238\" \/><\/a><p id=\"caption-attachment-10933\" class=\"wp-caption-text\">El pastor H\u00e9ctor S\u00e1nchez, secretario ministerial de la DIA, record\u00f3 a unos 320 estudiantes que pronto ser\u00e1n ministros provenientes de las doce universidades de la Iglesia Adventista en Interam\u00e9rica que tienen que estar seguros de su llamado y buscar un renovado reavivamiento espiritual diario en sus vidas.<\/p><\/div>\n<p>Ese llamado requiere autom\u00e1ticamente una dependencia total de Dios, explic\u00f3 S\u00e1nchez.<\/p>\n<p>\u00abUstedes no necesitan ser extraordinarios, pero s\u00ed tienen que ser hombres consagrados, unidos con Dios por un renovado reavivamiento espiritual diario en sus vidas\u00bb, a\u00f1adi\u00f3.<\/p>\n<p>\u00abEl reavivamiento espiritual diario les permitir\u00e1 vivir y respirar la iglesia en Interam\u00e9rica, trabajando juntos con una fuerza inspirada de laicos que laboran incansablemente para traer m\u00e1s de doscientos mil nuevos miembros a la iglesia cada a\u00f1o\u00bb, a\u00f1adi\u00f3 S\u00e1nchez.<\/p>\n<p>La teolog\u00eda no es una profesi\u00f3n, dijo el pastor Melchor Ferreyra, director de ministerios personales y Escuela Sab\u00e1tica de la iglesia en Interam\u00e9rica, durante un segmento inicial de discusi\u00f3n. \u00abLa teolog\u00eda tampoco es una vocaci\u00f3n, sino un llamado y, m\u00e1s que un llamado, es una elecci\u00f3n de parte de Dios\u00bb.<\/p>\n<p>Ese llamado tambi\u00e9n se extiende a la esposa del pastor, dijeron los l\u00edderes.<\/p>\n<div id=\"attachment_10934\" style=\"width: 325px\" class=\"wp-caption alignright\"><a href=\"\/interamerica\/wp-content\/uploads\/2017\/06\/Leticia-theology.png\" rel=\"fancybox\" title=\"Interam\u00e9rica: En evento por Internet, l\u00edderes explican las realidades del campo a los alumnos de teolog\u00eda\"><img decoding=\"async\" aria-describedby=\"caption-attachment-10934\" class=\"size-full wp-image-10934\" src=\"\/interamerica\/wp-content\/uploads\/2017\/06\/Leticia-theology.png\" alt=\"\" width=\"315\" height=\"217\" \/><\/a><p id=\"caption-attachment-10934\" class=\"wp-caption-text\">Leticia De Los Santos, coordinadora de SIEMA para la Divisi\u00f3n Interamericana aconsej\u00f3 a las futuras esposas de pastor dici\u00e9ndoles que tienen que experimentar el mismo llamado para hacer que el ministerio pastoral sea m\u00e1s gozoso y fruct\u00edfero.<\/p><\/div>\n<p>\u201cLa esposa del pastor tiene que experimentar el mismo llamado porque si no lo hace, su vida en el ministerio no ser\u00e1 un gozo\u00bb, dijo Leticia De Los Santos, coordinadora de SIEMA internacional para Interam\u00e9rica.<\/p>\n<p>\u00abLa iglesia es un lugar con muchas necesidades, y el Se\u00f1or quiere que tengan un hogar s\u00f3lido\u00bb, a\u00f1adi\u00f3 al dirigirse durante el evento por Internet a las que pronto ser\u00e1n esposas de pastor.<\/p>\n<p>Seg\u00fan De Los Santos, la esposa de un pastor tiene que amar a Dios con todo su coraz\u00f3n, amar a su esposo y estar comprometida con \u00e9l, y amar a la iglesia que lo acompa\u00f1a.<\/p>\n<p>El pastor Balvin Braham, director asociado de la asociaci\u00f3n ministerial para Interam\u00e9rica, desafi\u00f3 a los estudiantes de teolog\u00eda para que mantengan vivo el entusiasmo por Dios y la iglesia en su ministerio.<\/p>\n<p>\u00abVuestra pasi\u00f3n deber\u00eda ser predicar la Palabra, vivir la Palabra, estudiar la Palabra y alimentarse de la Palabra con una pasi\u00f3n por las almas\u00bb, dijo Braham. Braham les record\u00f3 que la tarea del pastor es hacer crecer la iglesia, consolidar a los creyentes, alimentar a los creyentes y estimular el gozo de la salvaci\u00f3n.<\/p>\n<div id=\"attachment_10936\" style=\"width: 325px\" class=\"wp-caption alignleft\"><a href=\"\/interamerica\/wp-content\/uploads\/2017\/06\/BB-Theologyadvisory.png\" rel=\"fancybox\" title=\"Interam\u00e9rica: En evento por Internet, l\u00edderes explican las realidades del campo a los alumnos de teolog\u00eda\"><img loading=\"lazy\" decoding=\"async\" aria-describedby=\"caption-attachment-10936\" class=\"size-full wp-image-10936\" src=\"\/interamerica\/wp-content\/uploads\/2017\/06\/BB-Theologyadvisory.png\" alt=\"\" width=\"315\" height=\"214\" \/><\/a><p id=\"caption-attachment-10936\" class=\"wp-caption-text\">El pastor Balvin Braham (derecha), director ministerial asociado de la DIA, desaf\u00eda a los estudiantes de teolog\u00eda para que mantengan el entusiasmo por Dios y la iglesia a lo largo de todo su ministerio, mientras el doctor Jaime Castrej\u00f3n (izquierda), presidente del Seminario Teol\u00f3gico Interamericano, traduce el mensaje.<\/p><\/div>\n<p>Ese crecimiento no es necesariamente num\u00e9rico, dijo Ferreyra. \u00abEl crecimiento de la iglesia tiene que ver con las vidas transformadas por el poder del evangelio\u00bb, expres\u00f3. \u00abCuando se grad\u00faen, recuerden que no tiene que ver con las t\u00e9cnicas o m\u00e9todos que han aprendido para liderar la iglesia, sino con las vidas que son transformadas por el poder de Cristo\u00bb.<\/p>\n<p>Entre las preguntas que formularon los estudiantes de teolog\u00eda estuvieron el papel del pastor respecto de su esposa, la funci\u00f3n de la esposa del pastor en los cultos de la iglesia, y las necesidades f\u00edsicas y psicol\u00f3gicas del pastor y su familia, entre otras.<\/p>\n<p>Para ser un pastor de \u00e9xito, dijo el pastor S\u00e1nchez, tienen que estar seguros de su llamado, tienen que ser buenos predicadores de la Palabra de Dios, y como pastores, ustedes tienen que oler las ovejas: tienen que visitar, alimentar y buscar a las del reba\u00f1o que sufren y est\u00e1n necesitadas\u00bb.<\/p>\n<p>Ese consejo fue dado como un desaf\u00edo y un compromiso con el amor por las almas que V\u00edctor Florez, de Tabasco, M\u00e9xico, siempre ha sentido. A Florez le faltan solo unos pocos meses antes de graduarse del seminario y ya piensa en lo que le espera.<\/p>\n<p>\u00abS\u00e9 que al salir es muy grande la misi\u00f3n que hay que cumplir, pero el Esp\u00edritu Santo nos equipar\u00e1 cada d\u00eda para servir en la tarea de alcanzar a las almas para su reino\u00bb, dijo Florez. Patricia Vazquez, su esposa desde hace dos a\u00f1os, est\u00e1 completando este a\u00f1o el cuarto a\u00f1o de medicina. Vazquez se sinti\u00f3 impresionada con lo que ha aprendido durante el evento en relaci\u00f3n con el papel que juega la esposa del pastor.<\/p>\n<div id=\"attachment_10938\" style=\"width: 325px\" class=\"wp-caption alignleft\"><a href=\"\/interamerica\/wp-content\/uploads\/2017\/06\/UM-theologycouple.png\" rel=\"fancybox\" title=\"Interam\u00e9rica: En evento por Internet, l\u00edderes explican las realidades del campo a los alumnos de teolog\u00eda\"><img loading=\"lazy\" decoding=\"async\" aria-describedby=\"caption-attachment-10938\" class=\"size-full wp-image-10938\" src=\"\/interamerica\/wp-content\/uploads\/2017\/06\/UM-theologycouple.png\" alt=\"\" width=\"315\" height=\"221\" \/><\/a><p id=\"caption-attachment-10938\" class=\"wp-caption-text\">El estudiante de teolog\u00eda V\u00edctor Florez y su esposa Patricia, estudiante de medicina en la Universidad de Montemorelos, de Tabasco, M\u00e9xico, pronto se graduar\u00e1n, y est\u00e1n entusiasmados de servir y cumplir la misi\u00f3n de la iglesia como matrimonio pastoral.<\/p><\/div>\n<p>\u201cNo tiene que ver con lo que espera la iglesia de una como esposa de pastor sino con los talentos particulares que una posee como esposa que pueden enriquecer a la iglesia, recordando al mismo tiempo que en primer lugar una es la esposa del pastor, no de la iglesia\u00bb, dijo Vazquez. \u00abA\u00fan no me siento preparada, pero s\u00e9 que Dios nos preparar\u00e1 para servirle mejor cada d\u00eda\u00bb.<\/p>\n<p>Ismael Cortez, un estudiante de cuarto a\u00f1o de teolog\u00eda en la Universidad de Montemorelos procedente de Colombia se sinti\u00f3 entusiasmado de escuchar hablar a los principales l\u00edderes de la Divisi\u00f3n Interamericana sobre las realidades que enfrentar\u00e1n al salir al campo\u00bb.<\/p>\n<p>\u00abMe preocupan los desaf\u00edos que nos aguardan, pero al mismo tiempo me siento feliz al pensar en la misi\u00f3n que nos espera\u00bb, dijo Cortez. \u00abQuiero servir a Dios y darle lo mejor, sabiendo que cada d\u00eda tengo que desarrollar una relaci\u00f3n m\u00e1s cercana con Cristo, a fin de poder ser un pastor efectivo\u00bb.<\/p>\n<p>La iglesia de Interam\u00e9rica busca pastores buenos y efectivos en su tarea continua de invertir en ofrecer apoyo y recursos a los m\u00e1s de 3200 ministros que est\u00e1n al frente de unas 19 mil iglesias y congregaciones a lo largo y lo ancho del territorio, dijeron los l\u00edderes.<\/p>\n<p>\u00abCuando los pastores salgan al campo, muchos tendr\u00e1n que afincarse en lugares remotos, y estar al frente de varias congregaciones y comenzar una familia mientras adquieren las habilidades b\u00e1sicas del ministerio\u00bb, dijo S\u00e1nchez. \u00abQueremos seguir dialogando con los estudiantes de teolog\u00eda pr\u00f3ximos a graduarse, brind\u00e1ndoles m\u00e1s orientaci\u00f3n en la tarea de guiar a la iglesia tanto en el presente como en el futuro\u00bb.<\/p>\n<p>Los l\u00edderes de la Divisi\u00f3n Interamericana ya est\u00e1n planeando dedicar 2015 como el A\u00f1o del Pastor, en celebraci\u00f3n del compromiso y servicio que los pastores y sus familias ofrecen en todo el territorio.<\/p>\n<p>Si desea m\u00e1s informaci\u00f3n sobre la Divisi\u00f3n Interamericana y sus programas e iniciativas, vis\u00edtenos en\u00a0<a href=\"www.interamerica.org\">interamerica.org<\/a><\/p>\n<p><em>Benjam\u00edn Garc\u00eda contribuy\u00f3 con este informe.<\/em><\/p>\n<p><em>Traducci\u00f3n de Marcos Paseggi<\/em><\/p>\n","protected":false},"excerpt":{"rendered":"<p>Los estudiantes de teolog\u00eda pr\u00f3ximos a graduarse en toda la Divisi\u00f3n Interamericana tuvieron la oportunidad de escuchar la semana pasada a los l\u00edderes de la iglesia durante una charla por Internet que trat\u00f3 las realidades que los aguardan al ingresar al campo a pastorear las congregaciones.<\/p>\n","protected":false},"author":1,"featured_media":22729,"comment_status":"closed","ping_status":"closed","sticky":false,"template":"","format":"standard","meta":{"_acf_changed":false,"footnotes":""},"categories":[16],"tags":[],"class_list":["post-30449","post","type-post","status-publish","format-standard","has-post-thumbnail","hentry","category-desde-la-sede"],"acf":[],"yoast_head":"<!-- This site is optimized with the Yoast SEO plugin v27.3 - https:\/\/yoast.com\/product\/yoast-seo-wordpress\/ -->\n<title>Interam\u00e9rica: En evento por Internet, l\u00edderes explican las realidades del campo a los alumnos de teolog\u00eda - Iglesia Adventista del S\u00e9ptimo D\u00eda - Divisi\u00f3n Interamericana<\/title>\n<meta name=\"robots\" content=\"index, follow, max-snippet:-1, max-image-preview:large, max-video-preview:-1\" \/>\n<link rel=\"canonical\" href=\"https:\/\/interamerica.org\/es\/2014\/03\/interamerica-en-evento-por-internet-lideres-explican-las-realidades-del-campo-a-los-alumnos-de-teologia\/\" \/>\n<meta property=\"og:locale\" content=\"es_ES\" \/>\n<meta property=\"og:type\" content=\"article\" \/>\n<meta property=\"og:title\" content=\"Interam\u00e9rica: En evento por Internet, l\u00edderes explican las realidades del campo a los alumnos de teolog\u00eda - Iglesia Adventista del S\u00e9ptimo D\u00eda - Divisi\u00f3n Interamericana\" \/>\n<meta property=\"og:description\" content=\"Los estudiantes de teolog\u00eda pr\u00f3ximos a graduarse en toda la Divisi\u00f3n Interamericana tuvieron la oportunidad de escuchar la semana pasada a los l\u00edderes de la iglesia durante una charla por Internet que trat\u00f3 las realidades que los aguardan al ingresar al campo a pastorear las congregaciones.\" \/>\n<meta property=\"og:url\" content=\"https:\/\/interamerica.org\/es\/2014\/03\/interamerica-en-evento-por-internet-lideres-explican-las-realidades-del-campo-a-los-alumnos-de-teologia\/\" \/>\n<meta property=\"og:site_name\" content=\"Iglesia Adventista del S\u00e9ptimo D\u00eda - Divisi\u00f3n Interamericana\" \/>\n<meta property=\"article:published_time\" content=\"2014-03-12T04:00:00+00:00\" \/>\n<meta property=\"og:image\" content=\"https:\/\/interamerica.org\/wp-content\/uploads\/2017\/06\/Theology-smallcover.png\" \/>\n\t<meta property=\"og:image:width\" content=\"300\" \/>\n\t<meta property=\"og:image:height\" content=\"184\" \/>\n\t<meta property=\"og:image:type\" content=\"image\/png\" \/>\n<meta name=\"author\" content=\"Lorenzo Verduzco\" \/>\n<meta name=\"twitter:card\" content=\"summary_large_image\" \/>\n<meta name=\"twitter:label1\" content=\"Escrito por\" \/>\n\t<meta name=\"twitter:data1\" content=\"Lorenzo Verduzco\" \/>\n\t<meta name=\"twitter:label2\" content=\"Tiempo de lectura\" \/>\n\t<meta name=\"twitter:data2\" content=\"8 minutos\" \/>\n<script type=\"application\/ld+json\" class=\"yoast-schema-graph\">{\"@context\":\"https:\\\/\\\/schema.org\",\"@graph\":[{\"@type\":\"Article\",\"@id\":\"https:\\\/\\\/interamerica.org\\\/es\\\/2014\\\/03\\\/interamerica-en-evento-por-internet-lideres-explican-las-realidades-del-campo-a-los-alumnos-de-teologia\\\/#article\",\"isPartOf\":{\"@id\":\"https:\\\/\\\/interamerica.org\\\/es\\\/2014\\\/03\\\/interamerica-en-evento-por-internet-lideres-explican-las-realidades-del-campo-a-los-alumnos-de-teologia\\\/\"},\"author\":{\"name\":\"Lorenzo Verduzco\",\"@id\":\"https:\\\/\\\/interamerica.org\\\/es\\\/#\\\/schema\\\/person\\\/68ede8bdc292885bb76c1e3810e73c39\"},\"headline\":\"Interam\u00e9rica: En evento por Internet, l\u00edderes explican las realidades del campo a los alumnos de teolog\u00eda\",\"datePublished\":\"2014-03-12T04:00:00+00:00\",\"mainEntityOfPage\":{\"@id\":\"https:\\\/\\\/interamerica.org\\\/es\\\/2014\\\/03\\\/interamerica-en-evento-por-internet-lideres-explican-las-realidades-del-campo-a-los-alumnos-de-teologia\\\/\"},\"wordCount\":1557,\"image\":{\"@id\":\"https:\\\/\\\/interamerica.org\\\/es\\\/2014\\\/03\\\/interamerica-en-evento-por-internet-lideres-explican-las-realidades-del-campo-a-los-alumnos-de-teologia\\\/#primaryimage\"},\"thumbnailUrl\":\"https:\\\/\\\/interamerica.org\\\/wp-content\\\/uploads\\\/2017\\\/06\\\/Theology-smallcover.png\",\"articleSection\":[\"Desde la sede\"],\"inLanguage\":\"es\"},{\"@type\":\"WebPage\",\"@id\":\"https:\\\/\\\/interamerica.org\\\/es\\\/2014\\\/03\\\/interamerica-en-evento-por-internet-lideres-explican-las-realidades-del-campo-a-los-alumnos-de-teologia\\\/\",\"url\":\"https:\\\/\\\/interamerica.org\\\/es\\\/2014\\\/03\\\/interamerica-en-evento-por-internet-lideres-explican-las-realidades-del-campo-a-los-alumnos-de-teologia\\\/\",\"name\":\"Interam\u00e9rica: En evento por Internet, l\u00edderes explican las realidades del campo a los alumnos de teolog\u00eda - Iglesia Adventista del S\u00e9ptimo D\u00eda - Divisi\u00f3n Interamericana\",\"isPartOf\":{\"@id\":\"https:\\\/\\\/interamerica.org\\\/es\\\/#website\"},\"primaryImageOfPage\":{\"@id\":\"https:\\\/\\\/interamerica.org\\\/es\\\/2014\\\/03\\\/interamerica-en-evento-por-internet-lideres-explican-las-realidades-del-campo-a-los-alumnos-de-teologia\\\/#primaryimage\"},\"image\":{\"@id\":\"https:\\\/\\\/interamerica.org\\\/es\\\/2014\\\/03\\\/interamerica-en-evento-por-internet-lideres-explican-las-realidades-del-campo-a-los-alumnos-de-teologia\\\/#primaryimage\"},\"thumbnailUrl\":\"https:\\\/\\\/interamerica.org\\\/wp-content\\\/uploads\\\/2017\\\/06\\\/Theology-smallcover.png\",\"datePublished\":\"2014-03-12T04:00:00+00:00\",\"author\":{\"@id\":\"https:\\\/\\\/interamerica.org\\\/es\\\/#\\\/schema\\\/person\\\/68ede8bdc292885bb76c1e3810e73c39\"},\"breadcrumb\":{\"@id\":\"https:\\\/\\\/interamerica.org\\\/es\\\/2014\\\/03\\\/interamerica-en-evento-por-internet-lideres-explican-las-realidades-del-campo-a-los-alumnos-de-teologia\\\/#breadcrumb\"},\"inLanguage\":\"es\",\"potentialAction\":[{\"@type\":\"ReadAction\",\"target\":[\"https:\\\/\\\/interamerica.org\\\/es\\\/2014\\\/03\\\/interamerica-en-evento-por-internet-lideres-explican-las-realidades-del-campo-a-los-alumnos-de-teologia\\\/\"]}]},{\"@type\":\"ImageObject\",\"inLanguage\":\"es\",\"@id\":\"https:\\\/\\\/interamerica.org\\\/es\\\/2014\\\/03\\\/interamerica-en-evento-por-internet-lideres-explican-las-realidades-del-campo-a-los-alumnos-de-teologia\\\/#primaryimage\",\"url\":\"https:\\\/\\\/interamerica.org\\\/wp-content\\\/uploads\\\/2017\\\/06\\\/Theology-smallcover.png\",\"contentUrl\":\"https:\\\/\\\/interamerica.org\\\/wp-content\\\/uploads\\\/2017\\\/06\\\/Theology-smallcover.png\",\"width\":300,\"height\":184},{\"@type\":\"BreadcrumbList\",\"@id\":\"https:\\\/\\\/interamerica.org\\\/es\\\/2014\\\/03\\\/interamerica-en-evento-por-internet-lideres-explican-las-realidades-del-campo-a-los-alumnos-de-teologia\\\/#breadcrumb\",\"itemListElement\":[{\"@type\":\"ListItem\",\"position\":1,\"name\":\"Home\",\"item\":\"https:\\\/\\\/interamerica.org\\\/es\\\/\"},{\"@type\":\"ListItem\",\"position\":2,\"name\":\"Interam\u00e9rica: En evento por Internet, l\u00edderes explican las realidades del campo a los alumnos de teolog\u00eda\"}]},{\"@type\":\"WebSite\",\"@id\":\"https:\\\/\\\/interamerica.org\\\/es\\\/#website\",\"url\":\"https:\\\/\\\/interamerica.org\\\/es\\\/\",\"name\":\"Iglesia Adventista del S\u00e9ptimo D\u00eda - Divisi\u00f3n Interamericana\",\"description\":\"\",\"potentialAction\":[{\"@type\":\"SearchAction\",\"target\":{\"@type\":\"EntryPoint\",\"urlTemplate\":\"https:\\\/\\\/interamerica.org\\\/es\\\/?s={search_term_string}\"},\"query-input\":{\"@type\":\"PropertyValueSpecification\",\"valueRequired\":true,\"valueName\":\"search_term_string\"}}],\"inLanguage\":\"es\"},{\"@type\":\"Person\",\"@id\":\"https:\\\/\\\/interamerica.org\\\/es\\\/#\\\/schema\\\/person\\\/68ede8bdc292885bb76c1e3810e73c39\",\"name\":\"Lorenzo Verduzco\",\"image\":{\"@type\":\"ImageObject\",\"inLanguage\":\"es\",\"@id\":\"https:\\\/\\\/secure.gravatar.com\\\/avatar\\\/fb81a55b6218459490a9c1dc841a34909185b81904c5337b4b27f7a6fd60c49e?s=96&d=mm&r=g\",\"url\":\"https:\\\/\\\/secure.gravatar.com\\\/avatar\\\/fb81a55b6218459490a9c1dc841a34909185b81904c5337b4b27f7a6fd60c49e?s=96&d=mm&r=g\",\"contentUrl\":\"https:\\\/\\\/secure.gravatar.com\\\/avatar\\\/fb81a55b6218459490a9c1dc841a34909185b81904c5337b4b27f7a6fd60c49e?s=96&d=mm&r=g\",\"caption\":\"Lorenzo Verduzco\"}}]}<\/script>\n<!-- \/ Yoast SEO plugin. -->","yoast_head_json":{"title":"Interam\u00e9rica: En evento por Internet, l\u00edderes explican las realidades del campo a los alumnos de teolog\u00eda - Iglesia Adventista del S\u00e9ptimo D\u00eda - Divisi\u00f3n Interamericana","robots":{"index":"index","follow":"follow","max-snippet":"max-snippet:-1","max-image-preview":"max-image-preview:large","max-video-preview":"max-video-preview:-1"},"canonical":"https:\/\/interamerica.org\/es\/2014\/03\/interamerica-en-evento-por-internet-lideres-explican-las-realidades-del-campo-a-los-alumnos-de-teologia\/","og_locale":"es_ES","og_type":"article","og_title":"Interam\u00e9rica: En evento por Internet, l\u00edderes explican las realidades del campo a los alumnos de teolog\u00eda - Iglesia Adventista del S\u00e9ptimo D\u00eda - Divisi\u00f3n Interamericana","og_description":"Los estudiantes de teolog\u00eda pr\u00f3ximos a graduarse en toda la Divisi\u00f3n Interamericana tuvieron la oportunidad de escuchar la semana pasada a los l\u00edderes de la iglesia durante una charla por Internet que trat\u00f3 las realidades que los aguardan al ingresar al campo a pastorear las congregaciones.","og_url":"https:\/\/interamerica.org\/es\/2014\/03\/interamerica-en-evento-por-internet-lideres-explican-las-realidades-del-campo-a-los-alumnos-de-teologia\/","og_site_name":"Iglesia Adventista del S\u00e9ptimo D\u00eda - Divisi\u00f3n Interamericana","article_published_time":"2014-03-12T04:00:00+00:00","og_image":[{"width":300,"height":184,"url":"https:\/\/interamerica.org\/wp-content\/uploads\/2017\/06\/Theology-smallcover.png","type":"image\/png"}],"author":"Lorenzo Verduzco","twitter_card":"summary_large_image","twitter_misc":{"Escrito por":"Lorenzo Verduzco","Tiempo de lectura":"8 minutos"},"schema":{"@context":"https:\/\/schema.org","@graph":[{"@type":"Article","@id":"https:\/\/interamerica.org\/es\/2014\/03\/interamerica-en-evento-por-internet-lideres-explican-las-realidades-del-campo-a-los-alumnos-de-teologia\/#article","isPartOf":{"@id":"https:\/\/interamerica.org\/es\/2014\/03\/interamerica-en-evento-por-internet-lideres-explican-las-realidades-del-campo-a-los-alumnos-de-teologia\/"},"author":{"name":"Lorenzo Verduzco","@id":"https:\/\/interamerica.org\/es\/#\/schema\/person\/68ede8bdc292885bb76c1e3810e73c39"},"headline":"Interam\u00e9rica: En evento por Internet, l\u00edderes explican las realidades del campo a los alumnos de teolog\u00eda","datePublished":"2014-03-12T04:00:00+00:00","mainEntityOfPage":{"@id":"https:\/\/interamerica.org\/es\/2014\/03\/interamerica-en-evento-por-internet-lideres-explican-las-realidades-del-campo-a-los-alumnos-de-teologia\/"},"wordCount":1557,"image":{"@id":"https:\/\/interamerica.org\/es\/2014\/03\/interamerica-en-evento-por-internet-lideres-explican-las-realidades-del-campo-a-los-alumnos-de-teologia\/#primaryimage"},"thumbnailUrl":"https:\/\/interamerica.org\/wp-content\/uploads\/2017\/06\/Theology-smallcover.png","articleSection":["Desde la sede"],"inLanguage":"es"},{"@type":"WebPage","@id":"https:\/\/interamerica.org\/es\/2014\/03\/interamerica-en-evento-por-internet-lideres-explican-las-realidades-del-campo-a-los-alumnos-de-teologia\/","url":"https:\/\/interamerica.org\/es\/2014\/03\/interamerica-en-evento-por-internet-lideres-explican-las-realidades-del-campo-a-los-alumnos-de-teologia\/","name":"Interam\u00e9rica: En evento por Internet, l\u00edderes explican las realidades del campo a los alumnos de teolog\u00eda - Iglesia Adventista del S\u00e9ptimo D\u00eda - Divisi\u00f3n Interamericana","isPartOf":{"@id":"https:\/\/interamerica.org\/es\/#website"},"primaryImageOfPage":{"@id":"https:\/\/interamerica.org\/es\/2014\/03\/interamerica-en-evento-por-internet-lideres-explican-las-realidades-del-campo-a-los-alumnos-de-teologia\/#primaryimage"},"image":{"@id":"https:\/\/interamerica.org\/es\/2014\/03\/interamerica-en-evento-por-internet-lideres-explican-las-realidades-del-campo-a-los-alumnos-de-teologia\/#primaryimage"},"thumbnailUrl":"https:\/\/interamerica.org\/wp-content\/uploads\/2017\/06\/Theology-smallcover.png","datePublished":"2014-03-12T04:00:00+00:00","author":{"@id":"https:\/\/interamerica.org\/es\/#\/schema\/person\/68ede8bdc292885bb76c1e3810e73c39"},"breadcrumb":{"@id":"https:\/\/interamerica.org\/es\/2014\/03\/interamerica-en-evento-por-internet-lideres-explican-las-realidades-del-campo-a-los-alumnos-de-teologia\/#breadcrumb"},"inLanguage":"es","potentialAction":[{"@type":"ReadAction","target":["https:\/\/interamerica.org\/es\/2014\/03\/interamerica-en-evento-por-internet-lideres-explican-las-realidades-del-campo-a-los-alumnos-de-teologia\/"]}]},{"@type":"ImageObject","inLanguage":"es","@id":"https:\/\/interamerica.org\/es\/2014\/03\/interamerica-en-evento-por-internet-lideres-explican-las-realidades-del-campo-a-los-alumnos-de-teologia\/#primaryimage","url":"https:\/\/interamerica.org\/wp-content\/uploads\/2017\/06\/Theology-smallcover.png","contentUrl":"https:\/\/interamerica.org\/wp-content\/uploads\/2017\/06\/Theology-smallcover.png","width":300,"height":184},{"@type":"BreadcrumbList","@id":"https:\/\/interamerica.org\/es\/2014\/03\/interamerica-en-evento-por-internet-lideres-explican-las-realidades-del-campo-a-los-alumnos-de-teologia\/#breadcrumb","itemListElement":[{"@type":"ListItem","position":1,"name":"Home","item":"https:\/\/interamerica.org\/es\/"},{"@type":"ListItem","position":2,"name":"Interam\u00e9rica: En evento por Internet, l\u00edderes explican las realidades del campo a los alumnos de teolog\u00eda"}]},{"@type":"WebSite","@id":"https:\/\/interamerica.org\/es\/#website","url":"https:\/\/interamerica.org\/es\/","name":"Iglesia Adventista del S\u00e9ptimo D\u00eda - Divisi\u00f3n Interamericana","description":"","potentialAction":[{"@type":"SearchAction","target":{"@type":"EntryPoint","urlTemplate":"https:\/\/interamerica.org\/es\/?s={search_term_string}"},"query-input":{"@type":"PropertyValueSpecification","valueRequired":true,"valueName":"search_term_string"}}],"inLanguage":"es"},{"@type":"Person","@id":"https:\/\/interamerica.org\/es\/#\/schema\/person\/68ede8bdc292885bb76c1e3810e73c39","name":"Lorenzo Verduzco","image":{"@type":"ImageObject","inLanguage":"es","@id":"https:\/\/secure.gravatar.com\/avatar\/fb81a55b6218459490a9c1dc841a34909185b81904c5337b4b27f7a6fd60c49e?s=96&d=mm&r=g","url":"https:\/\/secure.gravatar.com\/avatar\/fb81a55b6218459490a9c1dc841a34909185b81904c5337b4b27f7a6fd60c49e?s=96&d=mm&r=g","contentUrl":"https:\/\/secure.gravatar.com\/avatar\/fb81a55b6218459490a9c1dc841a34909185b81904c5337b4b27f7a6fd60c49e?s=96&d=mm&r=g","caption":"Lorenzo Verduzco"}}]}},"_links":{"self":[{"href":"https:\/\/interamerica.org\/es\/wp-json\/wp\/v2\/posts\/30449","targetHints":{"allow":["GET"]}}],"collection":[{"href":"https:\/\/interamerica.org\/es\/wp-json\/wp\/v2\/posts"}],"about":[{"href":"https:\/\/interamerica.org\/es\/wp-json\/wp\/v2\/types\/post"}],"author":[{"embeddable":true,"href":"https:\/\/interamerica.org\/es\/wp-json\/wp\/v2\/users\/1"}],"replies":[{"embeddable":true,"href":"https:\/\/interamerica.org\/es\/wp-json\/wp\/v2\/comments?post=30449"}],"version-history":[{"count":0,"href":"https:\/\/interamerica.org\/es\/wp-json\/wp\/v2\/posts\/30449\/revisions"}],"wp:featuredmedia":[{"embeddable":true,"href":"https:\/\/interamerica.org\/es\/wp-json\/wp\/v2\/media\/22729"}],"wp:attachment":[{"href":"https:\/\/interamerica.org\/es\/wp-json\/wp\/v2\/media?parent=30449"}],"wp:term":[{"taxonomy":"category","embeddable":true,"href":"https:\/\/interamerica.org\/es\/wp-json\/wp\/v2\/categories?post=30449"},{"taxonomy":"post_tag","embeddable":true,"href":"https:\/\/interamerica.org\/es\/wp-json\/wp\/v2\/tags?post=30449"}],"curies":[{"name":"wp","href":"https:\/\/api.w.org\/{rel}","templated":true}]}}