{"id":30453,"date":"2014-03-15T00:00:00","date_gmt":"2014-03-15T04:00:00","guid":{"rendered":"http:\/\/192.81.217.108\/interamerica\/2014\/03\/puerto-rico-los-comunicadores-son-desafiados-a-expandir-su-mensaje-mas-alla-de-sus-iglesias-y-comunidades\/"},"modified":"2014-03-15T00:00:00","modified_gmt":"2014-03-15T04:00:00","slug":"puerto-rico-los-comunicadores-son-desafiados-a-expandir-su-mensaje-mas-alla-de-sus-iglesias-y-comunidades","status":"publish","type":"post","link":"https:\/\/interamerica.org\/es\/2014\/03\/puerto-rico-los-comunicadores-son-desafiados-a-expandir-su-mensaje-mas-alla-de-sus-iglesias-y-comunidades\/","title":{"rendered":"Puerto Rico: Los comunicadores son desafiados a expandir su mensaje m\u00e1s all\u00e1 de sus iglesias y comunidades."},"content":{"rendered":"<p>13 de marzo de 2014 \u2013 Ponce, Puerto Rico&#8230;.Libna Stevens -DIA<\/p>\n<p>Casi un centenar de personas en la regi\u00f3n sur de Puerto Rico se reunieron la semana pasada para un entrenamiento especial en comunicaci\u00f3n, para afilar sus habilidades en tecnolog\u00eda a fin de lograr un alcance todav\u00eda mayor en sus esfuerzos de dar a conocer las buenas nuevas del evangelio en su comunidad.<\/p>\n<div id=\"attachment_10968\" style=\"width: 325px\" class=\"wp-caption alignleft\"><a href=\"\/interamerica\/wp-content\/uploads\/2017\/06\/EdsonCanqui1.png\" rel=\"fancybox\" title=\"Puerto Rico: Los comunicadores son desafiados a expandir su mensaje m\u00e1s all\u00e1 de sus iglesias y comunidades.\"><img fetchpriority=\"high\" decoding=\"async\" aria-describedby=\"caption-attachment-10968\" class=\"size-full wp-image-10968\" src=\"\/interamerica\/wp-content\/uploads\/2017\/06\/EdsonCanqui1.png\" alt=\"\" width=\"315\" height=\"236\" \/><\/a><p id=\"caption-attachment-10968\" class=\"wp-caption-text\">El Pastor Edson Canqui, director de comunicaci\u00f3n en la regi\u00f3n Sur de Puerto Rico, comparte su visi\u00f3n de establecer y fomentar una red de comunicadores para llevar adelante la misi\u00f3n de la iglesia en la ciudad de Ponce y m\u00e1s all\u00e1, durante el programa de EVANGECom, el 8 de marzo de 2014. Imagen por Libna Stevens -DIA<\/p><\/div>\n<p>El evento, llamado <a href=\"www.evangecom.org\">EVANGECom<\/a>, reuni\u00f3 a miembros de iglesia j\u00f3venes y adultos, cuya pasi\u00f3n es dar a conocer creativamente el mensaje de salvaci\u00f3n, dijo el Pastor Edson Canqui, director de comunicaci\u00f3n de la iglesia en el sur de Puerto Rico.<\/p>\n<p>\u201cEste evento no se realiz\u00f3 simplemente para dar a conocer herramientas e informaci\u00f3n, sino para establecer y fomentar un red de comunicadores que puedan trabajar entusiastamente para expandir la obra de la iglesia en esta parte sur de la isla y m\u00e1s all\u00e1\u201d, explic\u00f3 el director Edson Canqui.<\/p>\n<p>Ponce es justamente la ciudad donde debe expandirse el evangelio, explic\u00f3 el director Canqui. Tiene una poblaci\u00f3n de m\u00e1s de 152,000, habitantes y es la segunda ciudad m\u00e1s grande en la isla. Cuenta con 33 iglesias adventistas del s\u00e9ptimo d\u00eda y 2,300 miembros de iglesia.<br \/>\nSe debe echar mano de la creatividad a fin de apelar a m\u00e1s personas que necesitan de Dios, continu\u00f3 diciendo.<\/p>\n<p>\u201cT\u00fa eres parte de esta iglesia que debe extender sus manos m\u00e1s y m\u00e1s hacia los dem\u00e1s\u201d, dijo tambi\u00e9n. \u201cSe trata de ir m\u00e1s all\u00e1 de los muros de la iglesia y m\u00e1s all\u00e1 de la comunidad local\u201d.<br \/>\n\u201cDios te est\u00e1 permitiendo actualmente llegar a m\u00e1s lugares\u201d, a\u00f1adi\u00f3. \u201cY puedes llegar mucho m\u00e1s lejos usando tu creatividad al compartir este mensaje de esperanza, si pones tus dones y talentos al servicio de Dios\u201d, fue su desaf\u00edo.<br \/>\nEl fomentar la creaci\u00f3n de una red de comunicadores en toda la isla, es una iniciativa en la que los dirigentes de la iglesia han estado invirtiendo durante los \u00faltimos dos a\u00f1os, dijo el Pastor Julio Javier, director de comunicaci\u00f3n de la iglesia en Puerto Rico.<\/p>\n<p>EVANGECom es el tercer programa regional de entrenamiento en comunicaci\u00f3n apoyado por la iglesia de la isla, dijo el Pastor Javier, y uno que representa el impacto necesario que puede enriquecer todav\u00eda m\u00e1s a la iglesia.<\/p>\n<div id=\"attachment_10973\" style=\"width: 325px\" class=\"wp-caption alignleft\"><a href=\"\/interamerica\/wp-content\/uploads\/2017\/06\/JulioJavier.png\" rel=\"fancybox\" title=\"Puerto Rico: Los comunicadores son desafiados a expandir su mensaje m\u00e1s all\u00e1 de sus iglesias y comunidades.\"><img decoding=\"async\" aria-describedby=\"caption-attachment-10973\" class=\"size-full wp-image-10973\" src=\"\/interamerica\/wp-content\/uploads\/2017\/06\/JulioJavier.png\" alt=\"\" width=\"315\" height=\"241\" \/><\/a><p id=\"caption-attachment-10973\" class=\"wp-caption-text\">El director de Comunicaci\u00f3n de la iglesia en Puerto Rico, Pastor Julio Javier, desaf\u00eda al casi centenar de comunicadores a ser parte de la creaci\u00f3n de nuevos y diferentes conceptos en la utilizaci\u00f3n de todos los medios de comunicaci\u00f3n disponibles, en las calles, en las comunidades y en la Internet. Imagen por Israel Rodr\u00edguez -DIA<\/p><\/div>\n<p>\u201cDeseamos que nuestros comunicadores crean en este departamento de comunicaci\u00f3n, que sean parte de la creaci\u00f3n de nuevos y diferentes conceptos, utilizando todos los medios de comunicaci\u00f3n posibles en las calles, las comunidades y en la Internet, porque tenemos un maravilloso mensaje que debemos dar a conocer al mundo\u201d, dijo el Pastor Javier.<\/p>\n<p>El hambre de servicio se ha hecho evidente en el sur de Puerto Rico, la m\u00e1s peque\u00f1a secci\u00f3n de constituyente de la iglesia, dentro de las cuatro en la isla, a\u00f1adi\u00f3 el Pastor Javier. Sin embargo, es la que cuenta con un grupo medular de voluntarios que han creado y mantenido una cuenta Facebook con el mayor tr\u00e1fico en la isla, comparada con las otras cuentas de las redes sociales de comunicaci\u00f3n de la iglesia, dijeron los organizadores.<br \/>\nA\u00edda Gonz\u00e1lez, de la Iglesia Adventista 5 de Ponce, forma parte de este grupo central de j\u00f3venes de la regi\u00f3n sur de Puerto Rico, quien se deleita en servir a su iglesia. Durante el d\u00eda trabaja en el Tribunal de Justicia en Ponce y el resto del tiempo hace trabajo voluntario como directora de comunicaci\u00f3n de su iglesia.<\/p>\n<p>\u201cDisfrut\u00e9 realmente al ser parte de EVANGECom y me entusiasm\u00f3 mucho participar en el entrenamiento sobre redacci\u00f3n de noticias\u201d, dijo A\u00edda Gonz\u00e1lez, quien ayud\u00f3 tambi\u00e9n en la organizaci\u00f3n del evento. Su hermano, Julio Gonz\u00e1lez, un ingeniero industrial, se mantiene tambi\u00e9n muy activo en la iglesia y est\u00e1 a cargo de la parte tecnol\u00f3gica.<\/p>\n<div id=\"attachment_10974\" style=\"width: 310px\" class=\"wp-caption alignright\"><a href=\"\/interamerica\/wp-content\/uploads\/2017\/06\/Evangecom-group.png\" rel=\"fancybox\" title=\"Puerto Rico: Los comunicadores son desafiados a expandir su mensaje m\u00e1s all\u00e1 de sus iglesias y comunidades.\"><img decoding=\"async\" aria-describedby=\"caption-attachment-10974\" class=\"size-medium wp-image-10974\" src=\"\/interamerica\/wp-content\/uploads\/2017\/06\/Evangecom-group-300x166.png\" alt=\"\" width=\"300\" height=\"166\" \/><\/a><p id=\"caption-attachment-10974\" class=\"wp-caption-text\">Comunicadores de Ponce, Puerto Rico, posan para las fotograf\u00edas durante el programa de entrenamiento en comunicaci\u00f3n el fin de semana pasado. Imagen por Israel Rodr\u00edguez\/IAD<\/p><\/div>\n<p>\u201cTransmitimos cada semana los servicios religiosos del s\u00e1bado y cubrimos actividades a trav\u00e9s de los medios sociales; nuestros miembros de iglesia apoyan y entienden bien el papel que desempe\u00f1a la comunicaci\u00f3n y la tecnolog\u00eda en la evangelizaci\u00f3n\u201d, dijo Julio Gonz\u00e1lez.<\/p>\n<p>Yessenia M. de Jes\u00fas, de la Iglesia Adventista Arroyo Bueno, en Ponce, dijo que este entrenamiento en comunicaci\u00f3n fue la motivaci\u00f3n que necesitaba para crear un ministerio de apoyo en l\u00ednea, juntamente con otros comunicadores, para trabajar en proyectos que apoyan a la iglesia.<br \/>\nEVANGECom, celebrado el 7 y 8 de marzo, ofreci\u00f3 entrenamiento en edici\u00f3n de fotograf\u00eda, dise\u00f1o de sitio web, edici\u00f3n de v\u00eddeo, transmisi\u00f3n en l\u00ednea, redacci\u00f3n de noticias, creaci\u00f3n de un blog, transmisi\u00f3n de iPod, redacci\u00f3n de guiones, medios sociales de comunicaci\u00f3n y m\u00e1s.<br \/>\nHay planes para continuar en los meses y a\u00f1o siguientes con certificaciones adicionales en comunicaci\u00f3n, dijo el Pastor Javier.<\/p>\n<p>\u201cDeseamos que nuestros comunicadores en toda la isla contin\u00faen siendo motivados y equipados para dar a conocer, para inspirar, para compartir la visi\u00f3n de evangelizar con todos los medios de comunicaci\u00f3n accesibles\u201d, dijo adem\u00e1s.<br \/>\nPara m\u00e1s informaci\u00f3n sobre la Iglesia Adventista del S\u00e9ptimo D\u00eda en Puerto Rico, pulsa <a href=\"http:\/\/www.upasd.org\/\">upasd.org<\/a><\/p>\n<p>Traducci\u00f3n por Gloria A. Castrej\u00f3n<\/p>\n","protected":false},"excerpt":{"rendered":"<p>Casi un centenar de personas en la regi\u00f3n sur de Puerto Rico se reunieron la semana pasada para un entrenamiento especial en comunicaci\u00f3n, para afilar sus habilidades en tecnolog\u00eda a fin de lograr un alcance todav\u00eda mayor en sus esfuerzos de dar a conocer las buenas nuevas del evangelio en su comunidad.<\/p>\n","protected":false},"author":1,"featured_media":22758,"comment_status":"closed","ping_status":"closed","sticky":false,"template":"","format":"standard","meta":{"_acf_changed":false,"footnotes":""},"categories":[17],"tags":[],"class_list":["post-30453","post","type-post","status-publish","format-standard","has-post-thumbnail","hentry","category-desde-el-campo"],"acf":[],"yoast_head":"<!-- This site is optimized with the Yoast SEO plugin v27.3 - https:\/\/yoast.com\/product\/yoast-seo-wordpress\/ -->\n<title>Puerto Rico: Los comunicadores son desafiados a expandir su mensaje m\u00e1s all\u00e1 de sus iglesias y comunidades. - Iglesia Adventista del S\u00e9ptimo D\u00eda - Divisi\u00f3n Interamericana<\/title>\n<meta name=\"robots\" content=\"index, follow, max-snippet:-1, max-image-preview:large, max-video-preview:-1\" \/>\n<link rel=\"canonical\" href=\"https:\/\/interamerica.org\/es\/2014\/03\/puerto-rico-los-comunicadores-son-desafiados-a-expandir-su-mensaje-mas-alla-de-sus-iglesias-y-comunidades\/\" \/>\n<meta property=\"og:locale\" content=\"es_ES\" \/>\n<meta property=\"og:type\" content=\"article\" \/>\n<meta property=\"og:title\" content=\"Puerto Rico: Los comunicadores son desafiados a expandir su mensaje m\u00e1s all\u00e1 de sus iglesias y comunidades. - Iglesia Adventista del S\u00e9ptimo D\u00eda - Divisi\u00f3n Interamericana\" \/>\n<meta property=\"og:description\" content=\"Casi un centenar de personas en la regi\u00f3n sur de Puerto Rico se reunieron la semana pasada para un entrenamiento especial en comunicaci\u00f3n, para afilar sus habilidades en tecnolog\u00eda a fin de lograr un alcance todav\u00eda mayor en sus esfuerzos de dar a conocer las buenas nuevas del evangelio en su comunidad.\" \/>\n<meta property=\"og:url\" content=\"https:\/\/interamerica.org\/es\/2014\/03\/puerto-rico-los-comunicadores-son-desafiados-a-expandir-su-mensaje-mas-alla-de-sus-iglesias-y-comunidades\/\" \/>\n<meta property=\"og:site_name\" content=\"Iglesia Adventista del S\u00e9ptimo D\u00eda - Divisi\u00f3n Interamericana\" \/>\n<meta property=\"article:published_time\" content=\"2014-03-15T04:00:00+00:00\" \/>\n<meta property=\"og:image\" content=\"https:\/\/interamerica.org\/wp-content\/uploads\/2017\/06\/EdsonCanqui1.png\" \/>\n\t<meta property=\"og:image:width\" content=\"315\" \/>\n\t<meta property=\"og:image:height\" content=\"236\" \/>\n\t<meta property=\"og:image:type\" content=\"image\/png\" \/>\n<meta name=\"author\" content=\"Lorenzo Verduzco\" \/>\n<meta name=\"twitter:card\" content=\"summary_large_image\" \/>\n<meta name=\"twitter:label1\" content=\"Escrito por\" \/>\n\t<meta name=\"twitter:data1\" content=\"Lorenzo Verduzco\" \/>\n\t<meta name=\"twitter:label2\" content=\"Tiempo de lectura\" \/>\n\t<meta name=\"twitter:data2\" content=\"5 minutos\" \/>\n<script type=\"application\/ld+json\" class=\"yoast-schema-graph\">{\"@context\":\"https:\\\/\\\/schema.org\",\"@graph\":[{\"@type\":\"Article\",\"@id\":\"https:\\\/\\\/interamerica.org\\\/es\\\/2014\\\/03\\\/puerto-rico-los-comunicadores-son-desafiados-a-expandir-su-mensaje-mas-alla-de-sus-iglesias-y-comunidades\\\/#article\",\"isPartOf\":{\"@id\":\"https:\\\/\\\/interamerica.org\\\/es\\\/2014\\\/03\\\/puerto-rico-los-comunicadores-son-desafiados-a-expandir-su-mensaje-mas-alla-de-sus-iglesias-y-comunidades\\\/\"},\"author\":{\"name\":\"Lorenzo Verduzco\",\"@id\":\"https:\\\/\\\/interamerica.org\\\/es\\\/#\\\/schema\\\/person\\\/68ede8bdc292885bb76c1e3810e73c39\"},\"headline\":\"Puerto Rico: Los comunicadores son desafiados a expandir su mensaje m\u00e1s all\u00e1 de sus iglesias y comunidades.\",\"datePublished\":\"2014-03-15T04:00:00+00:00\",\"mainEntityOfPage\":{\"@id\":\"https:\\\/\\\/interamerica.org\\\/es\\\/2014\\\/03\\\/puerto-rico-los-comunicadores-son-desafiados-a-expandir-su-mensaje-mas-alla-de-sus-iglesias-y-comunidades\\\/\"},\"wordCount\":1089,\"image\":{\"@id\":\"https:\\\/\\\/interamerica.org\\\/es\\\/2014\\\/03\\\/puerto-rico-los-comunicadores-son-desafiados-a-expandir-su-mensaje-mas-alla-de-sus-iglesias-y-comunidades\\\/#primaryimage\"},\"thumbnailUrl\":\"https:\\\/\\\/interamerica.org\\\/wp-content\\\/uploads\\\/2017\\\/06\\\/EdsonCanqui1.png\",\"articleSection\":[\"Desde el campo\"],\"inLanguage\":\"es\"},{\"@type\":\"WebPage\",\"@id\":\"https:\\\/\\\/interamerica.org\\\/es\\\/2014\\\/03\\\/puerto-rico-los-comunicadores-son-desafiados-a-expandir-su-mensaje-mas-alla-de-sus-iglesias-y-comunidades\\\/\",\"url\":\"https:\\\/\\\/interamerica.org\\\/es\\\/2014\\\/03\\\/puerto-rico-los-comunicadores-son-desafiados-a-expandir-su-mensaje-mas-alla-de-sus-iglesias-y-comunidades\\\/\",\"name\":\"Puerto Rico: Los comunicadores son desafiados a expandir su mensaje m\u00e1s all\u00e1 de sus iglesias y comunidades. - Iglesia Adventista del S\u00e9ptimo D\u00eda - Divisi\u00f3n Interamericana\",\"isPartOf\":{\"@id\":\"https:\\\/\\\/interamerica.org\\\/es\\\/#website\"},\"primaryImageOfPage\":{\"@id\":\"https:\\\/\\\/interamerica.org\\\/es\\\/2014\\\/03\\\/puerto-rico-los-comunicadores-son-desafiados-a-expandir-su-mensaje-mas-alla-de-sus-iglesias-y-comunidades\\\/#primaryimage\"},\"image\":{\"@id\":\"https:\\\/\\\/interamerica.org\\\/es\\\/2014\\\/03\\\/puerto-rico-los-comunicadores-son-desafiados-a-expandir-su-mensaje-mas-alla-de-sus-iglesias-y-comunidades\\\/#primaryimage\"},\"thumbnailUrl\":\"https:\\\/\\\/interamerica.org\\\/wp-content\\\/uploads\\\/2017\\\/06\\\/EdsonCanqui1.png\",\"datePublished\":\"2014-03-15T04:00:00+00:00\",\"author\":{\"@id\":\"https:\\\/\\\/interamerica.org\\\/es\\\/#\\\/schema\\\/person\\\/68ede8bdc292885bb76c1e3810e73c39\"},\"breadcrumb\":{\"@id\":\"https:\\\/\\\/interamerica.org\\\/es\\\/2014\\\/03\\\/puerto-rico-los-comunicadores-son-desafiados-a-expandir-su-mensaje-mas-alla-de-sus-iglesias-y-comunidades\\\/#breadcrumb\"},\"inLanguage\":\"es\",\"potentialAction\":[{\"@type\":\"ReadAction\",\"target\":[\"https:\\\/\\\/interamerica.org\\\/es\\\/2014\\\/03\\\/puerto-rico-los-comunicadores-son-desafiados-a-expandir-su-mensaje-mas-alla-de-sus-iglesias-y-comunidades\\\/\"]}]},{\"@type\":\"ImageObject\",\"inLanguage\":\"es\",\"@id\":\"https:\\\/\\\/interamerica.org\\\/es\\\/2014\\\/03\\\/puerto-rico-los-comunicadores-son-desafiados-a-expandir-su-mensaje-mas-alla-de-sus-iglesias-y-comunidades\\\/#primaryimage\",\"url\":\"https:\\\/\\\/interamerica.org\\\/wp-content\\\/uploads\\\/2017\\\/06\\\/EdsonCanqui1.png\",\"contentUrl\":\"https:\\\/\\\/interamerica.org\\\/wp-content\\\/uploads\\\/2017\\\/06\\\/EdsonCanqui1.png\",\"width\":315,\"height\":236},{\"@type\":\"BreadcrumbList\",\"@id\":\"https:\\\/\\\/interamerica.org\\\/es\\\/2014\\\/03\\\/puerto-rico-los-comunicadores-son-desafiados-a-expandir-su-mensaje-mas-alla-de-sus-iglesias-y-comunidades\\\/#breadcrumb\",\"itemListElement\":[{\"@type\":\"ListItem\",\"position\":1,\"name\":\"Home\",\"item\":\"https:\\\/\\\/interamerica.org\\\/es\\\/\"},{\"@type\":\"ListItem\",\"position\":2,\"name\":\"Puerto Rico: Los comunicadores son desafiados a expandir su mensaje m\u00e1s all\u00e1 de sus iglesias y comunidades.\"}]},{\"@type\":\"WebSite\",\"@id\":\"https:\\\/\\\/interamerica.org\\\/es\\\/#website\",\"url\":\"https:\\\/\\\/interamerica.org\\\/es\\\/\",\"name\":\"Iglesia Adventista del S\u00e9ptimo D\u00eda - Divisi\u00f3n Interamericana\",\"description\":\"\",\"potentialAction\":[{\"@type\":\"SearchAction\",\"target\":{\"@type\":\"EntryPoint\",\"urlTemplate\":\"https:\\\/\\\/interamerica.org\\\/es\\\/?s={search_term_string}\"},\"query-input\":{\"@type\":\"PropertyValueSpecification\",\"valueRequired\":true,\"valueName\":\"search_term_string\"}}],\"inLanguage\":\"es\"},{\"@type\":\"Person\",\"@id\":\"https:\\\/\\\/interamerica.org\\\/es\\\/#\\\/schema\\\/person\\\/68ede8bdc292885bb76c1e3810e73c39\",\"name\":\"Lorenzo Verduzco\",\"image\":{\"@type\":\"ImageObject\",\"inLanguage\":\"es\",\"@id\":\"https:\\\/\\\/secure.gravatar.com\\\/avatar\\\/fb81a55b6218459490a9c1dc841a34909185b81904c5337b4b27f7a6fd60c49e?s=96&d=mm&r=g\",\"url\":\"https:\\\/\\\/secure.gravatar.com\\\/avatar\\\/fb81a55b6218459490a9c1dc841a34909185b81904c5337b4b27f7a6fd60c49e?s=96&d=mm&r=g\",\"contentUrl\":\"https:\\\/\\\/secure.gravatar.com\\\/avatar\\\/fb81a55b6218459490a9c1dc841a34909185b81904c5337b4b27f7a6fd60c49e?s=96&d=mm&r=g\",\"caption\":\"Lorenzo Verduzco\"}}]}<\/script>\n<!-- \/ Yoast SEO plugin. -->","yoast_head_json":{"title":"Puerto Rico: Los comunicadores son desafiados a expandir su mensaje m\u00e1s all\u00e1 de sus iglesias y comunidades. - Iglesia Adventista del S\u00e9ptimo D\u00eda - Divisi\u00f3n Interamericana","robots":{"index":"index","follow":"follow","max-snippet":"max-snippet:-1","max-image-preview":"max-image-preview:large","max-video-preview":"max-video-preview:-1"},"canonical":"https:\/\/interamerica.org\/es\/2014\/03\/puerto-rico-los-comunicadores-son-desafiados-a-expandir-su-mensaje-mas-alla-de-sus-iglesias-y-comunidades\/","og_locale":"es_ES","og_type":"article","og_title":"Puerto Rico: Los comunicadores son desafiados a expandir su mensaje m\u00e1s all\u00e1 de sus iglesias y comunidades. - Iglesia Adventista del S\u00e9ptimo D\u00eda - Divisi\u00f3n Interamericana","og_description":"Casi un centenar de personas en la regi\u00f3n sur de Puerto Rico se reunieron la semana pasada para un entrenamiento especial en comunicaci\u00f3n, para afilar sus habilidades en tecnolog\u00eda a fin de lograr un alcance todav\u00eda mayor en sus esfuerzos de dar a conocer las buenas nuevas del evangelio en su comunidad.","og_url":"https:\/\/interamerica.org\/es\/2014\/03\/puerto-rico-los-comunicadores-son-desafiados-a-expandir-su-mensaje-mas-alla-de-sus-iglesias-y-comunidades\/","og_site_name":"Iglesia Adventista del S\u00e9ptimo D\u00eda - Divisi\u00f3n Interamericana","article_published_time":"2014-03-15T04:00:00+00:00","og_image":[{"width":315,"height":236,"url":"https:\/\/interamerica.org\/wp-content\/uploads\/2017\/06\/EdsonCanqui1.png","type":"image\/png"}],"author":"Lorenzo Verduzco","twitter_card":"summary_large_image","twitter_misc":{"Escrito por":"Lorenzo Verduzco","Tiempo de lectura":"5 minutos"},"schema":{"@context":"https:\/\/schema.org","@graph":[{"@type":"Article","@id":"https:\/\/interamerica.org\/es\/2014\/03\/puerto-rico-los-comunicadores-son-desafiados-a-expandir-su-mensaje-mas-alla-de-sus-iglesias-y-comunidades\/#article","isPartOf":{"@id":"https:\/\/interamerica.org\/es\/2014\/03\/puerto-rico-los-comunicadores-son-desafiados-a-expandir-su-mensaje-mas-alla-de-sus-iglesias-y-comunidades\/"},"author":{"name":"Lorenzo Verduzco","@id":"https:\/\/interamerica.org\/es\/#\/schema\/person\/68ede8bdc292885bb76c1e3810e73c39"},"headline":"Puerto Rico: Los comunicadores son desafiados a expandir su mensaje m\u00e1s all\u00e1 de sus iglesias y comunidades.","datePublished":"2014-03-15T04:00:00+00:00","mainEntityOfPage":{"@id":"https:\/\/interamerica.org\/es\/2014\/03\/puerto-rico-los-comunicadores-son-desafiados-a-expandir-su-mensaje-mas-alla-de-sus-iglesias-y-comunidades\/"},"wordCount":1089,"image":{"@id":"https:\/\/interamerica.org\/es\/2014\/03\/puerto-rico-los-comunicadores-son-desafiados-a-expandir-su-mensaje-mas-alla-de-sus-iglesias-y-comunidades\/#primaryimage"},"thumbnailUrl":"https:\/\/interamerica.org\/wp-content\/uploads\/2017\/06\/EdsonCanqui1.png","articleSection":["Desde el campo"],"inLanguage":"es"},{"@type":"WebPage","@id":"https:\/\/interamerica.org\/es\/2014\/03\/puerto-rico-los-comunicadores-son-desafiados-a-expandir-su-mensaje-mas-alla-de-sus-iglesias-y-comunidades\/","url":"https:\/\/interamerica.org\/es\/2014\/03\/puerto-rico-los-comunicadores-son-desafiados-a-expandir-su-mensaje-mas-alla-de-sus-iglesias-y-comunidades\/","name":"Puerto Rico: Los comunicadores son desafiados a expandir su mensaje m\u00e1s all\u00e1 de sus iglesias y comunidades. - Iglesia Adventista del S\u00e9ptimo D\u00eda - Divisi\u00f3n Interamericana","isPartOf":{"@id":"https:\/\/interamerica.org\/es\/#website"},"primaryImageOfPage":{"@id":"https:\/\/interamerica.org\/es\/2014\/03\/puerto-rico-los-comunicadores-son-desafiados-a-expandir-su-mensaje-mas-alla-de-sus-iglesias-y-comunidades\/#primaryimage"},"image":{"@id":"https:\/\/interamerica.org\/es\/2014\/03\/puerto-rico-los-comunicadores-son-desafiados-a-expandir-su-mensaje-mas-alla-de-sus-iglesias-y-comunidades\/#primaryimage"},"thumbnailUrl":"https:\/\/interamerica.org\/wp-content\/uploads\/2017\/06\/EdsonCanqui1.png","datePublished":"2014-03-15T04:00:00+00:00","author":{"@id":"https:\/\/interamerica.org\/es\/#\/schema\/person\/68ede8bdc292885bb76c1e3810e73c39"},"breadcrumb":{"@id":"https:\/\/interamerica.org\/es\/2014\/03\/puerto-rico-los-comunicadores-son-desafiados-a-expandir-su-mensaje-mas-alla-de-sus-iglesias-y-comunidades\/#breadcrumb"},"inLanguage":"es","potentialAction":[{"@type":"ReadAction","target":["https:\/\/interamerica.org\/es\/2014\/03\/puerto-rico-los-comunicadores-son-desafiados-a-expandir-su-mensaje-mas-alla-de-sus-iglesias-y-comunidades\/"]}]},{"@type":"ImageObject","inLanguage":"es","@id":"https:\/\/interamerica.org\/es\/2014\/03\/puerto-rico-los-comunicadores-son-desafiados-a-expandir-su-mensaje-mas-alla-de-sus-iglesias-y-comunidades\/#primaryimage","url":"https:\/\/interamerica.org\/wp-content\/uploads\/2017\/06\/EdsonCanqui1.png","contentUrl":"https:\/\/interamerica.org\/wp-content\/uploads\/2017\/06\/EdsonCanqui1.png","width":315,"height":236},{"@type":"BreadcrumbList","@id":"https:\/\/interamerica.org\/es\/2014\/03\/puerto-rico-los-comunicadores-son-desafiados-a-expandir-su-mensaje-mas-alla-de-sus-iglesias-y-comunidades\/#breadcrumb","itemListElement":[{"@type":"ListItem","position":1,"name":"Home","item":"https:\/\/interamerica.org\/es\/"},{"@type":"ListItem","position":2,"name":"Puerto Rico: Los comunicadores son desafiados a expandir su mensaje m\u00e1s all\u00e1 de sus iglesias y comunidades."}]},{"@type":"WebSite","@id":"https:\/\/interamerica.org\/es\/#website","url":"https:\/\/interamerica.org\/es\/","name":"Iglesia Adventista del S\u00e9ptimo D\u00eda - Divisi\u00f3n Interamericana","description":"","potentialAction":[{"@type":"SearchAction","target":{"@type":"EntryPoint","urlTemplate":"https:\/\/interamerica.org\/es\/?s={search_term_string}"},"query-input":{"@type":"PropertyValueSpecification","valueRequired":true,"valueName":"search_term_string"}}],"inLanguage":"es"},{"@type":"Person","@id":"https:\/\/interamerica.org\/es\/#\/schema\/person\/68ede8bdc292885bb76c1e3810e73c39","name":"Lorenzo Verduzco","image":{"@type":"ImageObject","inLanguage":"es","@id":"https:\/\/secure.gravatar.com\/avatar\/fb81a55b6218459490a9c1dc841a34909185b81904c5337b4b27f7a6fd60c49e?s=96&d=mm&r=g","url":"https:\/\/secure.gravatar.com\/avatar\/fb81a55b6218459490a9c1dc841a34909185b81904c5337b4b27f7a6fd60c49e?s=96&d=mm&r=g","contentUrl":"https:\/\/secure.gravatar.com\/avatar\/fb81a55b6218459490a9c1dc841a34909185b81904c5337b4b27f7a6fd60c49e?s=96&d=mm&r=g","caption":"Lorenzo Verduzco"}}]}},"_links":{"self":[{"href":"https:\/\/interamerica.org\/es\/wp-json\/wp\/v2\/posts\/30453","targetHints":{"allow":["GET"]}}],"collection":[{"href":"https:\/\/interamerica.org\/es\/wp-json\/wp\/v2\/posts"}],"about":[{"href":"https:\/\/interamerica.org\/es\/wp-json\/wp\/v2\/types\/post"}],"author":[{"embeddable":true,"href":"https:\/\/interamerica.org\/es\/wp-json\/wp\/v2\/users\/1"}],"replies":[{"embeddable":true,"href":"https:\/\/interamerica.org\/es\/wp-json\/wp\/v2\/comments?post=30453"}],"version-history":[{"count":0,"href":"https:\/\/interamerica.org\/es\/wp-json\/wp\/v2\/posts\/30453\/revisions"}],"wp:featuredmedia":[{"embeddable":true,"href":"https:\/\/interamerica.org\/es\/wp-json\/wp\/v2\/media\/22758"}],"wp:attachment":[{"href":"https:\/\/interamerica.org\/es\/wp-json\/wp\/v2\/media?parent=30453"}],"wp:term":[{"taxonomy":"category","embeddable":true,"href":"https:\/\/interamerica.org\/es\/wp-json\/wp\/v2\/categories?post=30453"},{"taxonomy":"post_tag","embeddable":true,"href":"https:\/\/interamerica.org\/es\/wp-json\/wp\/v2\/tags?post=30453"}],"curies":[{"name":"wp","href":"https:\/\/api.w.org\/{rel}","templated":true}]}}