{"id":30456,"date":"2014-03-17T00:00:00","date_gmt":"2014-03-17T04:00:00","guid":{"rendered":"http:\/\/192.81.217.108\/interamerica\/2014\/03\/a-la-imagen-de-dios-se-inicia-cumbre-sobre-sexualidad-en-cape-town\/"},"modified":"2014-03-17T00:00:00","modified_gmt":"2014-03-17T04:00:00","slug":"a-la-imagen-de-dios-se-inicia-cumbre-sobre-sexualidad-en-cape-town","status":"publish","type":"post","link":"https:\/\/interamerica.org\/es\/2014\/03\/a-la-imagen-de-dios-se-inicia-cumbre-sobre-sexualidad-en-cape-town\/","title":{"rendered":"\u201cA la Imagen de Dios\u201d &#8211; Se inicia Cumbre sobre Sexualidad en Cape Town"},"content":{"rendered":"<div id=\"attachment_10997\" style=\"width: 600px\" class=\"wp-caption aligncenter\"><a href=\"\/interamerica\/wp-content\/uploads\/2017\/06\/SexualitySummit.png\" rel=\"fancybox\" title=\"\u201cA la Imagen de Dios\u201d - Se inicia Cumbre sobre Sexualidad en Cape Town\"><img fetchpriority=\"high\" decoding=\"async\" aria-describedby=\"caption-attachment-10997\" class=\"size-full wp-image-10997\" src=\"\/interamerica\/wp-content\/uploads\/2017\/06\/SexualitySummit.png\" alt=\"\" width=\"590\" height=\"369\" \/><\/a><p id=\"caption-attachment-10997\" class=\"wp-caption-text\">Imagen por ANN.<\/p><\/div>\n<p>17 de marzo de 2014 &#8211; Cape Town, Sud\u00e1frica&#8230;Adventist Review\/Personal ANN<\/p>\n<p>Aproximadamente 350 dirigentes, pastores, acad\u00e9micos y expertos en recursos humanos de la Iglesia Adventista del S\u00e9ptimo D\u00eda, se han reunido en Cape Town, Sud\u00e1frica, en una cumbre de cuatro d\u00edas de duraci\u00f3n cuya intenci\u00f3n es ayudar a la iglesia mundial a enfrentar de la mejor manera las experiencias en relaci\u00f3n a la homosexualidad y sexualidades alternativas.<\/p>\n<p>Con el t\u00edtulo \u201cA la Imagen de Dios: Escrituras. Sexualidad. Sociedad\u201d, esta conferencia a celebrarse en la punta m\u00e1s al sur del \u00c1frica, intenta ser \u201cuna conversaci\u00f3n con las personas clave del liderazgo global de la Iglesia Adventista del S\u00e9ptimo D\u00eda, para comprender mejor los asuntos en torno a las sexualidades alternativas y para juntos, asesorarse respecto a los desaf\u00edos que enfrenta la iglesia en este particular\u201d, dijeron los organizadores.<\/p>\n<p>Cada una de las 13 divisiones mundiales de la denominaci\u00f3n ha enviado una delegaci\u00f3n de por lo menos 20 personas, compuesta por los principales administradores, eruditos en teolog\u00eda y ciencias sociales y \u201cpersonal de vanguardia\u201d, tales como pastores, capellanes y directores de recursos humanos, a este intensivo evento que da principio el 17 de marzo. El discurso de apertura del lunes de noche, por el presidente de la iglesia mundial, Pastor Ted N. C. Wilson, se titula \u201cLa verdad como es en Jes\u00fas\u201d.<\/p>\n<p>Pardon Mwansa, orginario de Zambia, quien es uno de los vicepresidentes generales de la iglesia y que preside la comisi\u00f3n en las oficinas centrales que organiz\u00f3 la cumbre, piensa que esta cumbre es un punto clave en la discusi\u00f3n adventista de dif\u00edciles asuntos sociales y religiosos.<br \/>\n\u201cEstamos tratando un asunto acerca del cual el mundo que nos rodea se ha formado ya una percepci\u00f3n\u201d, dijo el Pastor Mwansa. \u201cNo podemos evitar el tratar este asunto, porque esas percepciones afectan la forma como nos expresamos. La iglesia necesita tener en claro su luz: tenemos que decir en qu\u00e9 posici\u00f3n estamos en este asunto, a fin de que la gente pueda entendernos y entender c\u00f3mo vemos esta situaci\u00f3n\u201d.<\/p>\n<p>\u201cSomos un grupo moral\u2014una iglesia\u2014y tenemos que brillar y decir justamente d\u00f3nde est\u00e1 la luz en este asunto\u201d.<\/p>\n<div id=\"attachment_10996\" style=\"width: 215px\" class=\"wp-caption alignright\"><a href=\"\/interamerica\/wp-content\/uploads\/2017\/06\/PardonMwansaweb.png\" rel=\"fancybox\" title=\"\u201cA la Imagen de Dios\u201d - Se inicia Cumbre sobre Sexualidad en Cape Town\"><img decoding=\"async\" aria-describedby=\"caption-attachment-10996\" class=\"size-full wp-image-10996\" src=\"\/interamerica\/wp-content\/uploads\/2017\/06\/PardonMwansaweb.png\" alt=\"\" width=\"205\" height=\"268\" \/><\/a><p id=\"caption-attachment-10996\" class=\"wp-caption-text\">Pardon Mwansa. Imagen por ANN<\/p><\/div>\n<p>El Pastor Mwansa subray\u00f3 adem\u00e1s la importancia de la conferencia en Cape Town, se\u00f1alando al grupo de personas asistentes. \u201cEsta es una reuni\u00f3n a la que ha sido invitado todo el liderazgo de la iglesia, y todos van a asistir\u201d, hizo notar. \u201cLa calidad de una reuni\u00f3n se mide generalmente por sus asistentes y aqu\u00ed tenemos asistiendo a todos los administradores de las divisiones mundiales, juntamente con pastores, maestros y personal de recursos humanos. El blanco es asegurarnos de que lo que se haga aqu\u00ed, refleje el pensamiento corporativo de la iglesia\u201d.<\/p>\n<p>Los organizadores de la cumbre han hecho muy claro que la intenci\u00f3n no es una redefinici\u00f3n de la hist\u00f3rica oposici\u00f3n de la iglesia a cualquier otra expresi\u00f3n sexual fuera del matrimonio heterosexual entre un hombre y una mujer. Como primero en la lista de los \u201c<a href=\"http:\/\/ingodsimage.adventist.org\/learning-objectives.html\">objetivos de aprendizaje <\/a>\u201d de la cumbre, se encuentra el blanco de \u201cdescribir la ense\u00f1anza b\u00edblica sobre sexualidades alternativas\u201d. Dos de las tres primeras sesiones plenarias enfocan su atenci\u00f3n en c\u00f3mo leer y entender las ense\u00f1anzas b\u00edblicas sobre sexualidad humana, as\u00ed como pasajes espec\u00edficos tanto del Antiguo como del Nuevo Testamento que tratan sobre el comportamiento homosexual.<\/p>\n<p>El martes de noche, tres adventistas que pasaron gran parte de su vida adulta en relaciones homosexuales masculinas o lesbianas, contar\u00e1n sus experiencias en un panel de sesi\u00f3n plenaria. Wayne Blakely, Ron Woolsey y Virna Santos, se describen cada uno como \u201credimidos\u201d de la conducta homosexual y est\u00e1n al frente ahora de ministerios dise\u00f1ados para ayudar a otros a organizar su vida de acuerdo a la norma b\u00edblica. Woolsey, quien ya por muchos a\u00f1os forma parte de un matrimonio heterosexual, es tambi\u00e9n un ministro adventista ordenado.<br \/>\nEl enfoque del panel de la sesi\u00f3n plenaria del mi\u00e9rcoles de ma\u00f1ana, ser\u00e1 la preocupaci\u00f3n de la denominaci\u00f3n en los aspectos legal y de empleo, en relaci\u00f3n con las leyes sobre homosexualidad en varias naciones. El moderador ser\u00e1 el vicepresidente general de la Asociaci\u00f3n General, Lowell Cooper.<\/p>\n<p>Dos sesiones plenarias adicionales el mi\u00e9rcoles de tarde y noche procurar\u00e1n actualizar a la delegaci\u00f3n internacional en cuanto a los \u00faltimos conocimientos y opiniones sobre homosexualidad y sexualidades alternativas, desde las perspectivas de la medicina y la sicolog\u00eda. El Dr. Peter Landless, director de Ministerio de Salud de la iglesia mundial y el Dr. Peter Swanson, profesor asistente de cuidados pastorales y sic\u00f3logo certificado del Seminario Teol\u00f3gico Adventista de la Universidad Andrews, en Michigan, Estados Unidos, presentar\u00e1 resultados de investigaciones con respecto al posible papel desempe\u00f1ado por asuntos gen\u00e9ticos e influencias sociales en la formaci\u00f3n de sexualidades alternativas.<\/p>\n<p>El jueves, la atenci\u00f3n de la cumbre se centrar\u00e1 en el ministerio en favor de personas homosexuales y de quienes practican sexualidades alternativas; y se discutir\u00e1 en qu\u00e9 forma la denominaci\u00f3n debe actuar en relaci\u00f3n con la membres\u00eda de aquellos que no siguen las ense\u00f1anzas b\u00edblicas respecto a la sexualidad humana. El Dr. Miroslav Kis, profesor de \u00e9tica en la Universidad Andrews, presentar\u00e1 un cuadro general de los asuntos \u00e9ticos con que la iglesia debe luchar tanto en el nivel global como en el de congragaci\u00f3n local al procurar al mismo tiempo ser clara en cuanto a su lealtad a la ense\u00f1anza b\u00edblica y compasiva en relaci\u00f3n a los individuos en varias experiencias de la vida.<\/p>\n<p>Traducci\u00f3n por Gloria A. Castrej\u00f3n<\/p>\n","protected":false},"excerpt":{"rendered":"<p>Aproximadamente 350 dirigentes, pastores, acad\u00e9micos y expertos en recursos humanos de la Iglesia Adventista del S\u00e9ptimo D\u00eda, se han reunido en Cape Town, Sud\u00e1frica, en una cumbre de cuatro d\u00edas de duraci\u00f3n cuya intenci\u00f3n es ayudar a la iglesia mundial a enfrentar de la mejor manera las experiencias en relaci\u00f3n a la homosexualidad y sexualidades alternativas.<\/p>\n","protected":false},"author":1,"featured_media":22775,"comment_status":"closed","ping_status":"closed","sticky":false,"template":"","format":"standard","meta":{"_acf_changed":false,"footnotes":""},"categories":[14],"tags":[],"class_list":["post-30456","post","type-post","status-publish","format-standard","has-post-thumbnail","hentry","category-de-la-iglesia-mundial"],"acf":[],"yoast_head":"<!-- This site is optimized with the Yoast SEO plugin v27.3 - https:\/\/yoast.com\/product\/yoast-seo-wordpress\/ -->\n<title>\u201cA la Imagen de Dios\u201d - Se inicia Cumbre sobre Sexualidad en Cape Town - Iglesia Adventista del S\u00e9ptimo D\u00eda - Divisi\u00f3n Interamericana<\/title>\n<meta name=\"robots\" content=\"index, follow, max-snippet:-1, max-image-preview:large, max-video-preview:-1\" \/>\n<link rel=\"canonical\" href=\"https:\/\/interamerica.org\/es\/2014\/03\/a-la-imagen-de-dios-se-inicia-cumbre-sobre-sexualidad-en-cape-town\/\" \/>\n<meta property=\"og:locale\" content=\"es_ES\" \/>\n<meta property=\"og:type\" content=\"article\" \/>\n<meta property=\"og:title\" content=\"\u201cA la Imagen de Dios\u201d - Se inicia Cumbre sobre Sexualidad en Cape Town - Iglesia Adventista del S\u00e9ptimo D\u00eda - Divisi\u00f3n Interamericana\" \/>\n<meta property=\"og:description\" content=\"Aproximadamente 350 dirigentes, pastores, acad\u00e9micos y expertos en recursos humanos de la Iglesia Adventista del S\u00e9ptimo D\u00eda, se han reunido en Cape Town, Sud\u00e1frica, en una cumbre de cuatro d\u00edas de duraci\u00f3n cuya intenci\u00f3n es ayudar a la iglesia mundial a enfrentar de la mejor manera las experiencias en relaci\u00f3n a la homosexualidad y sexualidades alternativas.\" \/>\n<meta property=\"og:url\" content=\"https:\/\/interamerica.org\/es\/2014\/03\/a-la-imagen-de-dios-se-inicia-cumbre-sobre-sexualidad-en-cape-town\/\" \/>\n<meta property=\"og:site_name\" content=\"Iglesia Adventista del S\u00e9ptimo D\u00eda - Divisi\u00f3n Interamericana\" \/>\n<meta property=\"article:published_time\" content=\"2014-03-17T04:00:00+00:00\" \/>\n<meta property=\"og:image\" content=\"https:\/\/interamerica.org\/wp-content\/uploads\/2017\/06\/SexualitySummit.png\" \/>\n\t<meta property=\"og:image:width\" content=\"590\" \/>\n\t<meta property=\"og:image:height\" content=\"369\" \/>\n\t<meta property=\"og:image:type\" content=\"image\/png\" \/>\n<meta name=\"author\" content=\"Lorenzo Verduzco\" \/>\n<meta name=\"twitter:card\" content=\"summary_large_image\" \/>\n<meta name=\"twitter:label1\" content=\"Escrito por\" \/>\n\t<meta name=\"twitter:data1\" content=\"Lorenzo Verduzco\" \/>\n\t<meta name=\"twitter:label2\" content=\"Tiempo de lectura\" \/>\n\t<meta name=\"twitter:data2\" content=\"5 minutos\" \/>\n<script type=\"application\/ld+json\" class=\"yoast-schema-graph\">{\"@context\":\"https:\\\/\\\/schema.org\",\"@graph\":[{\"@type\":\"Article\",\"@id\":\"https:\\\/\\\/interamerica.org\\\/es\\\/2014\\\/03\\\/a-la-imagen-de-dios-se-inicia-cumbre-sobre-sexualidad-en-cape-town\\\/#article\",\"isPartOf\":{\"@id\":\"https:\\\/\\\/interamerica.org\\\/es\\\/2014\\\/03\\\/a-la-imagen-de-dios-se-inicia-cumbre-sobre-sexualidad-en-cape-town\\\/\"},\"author\":{\"name\":\"Lorenzo Verduzco\",\"@id\":\"https:\\\/\\\/interamerica.org\\\/es\\\/#\\\/schema\\\/person\\\/68ede8bdc292885bb76c1e3810e73c39\"},\"headline\":\"\u201cA la Imagen de Dios\u201d &#8211; Se inicia Cumbre sobre Sexualidad en Cape Town\",\"datePublished\":\"2014-03-17T04:00:00+00:00\",\"mainEntityOfPage\":{\"@id\":\"https:\\\/\\\/interamerica.org\\\/es\\\/2014\\\/03\\\/a-la-imagen-de-dios-se-inicia-cumbre-sobre-sexualidad-en-cape-town\\\/\"},\"wordCount\":1011,\"image\":{\"@id\":\"https:\\\/\\\/interamerica.org\\\/es\\\/2014\\\/03\\\/a-la-imagen-de-dios-se-inicia-cumbre-sobre-sexualidad-en-cape-town\\\/#primaryimage\"},\"thumbnailUrl\":\"https:\\\/\\\/interamerica.org\\\/wp-content\\\/uploads\\\/2017\\\/06\\\/SexualitySummit.png\",\"articleSection\":[\"Desde la iglesia mundial\"],\"inLanguage\":\"es\"},{\"@type\":\"WebPage\",\"@id\":\"https:\\\/\\\/interamerica.org\\\/es\\\/2014\\\/03\\\/a-la-imagen-de-dios-se-inicia-cumbre-sobre-sexualidad-en-cape-town\\\/\",\"url\":\"https:\\\/\\\/interamerica.org\\\/es\\\/2014\\\/03\\\/a-la-imagen-de-dios-se-inicia-cumbre-sobre-sexualidad-en-cape-town\\\/\",\"name\":\"\u201cA la Imagen de Dios\u201d - Se inicia Cumbre sobre Sexualidad en Cape Town - Iglesia Adventista del S\u00e9ptimo D\u00eda - Divisi\u00f3n Interamericana\",\"isPartOf\":{\"@id\":\"https:\\\/\\\/interamerica.org\\\/es\\\/#website\"},\"primaryImageOfPage\":{\"@id\":\"https:\\\/\\\/interamerica.org\\\/es\\\/2014\\\/03\\\/a-la-imagen-de-dios-se-inicia-cumbre-sobre-sexualidad-en-cape-town\\\/#primaryimage\"},\"image\":{\"@id\":\"https:\\\/\\\/interamerica.org\\\/es\\\/2014\\\/03\\\/a-la-imagen-de-dios-se-inicia-cumbre-sobre-sexualidad-en-cape-town\\\/#primaryimage\"},\"thumbnailUrl\":\"https:\\\/\\\/interamerica.org\\\/wp-content\\\/uploads\\\/2017\\\/06\\\/SexualitySummit.png\",\"datePublished\":\"2014-03-17T04:00:00+00:00\",\"author\":{\"@id\":\"https:\\\/\\\/interamerica.org\\\/es\\\/#\\\/schema\\\/person\\\/68ede8bdc292885bb76c1e3810e73c39\"},\"breadcrumb\":{\"@id\":\"https:\\\/\\\/interamerica.org\\\/es\\\/2014\\\/03\\\/a-la-imagen-de-dios-se-inicia-cumbre-sobre-sexualidad-en-cape-town\\\/#breadcrumb\"},\"inLanguage\":\"es\",\"potentialAction\":[{\"@type\":\"ReadAction\",\"target\":[\"https:\\\/\\\/interamerica.org\\\/es\\\/2014\\\/03\\\/a-la-imagen-de-dios-se-inicia-cumbre-sobre-sexualidad-en-cape-town\\\/\"]}]},{\"@type\":\"ImageObject\",\"inLanguage\":\"es\",\"@id\":\"https:\\\/\\\/interamerica.org\\\/es\\\/2014\\\/03\\\/a-la-imagen-de-dios-se-inicia-cumbre-sobre-sexualidad-en-cape-town\\\/#primaryimage\",\"url\":\"https:\\\/\\\/interamerica.org\\\/wp-content\\\/uploads\\\/2017\\\/06\\\/SexualitySummit.png\",\"contentUrl\":\"https:\\\/\\\/interamerica.org\\\/wp-content\\\/uploads\\\/2017\\\/06\\\/SexualitySummit.png\",\"width\":590,\"height\":369},{\"@type\":\"BreadcrumbList\",\"@id\":\"https:\\\/\\\/interamerica.org\\\/es\\\/2014\\\/03\\\/a-la-imagen-de-dios-se-inicia-cumbre-sobre-sexualidad-en-cape-town\\\/#breadcrumb\",\"itemListElement\":[{\"@type\":\"ListItem\",\"position\":1,\"name\":\"Home\",\"item\":\"https:\\\/\\\/interamerica.org\\\/es\\\/\"},{\"@type\":\"ListItem\",\"position\":2,\"name\":\"\u201cA la Imagen de Dios\u201d &#8211; Se inicia Cumbre sobre Sexualidad en Cape Town\"}]},{\"@type\":\"WebSite\",\"@id\":\"https:\\\/\\\/interamerica.org\\\/es\\\/#website\",\"url\":\"https:\\\/\\\/interamerica.org\\\/es\\\/\",\"name\":\"Iglesia Adventista del S\u00e9ptimo D\u00eda - Divisi\u00f3n Interamericana\",\"description\":\"\",\"potentialAction\":[{\"@type\":\"SearchAction\",\"target\":{\"@type\":\"EntryPoint\",\"urlTemplate\":\"https:\\\/\\\/interamerica.org\\\/es\\\/?s={search_term_string}\"},\"query-input\":{\"@type\":\"PropertyValueSpecification\",\"valueRequired\":true,\"valueName\":\"search_term_string\"}}],\"inLanguage\":\"es\"},{\"@type\":\"Person\",\"@id\":\"https:\\\/\\\/interamerica.org\\\/es\\\/#\\\/schema\\\/person\\\/68ede8bdc292885bb76c1e3810e73c39\",\"name\":\"Lorenzo Verduzco\",\"image\":{\"@type\":\"ImageObject\",\"inLanguage\":\"es\",\"@id\":\"https:\\\/\\\/secure.gravatar.com\\\/avatar\\\/fb81a55b6218459490a9c1dc841a34909185b81904c5337b4b27f7a6fd60c49e?s=96&d=mm&r=g\",\"url\":\"https:\\\/\\\/secure.gravatar.com\\\/avatar\\\/fb81a55b6218459490a9c1dc841a34909185b81904c5337b4b27f7a6fd60c49e?s=96&d=mm&r=g\",\"contentUrl\":\"https:\\\/\\\/secure.gravatar.com\\\/avatar\\\/fb81a55b6218459490a9c1dc841a34909185b81904c5337b4b27f7a6fd60c49e?s=96&d=mm&r=g\",\"caption\":\"Lorenzo Verduzco\"}}]}<\/script>\n<!-- \/ Yoast SEO plugin. -->","yoast_head_json":{"title":"\u201cA la Imagen de Dios\u201d - Se inicia Cumbre sobre Sexualidad en Cape Town - Iglesia Adventista del S\u00e9ptimo D\u00eda - Divisi\u00f3n Interamericana","robots":{"index":"index","follow":"follow","max-snippet":"max-snippet:-1","max-image-preview":"max-image-preview:large","max-video-preview":"max-video-preview:-1"},"canonical":"https:\/\/interamerica.org\/es\/2014\/03\/a-la-imagen-de-dios-se-inicia-cumbre-sobre-sexualidad-en-cape-town\/","og_locale":"es_ES","og_type":"article","og_title":"\u201cA la Imagen de Dios\u201d - Se inicia Cumbre sobre Sexualidad en Cape Town - Iglesia Adventista del S\u00e9ptimo D\u00eda - Divisi\u00f3n Interamericana","og_description":"Aproximadamente 350 dirigentes, pastores, acad\u00e9micos y expertos en recursos humanos de la Iglesia Adventista del S\u00e9ptimo D\u00eda, se han reunido en Cape Town, Sud\u00e1frica, en una cumbre de cuatro d\u00edas de duraci\u00f3n cuya intenci\u00f3n es ayudar a la iglesia mundial a enfrentar de la mejor manera las experiencias en relaci\u00f3n a la homosexualidad y sexualidades alternativas.","og_url":"https:\/\/interamerica.org\/es\/2014\/03\/a-la-imagen-de-dios-se-inicia-cumbre-sobre-sexualidad-en-cape-town\/","og_site_name":"Iglesia Adventista del S\u00e9ptimo D\u00eda - Divisi\u00f3n Interamericana","article_published_time":"2014-03-17T04:00:00+00:00","og_image":[{"width":590,"height":369,"url":"https:\/\/interamerica.org\/wp-content\/uploads\/2017\/06\/SexualitySummit.png","type":"image\/png"}],"author":"Lorenzo Verduzco","twitter_card":"summary_large_image","twitter_misc":{"Escrito por":"Lorenzo Verduzco","Tiempo de lectura":"5 minutos"},"schema":{"@context":"https:\/\/schema.org","@graph":[{"@type":"Article","@id":"https:\/\/interamerica.org\/es\/2014\/03\/a-la-imagen-de-dios-se-inicia-cumbre-sobre-sexualidad-en-cape-town\/#article","isPartOf":{"@id":"https:\/\/interamerica.org\/es\/2014\/03\/a-la-imagen-de-dios-se-inicia-cumbre-sobre-sexualidad-en-cape-town\/"},"author":{"name":"Lorenzo Verduzco","@id":"https:\/\/interamerica.org\/es\/#\/schema\/person\/68ede8bdc292885bb76c1e3810e73c39"},"headline":"\u201cA la Imagen de Dios\u201d &#8211; Se inicia Cumbre sobre Sexualidad en Cape Town","datePublished":"2014-03-17T04:00:00+00:00","mainEntityOfPage":{"@id":"https:\/\/interamerica.org\/es\/2014\/03\/a-la-imagen-de-dios-se-inicia-cumbre-sobre-sexualidad-en-cape-town\/"},"wordCount":1011,"image":{"@id":"https:\/\/interamerica.org\/es\/2014\/03\/a-la-imagen-de-dios-se-inicia-cumbre-sobre-sexualidad-en-cape-town\/#primaryimage"},"thumbnailUrl":"https:\/\/interamerica.org\/wp-content\/uploads\/2017\/06\/SexualitySummit.png","articleSection":["Desde la iglesia mundial"],"inLanguage":"es"},{"@type":"WebPage","@id":"https:\/\/interamerica.org\/es\/2014\/03\/a-la-imagen-de-dios-se-inicia-cumbre-sobre-sexualidad-en-cape-town\/","url":"https:\/\/interamerica.org\/es\/2014\/03\/a-la-imagen-de-dios-se-inicia-cumbre-sobre-sexualidad-en-cape-town\/","name":"\u201cA la Imagen de Dios\u201d - Se inicia Cumbre sobre Sexualidad en Cape Town - Iglesia Adventista del S\u00e9ptimo D\u00eda - Divisi\u00f3n Interamericana","isPartOf":{"@id":"https:\/\/interamerica.org\/es\/#website"},"primaryImageOfPage":{"@id":"https:\/\/interamerica.org\/es\/2014\/03\/a-la-imagen-de-dios-se-inicia-cumbre-sobre-sexualidad-en-cape-town\/#primaryimage"},"image":{"@id":"https:\/\/interamerica.org\/es\/2014\/03\/a-la-imagen-de-dios-se-inicia-cumbre-sobre-sexualidad-en-cape-town\/#primaryimage"},"thumbnailUrl":"https:\/\/interamerica.org\/wp-content\/uploads\/2017\/06\/SexualitySummit.png","datePublished":"2014-03-17T04:00:00+00:00","author":{"@id":"https:\/\/interamerica.org\/es\/#\/schema\/person\/68ede8bdc292885bb76c1e3810e73c39"},"breadcrumb":{"@id":"https:\/\/interamerica.org\/es\/2014\/03\/a-la-imagen-de-dios-se-inicia-cumbre-sobre-sexualidad-en-cape-town\/#breadcrumb"},"inLanguage":"es","potentialAction":[{"@type":"ReadAction","target":["https:\/\/interamerica.org\/es\/2014\/03\/a-la-imagen-de-dios-se-inicia-cumbre-sobre-sexualidad-en-cape-town\/"]}]},{"@type":"ImageObject","inLanguage":"es","@id":"https:\/\/interamerica.org\/es\/2014\/03\/a-la-imagen-de-dios-se-inicia-cumbre-sobre-sexualidad-en-cape-town\/#primaryimage","url":"https:\/\/interamerica.org\/wp-content\/uploads\/2017\/06\/SexualitySummit.png","contentUrl":"https:\/\/interamerica.org\/wp-content\/uploads\/2017\/06\/SexualitySummit.png","width":590,"height":369},{"@type":"BreadcrumbList","@id":"https:\/\/interamerica.org\/es\/2014\/03\/a-la-imagen-de-dios-se-inicia-cumbre-sobre-sexualidad-en-cape-town\/#breadcrumb","itemListElement":[{"@type":"ListItem","position":1,"name":"Home","item":"https:\/\/interamerica.org\/es\/"},{"@type":"ListItem","position":2,"name":"\u201cA la Imagen de Dios\u201d &#8211; Se inicia Cumbre sobre Sexualidad en Cape Town"}]},{"@type":"WebSite","@id":"https:\/\/interamerica.org\/es\/#website","url":"https:\/\/interamerica.org\/es\/","name":"Iglesia Adventista del S\u00e9ptimo D\u00eda - Divisi\u00f3n Interamericana","description":"","potentialAction":[{"@type":"SearchAction","target":{"@type":"EntryPoint","urlTemplate":"https:\/\/interamerica.org\/es\/?s={search_term_string}"},"query-input":{"@type":"PropertyValueSpecification","valueRequired":true,"valueName":"search_term_string"}}],"inLanguage":"es"},{"@type":"Person","@id":"https:\/\/interamerica.org\/es\/#\/schema\/person\/68ede8bdc292885bb76c1e3810e73c39","name":"Lorenzo Verduzco","image":{"@type":"ImageObject","inLanguage":"es","@id":"https:\/\/secure.gravatar.com\/avatar\/fb81a55b6218459490a9c1dc841a34909185b81904c5337b4b27f7a6fd60c49e?s=96&d=mm&r=g","url":"https:\/\/secure.gravatar.com\/avatar\/fb81a55b6218459490a9c1dc841a34909185b81904c5337b4b27f7a6fd60c49e?s=96&d=mm&r=g","contentUrl":"https:\/\/secure.gravatar.com\/avatar\/fb81a55b6218459490a9c1dc841a34909185b81904c5337b4b27f7a6fd60c49e?s=96&d=mm&r=g","caption":"Lorenzo Verduzco"}}]}},"_links":{"self":[{"href":"https:\/\/interamerica.org\/es\/wp-json\/wp\/v2\/posts\/30456","targetHints":{"allow":["GET"]}}],"collection":[{"href":"https:\/\/interamerica.org\/es\/wp-json\/wp\/v2\/posts"}],"about":[{"href":"https:\/\/interamerica.org\/es\/wp-json\/wp\/v2\/types\/post"}],"author":[{"embeddable":true,"href":"https:\/\/interamerica.org\/es\/wp-json\/wp\/v2\/users\/1"}],"replies":[{"embeddable":true,"href":"https:\/\/interamerica.org\/es\/wp-json\/wp\/v2\/comments?post=30456"}],"version-history":[{"count":0,"href":"https:\/\/interamerica.org\/es\/wp-json\/wp\/v2\/posts\/30456\/revisions"}],"wp:featuredmedia":[{"embeddable":true,"href":"https:\/\/interamerica.org\/es\/wp-json\/wp\/v2\/media\/22775"}],"wp:attachment":[{"href":"https:\/\/interamerica.org\/es\/wp-json\/wp\/v2\/media?parent=30456"}],"wp:term":[{"taxonomy":"category","embeddable":true,"href":"https:\/\/interamerica.org\/es\/wp-json\/wp\/v2\/categories?post=30456"},{"taxonomy":"post_tag","embeddable":true,"href":"https:\/\/interamerica.org\/es\/wp-json\/wp\/v2\/tags?post=30456"}],"curies":[{"name":"wp","href":"https:\/\/api.w.org\/{rel}","templated":true}]}}