{"id":30459,"date":"2014-03-22T00:00:00","date_gmt":"2014-03-22T04:00:00","guid":{"rendered":"http:\/\/192.81.217.108\/interamerica\/2014\/03\/se-debe-preservar-la-identidad-de-la-iglesia-pero-ministrar-en-favor-de-la-comunidad-gay-y-lesbiana-dicen-los-panelistas-en-la-cumbre-adventista-sobre-sexualidad\/"},"modified":"2014-03-22T00:00:00","modified_gmt":"2014-03-22T04:00:00","slug":"se-debe-preservar-la-identidad-de-la-iglesia-pero-ministrar-en-favor-de-la-comunidad-gay-y-lesbiana-dicen-los-panelistas-en-la-cumbre-adventista-sobre-sexualidad","status":"publish","type":"post","link":"https:\/\/interamerica.org\/es\/2014\/03\/se-debe-preservar-la-identidad-de-la-iglesia-pero-ministrar-en-favor-de-la-comunidad-gay-y-lesbiana-dicen-los-panelistas-en-la-cumbre-adventista-sobre-sexualidad\/","title":{"rendered":"Se debe preservar la identidad de la iglesia, pero ministrar en favor de la comunidad gay y lesbiana, dicen los panelistas en la cumbre adventista sobre sexualidad"},"content":{"rendered":"<p>19 de marzo de 2014 &#8211; Cape Town, Sud\u00e1frica&#8230;Adventist Review-Personal ANN<\/p>\n<p>Un panel de expertos discuti\u00f3 ayer, durante la Cumbre de la Iglesia Adventista del S\u00e9ptimo D\u00eda sobre Sexualidad, la mejor forma de negociar asuntos en torno a la comunidad gay y lesbiana de manera que se mantenga en alto la identidad teol\u00f3gica de la iglesia, mientras se reconocen las realidades que enfrentan las personas que luchan con su orientaci\u00f3n sexual.<\/p>\n<div id=\"attachment_11018\" style=\"width: 410px\" class=\"wp-caption alignright\"><a href=\"\/interamerica\/wp-content\/uploads\/2017\/06\/csm_panel2-web_f26d773ed6.jpg\" rel=\"fancybox\" title=\"Se debe preservar la identidad de la iglesia, pero ministrar en favor de la comunidad gay y lesbiana, dicen los panelistas en la cumbre adventista sobre sexualidad\"><img fetchpriority=\"high\" decoding=\"async\" aria-describedby=\"caption-attachment-11018\" class=\"size-full wp-image-11018\" src=\"\/interamerica\/wp-content\/uploads\/2017\/06\/csm_panel2-web_f26d773ed6.jpg\" alt=\"\" width=\"400\" height=\"266\" \/><\/a><p id=\"caption-attachment-11018\" class=\"wp-caption-text\">Un panel discute asuntos en torno a LGBT el 18 de marzo, en la cumbre adventista sobre sexualidad. \u201cA la Imagen de Dios: Escrituras. Sexualidad. Sociedad\u201d, que se re\u00fane esta semana en Cape Town, Sud\u00e1frica. Imagen por Ansel Oliver<\/p><\/div>\n<p>Esas realidades ya est\u00e1n ejerciendo un impacto en la vida de la iglesia, afirmaron los panelistas el 18 de marzo, en la cumbre de la Iglesia Adventista del S\u00e9ptimo D\u00eda sobre sexualidad, en Cape Town, Sud\u00e1frica.<\/p>\n<p>\u201cLa feligres\u00eda de la iglesia cubre toda la gama entre personas manifiestamente gay y aquellas que niegan esa realidad\u201d, dijo Willie Oliver, director del departamento de Ministerio de la Familia de la iglesia adventista mundial. \u201cDurante a\u00f1os nos hemos encontrado por doquier con esas realidades. La gente est\u00e1 sufriendo y experimentando sentimientos que algunos de nosotros no queremos reconocer\u201d.<\/p>\n<p>Actualmente, los gobiernos de 18 pa\u00edses y 15 estados de los Estados Unidos reconocen matrimonios entre el mismo sexo. M\u00e1s de 100 pa\u00edses han dejado de criminalizar la conducta homosexual. Sin embargo, cuarenta y dos pa\u00edses africanos la juzgan como acto criminal, dijo Karnik Doukmetzian, consejero general de la iglesia adventista mundial, en un resumen de realidades de orden legal.<br \/>\n\u201cPreoc\u00fapense por entender las leyes de su pa\u00eds\u201d, dijo. \u201cLos asuntos legislativos son progresivos: las leyes cambian constantemente\u201d.<\/p>\n<p>Un ejemplo pr\u00e1ctico, dijo el consejero general, es si un pastor adventista puede legalmente elegir no casar a parejas del mismo sexo, invocando conflicto de conciencia. \u201cDeben asegurarse de que las leyes en su pa\u00eds permiten a los ministros religiosos optar por no hacerlo.\u201d, dijo, al instar a administradores y pastores a trabajar unidos en crear con anticipaci\u00f3n una respuesta enraizada en las doctrinas y creencias adventistas.<\/p>\n<p>Tambi\u00e9n en el \u00e1mbito del empleo, la legislaci\u00f3n puede afectar a la Iglesia Adventista, dijo Lori Yingling, directora asociada de Recursos Humanos en las oficinas centrales de la iglesia adventista mundial, en Silver Spring, Maryland, Estados Unidos.<\/p>\n<p>\u201cSiendo que somos una organizaci\u00f3n religiosa, tenemos en los Estados Unidos una \u201cconcesi\u00f3n\u201d legal que nos permite emplear solamente empleados adventistas\u201d, a\u00f1adi\u00f3 Lori Yingling, haciendo notar que la excepci\u00f3n les permite a las instituciones de la iglesia requerir condiciones de empleo basadas en los reglamentos operativos y creencias de la iglesia, que los empleados potenciales deben leer y firmar.<\/p>\n<p>Pero m\u00e1s all\u00e1 de las cuestiones de empleo, est\u00e1n las luchas de las personas reales, dijo Brett Townend, presidente de la Asociaci\u00f3n del Norte de Australia de la Iglesia Adventista.<\/p>\n<p>\u201cPensamos que estamos hablando de reglamentos, pol\u00edticas y protocolos, pero se trata m\u00e1s bien de personas\u201d, dijo adem\u00e1s. \u201cNo ayudaremos en nada si simplemente hacemos pronunciamientos que frotan sal sobre muchas heridas abiertas. Debemos preservar nuestra iglesia y a la vez lidiar con el dolor tan real que estas personas est\u00e1n experimentando\u201d.<\/p>\n<p>Los panelistas consideraron tambi\u00e9n la necesidad creciente de ministrar en favor de adultos j\u00f3venes adventistas que exploran o luchan con cuestiones de identidad sexual.<\/p>\n<p>\u201cLo que estamos viendo, particularmente en los planteles universitarios, son estudiantes tratando de descubrir qui\u00e9nes son\u201d, dijo Elaine Oliver, directora asociada del departamento de Ministerio de la Familia de las iglesia adventista mundial.<\/p>\n<p>\u201cTristemente, muchos padres cristianos guardan silencio sobre este tema\u201d, continu\u00f3 diciendo. \u201cCuando guardamos silencio con respecto al asunto de identidad de nuestros hijos, hay por ah\u00ed muchas voces dispuestas a ayudarlos a resolver c\u00f3mo tratar el asunto de su identidad. No podemos seguir d\u00e1ndonos el lujo de guardar silencio\u201d.<\/p>\n<p>Ekkehardt Mueller, director asociado del Instituto de Investigaci\u00f3n B\u00edblica de la iglesia mundial, estuvo perfectamente de acuerdo. \u201cLos adultos j\u00f3venes de hoy\u201d, dijo, se ven \u201cbombardeados con mensajes en los medios de comunicaci\u00f3n\u201d. Hizo notar un \u201ccambio\u201d en la mentalidad, cuando las generaciones m\u00e1s j\u00f3venes enfocan cada vez m\u00e1s su atenci\u00f3n en los asuntos gay y lesbianos a trav\u00e9s del lente de la justicia social, en vez del de la moralidad.<\/p>\n<p>El panel, moderado por el vicepresidente de la iglesia adventista mundial, Pardon Mwansa, discuti\u00f3 tambi\u00e9n sobre si se debe otorgar calidad de miembro de la iglesia a personas atra\u00eddas hacia el mismo sexo que no act\u00faan en relaci\u00f3n a esa atracci\u00f3n.<\/p>\n<p>\u201cLo m\u00ednimo que podemos hacer es reconocer que esa orientaci\u00f3n en s\u00ed no es pecaminosa,\u201d dijo Townend. \u201c\u00bfMuri\u00f3 Jes\u00fas por ellas [personas atra\u00eddas hacia otras del mismo sexo]? \u00bfDesea que entren estas personas en una relaci\u00f3n con \u00e9l? Yo los bautizar\u00eda sin vacilaci\u00f3n alguna\u201d.<\/p>\n<p>Townend reconoci\u00f3 que tal acci\u00f3n generar\u00eda una enorme ola de discusi\u00f3n en las congregaciones locales, pero dijo que las \u201cdiscusiones deben comenzar desde la posici\u00f3n de un o\u00eddo atento y no de una de condenaci\u00f3n.\u201d La iglesia, dijo, debe ser un \u201clugar seguro\u201d en que se asignen mentores a miembros reci\u00e9n bautizados que todav\u00eda luchan con su identidad sexual.<\/p>\n<p>Cuando se le pregunt\u00f3 c\u00f3mo responder\u00eda a una persona atra\u00edda hacia otras del mismo sexo, luchando activamente para cambiar su orientaci\u00f3n, pero fallando en el intento, Peter Swanson, profesor asociado de Cuidado Pastoral, en la Universidad Andrews de la iglesia, dijo que \u201cafirmar\u00eda\u201d a la persona en su \u201cpersistencia\u201d, pero se preguntar\u00eda si los objetivos de la persona eran \u201cimpracticables o inalcanzables.\u201d Otro factor, dijo, podr\u00eda ser si la persona tiene o no el apoyo de un c\u00edrculo de amigos y familiares cristianos.<\/p>\n<p>Temprano el mismo d\u00eda, Kwabena Donkor, director asociado del Instituto B\u00edblico de Investigaci\u00f3n, de la iglesia adventista mundial, present\u00f3 el tema sobre hermen\u00e9utica o interpretaci\u00f3n de homosexualidad en la Biblia. Dijo que los principales puntos de contenci\u00f3n son diferentes interpretaciones de las Escrituras \u2014la hermen\u00e9utica \u201ctradicional\u201d contra la \u201ccontempor\u00e1nea\u201d.<\/p>\n<p>\u201cLa hermen\u00e9utica contempor\u00e1nea hace una distinci\u00f3n entre lo que el texto significaba y lo que significa, y esto es lo que constituye el cambio en relaci\u00f3n con la hermen\u00e9utica tradicional, a\u00f1adi\u00f3. El objetivo de la contempor\u00e1nea, dijo \u201ces poner en movimiento el as\u00ed llamado \u2018mundo extra ling\u00fc\u00edstico\u2019, la proyecci\u00f3n de nuevos mundos de significado\u201d.<\/p>\n<p>En una nota escrita a mano, un delegado an\u00f3nimo pregunt\u00f3 si ellos, quienes se subscriben a la hermen\u00e9utica contempor\u00e1nea, ser\u00edan aceptados en la cumbre. Kwabena Donkor respondi\u00f3 que la iglesia necesita mantener di\u00e1logo con personas que tienen otras \u201cpresuposiciones\u201d basadas en ese enfoque.<\/p>\n<p>Por ejemplo, continu\u00f3 diciendo, los te\u00f3ricos que apoyan la hermen\u00e9utica contempor\u00e1nea, dicen que la historia de Sodoma en G\u00e9nesis 19, se toma como significante ling\u00fc\u00edstico, en el que el referente primordial no es la homosexualidad, sino la injusticia, expresada como una infracci\u00f3n a la costumbre o tradici\u00f3n de la hospitalidad e intento de violaci\u00f3n homosexual.<\/p>\n<p>\u201cEst\u00e1n negando la premisa b\u00e1sica de que fue de hecho un atentado de orden homosexual y est\u00e1n tratando de \u201cdarle la vuelta\u201d, Kwabena Donkor dijo m\u00e1s tarde en un comentario al margen de la conferencia: \u201cPero como iglesia, debemos dialogar con las personas que tienen esas presuposiciones. Los descartamos como \u2018liberales\u2019 pero las etiquetas no ayudan mucho. Son personas entregadas a la misma causa y necesitamos entenderlas y hablar con ellas\u201d.<\/p>\n<p>Traducci\u00f3n por Gloria A. Castrej\u00f3n<\/p>\n","protected":false},"excerpt":{"rendered":"<p>Un panel de expertos discuti\u00f3 ayer, durante la Cumbre de la Iglesia Adventista del S\u00e9ptimo D\u00eda sobre Sexualidad, la mejor forma de negociar asuntos en torno a la comunidad gay y lesbiana de manera que se mantenga en alto la identidad teol\u00f3gica de la iglesia, mientras se reconocen las realidades que enfrentan las personas que luchan con su orientaci\u00f3n sexual.<\/p>\n","protected":false},"author":1,"featured_media":22786,"comment_status":"closed","ping_status":"closed","sticky":false,"template":"","format":"standard","meta":{"_acf_changed":false,"footnotes":""},"categories":[14],"tags":[],"class_list":["post-30459","post","type-post","status-publish","format-standard","has-post-thumbnail","hentry","category-de-la-iglesia-mundial"],"acf":[],"yoast_head":"<!-- This site is optimized with the Yoast SEO plugin v27.3 - https:\/\/yoast.com\/product\/yoast-seo-wordpress\/ -->\n<title>Se debe preservar la identidad de la iglesia, pero ministrar en favor de la comunidad gay y lesbiana, dicen los panelistas en la cumbre adventista sobre sexualidad - Iglesia Adventista del S\u00e9ptimo D\u00eda - Divisi\u00f3n Interamericana<\/title>\n<meta name=\"robots\" content=\"index, follow, max-snippet:-1, max-image-preview:large, max-video-preview:-1\" \/>\n<link rel=\"canonical\" href=\"https:\/\/interamerica.org\/es\/2014\/03\/se-debe-preservar-la-identidad-de-la-iglesia-pero-ministrar-en-favor-de-la-comunidad-gay-y-lesbiana-dicen-los-panelistas-en-la-cumbre-adventista-sobre-sexualidad\/\" \/>\n<meta property=\"og:locale\" content=\"es_ES\" \/>\n<meta property=\"og:type\" content=\"article\" \/>\n<meta property=\"og:title\" content=\"Se debe preservar la identidad de la iglesia, pero ministrar en favor de la comunidad gay y lesbiana, dicen los panelistas en la cumbre adventista sobre sexualidad - Iglesia Adventista del S\u00e9ptimo D\u00eda - Divisi\u00f3n Interamericana\" \/>\n<meta property=\"og:description\" content=\"Un panel de expertos discuti\u00f3 ayer, durante la Cumbre de la Iglesia Adventista del S\u00e9ptimo D\u00eda sobre Sexualidad, la mejor forma de negociar asuntos en torno a la comunidad gay y lesbiana de manera que se mantenga en alto la identidad teol\u00f3gica de la iglesia, mientras se reconocen las realidades que enfrentan las personas que luchan con su orientaci\u00f3n sexual.\" \/>\n<meta property=\"og:url\" content=\"https:\/\/interamerica.org\/es\/2014\/03\/se-debe-preservar-la-identidad-de-la-iglesia-pero-ministrar-en-favor-de-la-comunidad-gay-y-lesbiana-dicen-los-panelistas-en-la-cumbre-adventista-sobre-sexualidad\/\" \/>\n<meta property=\"og:site_name\" content=\"Iglesia Adventista del S\u00e9ptimo D\u00eda - Divisi\u00f3n Interamericana\" \/>\n<meta property=\"article:published_time\" content=\"2014-03-22T04:00:00+00:00\" \/>\n<meta property=\"og:image\" content=\"https:\/\/interamerica.org\/wp-content\/uploads\/2017\/06\/csm_panel2-web_f26d773ed6.jpg\" \/>\n\t<meta property=\"og:image:width\" content=\"400\" \/>\n\t<meta property=\"og:image:height\" content=\"266\" \/>\n\t<meta property=\"og:image:type\" content=\"image\/jpeg\" \/>\n<meta name=\"author\" content=\"Lorenzo Verduzco\" \/>\n<meta name=\"twitter:card\" content=\"summary_large_image\" \/>\n<meta name=\"twitter:label1\" content=\"Escrito por\" \/>\n\t<meta name=\"twitter:data1\" content=\"Lorenzo Verduzco\" \/>\n\t<meta name=\"twitter:label2\" content=\"Tiempo de lectura\" \/>\n\t<meta name=\"twitter:data2\" content=\"7 minutos\" \/>\n<script type=\"application\/ld+json\" class=\"yoast-schema-graph\">{\"@context\":\"https:\\\/\\\/schema.org\",\"@graph\":[{\"@type\":\"Article\",\"@id\":\"https:\\\/\\\/interamerica.org\\\/es\\\/2014\\\/03\\\/se-debe-preservar-la-identidad-de-la-iglesia-pero-ministrar-en-favor-de-la-comunidad-gay-y-lesbiana-dicen-los-panelistas-en-la-cumbre-adventista-sobre-sexualidad\\\/#article\",\"isPartOf\":{\"@id\":\"https:\\\/\\\/interamerica.org\\\/es\\\/2014\\\/03\\\/se-debe-preservar-la-identidad-de-la-iglesia-pero-ministrar-en-favor-de-la-comunidad-gay-y-lesbiana-dicen-los-panelistas-en-la-cumbre-adventista-sobre-sexualidad\\\/\"},\"author\":{\"name\":\"Lorenzo Verduzco\",\"@id\":\"https:\\\/\\\/interamerica.org\\\/es\\\/#\\\/schema\\\/person\\\/68ede8bdc292885bb76c1e3810e73c39\"},\"headline\":\"Se debe preservar la identidad de la iglesia, pero ministrar en favor de la comunidad gay y lesbiana, dicen los panelistas en la cumbre adventista sobre sexualidad\",\"datePublished\":\"2014-03-22T04:00:00+00:00\",\"mainEntityOfPage\":{\"@id\":\"https:\\\/\\\/interamerica.org\\\/es\\\/2014\\\/03\\\/se-debe-preservar-la-identidad-de-la-iglesia-pero-ministrar-en-favor-de-la-comunidad-gay-y-lesbiana-dicen-los-panelistas-en-la-cumbre-adventista-sobre-sexualidad\\\/\"},\"wordCount\":1349,\"image\":{\"@id\":\"https:\\\/\\\/interamerica.org\\\/es\\\/2014\\\/03\\\/se-debe-preservar-la-identidad-de-la-iglesia-pero-ministrar-en-favor-de-la-comunidad-gay-y-lesbiana-dicen-los-panelistas-en-la-cumbre-adventista-sobre-sexualidad\\\/#primaryimage\"},\"thumbnailUrl\":\"https:\\\/\\\/interamerica.org\\\/wp-content\\\/uploads\\\/2017\\\/06\\\/csm_panel2-web_f26d773ed6.jpg\",\"articleSection\":[\"Desde la iglesia mundial\"],\"inLanguage\":\"es\"},{\"@type\":\"WebPage\",\"@id\":\"https:\\\/\\\/interamerica.org\\\/es\\\/2014\\\/03\\\/se-debe-preservar-la-identidad-de-la-iglesia-pero-ministrar-en-favor-de-la-comunidad-gay-y-lesbiana-dicen-los-panelistas-en-la-cumbre-adventista-sobre-sexualidad\\\/\",\"url\":\"https:\\\/\\\/interamerica.org\\\/es\\\/2014\\\/03\\\/se-debe-preservar-la-identidad-de-la-iglesia-pero-ministrar-en-favor-de-la-comunidad-gay-y-lesbiana-dicen-los-panelistas-en-la-cumbre-adventista-sobre-sexualidad\\\/\",\"name\":\"Se debe preservar la identidad de la iglesia, pero ministrar en favor de la comunidad gay y lesbiana, dicen los panelistas en la cumbre adventista sobre sexualidad - Iglesia Adventista del S\u00e9ptimo D\u00eda - Divisi\u00f3n Interamericana\",\"isPartOf\":{\"@id\":\"https:\\\/\\\/interamerica.org\\\/es\\\/#website\"},\"primaryImageOfPage\":{\"@id\":\"https:\\\/\\\/interamerica.org\\\/es\\\/2014\\\/03\\\/se-debe-preservar-la-identidad-de-la-iglesia-pero-ministrar-en-favor-de-la-comunidad-gay-y-lesbiana-dicen-los-panelistas-en-la-cumbre-adventista-sobre-sexualidad\\\/#primaryimage\"},\"image\":{\"@id\":\"https:\\\/\\\/interamerica.org\\\/es\\\/2014\\\/03\\\/se-debe-preservar-la-identidad-de-la-iglesia-pero-ministrar-en-favor-de-la-comunidad-gay-y-lesbiana-dicen-los-panelistas-en-la-cumbre-adventista-sobre-sexualidad\\\/#primaryimage\"},\"thumbnailUrl\":\"https:\\\/\\\/interamerica.org\\\/wp-content\\\/uploads\\\/2017\\\/06\\\/csm_panel2-web_f26d773ed6.jpg\",\"datePublished\":\"2014-03-22T04:00:00+00:00\",\"author\":{\"@id\":\"https:\\\/\\\/interamerica.org\\\/es\\\/#\\\/schema\\\/person\\\/68ede8bdc292885bb76c1e3810e73c39\"},\"breadcrumb\":{\"@id\":\"https:\\\/\\\/interamerica.org\\\/es\\\/2014\\\/03\\\/se-debe-preservar-la-identidad-de-la-iglesia-pero-ministrar-en-favor-de-la-comunidad-gay-y-lesbiana-dicen-los-panelistas-en-la-cumbre-adventista-sobre-sexualidad\\\/#breadcrumb\"},\"inLanguage\":\"es\",\"potentialAction\":[{\"@type\":\"ReadAction\",\"target\":[\"https:\\\/\\\/interamerica.org\\\/es\\\/2014\\\/03\\\/se-debe-preservar-la-identidad-de-la-iglesia-pero-ministrar-en-favor-de-la-comunidad-gay-y-lesbiana-dicen-los-panelistas-en-la-cumbre-adventista-sobre-sexualidad\\\/\"]}]},{\"@type\":\"ImageObject\",\"inLanguage\":\"es\",\"@id\":\"https:\\\/\\\/interamerica.org\\\/es\\\/2014\\\/03\\\/se-debe-preservar-la-identidad-de-la-iglesia-pero-ministrar-en-favor-de-la-comunidad-gay-y-lesbiana-dicen-los-panelistas-en-la-cumbre-adventista-sobre-sexualidad\\\/#primaryimage\",\"url\":\"https:\\\/\\\/interamerica.org\\\/wp-content\\\/uploads\\\/2017\\\/06\\\/csm_panel2-web_f26d773ed6.jpg\",\"contentUrl\":\"https:\\\/\\\/interamerica.org\\\/wp-content\\\/uploads\\\/2017\\\/06\\\/csm_panel2-web_f26d773ed6.jpg\",\"width\":400,\"height\":266},{\"@type\":\"BreadcrumbList\",\"@id\":\"https:\\\/\\\/interamerica.org\\\/es\\\/2014\\\/03\\\/se-debe-preservar-la-identidad-de-la-iglesia-pero-ministrar-en-favor-de-la-comunidad-gay-y-lesbiana-dicen-los-panelistas-en-la-cumbre-adventista-sobre-sexualidad\\\/#breadcrumb\",\"itemListElement\":[{\"@type\":\"ListItem\",\"position\":1,\"name\":\"Home\",\"item\":\"https:\\\/\\\/interamerica.org\\\/es\\\/\"},{\"@type\":\"ListItem\",\"position\":2,\"name\":\"Se debe preservar la identidad de la iglesia, pero ministrar en favor de la comunidad gay y lesbiana, dicen los panelistas en la cumbre adventista sobre sexualidad\"}]},{\"@type\":\"WebSite\",\"@id\":\"https:\\\/\\\/interamerica.org\\\/es\\\/#website\",\"url\":\"https:\\\/\\\/interamerica.org\\\/es\\\/\",\"name\":\"Iglesia Adventista del S\u00e9ptimo D\u00eda - Divisi\u00f3n Interamericana\",\"description\":\"\",\"potentialAction\":[{\"@type\":\"SearchAction\",\"target\":{\"@type\":\"EntryPoint\",\"urlTemplate\":\"https:\\\/\\\/interamerica.org\\\/es\\\/?s={search_term_string}\"},\"query-input\":{\"@type\":\"PropertyValueSpecification\",\"valueRequired\":true,\"valueName\":\"search_term_string\"}}],\"inLanguage\":\"es\"},{\"@type\":\"Person\",\"@id\":\"https:\\\/\\\/interamerica.org\\\/es\\\/#\\\/schema\\\/person\\\/68ede8bdc292885bb76c1e3810e73c39\",\"name\":\"Lorenzo Verduzco\",\"image\":{\"@type\":\"ImageObject\",\"inLanguage\":\"es\",\"@id\":\"https:\\\/\\\/secure.gravatar.com\\\/avatar\\\/fb81a55b6218459490a9c1dc841a34909185b81904c5337b4b27f7a6fd60c49e?s=96&d=mm&r=g\",\"url\":\"https:\\\/\\\/secure.gravatar.com\\\/avatar\\\/fb81a55b6218459490a9c1dc841a34909185b81904c5337b4b27f7a6fd60c49e?s=96&d=mm&r=g\",\"contentUrl\":\"https:\\\/\\\/secure.gravatar.com\\\/avatar\\\/fb81a55b6218459490a9c1dc841a34909185b81904c5337b4b27f7a6fd60c49e?s=96&d=mm&r=g\",\"caption\":\"Lorenzo Verduzco\"}}]}<\/script>\n<!-- \/ Yoast SEO plugin. -->","yoast_head_json":{"title":"Se debe preservar la identidad de la iglesia, pero ministrar en favor de la comunidad gay y lesbiana, dicen los panelistas en la cumbre adventista sobre sexualidad - Iglesia Adventista del S\u00e9ptimo D\u00eda - Divisi\u00f3n Interamericana","robots":{"index":"index","follow":"follow","max-snippet":"max-snippet:-1","max-image-preview":"max-image-preview:large","max-video-preview":"max-video-preview:-1"},"canonical":"https:\/\/interamerica.org\/es\/2014\/03\/se-debe-preservar-la-identidad-de-la-iglesia-pero-ministrar-en-favor-de-la-comunidad-gay-y-lesbiana-dicen-los-panelistas-en-la-cumbre-adventista-sobre-sexualidad\/","og_locale":"es_ES","og_type":"article","og_title":"Se debe preservar la identidad de la iglesia, pero ministrar en favor de la comunidad gay y lesbiana, dicen los panelistas en la cumbre adventista sobre sexualidad - Iglesia Adventista del S\u00e9ptimo D\u00eda - Divisi\u00f3n Interamericana","og_description":"Un panel de expertos discuti\u00f3 ayer, durante la Cumbre de la Iglesia Adventista del S\u00e9ptimo D\u00eda sobre Sexualidad, la mejor forma de negociar asuntos en torno a la comunidad gay y lesbiana de manera que se mantenga en alto la identidad teol\u00f3gica de la iglesia, mientras se reconocen las realidades que enfrentan las personas que luchan con su orientaci\u00f3n sexual.","og_url":"https:\/\/interamerica.org\/es\/2014\/03\/se-debe-preservar-la-identidad-de-la-iglesia-pero-ministrar-en-favor-de-la-comunidad-gay-y-lesbiana-dicen-los-panelistas-en-la-cumbre-adventista-sobre-sexualidad\/","og_site_name":"Iglesia Adventista del S\u00e9ptimo D\u00eda - Divisi\u00f3n Interamericana","article_published_time":"2014-03-22T04:00:00+00:00","og_image":[{"width":400,"height":266,"url":"https:\/\/interamerica.org\/wp-content\/uploads\/2017\/06\/csm_panel2-web_f26d773ed6.jpg","type":"image\/jpeg"}],"author":"Lorenzo Verduzco","twitter_card":"summary_large_image","twitter_misc":{"Escrito por":"Lorenzo Verduzco","Tiempo de lectura":"7 minutos"},"schema":{"@context":"https:\/\/schema.org","@graph":[{"@type":"Article","@id":"https:\/\/interamerica.org\/es\/2014\/03\/se-debe-preservar-la-identidad-de-la-iglesia-pero-ministrar-en-favor-de-la-comunidad-gay-y-lesbiana-dicen-los-panelistas-en-la-cumbre-adventista-sobre-sexualidad\/#article","isPartOf":{"@id":"https:\/\/interamerica.org\/es\/2014\/03\/se-debe-preservar-la-identidad-de-la-iglesia-pero-ministrar-en-favor-de-la-comunidad-gay-y-lesbiana-dicen-los-panelistas-en-la-cumbre-adventista-sobre-sexualidad\/"},"author":{"name":"Lorenzo Verduzco","@id":"https:\/\/interamerica.org\/es\/#\/schema\/person\/68ede8bdc292885bb76c1e3810e73c39"},"headline":"Se debe preservar la identidad de la iglesia, pero ministrar en favor de la comunidad gay y lesbiana, dicen los panelistas en la cumbre adventista sobre sexualidad","datePublished":"2014-03-22T04:00:00+00:00","mainEntityOfPage":{"@id":"https:\/\/interamerica.org\/es\/2014\/03\/se-debe-preservar-la-identidad-de-la-iglesia-pero-ministrar-en-favor-de-la-comunidad-gay-y-lesbiana-dicen-los-panelistas-en-la-cumbre-adventista-sobre-sexualidad\/"},"wordCount":1349,"image":{"@id":"https:\/\/interamerica.org\/es\/2014\/03\/se-debe-preservar-la-identidad-de-la-iglesia-pero-ministrar-en-favor-de-la-comunidad-gay-y-lesbiana-dicen-los-panelistas-en-la-cumbre-adventista-sobre-sexualidad\/#primaryimage"},"thumbnailUrl":"https:\/\/interamerica.org\/wp-content\/uploads\/2017\/06\/csm_panel2-web_f26d773ed6.jpg","articleSection":["Desde la iglesia mundial"],"inLanguage":"es"},{"@type":"WebPage","@id":"https:\/\/interamerica.org\/es\/2014\/03\/se-debe-preservar-la-identidad-de-la-iglesia-pero-ministrar-en-favor-de-la-comunidad-gay-y-lesbiana-dicen-los-panelistas-en-la-cumbre-adventista-sobre-sexualidad\/","url":"https:\/\/interamerica.org\/es\/2014\/03\/se-debe-preservar-la-identidad-de-la-iglesia-pero-ministrar-en-favor-de-la-comunidad-gay-y-lesbiana-dicen-los-panelistas-en-la-cumbre-adventista-sobre-sexualidad\/","name":"Se debe preservar la identidad de la iglesia, pero ministrar en favor de la comunidad gay y lesbiana, dicen los panelistas en la cumbre adventista sobre sexualidad - Iglesia Adventista del S\u00e9ptimo D\u00eda - Divisi\u00f3n Interamericana","isPartOf":{"@id":"https:\/\/interamerica.org\/es\/#website"},"primaryImageOfPage":{"@id":"https:\/\/interamerica.org\/es\/2014\/03\/se-debe-preservar-la-identidad-de-la-iglesia-pero-ministrar-en-favor-de-la-comunidad-gay-y-lesbiana-dicen-los-panelistas-en-la-cumbre-adventista-sobre-sexualidad\/#primaryimage"},"image":{"@id":"https:\/\/interamerica.org\/es\/2014\/03\/se-debe-preservar-la-identidad-de-la-iglesia-pero-ministrar-en-favor-de-la-comunidad-gay-y-lesbiana-dicen-los-panelistas-en-la-cumbre-adventista-sobre-sexualidad\/#primaryimage"},"thumbnailUrl":"https:\/\/interamerica.org\/wp-content\/uploads\/2017\/06\/csm_panel2-web_f26d773ed6.jpg","datePublished":"2014-03-22T04:00:00+00:00","author":{"@id":"https:\/\/interamerica.org\/es\/#\/schema\/person\/68ede8bdc292885bb76c1e3810e73c39"},"breadcrumb":{"@id":"https:\/\/interamerica.org\/es\/2014\/03\/se-debe-preservar-la-identidad-de-la-iglesia-pero-ministrar-en-favor-de-la-comunidad-gay-y-lesbiana-dicen-los-panelistas-en-la-cumbre-adventista-sobre-sexualidad\/#breadcrumb"},"inLanguage":"es","potentialAction":[{"@type":"ReadAction","target":["https:\/\/interamerica.org\/es\/2014\/03\/se-debe-preservar-la-identidad-de-la-iglesia-pero-ministrar-en-favor-de-la-comunidad-gay-y-lesbiana-dicen-los-panelistas-en-la-cumbre-adventista-sobre-sexualidad\/"]}]},{"@type":"ImageObject","inLanguage":"es","@id":"https:\/\/interamerica.org\/es\/2014\/03\/se-debe-preservar-la-identidad-de-la-iglesia-pero-ministrar-en-favor-de-la-comunidad-gay-y-lesbiana-dicen-los-panelistas-en-la-cumbre-adventista-sobre-sexualidad\/#primaryimage","url":"https:\/\/interamerica.org\/wp-content\/uploads\/2017\/06\/csm_panel2-web_f26d773ed6.jpg","contentUrl":"https:\/\/interamerica.org\/wp-content\/uploads\/2017\/06\/csm_panel2-web_f26d773ed6.jpg","width":400,"height":266},{"@type":"BreadcrumbList","@id":"https:\/\/interamerica.org\/es\/2014\/03\/se-debe-preservar-la-identidad-de-la-iglesia-pero-ministrar-en-favor-de-la-comunidad-gay-y-lesbiana-dicen-los-panelistas-en-la-cumbre-adventista-sobre-sexualidad\/#breadcrumb","itemListElement":[{"@type":"ListItem","position":1,"name":"Home","item":"https:\/\/interamerica.org\/es\/"},{"@type":"ListItem","position":2,"name":"Se debe preservar la identidad de la iglesia, pero ministrar en favor de la comunidad gay y lesbiana, dicen los panelistas en la cumbre adventista sobre sexualidad"}]},{"@type":"WebSite","@id":"https:\/\/interamerica.org\/es\/#website","url":"https:\/\/interamerica.org\/es\/","name":"Iglesia Adventista del S\u00e9ptimo D\u00eda - Divisi\u00f3n Interamericana","description":"","potentialAction":[{"@type":"SearchAction","target":{"@type":"EntryPoint","urlTemplate":"https:\/\/interamerica.org\/es\/?s={search_term_string}"},"query-input":{"@type":"PropertyValueSpecification","valueRequired":true,"valueName":"search_term_string"}}],"inLanguage":"es"},{"@type":"Person","@id":"https:\/\/interamerica.org\/es\/#\/schema\/person\/68ede8bdc292885bb76c1e3810e73c39","name":"Lorenzo Verduzco","image":{"@type":"ImageObject","inLanguage":"es","@id":"https:\/\/secure.gravatar.com\/avatar\/fb81a55b6218459490a9c1dc841a34909185b81904c5337b4b27f7a6fd60c49e?s=96&d=mm&r=g","url":"https:\/\/secure.gravatar.com\/avatar\/fb81a55b6218459490a9c1dc841a34909185b81904c5337b4b27f7a6fd60c49e?s=96&d=mm&r=g","contentUrl":"https:\/\/secure.gravatar.com\/avatar\/fb81a55b6218459490a9c1dc841a34909185b81904c5337b4b27f7a6fd60c49e?s=96&d=mm&r=g","caption":"Lorenzo Verduzco"}}]}},"_links":{"self":[{"href":"https:\/\/interamerica.org\/es\/wp-json\/wp\/v2\/posts\/30459","targetHints":{"allow":["GET"]}}],"collection":[{"href":"https:\/\/interamerica.org\/es\/wp-json\/wp\/v2\/posts"}],"about":[{"href":"https:\/\/interamerica.org\/es\/wp-json\/wp\/v2\/types\/post"}],"author":[{"embeddable":true,"href":"https:\/\/interamerica.org\/es\/wp-json\/wp\/v2\/users\/1"}],"replies":[{"embeddable":true,"href":"https:\/\/interamerica.org\/es\/wp-json\/wp\/v2\/comments?post=30459"}],"version-history":[{"count":0,"href":"https:\/\/interamerica.org\/es\/wp-json\/wp\/v2\/posts\/30459\/revisions"}],"wp:featuredmedia":[{"embeddable":true,"href":"https:\/\/interamerica.org\/es\/wp-json\/wp\/v2\/media\/22786"}],"wp:attachment":[{"href":"https:\/\/interamerica.org\/es\/wp-json\/wp\/v2\/media?parent=30459"}],"wp:term":[{"taxonomy":"category","embeddable":true,"href":"https:\/\/interamerica.org\/es\/wp-json\/wp\/v2\/categories?post=30459"},{"taxonomy":"post_tag","embeddable":true,"href":"https:\/\/interamerica.org\/es\/wp-json\/wp\/v2\/tags?post=30459"}],"curies":[{"name":"wp","href":"https:\/\/api.w.org\/{rel}","templated":true}]}}