{"id":30460,"date":"2014-03-22T00:00:00","date_gmt":"2014-03-22T04:00:00","guid":{"rendered":"http:\/\/192.81.217.108\/interamerica\/2014\/03\/el-maximo-dirigente-adventista-en-asuntos-de-salud-hace-un-llamado-a-la-compasion-independientemente-de-la-causa\/"},"modified":"2014-03-22T00:00:00","modified_gmt":"2014-03-22T04:00:00","slug":"el-maximo-dirigente-adventista-en-asuntos-de-salud-hace-un-llamado-a-la-compasion-independientemente-de-la-causa","status":"publish","type":"post","link":"https:\/\/interamerica.org\/es\/2014\/03\/el-maximo-dirigente-adventista-en-asuntos-de-salud-hace-un-llamado-a-la-compasion-independientemente-de-la-causa\/","title":{"rendered":"El m\u00e1ximo dirigente adventista en asuntos de salud, hace un llamado a la compasi\u00f3n, independientemente de la causa"},"content":{"rendered":"<p>20 de marzo de 2014 &#8211; Cape Town, Sud\u00e1frica&#8230;Adventist Review-Personal ANN<\/p>\n<p>El m\u00e1ximo dirigente de la Iglesia Adventista del S\u00e9ptimo D\u00eda en el \u00e1mbito de la salud, dijo que no hay un claro modelo para entender la raz\u00f3n por la que algunas personas son homosexuales, a\u00f1adiendo que es una \u201ccompleja interacci\u00f3n de factores gen\u00e9ticos y ambientales\u201d.<\/p>\n<div id=\"attachment_11046\" style=\"width: 310px\" class=\"wp-caption alignright\"><a href=\"\/interamerica\/wp-content\/uploads\/2017\/06\/csm_landless-cape-town-web_2d11e64f4a.jpg\" rel=\"fancybox\" title=\"El m\u00e1ximo dirigente adventista en asuntos de salud, hace un llamado a la compasi\u00f3n, independientemente de la causa\"><img fetchpriority=\"high\" decoding=\"async\" aria-describedby=\"caption-attachment-11046\" class=\"size-medium wp-image-11046\" src=\"\/interamerica\/wp-content\/uploads\/2017\/06\/csm_landless-cape-town-web_2d11e64f4a-300x200.jpg\" alt=\"\" width=\"300\" height=\"200\" \/><\/a><p id=\"caption-attachment-11046\" class=\"wp-caption-text\">El Dr. Peter Landless, director de Ministerio de Salud de la Iglesia Adventista mundial, habl\u00f3 de la necesidad de compasi\u00f3n por aquellos en relaciones gay o lesbianas, en su discurso dirigido a la cumbre sobre sexualidad, de la denominaci\u00f3n. Imagen por ANN<\/p><\/div>\n<p>El d\u00eda de ayer, en una sesi\u00f3n plenaria en la conferencia sobre sexualidad convocada por la denominaci\u00f3n, el Dr. Peter Landless, director de Ministerio de Salud de la Iglesia Adventista mundial, ilustr\u00f3 en palabras e im\u00e1genes la complejidad de la procreaci\u00f3n y las variantes gen\u00e9ticas y des\u00f3rdenes que a veces ocurren.<\/p>\n<p>Present\u00f3 sus observaciones en el Centro Internacional de Convenciones en Cape Town, Sud\u00e1frica, donde la iglesia adventista mundial est\u00e1 celebrando la cumbre \u201cA la Imagen de Dios: Escrituras. Sexualidad. Sociedad\u201d.<\/p>\n<p>La conferencia de cuatro d\u00edas de duraci\u00f3n trata sobre la forma como la Iglesia Adventista del S\u00e9ptimo D\u00eda debe responder a las experiencias de homosexualidad y sexualidad alternativa. Los presentadores han llamado la atenci\u00f3n hacia posibles implicaciones en el ministerio pastoral de la iglesia en favor de las personas, en las pr\u00e1cticas de empleo, en la operaci\u00f3n en sus muchos sistemas de educaci\u00f3n y en el manejo de su vasto sistema de salud.<\/p>\n<p>Su presentaci\u00f3n fue un llamado a la compasi\u00f3n hacia las personas involucradas en relaciones gay o lesbianas y tambi\u00e9n una reafirmaci\u00f3n de la posici\u00f3n b\u00edblica de la iglesia en cuanto al matrimonio, como relaci\u00f3n entre un hombre y una mujer.<\/p>\n<p>Temprano en su presentaci\u00f3n reproch\u00f3 un comentario que escuch\u00f3 al azar en un pasillo de la convenci\u00f3n. \u201cHasta escuch\u00e9 decir en esta conferencia que estamos hablando acerca de \u201cesa gente\u201d, dijo. \u201cEstamos hablando aqu\u00ed de compa\u00f1eros de viaje en la jornada de la vida\u201d.<\/p>\n<p>El Dr. Landless, quien fue nombrado director del departamento de Ministerio de Salud de la iglesia adventista mundial, es originario de Sud\u00e1frica. Conocido internacionalmente como cardi\u00f3logo nuclear, trabaj\u00f3 previamente en el Hospital Johannesburg y prest\u00f3 sus servicios dentro del equipo de cardi\u00f3logos del finado presidente Nelson Mandela. Es tambi\u00e9n un ministro ordenado con experiencia pastoral significativa.<\/p>\n<p>El Dr. Landless inici\u00f3 su presentaci\u00f3n con un repaso detallado del proceso de procreaci\u00f3n y de las variantes gen\u00e9ticas que pueden ocurrir. Present\u00f3 el ejemplo de un ni\u00f1o que naci\u00f3 con una condici\u00f3n m\u00e9dica conocida como hiperplasia adrenal cong\u00e9nita\u2014y de c\u00f3mo su padre lo rechaz\u00f3.<\/p>\n<p>El Dr. Landless pregunt\u00f3 a la audiencia: \u201cSi los padres y familiares rechazan a un ni\u00f1o nacido con esas raras condiciones, \u00bfqu\u00e9 en cuanto la iglesia? \u00bfDeber\u00eda ser diferente?\u201d<\/p>\n<p>Los hombres homosexuales frecuentemente presentan diferencias anat\u00f3micas en su cerebro. Estudios post mortem en personas homosexuales y heterosexuales, han mostrado las diferencias, pero no est\u00e1 muy claro si la variante es causal o asociada, dijo el Dr. Landless, porque el grupo estudiado ha sido muy peque\u00f1o. Las diferencias muestran que muchos hombres homosexuales presentan un n\u00facleo supraquiasm\u00e1tico m\u00e1s grande, el cual est\u00e1 implicado en la determinaci\u00f3n del ritmo cardiaco, as\u00ed como una m\u00e1s grande comisura anterior que en el cerebro comunica el hemisferio izquierdo con el hemisferio derecho.<\/p>\n<p>Agreg\u00f3 el Dr. Landless que hay investigadores convencidos de que hay un componente gen\u00e9tico en la homosexualidad, y algunos est\u00e1n buscando el \u201cgen gay\u201d, pero no hay consenso en cuanto a las causas de la homosexualidad, ni en la literatura m\u00e9dica, ni entre los sic\u00f3logos profesionales. \u201cEl jurado definitivamente no ha dado su resoluci\u00f3n\u201d, dijo.<\/p>\n<p>Las personas gay tienen porcentajes ligeramente m\u00e1s altos de aumento de enfermedades no contagiosas, tales como hipertensi\u00f3n y una edad cardiovascular un tanto m\u00e1s alta comparada con su edad real. Y las mujeres lesbianas, dijo el Dr. Landles, tienen 3.2 m\u00e1s de posibilidades de morir de c\u00e1ncer de mama que las mujeres heterosexuales.<\/p>\n<p>\u201cHay necesidades de salud muy significativas en el grupo LGBT\u201d, a\u00f1adi\u00f3. Nosotros, como adventistas, estamos idealmente equipados y situados para acercarnos a ellos. Como iglesia, necesitamos vernos a nosotros mismos y entender \u201c\u00bfqui\u00e9n es mi pr\u00f3jimo?\u201d<\/p>\n<p>Despu\u00e9s de su presentaci\u00f3n en la sesi\u00f3n plenaria, varios delegados dijeron que hab\u00edan apreciado su explicaci\u00f3n m\u00e9dica y su llamado tanto a la compasi\u00f3n, como a sostener la norma b\u00edblica de la iglesia.<\/p>\n<p>\u201cEl Dr. Landless contrast\u00f3 el cuadro fisiol\u00f3gico de c\u00f3mo es lo saludable y tambi\u00e9n c\u00f3mo puede ser el quebrantamiento en toda su extensi\u00f3n\u201d, dijo Audrey Andersson, secretario ejecutivo de la Divisi\u00f3n Transeuropea de la denominaci\u00f3n, con sede en el Reino Unido. \u201cLa gente puede elegir c\u00f3mo responder al quebrantamiento de los dem\u00e1s\u201d.<\/p>\n<p>Onaolapo Ajibade, secretario ejecutivo de la Divisi\u00f3n de \u00c1frica Central Occidental, con sede en Costa de Marfil, dijo que siendo que no hay una causa conocida de la homosexualidad, tampoco hay una \u201ccura\u201d.<\/p>\n<p>\u201cPero mientras tanto\u201d, a\u00f1adi\u00f3, \u201ctenemos que adoptar un enfoque cristiano\u201d. \u201cSiendo que no conocemos la causa, debemos ser emp\u00e1ticos y compasivos\u201d.<br \/>\nEl secretario Ajibade confiesa que antes de venir a la cumbre, se preguntaba si val\u00eda la pena el esfuerzo y el costo.<\/p>\n<p>\u201cOriginalmente pens\u00e9 que esta cumbre no era necesaria, pero al llegar aqu\u00ed y escuchar todas las presentaciones, estoy convencido sin lugar a dudas, que vali\u00f3 la pena\u201d, dijo. \u201cLa iglesia est\u00e1 dando un gran paso espiritual al equiparnos a fin de que seamos capaces de ayudar a nuestros hermanos y hermanas que se encuentran en ese estado\u201d.<\/p>\n<p>Traducci\u00f3n por Gloria A. Castrej\u00f3n<\/p>\n","protected":false},"excerpt":{"rendered":"<p>El m\u00e1ximo dirigente de la Iglesia Adventista del S\u00e9ptimo D\u00eda en el \u00e1mbito de la salud, dijo que no hay un claro modelo para entender la raz\u00f3n por la que algunas personas son homosexuales, a\u00f1adiendo que es una \u201ccompleja interacci\u00f3n de factores gen\u00e9ticos y ambientales\u201d..<\/p>\n","protected":false},"author":1,"featured_media":22801,"comment_status":"closed","ping_status":"closed","sticky":false,"template":"","format":"standard","meta":{"_acf_changed":false,"footnotes":""},"categories":[14],"tags":[],"class_list":["post-30460","post","type-post","status-publish","format-standard","has-post-thumbnail","hentry","category-de-la-iglesia-mundial"],"acf":[],"yoast_head":"<!-- This site is optimized with the Yoast SEO plugin v27.3 - https:\/\/yoast.com\/product\/yoast-seo-wordpress\/ -->\n<title>El m\u00e1ximo dirigente adventista en asuntos de salud, hace un llamado a la compasi\u00f3n, independientemente de la causa - Iglesia Adventista del S\u00e9ptimo D\u00eda - Divisi\u00f3n Interamericana<\/title>\n<meta name=\"robots\" content=\"index, follow, max-snippet:-1, max-image-preview:large, max-video-preview:-1\" \/>\n<link rel=\"canonical\" href=\"https:\/\/interamerica.org\/es\/2014\/03\/el-maximo-dirigente-adventista-en-asuntos-de-salud-hace-un-llamado-a-la-compasion-independientemente-de-la-causa\/\" \/>\n<meta property=\"og:locale\" content=\"es_ES\" \/>\n<meta property=\"og:type\" content=\"article\" \/>\n<meta property=\"og:title\" content=\"El m\u00e1ximo dirigente adventista en asuntos de salud, hace un llamado a la compasi\u00f3n, independientemente de la causa - Iglesia Adventista del S\u00e9ptimo D\u00eda - Divisi\u00f3n Interamericana\" \/>\n<meta property=\"og:description\" content=\"El m\u00e1ximo dirigente de la Iglesia Adventista del S\u00e9ptimo D\u00eda en el \u00e1mbito de la salud, dijo que no hay un claro modelo para entender la raz\u00f3n por la que algunas personas son homosexuales, a\u00f1adiendo que es una \u201ccompleja interacci\u00f3n de factores gen\u00e9ticos y ambientales\u201d..\" \/>\n<meta property=\"og:url\" content=\"https:\/\/interamerica.org\/es\/2014\/03\/el-maximo-dirigente-adventista-en-asuntos-de-salud-hace-un-llamado-a-la-compasion-independientemente-de-la-causa\/\" \/>\n<meta property=\"og:site_name\" content=\"Iglesia Adventista del S\u00e9ptimo D\u00eda - Divisi\u00f3n Interamericana\" \/>\n<meta property=\"article:published_time\" content=\"2014-03-22T04:00:00+00:00\" \/>\n<meta property=\"og:image\" content=\"https:\/\/interamerica.org\/wp-content\/uploads\/2017\/06\/csm_landless-cape-town-web_2d11e64f4a.jpg\" \/>\n\t<meta property=\"og:image:width\" content=\"400\" \/>\n\t<meta property=\"og:image:height\" content=\"267\" \/>\n\t<meta property=\"og:image:type\" content=\"image\/jpeg\" \/>\n<meta name=\"author\" content=\"Lorenzo Verduzco\" \/>\n<meta name=\"twitter:card\" content=\"summary_large_image\" \/>\n<meta name=\"twitter:label1\" content=\"Escrito por\" \/>\n\t<meta name=\"twitter:data1\" content=\"Lorenzo Verduzco\" \/>\n\t<meta name=\"twitter:label2\" content=\"Tiempo de lectura\" \/>\n\t<meta name=\"twitter:data2\" content=\"5 minutos\" \/>\n<script type=\"application\/ld+json\" class=\"yoast-schema-graph\">{\"@context\":\"https:\\\/\\\/schema.org\",\"@graph\":[{\"@type\":\"Article\",\"@id\":\"https:\\\/\\\/interamerica.org\\\/es\\\/2014\\\/03\\\/el-maximo-dirigente-adventista-en-asuntos-de-salud-hace-un-llamado-a-la-compasion-independientemente-de-la-causa\\\/#article\",\"isPartOf\":{\"@id\":\"https:\\\/\\\/interamerica.org\\\/es\\\/2014\\\/03\\\/el-maximo-dirigente-adventista-en-asuntos-de-salud-hace-un-llamado-a-la-compasion-independientemente-de-la-causa\\\/\"},\"author\":{\"name\":\"Lorenzo Verduzco\",\"@id\":\"https:\\\/\\\/interamerica.org\\\/es\\\/#\\\/schema\\\/person\\\/68ede8bdc292885bb76c1e3810e73c39\"},\"headline\":\"El m\u00e1ximo dirigente adventista en asuntos de salud, hace un llamado a la compasi\u00f3n, independientemente de la causa\",\"datePublished\":\"2014-03-22T04:00:00+00:00\",\"mainEntityOfPage\":{\"@id\":\"https:\\\/\\\/interamerica.org\\\/es\\\/2014\\\/03\\\/el-maximo-dirigente-adventista-en-asuntos-de-salud-hace-un-llamado-a-la-compasion-independientemente-de-la-causa\\\/\"},\"wordCount\":1040,\"image\":{\"@id\":\"https:\\\/\\\/interamerica.org\\\/es\\\/2014\\\/03\\\/el-maximo-dirigente-adventista-en-asuntos-de-salud-hace-un-llamado-a-la-compasion-independientemente-de-la-causa\\\/#primaryimage\"},\"thumbnailUrl\":\"https:\\\/\\\/interamerica.org\\\/wp-content\\\/uploads\\\/2017\\\/06\\\/csm_landless-cape-town-web_2d11e64f4a.jpg\",\"articleSection\":[\"Desde la iglesia mundial\"],\"inLanguage\":\"es\"},{\"@type\":\"WebPage\",\"@id\":\"https:\\\/\\\/interamerica.org\\\/es\\\/2014\\\/03\\\/el-maximo-dirigente-adventista-en-asuntos-de-salud-hace-un-llamado-a-la-compasion-independientemente-de-la-causa\\\/\",\"url\":\"https:\\\/\\\/interamerica.org\\\/es\\\/2014\\\/03\\\/el-maximo-dirigente-adventista-en-asuntos-de-salud-hace-un-llamado-a-la-compasion-independientemente-de-la-causa\\\/\",\"name\":\"El m\u00e1ximo dirigente adventista en asuntos de salud, hace un llamado a la compasi\u00f3n, independientemente de la causa - Iglesia Adventista del S\u00e9ptimo D\u00eda - Divisi\u00f3n Interamericana\",\"isPartOf\":{\"@id\":\"https:\\\/\\\/interamerica.org\\\/es\\\/#website\"},\"primaryImageOfPage\":{\"@id\":\"https:\\\/\\\/interamerica.org\\\/es\\\/2014\\\/03\\\/el-maximo-dirigente-adventista-en-asuntos-de-salud-hace-un-llamado-a-la-compasion-independientemente-de-la-causa\\\/#primaryimage\"},\"image\":{\"@id\":\"https:\\\/\\\/interamerica.org\\\/es\\\/2014\\\/03\\\/el-maximo-dirigente-adventista-en-asuntos-de-salud-hace-un-llamado-a-la-compasion-independientemente-de-la-causa\\\/#primaryimage\"},\"thumbnailUrl\":\"https:\\\/\\\/interamerica.org\\\/wp-content\\\/uploads\\\/2017\\\/06\\\/csm_landless-cape-town-web_2d11e64f4a.jpg\",\"datePublished\":\"2014-03-22T04:00:00+00:00\",\"author\":{\"@id\":\"https:\\\/\\\/interamerica.org\\\/es\\\/#\\\/schema\\\/person\\\/68ede8bdc292885bb76c1e3810e73c39\"},\"breadcrumb\":{\"@id\":\"https:\\\/\\\/interamerica.org\\\/es\\\/2014\\\/03\\\/el-maximo-dirigente-adventista-en-asuntos-de-salud-hace-un-llamado-a-la-compasion-independientemente-de-la-causa\\\/#breadcrumb\"},\"inLanguage\":\"es\",\"potentialAction\":[{\"@type\":\"ReadAction\",\"target\":[\"https:\\\/\\\/interamerica.org\\\/es\\\/2014\\\/03\\\/el-maximo-dirigente-adventista-en-asuntos-de-salud-hace-un-llamado-a-la-compasion-independientemente-de-la-causa\\\/\"]}]},{\"@type\":\"ImageObject\",\"inLanguage\":\"es\",\"@id\":\"https:\\\/\\\/interamerica.org\\\/es\\\/2014\\\/03\\\/el-maximo-dirigente-adventista-en-asuntos-de-salud-hace-un-llamado-a-la-compasion-independientemente-de-la-causa\\\/#primaryimage\",\"url\":\"https:\\\/\\\/interamerica.org\\\/wp-content\\\/uploads\\\/2017\\\/06\\\/csm_landless-cape-town-web_2d11e64f4a.jpg\",\"contentUrl\":\"https:\\\/\\\/interamerica.org\\\/wp-content\\\/uploads\\\/2017\\\/06\\\/csm_landless-cape-town-web_2d11e64f4a.jpg\",\"width\":400,\"height\":267},{\"@type\":\"BreadcrumbList\",\"@id\":\"https:\\\/\\\/interamerica.org\\\/es\\\/2014\\\/03\\\/el-maximo-dirigente-adventista-en-asuntos-de-salud-hace-un-llamado-a-la-compasion-independientemente-de-la-causa\\\/#breadcrumb\",\"itemListElement\":[{\"@type\":\"ListItem\",\"position\":1,\"name\":\"Home\",\"item\":\"https:\\\/\\\/interamerica.org\\\/es\\\/\"},{\"@type\":\"ListItem\",\"position\":2,\"name\":\"El m\u00e1ximo dirigente adventista en asuntos de salud, hace un llamado a la compasi\u00f3n, independientemente de la causa\"}]},{\"@type\":\"WebSite\",\"@id\":\"https:\\\/\\\/interamerica.org\\\/es\\\/#website\",\"url\":\"https:\\\/\\\/interamerica.org\\\/es\\\/\",\"name\":\"Iglesia Adventista del S\u00e9ptimo D\u00eda - Divisi\u00f3n Interamericana\",\"description\":\"\",\"potentialAction\":[{\"@type\":\"SearchAction\",\"target\":{\"@type\":\"EntryPoint\",\"urlTemplate\":\"https:\\\/\\\/interamerica.org\\\/es\\\/?s={search_term_string}\"},\"query-input\":{\"@type\":\"PropertyValueSpecification\",\"valueRequired\":true,\"valueName\":\"search_term_string\"}}],\"inLanguage\":\"es\"},{\"@type\":\"Person\",\"@id\":\"https:\\\/\\\/interamerica.org\\\/es\\\/#\\\/schema\\\/person\\\/68ede8bdc292885bb76c1e3810e73c39\",\"name\":\"Lorenzo Verduzco\",\"image\":{\"@type\":\"ImageObject\",\"inLanguage\":\"es\",\"@id\":\"https:\\\/\\\/secure.gravatar.com\\\/avatar\\\/fb81a55b6218459490a9c1dc841a34909185b81904c5337b4b27f7a6fd60c49e?s=96&d=mm&r=g\",\"url\":\"https:\\\/\\\/secure.gravatar.com\\\/avatar\\\/fb81a55b6218459490a9c1dc841a34909185b81904c5337b4b27f7a6fd60c49e?s=96&d=mm&r=g\",\"contentUrl\":\"https:\\\/\\\/secure.gravatar.com\\\/avatar\\\/fb81a55b6218459490a9c1dc841a34909185b81904c5337b4b27f7a6fd60c49e?s=96&d=mm&r=g\",\"caption\":\"Lorenzo Verduzco\"}}]}<\/script>\n<!-- \/ Yoast SEO plugin. -->","yoast_head_json":{"title":"El m\u00e1ximo dirigente adventista en asuntos de salud, hace un llamado a la compasi\u00f3n, independientemente de la causa - Iglesia Adventista del S\u00e9ptimo D\u00eda - Divisi\u00f3n Interamericana","robots":{"index":"index","follow":"follow","max-snippet":"max-snippet:-1","max-image-preview":"max-image-preview:large","max-video-preview":"max-video-preview:-1"},"canonical":"https:\/\/interamerica.org\/es\/2014\/03\/el-maximo-dirigente-adventista-en-asuntos-de-salud-hace-un-llamado-a-la-compasion-independientemente-de-la-causa\/","og_locale":"es_ES","og_type":"article","og_title":"El m\u00e1ximo dirigente adventista en asuntos de salud, hace un llamado a la compasi\u00f3n, independientemente de la causa - Iglesia Adventista del S\u00e9ptimo D\u00eda - Divisi\u00f3n Interamericana","og_description":"El m\u00e1ximo dirigente de la Iglesia Adventista del S\u00e9ptimo D\u00eda en el \u00e1mbito de la salud, dijo que no hay un claro modelo para entender la raz\u00f3n por la que algunas personas son homosexuales, a\u00f1adiendo que es una \u201ccompleja interacci\u00f3n de factores gen\u00e9ticos y ambientales\u201d..","og_url":"https:\/\/interamerica.org\/es\/2014\/03\/el-maximo-dirigente-adventista-en-asuntos-de-salud-hace-un-llamado-a-la-compasion-independientemente-de-la-causa\/","og_site_name":"Iglesia Adventista del S\u00e9ptimo D\u00eda - Divisi\u00f3n Interamericana","article_published_time":"2014-03-22T04:00:00+00:00","og_image":[{"width":400,"height":267,"url":"https:\/\/interamerica.org\/wp-content\/uploads\/2017\/06\/csm_landless-cape-town-web_2d11e64f4a.jpg","type":"image\/jpeg"}],"author":"Lorenzo Verduzco","twitter_card":"summary_large_image","twitter_misc":{"Escrito por":"Lorenzo Verduzco","Tiempo de lectura":"5 minutos"},"schema":{"@context":"https:\/\/schema.org","@graph":[{"@type":"Article","@id":"https:\/\/interamerica.org\/es\/2014\/03\/el-maximo-dirigente-adventista-en-asuntos-de-salud-hace-un-llamado-a-la-compasion-independientemente-de-la-causa\/#article","isPartOf":{"@id":"https:\/\/interamerica.org\/es\/2014\/03\/el-maximo-dirigente-adventista-en-asuntos-de-salud-hace-un-llamado-a-la-compasion-independientemente-de-la-causa\/"},"author":{"name":"Lorenzo Verduzco","@id":"https:\/\/interamerica.org\/es\/#\/schema\/person\/68ede8bdc292885bb76c1e3810e73c39"},"headline":"El m\u00e1ximo dirigente adventista en asuntos de salud, hace un llamado a la compasi\u00f3n, independientemente de la causa","datePublished":"2014-03-22T04:00:00+00:00","mainEntityOfPage":{"@id":"https:\/\/interamerica.org\/es\/2014\/03\/el-maximo-dirigente-adventista-en-asuntos-de-salud-hace-un-llamado-a-la-compasion-independientemente-de-la-causa\/"},"wordCount":1040,"image":{"@id":"https:\/\/interamerica.org\/es\/2014\/03\/el-maximo-dirigente-adventista-en-asuntos-de-salud-hace-un-llamado-a-la-compasion-independientemente-de-la-causa\/#primaryimage"},"thumbnailUrl":"https:\/\/interamerica.org\/wp-content\/uploads\/2017\/06\/csm_landless-cape-town-web_2d11e64f4a.jpg","articleSection":["Desde la iglesia mundial"],"inLanguage":"es"},{"@type":"WebPage","@id":"https:\/\/interamerica.org\/es\/2014\/03\/el-maximo-dirigente-adventista-en-asuntos-de-salud-hace-un-llamado-a-la-compasion-independientemente-de-la-causa\/","url":"https:\/\/interamerica.org\/es\/2014\/03\/el-maximo-dirigente-adventista-en-asuntos-de-salud-hace-un-llamado-a-la-compasion-independientemente-de-la-causa\/","name":"El m\u00e1ximo dirigente adventista en asuntos de salud, hace un llamado a la compasi\u00f3n, independientemente de la causa - Iglesia Adventista del S\u00e9ptimo D\u00eda - Divisi\u00f3n Interamericana","isPartOf":{"@id":"https:\/\/interamerica.org\/es\/#website"},"primaryImageOfPage":{"@id":"https:\/\/interamerica.org\/es\/2014\/03\/el-maximo-dirigente-adventista-en-asuntos-de-salud-hace-un-llamado-a-la-compasion-independientemente-de-la-causa\/#primaryimage"},"image":{"@id":"https:\/\/interamerica.org\/es\/2014\/03\/el-maximo-dirigente-adventista-en-asuntos-de-salud-hace-un-llamado-a-la-compasion-independientemente-de-la-causa\/#primaryimage"},"thumbnailUrl":"https:\/\/interamerica.org\/wp-content\/uploads\/2017\/06\/csm_landless-cape-town-web_2d11e64f4a.jpg","datePublished":"2014-03-22T04:00:00+00:00","author":{"@id":"https:\/\/interamerica.org\/es\/#\/schema\/person\/68ede8bdc292885bb76c1e3810e73c39"},"breadcrumb":{"@id":"https:\/\/interamerica.org\/es\/2014\/03\/el-maximo-dirigente-adventista-en-asuntos-de-salud-hace-un-llamado-a-la-compasion-independientemente-de-la-causa\/#breadcrumb"},"inLanguage":"es","potentialAction":[{"@type":"ReadAction","target":["https:\/\/interamerica.org\/es\/2014\/03\/el-maximo-dirigente-adventista-en-asuntos-de-salud-hace-un-llamado-a-la-compasion-independientemente-de-la-causa\/"]}]},{"@type":"ImageObject","inLanguage":"es","@id":"https:\/\/interamerica.org\/es\/2014\/03\/el-maximo-dirigente-adventista-en-asuntos-de-salud-hace-un-llamado-a-la-compasion-independientemente-de-la-causa\/#primaryimage","url":"https:\/\/interamerica.org\/wp-content\/uploads\/2017\/06\/csm_landless-cape-town-web_2d11e64f4a.jpg","contentUrl":"https:\/\/interamerica.org\/wp-content\/uploads\/2017\/06\/csm_landless-cape-town-web_2d11e64f4a.jpg","width":400,"height":267},{"@type":"BreadcrumbList","@id":"https:\/\/interamerica.org\/es\/2014\/03\/el-maximo-dirigente-adventista-en-asuntos-de-salud-hace-un-llamado-a-la-compasion-independientemente-de-la-causa\/#breadcrumb","itemListElement":[{"@type":"ListItem","position":1,"name":"Home","item":"https:\/\/interamerica.org\/es\/"},{"@type":"ListItem","position":2,"name":"El m\u00e1ximo dirigente adventista en asuntos de salud, hace un llamado a la compasi\u00f3n, independientemente de la causa"}]},{"@type":"WebSite","@id":"https:\/\/interamerica.org\/es\/#website","url":"https:\/\/interamerica.org\/es\/","name":"Iglesia Adventista del S\u00e9ptimo D\u00eda - Divisi\u00f3n Interamericana","description":"","potentialAction":[{"@type":"SearchAction","target":{"@type":"EntryPoint","urlTemplate":"https:\/\/interamerica.org\/es\/?s={search_term_string}"},"query-input":{"@type":"PropertyValueSpecification","valueRequired":true,"valueName":"search_term_string"}}],"inLanguage":"es"},{"@type":"Person","@id":"https:\/\/interamerica.org\/es\/#\/schema\/person\/68ede8bdc292885bb76c1e3810e73c39","name":"Lorenzo Verduzco","image":{"@type":"ImageObject","inLanguage":"es","@id":"https:\/\/secure.gravatar.com\/avatar\/fb81a55b6218459490a9c1dc841a34909185b81904c5337b4b27f7a6fd60c49e?s=96&d=mm&r=g","url":"https:\/\/secure.gravatar.com\/avatar\/fb81a55b6218459490a9c1dc841a34909185b81904c5337b4b27f7a6fd60c49e?s=96&d=mm&r=g","contentUrl":"https:\/\/secure.gravatar.com\/avatar\/fb81a55b6218459490a9c1dc841a34909185b81904c5337b4b27f7a6fd60c49e?s=96&d=mm&r=g","caption":"Lorenzo Verduzco"}}]}},"_links":{"self":[{"href":"https:\/\/interamerica.org\/es\/wp-json\/wp\/v2\/posts\/30460","targetHints":{"allow":["GET"]}}],"collection":[{"href":"https:\/\/interamerica.org\/es\/wp-json\/wp\/v2\/posts"}],"about":[{"href":"https:\/\/interamerica.org\/es\/wp-json\/wp\/v2\/types\/post"}],"author":[{"embeddable":true,"href":"https:\/\/interamerica.org\/es\/wp-json\/wp\/v2\/users\/1"}],"replies":[{"embeddable":true,"href":"https:\/\/interamerica.org\/es\/wp-json\/wp\/v2\/comments?post=30460"}],"version-history":[{"count":0,"href":"https:\/\/interamerica.org\/es\/wp-json\/wp\/v2\/posts\/30460\/revisions"}],"wp:featuredmedia":[{"embeddable":true,"href":"https:\/\/interamerica.org\/es\/wp-json\/wp\/v2\/media\/22801"}],"wp:attachment":[{"href":"https:\/\/interamerica.org\/es\/wp-json\/wp\/v2\/media?parent=30460"}],"wp:term":[{"taxonomy":"category","embeddable":true,"href":"https:\/\/interamerica.org\/es\/wp-json\/wp\/v2\/categories?post=30460"},{"taxonomy":"post_tag","embeddable":true,"href":"https:\/\/interamerica.org\/es\/wp-json\/wp\/v2\/tags?post=30460"}],"curies":[{"name":"wp","href":"https:\/\/api.w.org\/{rel}","templated":true}]}}