{"id":30461,"date":"2014-03-25T00:00:00","date_gmt":"2014-03-25T04:00:00","guid":{"rendered":"http:\/\/192.81.217.108\/interamerica\/2014\/03\/interamerica-estudiantes-de-escuelas-adventistas-dedican-un-dia-a-orar-y-testificar\/"},"modified":"2014-03-25T00:00:00","modified_gmt":"2014-03-25T04:00:00","slug":"interamerica-estudiantes-de-escuelas-adventistas-dedican-un-dia-a-orar-y-testificar","status":"publish","type":"post","link":"https:\/\/interamerica.org\/es\/2014\/03\/interamerica-estudiantes-de-escuelas-adventistas-dedican-un-dia-a-orar-y-testificar\/","title":{"rendered":"Interam\u00e9rica: Estudiantes de escuelas adventistas dedican un d\u00eda a orar y testificar"},"content":{"rendered":"<div id=\"attachment_11074\" style=\"width: 600px\" class=\"wp-caption aligncenter\"><a href=\"\/interamerica\/wp-content\/uploads\/2017\/06\/GUATE-dayofprayer.png\" rel=\"fancybox\" title=\"Interam\u00e9rica: Estudiantes de escuelas adventistas dedican un d\u00eda a orar y testificar\"><img fetchpriority=\"high\" decoding=\"async\" aria-describedby=\"caption-attachment-11074\" class=\"size-full wp-image-11074\" src=\"\/interamerica\/wp-content\/uploads\/2017\/06\/GUATE-dayofprayer.png\" alt=\"\" width=\"590\" height=\"391\" \/><\/a><p id=\"caption-attachment-11074\" class=\"wp-caption-text\">Estudiantes de educaci\u00f3n primaria oran en la Escuela Adventista Moria en Jalapa, Guatemala, durante un d\u00eda de actividades de oraci\u00f3n y testificaci\u00f3n llevado a cabo el pasado 7 de marzo de 2014. El d\u00eda especial fue parte del d\u00eda anual de oraci\u00f3n celebrado en m\u00e1s de mil escuelas y universidades adventistas de Interam\u00e9rica. Imagen de Gustavo Men\u00e9ndez\/DIA<\/p><\/div>\n<p>23 de marzo de 2014 \u2013 Miami, Florida, Estados Unidos&#8230;Libna Stevens\/IAD<\/p>\n<div id=\"attachment_9849\" style=\"width: 310px\" class=\"wp-caption alignright\"><a href=\"\/interamerica\/wp-content\/uploads\/2017\/06\/Gamaliel-Florez1.png\" rel=\"fancybox\" title=\"Interam\u00e9rica: Estudiantes de escuelas adventistas dedican un d\u00eda a orar y testificar\"><img decoding=\"async\" aria-describedby=\"caption-attachment-9849\" class=\"size-medium wp-image-9849\" src=\"\/interamerica\/wp-content\/uploads\/2017\/06\/Gamaliel-Florez1-300x220.png\" alt=\"\" width=\"300\" height=\"220\" \/><\/a><p id=\"caption-attachment-9849\" class=\"wp-caption-text\">El doctor Gamaliel Florez, director de educaci\u00f3n de la Iglesia Adventista en Interam\u00e9rica, dijo que el d\u00eda especial de oraci\u00f3n en las instituciones educativas ha ganado fortaleza este a\u00f1o, la cuarta vez que se lleva a cabo esta iniciativa espiritual en todo el territorio. Fotograf\u00eda de archivo de la DIA.<\/p><\/div>\n<p>Por cuarto a\u00f1o consecutivo, los docentes y los estudiantes de las escuelas y universidades adventistas de todo el territorio de la Divisi\u00f3n Interamericana dejaron de lado el pasado 7 de marzo las actividades acad\u00e9micas en sus salones de clase durante un d\u00eda, para reflexionar en las bendiciones de Dios, orar, estudiar la Biblia y compartir la esperanza en sus comunidades.<\/p>\n<p>El d\u00eda especial estuvo lleno de mensajes de reavivamiento espiritual y cont\u00f3 con m\u00fasica especial, momentos de oraci\u00f3n y compa\u00f1erismo en famlia, como as\u00ed tambi\u00e9n con actividades misioneras en la comunidad, dijeron los organizadores.<\/p>\n<p>\u00abQuer\u00edamos recordar a nuestros maestros y estudiantes que la oraci\u00f3n es un recurso maravilloso que el Se\u00f1or nos ha dado para que podamos cultivar una relaci\u00f3n estrecha con \u00e9l, que nos lleve a una comunicaci\u00f3n especial cada d\u00eda\u00bb, dijo el doctor Gamaliel Florez, director de educaci\u00f3n de la Iglesia Adventista en Interam\u00e9rica.<\/p>\n<div id=\"attachment_11072\" style=\"width: 310px\" class=\"wp-caption alignleft\"><a href=\"\/interamerica\/wp-content\/uploads\/2017\/06\/HAITI-prayer.png\" rel=\"fancybox\" title=\"Interam\u00e9rica: Estudiantes de escuelas adventistas dedican un d\u00eda a orar y testificar\"><img decoding=\"async\" aria-describedby=\"caption-attachment-11072\" class=\"size-medium wp-image-11072\" src=\"\/interamerica\/wp-content\/uploads\/2017\/06\/HAITI-prayer-300x180.png\" alt=\"\" width=\"300\" height=\"180\" \/><\/a><p id=\"caption-attachment-11072\" class=\"wp-caption-text\">Grupos de estudiantes oran juntos el pasado 7 de marzo durante los momentos de oraci\u00f3n en la iglesia adventista Bible Auditorium en Puerto Pr\u00edncipe, Hait\u00ed. Imagen por cortes\u00eda de la Uni\u00f3n Haitiana\/DIA.<\/p><\/div>\n<p>Esa estrecha relaci\u00f3n con Dios significa orar y compartir el amor de Dios entre la comunidad educacional y m\u00e1s all\u00e1 de cada campus hasta llegar a los hogares de los familiares y la gente de la comunidad, dijo el doctor Florez.<\/p>\n<p>En Hait\u00ed, cientos de estudiantes del campus y de las escuelas adventistas cercanas se reunieron en la Universidad Adventista de Hait\u00ed, en Diquini, Puerto Pr\u00edncipe, el centro del evento en todo el territorio, para esuchar los mensajes espirituales y participar de las actividades.<\/p>\n<p>Los l\u00edderes de la iglesia, los l\u00edderes de la comunidad y los padres tambi\u00e9n participaron del programa del d\u00eda que cont\u00f3 con m\u00fasica y testimonios de los estudiantes. El programa fue transmitido en el pa\u00eds por la estaci\u00f3n de radio de las iglesias. Los estudiantes en el centro de Puerto Pr\u00edncipe se congregaron en la iglesia adventista Bible Auditorium para orar y adorar durante ese d\u00eda especial.<\/p>\n<div id=\"attachment_11070\" style=\"width: 310px\" class=\"wp-caption alignleft\"><a href=\"\/interamerica\/wp-content\/uploads\/2017\/06\/SCOL-hospitalpraying.png\" rel=\"fancybox\" title=\"Interam\u00e9rica: Estudiantes de escuelas adventistas dedican un d\u00eda a orar y testificar\"><img loading=\"lazy\" decoding=\"async\" aria-describedby=\"caption-attachment-11070\" class=\"size-medium wp-image-11070\" src=\"\/interamerica\/wp-content\/uploads\/2017\/06\/SCOL-hospitalpraying-300x216.png\" alt=\"\" width=\"300\" height=\"216\" \/><\/a><p id=\"caption-attachment-11070\" class=\"wp-caption-text\">Estudiantes de la escuela adventista de Cali, en el sur de Colombia, posan para una fotograf\u00eda despu\u00e9s de visitar una paciente en un hospital cercano. Decenas de estudiantes llevaron c\u00e1nticos, oraciones y alegr\u00eda durante el d\u00eda especial de oraci\u00f3n en las escuelas adventistas de la Divisi\u00f3n Interamericana. Imagen por cortes\u00eda de la Uni\u00f3n Colombiana del Sur.<\/p><\/div>\n<p>En otros lugares de Hait\u00ed, unas 56 instituciones educacionales participaron en el d\u00eda de oraci\u00f3n en cada campus.<\/p>\n<p>En Puerto Rico, los maestros y sus alumnos salieron a algunas de las calles principales y comunidades cercanas para ofrecer orar por todo aquel que lo necesitara. A lo largo y a lo ancho de la isla, los conductores se deten\u00edan para que los j\u00f3venes oraran por ellos, dijeron los educadores.<\/p>\n<p>\u00abQuisimos motivar a nuestros estudiantes y maestros para que oren sin cesar, en los buenos y en los malos momentos, en la adversidad y en la prosperidad\u00bb, dijo la doctora Miriam Hern\u00e1ndez, directora de educaci\u00f3n de la Iglesia Adventista en Puerto Rico. \u00abEl mensaje claro fue que Dios nos escucha, cuida de nosotros y quiere que estemos m\u00e1s cerca de \u00e9l\u00bb, a\u00f1adi\u00f3.<\/p>\n<div id=\"attachment_11071\" style=\"width: 310px\" class=\"wp-caption alignright\"><a href=\"\/interamerica\/wp-content\/uploads\/2017\/06\/Honduraspraying.png\" rel=\"fancybox\" title=\"Interam\u00e9rica: Estudiantes de escuelas adventistas dedican un d\u00eda a orar y testificar\"><img loading=\"lazy\" decoding=\"async\" aria-describedby=\"caption-attachment-11071\" class=\"size-medium wp-image-11071\" src=\"\/interamerica\/wp-content\/uploads\/2017\/06\/Honduraspraying-300x202.png\" alt=\"\" width=\"300\" height=\"202\" \/><\/a><p id=\"caption-attachment-11071\" class=\"wp-caption-text\">Estudiantes de escuelas adventistas en Honduras se arrodillan para orar juntos cerca de sus salones de clase. Imagen por cortes\u00eda de la Uni\u00f3n Hondure\u00f1a.<\/p><\/div>\n<p>En todo M\u00e9xico, decenas de l\u00edderes del gobierno fueron invitados a las actividades especiales de oraci\u00f3n llevadas a cabo en cada campus, mientras los padres disfrutaban de actuaciones musicales, momentos de oraci\u00f3n y representaciones.<\/p>\n<p>En la regi\u00f3n de Olmeca, los estudiantes de prescolar hasta la escuela secundaria fueron invitados a recorrer un autob\u00fas que llevaba el lema \u00abViajando al cielo\u00bb. Los ni\u00f1os cantaron, oraron y recitaron vers\u00edculos de memoria mientras recorr\u00edan el autob\u00fas. Otras actividades incluyeron momentos especiales de oraci\u00f3n para padres con necesidades de salud.<\/p>\n<p>En Colombia, los estudiantes visitaron a pacientes en hospitales para ofrecerles c\u00e1nticos, oraciones y momentos de alegr\u00eda.<\/p>\n<p>En las escuelas de Honduras, los ni\u00f1os escribieron sus pedidos de oraci\u00f3n y lanzaron globos al cielo.<\/p>\n<div id=\"attachment_11076\" style=\"width: 310px\" class=\"wp-caption alignright\"><a href=\"\/interamerica\/wp-content\/uploads\/2017\/06\/Guate-childrenangels.png\" rel=\"fancybox\" title=\"Interam\u00e9rica: Estudiantes de escuelas adventistas dedican un d\u00eda a orar y testificar\"><img loading=\"lazy\" decoding=\"async\" aria-describedby=\"caption-attachment-11076\" class=\"size-medium wp-image-11076\" src=\"\/interamerica\/wp-content\/uploads\/2017\/06\/Guate-childrenangels-300x200.png\" alt=\"\" width=\"300\" height=\"200\" \/><\/a><p id=\"caption-attachment-11076\" class=\"wp-caption-text\">Ni\u00f1os de la Escuela Adventista Redenci\u00f3n, de Quetzaltepeque, Chiquimula, Guatemala, hacen una pausa para una fotograf\u00eda mientras recorr\u00edan de ropas blancas el campus decorado con el tema del cielo, durante las actividades espirituales llevadas a cabo el pasado 7 de marzo de 2014 como parte del d\u00eda especial de oraci\u00f3n en toda la Divisi\u00f3n Interamericana. Imagen por cortes\u00eda de la Uni\u00f3n Guatemalteca.<\/p><\/div>\n<p>Los estudiantes de las escuelas de todo Guatemala marcharon por las calles vestidos de blanco y anduvieron en carrozas para compartir la noticia del pronto regreso de Cristo. Los estudiantes y los maestros oraron por las familias y las autoridades del gobierno municipal, nacional y policial.<\/p>\n<p>En Mandeville, Jamaica, los estudiantes de la Universidad Norte\u00f1a del Caribe dedicaron el pasado 17 de marzo para adorar, compartir testimonios y orar tomados de la mano en un gran campo.<\/p>\n<p>\u00abSabemso que nuestros estudiantes de Interam\u00e9rica tienen claro en sus mentes que la oraci\u00f3n es fundamental para su vida diaria actual y para el futuro\u00bb, dijo el doctor Florez. \u00abLos l\u00edderes y educadores de nuestra iglesia trabajan juntos en este d\u00eda especial de oraci\u00f3n desde nuestras uniones hasta las asociaciones y misiones que supervisan a todos nuestras instituciones educativas, y alabamos a Dios por ello\u00bb.<\/p>\n<div id=\"attachment_11069\" style=\"width: 310px\" class=\"wp-caption alignleft\"><a href=\"\/interamerica\/wp-content\/uploads\/2017\/06\/NCU-prayer.png\" rel=\"fancybox\" title=\"Interam\u00e9rica: Estudiantes de escuelas adventistas dedican un d\u00eda a orar y testificar\"><img loading=\"lazy\" decoding=\"async\" aria-describedby=\"caption-attachment-11069\" class=\"size-medium wp-image-11069\" src=\"\/interamerica\/wp-content\/uploads\/2017\/06\/NCU-prayer-300x162.png\" alt=\"\" width=\"300\" height=\"162\" \/><\/a><p id=\"caption-attachment-11069\" class=\"wp-caption-text\">Cientos de estudiantes y docentes se toman de la mano mientras oran como parte de las actividades espirituales llevadas a cabo en el campus de la Universidad Norte\u00f1a del Caribe en Mandeville, Jamaica, el pasado 17 de marzo de 2014. Imagen por cortes\u00eda de la Universidad Norte\u00f1a del Caribe.<\/p><\/div>\n<p>Se est\u00e1n haciendo planes para llevar a cabo el pr\u00f3ximo a\u00f1o el quinto d\u00eda anual de oraci\u00f3n en todas las escuelas y universidades de Interam\u00e9rica. Los l\u00edderes y los educadores de la Iglesia Adventista en Interam\u00e9rica seguir\u00e1n promoviendo una vida diaria de oraci\u00f3n, el estudio de la Biblia y la tarea de compartir el amor de Jes\u00fas con los m\u00e1s de 173 mil estudiantes de sus 1002 instituciones educativas, entre ellas, 14 universidades.<\/p>\n<p><em>Traducci\u00f3n de Marcos Paseggi<\/em><\/p>\n","protected":false},"excerpt":{"rendered":"<p>Por cuarto a\u00f1o consecutivo, los docentes y los estudiantes de las escuelas y universidades adventistas de todo el territorio de la Divisi\u00f3n Interamericana dejaron de lado el pasado 7 de marzo las actividades acad\u00e9micas en sus salones de clase durante un d\u00eda, para reflexionar en las bendiciones de Dios, orar, estudiar la Biblia y compartir la esperanza en sus comunidades.<\/p>\n","protected":false},"author":1,"featured_media":22805,"comment_status":"closed","ping_status":"closed","sticky":false,"template":"","format":"standard","meta":{"_acf_changed":false,"footnotes":""},"categories":[16],"tags":[],"class_list":["post-30461","post","type-post","status-publish","format-standard","has-post-thumbnail","hentry","category-desde-la-sede"],"acf":[],"yoast_head":"<!-- This site is optimized with the Yoast SEO plugin v27.3 - https:\/\/yoast.com\/product\/yoast-seo-wordpress\/ -->\n<title>Interam\u00e9rica: Estudiantes de escuelas adventistas dedican un d\u00eda a orar y testificar - Iglesia Adventista del S\u00e9ptimo D\u00eda - Divisi\u00f3n Interamericana<\/title>\n<meta name=\"robots\" content=\"index, follow, max-snippet:-1, max-image-preview:large, max-video-preview:-1\" \/>\n<link rel=\"canonical\" href=\"https:\/\/interamerica.org\/es\/2014\/03\/interamerica-estudiantes-de-escuelas-adventistas-dedican-un-dia-a-orar-y-testificar\/\" \/>\n<meta property=\"og:locale\" content=\"es_ES\" \/>\n<meta property=\"og:type\" content=\"article\" \/>\n<meta property=\"og:title\" content=\"Interam\u00e9rica: Estudiantes de escuelas adventistas dedican un d\u00eda a orar y testificar - Iglesia Adventista del S\u00e9ptimo D\u00eda - Divisi\u00f3n Interamericana\" \/>\n<meta property=\"og:description\" content=\"Por cuarto a\u00f1o consecutivo, los docentes y los estudiantes de las escuelas y universidades adventistas de todo el territorio de la Divisi\u00f3n Interamericana dejaron de lado el pasado 7 de marzo las actividades acad\u00e9micas en sus salones de clase durante un d\u00eda, para reflexionar en las bendiciones de Dios, orar, estudiar la Biblia y compartir la esperanza en sus comunidades.\" \/>\n<meta property=\"og:url\" content=\"https:\/\/interamerica.org\/es\/2014\/03\/interamerica-estudiantes-de-escuelas-adventistas-dedican-un-dia-a-orar-y-testificar\/\" \/>\n<meta property=\"og:site_name\" content=\"Iglesia Adventista del S\u00e9ptimo D\u00eda - Divisi\u00f3n Interamericana\" \/>\n<meta property=\"article:published_time\" content=\"2014-03-25T04:00:00+00:00\" \/>\n<meta property=\"og:image\" content=\"https:\/\/interamerica.org\/wp-content\/uploads\/2017\/06\/GUATE-dayofprayer.png\" \/>\n\t<meta property=\"og:image:width\" content=\"590\" \/>\n\t<meta property=\"og:image:height\" content=\"391\" \/>\n\t<meta property=\"og:image:type\" content=\"image\/png\" \/>\n<meta name=\"author\" content=\"Lorenzo Verduzco\" \/>\n<meta name=\"twitter:card\" content=\"summary_large_image\" \/>\n<meta name=\"twitter:label1\" content=\"Escrito por\" \/>\n\t<meta name=\"twitter:data1\" content=\"Lorenzo Verduzco\" \/>\n\t<meta name=\"twitter:label2\" content=\"Tiempo de lectura\" \/>\n\t<meta name=\"twitter:data2\" content=\"6 minutos\" \/>\n<script type=\"application\/ld+json\" class=\"yoast-schema-graph\">{\"@context\":\"https:\\\/\\\/schema.org\",\"@graph\":[{\"@type\":\"Article\",\"@id\":\"https:\\\/\\\/interamerica.org\\\/es\\\/2014\\\/03\\\/interamerica-estudiantes-de-escuelas-adventistas-dedican-un-dia-a-orar-y-testificar\\\/#article\",\"isPartOf\":{\"@id\":\"https:\\\/\\\/interamerica.org\\\/es\\\/2014\\\/03\\\/interamerica-estudiantes-de-escuelas-adventistas-dedican-un-dia-a-orar-y-testificar\\\/\"},\"author\":{\"name\":\"Lorenzo Verduzco\",\"@id\":\"https:\\\/\\\/interamerica.org\\\/es\\\/#\\\/schema\\\/person\\\/68ede8bdc292885bb76c1e3810e73c39\"},\"headline\":\"Interam\u00e9rica: Estudiantes de escuelas adventistas dedican un d\u00eda a orar y testificar\",\"datePublished\":\"2014-03-25T04:00:00+00:00\",\"mainEntityOfPage\":{\"@id\":\"https:\\\/\\\/interamerica.org\\\/es\\\/2014\\\/03\\\/interamerica-estudiantes-de-escuelas-adventistas-dedican-un-dia-a-orar-y-testificar\\\/\"},\"wordCount\":1274,\"image\":{\"@id\":\"https:\\\/\\\/interamerica.org\\\/es\\\/2014\\\/03\\\/interamerica-estudiantes-de-escuelas-adventistas-dedican-un-dia-a-orar-y-testificar\\\/#primaryimage\"},\"thumbnailUrl\":\"https:\\\/\\\/interamerica.org\\\/wp-content\\\/uploads\\\/2017\\\/06\\\/GUATE-dayofprayer.png\",\"articleSection\":[\"Desde la sede\"],\"inLanguage\":\"es\"},{\"@type\":\"WebPage\",\"@id\":\"https:\\\/\\\/interamerica.org\\\/es\\\/2014\\\/03\\\/interamerica-estudiantes-de-escuelas-adventistas-dedican-un-dia-a-orar-y-testificar\\\/\",\"url\":\"https:\\\/\\\/interamerica.org\\\/es\\\/2014\\\/03\\\/interamerica-estudiantes-de-escuelas-adventistas-dedican-un-dia-a-orar-y-testificar\\\/\",\"name\":\"Interam\u00e9rica: Estudiantes de escuelas adventistas dedican un d\u00eda a orar y testificar - Iglesia Adventista del S\u00e9ptimo D\u00eda - Divisi\u00f3n Interamericana\",\"isPartOf\":{\"@id\":\"https:\\\/\\\/interamerica.org\\\/es\\\/#website\"},\"primaryImageOfPage\":{\"@id\":\"https:\\\/\\\/interamerica.org\\\/es\\\/2014\\\/03\\\/interamerica-estudiantes-de-escuelas-adventistas-dedican-un-dia-a-orar-y-testificar\\\/#primaryimage\"},\"image\":{\"@id\":\"https:\\\/\\\/interamerica.org\\\/es\\\/2014\\\/03\\\/interamerica-estudiantes-de-escuelas-adventistas-dedican-un-dia-a-orar-y-testificar\\\/#primaryimage\"},\"thumbnailUrl\":\"https:\\\/\\\/interamerica.org\\\/wp-content\\\/uploads\\\/2017\\\/06\\\/GUATE-dayofprayer.png\",\"datePublished\":\"2014-03-25T04:00:00+00:00\",\"author\":{\"@id\":\"https:\\\/\\\/interamerica.org\\\/es\\\/#\\\/schema\\\/person\\\/68ede8bdc292885bb76c1e3810e73c39\"},\"breadcrumb\":{\"@id\":\"https:\\\/\\\/interamerica.org\\\/es\\\/2014\\\/03\\\/interamerica-estudiantes-de-escuelas-adventistas-dedican-un-dia-a-orar-y-testificar\\\/#breadcrumb\"},\"inLanguage\":\"es\",\"potentialAction\":[{\"@type\":\"ReadAction\",\"target\":[\"https:\\\/\\\/interamerica.org\\\/es\\\/2014\\\/03\\\/interamerica-estudiantes-de-escuelas-adventistas-dedican-un-dia-a-orar-y-testificar\\\/\"]}]},{\"@type\":\"ImageObject\",\"inLanguage\":\"es\",\"@id\":\"https:\\\/\\\/interamerica.org\\\/es\\\/2014\\\/03\\\/interamerica-estudiantes-de-escuelas-adventistas-dedican-un-dia-a-orar-y-testificar\\\/#primaryimage\",\"url\":\"https:\\\/\\\/interamerica.org\\\/wp-content\\\/uploads\\\/2017\\\/06\\\/GUATE-dayofprayer.png\",\"contentUrl\":\"https:\\\/\\\/interamerica.org\\\/wp-content\\\/uploads\\\/2017\\\/06\\\/GUATE-dayofprayer.png\",\"width\":590,\"height\":391},{\"@type\":\"BreadcrumbList\",\"@id\":\"https:\\\/\\\/interamerica.org\\\/es\\\/2014\\\/03\\\/interamerica-estudiantes-de-escuelas-adventistas-dedican-un-dia-a-orar-y-testificar\\\/#breadcrumb\",\"itemListElement\":[{\"@type\":\"ListItem\",\"position\":1,\"name\":\"Home\",\"item\":\"https:\\\/\\\/interamerica.org\\\/es\\\/\"},{\"@type\":\"ListItem\",\"position\":2,\"name\":\"Interam\u00e9rica: Estudiantes de escuelas adventistas dedican un d\u00eda a orar y testificar\"}]},{\"@type\":\"WebSite\",\"@id\":\"https:\\\/\\\/interamerica.org\\\/es\\\/#website\",\"url\":\"https:\\\/\\\/interamerica.org\\\/es\\\/\",\"name\":\"Iglesia Adventista del S\u00e9ptimo D\u00eda - Divisi\u00f3n Interamericana\",\"description\":\"\",\"potentialAction\":[{\"@type\":\"SearchAction\",\"target\":{\"@type\":\"EntryPoint\",\"urlTemplate\":\"https:\\\/\\\/interamerica.org\\\/es\\\/?s={search_term_string}\"},\"query-input\":{\"@type\":\"PropertyValueSpecification\",\"valueRequired\":true,\"valueName\":\"search_term_string\"}}],\"inLanguage\":\"es\"},{\"@type\":\"Person\",\"@id\":\"https:\\\/\\\/interamerica.org\\\/es\\\/#\\\/schema\\\/person\\\/68ede8bdc292885bb76c1e3810e73c39\",\"name\":\"Lorenzo Verduzco\",\"image\":{\"@type\":\"ImageObject\",\"inLanguage\":\"es\",\"@id\":\"https:\\\/\\\/secure.gravatar.com\\\/avatar\\\/fb81a55b6218459490a9c1dc841a34909185b81904c5337b4b27f7a6fd60c49e?s=96&d=mm&r=g\",\"url\":\"https:\\\/\\\/secure.gravatar.com\\\/avatar\\\/fb81a55b6218459490a9c1dc841a34909185b81904c5337b4b27f7a6fd60c49e?s=96&d=mm&r=g\",\"contentUrl\":\"https:\\\/\\\/secure.gravatar.com\\\/avatar\\\/fb81a55b6218459490a9c1dc841a34909185b81904c5337b4b27f7a6fd60c49e?s=96&d=mm&r=g\",\"caption\":\"Lorenzo Verduzco\"}}]}<\/script>\n<!-- \/ Yoast SEO plugin. -->","yoast_head_json":{"title":"Interam\u00e9rica: Estudiantes de escuelas adventistas dedican un d\u00eda a orar y testificar - Iglesia Adventista del S\u00e9ptimo D\u00eda - Divisi\u00f3n Interamericana","robots":{"index":"index","follow":"follow","max-snippet":"max-snippet:-1","max-image-preview":"max-image-preview:large","max-video-preview":"max-video-preview:-1"},"canonical":"https:\/\/interamerica.org\/es\/2014\/03\/interamerica-estudiantes-de-escuelas-adventistas-dedican-un-dia-a-orar-y-testificar\/","og_locale":"es_ES","og_type":"article","og_title":"Interam\u00e9rica: Estudiantes de escuelas adventistas dedican un d\u00eda a orar y testificar - Iglesia Adventista del S\u00e9ptimo D\u00eda - Divisi\u00f3n Interamericana","og_description":"Por cuarto a\u00f1o consecutivo, los docentes y los estudiantes de las escuelas y universidades adventistas de todo el territorio de la Divisi\u00f3n Interamericana dejaron de lado el pasado 7 de marzo las actividades acad\u00e9micas en sus salones de clase durante un d\u00eda, para reflexionar en las bendiciones de Dios, orar, estudiar la Biblia y compartir la esperanza en sus comunidades.","og_url":"https:\/\/interamerica.org\/es\/2014\/03\/interamerica-estudiantes-de-escuelas-adventistas-dedican-un-dia-a-orar-y-testificar\/","og_site_name":"Iglesia Adventista del S\u00e9ptimo D\u00eda - Divisi\u00f3n Interamericana","article_published_time":"2014-03-25T04:00:00+00:00","og_image":[{"width":590,"height":391,"url":"https:\/\/interamerica.org\/wp-content\/uploads\/2017\/06\/GUATE-dayofprayer.png","type":"image\/png"}],"author":"Lorenzo Verduzco","twitter_card":"summary_large_image","twitter_misc":{"Escrito por":"Lorenzo Verduzco","Tiempo de lectura":"6 minutos"},"schema":{"@context":"https:\/\/schema.org","@graph":[{"@type":"Article","@id":"https:\/\/interamerica.org\/es\/2014\/03\/interamerica-estudiantes-de-escuelas-adventistas-dedican-un-dia-a-orar-y-testificar\/#article","isPartOf":{"@id":"https:\/\/interamerica.org\/es\/2014\/03\/interamerica-estudiantes-de-escuelas-adventistas-dedican-un-dia-a-orar-y-testificar\/"},"author":{"name":"Lorenzo Verduzco","@id":"https:\/\/interamerica.org\/es\/#\/schema\/person\/68ede8bdc292885bb76c1e3810e73c39"},"headline":"Interam\u00e9rica: Estudiantes de escuelas adventistas dedican un d\u00eda a orar y testificar","datePublished":"2014-03-25T04:00:00+00:00","mainEntityOfPage":{"@id":"https:\/\/interamerica.org\/es\/2014\/03\/interamerica-estudiantes-de-escuelas-adventistas-dedican-un-dia-a-orar-y-testificar\/"},"wordCount":1274,"image":{"@id":"https:\/\/interamerica.org\/es\/2014\/03\/interamerica-estudiantes-de-escuelas-adventistas-dedican-un-dia-a-orar-y-testificar\/#primaryimage"},"thumbnailUrl":"https:\/\/interamerica.org\/wp-content\/uploads\/2017\/06\/GUATE-dayofprayer.png","articleSection":["Desde la sede"],"inLanguage":"es"},{"@type":"WebPage","@id":"https:\/\/interamerica.org\/es\/2014\/03\/interamerica-estudiantes-de-escuelas-adventistas-dedican-un-dia-a-orar-y-testificar\/","url":"https:\/\/interamerica.org\/es\/2014\/03\/interamerica-estudiantes-de-escuelas-adventistas-dedican-un-dia-a-orar-y-testificar\/","name":"Interam\u00e9rica: Estudiantes de escuelas adventistas dedican un d\u00eda a orar y testificar - Iglesia Adventista del S\u00e9ptimo D\u00eda - Divisi\u00f3n Interamericana","isPartOf":{"@id":"https:\/\/interamerica.org\/es\/#website"},"primaryImageOfPage":{"@id":"https:\/\/interamerica.org\/es\/2014\/03\/interamerica-estudiantes-de-escuelas-adventistas-dedican-un-dia-a-orar-y-testificar\/#primaryimage"},"image":{"@id":"https:\/\/interamerica.org\/es\/2014\/03\/interamerica-estudiantes-de-escuelas-adventistas-dedican-un-dia-a-orar-y-testificar\/#primaryimage"},"thumbnailUrl":"https:\/\/interamerica.org\/wp-content\/uploads\/2017\/06\/GUATE-dayofprayer.png","datePublished":"2014-03-25T04:00:00+00:00","author":{"@id":"https:\/\/interamerica.org\/es\/#\/schema\/person\/68ede8bdc292885bb76c1e3810e73c39"},"breadcrumb":{"@id":"https:\/\/interamerica.org\/es\/2014\/03\/interamerica-estudiantes-de-escuelas-adventistas-dedican-un-dia-a-orar-y-testificar\/#breadcrumb"},"inLanguage":"es","potentialAction":[{"@type":"ReadAction","target":["https:\/\/interamerica.org\/es\/2014\/03\/interamerica-estudiantes-de-escuelas-adventistas-dedican-un-dia-a-orar-y-testificar\/"]}]},{"@type":"ImageObject","inLanguage":"es","@id":"https:\/\/interamerica.org\/es\/2014\/03\/interamerica-estudiantes-de-escuelas-adventistas-dedican-un-dia-a-orar-y-testificar\/#primaryimage","url":"https:\/\/interamerica.org\/wp-content\/uploads\/2017\/06\/GUATE-dayofprayer.png","contentUrl":"https:\/\/interamerica.org\/wp-content\/uploads\/2017\/06\/GUATE-dayofprayer.png","width":590,"height":391},{"@type":"BreadcrumbList","@id":"https:\/\/interamerica.org\/es\/2014\/03\/interamerica-estudiantes-de-escuelas-adventistas-dedican-un-dia-a-orar-y-testificar\/#breadcrumb","itemListElement":[{"@type":"ListItem","position":1,"name":"Home","item":"https:\/\/interamerica.org\/es\/"},{"@type":"ListItem","position":2,"name":"Interam\u00e9rica: Estudiantes de escuelas adventistas dedican un d\u00eda a orar y testificar"}]},{"@type":"WebSite","@id":"https:\/\/interamerica.org\/es\/#website","url":"https:\/\/interamerica.org\/es\/","name":"Iglesia Adventista del S\u00e9ptimo D\u00eda - Divisi\u00f3n Interamericana","description":"","potentialAction":[{"@type":"SearchAction","target":{"@type":"EntryPoint","urlTemplate":"https:\/\/interamerica.org\/es\/?s={search_term_string}"},"query-input":{"@type":"PropertyValueSpecification","valueRequired":true,"valueName":"search_term_string"}}],"inLanguage":"es"},{"@type":"Person","@id":"https:\/\/interamerica.org\/es\/#\/schema\/person\/68ede8bdc292885bb76c1e3810e73c39","name":"Lorenzo Verduzco","image":{"@type":"ImageObject","inLanguage":"es","@id":"https:\/\/secure.gravatar.com\/avatar\/fb81a55b6218459490a9c1dc841a34909185b81904c5337b4b27f7a6fd60c49e?s=96&d=mm&r=g","url":"https:\/\/secure.gravatar.com\/avatar\/fb81a55b6218459490a9c1dc841a34909185b81904c5337b4b27f7a6fd60c49e?s=96&d=mm&r=g","contentUrl":"https:\/\/secure.gravatar.com\/avatar\/fb81a55b6218459490a9c1dc841a34909185b81904c5337b4b27f7a6fd60c49e?s=96&d=mm&r=g","caption":"Lorenzo Verduzco"}}]}},"_links":{"self":[{"href":"https:\/\/interamerica.org\/es\/wp-json\/wp\/v2\/posts\/30461","targetHints":{"allow":["GET"]}}],"collection":[{"href":"https:\/\/interamerica.org\/es\/wp-json\/wp\/v2\/posts"}],"about":[{"href":"https:\/\/interamerica.org\/es\/wp-json\/wp\/v2\/types\/post"}],"author":[{"embeddable":true,"href":"https:\/\/interamerica.org\/es\/wp-json\/wp\/v2\/users\/1"}],"replies":[{"embeddable":true,"href":"https:\/\/interamerica.org\/es\/wp-json\/wp\/v2\/comments?post=30461"}],"version-history":[{"count":0,"href":"https:\/\/interamerica.org\/es\/wp-json\/wp\/v2\/posts\/30461\/revisions"}],"wp:featuredmedia":[{"embeddable":true,"href":"https:\/\/interamerica.org\/es\/wp-json\/wp\/v2\/media\/22805"}],"wp:attachment":[{"href":"https:\/\/interamerica.org\/es\/wp-json\/wp\/v2\/media?parent=30461"}],"wp:term":[{"taxonomy":"category","embeddable":true,"href":"https:\/\/interamerica.org\/es\/wp-json\/wp\/v2\/categories?post=30461"},{"taxonomy":"post_tag","embeddable":true,"href":"https:\/\/interamerica.org\/es\/wp-json\/wp\/v2\/tags?post=30461"}],"curies":[{"name":"wp","href":"https:\/\/api.w.org\/{rel}","templated":true}]}}