{"id":30465,"date":"2014-03-31T00:00:00","date_gmt":"2014-03-31T04:00:00","guid":{"rendered":"http:\/\/192.81.217.108\/interamerica\/2014\/03\/anfitriones-del-programa-en-vivo-del-dia-mundial-de-la-juventud\/"},"modified":"2017-06-26T17:45:47","modified_gmt":"2017-06-26T21:45:47","slug":"anfitriones-del-programa-en-vivo-del-dia-mundial-de-la-juventud","status":"publish","type":"post","link":"https:\/\/interamerica.org\/es\/2014\/03\/anfitriones-del-programa-en-vivo-del-dia-mundial-de-la-juventud\/","title":{"rendered":"Anfitriones del programa en vivo del D\u00eda Mundial de la Juventud"},"content":{"rendered":"<p><em>De izquierda a derecha<\/em>: Los misioneros Starlene Peters, Jaunna Murillo, Carlos S\u00e1nchez y Laura Parra, de \u00abUn a\u00f1o en misi\u00f3n\u00bb (OYiM), posan para una fotograf\u00eda con el pastor Benjam\u00edn Carballo (segundo desde la izquierda), director de Ministerios J\u00f3venes de Interam\u00e9rica, antes de comenzar el programa en vivo del \u00abD\u00eda Mundial de la Juventud\u00bb en el Canal Hope, el pasado 15 de marzo de 2014, desde la sede central de la Uni\u00f3n Mexicana Central, en Ciudad de M\u00e9xico. El equipo de cuatro integrantes de OYiM fue anfitri\u00f3n del programa en vivo de dos horas sobre el impacto comunitario en toda la Divisi\u00f3n Interamericana, hacia el final de las 24 horas de cobertura en vivo de las actividades de la iglesia en esa jornada especial. Imagen de Gregorio V\u00e1zquez\/DIA.<\/p>\n","protected":false},"excerpt":{"rendered":"<p>De izquierda a derecha: Los misioneros Starlene Peters, Jaunna Murillo, Carlos S\u00e1nchez y Laura Parra, de \u00abUn a\u00f1o en misi\u00f3n\u00bb (OYiM), posan para una fotograf\u00eda con el pastor Benjam\u00edn Carballo&#8230;<\/p>\n","protected":false},"author":1,"featured_media":0,"comment_status":"closed","ping_status":"closed","sticky":false,"template":"","format":"standard","meta":{"_acf_changed":false,"footnotes":""},"categories":[],"tags":[],"class_list":["post-30465","post","type-post","status-publish","format-standard","hentry"],"acf":[],"yoast_head":"<!-- This site is optimized with the Yoast SEO plugin v27.3 - https:\/\/yoast.com\/product\/yoast-seo-wordpress\/ -->\n<title>Anfitriones del programa en vivo del D\u00eda Mundial de la Juventud - Iglesia Adventista del S\u00e9ptimo D\u00eda - Divisi\u00f3n Interamericana<\/title>\n<meta name=\"robots\" content=\"index, follow, max-snippet:-1, max-image-preview:large, max-video-preview:-1\" \/>\n<link rel=\"canonical\" href=\"https:\/\/interamerica.org\/es\/2014\/03\/anfitriones-del-programa-en-vivo-del-dia-mundial-de-la-juventud\/\" \/>\n<meta property=\"og:locale\" content=\"es_ES\" \/>\n<meta property=\"og:type\" content=\"article\" \/>\n<meta property=\"og:title\" content=\"Anfitriones del programa en vivo del D\u00eda Mundial de la Juventud - Iglesia Adventista del S\u00e9ptimo D\u00eda - Divisi\u00f3n Interamericana\" \/>\n<meta property=\"og:description\" content=\"De izquierda a derecha: Los misioneros Starlene Peters, Jaunna Murillo, Carlos S\u00e1nchez y Laura Parra, de \u00abUn a\u00f1o en misi\u00f3n\u00bb (OYiM), posan para una fotograf\u00eda con el pastor Benjam\u00edn Carballo...\" \/>\n<meta property=\"og:url\" content=\"https:\/\/interamerica.org\/es\/2014\/03\/anfitriones-del-programa-en-vivo-del-dia-mundial-de-la-juventud\/\" \/>\n<meta property=\"og:site_name\" content=\"Iglesia Adventista del S\u00e9ptimo D\u00eda - Divisi\u00f3n Interamericana\" \/>\n<meta property=\"article:published_time\" content=\"2014-03-31T04:00:00+00:00\" \/>\n<meta property=\"article:modified_time\" content=\"2017-06-26T21:45:47+00:00\" \/>\n<meta name=\"author\" content=\"Lorenzo Verduzco\" \/>\n<meta name=\"twitter:card\" content=\"summary_large_image\" \/>\n<meta name=\"twitter:label1\" content=\"Escrito por\" \/>\n\t<meta name=\"twitter:data1\" content=\"Lorenzo Verduzco\" \/>\n\t<meta name=\"twitter:label2\" content=\"Tiempo de lectura\" \/>\n\t<meta name=\"twitter:data2\" content=\"1 minuto\" \/>\n<script type=\"application\/ld+json\" class=\"yoast-schema-graph\">{\"@context\":\"https:\\\/\\\/schema.org\",\"@graph\":[{\"@type\":\"Article\",\"@id\":\"https:\\\/\\\/interamerica.org\\\/es\\\/2014\\\/03\\\/anfitriones-del-programa-en-vivo-del-dia-mundial-de-la-juventud\\\/#article\",\"isPartOf\":{\"@id\":\"https:\\\/\\\/interamerica.org\\\/es\\\/2014\\\/03\\\/anfitriones-del-programa-en-vivo-del-dia-mundial-de-la-juventud\\\/\"},\"author\":{\"name\":\"Lorenzo Verduzco\",\"@id\":\"https:\\\/\\\/interamerica.org\\\/es\\\/#\\\/schema\\\/person\\\/68ede8bdc292885bb76c1e3810e73c39\"},\"headline\":\"Anfitriones del programa en vivo del D\u00eda Mundial de la Juventud\",\"datePublished\":\"2014-03-31T04:00:00+00:00\",\"dateModified\":\"2017-06-26T21:45:47+00:00\",\"mainEntityOfPage\":{\"@id\":\"https:\\\/\\\/interamerica.org\\\/es\\\/2014\\\/03\\\/anfitriones-del-programa-en-vivo-del-dia-mundial-de-la-juventud\\\/\"},\"wordCount\":150,\"inLanguage\":\"es\"},{\"@type\":\"WebPage\",\"@id\":\"https:\\\/\\\/interamerica.org\\\/es\\\/2014\\\/03\\\/anfitriones-del-programa-en-vivo-del-dia-mundial-de-la-juventud\\\/\",\"url\":\"https:\\\/\\\/interamerica.org\\\/es\\\/2014\\\/03\\\/anfitriones-del-programa-en-vivo-del-dia-mundial-de-la-juventud\\\/\",\"name\":\"Anfitriones del programa en vivo del D\u00eda Mundial de la Juventud - Iglesia Adventista del S\u00e9ptimo D\u00eda - Divisi\u00f3n Interamericana\",\"isPartOf\":{\"@id\":\"https:\\\/\\\/interamerica.org\\\/es\\\/#website\"},\"datePublished\":\"2014-03-31T04:00:00+00:00\",\"dateModified\":\"2017-06-26T21:45:47+00:00\",\"author\":{\"@id\":\"https:\\\/\\\/interamerica.org\\\/es\\\/#\\\/schema\\\/person\\\/68ede8bdc292885bb76c1e3810e73c39\"},\"breadcrumb\":{\"@id\":\"https:\\\/\\\/interamerica.org\\\/es\\\/2014\\\/03\\\/anfitriones-del-programa-en-vivo-del-dia-mundial-de-la-juventud\\\/#breadcrumb\"},\"inLanguage\":\"es\",\"potentialAction\":[{\"@type\":\"ReadAction\",\"target\":[\"https:\\\/\\\/interamerica.org\\\/es\\\/2014\\\/03\\\/anfitriones-del-programa-en-vivo-del-dia-mundial-de-la-juventud\\\/\"]}]},{\"@type\":\"BreadcrumbList\",\"@id\":\"https:\\\/\\\/interamerica.org\\\/es\\\/2014\\\/03\\\/anfitriones-del-programa-en-vivo-del-dia-mundial-de-la-juventud\\\/#breadcrumb\",\"itemListElement\":[{\"@type\":\"ListItem\",\"position\":1,\"name\":\"Home\",\"item\":\"https:\\\/\\\/interamerica.org\\\/es\\\/\"},{\"@type\":\"ListItem\",\"position\":2,\"name\":\"Anfitriones del programa en vivo del D\u00eda Mundial de la Juventud\"}]},{\"@type\":\"WebSite\",\"@id\":\"https:\\\/\\\/interamerica.org\\\/es\\\/#website\",\"url\":\"https:\\\/\\\/interamerica.org\\\/es\\\/\",\"name\":\"Iglesia Adventista del S\u00e9ptimo D\u00eda - Divisi\u00f3n Interamericana\",\"description\":\"\",\"potentialAction\":[{\"@type\":\"SearchAction\",\"target\":{\"@type\":\"EntryPoint\",\"urlTemplate\":\"https:\\\/\\\/interamerica.org\\\/es\\\/?s={search_term_string}\"},\"query-input\":{\"@type\":\"PropertyValueSpecification\",\"valueRequired\":true,\"valueName\":\"search_term_string\"}}],\"inLanguage\":\"es\"},{\"@type\":\"Person\",\"@id\":\"https:\\\/\\\/interamerica.org\\\/es\\\/#\\\/schema\\\/person\\\/68ede8bdc292885bb76c1e3810e73c39\",\"name\":\"Lorenzo Verduzco\",\"image\":{\"@type\":\"ImageObject\",\"inLanguage\":\"es\",\"@id\":\"https:\\\/\\\/secure.gravatar.com\\\/avatar\\\/fb81a55b6218459490a9c1dc841a34909185b81904c5337b4b27f7a6fd60c49e?s=96&d=mm&r=g\",\"url\":\"https:\\\/\\\/secure.gravatar.com\\\/avatar\\\/fb81a55b6218459490a9c1dc841a34909185b81904c5337b4b27f7a6fd60c49e?s=96&d=mm&r=g\",\"contentUrl\":\"https:\\\/\\\/secure.gravatar.com\\\/avatar\\\/fb81a55b6218459490a9c1dc841a34909185b81904c5337b4b27f7a6fd60c49e?s=96&d=mm&r=g\",\"caption\":\"Lorenzo Verduzco\"}}]}<\/script>\n<!-- \/ Yoast SEO plugin. -->","yoast_head_json":{"title":"Anfitriones del programa en vivo del D\u00eda Mundial de la Juventud - Iglesia Adventista del S\u00e9ptimo D\u00eda - Divisi\u00f3n Interamericana","robots":{"index":"index","follow":"follow","max-snippet":"max-snippet:-1","max-image-preview":"max-image-preview:large","max-video-preview":"max-video-preview:-1"},"canonical":"https:\/\/interamerica.org\/es\/2014\/03\/anfitriones-del-programa-en-vivo-del-dia-mundial-de-la-juventud\/","og_locale":"es_ES","og_type":"article","og_title":"Anfitriones del programa en vivo del D\u00eda Mundial de la Juventud - Iglesia Adventista del S\u00e9ptimo D\u00eda - Divisi\u00f3n Interamericana","og_description":"De izquierda a derecha: Los misioneros Starlene Peters, Jaunna Murillo, Carlos S\u00e1nchez y Laura Parra, de \u00abUn a\u00f1o en misi\u00f3n\u00bb (OYiM), posan para una fotograf\u00eda con el pastor Benjam\u00edn Carballo...","og_url":"https:\/\/interamerica.org\/es\/2014\/03\/anfitriones-del-programa-en-vivo-del-dia-mundial-de-la-juventud\/","og_site_name":"Iglesia Adventista del S\u00e9ptimo D\u00eda - Divisi\u00f3n Interamericana","article_published_time":"2014-03-31T04:00:00+00:00","article_modified_time":"2017-06-26T21:45:47+00:00","author":"Lorenzo Verduzco","twitter_card":"summary_large_image","twitter_misc":{"Escrito por":"Lorenzo Verduzco","Tiempo de lectura":"1 minuto"},"schema":{"@context":"https:\/\/schema.org","@graph":[{"@type":"Article","@id":"https:\/\/interamerica.org\/es\/2014\/03\/anfitriones-del-programa-en-vivo-del-dia-mundial-de-la-juventud\/#article","isPartOf":{"@id":"https:\/\/interamerica.org\/es\/2014\/03\/anfitriones-del-programa-en-vivo-del-dia-mundial-de-la-juventud\/"},"author":{"name":"Lorenzo Verduzco","@id":"https:\/\/interamerica.org\/es\/#\/schema\/person\/68ede8bdc292885bb76c1e3810e73c39"},"headline":"Anfitriones del programa en vivo del D\u00eda Mundial de la Juventud","datePublished":"2014-03-31T04:00:00+00:00","dateModified":"2017-06-26T21:45:47+00:00","mainEntityOfPage":{"@id":"https:\/\/interamerica.org\/es\/2014\/03\/anfitriones-del-programa-en-vivo-del-dia-mundial-de-la-juventud\/"},"wordCount":150,"inLanguage":"es"},{"@type":"WebPage","@id":"https:\/\/interamerica.org\/es\/2014\/03\/anfitriones-del-programa-en-vivo-del-dia-mundial-de-la-juventud\/","url":"https:\/\/interamerica.org\/es\/2014\/03\/anfitriones-del-programa-en-vivo-del-dia-mundial-de-la-juventud\/","name":"Anfitriones del programa en vivo del D\u00eda Mundial de la Juventud - Iglesia Adventista del S\u00e9ptimo D\u00eda - Divisi\u00f3n Interamericana","isPartOf":{"@id":"https:\/\/interamerica.org\/es\/#website"},"datePublished":"2014-03-31T04:00:00+00:00","dateModified":"2017-06-26T21:45:47+00:00","author":{"@id":"https:\/\/interamerica.org\/es\/#\/schema\/person\/68ede8bdc292885bb76c1e3810e73c39"},"breadcrumb":{"@id":"https:\/\/interamerica.org\/es\/2014\/03\/anfitriones-del-programa-en-vivo-del-dia-mundial-de-la-juventud\/#breadcrumb"},"inLanguage":"es","potentialAction":[{"@type":"ReadAction","target":["https:\/\/interamerica.org\/es\/2014\/03\/anfitriones-del-programa-en-vivo-del-dia-mundial-de-la-juventud\/"]}]},{"@type":"BreadcrumbList","@id":"https:\/\/interamerica.org\/es\/2014\/03\/anfitriones-del-programa-en-vivo-del-dia-mundial-de-la-juventud\/#breadcrumb","itemListElement":[{"@type":"ListItem","position":1,"name":"Home","item":"https:\/\/interamerica.org\/es\/"},{"@type":"ListItem","position":2,"name":"Anfitriones del programa en vivo del D\u00eda Mundial de la Juventud"}]},{"@type":"WebSite","@id":"https:\/\/interamerica.org\/es\/#website","url":"https:\/\/interamerica.org\/es\/","name":"Iglesia Adventista del S\u00e9ptimo D\u00eda - Divisi\u00f3n Interamericana","description":"","potentialAction":[{"@type":"SearchAction","target":{"@type":"EntryPoint","urlTemplate":"https:\/\/interamerica.org\/es\/?s={search_term_string}"},"query-input":{"@type":"PropertyValueSpecification","valueRequired":true,"valueName":"search_term_string"}}],"inLanguage":"es"},{"@type":"Person","@id":"https:\/\/interamerica.org\/es\/#\/schema\/person\/68ede8bdc292885bb76c1e3810e73c39","name":"Lorenzo Verduzco","image":{"@type":"ImageObject","inLanguage":"es","@id":"https:\/\/secure.gravatar.com\/avatar\/fb81a55b6218459490a9c1dc841a34909185b81904c5337b4b27f7a6fd60c49e?s=96&d=mm&r=g","url":"https:\/\/secure.gravatar.com\/avatar\/fb81a55b6218459490a9c1dc841a34909185b81904c5337b4b27f7a6fd60c49e?s=96&d=mm&r=g","contentUrl":"https:\/\/secure.gravatar.com\/avatar\/fb81a55b6218459490a9c1dc841a34909185b81904c5337b4b27f7a6fd60c49e?s=96&d=mm&r=g","caption":"Lorenzo Verduzco"}}]}},"_links":{"self":[{"href":"https:\/\/interamerica.org\/es\/wp-json\/wp\/v2\/posts\/30465","targetHints":{"allow":["GET"]}}],"collection":[{"href":"https:\/\/interamerica.org\/es\/wp-json\/wp\/v2\/posts"}],"about":[{"href":"https:\/\/interamerica.org\/es\/wp-json\/wp\/v2\/types\/post"}],"author":[{"embeddable":true,"href":"https:\/\/interamerica.org\/es\/wp-json\/wp\/v2\/users\/1"}],"replies":[{"embeddable":true,"href":"https:\/\/interamerica.org\/es\/wp-json\/wp\/v2\/comments?post=30465"}],"version-history":[{"count":0,"href":"https:\/\/interamerica.org\/es\/wp-json\/wp\/v2\/posts\/30465\/revisions"}],"wp:attachment":[{"href":"https:\/\/interamerica.org\/es\/wp-json\/wp\/v2\/media?parent=30465"}],"wp:term":[{"taxonomy":"category","embeddable":true,"href":"https:\/\/interamerica.org\/es\/wp-json\/wp\/v2\/categories?post=30465"},{"taxonomy":"post_tag","embeddable":true,"href":"https:\/\/interamerica.org\/es\/wp-json\/wp\/v2\/tags?post=30465"}],"curies":[{"name":"wp","href":"https:\/\/api.w.org\/{rel}","templated":true}]}}