{"id":30468,"date":"2014-04-01T00:00:00","date_gmt":"2014-04-01T04:00:00","guid":{"rendered":"http:\/\/192.81.217.108\/interamerica\/2014\/04\/acciones-creativas-de-servicio-marcan-el-segundo-ano-del-dia-mundial-de-la-juventud\/"},"modified":"2014-04-01T00:00:00","modified_gmt":"2014-04-01T04:00:00","slug":"acciones-creativas-de-servicio-marcan-el-segundo-ano-del-dia-mundial-de-la-juventud","status":"publish","type":"post","link":"https:\/\/interamerica.org\/es\/2014\/04\/acciones-creativas-de-servicio-marcan-el-segundo-ano-del-dia-mundial-de-la-juventud\/","title":{"rendered":"Acciones creativas de servicio marcan el segundo a\u00f1o del D\u00eda Mundial de la Juventud"},"content":{"rendered":"<div id=\"attachment_11177\" style=\"width: 600px\" class=\"wp-caption aligncenter\"><a href=\"\/interamerica\/wp-content\/uploads\/2017\/06\/GYDhosts-Large.png\" rel=\"fancybox\" title=\"Acciones creativas de servicio marcan el segundo a\u00f1o del D\u00eda Mundial de la Juventud\"><img fetchpriority=\"high\" decoding=\"async\" aria-describedby=\"caption-attachment-11177\" class=\"size-full wp-image-11177\" src=\"\/interamerica\/wp-content\/uploads\/2017\/06\/GYDhosts-Large.png\" alt=\"\" width=\"590\" height=\"330\" \/><\/a><p id=\"caption-attachment-11177\" class=\"wp-caption-text\">De izquierda a derecha: Los misioneros de \u00abUn a\u00f1o en misi\u00f3n\u00bb (OYiM) Starlene Peters, Jaunna Murillo, Carlos S\u00e1nchez y Laura Parra posan en una fotograf\u00eda con el pastor Benjam\u00edn Carballo (segundo desde la izquierda), director de Ministerios J\u00f3venes de Interam\u00e9rica, antes de conducir el programa en vivo del D\u00eda Mundial de la Juventud en el Canal Hope el pasado 15 de marzo de 2014, desde la sede central de la Uni\u00f3n Mexicana Central. El equipo de cuatro j\u00f3venes de OYiM condujo un programa en vivo de dos horas sobre el impacto comunitario en toda la Divisi\u00f3n Interamericana hacia el fin de las 24 horas de cobertura de las actividades del D\u00eda Mundial de la Juventud organizado por la iglesia. Imagen de Gregorio V\u00e1zquez\/DIA.<\/p><\/div>\n<p>1 de abril de 2014 &#8211; Silver Spring, Maryland, Estados Unidos&#8230;ANN\/DIA<\/p>\n<p>El D\u00eda Mundial de la Juventud de este mes fue el segundo evento anual que envi\u00f3 cientos de miles de j\u00f3venes adventistas de los cultos de sus iglesias a proyectos en vecindarios y comunidades de todo el mundo.<\/p>\n<div id=\"attachment_11175\" style=\"width: 310px\" class=\"wp-caption alignright\"><a href=\"\/interamerica\/wp-content\/uploads\/2017\/06\/csm_gyd-feat_831cb342b2.jpg\" rel=\"fancybox\" title=\"Acciones creativas de servicio marcan el segundo a\u00f1o del D\u00eda Mundial de la Juventud\"><img decoding=\"async\" aria-describedby=\"caption-attachment-11175\" class=\"size-medium wp-image-11175\" src=\"\/interamerica\/wp-content\/uploads\/2017\/06\/csm_gyd-feat_831cb342b2-300x225.jpg\" alt=\"\" width=\"300\" height=\"225\" \/><\/a><p id=\"caption-attachment-11175\" class=\"wp-caption-text\">En la regi\u00f3n Mexicana del Norte, los j\u00f3venes sostienen un cartel que expresa: \u00abQuince segundos de oraci\u00f3n cambian tu vida\u00bb. El grupo fue parte de cientos de miles de j\u00f3venes adventistas de todo el mundo que dejaron de asistir a la iglesia el s\u00e1bado 15 de marzo para participar en actividades de servicio comunitario. Imagen por cortes\u00eda de la Uni\u00f3n Mexicana del Norte\/DIA<\/p><\/div>\n<p>El evento del pasado 15 de marzo tambi\u00e9n fue transmitido en vivo por Internet, destacando los proyectos de veinte lugares distintos. En comparaci\u00f3n con el a\u00f1o pasado, el evento de este a\u00f1o cont\u00f3 con casi el triple de participaci\u00f3n por Internet en vivo, con m\u00e1s de 27 mil publicaciones de medios en el sitio web del evento y en la p\u00e1gina de Facebook.<\/p>\n<p>Gilbert Cangy, director de Ministerios J\u00f3venes, dijo que el evento ayuda a unir a los j\u00f3venes adventistas de todo el mundo y representa una oportunidad de expresar creatividad en servicio.<\/p>\n<p>\u00abAunque nuestros j\u00f3venes est\u00e1n desparramados por los cuatro extremos del mundo, est\u00e1n vinculados por un llamado \u00fanico y com\u00fan de proclamar el evangelio eterno y preparar al mundo para el pronto regreso de Jes\u00fas\u00bb, dijo Cangy.<\/p>\n<p>El evento ped\u00eda a los j\u00f3venes que dejaran de asistir ese s\u00e1bado al serm\u00f3n para salir en cambio a \u00abSer el serm\u00f3n\u00bb. J\u00f3venes Adventistas, desde Namibia hasta Noruega visitaron a los ancianos en las residencias para la tercera edad, entonaron c\u00e1nticos de apoyo a los prisioneros y ofrecieron informaci\u00f3n de salud y nutrici\u00f3n en las plazas p\u00fablicas. Muchos ofrecieron oraciones en favor de los transe\u00fantes, y todo esto sumado a acciones de servicio en todo el mundo.<\/p>\n<p>\u201cMe sent\u00ed maravillado por la creatividad y la diversidad de iniciativas que se les ocurrieron a los j\u00f3venes de diversas partes del mundo\u00bb, dijo Cangy. \u00abTodas son dignas de destacar\u00bb.<\/p>\n<p>En Ciudad de M\u00e9xico, los j\u00f3venes prepararon cientos de comidas para pacientes y familiares de hospitales, mientras que otros que estaba en un parque invitaron a los transe\u00fantes a escuchar charlas de salud y recibir chequeos de salud. En Colombia, los j\u00f3venes organizaron estaciones de oraci\u00f3n en las calles de las ciudades. En Venezuela, los j\u00f3venes distribuyeron alimentos para las personas sin hogar. En Holanda, los j\u00f3venes adventistas usaron la frase \u00abcargar el huevo\u00bb, un eslogan conocido en el pa\u00eds, como una manera para que la gente compartiera sus motivos de estr\u00e9s y escribiera algo en un huevo real.<\/p>\n<div id=\"attachment_11176\" style=\"width: 310px\" class=\"wp-caption alignleft\"><a href=\"\/interamerica\/wp-content\/uploads\/2017\/06\/EVAU-GYD.png\" rel=\"fancybox\" title=\"Acciones creativas de servicio marcan el segundo a\u00f1o del D\u00eda Mundial de la Juventud\"><img decoding=\"async\" aria-describedby=\"caption-attachment-11176\" class=\"size-medium wp-image-11176\" src=\"\/interamerica\/wp-content\/uploads\/2017\/06\/EVAU-GYD-300x200.png\" alt=\"\" width=\"300\" height=\"200\" \/><\/a><p id=\"caption-attachment-11176\" class=\"wp-caption-text\">J\u00f3venes adventistas vestidos con sus uniformes de conquistadores posan para una fotograf\u00eda con dos personas sin hogar despu\u00e9s de que ellos recibieron comida y coronas de papel para darles una muestra del amor de Jes\u00fas durante el D\u00eda Mundial de la Juventud, que se llev\u00f3 a cabo el 15 de marzo de 2014. Imagen por cortes\u00eda dela Uni\u00f3n Venezolana Oriental.\/IAD<\/p><\/div>\n<p>En Egipto, j\u00f3venes y profesionales de medicina llevaron a cabo una exposici\u00f3n de salud en el distrito Ezbet el-Hagg\u0101na, de la ciudad de El Cairo.<\/p>\n<p>En las Filipinas, los j\u00f3venes distribuyeron diversos art\u00edculos en Manila, oraron con los transe\u00fantes y dieron muestras de otros actos de compasi\u00f3n, antes de reunirse para una \u00abCaminata de la compasi\u00f3n\u00bb desde el Parque Luneta hasta la Plaza Habour.<\/p>\n<p>En Yaound\u00e9, Camer\u00fan, Ted N. C. Wilson, el presidente de la Iglesia Adventista, elev\u00f3 una oraci\u00f3n para dar por culminadas las ceremonias del D\u00eda Mundial de la Juventud antes siete mil personas.<\/p>\n<p>Un equipo del centro de medios \u00abStimme der Hoffnung\u00bb (La voz de la esperanza), de Alemania, coordin\u00f3 la transmisi\u00f3n mundial en vivo de las actividades del d\u00eda. Los estudios de transmisi\u00f3n local fueron desde los grandes centros de medios de la iglesia y las iglesias locales hasta sedes al aire libre y estudios provisorios armados en una escuela secundaria. El evento fue transmitido por Internet, en lugar de hacerlo mediante el m\u00e9todo m\u00e1s costoso de tiempo satelital.<\/p>\n<p>Cangy dijo que el evento enfatiz\u00f3 el trabajo conjunto de muchos de los ministerios de la denominaci\u00f3n, incluidos Ministerios J\u00f3venes, Comunicaciones, Radio Mundial Adventista y el Canal Hope.<\/p>\n<p>Ya se ha planificado el siguiente D\u00eda Mundial de la Juventud para el pr\u00f3ximo 21 de marzo de 2015.<\/p>\n<p><em>Traducci\u00f3n de Marcos Paseggi<\/em><\/p>\n","protected":false},"excerpt":{"rendered":"<p>El D\u00eda Mundial de la Juventud de este mes fue el segundo evento anual que envi\u00f3 cientos de miles de j\u00f3venes adventistas de los cultos de sus iglesias a proyectos en vecindarios y comunidades de todo el mundo.<\/p>\n","protected":false},"author":1,"featured_media":22836,"comment_status":"closed","ping_status":"closed","sticky":false,"template":"","format":"standard","meta":{"_acf_changed":false,"footnotes":""},"categories":[14],"tags":[],"class_list":["post-30468","post","type-post","status-publish","format-standard","has-post-thumbnail","hentry","category-de-la-iglesia-mundial"],"acf":[],"yoast_head":"<!-- This site is optimized with the Yoast SEO plugin v27.3 - https:\/\/yoast.com\/product\/yoast-seo-wordpress\/ -->\n<title>Acciones creativas de servicio marcan el segundo a\u00f1o del D\u00eda Mundial de la Juventud - Iglesia Adventista del S\u00e9ptimo D\u00eda - Divisi\u00f3n Interamericana<\/title>\n<meta name=\"robots\" content=\"index, follow, max-snippet:-1, max-image-preview:large, max-video-preview:-1\" \/>\n<link rel=\"canonical\" href=\"https:\/\/interamerica.org\/es\/2014\/04\/acciones-creativas-de-servicio-marcan-el-segundo-ano-del-dia-mundial-de-la-juventud\/\" \/>\n<meta property=\"og:locale\" content=\"es_ES\" \/>\n<meta property=\"og:type\" content=\"article\" \/>\n<meta property=\"og:title\" content=\"Acciones creativas de servicio marcan el segundo a\u00f1o del D\u00eda Mundial de la Juventud - Iglesia Adventista del S\u00e9ptimo D\u00eda - Divisi\u00f3n Interamericana\" \/>\n<meta property=\"og:description\" content=\"El D\u00eda Mundial de la Juventud de este mes fue el segundo evento anual que envi\u00f3 cientos de miles de j\u00f3venes adventistas de los cultos de sus iglesias a proyectos en vecindarios y comunidades de todo el mundo.\" \/>\n<meta property=\"og:url\" content=\"https:\/\/interamerica.org\/es\/2014\/04\/acciones-creativas-de-servicio-marcan-el-segundo-ano-del-dia-mundial-de-la-juventud\/\" \/>\n<meta property=\"og:site_name\" content=\"Iglesia Adventista del S\u00e9ptimo D\u00eda - Divisi\u00f3n Interamericana\" \/>\n<meta property=\"article:published_time\" content=\"2014-04-01T04:00:00+00:00\" \/>\n<meta property=\"og:image\" content=\"https:\/\/interamerica.org\/wp-content\/uploads\/2017\/06\/csm_gyd-feat_831cb342b2.jpg\" \/>\n\t<meta property=\"og:image:width\" content=\"400\" \/>\n\t<meta property=\"og:image:height\" content=\"301\" \/>\n\t<meta property=\"og:image:type\" content=\"image\/jpeg\" \/>\n<meta name=\"author\" content=\"Lorenzo Verduzco\" \/>\n<meta name=\"twitter:card\" content=\"summary_large_image\" \/>\n<meta name=\"twitter:label1\" content=\"Escrito por\" \/>\n\t<meta name=\"twitter:data1\" content=\"Lorenzo Verduzco\" \/>\n\t<meta name=\"twitter:label2\" content=\"Tiempo de lectura\" \/>\n\t<meta name=\"twitter:data2\" content=\"5 minutos\" \/>\n<script type=\"application\/ld+json\" class=\"yoast-schema-graph\">{\"@context\":\"https:\\\/\\\/schema.org\",\"@graph\":[{\"@type\":\"Article\",\"@id\":\"https:\\\/\\\/interamerica.org\\\/es\\\/2014\\\/04\\\/acciones-creativas-de-servicio-marcan-el-segundo-ano-del-dia-mundial-de-la-juventud\\\/#article\",\"isPartOf\":{\"@id\":\"https:\\\/\\\/interamerica.org\\\/es\\\/2014\\\/04\\\/acciones-creativas-de-servicio-marcan-el-segundo-ano-del-dia-mundial-de-la-juventud\\\/\"},\"author\":{\"name\":\"Lorenzo Verduzco\",\"@id\":\"https:\\\/\\\/interamerica.org\\\/es\\\/#\\\/schema\\\/person\\\/68ede8bdc292885bb76c1e3810e73c39\"},\"headline\":\"Acciones creativas de servicio marcan el segundo a\u00f1o del D\u00eda Mundial de la Juventud\",\"datePublished\":\"2014-04-01T04:00:00+00:00\",\"mainEntityOfPage\":{\"@id\":\"https:\\\/\\\/interamerica.org\\\/es\\\/2014\\\/04\\\/acciones-creativas-de-servicio-marcan-el-segundo-ano-del-dia-mundial-de-la-juventud\\\/\"},\"wordCount\":969,\"image\":{\"@id\":\"https:\\\/\\\/interamerica.org\\\/es\\\/2014\\\/04\\\/acciones-creativas-de-servicio-marcan-el-segundo-ano-del-dia-mundial-de-la-juventud\\\/#primaryimage\"},\"thumbnailUrl\":\"https:\\\/\\\/interamerica.org\\\/wp-content\\\/uploads\\\/2017\\\/06\\\/csm_gyd-feat_831cb342b2.jpg\",\"articleSection\":[\"Desde la iglesia mundial\"],\"inLanguage\":\"es\"},{\"@type\":\"WebPage\",\"@id\":\"https:\\\/\\\/interamerica.org\\\/es\\\/2014\\\/04\\\/acciones-creativas-de-servicio-marcan-el-segundo-ano-del-dia-mundial-de-la-juventud\\\/\",\"url\":\"https:\\\/\\\/interamerica.org\\\/es\\\/2014\\\/04\\\/acciones-creativas-de-servicio-marcan-el-segundo-ano-del-dia-mundial-de-la-juventud\\\/\",\"name\":\"Acciones creativas de servicio marcan el segundo a\u00f1o del D\u00eda Mundial de la Juventud - Iglesia Adventista del S\u00e9ptimo D\u00eda - Divisi\u00f3n Interamericana\",\"isPartOf\":{\"@id\":\"https:\\\/\\\/interamerica.org\\\/es\\\/#website\"},\"primaryImageOfPage\":{\"@id\":\"https:\\\/\\\/interamerica.org\\\/es\\\/2014\\\/04\\\/acciones-creativas-de-servicio-marcan-el-segundo-ano-del-dia-mundial-de-la-juventud\\\/#primaryimage\"},\"image\":{\"@id\":\"https:\\\/\\\/interamerica.org\\\/es\\\/2014\\\/04\\\/acciones-creativas-de-servicio-marcan-el-segundo-ano-del-dia-mundial-de-la-juventud\\\/#primaryimage\"},\"thumbnailUrl\":\"https:\\\/\\\/interamerica.org\\\/wp-content\\\/uploads\\\/2017\\\/06\\\/csm_gyd-feat_831cb342b2.jpg\",\"datePublished\":\"2014-04-01T04:00:00+00:00\",\"author\":{\"@id\":\"https:\\\/\\\/interamerica.org\\\/es\\\/#\\\/schema\\\/person\\\/68ede8bdc292885bb76c1e3810e73c39\"},\"breadcrumb\":{\"@id\":\"https:\\\/\\\/interamerica.org\\\/es\\\/2014\\\/04\\\/acciones-creativas-de-servicio-marcan-el-segundo-ano-del-dia-mundial-de-la-juventud\\\/#breadcrumb\"},\"inLanguage\":\"es\",\"potentialAction\":[{\"@type\":\"ReadAction\",\"target\":[\"https:\\\/\\\/interamerica.org\\\/es\\\/2014\\\/04\\\/acciones-creativas-de-servicio-marcan-el-segundo-ano-del-dia-mundial-de-la-juventud\\\/\"]}]},{\"@type\":\"ImageObject\",\"inLanguage\":\"es\",\"@id\":\"https:\\\/\\\/interamerica.org\\\/es\\\/2014\\\/04\\\/acciones-creativas-de-servicio-marcan-el-segundo-ano-del-dia-mundial-de-la-juventud\\\/#primaryimage\",\"url\":\"https:\\\/\\\/interamerica.org\\\/wp-content\\\/uploads\\\/2017\\\/06\\\/csm_gyd-feat_831cb342b2.jpg\",\"contentUrl\":\"https:\\\/\\\/interamerica.org\\\/wp-content\\\/uploads\\\/2017\\\/06\\\/csm_gyd-feat_831cb342b2.jpg\",\"width\":400,\"height\":301},{\"@type\":\"BreadcrumbList\",\"@id\":\"https:\\\/\\\/interamerica.org\\\/es\\\/2014\\\/04\\\/acciones-creativas-de-servicio-marcan-el-segundo-ano-del-dia-mundial-de-la-juventud\\\/#breadcrumb\",\"itemListElement\":[{\"@type\":\"ListItem\",\"position\":1,\"name\":\"Home\",\"item\":\"https:\\\/\\\/interamerica.org\\\/es\\\/\"},{\"@type\":\"ListItem\",\"position\":2,\"name\":\"Acciones creativas de servicio marcan el segundo a\u00f1o del D\u00eda Mundial de la Juventud\"}]},{\"@type\":\"WebSite\",\"@id\":\"https:\\\/\\\/interamerica.org\\\/es\\\/#website\",\"url\":\"https:\\\/\\\/interamerica.org\\\/es\\\/\",\"name\":\"Iglesia Adventista del S\u00e9ptimo D\u00eda - Divisi\u00f3n Interamericana\",\"description\":\"\",\"potentialAction\":[{\"@type\":\"SearchAction\",\"target\":{\"@type\":\"EntryPoint\",\"urlTemplate\":\"https:\\\/\\\/interamerica.org\\\/es\\\/?s={search_term_string}\"},\"query-input\":{\"@type\":\"PropertyValueSpecification\",\"valueRequired\":true,\"valueName\":\"search_term_string\"}}],\"inLanguage\":\"es\"},{\"@type\":\"Person\",\"@id\":\"https:\\\/\\\/interamerica.org\\\/es\\\/#\\\/schema\\\/person\\\/68ede8bdc292885bb76c1e3810e73c39\",\"name\":\"Lorenzo Verduzco\",\"image\":{\"@type\":\"ImageObject\",\"inLanguage\":\"es\",\"@id\":\"https:\\\/\\\/secure.gravatar.com\\\/avatar\\\/fb81a55b6218459490a9c1dc841a34909185b81904c5337b4b27f7a6fd60c49e?s=96&d=mm&r=g\",\"url\":\"https:\\\/\\\/secure.gravatar.com\\\/avatar\\\/fb81a55b6218459490a9c1dc841a34909185b81904c5337b4b27f7a6fd60c49e?s=96&d=mm&r=g\",\"contentUrl\":\"https:\\\/\\\/secure.gravatar.com\\\/avatar\\\/fb81a55b6218459490a9c1dc841a34909185b81904c5337b4b27f7a6fd60c49e?s=96&d=mm&r=g\",\"caption\":\"Lorenzo Verduzco\"}}]}<\/script>\n<!-- \/ Yoast SEO plugin. -->","yoast_head_json":{"title":"Acciones creativas de servicio marcan el segundo a\u00f1o del D\u00eda Mundial de la Juventud - Iglesia Adventista del S\u00e9ptimo D\u00eda - Divisi\u00f3n Interamericana","robots":{"index":"index","follow":"follow","max-snippet":"max-snippet:-1","max-image-preview":"max-image-preview:large","max-video-preview":"max-video-preview:-1"},"canonical":"https:\/\/interamerica.org\/es\/2014\/04\/acciones-creativas-de-servicio-marcan-el-segundo-ano-del-dia-mundial-de-la-juventud\/","og_locale":"es_ES","og_type":"article","og_title":"Acciones creativas de servicio marcan el segundo a\u00f1o del D\u00eda Mundial de la Juventud - Iglesia Adventista del S\u00e9ptimo D\u00eda - Divisi\u00f3n Interamericana","og_description":"El D\u00eda Mundial de la Juventud de este mes fue el segundo evento anual que envi\u00f3 cientos de miles de j\u00f3venes adventistas de los cultos de sus iglesias a proyectos en vecindarios y comunidades de todo el mundo.","og_url":"https:\/\/interamerica.org\/es\/2014\/04\/acciones-creativas-de-servicio-marcan-el-segundo-ano-del-dia-mundial-de-la-juventud\/","og_site_name":"Iglesia Adventista del S\u00e9ptimo D\u00eda - Divisi\u00f3n Interamericana","article_published_time":"2014-04-01T04:00:00+00:00","og_image":[{"width":400,"height":301,"url":"https:\/\/interamerica.org\/wp-content\/uploads\/2017\/06\/csm_gyd-feat_831cb342b2.jpg","type":"image\/jpeg"}],"author":"Lorenzo Verduzco","twitter_card":"summary_large_image","twitter_misc":{"Escrito por":"Lorenzo Verduzco","Tiempo de lectura":"5 minutos"},"schema":{"@context":"https:\/\/schema.org","@graph":[{"@type":"Article","@id":"https:\/\/interamerica.org\/es\/2014\/04\/acciones-creativas-de-servicio-marcan-el-segundo-ano-del-dia-mundial-de-la-juventud\/#article","isPartOf":{"@id":"https:\/\/interamerica.org\/es\/2014\/04\/acciones-creativas-de-servicio-marcan-el-segundo-ano-del-dia-mundial-de-la-juventud\/"},"author":{"name":"Lorenzo Verduzco","@id":"https:\/\/interamerica.org\/es\/#\/schema\/person\/68ede8bdc292885bb76c1e3810e73c39"},"headline":"Acciones creativas de servicio marcan el segundo a\u00f1o del D\u00eda Mundial de la Juventud","datePublished":"2014-04-01T04:00:00+00:00","mainEntityOfPage":{"@id":"https:\/\/interamerica.org\/es\/2014\/04\/acciones-creativas-de-servicio-marcan-el-segundo-ano-del-dia-mundial-de-la-juventud\/"},"wordCount":969,"image":{"@id":"https:\/\/interamerica.org\/es\/2014\/04\/acciones-creativas-de-servicio-marcan-el-segundo-ano-del-dia-mundial-de-la-juventud\/#primaryimage"},"thumbnailUrl":"https:\/\/interamerica.org\/wp-content\/uploads\/2017\/06\/csm_gyd-feat_831cb342b2.jpg","articleSection":["Desde la iglesia mundial"],"inLanguage":"es"},{"@type":"WebPage","@id":"https:\/\/interamerica.org\/es\/2014\/04\/acciones-creativas-de-servicio-marcan-el-segundo-ano-del-dia-mundial-de-la-juventud\/","url":"https:\/\/interamerica.org\/es\/2014\/04\/acciones-creativas-de-servicio-marcan-el-segundo-ano-del-dia-mundial-de-la-juventud\/","name":"Acciones creativas de servicio marcan el segundo a\u00f1o del D\u00eda Mundial de la Juventud - Iglesia Adventista del S\u00e9ptimo D\u00eda - Divisi\u00f3n Interamericana","isPartOf":{"@id":"https:\/\/interamerica.org\/es\/#website"},"primaryImageOfPage":{"@id":"https:\/\/interamerica.org\/es\/2014\/04\/acciones-creativas-de-servicio-marcan-el-segundo-ano-del-dia-mundial-de-la-juventud\/#primaryimage"},"image":{"@id":"https:\/\/interamerica.org\/es\/2014\/04\/acciones-creativas-de-servicio-marcan-el-segundo-ano-del-dia-mundial-de-la-juventud\/#primaryimage"},"thumbnailUrl":"https:\/\/interamerica.org\/wp-content\/uploads\/2017\/06\/csm_gyd-feat_831cb342b2.jpg","datePublished":"2014-04-01T04:00:00+00:00","author":{"@id":"https:\/\/interamerica.org\/es\/#\/schema\/person\/68ede8bdc292885bb76c1e3810e73c39"},"breadcrumb":{"@id":"https:\/\/interamerica.org\/es\/2014\/04\/acciones-creativas-de-servicio-marcan-el-segundo-ano-del-dia-mundial-de-la-juventud\/#breadcrumb"},"inLanguage":"es","potentialAction":[{"@type":"ReadAction","target":["https:\/\/interamerica.org\/es\/2014\/04\/acciones-creativas-de-servicio-marcan-el-segundo-ano-del-dia-mundial-de-la-juventud\/"]}]},{"@type":"ImageObject","inLanguage":"es","@id":"https:\/\/interamerica.org\/es\/2014\/04\/acciones-creativas-de-servicio-marcan-el-segundo-ano-del-dia-mundial-de-la-juventud\/#primaryimage","url":"https:\/\/interamerica.org\/wp-content\/uploads\/2017\/06\/csm_gyd-feat_831cb342b2.jpg","contentUrl":"https:\/\/interamerica.org\/wp-content\/uploads\/2017\/06\/csm_gyd-feat_831cb342b2.jpg","width":400,"height":301},{"@type":"BreadcrumbList","@id":"https:\/\/interamerica.org\/es\/2014\/04\/acciones-creativas-de-servicio-marcan-el-segundo-ano-del-dia-mundial-de-la-juventud\/#breadcrumb","itemListElement":[{"@type":"ListItem","position":1,"name":"Home","item":"https:\/\/interamerica.org\/es\/"},{"@type":"ListItem","position":2,"name":"Acciones creativas de servicio marcan el segundo a\u00f1o del D\u00eda Mundial de la Juventud"}]},{"@type":"WebSite","@id":"https:\/\/interamerica.org\/es\/#website","url":"https:\/\/interamerica.org\/es\/","name":"Iglesia Adventista del S\u00e9ptimo D\u00eda - Divisi\u00f3n Interamericana","description":"","potentialAction":[{"@type":"SearchAction","target":{"@type":"EntryPoint","urlTemplate":"https:\/\/interamerica.org\/es\/?s={search_term_string}"},"query-input":{"@type":"PropertyValueSpecification","valueRequired":true,"valueName":"search_term_string"}}],"inLanguage":"es"},{"@type":"Person","@id":"https:\/\/interamerica.org\/es\/#\/schema\/person\/68ede8bdc292885bb76c1e3810e73c39","name":"Lorenzo Verduzco","image":{"@type":"ImageObject","inLanguage":"es","@id":"https:\/\/secure.gravatar.com\/avatar\/fb81a55b6218459490a9c1dc841a34909185b81904c5337b4b27f7a6fd60c49e?s=96&d=mm&r=g","url":"https:\/\/secure.gravatar.com\/avatar\/fb81a55b6218459490a9c1dc841a34909185b81904c5337b4b27f7a6fd60c49e?s=96&d=mm&r=g","contentUrl":"https:\/\/secure.gravatar.com\/avatar\/fb81a55b6218459490a9c1dc841a34909185b81904c5337b4b27f7a6fd60c49e?s=96&d=mm&r=g","caption":"Lorenzo Verduzco"}}]}},"_links":{"self":[{"href":"https:\/\/interamerica.org\/es\/wp-json\/wp\/v2\/posts\/30468","targetHints":{"allow":["GET"]}}],"collection":[{"href":"https:\/\/interamerica.org\/es\/wp-json\/wp\/v2\/posts"}],"about":[{"href":"https:\/\/interamerica.org\/es\/wp-json\/wp\/v2\/types\/post"}],"author":[{"embeddable":true,"href":"https:\/\/interamerica.org\/es\/wp-json\/wp\/v2\/users\/1"}],"replies":[{"embeddable":true,"href":"https:\/\/interamerica.org\/es\/wp-json\/wp\/v2\/comments?post=30468"}],"version-history":[{"count":0,"href":"https:\/\/interamerica.org\/es\/wp-json\/wp\/v2\/posts\/30468\/revisions"}],"wp:featuredmedia":[{"embeddable":true,"href":"https:\/\/interamerica.org\/es\/wp-json\/wp\/v2\/media\/22836"}],"wp:attachment":[{"href":"https:\/\/interamerica.org\/es\/wp-json\/wp\/v2\/media?parent=30468"}],"wp:term":[{"taxonomy":"category","embeddable":true,"href":"https:\/\/interamerica.org\/es\/wp-json\/wp\/v2\/categories?post=30468"},{"taxonomy":"post_tag","embeddable":true,"href":"https:\/\/interamerica.org\/es\/wp-json\/wp\/v2\/tags?post=30468"}],"curies":[{"name":"wp","href":"https:\/\/api.w.org\/{rel}","templated":true}]}}