{"id":30471,"date":"2014-04-07T00:00:00","date_gmt":"2014-04-07T04:00:00","guid":{"rendered":"http:\/\/192.81.217.108\/interamerica\/2014\/04\/adra-colabora-con-los-esfuerzos-asistenciales-despues-del-sismo-de-chile\/"},"modified":"2014-04-07T00:00:00","modified_gmt":"2014-04-07T04:00:00","slug":"adra-colabora-con-los-esfuerzos-asistenciales-despues-del-sismo-de-chile","status":"publish","type":"post","link":"https:\/\/interamerica.org\/es\/2014\/04\/adra-colabora-con-los-esfuerzos-asistenciales-despues-del-sismo-de-chile\/","title":{"rendered":"ADRA colabora con los esfuerzos asistenciales despu\u00e9s del sismo de Chile"},"content":{"rendered":"<p>7 de abril de 2014 &#8211; Silver Spring, Maryland, Estados Unidos&#8230;Divisi\u00f3n Sudamericana\/ANN<\/p>\n<p>La Agencia Adventista de Desarrollo y Recursos Asistenciales de Chile est\u00e1 preparando una respuesta al sismo de 8,2 grados de la semana pasada que dej\u00f3 siete muertos e interrumpi\u00f3 la energ\u00eda el\u00e9ctrica en la ciudad de Iquique y sus alrededores.<\/p>\n<div id=\"attachment_11236\" style=\"width: 310px\" class=\"wp-caption alignright\"><a href=\"\/interamerica\/wp-content\/uploads\/2017\/06\/csm_chile-quake-web_d7dbca874d.jpg\" rel=\"fancybox\" title=\"ADRA colabora con los esfuerzos asistenciales despu\u00e9s del sismo de Chile\"><img fetchpriority=\"high\" decoding=\"async\" aria-describedby=\"caption-attachment-11236\" class=\"size-medium wp-image-11236\" src=\"\/interamerica\/wp-content\/uploads\/2017\/06\/csm_chile-quake-web_d7dbca874d-300x200.jpg\" alt=\"\" width=\"300\" height=\"200\" \/><\/a><p id=\"caption-attachment-11236\" class=\"wp-caption-text\">Los residentes cuyos hogares fueron da\u00f1ados por el poderoso sismo de la semana pasada se refugian en tiendas en un campamento provisorio fuera de Alto Hospicio, Chile. Imagen por cortes\u00eda de la ADRA Chile<\/p><\/div>\n<p>Jorge Al\u00e9, director de ADRA Chile, lleg\u00f3 a Iquique el viernes para evaluar la situaci\u00f3n y llevar purificadores de agua a los residentes locales que est\u00e1n viviendo en tiendas.<\/p>\n<p>Al\u00e9 se reuni\u00f3 con directivos de la Red Humanitaria Chilena en el Estadio Tierra de Campeones, que est\u00e1 funcionando como sede central de las operaciones asistenciales.<\/p>\n<p>Mucha gente a\u00fan est\u00e1 nerviosa por la r\u00e9plica de 7,3 que sacudi\u00f3 el lugar el 3 de abril, un d\u00edas despu\u00e9s de que se sintiera el primer sismo, que desencanden\u00f3 un tsunami de dos metros.<\/p>\n<p>ADRA se encuentra presente el Alto Hospicio, y est\u00e1 considerando llevar a cabo un proyecto en la regi\u00f3n, que sufri\u00f3 fuertes da\u00f1os. Algunos residentes est\u00e1n durmiendo en tiendas, ya sea porque sus hogares han sido da\u00f1ados o como medida de precauci\u00f3n por las r\u00e9plicas. Durante el fin de semana, un cami\u00f3n de ADRA distribuy\u00f3 alimentos y agua en la regi\u00f3n.<\/p>\n<p>Chile, que se encuentra sobre una falla entre las placas tect\u00f3nicas de Nazca y Sudamericana, est\u00e1 propenso a terremotos frecuentes. En 2010, un sismo de 8,8 grados de magnitud sacudi\u00f3 a unos 300 kil\u00f3metros de la ciudad de Santiago, la capital del pa\u00eds, matando a cientos de personas y destruyendo cientos de miles de hogares.<\/p>\n<p><em>Traducci\u00f3n de Marcos Paseggi<\/em><\/p>\n","protected":false},"excerpt":{"rendered":"<p>La Agencia Adventista de Desarrollo y Recursos Asistenciales de Chile est\u00e1 preparando una respuesta al sismo de 8,2 grados de la semana pasada que dej\u00f3 siete muertos e interrumpi\u00f3 la energ\u00eda el\u00e9ctrica en la ciudad de Iquique y sus alrededores.<\/p>\n","protected":false},"author":1,"featured_media":22875,"comment_status":"closed","ping_status":"closed","sticky":false,"template":"","format":"standard","meta":{"_acf_changed":false,"footnotes":""},"categories":[14],"tags":[],"class_list":["post-30471","post","type-post","status-publish","format-standard","has-post-thumbnail","hentry","category-de-la-iglesia-mundial"],"acf":[],"yoast_head":"<!-- This site is optimized with the Yoast SEO plugin v27.3 - https:\/\/yoast.com\/product\/yoast-seo-wordpress\/ -->\n<title>ADRA colabora con los esfuerzos asistenciales despu\u00e9s del sismo de Chile - Iglesia Adventista del S\u00e9ptimo D\u00eda - Divisi\u00f3n Interamericana<\/title>\n<meta name=\"robots\" content=\"index, follow, max-snippet:-1, max-image-preview:large, max-video-preview:-1\" \/>\n<link rel=\"canonical\" href=\"https:\/\/interamerica.org\/es\/2014\/04\/adra-colabora-con-los-esfuerzos-asistenciales-despues-del-sismo-de-chile\/\" \/>\n<meta property=\"og:locale\" content=\"es_ES\" \/>\n<meta property=\"og:type\" content=\"article\" \/>\n<meta property=\"og:title\" content=\"ADRA colabora con los esfuerzos asistenciales despu\u00e9s del sismo de Chile - Iglesia Adventista del S\u00e9ptimo D\u00eda - Divisi\u00f3n Interamericana\" \/>\n<meta property=\"og:description\" content=\"La Agencia Adventista de Desarrollo y Recursos Asistenciales de Chile est\u00e1 preparando una respuesta al sismo de 8,2 grados de la semana pasada que dej\u00f3 siete muertos e interrumpi\u00f3 la energ\u00eda el\u00e9ctrica en la ciudad de Iquique y sus alrededores.\" \/>\n<meta property=\"og:url\" content=\"https:\/\/interamerica.org\/es\/2014\/04\/adra-colabora-con-los-esfuerzos-asistenciales-despues-del-sismo-de-chile\/\" \/>\n<meta property=\"og:site_name\" content=\"Iglesia Adventista del S\u00e9ptimo D\u00eda - Divisi\u00f3n Interamericana\" \/>\n<meta property=\"article:published_time\" content=\"2014-04-07T04:00:00+00:00\" \/>\n<meta property=\"og:image\" content=\"https:\/\/interamerica.org\/wp-content\/uploads\/2017\/06\/csm_chile-quake-web_d7dbca874d.jpg\" \/>\n\t<meta property=\"og:image:width\" content=\"400\" \/>\n\t<meta property=\"og:image:height\" content=\"267\" \/>\n\t<meta property=\"og:image:type\" content=\"image\/jpeg\" \/>\n<meta name=\"author\" content=\"Lorenzo Verduzco\" \/>\n<meta name=\"twitter:card\" content=\"summary_large_image\" \/>\n<meta name=\"twitter:label1\" content=\"Escrito por\" \/>\n\t<meta name=\"twitter:data1\" content=\"Lorenzo Verduzco\" \/>\n\t<meta name=\"twitter:label2\" content=\"Tiempo de lectura\" \/>\n\t<meta name=\"twitter:data2\" content=\"2 minutos\" \/>\n<script type=\"application\/ld+json\" class=\"yoast-schema-graph\">{\"@context\":\"https:\\\/\\\/schema.org\",\"@graph\":[{\"@type\":\"Article\",\"@id\":\"https:\\\/\\\/interamerica.org\\\/es\\\/2014\\\/04\\\/adra-colabora-con-los-esfuerzos-asistenciales-despues-del-sismo-de-chile\\\/#article\",\"isPartOf\":{\"@id\":\"https:\\\/\\\/interamerica.org\\\/es\\\/2014\\\/04\\\/adra-colabora-con-los-esfuerzos-asistenciales-despues-del-sismo-de-chile\\\/\"},\"author\":{\"name\":\"Lorenzo Verduzco\",\"@id\":\"https:\\\/\\\/interamerica.org\\\/es\\\/#\\\/schema\\\/person\\\/68ede8bdc292885bb76c1e3810e73c39\"},\"headline\":\"ADRA colabora con los esfuerzos asistenciales despu\u00e9s del sismo de Chile\",\"datePublished\":\"2014-04-07T04:00:00+00:00\",\"mainEntityOfPage\":{\"@id\":\"https:\\\/\\\/interamerica.org\\\/es\\\/2014\\\/04\\\/adra-colabora-con-los-esfuerzos-asistenciales-despues-del-sismo-de-chile\\\/\"},\"wordCount\":331,\"image\":{\"@id\":\"https:\\\/\\\/interamerica.org\\\/es\\\/2014\\\/04\\\/adra-colabora-con-los-esfuerzos-asistenciales-despues-del-sismo-de-chile\\\/#primaryimage\"},\"thumbnailUrl\":\"https:\\\/\\\/interamerica.org\\\/wp-content\\\/uploads\\\/2017\\\/06\\\/csm_chile-quake-web_d7dbca874d.jpg\",\"articleSection\":[\"Desde la iglesia mundial\"],\"inLanguage\":\"es\"},{\"@type\":\"WebPage\",\"@id\":\"https:\\\/\\\/interamerica.org\\\/es\\\/2014\\\/04\\\/adra-colabora-con-los-esfuerzos-asistenciales-despues-del-sismo-de-chile\\\/\",\"url\":\"https:\\\/\\\/interamerica.org\\\/es\\\/2014\\\/04\\\/adra-colabora-con-los-esfuerzos-asistenciales-despues-del-sismo-de-chile\\\/\",\"name\":\"ADRA colabora con los esfuerzos asistenciales despu\u00e9s del sismo de Chile - Iglesia Adventista del S\u00e9ptimo D\u00eda - Divisi\u00f3n Interamericana\",\"isPartOf\":{\"@id\":\"https:\\\/\\\/interamerica.org\\\/es\\\/#website\"},\"primaryImageOfPage\":{\"@id\":\"https:\\\/\\\/interamerica.org\\\/es\\\/2014\\\/04\\\/adra-colabora-con-los-esfuerzos-asistenciales-despues-del-sismo-de-chile\\\/#primaryimage\"},\"image\":{\"@id\":\"https:\\\/\\\/interamerica.org\\\/es\\\/2014\\\/04\\\/adra-colabora-con-los-esfuerzos-asistenciales-despues-del-sismo-de-chile\\\/#primaryimage\"},\"thumbnailUrl\":\"https:\\\/\\\/interamerica.org\\\/wp-content\\\/uploads\\\/2017\\\/06\\\/csm_chile-quake-web_d7dbca874d.jpg\",\"datePublished\":\"2014-04-07T04:00:00+00:00\",\"author\":{\"@id\":\"https:\\\/\\\/interamerica.org\\\/es\\\/#\\\/schema\\\/person\\\/68ede8bdc292885bb76c1e3810e73c39\"},\"breadcrumb\":{\"@id\":\"https:\\\/\\\/interamerica.org\\\/es\\\/2014\\\/04\\\/adra-colabora-con-los-esfuerzos-asistenciales-despues-del-sismo-de-chile\\\/#breadcrumb\"},\"inLanguage\":\"es\",\"potentialAction\":[{\"@type\":\"ReadAction\",\"target\":[\"https:\\\/\\\/interamerica.org\\\/es\\\/2014\\\/04\\\/adra-colabora-con-los-esfuerzos-asistenciales-despues-del-sismo-de-chile\\\/\"]}]},{\"@type\":\"ImageObject\",\"inLanguage\":\"es\",\"@id\":\"https:\\\/\\\/interamerica.org\\\/es\\\/2014\\\/04\\\/adra-colabora-con-los-esfuerzos-asistenciales-despues-del-sismo-de-chile\\\/#primaryimage\",\"url\":\"https:\\\/\\\/interamerica.org\\\/wp-content\\\/uploads\\\/2017\\\/06\\\/csm_chile-quake-web_d7dbca874d.jpg\",\"contentUrl\":\"https:\\\/\\\/interamerica.org\\\/wp-content\\\/uploads\\\/2017\\\/06\\\/csm_chile-quake-web_d7dbca874d.jpg\",\"width\":400,\"height\":267},{\"@type\":\"BreadcrumbList\",\"@id\":\"https:\\\/\\\/interamerica.org\\\/es\\\/2014\\\/04\\\/adra-colabora-con-los-esfuerzos-asistenciales-despues-del-sismo-de-chile\\\/#breadcrumb\",\"itemListElement\":[{\"@type\":\"ListItem\",\"position\":1,\"name\":\"Home\",\"item\":\"https:\\\/\\\/interamerica.org\\\/es\\\/\"},{\"@type\":\"ListItem\",\"position\":2,\"name\":\"ADRA colabora con los esfuerzos asistenciales despu\u00e9s del sismo de Chile\"}]},{\"@type\":\"WebSite\",\"@id\":\"https:\\\/\\\/interamerica.org\\\/es\\\/#website\",\"url\":\"https:\\\/\\\/interamerica.org\\\/es\\\/\",\"name\":\"Iglesia Adventista del S\u00e9ptimo D\u00eda - Divisi\u00f3n Interamericana\",\"description\":\"\",\"potentialAction\":[{\"@type\":\"SearchAction\",\"target\":{\"@type\":\"EntryPoint\",\"urlTemplate\":\"https:\\\/\\\/interamerica.org\\\/es\\\/?s={search_term_string}\"},\"query-input\":{\"@type\":\"PropertyValueSpecification\",\"valueRequired\":true,\"valueName\":\"search_term_string\"}}],\"inLanguage\":\"es\"},{\"@type\":\"Person\",\"@id\":\"https:\\\/\\\/interamerica.org\\\/es\\\/#\\\/schema\\\/person\\\/68ede8bdc292885bb76c1e3810e73c39\",\"name\":\"Lorenzo Verduzco\",\"image\":{\"@type\":\"ImageObject\",\"inLanguage\":\"es\",\"@id\":\"https:\\\/\\\/secure.gravatar.com\\\/avatar\\\/fb81a55b6218459490a9c1dc841a34909185b81904c5337b4b27f7a6fd60c49e?s=96&d=mm&r=g\",\"url\":\"https:\\\/\\\/secure.gravatar.com\\\/avatar\\\/fb81a55b6218459490a9c1dc841a34909185b81904c5337b4b27f7a6fd60c49e?s=96&d=mm&r=g\",\"contentUrl\":\"https:\\\/\\\/secure.gravatar.com\\\/avatar\\\/fb81a55b6218459490a9c1dc841a34909185b81904c5337b4b27f7a6fd60c49e?s=96&d=mm&r=g\",\"caption\":\"Lorenzo Verduzco\"}}]}<\/script>\n<!-- \/ Yoast SEO plugin. -->","yoast_head_json":{"title":"ADRA colabora con los esfuerzos asistenciales despu\u00e9s del sismo de Chile - Iglesia Adventista del S\u00e9ptimo D\u00eda - Divisi\u00f3n Interamericana","robots":{"index":"index","follow":"follow","max-snippet":"max-snippet:-1","max-image-preview":"max-image-preview:large","max-video-preview":"max-video-preview:-1"},"canonical":"https:\/\/interamerica.org\/es\/2014\/04\/adra-colabora-con-los-esfuerzos-asistenciales-despues-del-sismo-de-chile\/","og_locale":"es_ES","og_type":"article","og_title":"ADRA colabora con los esfuerzos asistenciales despu\u00e9s del sismo de Chile - Iglesia Adventista del S\u00e9ptimo D\u00eda - Divisi\u00f3n Interamericana","og_description":"La Agencia Adventista de Desarrollo y Recursos Asistenciales de Chile est\u00e1 preparando una respuesta al sismo de 8,2 grados de la semana pasada que dej\u00f3 siete muertos e interrumpi\u00f3 la energ\u00eda el\u00e9ctrica en la ciudad de Iquique y sus alrededores.","og_url":"https:\/\/interamerica.org\/es\/2014\/04\/adra-colabora-con-los-esfuerzos-asistenciales-despues-del-sismo-de-chile\/","og_site_name":"Iglesia Adventista del S\u00e9ptimo D\u00eda - Divisi\u00f3n Interamericana","article_published_time":"2014-04-07T04:00:00+00:00","og_image":[{"width":400,"height":267,"url":"https:\/\/interamerica.org\/wp-content\/uploads\/2017\/06\/csm_chile-quake-web_d7dbca874d.jpg","type":"image\/jpeg"}],"author":"Lorenzo Verduzco","twitter_card":"summary_large_image","twitter_misc":{"Escrito por":"Lorenzo Verduzco","Tiempo de lectura":"2 minutos"},"schema":{"@context":"https:\/\/schema.org","@graph":[{"@type":"Article","@id":"https:\/\/interamerica.org\/es\/2014\/04\/adra-colabora-con-los-esfuerzos-asistenciales-despues-del-sismo-de-chile\/#article","isPartOf":{"@id":"https:\/\/interamerica.org\/es\/2014\/04\/adra-colabora-con-los-esfuerzos-asistenciales-despues-del-sismo-de-chile\/"},"author":{"name":"Lorenzo Verduzco","@id":"https:\/\/interamerica.org\/es\/#\/schema\/person\/68ede8bdc292885bb76c1e3810e73c39"},"headline":"ADRA colabora con los esfuerzos asistenciales despu\u00e9s del sismo de Chile","datePublished":"2014-04-07T04:00:00+00:00","mainEntityOfPage":{"@id":"https:\/\/interamerica.org\/es\/2014\/04\/adra-colabora-con-los-esfuerzos-asistenciales-despues-del-sismo-de-chile\/"},"wordCount":331,"image":{"@id":"https:\/\/interamerica.org\/es\/2014\/04\/adra-colabora-con-los-esfuerzos-asistenciales-despues-del-sismo-de-chile\/#primaryimage"},"thumbnailUrl":"https:\/\/interamerica.org\/wp-content\/uploads\/2017\/06\/csm_chile-quake-web_d7dbca874d.jpg","articleSection":["Desde la iglesia mundial"],"inLanguage":"es"},{"@type":"WebPage","@id":"https:\/\/interamerica.org\/es\/2014\/04\/adra-colabora-con-los-esfuerzos-asistenciales-despues-del-sismo-de-chile\/","url":"https:\/\/interamerica.org\/es\/2014\/04\/adra-colabora-con-los-esfuerzos-asistenciales-despues-del-sismo-de-chile\/","name":"ADRA colabora con los esfuerzos asistenciales despu\u00e9s del sismo de Chile - Iglesia Adventista del S\u00e9ptimo D\u00eda - Divisi\u00f3n Interamericana","isPartOf":{"@id":"https:\/\/interamerica.org\/es\/#website"},"primaryImageOfPage":{"@id":"https:\/\/interamerica.org\/es\/2014\/04\/adra-colabora-con-los-esfuerzos-asistenciales-despues-del-sismo-de-chile\/#primaryimage"},"image":{"@id":"https:\/\/interamerica.org\/es\/2014\/04\/adra-colabora-con-los-esfuerzos-asistenciales-despues-del-sismo-de-chile\/#primaryimage"},"thumbnailUrl":"https:\/\/interamerica.org\/wp-content\/uploads\/2017\/06\/csm_chile-quake-web_d7dbca874d.jpg","datePublished":"2014-04-07T04:00:00+00:00","author":{"@id":"https:\/\/interamerica.org\/es\/#\/schema\/person\/68ede8bdc292885bb76c1e3810e73c39"},"breadcrumb":{"@id":"https:\/\/interamerica.org\/es\/2014\/04\/adra-colabora-con-los-esfuerzos-asistenciales-despues-del-sismo-de-chile\/#breadcrumb"},"inLanguage":"es","potentialAction":[{"@type":"ReadAction","target":["https:\/\/interamerica.org\/es\/2014\/04\/adra-colabora-con-los-esfuerzos-asistenciales-despues-del-sismo-de-chile\/"]}]},{"@type":"ImageObject","inLanguage":"es","@id":"https:\/\/interamerica.org\/es\/2014\/04\/adra-colabora-con-los-esfuerzos-asistenciales-despues-del-sismo-de-chile\/#primaryimage","url":"https:\/\/interamerica.org\/wp-content\/uploads\/2017\/06\/csm_chile-quake-web_d7dbca874d.jpg","contentUrl":"https:\/\/interamerica.org\/wp-content\/uploads\/2017\/06\/csm_chile-quake-web_d7dbca874d.jpg","width":400,"height":267},{"@type":"BreadcrumbList","@id":"https:\/\/interamerica.org\/es\/2014\/04\/adra-colabora-con-los-esfuerzos-asistenciales-despues-del-sismo-de-chile\/#breadcrumb","itemListElement":[{"@type":"ListItem","position":1,"name":"Home","item":"https:\/\/interamerica.org\/es\/"},{"@type":"ListItem","position":2,"name":"ADRA colabora con los esfuerzos asistenciales despu\u00e9s del sismo de Chile"}]},{"@type":"WebSite","@id":"https:\/\/interamerica.org\/es\/#website","url":"https:\/\/interamerica.org\/es\/","name":"Iglesia Adventista del S\u00e9ptimo D\u00eda - Divisi\u00f3n Interamericana","description":"","potentialAction":[{"@type":"SearchAction","target":{"@type":"EntryPoint","urlTemplate":"https:\/\/interamerica.org\/es\/?s={search_term_string}"},"query-input":{"@type":"PropertyValueSpecification","valueRequired":true,"valueName":"search_term_string"}}],"inLanguage":"es"},{"@type":"Person","@id":"https:\/\/interamerica.org\/es\/#\/schema\/person\/68ede8bdc292885bb76c1e3810e73c39","name":"Lorenzo Verduzco","image":{"@type":"ImageObject","inLanguage":"es","@id":"https:\/\/secure.gravatar.com\/avatar\/fb81a55b6218459490a9c1dc841a34909185b81904c5337b4b27f7a6fd60c49e?s=96&d=mm&r=g","url":"https:\/\/secure.gravatar.com\/avatar\/fb81a55b6218459490a9c1dc841a34909185b81904c5337b4b27f7a6fd60c49e?s=96&d=mm&r=g","contentUrl":"https:\/\/secure.gravatar.com\/avatar\/fb81a55b6218459490a9c1dc841a34909185b81904c5337b4b27f7a6fd60c49e?s=96&d=mm&r=g","caption":"Lorenzo Verduzco"}}]}},"_links":{"self":[{"href":"https:\/\/interamerica.org\/es\/wp-json\/wp\/v2\/posts\/30471","targetHints":{"allow":["GET"]}}],"collection":[{"href":"https:\/\/interamerica.org\/es\/wp-json\/wp\/v2\/posts"}],"about":[{"href":"https:\/\/interamerica.org\/es\/wp-json\/wp\/v2\/types\/post"}],"author":[{"embeddable":true,"href":"https:\/\/interamerica.org\/es\/wp-json\/wp\/v2\/users\/1"}],"replies":[{"embeddable":true,"href":"https:\/\/interamerica.org\/es\/wp-json\/wp\/v2\/comments?post=30471"}],"version-history":[{"count":0,"href":"https:\/\/interamerica.org\/es\/wp-json\/wp\/v2\/posts\/30471\/revisions"}],"wp:featuredmedia":[{"embeddable":true,"href":"https:\/\/interamerica.org\/es\/wp-json\/wp\/v2\/media\/22875"}],"wp:attachment":[{"href":"https:\/\/interamerica.org\/es\/wp-json\/wp\/v2\/media?parent=30471"}],"wp:term":[{"taxonomy":"category","embeddable":true,"href":"https:\/\/interamerica.org\/es\/wp-json\/wp\/v2\/categories?post=30471"},{"taxonomy":"post_tag","embeddable":true,"href":"https:\/\/interamerica.org\/es\/wp-json\/wp\/v2\/tags?post=30471"}],"curies":[{"name":"wp","href":"https:\/\/api.w.org\/{rel}","templated":true}]}}