{"id":30472,"date":"2014-04-07T00:00:00","date_gmt":"2014-04-07T04:00:00","guid":{"rendered":"http:\/\/192.81.217.108\/interamerica\/2014\/04\/asi-interamerica-trata-de-estimular-la-formacion-de-capitulos-en-todo-su-territorio\/"},"modified":"2014-04-07T00:00:00","modified_gmt":"2014-04-07T04:00:00","slug":"asi-interamerica-trata-de-estimular-la-formacion-de-capitulos-en-todo-su-territorio","status":"publish","type":"post","link":"https:\/\/interamerica.org\/es\/2014\/04\/asi-interamerica-trata-de-estimular-la-formacion-de-capitulos-en-todo-su-territorio\/","title":{"rendered":"ASI Interam\u00e9rica trata de estimular la formaci\u00f3n de cap\u00edtulos en todo su territorio"},"content":{"rendered":"<div id=\"attachment_11219\" style=\"width: 600px\" class=\"wp-caption aligncenter\"><a href=\"\/interamerica\/wp-content\/uploads\/2017\/06\/ASIleadershiptraining.png\" rel=\"fancybox\" title=\"ASI Interam\u00e9rica trata de estimular la formaci\u00f3n de cap\u00edtulos en todo su territorio\"><img fetchpriority=\"high\" decoding=\"async\" aria-describedby=\"caption-attachment-11219\" class=\"size-full wp-image-11219 \" title=\"ASIleadershiptraining\" src=\"\/interamerica\/wp-content\/uploads\/2017\/06\/ASIleadershiptraining.png\" alt=\"\" width=\"590\" height=\"385\" \/><\/a><p id=\"caption-attachment-11219\" class=\"wp-caption-text\">\u00a0 Unos 45 l\u00edderes y miembros de los cap\u00edtulos ASI \u2013Servicios e Industrias de Laicos Adventistas, de la iglesia en Interam\u00e9rica, se reunieron en Miami, Florida, del 26 al 27 de marzo de 2014, para el primer entrenamiento ASI de liderazgo, a fin de fortalecer los cap\u00edtulos, con miras a dar a conocer a Cristo en sus negocios y comunidades. Im\u00e1genes por Libna Stevens\/DIA<\/p><\/div>\n<p>6 de abril de 2014 \u2013 Miami, Florida, Estados Unidos&#8230;Libna Stevens-DIA<\/p>\n<p>Un taller de trabajo especial tuvo lugar en las oficinas de la Divisi\u00f3n Interamericana, en Miami, Florida, del 26 al 27 de marzo de 2014. El prop\u00f3sito de esta reuni\u00f3n fue fortalecer la organizaci\u00f3n de cap\u00edtulos ASI \u2013Servicios e Industrias de Laicos Adventistas, en la Iglesia Adventista del S\u00e9ptimo D\u00eda de la Divisi\u00f3n Interamericana (DIA).<\/p>\n<div id=\"attachment_11220\" style=\"width: 325px\" class=\"wp-caption alignleft\"><a href=\"\/interamerica\/wp-content\/uploads\/2017\/06\/MarstonThomas2014.png\" rel=\"fancybox\" title=\"ASI Interam\u00e9rica trata de estimular la formaci\u00f3n de cap\u00edtulos en todo su territorio\"><img decoding=\"async\" aria-describedby=\"caption-attachment-11220\" class=\"size-full wp-image-11220\" src=\"\/interamerica\/wp-content\/uploads\/2017\/06\/MarstonThomas2014.png\" alt=\"\" width=\"315\" height=\"212\" \/><\/a><p id=\"caption-attachment-11220\" class=\"wp-caption-text\">Dr. Marston Thomas, presidente of ASI Interam\u00e9rica, dice que el entrenamiento era necesario para hacer m\u00e1s eficaz el liderazgo en la misi\u00f3n y contribuir al desarrollo de ASI en la Divisi\u00f3n.<\/p><\/div>\n<p>Docenas de dirigentes y miembros de cap\u00edtulos ASI (por sus siglas en ingl\u00e9s) se reunieron para aprender los aspectos b\u00e1sicos de ASI y su papel a desempe\u00f1ar en conjunto con la iglesia, repasar la constituci\u00f3n ASI, mantener los cap\u00edtulos y desarrollar proyectos sostenibles, identificar proyectos que respondan a necesidades de la comunidad, informar sobre proyectos financiados, impulsar sus habilidades de liderazgo y enfocar su atenci\u00f3n en la misi\u00f3n de ASI de dar a conocer a Cristo en su lugar de trabajo.<\/p>\n<p>\u201cEste entrenamiento era necesario para hacer m\u00e1s eficaz el liderazgo en la misi\u00f3n y contribuir al desarrollo de ASI en la Divisi\u00f3n\u201d, dijo el Dr. Marston Thomas, presidente de ASI en Interam\u00e9rica.<\/p>\n<p>Este taller de trabajo, de entrenamiento en liderazgo, fue dise\u00f1ado para enfocar la atenci\u00f3n en la misi\u00f3n de ASI: \u201cProveer sustento espiritual, fomentar el crecimiento profesional, la interconexi\u00f3n comercial y cooperar con los dirigentes de la iglesia mientras se crean formas muy \u00fanicas de proclamar el evangelio eterno\u201d, enfatiz\u00f3 su presidente.<\/p>\n<div id=\"attachment_11221\" style=\"width: 325px\" class=\"wp-caption alignright\"><a href=\"\/interamerica\/wp-content\/uploads\/2017\/06\/Asipanel.png\" rel=\"fancybox\" title=\"ASI Interam\u00e9rica trata de estimular la formaci\u00f3n de cap\u00edtulos en todo su territorio\"><img decoding=\"async\" aria-describedby=\"caption-attachment-11221\" class=\"size-full wp-image-11221\" src=\"\/interamerica\/wp-content\/uploads\/2017\/06\/Asipanel.png\" alt=\"\" width=\"315\" height=\"185\" \/><\/a><p id=\"caption-attachment-11221\" class=\"wp-caption-text\">Tres dirigentes ASI en un panel de siete miembros discuten m\u00e9todos y actividades para estimular el crecimiento de los cap\u00edtulos existentes, durante los dos d\u00edas de entrenamiento en liderazgo.<\/p><\/div>\n<p>Un panel de dirigentes de cap\u00edtulos ASI discuti\u00f3 m\u00e9todos e iniciativas para estimular el crecimiento de los cap\u00edtulos existentes y compartieron varios enfoques para mantener una estrecha relaci\u00f3n con los dirigentes de la iglesia.<\/p>\n<p>Este taller de trabajo fue el primero de su clase celebrado en Interam\u00e9rica desde que se estableci\u00f3 la organizaci\u00f3n ASI en Interam\u00e9rica en 1997.<\/p>\n<p>Con 21 cap\u00edtulos ASI funcionando en 12 de las 22 uniones de la DIA, m\u00e1s una presencia inicial en otras dos regiones, el desaf\u00edo consiste en establecer presencia en las 10 uniones restantes de la DIA y revivir algunos cap\u00edtulos que han venido a menos, seg\u00fan el presidente Thomas.<\/p>\n<p>El Pastor Leon B. Wellington, vicepresidente de la DIA y secretario de ASI Interam\u00e9rica, dijo que aunque mucho del crecimiento de ASI depende de los profesionales locales y de los dirigentes de las Iglesias locales asoci\u00e1ndose en busca del logro de blancos y objetivos mutuos, los dirigentes de ASI Interam\u00e9rica han viajado extensamente durante los \u00faltimos cuatro a\u00f1os promoviendo y entrenando para una mejor comprensi\u00f3n de ASI y su papel a desempe\u00f1ar.<\/p>\n<div id=\"attachment_11224\" style=\"width: 325px\" class=\"wp-caption alignleft\"><a href=\"\/interamerica\/wp-content\/uploads\/2017\/06\/Wellington.png\" rel=\"fancybox\" title=\"ASI Interam\u00e9rica trata de estimular la formaci\u00f3n de cap\u00edtulos en todo su territorio\"><img loading=\"lazy\" decoding=\"async\" aria-describedby=\"caption-attachment-11224\" class=\"size-full wp-image-11224\" src=\"\/interamerica\/wp-content\/uploads\/2017\/06\/Wellington.png\" alt=\"\" width=\"315\" height=\"242\" \/><\/a><p id=\"caption-attachment-11224\" class=\"wp-caption-text\">El Pastor Leon B. Wellington, secretario de ASI Interam\u00e9rica, dice: \u201cEl nivel de inter\u00e9s va en aumento cuando la gente se da cuenta del valor que el trabajo de ASI puede a\u00f1adir a su ministerio y misi\u00f3n\u00bb.<\/p><\/div>\n<p>El a\u00f1o pasado, los proyectos para financiar el lanzamiento del canal Esperanza TV en Costa Rica y el de apoyo para financiar a j\u00f3venes en su servicio misionero, a trav\u00e9s del programa ASI Mission and Beyond, (Misi\u00f3n ASI y m\u00e1s all\u00e1), del Caribe, despert\u00f3 m\u00e1s inter\u00e9s de apoyo, tanto local como de todo el territorio, dijo el Pastor Wellington.<\/p>\n<p>\u201cEl nivel de inter\u00e9s va en aumento cuando la gente se da cuenta del valor que el trabajo de ASI puede a\u00f1adir a su ministerio y misi\u00f3n\u00bb, a\u00f1adi\u00f3 el Pastor Wellington.<\/p>\n<p>Los dirigentes ASI en Interam\u00e9rica se est\u00e1n preparando para apoyar el cap\u00edtulo local en Puebla, M\u00e9xico, en donde se celebrar\u00e1 este a\u00f1o su convenci\u00f3n anual, del 13 al 16 de agosto del presente.<br \/>\nServicios e Industrias de Laicos Adventistas, es una organizaci\u00f3n de personas laicas adventistas involucradas en profesiones, industria, educaci\u00f3n o servicios, que existe para posar desaf\u00edos, sustentar espiritualmente y proveer experiencia en dar a conocer a Cristo en el sitio de trabajo, as\u00ed como apoyar la misi\u00f3n global de la Iglesia Adventista del S\u00e9ptimo D\u00eda.<br \/>\nPara m\u00e1s informaci\u00f3n sobre ASI Interam\u00e9rica, pulsa <a href=\"http:\/\/asi.interamerica.org\/\">asi.interamerica.org<\/a><\/p>\n<p>Para ver la galer\u00eda de fotos del entrenamiento en liderazgo de ASI Interam\u00e9rica, pulsa <a href=\"https:\/\/www.flickr.com\/photos\/interamerica\/13512122555\/in\/photostream\/\">HERE<\/a><\/p>\n<p>Traducci\u00f3n por Gloria A. Castrej\u00f3n<\/p>\n","protected":false},"excerpt":{"rendered":"<p>Un taller de trabajo especial tuvo lugar en las oficinas de la Divisi\u00f3n Interamericana, en Miami, Florida, del 26 al 27 de marzo de 2014. El prop\u00f3sito de esta reuni\u00f3n fue fortalecer la organizaci\u00f3n de cap\u00edtulos ASI \u2013Servicios e Industrias de Laicos Adventistas, en la Iglesia Adventista del S\u00e9ptimo D\u00eda de la Divisi\u00f3n Interamericana (DIA).<\/p>\n","protected":false},"author":1,"featured_media":22862,"comment_status":"closed","ping_status":"closed","sticky":false,"template":"","format":"standard","meta":{"_acf_changed":false,"footnotes":""},"categories":[16],"tags":[],"class_list":["post-30472","post","type-post","status-publish","format-standard","has-post-thumbnail","hentry","category-desde-la-sede"],"acf":[],"yoast_head":"<!-- This site is optimized with the Yoast SEO plugin v27.3 - https:\/\/yoast.com\/product\/yoast-seo-wordpress\/ -->\n<title>ASI Interam\u00e9rica trata de estimular la formaci\u00f3n de cap\u00edtulos en todo su territorio - Iglesia Adventista del S\u00e9ptimo D\u00eda - Divisi\u00f3n Interamericana<\/title>\n<meta name=\"robots\" content=\"index, follow, max-snippet:-1, max-image-preview:large, max-video-preview:-1\" \/>\n<link rel=\"canonical\" href=\"https:\/\/interamerica.org\/es\/2014\/04\/asi-interamerica-trata-de-estimular-la-formacion-de-capitulos-en-todo-su-territorio\/\" \/>\n<meta property=\"og:locale\" content=\"es_ES\" \/>\n<meta property=\"og:type\" content=\"article\" \/>\n<meta property=\"og:title\" content=\"ASI Interam\u00e9rica trata de estimular la formaci\u00f3n de cap\u00edtulos en todo su territorio - Iglesia Adventista del S\u00e9ptimo D\u00eda - Divisi\u00f3n Interamericana\" \/>\n<meta property=\"og:description\" content=\"Un taller de trabajo especial tuvo lugar en las oficinas de la Divisi\u00f3n Interamericana, en Miami, Florida, del 26 al 27 de marzo de 2014. El prop\u00f3sito de esta reuni\u00f3n fue fortalecer la organizaci\u00f3n de cap\u00edtulos ASI \u2013Servicios e Industrias de Laicos Adventistas, en la Iglesia Adventista del S\u00e9ptimo D\u00eda de la Divisi\u00f3n Interamericana (DIA).\" \/>\n<meta property=\"og:url\" content=\"https:\/\/interamerica.org\/es\/2014\/04\/asi-interamerica-trata-de-estimular-la-formacion-de-capitulos-en-todo-su-territorio\/\" \/>\n<meta property=\"og:site_name\" content=\"Iglesia Adventista del S\u00e9ptimo D\u00eda - Divisi\u00f3n Interamericana\" \/>\n<meta property=\"article:published_time\" content=\"2014-04-07T04:00:00+00:00\" \/>\n<meta property=\"og:image\" content=\"https:\/\/interamerica.org\/wp-content\/uploads\/2017\/06\/ASIleadershiptraining.png\" \/>\n\t<meta property=\"og:image:width\" content=\"590\" \/>\n\t<meta property=\"og:image:height\" content=\"385\" \/>\n\t<meta property=\"og:image:type\" content=\"image\/png\" \/>\n<meta name=\"author\" content=\"Lorenzo Verduzco\" \/>\n<meta name=\"twitter:card\" content=\"summary_large_image\" \/>\n<meta name=\"twitter:label1\" content=\"Escrito por\" \/>\n\t<meta name=\"twitter:data1\" content=\"Lorenzo Verduzco\" \/>\n\t<meta name=\"twitter:label2\" content=\"Tiempo de lectura\" \/>\n\t<meta name=\"twitter:data2\" content=\"4 minutos\" \/>\n<script type=\"application\/ld+json\" class=\"yoast-schema-graph\">{\"@context\":\"https:\\\/\\\/schema.org\",\"@graph\":[{\"@type\":\"Article\",\"@id\":\"https:\\\/\\\/interamerica.org\\\/es\\\/2014\\\/04\\\/asi-interamerica-trata-de-estimular-la-formacion-de-capitulos-en-todo-su-territorio\\\/#article\",\"isPartOf\":{\"@id\":\"https:\\\/\\\/interamerica.org\\\/es\\\/2014\\\/04\\\/asi-interamerica-trata-de-estimular-la-formacion-de-capitulos-en-todo-su-territorio\\\/\"},\"author\":{\"name\":\"Lorenzo Verduzco\",\"@id\":\"https:\\\/\\\/interamerica.org\\\/es\\\/#\\\/schema\\\/person\\\/68ede8bdc292885bb76c1e3810e73c39\"},\"headline\":\"ASI Interam\u00e9rica trata de estimular la formaci\u00f3n de cap\u00edtulos en todo su territorio\",\"datePublished\":\"2014-04-07T04:00:00+00:00\",\"mainEntityOfPage\":{\"@id\":\"https:\\\/\\\/interamerica.org\\\/es\\\/2014\\\/04\\\/asi-interamerica-trata-de-estimular-la-formacion-de-capitulos-en-todo-su-territorio\\\/\"},\"wordCount\":893,\"image\":{\"@id\":\"https:\\\/\\\/interamerica.org\\\/es\\\/2014\\\/04\\\/asi-interamerica-trata-de-estimular-la-formacion-de-capitulos-en-todo-su-territorio\\\/#primaryimage\"},\"thumbnailUrl\":\"https:\\\/\\\/interamerica.org\\\/wp-content\\\/uploads\\\/2017\\\/06\\\/ASIleadershiptraining.png\",\"articleSection\":[\"Desde la sede\"],\"inLanguage\":\"es\"},{\"@type\":\"WebPage\",\"@id\":\"https:\\\/\\\/interamerica.org\\\/es\\\/2014\\\/04\\\/asi-interamerica-trata-de-estimular-la-formacion-de-capitulos-en-todo-su-territorio\\\/\",\"url\":\"https:\\\/\\\/interamerica.org\\\/es\\\/2014\\\/04\\\/asi-interamerica-trata-de-estimular-la-formacion-de-capitulos-en-todo-su-territorio\\\/\",\"name\":\"ASI Interam\u00e9rica trata de estimular la formaci\u00f3n de cap\u00edtulos en todo su territorio - Iglesia Adventista del S\u00e9ptimo D\u00eda - Divisi\u00f3n Interamericana\",\"isPartOf\":{\"@id\":\"https:\\\/\\\/interamerica.org\\\/es\\\/#website\"},\"primaryImageOfPage\":{\"@id\":\"https:\\\/\\\/interamerica.org\\\/es\\\/2014\\\/04\\\/asi-interamerica-trata-de-estimular-la-formacion-de-capitulos-en-todo-su-territorio\\\/#primaryimage\"},\"image\":{\"@id\":\"https:\\\/\\\/interamerica.org\\\/es\\\/2014\\\/04\\\/asi-interamerica-trata-de-estimular-la-formacion-de-capitulos-en-todo-su-territorio\\\/#primaryimage\"},\"thumbnailUrl\":\"https:\\\/\\\/interamerica.org\\\/wp-content\\\/uploads\\\/2017\\\/06\\\/ASIleadershiptraining.png\",\"datePublished\":\"2014-04-07T04:00:00+00:00\",\"author\":{\"@id\":\"https:\\\/\\\/interamerica.org\\\/es\\\/#\\\/schema\\\/person\\\/68ede8bdc292885bb76c1e3810e73c39\"},\"breadcrumb\":{\"@id\":\"https:\\\/\\\/interamerica.org\\\/es\\\/2014\\\/04\\\/asi-interamerica-trata-de-estimular-la-formacion-de-capitulos-en-todo-su-territorio\\\/#breadcrumb\"},\"inLanguage\":\"es\",\"potentialAction\":[{\"@type\":\"ReadAction\",\"target\":[\"https:\\\/\\\/interamerica.org\\\/es\\\/2014\\\/04\\\/asi-interamerica-trata-de-estimular-la-formacion-de-capitulos-en-todo-su-territorio\\\/\"]}]},{\"@type\":\"ImageObject\",\"inLanguage\":\"es\",\"@id\":\"https:\\\/\\\/interamerica.org\\\/es\\\/2014\\\/04\\\/asi-interamerica-trata-de-estimular-la-formacion-de-capitulos-en-todo-su-territorio\\\/#primaryimage\",\"url\":\"https:\\\/\\\/interamerica.org\\\/wp-content\\\/uploads\\\/2017\\\/06\\\/ASIleadershiptraining.png\",\"contentUrl\":\"https:\\\/\\\/interamerica.org\\\/wp-content\\\/uploads\\\/2017\\\/06\\\/ASIleadershiptraining.png\",\"width\":590,\"height\":385},{\"@type\":\"BreadcrumbList\",\"@id\":\"https:\\\/\\\/interamerica.org\\\/es\\\/2014\\\/04\\\/asi-interamerica-trata-de-estimular-la-formacion-de-capitulos-en-todo-su-territorio\\\/#breadcrumb\",\"itemListElement\":[{\"@type\":\"ListItem\",\"position\":1,\"name\":\"Home\",\"item\":\"https:\\\/\\\/interamerica.org\\\/es\\\/\"},{\"@type\":\"ListItem\",\"position\":2,\"name\":\"ASI Interam\u00e9rica trata de estimular la formaci\u00f3n de cap\u00edtulos en todo su territorio\"}]},{\"@type\":\"WebSite\",\"@id\":\"https:\\\/\\\/interamerica.org\\\/es\\\/#website\",\"url\":\"https:\\\/\\\/interamerica.org\\\/es\\\/\",\"name\":\"Iglesia Adventista del S\u00e9ptimo D\u00eda - Divisi\u00f3n Interamericana\",\"description\":\"\",\"potentialAction\":[{\"@type\":\"SearchAction\",\"target\":{\"@type\":\"EntryPoint\",\"urlTemplate\":\"https:\\\/\\\/interamerica.org\\\/es\\\/?s={search_term_string}\"},\"query-input\":{\"@type\":\"PropertyValueSpecification\",\"valueRequired\":true,\"valueName\":\"search_term_string\"}}],\"inLanguage\":\"es\"},{\"@type\":\"Person\",\"@id\":\"https:\\\/\\\/interamerica.org\\\/es\\\/#\\\/schema\\\/person\\\/68ede8bdc292885bb76c1e3810e73c39\",\"name\":\"Lorenzo Verduzco\",\"image\":{\"@type\":\"ImageObject\",\"inLanguage\":\"es\",\"@id\":\"https:\\\/\\\/secure.gravatar.com\\\/avatar\\\/fb81a55b6218459490a9c1dc841a34909185b81904c5337b4b27f7a6fd60c49e?s=96&d=mm&r=g\",\"url\":\"https:\\\/\\\/secure.gravatar.com\\\/avatar\\\/fb81a55b6218459490a9c1dc841a34909185b81904c5337b4b27f7a6fd60c49e?s=96&d=mm&r=g\",\"contentUrl\":\"https:\\\/\\\/secure.gravatar.com\\\/avatar\\\/fb81a55b6218459490a9c1dc841a34909185b81904c5337b4b27f7a6fd60c49e?s=96&d=mm&r=g\",\"caption\":\"Lorenzo Verduzco\"}}]}<\/script>\n<!-- \/ Yoast SEO plugin. -->","yoast_head_json":{"title":"ASI Interam\u00e9rica trata de estimular la formaci\u00f3n de cap\u00edtulos en todo su territorio - Iglesia Adventista del S\u00e9ptimo D\u00eda - Divisi\u00f3n Interamericana","robots":{"index":"index","follow":"follow","max-snippet":"max-snippet:-1","max-image-preview":"max-image-preview:large","max-video-preview":"max-video-preview:-1"},"canonical":"https:\/\/interamerica.org\/es\/2014\/04\/asi-interamerica-trata-de-estimular-la-formacion-de-capitulos-en-todo-su-territorio\/","og_locale":"es_ES","og_type":"article","og_title":"ASI Interam\u00e9rica trata de estimular la formaci\u00f3n de cap\u00edtulos en todo su territorio - Iglesia Adventista del S\u00e9ptimo D\u00eda - Divisi\u00f3n Interamericana","og_description":"Un taller de trabajo especial tuvo lugar en las oficinas de la Divisi\u00f3n Interamericana, en Miami, Florida, del 26 al 27 de marzo de 2014. El prop\u00f3sito de esta reuni\u00f3n fue fortalecer la organizaci\u00f3n de cap\u00edtulos ASI \u2013Servicios e Industrias de Laicos Adventistas, en la Iglesia Adventista del S\u00e9ptimo D\u00eda de la Divisi\u00f3n Interamericana (DIA).","og_url":"https:\/\/interamerica.org\/es\/2014\/04\/asi-interamerica-trata-de-estimular-la-formacion-de-capitulos-en-todo-su-territorio\/","og_site_name":"Iglesia Adventista del S\u00e9ptimo D\u00eda - Divisi\u00f3n Interamericana","article_published_time":"2014-04-07T04:00:00+00:00","og_image":[{"width":590,"height":385,"url":"https:\/\/interamerica.org\/wp-content\/uploads\/2017\/06\/ASIleadershiptraining.png","type":"image\/png"}],"author":"Lorenzo Verduzco","twitter_card":"summary_large_image","twitter_misc":{"Escrito por":"Lorenzo Verduzco","Tiempo de lectura":"4 minutos"},"schema":{"@context":"https:\/\/schema.org","@graph":[{"@type":"Article","@id":"https:\/\/interamerica.org\/es\/2014\/04\/asi-interamerica-trata-de-estimular-la-formacion-de-capitulos-en-todo-su-territorio\/#article","isPartOf":{"@id":"https:\/\/interamerica.org\/es\/2014\/04\/asi-interamerica-trata-de-estimular-la-formacion-de-capitulos-en-todo-su-territorio\/"},"author":{"name":"Lorenzo Verduzco","@id":"https:\/\/interamerica.org\/es\/#\/schema\/person\/68ede8bdc292885bb76c1e3810e73c39"},"headline":"ASI Interam\u00e9rica trata de estimular la formaci\u00f3n de cap\u00edtulos en todo su territorio","datePublished":"2014-04-07T04:00:00+00:00","mainEntityOfPage":{"@id":"https:\/\/interamerica.org\/es\/2014\/04\/asi-interamerica-trata-de-estimular-la-formacion-de-capitulos-en-todo-su-territorio\/"},"wordCount":893,"image":{"@id":"https:\/\/interamerica.org\/es\/2014\/04\/asi-interamerica-trata-de-estimular-la-formacion-de-capitulos-en-todo-su-territorio\/#primaryimage"},"thumbnailUrl":"https:\/\/interamerica.org\/wp-content\/uploads\/2017\/06\/ASIleadershiptraining.png","articleSection":["Desde la sede"],"inLanguage":"es"},{"@type":"WebPage","@id":"https:\/\/interamerica.org\/es\/2014\/04\/asi-interamerica-trata-de-estimular-la-formacion-de-capitulos-en-todo-su-territorio\/","url":"https:\/\/interamerica.org\/es\/2014\/04\/asi-interamerica-trata-de-estimular-la-formacion-de-capitulos-en-todo-su-territorio\/","name":"ASI Interam\u00e9rica trata de estimular la formaci\u00f3n de cap\u00edtulos en todo su territorio - Iglesia Adventista del S\u00e9ptimo D\u00eda - Divisi\u00f3n Interamericana","isPartOf":{"@id":"https:\/\/interamerica.org\/es\/#website"},"primaryImageOfPage":{"@id":"https:\/\/interamerica.org\/es\/2014\/04\/asi-interamerica-trata-de-estimular-la-formacion-de-capitulos-en-todo-su-territorio\/#primaryimage"},"image":{"@id":"https:\/\/interamerica.org\/es\/2014\/04\/asi-interamerica-trata-de-estimular-la-formacion-de-capitulos-en-todo-su-territorio\/#primaryimage"},"thumbnailUrl":"https:\/\/interamerica.org\/wp-content\/uploads\/2017\/06\/ASIleadershiptraining.png","datePublished":"2014-04-07T04:00:00+00:00","author":{"@id":"https:\/\/interamerica.org\/es\/#\/schema\/person\/68ede8bdc292885bb76c1e3810e73c39"},"breadcrumb":{"@id":"https:\/\/interamerica.org\/es\/2014\/04\/asi-interamerica-trata-de-estimular-la-formacion-de-capitulos-en-todo-su-territorio\/#breadcrumb"},"inLanguage":"es","potentialAction":[{"@type":"ReadAction","target":["https:\/\/interamerica.org\/es\/2014\/04\/asi-interamerica-trata-de-estimular-la-formacion-de-capitulos-en-todo-su-territorio\/"]}]},{"@type":"ImageObject","inLanguage":"es","@id":"https:\/\/interamerica.org\/es\/2014\/04\/asi-interamerica-trata-de-estimular-la-formacion-de-capitulos-en-todo-su-territorio\/#primaryimage","url":"https:\/\/interamerica.org\/wp-content\/uploads\/2017\/06\/ASIleadershiptraining.png","contentUrl":"https:\/\/interamerica.org\/wp-content\/uploads\/2017\/06\/ASIleadershiptraining.png","width":590,"height":385},{"@type":"BreadcrumbList","@id":"https:\/\/interamerica.org\/es\/2014\/04\/asi-interamerica-trata-de-estimular-la-formacion-de-capitulos-en-todo-su-territorio\/#breadcrumb","itemListElement":[{"@type":"ListItem","position":1,"name":"Home","item":"https:\/\/interamerica.org\/es\/"},{"@type":"ListItem","position":2,"name":"ASI Interam\u00e9rica trata de estimular la formaci\u00f3n de cap\u00edtulos en todo su territorio"}]},{"@type":"WebSite","@id":"https:\/\/interamerica.org\/es\/#website","url":"https:\/\/interamerica.org\/es\/","name":"Iglesia Adventista del S\u00e9ptimo D\u00eda - Divisi\u00f3n Interamericana","description":"","potentialAction":[{"@type":"SearchAction","target":{"@type":"EntryPoint","urlTemplate":"https:\/\/interamerica.org\/es\/?s={search_term_string}"},"query-input":{"@type":"PropertyValueSpecification","valueRequired":true,"valueName":"search_term_string"}}],"inLanguage":"es"},{"@type":"Person","@id":"https:\/\/interamerica.org\/es\/#\/schema\/person\/68ede8bdc292885bb76c1e3810e73c39","name":"Lorenzo Verduzco","image":{"@type":"ImageObject","inLanguage":"es","@id":"https:\/\/secure.gravatar.com\/avatar\/fb81a55b6218459490a9c1dc841a34909185b81904c5337b4b27f7a6fd60c49e?s=96&d=mm&r=g","url":"https:\/\/secure.gravatar.com\/avatar\/fb81a55b6218459490a9c1dc841a34909185b81904c5337b4b27f7a6fd60c49e?s=96&d=mm&r=g","contentUrl":"https:\/\/secure.gravatar.com\/avatar\/fb81a55b6218459490a9c1dc841a34909185b81904c5337b4b27f7a6fd60c49e?s=96&d=mm&r=g","caption":"Lorenzo Verduzco"}}]}},"_links":{"self":[{"href":"https:\/\/interamerica.org\/es\/wp-json\/wp\/v2\/posts\/30472","targetHints":{"allow":["GET"]}}],"collection":[{"href":"https:\/\/interamerica.org\/es\/wp-json\/wp\/v2\/posts"}],"about":[{"href":"https:\/\/interamerica.org\/es\/wp-json\/wp\/v2\/types\/post"}],"author":[{"embeddable":true,"href":"https:\/\/interamerica.org\/es\/wp-json\/wp\/v2\/users\/1"}],"replies":[{"embeddable":true,"href":"https:\/\/interamerica.org\/es\/wp-json\/wp\/v2\/comments?post=30472"}],"version-history":[{"count":0,"href":"https:\/\/interamerica.org\/es\/wp-json\/wp\/v2\/posts\/30472\/revisions"}],"wp:featuredmedia":[{"embeddable":true,"href":"https:\/\/interamerica.org\/es\/wp-json\/wp\/v2\/media\/22862"}],"wp:attachment":[{"href":"https:\/\/interamerica.org\/es\/wp-json\/wp\/v2\/media?parent=30472"}],"wp:term":[{"taxonomy":"category","embeddable":true,"href":"https:\/\/interamerica.org\/es\/wp-json\/wp\/v2\/categories?post=30472"},{"taxonomy":"post_tag","embeddable":true,"href":"https:\/\/interamerica.org\/es\/wp-json\/wp\/v2\/tags?post=30472"}],"curies":[{"name":"wp","href":"https:\/\/api.w.org\/{rel}","templated":true}]}}