{"id":30475,"date":"2014-04-09T00:00:00","date_gmt":"2014-04-09T04:00:00","guid":{"rendered":"http:\/\/192.81.217.108\/interamerica\/2014\/04\/ciudad-de-mexico-caminata-de-centenares-de-jovenes-adventistas-para-alertar-sobre-salud\/"},"modified":"2014-04-09T00:00:00","modified_gmt":"2014-04-09T04:00:00","slug":"ciudad-de-mexico-caminata-de-centenares-de-jovenes-adventistas-para-alertar-sobre-salud","status":"publish","type":"post","link":"https:\/\/interamerica.org\/es\/2014\/04\/ciudad-de-mexico-caminata-de-centenares-de-jovenes-adventistas-para-alertar-sobre-salud\/","title":{"rendered":"Ciudad de M\u00e9xico: Caminata de centenares de j\u00f3venes adventistas  para alertar sobre salud"},"content":{"rendered":"<p>caption<\/p>\n<p>M\u00e1s  de 2,000 j\u00f3venes adventistas marcharon por la avenida principal de la Ciudad de M\u00e9xico el 6 de abril de 2014, para despertar conciencia sobre la elecci\u00f3n de un estilo de vida saludable, como parte de la iniciativa de la Iglesia Adventista \u00abQuiero Vivir Sano\u00bb, basada en los ocho remedios naturales: agua, descanso, ejercicio, sol, aire puro, buena nutrici\u00f3n,  temperancia y esperanza. Los j\u00f3venes participaron en ejercicios y reconocimientos m\u00e9dicos en relaci\u00f3n con la obesidad y sus efectos. Im\u00e1genes por Dania Arag\u00f3n \u2013DIA<\/p>\n<p>8 de abril de 2014 \u2013 Ciudad de M\u00e9xico, M\u00e9xico&#8230;Fabiola Quinto- Personal DIA<\/p>\n<p>caption<\/p>\n<p>J\u00f3venes adventistas marchan por la avenida principal de la Ciudad de M\u00e9xico.<\/p>\n<p>Centenares de j\u00f3venes adventistas se abrieron paso a trav\u00e9s de la avenida principal en la Ciudad de M\u00e9xico, el 6 de abril de 2014, para caminar, despertar conciencia sobre el sano vivir y para contrarrestar la ola de obesidad que afecta a millones de personas en la ciudad y en todo el pa\u00eds.<\/p>\n<p>Aproximadamente 2,000 j\u00f3venes y dirigentes de la iglesia partieron desde el mismo coraz\u00f3n de la ciudad \u2013el Monumento del \u00c1ngel de la Independencia, llevando consigo carteles, pancartas y exclamando a viva voz: \u201cQuiero Vivir Sano\u201d, con rumbo al Monumento a la Revoluci\u00f3n, donde se invit\u00f3 a espectadores y transe\u00fantes a participar en ejercicios y recibir diagnosis m\u00e9dicas en relaci\u00f3n con la  obesidad y sus efectos.<\/p>\n<p>caption<\/p>\n<p>J\u00f3venes adventistas esperan ser evaluados en relaci\u00f3n a su peso, durante la actividad<\/p>\n<p>La caminata de dos kil\u00f3metros en un carril cerrado al tr\u00e1nsito vehicular, involucr\u00f3 a grupos de j\u00f3venes de docenas de iglesias adventistas de la ciudad, quienes tomaron su turno para gritar \u201cQuiero Vivir Sano\u201d y resaltar los ocho remedies naturales en los que se basa esta iniciativa: agua, descanso, ejercicio, sol, aire puro, buena nutrici\u00f3n, temperancia y esperanza. <\/p>\n<p>\u201cDeseamos dar a conocer a la ciudad los principios de salud que tiene la iglesia y los ocho remedios naturales que pueden beneficiar a cada persona\u201d, dijo el Dr. Jos\u00e9 Dzul, director de Ministerio de Salud de la iglesia en la Uni\u00f3n Mexicana Central.  <\/p>\n<p>Participantes en una serie de ejercicios frente al Monumento a la Revoluci\u00f3n, durante las cuatro horas de actividades.<\/p>\n<p>Una vez llegados al Monumento a la Revoluci\u00f3n, la Coordinadora del programa del Ministerio de Salud del Distrito Federal, Araceli Casta\u00f1eda, les dio la bienvenida a los j\u00f3venes participantes.  La coordinadora Casta\u00f1eda aplaudi\u00f3 y agradeci\u00f3 a la iglesia y a sus j\u00f3venes por esta actividad en apoyo de los programas que tiene el gobierno federal para promover la actividad f\u00edsica, a fin de disminuir los altos porcentajes de hombres, mujeres y ni\u00f1os de edad escolar afectados por la obesidad, tanto en la ciudad como en toda la zona metropolitana. <\/p>\n<p>\u201cMe siento tan feliz de ver a los j\u00f3venes participando en esta actividad y dando a conocer los ocho remedios b\u00e1sicos para mostrar que es posible vivir una vida feliz y saludable\u201d, dijo la coordinadora Casta\u00f1eda. \u201cLos felicito por la obra que est\u00e1n haciendo a fin de que la sociedad mejore su calidad de vida\u201d.<\/p>\n<p>El domingo de ma\u00f1ana, el 6 de abril, se reunieron los j\u00f3venes en torno al \u00c1ngel de la Independencia, en el coraz\u00f3n mismo de la Ciudad de M\u00e9xico, para su caminata en pro de la salud.<\/p>\n<p>Los j\u00f3venes participaron en una serie de ejercicios presentados por la Comisi\u00f3n Nacional de la Cultura F\u00edsica y los Deportes (Conade), y donaron tambi\u00e9n m\u00e1s de  200 litros de sangre al Centro Nacional de Transfusi\u00f3n de Sangre, all\u00ed mismo. <\/p>\n<p>La coordinaci\u00f3n de la caminata entre las dos principales regiones de la iglesia en la Ciudad de M\u00e9xico, no fue una tarea f\u00e1cil, dijo el Pastor Javier Mu\u00f1oz, director de Escuela Sab\u00e1tica de la iglesia en la zona central de M\u00e9xico y coordinador de la caminata.<\/p>\n<p>\u201cNos complace mucho que tantos j\u00f3venes hayan tomado parte en esta actividad\u201d, dijo el Pastor Mu\u00f1oz. \u201cSabemos que esta caminata ayudar\u00e1 a nuestros j\u00f3venes a estar conscientes de la importancia de cuidar de su cuerpo como templo del Esp\u00edritu Santo y que podr\u00e1n seguir dando a conocer este mensaje de un estilo de vida saludable en sus iglesias y comunidades\u201d.<\/p>\n<p>El jovencito de catorce a\u00f1os de edad, Diego Gonz\u00e1lez, del Club de Conquistadores Pegaso, de la Iglesia Adventista de Tacubaya, dijo que la experiencia hab\u00eda sido por dem\u00e1s emocionante. \u201cEstoy feliz de haber participado en este evento; vali\u00f3 la pena levantarme tan temprano\u201d, dijo el joven  Gonz\u00e1lez. <\/p>\n<p>Expertos de la Comisi\u00f3n Nacional de la Cultura F\u00edsica y los Deportes (Conade), miden el balance de peso de quienes participaron en la caminata.[\/caption]<\/p>\n<p>Los dirigentes y miembros de la Iglesia Adventista de las cinco principales regiones de la iglesia en esta zona, se han programado para llevar a cabo caminatas y actividades similares que promueven un estilo de vida saludable con el programa \u201cQuiero Vivir Sano\u201d.<\/p>\n<p>La caminata fue parte de una serie de iniciativas de Impacto en las Grandes Ciudades, llevadas a cabo en la Ciudad de M\u00e9xico desde el comienzo del a\u00f1o. Durante las \u00faltimas dos semanas, ministros y evangelizadores internacionales de todo el territorio de la Divisi\u00f3n Interamericana han estado celebrando unas 200 campa\u00f1as de evangelizaci\u00f3n en esta mega ciudad, que culminar\u00e1n con un programa que se transmitir\u00e1 v\u00eda sat\u00e9lite, en la <em>Arena M\u00e9xico<\/em> con capacidad para unas 22,000 personas, este s\u00e1bado 12 de abril de 2014.<\/p>\n<p>Para informaci\u00f3n sobre otras iniciativas y sobre la Iglesia Adventista del S\u00e9ptimo D\u00eda en la regi\u00f3n central de M\u00e9xico, pulsa <a href=\"http:\/\/unionmexicanacentral.org\/\">HERE<\/a>.<\/p>\n<p>Traducci\u00f3n por Gloria A. Castrej\u00f3n<\/p>\n","protected":false},"excerpt":{"rendered":"<p>Centenares de j\u00f3venes adventistas se abrieron paso a trav\u00e9s de la avenida principal en la Ciudad de M\u00e9xico, el 6 de abril de 2014, para caminar, despertar conciencia sobre el sano vivir y para contrarrestar la ola de obesidad que afecta a millones de personas en la ciudad y en todo el pa\u00eds.<\/p>\n","protected":false},"author":1,"featured_media":22879,"comment_status":"closed","ping_status":"closed","sticky":false,"template":"","format":"standard","meta":{"_acf_changed":false,"footnotes":""},"categories":[17],"tags":[],"class_list":["post-30475","post","type-post","status-publish","format-standard","has-post-thumbnail","hentry","category-desde-el-campo"],"acf":[],"yoast_head":"<!-- This site is optimized with the Yoast SEO plugin v27.3 - https:\/\/yoast.com\/product\/yoast-seo-wordpress\/ -->\n<title>Ciudad de M\u00e9xico: Caminata de centenares de j\u00f3venes adventistas para alertar sobre salud - Iglesia Adventista del S\u00e9ptimo D\u00eda - Divisi\u00f3n Interamericana<\/title>\n<meta name=\"robots\" content=\"index, follow, max-snippet:-1, max-image-preview:large, max-video-preview:-1\" \/>\n<link rel=\"canonical\" href=\"https:\/\/interamerica.org\/es\/2014\/04\/ciudad-de-mexico-caminata-de-centenares-de-jovenes-adventistas-para-alertar-sobre-salud\/\" \/>\n<meta property=\"og:locale\" content=\"es_ES\" \/>\n<meta property=\"og:type\" content=\"article\" \/>\n<meta property=\"og:title\" content=\"Ciudad de M\u00e9xico: Caminata de centenares de j\u00f3venes adventistas para alertar sobre salud - Iglesia Adventista del S\u00e9ptimo D\u00eda - Divisi\u00f3n Interamericana\" \/>\n<meta property=\"og:description\" content=\"Centenares de j\u00f3venes adventistas se abrieron paso a trav\u00e9s de la avenida principal en la Ciudad de M\u00e9xico, el 6 de abril de 2014, para caminar, despertar conciencia sobre el sano vivir y para contrarrestar la ola de obesidad que afecta a millones de personas en la ciudad y en todo el pa\u00eds.\" \/>\n<meta property=\"og:url\" content=\"https:\/\/interamerica.org\/es\/2014\/04\/ciudad-de-mexico-caminata-de-centenares-de-jovenes-adventistas-para-alertar-sobre-salud\/\" \/>\n<meta property=\"og:site_name\" content=\"Iglesia Adventista del S\u00e9ptimo D\u00eda - Divisi\u00f3n Interamericana\" \/>\n<meta property=\"article:published_time\" content=\"2014-04-09T04:00:00+00:00\" \/>\n<meta property=\"og:image\" content=\"https:\/\/interamerica.org\/wp-content\/uploads\/2017\/06\/QuieroVivirSanoGirl.png\" \/>\n\t<meta property=\"og:image:width\" content=\"590\" \/>\n\t<meta property=\"og:image:height\" content=\"394\" \/>\n\t<meta property=\"og:image:type\" content=\"image\/png\" \/>\n<meta name=\"author\" content=\"Lorenzo Verduzco\" \/>\n<meta name=\"twitter:card\" content=\"summary_large_image\" \/>\n<meta name=\"twitter:label1\" content=\"Escrito por\" \/>\n\t<meta name=\"twitter:data1\" content=\"Lorenzo Verduzco\" \/>\n\t<meta name=\"twitter:label2\" content=\"Tiempo de lectura\" \/>\n\t<meta name=\"twitter:data2\" content=\"5 minutos\" \/>\n<script type=\"application\/ld+json\" class=\"yoast-schema-graph\">{\"@context\":\"https:\\\/\\\/schema.org\",\"@graph\":[{\"@type\":\"Article\",\"@id\":\"https:\\\/\\\/interamerica.org\\\/es\\\/2014\\\/04\\\/ciudad-de-mexico-caminata-de-centenares-de-jovenes-adventistas-para-alertar-sobre-salud\\\/#article\",\"isPartOf\":{\"@id\":\"https:\\\/\\\/interamerica.org\\\/es\\\/2014\\\/04\\\/ciudad-de-mexico-caminata-de-centenares-de-jovenes-adventistas-para-alertar-sobre-salud\\\/\"},\"author\":{\"name\":\"Lorenzo Verduzco\",\"@id\":\"https:\\\/\\\/interamerica.org\\\/es\\\/#\\\/schema\\\/person\\\/68ede8bdc292885bb76c1e3810e73c39\"},\"headline\":\"Ciudad de M\u00e9xico: Caminata de centenares de j\u00f3venes adventistas para alertar sobre salud\",\"datePublished\":\"2014-04-09T04:00:00+00:00\",\"mainEntityOfPage\":{\"@id\":\"https:\\\/\\\/interamerica.org\\\/es\\\/2014\\\/04\\\/ciudad-de-mexico-caminata-de-centenares-de-jovenes-adventistas-para-alertar-sobre-salud\\\/\"},\"wordCount\":1001,\"image\":{\"@id\":\"https:\\\/\\\/interamerica.org\\\/es\\\/2014\\\/04\\\/ciudad-de-mexico-caminata-de-centenares-de-jovenes-adventistas-para-alertar-sobre-salud\\\/#primaryimage\"},\"thumbnailUrl\":\"https:\\\/\\\/interamerica.org\\\/wp-content\\\/uploads\\\/2017\\\/06\\\/QuieroVivirSanoGirl.png\",\"articleSection\":[\"Desde el campo\"],\"inLanguage\":\"es\"},{\"@type\":\"WebPage\",\"@id\":\"https:\\\/\\\/interamerica.org\\\/es\\\/2014\\\/04\\\/ciudad-de-mexico-caminata-de-centenares-de-jovenes-adventistas-para-alertar-sobre-salud\\\/\",\"url\":\"https:\\\/\\\/interamerica.org\\\/es\\\/2014\\\/04\\\/ciudad-de-mexico-caminata-de-centenares-de-jovenes-adventistas-para-alertar-sobre-salud\\\/\",\"name\":\"Ciudad de M\u00e9xico: Caminata de centenares de j\u00f3venes adventistas para alertar sobre salud - Iglesia Adventista del S\u00e9ptimo D\u00eda - Divisi\u00f3n Interamericana\",\"isPartOf\":{\"@id\":\"https:\\\/\\\/interamerica.org\\\/es\\\/#website\"},\"primaryImageOfPage\":{\"@id\":\"https:\\\/\\\/interamerica.org\\\/es\\\/2014\\\/04\\\/ciudad-de-mexico-caminata-de-centenares-de-jovenes-adventistas-para-alertar-sobre-salud\\\/#primaryimage\"},\"image\":{\"@id\":\"https:\\\/\\\/interamerica.org\\\/es\\\/2014\\\/04\\\/ciudad-de-mexico-caminata-de-centenares-de-jovenes-adventistas-para-alertar-sobre-salud\\\/#primaryimage\"},\"thumbnailUrl\":\"https:\\\/\\\/interamerica.org\\\/wp-content\\\/uploads\\\/2017\\\/06\\\/QuieroVivirSanoGirl.png\",\"datePublished\":\"2014-04-09T04:00:00+00:00\",\"author\":{\"@id\":\"https:\\\/\\\/interamerica.org\\\/es\\\/#\\\/schema\\\/person\\\/68ede8bdc292885bb76c1e3810e73c39\"},\"breadcrumb\":{\"@id\":\"https:\\\/\\\/interamerica.org\\\/es\\\/2014\\\/04\\\/ciudad-de-mexico-caminata-de-centenares-de-jovenes-adventistas-para-alertar-sobre-salud\\\/#breadcrumb\"},\"inLanguage\":\"es\",\"potentialAction\":[{\"@type\":\"ReadAction\",\"target\":[\"https:\\\/\\\/interamerica.org\\\/es\\\/2014\\\/04\\\/ciudad-de-mexico-caminata-de-centenares-de-jovenes-adventistas-para-alertar-sobre-salud\\\/\"]}]},{\"@type\":\"ImageObject\",\"inLanguage\":\"es\",\"@id\":\"https:\\\/\\\/interamerica.org\\\/es\\\/2014\\\/04\\\/ciudad-de-mexico-caminata-de-centenares-de-jovenes-adventistas-para-alertar-sobre-salud\\\/#primaryimage\",\"url\":\"https:\\\/\\\/interamerica.org\\\/wp-content\\\/uploads\\\/2017\\\/06\\\/QuieroVivirSanoGirl.png\",\"contentUrl\":\"https:\\\/\\\/interamerica.org\\\/wp-content\\\/uploads\\\/2017\\\/06\\\/QuieroVivirSanoGirl.png\",\"width\":590,\"height\":394},{\"@type\":\"BreadcrumbList\",\"@id\":\"https:\\\/\\\/interamerica.org\\\/es\\\/2014\\\/04\\\/ciudad-de-mexico-caminata-de-centenares-de-jovenes-adventistas-para-alertar-sobre-salud\\\/#breadcrumb\",\"itemListElement\":[{\"@type\":\"ListItem\",\"position\":1,\"name\":\"Home\",\"item\":\"https:\\\/\\\/interamerica.org\\\/es\\\/\"},{\"@type\":\"ListItem\",\"position\":2,\"name\":\"Ciudad de M\u00e9xico: Caminata de centenares de j\u00f3venes adventistas para alertar sobre salud\"}]},{\"@type\":\"WebSite\",\"@id\":\"https:\\\/\\\/interamerica.org\\\/es\\\/#website\",\"url\":\"https:\\\/\\\/interamerica.org\\\/es\\\/\",\"name\":\"Iglesia Adventista del S\u00e9ptimo D\u00eda - Divisi\u00f3n Interamericana\",\"description\":\"\",\"potentialAction\":[{\"@type\":\"SearchAction\",\"target\":{\"@type\":\"EntryPoint\",\"urlTemplate\":\"https:\\\/\\\/interamerica.org\\\/es\\\/?s={search_term_string}\"},\"query-input\":{\"@type\":\"PropertyValueSpecification\",\"valueRequired\":true,\"valueName\":\"search_term_string\"}}],\"inLanguage\":\"es\"},{\"@type\":\"Person\",\"@id\":\"https:\\\/\\\/interamerica.org\\\/es\\\/#\\\/schema\\\/person\\\/68ede8bdc292885bb76c1e3810e73c39\",\"name\":\"Lorenzo Verduzco\",\"image\":{\"@type\":\"ImageObject\",\"inLanguage\":\"es\",\"@id\":\"https:\\\/\\\/secure.gravatar.com\\\/avatar\\\/fb81a55b6218459490a9c1dc841a34909185b81904c5337b4b27f7a6fd60c49e?s=96&d=mm&r=g\",\"url\":\"https:\\\/\\\/secure.gravatar.com\\\/avatar\\\/fb81a55b6218459490a9c1dc841a34909185b81904c5337b4b27f7a6fd60c49e?s=96&d=mm&r=g\",\"contentUrl\":\"https:\\\/\\\/secure.gravatar.com\\\/avatar\\\/fb81a55b6218459490a9c1dc841a34909185b81904c5337b4b27f7a6fd60c49e?s=96&d=mm&r=g\",\"caption\":\"Lorenzo Verduzco\"}}]}<\/script>\n<!-- \/ Yoast SEO plugin. -->","yoast_head_json":{"title":"Ciudad de M\u00e9xico: Caminata de centenares de j\u00f3venes adventistas para alertar sobre salud - Iglesia Adventista del S\u00e9ptimo D\u00eda - Divisi\u00f3n Interamericana","robots":{"index":"index","follow":"follow","max-snippet":"max-snippet:-1","max-image-preview":"max-image-preview:large","max-video-preview":"max-video-preview:-1"},"canonical":"https:\/\/interamerica.org\/es\/2014\/04\/ciudad-de-mexico-caminata-de-centenares-de-jovenes-adventistas-para-alertar-sobre-salud\/","og_locale":"es_ES","og_type":"article","og_title":"Ciudad de M\u00e9xico: Caminata de centenares de j\u00f3venes adventistas para alertar sobre salud - Iglesia Adventista del S\u00e9ptimo D\u00eda - Divisi\u00f3n Interamericana","og_description":"Centenares de j\u00f3venes adventistas se abrieron paso a trav\u00e9s de la avenida principal en la Ciudad de M\u00e9xico, el 6 de abril de 2014, para caminar, despertar conciencia sobre el sano vivir y para contrarrestar la ola de obesidad que afecta a millones de personas en la ciudad y en todo el pa\u00eds.","og_url":"https:\/\/interamerica.org\/es\/2014\/04\/ciudad-de-mexico-caminata-de-centenares-de-jovenes-adventistas-para-alertar-sobre-salud\/","og_site_name":"Iglesia Adventista del S\u00e9ptimo D\u00eda - Divisi\u00f3n Interamericana","article_published_time":"2014-04-09T04:00:00+00:00","og_image":[{"width":590,"height":394,"url":"https:\/\/interamerica.org\/wp-content\/uploads\/2017\/06\/QuieroVivirSanoGirl.png","type":"image\/png"}],"author":"Lorenzo Verduzco","twitter_card":"summary_large_image","twitter_misc":{"Escrito por":"Lorenzo Verduzco","Tiempo de lectura":"5 minutos"},"schema":{"@context":"https:\/\/schema.org","@graph":[{"@type":"Article","@id":"https:\/\/interamerica.org\/es\/2014\/04\/ciudad-de-mexico-caminata-de-centenares-de-jovenes-adventistas-para-alertar-sobre-salud\/#article","isPartOf":{"@id":"https:\/\/interamerica.org\/es\/2014\/04\/ciudad-de-mexico-caminata-de-centenares-de-jovenes-adventistas-para-alertar-sobre-salud\/"},"author":{"name":"Lorenzo Verduzco","@id":"https:\/\/interamerica.org\/es\/#\/schema\/person\/68ede8bdc292885bb76c1e3810e73c39"},"headline":"Ciudad de M\u00e9xico: Caminata de centenares de j\u00f3venes adventistas para alertar sobre salud","datePublished":"2014-04-09T04:00:00+00:00","mainEntityOfPage":{"@id":"https:\/\/interamerica.org\/es\/2014\/04\/ciudad-de-mexico-caminata-de-centenares-de-jovenes-adventistas-para-alertar-sobre-salud\/"},"wordCount":1001,"image":{"@id":"https:\/\/interamerica.org\/es\/2014\/04\/ciudad-de-mexico-caminata-de-centenares-de-jovenes-adventistas-para-alertar-sobre-salud\/#primaryimage"},"thumbnailUrl":"https:\/\/interamerica.org\/wp-content\/uploads\/2017\/06\/QuieroVivirSanoGirl.png","articleSection":["Desde el campo"],"inLanguage":"es"},{"@type":"WebPage","@id":"https:\/\/interamerica.org\/es\/2014\/04\/ciudad-de-mexico-caminata-de-centenares-de-jovenes-adventistas-para-alertar-sobre-salud\/","url":"https:\/\/interamerica.org\/es\/2014\/04\/ciudad-de-mexico-caminata-de-centenares-de-jovenes-adventistas-para-alertar-sobre-salud\/","name":"Ciudad de M\u00e9xico: Caminata de centenares de j\u00f3venes adventistas para alertar sobre salud - Iglesia Adventista del S\u00e9ptimo D\u00eda - Divisi\u00f3n Interamericana","isPartOf":{"@id":"https:\/\/interamerica.org\/es\/#website"},"primaryImageOfPage":{"@id":"https:\/\/interamerica.org\/es\/2014\/04\/ciudad-de-mexico-caminata-de-centenares-de-jovenes-adventistas-para-alertar-sobre-salud\/#primaryimage"},"image":{"@id":"https:\/\/interamerica.org\/es\/2014\/04\/ciudad-de-mexico-caminata-de-centenares-de-jovenes-adventistas-para-alertar-sobre-salud\/#primaryimage"},"thumbnailUrl":"https:\/\/interamerica.org\/wp-content\/uploads\/2017\/06\/QuieroVivirSanoGirl.png","datePublished":"2014-04-09T04:00:00+00:00","author":{"@id":"https:\/\/interamerica.org\/es\/#\/schema\/person\/68ede8bdc292885bb76c1e3810e73c39"},"breadcrumb":{"@id":"https:\/\/interamerica.org\/es\/2014\/04\/ciudad-de-mexico-caminata-de-centenares-de-jovenes-adventistas-para-alertar-sobre-salud\/#breadcrumb"},"inLanguage":"es","potentialAction":[{"@type":"ReadAction","target":["https:\/\/interamerica.org\/es\/2014\/04\/ciudad-de-mexico-caminata-de-centenares-de-jovenes-adventistas-para-alertar-sobre-salud\/"]}]},{"@type":"ImageObject","inLanguage":"es","@id":"https:\/\/interamerica.org\/es\/2014\/04\/ciudad-de-mexico-caminata-de-centenares-de-jovenes-adventistas-para-alertar-sobre-salud\/#primaryimage","url":"https:\/\/interamerica.org\/wp-content\/uploads\/2017\/06\/QuieroVivirSanoGirl.png","contentUrl":"https:\/\/interamerica.org\/wp-content\/uploads\/2017\/06\/QuieroVivirSanoGirl.png","width":590,"height":394},{"@type":"BreadcrumbList","@id":"https:\/\/interamerica.org\/es\/2014\/04\/ciudad-de-mexico-caminata-de-centenares-de-jovenes-adventistas-para-alertar-sobre-salud\/#breadcrumb","itemListElement":[{"@type":"ListItem","position":1,"name":"Home","item":"https:\/\/interamerica.org\/es\/"},{"@type":"ListItem","position":2,"name":"Ciudad de M\u00e9xico: Caminata de centenares de j\u00f3venes adventistas para alertar sobre salud"}]},{"@type":"WebSite","@id":"https:\/\/interamerica.org\/es\/#website","url":"https:\/\/interamerica.org\/es\/","name":"Iglesia Adventista del S\u00e9ptimo D\u00eda - Divisi\u00f3n Interamericana","description":"","potentialAction":[{"@type":"SearchAction","target":{"@type":"EntryPoint","urlTemplate":"https:\/\/interamerica.org\/es\/?s={search_term_string}"},"query-input":{"@type":"PropertyValueSpecification","valueRequired":true,"valueName":"search_term_string"}}],"inLanguage":"es"},{"@type":"Person","@id":"https:\/\/interamerica.org\/es\/#\/schema\/person\/68ede8bdc292885bb76c1e3810e73c39","name":"Lorenzo Verduzco","image":{"@type":"ImageObject","inLanguage":"es","@id":"https:\/\/secure.gravatar.com\/avatar\/fb81a55b6218459490a9c1dc841a34909185b81904c5337b4b27f7a6fd60c49e?s=96&d=mm&r=g","url":"https:\/\/secure.gravatar.com\/avatar\/fb81a55b6218459490a9c1dc841a34909185b81904c5337b4b27f7a6fd60c49e?s=96&d=mm&r=g","contentUrl":"https:\/\/secure.gravatar.com\/avatar\/fb81a55b6218459490a9c1dc841a34909185b81904c5337b4b27f7a6fd60c49e?s=96&d=mm&r=g","caption":"Lorenzo Verduzco"}}]}},"_links":{"self":[{"href":"https:\/\/interamerica.org\/es\/wp-json\/wp\/v2\/posts\/30475","targetHints":{"allow":["GET"]}}],"collection":[{"href":"https:\/\/interamerica.org\/es\/wp-json\/wp\/v2\/posts"}],"about":[{"href":"https:\/\/interamerica.org\/es\/wp-json\/wp\/v2\/types\/post"}],"author":[{"embeddable":true,"href":"https:\/\/interamerica.org\/es\/wp-json\/wp\/v2\/users\/1"}],"replies":[{"embeddable":true,"href":"https:\/\/interamerica.org\/es\/wp-json\/wp\/v2\/comments?post=30475"}],"version-history":[{"count":0,"href":"https:\/\/interamerica.org\/es\/wp-json\/wp\/v2\/posts\/30475\/revisions"}],"wp:featuredmedia":[{"embeddable":true,"href":"https:\/\/interamerica.org\/es\/wp-json\/wp\/v2\/media\/22879"}],"wp:attachment":[{"href":"https:\/\/interamerica.org\/es\/wp-json\/wp\/v2\/media?parent=30475"}],"wp:term":[{"taxonomy":"category","embeddable":true,"href":"https:\/\/interamerica.org\/es\/wp-json\/wp\/v2\/categories?post=30475"},{"taxonomy":"post_tag","embeddable":true,"href":"https:\/\/interamerica.org\/es\/wp-json\/wp\/v2\/tags?post=30475"}],"curies":[{"name":"wp","href":"https:\/\/api.w.org\/{rel}","templated":true}]}}