{"id":30477,"date":"2014-04-10T00:00:00","date_gmt":"2014-04-10T04:00:00","guid":{"rendered":"http:\/\/192.81.217.108\/interamerica\/2014\/04\/iglesia-adventista-se-une-a-presentacion-legal-en-apoyo-a-exencion-impositiva-por-vivienda-pastoral\/"},"modified":"2014-04-10T00:00:00","modified_gmt":"2014-04-10T04:00:00","slug":"iglesia-adventista-se-une-a-presentacion-legal-en-apoyo-a-exencion-impositiva-por-vivienda-pastoral","status":"publish","type":"post","link":"https:\/\/interamerica.org\/es\/2014\/04\/iglesia-adventista-se-une-a-presentacion-legal-en-apoyo-a-exencion-impositiva-por-vivienda-pastoral\/","title":{"rendered":"Iglesia Adventista se une a presentaci\u00f3n legal en apoyo a exenci\u00f3n impositiva por vivienda pastoral"},"content":{"rendered":"<p>9 de abril de 2014 &#8211; Silver Spring, Maryland, Estados Unidos&#8230;Ansel Oliver\/ANN<\/p>\n<p>La Iglesia Adventista del S\u00e9ptimo D\u00eda se incorpor\u00f3 hoy a una presentaci\u00f3n legal\u00a0<em>amicus curiae<\/em> ante un Tribunal Federal de Apelaciones de los Estados Unidos en desaf\u00edo a un fallo de noviembre pasado que dictamin\u00f3 que la \u00abexcepci\u00f3n parroquial\u00bb es inconstitucional.<\/p>\n<p>La Iglesia Adventista se uni\u00f3 a esta presentaci\u00f3n \u00abamigo de la corte\u00bb ante el Tribunal de la S\u00e9ptima Circunscripci\u00f3n de Chicago, dijo Todd McFarland, asesor general asociado de la sede central de la Iglesia Adventista.<\/p>\n<p>La presentaci\u00f3n fue liderada por la Alianza Iglesia, que es una coalici\u00f3n de m\u00e1s de treinta denominaciones que trabajan juntas sobre cuestiones legislativas y legales comunes que mayormente tienen que ver con los beneficios de los empleados, dijo McFarland.<\/p>\n<p>El grupo est\u00e1 desafiando un fallo de noviembre pasado a cargo de una jueza distrital de los Estados Unidos, que dictamin\u00f3 que la exenci\u00f3n parroquial para el pago impositivo sobre ingresos destinados a vivienda es inconstitucional. Los l\u00edderes de la Iglesia Adventista dicen que los pastores pueden vivir dignamente sobre la base del \u00absalario b\u00e1sico\u00bb pero, depende de donde vivan, el costo de los ajustes al costo de vida suele quedar dr\u00e1sticamente atrasado y no ser proporcional. La exenci\u00f3n parroquial les da la capacidad de deducir sus gastos de vivienda de los ingresos sujetos a grav\u00e1menes impositivos.<\/p>\n<p>En su fallo, la jueza Barbara Crabb dijo que la exenci\u00f3n parroquial violaba la Cl\u00e1usula de Establecimiento de la Primera Enmienda, que proh\u00edbe que el Congreso formule una ley que \u00abrespete un establecimiento de la religi\u00f3n\u00bb.<\/p>\n<p>La exenci\u00f3n parroquial, dijo Crabb, beneficia \u00aba las personas religiosas y a nadie m\u00e1s, aun cuando al hacerlo no necesariamente alivia una carga especial sobre el ejercicio religioso\u00bb.<\/p>\n<p>En una entrevista, McFarland dijo que la coalici\u00f3n religiosa no cree que la exenci\u00f3n viole la Cl\u00e1usula de Establecimiento, destacando que el c\u00f3digo impositivo contiene otras exenciones similares.<\/p>\n<p>\u00abEsta exenci\u00f3n, en efecto, sirve para fortalecer la separaci\u00f3n entre la iglesia y el estado, al mantener al gobierno fuera de las decisiones eclesi\u00e1sticas, las cuestiones eclesi\u00e1sticas, y al tratar a todas las iglesias y religiones de la misma manera\u00bb, dijo McFarland.<\/p>\n<p>Otras exenciones, dijo McFarland, incluyen a los maestros y profesores que trabajan para instituciones educacionales, el personal militar, el alojamiento del empleado para conveniencia del empleador, as\u00ed como a ciertos contribuyentes que residen en el extranjero.<\/p>\n<p>El fallo de noviembre pasado de la jueza Crabb fue resultado de una demanda presentada por la Fundaci\u00f3n Libertad de la Religi\u00f3n, del estado de Wisconsin, que aboga por la separaci\u00f3n de la Iglesia y el Estado. La fundaci\u00f3n demand\u00f3 al secretario del Tesoro de los Estados Unidos y al comisionado del Servicio de Ingresos P\u00fablicos por raz\u00f3n de esa exenci\u00f3n, que fue sancionada por el Congreso en 1954. El Art\u00edculo 107 del C\u00f3digo de Ingresos P\u00fablicos permite que un \u00abministro del evangelio\u00bb designe alguna compensaci\u00f3n como asignaci\u00f3n por vivienda que quede exenta del impuesto sobre los ingresos. Su fallo, que dijo que no ser\u00eda implementado antes de completar el proceso de apelaci\u00f3n, tiene el potencial de tener un impacto dram\u00e1tico en la manera en que los grupos religiosos compensan a sus ministros. En los Estados Unidos, muchos han dependido durante mucho tiempo de este beneficio impositivo dentro del paquete de compensaciones que otorgan a sus ministros.<\/p>\n<p>Los directivos de la Iglesia Adventista en Norteam\u00e9rica afirmaron que la asignaci\u00f3n parroquial ayuda de manera significativa para que los pastores puedan vivir y cumplir su tarea en los grandes centros urbanos, donde vive la mayor\u00eda de la gente.<\/p>\n<p>\u00abDe no contar con este beneficio, el ministerio sufrir\u00eda un dr\u00e1stico impacto, en especial en el caso de los pastores que viven en estos grandes centros urbanos, donde el costo de vida es elevado\u00bb, dijo Ivan Williams, director de departamento Ministerial de la Iglesia Adventista en la Divisi\u00f3n Norteamericana.<\/p>\n<p>McFarland, el abogado de la denominaci\u00f3n, estim\u00f3 que el beneficio neto para los ministros adventistas se encuentra entre el 5 y 10 por ciento del paquete total de compensaciones.<\/p>\n<p>McFarland dijo que no cre\u00eda que la cuesti\u00f3n fuera a terminar con la decisi\u00f3n del Tribunal de Apelaciones.<\/p>\n<p>\u00abAnticipamos que este caso terminar\u00e1 potencialmente en la Corte Suprema de los Estados Unidos\u00bb, dijo. \u00abAmbas partes tienen mucho que perder y han invertido mucho en esto. Quienquiera sea el que pierda, querr\u00e1 que sea revisado en un nivel judicial superior\u00bb.<\/p>\n<p><em>Traducci\u00f3n de Marcos Paseggi<\/em><\/p>\n","protected":false},"excerpt":{"rendered":"<p>La Iglesia Adventista del S\u00e9ptimo D\u00eda se incorpor\u00f3 hoy a una presentaci\u00f3n legal \ufeffamicus curiae\ufeff ante un Tribunal Federal de Apelaciones de los Estados Unidos en desaf\u00edo a un fallo de noviembre pasado que dictamin\u00f3 que la \u00abexenci\u00f3n parroquial\u00bb es inconstitucional.<\/p>\n","protected":false},"author":1,"featured_media":0,"comment_status":"closed","ping_status":"closed","sticky":false,"template":"","format":"standard","meta":{"_acf_changed":false,"footnotes":""},"categories":[14],"tags":[],"class_list":["post-30477","post","type-post","status-publish","format-standard","hentry","category-de-la-iglesia-mundial"],"acf":[],"yoast_head":"<!-- This site is optimized with the Yoast SEO plugin v27.3 - https:\/\/yoast.com\/product\/yoast-seo-wordpress\/ -->\n<title>Iglesia Adventista se une a presentaci\u00f3n legal en apoyo a exenci\u00f3n impositiva por vivienda pastoral - Iglesia Adventista del S\u00e9ptimo D\u00eda - Divisi\u00f3n Interamericana<\/title>\n<meta name=\"robots\" content=\"index, follow, max-snippet:-1, max-image-preview:large, max-video-preview:-1\" \/>\n<link rel=\"canonical\" href=\"https:\/\/interamerica.org\/es\/2014\/04\/iglesia-adventista-se-une-a-presentacion-legal-en-apoyo-a-exencion-impositiva-por-vivienda-pastoral\/\" \/>\n<meta property=\"og:locale\" content=\"es_ES\" \/>\n<meta property=\"og:type\" content=\"article\" \/>\n<meta property=\"og:title\" content=\"Iglesia Adventista se une a presentaci\u00f3n legal en apoyo a exenci\u00f3n impositiva por vivienda pastoral - Iglesia Adventista del S\u00e9ptimo D\u00eda - Divisi\u00f3n Interamericana\" \/>\n<meta property=\"og:description\" content=\"La Iglesia Adventista del S\u00e9ptimo D\u00eda se incorpor\u00f3 hoy a una presentaci\u00f3n legal \ufeffamicus curiae\ufeff ante un Tribunal Federal de Apelaciones de los Estados Unidos en desaf\u00edo a un fallo de noviembre pasado que dictamin\u00f3 que la &quot;exenci\u00f3n parroquial&quot; es inconstitucional.\" \/>\n<meta property=\"og:url\" content=\"https:\/\/interamerica.org\/es\/2014\/04\/iglesia-adventista-se-une-a-presentacion-legal-en-apoyo-a-exencion-impositiva-por-vivienda-pastoral\/\" \/>\n<meta property=\"og:site_name\" content=\"Iglesia Adventista del S\u00e9ptimo D\u00eda - Divisi\u00f3n Interamericana\" \/>\n<meta property=\"article:published_time\" content=\"2014-04-10T04:00:00+00:00\" \/>\n<meta name=\"author\" content=\"Lorenzo Verduzco\" \/>\n<meta name=\"twitter:card\" content=\"summary_large_image\" \/>\n<meta name=\"twitter:label1\" content=\"Escrito por\" \/>\n\t<meta name=\"twitter:data1\" content=\"Lorenzo Verduzco\" \/>\n\t<meta name=\"twitter:label2\" content=\"Tiempo de lectura\" \/>\n\t<meta name=\"twitter:data2\" content=\"4 minutos\" \/>\n<script type=\"application\/ld+json\" class=\"yoast-schema-graph\">{\"@context\":\"https:\\\/\\\/schema.org\",\"@graph\":[{\"@type\":\"Article\",\"@id\":\"https:\\\/\\\/interamerica.org\\\/es\\\/2014\\\/04\\\/iglesia-adventista-se-une-a-presentacion-legal-en-apoyo-a-exencion-impositiva-por-vivienda-pastoral\\\/#article\",\"isPartOf\":{\"@id\":\"https:\\\/\\\/interamerica.org\\\/es\\\/2014\\\/04\\\/iglesia-adventista-se-une-a-presentacion-legal-en-apoyo-a-exencion-impositiva-por-vivienda-pastoral\\\/\"},\"author\":{\"name\":\"Lorenzo Verduzco\",\"@id\":\"https:\\\/\\\/interamerica.org\\\/es\\\/#\\\/schema\\\/person\\\/68ede8bdc292885bb76c1e3810e73c39\"},\"headline\":\"Iglesia Adventista se une a presentaci\u00f3n legal en apoyo a exenci\u00f3n impositiva por vivienda pastoral\",\"datePublished\":\"2014-04-10T04:00:00+00:00\",\"mainEntityOfPage\":{\"@id\":\"https:\\\/\\\/interamerica.org\\\/es\\\/2014\\\/04\\\/iglesia-adventista-se-une-a-presentacion-legal-en-apoyo-a-exencion-impositiva-por-vivienda-pastoral\\\/\"},\"wordCount\":801,\"articleSection\":[\"Desde la iglesia mundial\"],\"inLanguage\":\"es\"},{\"@type\":\"WebPage\",\"@id\":\"https:\\\/\\\/interamerica.org\\\/es\\\/2014\\\/04\\\/iglesia-adventista-se-une-a-presentacion-legal-en-apoyo-a-exencion-impositiva-por-vivienda-pastoral\\\/\",\"url\":\"https:\\\/\\\/interamerica.org\\\/es\\\/2014\\\/04\\\/iglesia-adventista-se-une-a-presentacion-legal-en-apoyo-a-exencion-impositiva-por-vivienda-pastoral\\\/\",\"name\":\"Iglesia Adventista se une a presentaci\u00f3n legal en apoyo a exenci\u00f3n impositiva por vivienda pastoral - Iglesia Adventista del S\u00e9ptimo D\u00eda - Divisi\u00f3n Interamericana\",\"isPartOf\":{\"@id\":\"https:\\\/\\\/interamerica.org\\\/es\\\/#website\"},\"datePublished\":\"2014-04-10T04:00:00+00:00\",\"author\":{\"@id\":\"https:\\\/\\\/interamerica.org\\\/es\\\/#\\\/schema\\\/person\\\/68ede8bdc292885bb76c1e3810e73c39\"},\"breadcrumb\":{\"@id\":\"https:\\\/\\\/interamerica.org\\\/es\\\/2014\\\/04\\\/iglesia-adventista-se-une-a-presentacion-legal-en-apoyo-a-exencion-impositiva-por-vivienda-pastoral\\\/#breadcrumb\"},\"inLanguage\":\"es\",\"potentialAction\":[{\"@type\":\"ReadAction\",\"target\":[\"https:\\\/\\\/interamerica.org\\\/es\\\/2014\\\/04\\\/iglesia-adventista-se-une-a-presentacion-legal-en-apoyo-a-exencion-impositiva-por-vivienda-pastoral\\\/\"]}]},{\"@type\":\"BreadcrumbList\",\"@id\":\"https:\\\/\\\/interamerica.org\\\/es\\\/2014\\\/04\\\/iglesia-adventista-se-une-a-presentacion-legal-en-apoyo-a-exencion-impositiva-por-vivienda-pastoral\\\/#breadcrumb\",\"itemListElement\":[{\"@type\":\"ListItem\",\"position\":1,\"name\":\"Home\",\"item\":\"https:\\\/\\\/interamerica.org\\\/es\\\/\"},{\"@type\":\"ListItem\",\"position\":2,\"name\":\"Iglesia Adventista se une a presentaci\u00f3n legal en apoyo a exenci\u00f3n impositiva por vivienda pastoral\"}]},{\"@type\":\"WebSite\",\"@id\":\"https:\\\/\\\/interamerica.org\\\/es\\\/#website\",\"url\":\"https:\\\/\\\/interamerica.org\\\/es\\\/\",\"name\":\"Iglesia Adventista del S\u00e9ptimo D\u00eda - Divisi\u00f3n Interamericana\",\"description\":\"\",\"potentialAction\":[{\"@type\":\"SearchAction\",\"target\":{\"@type\":\"EntryPoint\",\"urlTemplate\":\"https:\\\/\\\/interamerica.org\\\/es\\\/?s={search_term_string}\"},\"query-input\":{\"@type\":\"PropertyValueSpecification\",\"valueRequired\":true,\"valueName\":\"search_term_string\"}}],\"inLanguage\":\"es\"},{\"@type\":\"Person\",\"@id\":\"https:\\\/\\\/interamerica.org\\\/es\\\/#\\\/schema\\\/person\\\/68ede8bdc292885bb76c1e3810e73c39\",\"name\":\"Lorenzo Verduzco\",\"image\":{\"@type\":\"ImageObject\",\"inLanguage\":\"es\",\"@id\":\"https:\\\/\\\/secure.gravatar.com\\\/avatar\\\/fb81a55b6218459490a9c1dc841a34909185b81904c5337b4b27f7a6fd60c49e?s=96&d=mm&r=g\",\"url\":\"https:\\\/\\\/secure.gravatar.com\\\/avatar\\\/fb81a55b6218459490a9c1dc841a34909185b81904c5337b4b27f7a6fd60c49e?s=96&d=mm&r=g\",\"contentUrl\":\"https:\\\/\\\/secure.gravatar.com\\\/avatar\\\/fb81a55b6218459490a9c1dc841a34909185b81904c5337b4b27f7a6fd60c49e?s=96&d=mm&r=g\",\"caption\":\"Lorenzo Verduzco\"}}]}<\/script>\n<!-- \/ Yoast SEO plugin. -->","yoast_head_json":{"title":"Iglesia Adventista se une a presentaci\u00f3n legal en apoyo a exenci\u00f3n impositiva por vivienda pastoral - Iglesia Adventista del S\u00e9ptimo D\u00eda - Divisi\u00f3n Interamericana","robots":{"index":"index","follow":"follow","max-snippet":"max-snippet:-1","max-image-preview":"max-image-preview:large","max-video-preview":"max-video-preview:-1"},"canonical":"https:\/\/interamerica.org\/es\/2014\/04\/iglesia-adventista-se-une-a-presentacion-legal-en-apoyo-a-exencion-impositiva-por-vivienda-pastoral\/","og_locale":"es_ES","og_type":"article","og_title":"Iglesia Adventista se une a presentaci\u00f3n legal en apoyo a exenci\u00f3n impositiva por vivienda pastoral - Iglesia Adventista del S\u00e9ptimo D\u00eda - Divisi\u00f3n Interamericana","og_description":"La Iglesia Adventista del S\u00e9ptimo D\u00eda se incorpor\u00f3 hoy a una presentaci\u00f3n legal \ufeffamicus curiae\ufeff ante un Tribunal Federal de Apelaciones de los Estados Unidos en desaf\u00edo a un fallo de noviembre pasado que dictamin\u00f3 que la \"exenci\u00f3n parroquial\" es inconstitucional.","og_url":"https:\/\/interamerica.org\/es\/2014\/04\/iglesia-adventista-se-une-a-presentacion-legal-en-apoyo-a-exencion-impositiva-por-vivienda-pastoral\/","og_site_name":"Iglesia Adventista del S\u00e9ptimo D\u00eda - Divisi\u00f3n Interamericana","article_published_time":"2014-04-10T04:00:00+00:00","author":"Lorenzo Verduzco","twitter_card":"summary_large_image","twitter_misc":{"Escrito por":"Lorenzo Verduzco","Tiempo de lectura":"4 minutos"},"schema":{"@context":"https:\/\/schema.org","@graph":[{"@type":"Article","@id":"https:\/\/interamerica.org\/es\/2014\/04\/iglesia-adventista-se-une-a-presentacion-legal-en-apoyo-a-exencion-impositiva-por-vivienda-pastoral\/#article","isPartOf":{"@id":"https:\/\/interamerica.org\/es\/2014\/04\/iglesia-adventista-se-une-a-presentacion-legal-en-apoyo-a-exencion-impositiva-por-vivienda-pastoral\/"},"author":{"name":"Lorenzo Verduzco","@id":"https:\/\/interamerica.org\/es\/#\/schema\/person\/68ede8bdc292885bb76c1e3810e73c39"},"headline":"Iglesia Adventista se une a presentaci\u00f3n legal en apoyo a exenci\u00f3n impositiva por vivienda pastoral","datePublished":"2014-04-10T04:00:00+00:00","mainEntityOfPage":{"@id":"https:\/\/interamerica.org\/es\/2014\/04\/iglesia-adventista-se-une-a-presentacion-legal-en-apoyo-a-exencion-impositiva-por-vivienda-pastoral\/"},"wordCount":801,"articleSection":["Desde la iglesia mundial"],"inLanguage":"es"},{"@type":"WebPage","@id":"https:\/\/interamerica.org\/es\/2014\/04\/iglesia-adventista-se-une-a-presentacion-legal-en-apoyo-a-exencion-impositiva-por-vivienda-pastoral\/","url":"https:\/\/interamerica.org\/es\/2014\/04\/iglesia-adventista-se-une-a-presentacion-legal-en-apoyo-a-exencion-impositiva-por-vivienda-pastoral\/","name":"Iglesia Adventista se une a presentaci\u00f3n legal en apoyo a exenci\u00f3n impositiva por vivienda pastoral - Iglesia Adventista del S\u00e9ptimo D\u00eda - Divisi\u00f3n Interamericana","isPartOf":{"@id":"https:\/\/interamerica.org\/es\/#website"},"datePublished":"2014-04-10T04:00:00+00:00","author":{"@id":"https:\/\/interamerica.org\/es\/#\/schema\/person\/68ede8bdc292885bb76c1e3810e73c39"},"breadcrumb":{"@id":"https:\/\/interamerica.org\/es\/2014\/04\/iglesia-adventista-se-une-a-presentacion-legal-en-apoyo-a-exencion-impositiva-por-vivienda-pastoral\/#breadcrumb"},"inLanguage":"es","potentialAction":[{"@type":"ReadAction","target":["https:\/\/interamerica.org\/es\/2014\/04\/iglesia-adventista-se-une-a-presentacion-legal-en-apoyo-a-exencion-impositiva-por-vivienda-pastoral\/"]}]},{"@type":"BreadcrumbList","@id":"https:\/\/interamerica.org\/es\/2014\/04\/iglesia-adventista-se-une-a-presentacion-legal-en-apoyo-a-exencion-impositiva-por-vivienda-pastoral\/#breadcrumb","itemListElement":[{"@type":"ListItem","position":1,"name":"Home","item":"https:\/\/interamerica.org\/es\/"},{"@type":"ListItem","position":2,"name":"Iglesia Adventista se une a presentaci\u00f3n legal en apoyo a exenci\u00f3n impositiva por vivienda pastoral"}]},{"@type":"WebSite","@id":"https:\/\/interamerica.org\/es\/#website","url":"https:\/\/interamerica.org\/es\/","name":"Iglesia Adventista del S\u00e9ptimo D\u00eda - Divisi\u00f3n Interamericana","description":"","potentialAction":[{"@type":"SearchAction","target":{"@type":"EntryPoint","urlTemplate":"https:\/\/interamerica.org\/es\/?s={search_term_string}"},"query-input":{"@type":"PropertyValueSpecification","valueRequired":true,"valueName":"search_term_string"}}],"inLanguage":"es"},{"@type":"Person","@id":"https:\/\/interamerica.org\/es\/#\/schema\/person\/68ede8bdc292885bb76c1e3810e73c39","name":"Lorenzo Verduzco","image":{"@type":"ImageObject","inLanguage":"es","@id":"https:\/\/secure.gravatar.com\/avatar\/fb81a55b6218459490a9c1dc841a34909185b81904c5337b4b27f7a6fd60c49e?s=96&d=mm&r=g","url":"https:\/\/secure.gravatar.com\/avatar\/fb81a55b6218459490a9c1dc841a34909185b81904c5337b4b27f7a6fd60c49e?s=96&d=mm&r=g","contentUrl":"https:\/\/secure.gravatar.com\/avatar\/fb81a55b6218459490a9c1dc841a34909185b81904c5337b4b27f7a6fd60c49e?s=96&d=mm&r=g","caption":"Lorenzo Verduzco"}}]}},"_links":{"self":[{"href":"https:\/\/interamerica.org\/es\/wp-json\/wp\/v2\/posts\/30477","targetHints":{"allow":["GET"]}}],"collection":[{"href":"https:\/\/interamerica.org\/es\/wp-json\/wp\/v2\/posts"}],"about":[{"href":"https:\/\/interamerica.org\/es\/wp-json\/wp\/v2\/types\/post"}],"author":[{"embeddable":true,"href":"https:\/\/interamerica.org\/es\/wp-json\/wp\/v2\/users\/1"}],"replies":[{"embeddable":true,"href":"https:\/\/interamerica.org\/es\/wp-json\/wp\/v2\/comments?post=30477"}],"version-history":[{"count":0,"href":"https:\/\/interamerica.org\/es\/wp-json\/wp\/v2\/posts\/30477\/revisions"}],"wp:attachment":[{"href":"https:\/\/interamerica.org\/es\/wp-json\/wp\/v2\/media?parent=30477"}],"wp:term":[{"taxonomy":"category","embeddable":true,"href":"https:\/\/interamerica.org\/es\/wp-json\/wp\/v2\/categories?post=30477"},{"taxonomy":"post_tag","embeddable":true,"href":"https:\/\/interamerica.org\/es\/wp-json\/wp\/v2\/tags?post=30477"}],"curies":[{"name":"wp","href":"https:\/\/api.w.org\/{rel}","templated":true}]}}