{"id":30478,"date":"2014-04-10T00:00:00","date_gmt":"2014-04-10T04:00:00","guid":{"rendered":"http:\/\/192.81.217.108\/interamerica\/2014\/04\/en-concilio-de-evangelismo-y-testificacion-se-destacan-proyectos-misioneros-creativos\/"},"modified":"2014-04-10T00:00:00","modified_gmt":"2014-04-10T04:00:00","slug":"en-concilio-de-evangelismo-y-testificacion-se-destacan-proyectos-misioneros-creativos","status":"publish","type":"post","link":"https:\/\/interamerica.org\/es\/2014\/04\/en-concilio-de-evangelismo-y-testificacion-se-destacan-proyectos-misioneros-creativos\/","title":{"rendered":"En Concilio de Evangelismo y Testificaci\u00f3n, se destacan proyectos misioneros creativos"},"content":{"rendered":"<p>9 de abril de 2014 &#8211; Silver Spring, Maryland, Estados Unidos&#8230;Elizabeth Lechleitner\/ANN<\/p>\n<p>Los principales l\u00edderes regionales de la Iglesia Adventista mundial escucharon en el d\u00eda de ayer actualizaciones sobre el evangelismo urbano y ejemplos de proyectos misioneros creativos durante el informe del Concilio de Evangelismo y Testificaci\u00f3n durante el Concilio de Primavera.<\/p>\n<div id=\"attachment_11305\" style=\"width: 310px\" class=\"wp-caption alignright\"><a href=\"\/interamerica\/wp-content\/uploads\/2017\/06\/csm_cew-web_d16571fed2.jpg\" rel=\"fancybox\" title=\"En Concilio de Evangelismo y Testificaci\u00f3n, se destacan proyectos misioneros creativos\"><img fetchpriority=\"high\" decoding=\"async\" aria-describedby=\"caption-attachment-11305\" class=\"size-medium wp-image-11305\" src=\"\/interamerica\/wp-content\/uploads\/2017\/06\/csm_cew-web_d16571fed2-300x199.jpg\" alt=\"\" width=\"300\" height=\"199\" \/><\/a><p id=\"caption-attachment-11305\" class=\"wp-caption-text\">El doctor Peter Landless (izquierda), director de Ministerios de Salud de la Iglesia Adventista mundial, y Mark Finley, asistente del presidente, presentan el libro oficial de la Iglesia Adventista para compartir en 2015, que se titula: \u00abSalud y bienestar: Secretos que transformar\u00e1n su vida\u00bb. Los editores hicieron el anuncio durante el informe del Concilio de Evangelismo y Testificaci\u00f3n ante el encuentro del Concilio de Primavera el pasado 8 de abril. Imagen de Ansel Oliver.<\/p><\/div>\n<p>Durante una presentaci\u00f3n a cargo de Mike Ryan, uno de los vicepresidentes generales de la Iglesia Adventista mundial, y David Trim, director de la Secretar\u00eda de Archivos, Estad\u00edsticas e Investigaciones de la iglesia, varios presidentes de divisi\u00f3n ofrecieron actualizaciones sobre la iniciativa \u00abMisi\u00f3n a las ciudades\u00bb.<\/p>\n<p>Trim destac\u00f3 que en el mundo hay un adventista por cada 396 habitantes. Ese \u00edndice, dijo, asciende a un adventista por cada 547 habitantes en las regiones urbanas. En algunas ciudades de un mill\u00f3n o m\u00e1s de personas la situaci\u00f3n es mucho peor, mientras que Lusaka, Zambia, es todo lo opuesto, con el mejor \u00edndice miembro-habitante de cualquier otra ciudad del mundo: hay all\u00ed un adventista por cada 19 habitantes.<\/p>\n<p>Paul Ratsara, presidente de la Iglesia Adventista en la Divisi\u00f3n de \u00c1frica Meridional y Oc\u00e9ano \u00cdndico, que abarca tambi\u00e9n a Zambia, dijo que los grupos peque\u00f1os son la clave del evangelismo en la regi\u00f3n. \u00abSi no llegamos a las bases, no hacemos m\u00e1s que dialogar con nosotros mismos\u00bb, dijo.<\/p>\n<p>La Divisi\u00f3n Sudamericana, bajo el liderazgo de Erton Kohler, est\u00e1 tomando un enfoque similar. El objetivo de la regi\u00f3n es establecer una iglesia adventista en cada uno de los siete mil barrios de las principales ciudades. En el presente, hay dos mil iglesias adventistas establecidas en esos barrios.<\/p>\n<p>En Europa, la Iglesia Adventista se est\u00e1 enfocando en Ginebra,Suiza. Aunque la ciudad no tiene millones de habitantes, tiene mucha influencia ante los ojos de la comunidad internacional, dijo Bruno Vertallier, presidente de la Iglesia Adventista en la Divisi\u00f3n Intereuropea. Un equipo de j\u00f3venes adventistas est\u00e1 trabajando en Ginebra, en lo que Vertallier dijo que espera llegue a ser un modelo misionero para la regi\u00f3n. El grupo ya ha establecido una iglesia a la que asisten sesenta nuevos creyentes y exadventistas.<\/p>\n<p>Ryan llev\u00f3 muchas de las presentaciones hacia el tema de la planificaci\u00f3n y la rendici\u00f3n de cuentas. La Iglesia Adventista mundial, dijo, prometi\u00f3 llevar a cabo un plan de evangelismo en cada ciudad que tenga una poblaci\u00f3n superior al mill\u00f3n, y los resultados son obligatorios. \u00abQueremos rastrear el progreso en forma intencional\u00bb, dijo.<\/p>\n<p>Blasious Ruguri, presidente de la Iglesia Adventista en la Divisi\u00f3n de \u00c1frica Centro-Oriental, cont\u00f3 la historia de un pastor adventista de la regi\u00f3n que fue golpeado por su fe y hospitalizado. La primera medida del pastor despu\u00e9s de su recuperaci\u00f3n, dijo Ruguri, fue visitar al hombre responsable del ataque y perdonarlo. El hombre, que era un ministro de otra religi\u00f3n, qued\u00f3 tan impresionado por el esp\u00edritu de reconciliaci\u00f3n del pastor que acept\u00f3 su invitaci\u00f3n de estudiar la Biblia. Tiempo despu\u00e9s, el hombre acept\u00f3 la fe adventista, y ahora est\u00e1 al frente de un ministerio interreligioso en Nairobi, Kenia, dijo Ruguri.<\/p>\n<p>En Corea del Sur, un n\u00famero creciente de iglesias adventistas est\u00e1n lanzando restaurantes vegetarianos en las cercan\u00edas, que constituyen el marco ideal para estimular conversaciones sobre la salud, el bienestar y, en \u00faltimo t\u00e9rmino, la plenitud espiritual, dijo Jairong Lee, presidente de la Iglesia Adventista en la regi\u00f3n de Asia Pac\u00edfico Norte.<\/p>\n<p>En otros lugares de la regi\u00f3n, dijo Lee, una naciente cadena de pizzer\u00edas tambi\u00e9n est\u00e1 siendo usada como lugar de encuentro para los creyentes adventistas. \u00abDurante la semana, esta es una pizzer\u00eda, pero el s\u00e1bado, es una iglesia\u00bb, dijo, mostrando una imagen de uno de esos locales. Las pizzer\u00edas emplean a j\u00f3venes adventistas y sirven como centros de influencia. En una de ellas, cada s\u00e1bado se re\u00fanen al menos cincuenta personas.<\/p>\n<p>Dan Jackson, presidente de la Iglesia Adventista en la Divisi\u00f3n Norteamericana, ofreci\u00f3 una nueva perspectiva sobre la Ventana 10\/40, una rgi\u00f3n que abarca el Norte de \u00c1frica, Oriente Medio y Asia, donde menos del dos por ciento de la poblaci\u00f3n es cristiana. \u00ab[La Ventana 10\/40] se acaba de mudar a la casa de al lado\u00bb, dijo Jackson al referirse al influjo masivo de inmigrantes y refugiados en algunas ciudades estadounidenses. La ciudad de San Diego, en el sur del estado de California, alberga ahora a noventa mil refugiados, y es considerada la capital mundial de los refugiados, dijo Jackson. All\u00ed, la iglesia adventista Paradise Valley tienen miembros de 51 nacionalidades. Aunque los cultos son llevados a cabo en ingl\u00e9s, se ofrecen traducciones simult\u00e1neas con aud\u00edfonos de los sermones y el estudio de la Escuela Sab\u00e1tica en \u00e1rabe, laosiano, tagalo, nepal\u00e9s, suajili, franc\u00e9s y espa\u00f1ol. El ministerio de refugiados de la iglesia tambi\u00e9n sirve alimentos cada semana a unas quinientas personas, tanto en la iglesia como por medio de un servicio de distribuci\u00f3n que es dirigido por un exsacerdote budista que acept\u00f3 el adventismo. Un autob\u00fas de la iglesia se detiene en paradas de las comunidades locales de refugiados para transportar a los residentes que quieren asistir a la iglesia pero no cuentan con m\u00e9todos de transporte.<\/p>\n<p>Will James, pastor principal de la iglesia, dijo que los refugiados suelen luchar con sentimientos de aislamiento y soledad. \u00abNuestra iglesia ha llevado a ser la comunidad sol\u00edcita que ellos tanto anhelan\u00bb, dijo.<\/p>\n<p>Los delegados al Concilio de Primavera tambi\u00e9n observaron los avances de un filme que dramatiza la vida del te\u00f3logo evang\u00e9lico Edward Fudge y desacredita concepciones err\u00f3neas respecto del car\u00e1cter de Dios y el destino eterno de los incr\u00e9dulos.<\/p>\n<p>Los principales administradores de la iglesia apoyaron el filme \u00abEl infierno y el Sr. Fudge\u00bb (LLT Productions) y solicitaron a los l\u00edderes regionales de la iglesia que distribuyan DVD de esa producci\u00f3n, adem\u00e1s de organizar proyecciones patrocinadas por la iglesia en lugares p\u00fablicos y compartir copias con familiares y amigos.<\/p>\n<p>\u00abEsta es una poderosa herramienta de evangelizaci\u00f3n\u00bb, dijo Mark Finley, asistente especial de evangelismo del presidente de la Iglesia Adventista mundial, el pastor Ted N. C. Wilson.<\/p>\n<p>Otro recursomisionero que esperan usar los l\u00edderes de la iglesia, en especial en 2015, es un libro sobre el ministerio abarcador de salud, editado por Finley y el doctor Peter Landless, director del departamento de Ministerios de Salud de la Iglesia Adventista mundial. \u00abLa salud y el bienestar: Secretos que transformar\u00e1n su vida\u00bb (publicado en ingl\u00e9s por la Review &amp; Herald Publishing Association) ofrece simples maneras de evitar las enfermedades cr\u00f3nicas como el c\u00e1ncer y la diabetes.<\/p>\n<p>A pesar de ello, \u00abno alcanza con tener recursos sin contar con el gran Recurso\u00bb, dijo Landless al referirse al componente espiritual de la plenitud. Con cap\u00edtulos dedicados a temas tales como el perd\u00f3n, las relaciones humanas y la salud mental, el libro cubre el espectro de una vida plena.<\/p>\n<p>Wilson concluy\u00f3 hoy el Concilio de Evangelismo y Testificaci\u00f3n con un llamado a emprender actividades misioneras que puedan expresarse m\u00e1s all\u00e1 de los m\u00e1rgenes de los planes y las presentaciones de Power Point. \u00abQuiero animarlos a todos ustedes para que no solo hablen de evangelismo, sino que tambi\u00e9n participen en \u00e9l\u00bb, dijo Wilson. \u00abSean l\u00edderes visibles del evangelismo en sus iglesias y comunidades\u00bb.<\/p>\n<p><em>Traducci\u00f3n de Marcos Paseggi<\/em><\/p>\n","protected":false},"excerpt":{"rendered":"<p>Los principales l\u00edderes regionales de la Iglesia Adventista mundial escucharon en el d\u00eda de ayer actualizaciones sobre el evangelismo urbano y ejemplos de proyectos misioneros creativos durante el informe del Concilio de Evangelismo y Testificaci\u00f3n durante el Concilio de Primavera.<\/p>\n","protected":false},"author":1,"featured_media":22913,"comment_status":"closed","ping_status":"closed","sticky":false,"template":"","format":"standard","meta":{"_acf_changed":false,"footnotes":""},"categories":[14],"tags":[],"class_list":["post-30478","post","type-post","status-publish","format-standard","has-post-thumbnail","hentry","category-de-la-iglesia-mundial"],"acf":[],"yoast_head":"<!-- This site is optimized with the Yoast SEO plugin v27.3 - https:\/\/yoast.com\/product\/yoast-seo-wordpress\/ -->\n<title>En Concilio de Evangelismo y Testificaci\u00f3n, se destacan proyectos misioneros creativos - Iglesia Adventista del S\u00e9ptimo D\u00eda - Divisi\u00f3n Interamericana<\/title>\n<meta name=\"robots\" content=\"index, follow, max-snippet:-1, max-image-preview:large, max-video-preview:-1\" \/>\n<link rel=\"canonical\" href=\"https:\/\/interamerica.org\/es\/2014\/04\/en-concilio-de-evangelismo-y-testificacion-se-destacan-proyectos-misioneros-creativos\/\" \/>\n<meta property=\"og:locale\" content=\"es_ES\" \/>\n<meta property=\"og:type\" content=\"article\" \/>\n<meta property=\"og:title\" content=\"En Concilio de Evangelismo y Testificaci\u00f3n, se destacan proyectos misioneros creativos - Iglesia Adventista del S\u00e9ptimo D\u00eda - Divisi\u00f3n Interamericana\" \/>\n<meta property=\"og:description\" content=\"Los principales l\u00edderes regionales de la Iglesia Adventista mundial escucharon en el d\u00eda de ayer actualizaciones sobre el evangelismo urbano y ejemplos de proyectos misioneros creativos durante el informe del Concilio de Evangelismo y Testificaci\u00f3n durante el Concilio de Primavera.\" \/>\n<meta property=\"og:url\" content=\"https:\/\/interamerica.org\/es\/2014\/04\/en-concilio-de-evangelismo-y-testificacion-se-destacan-proyectos-misioneros-creativos\/\" \/>\n<meta property=\"og:site_name\" content=\"Iglesia Adventista del S\u00e9ptimo D\u00eda - Divisi\u00f3n Interamericana\" \/>\n<meta property=\"article:published_time\" content=\"2014-04-10T04:00:00+00:00\" \/>\n<meta property=\"og:image\" content=\"https:\/\/interamerica.org\/wp-content\/uploads\/2017\/06\/csm_cew-web_d16571fed2.jpg\" \/>\n\t<meta property=\"og:image:width\" content=\"400\" \/>\n\t<meta property=\"og:image:height\" content=\"266\" \/>\n\t<meta property=\"og:image:type\" content=\"image\/jpeg\" \/>\n<meta name=\"author\" content=\"Lorenzo Verduzco\" \/>\n<meta name=\"twitter:card\" content=\"summary_large_image\" \/>\n<meta name=\"twitter:label1\" content=\"Escrito por\" \/>\n\t<meta name=\"twitter:data1\" content=\"Lorenzo Verduzco\" \/>\n\t<meta name=\"twitter:label2\" content=\"Tiempo de lectura\" \/>\n\t<meta name=\"twitter:data2\" content=\"7 minutos\" \/>\n<script type=\"application\/ld+json\" class=\"yoast-schema-graph\">{\"@context\":\"https:\\\/\\\/schema.org\",\"@graph\":[{\"@type\":\"Article\",\"@id\":\"https:\\\/\\\/interamerica.org\\\/es\\\/2014\\\/04\\\/en-concilio-de-evangelismo-y-testificacion-se-destacan-proyectos-misioneros-creativos\\\/#article\",\"isPartOf\":{\"@id\":\"https:\\\/\\\/interamerica.org\\\/es\\\/2014\\\/04\\\/en-concilio-de-evangelismo-y-testificacion-se-destacan-proyectos-misioneros-creativos\\\/\"},\"author\":{\"name\":\"Lorenzo Verduzco\",\"@id\":\"https:\\\/\\\/interamerica.org\\\/es\\\/#\\\/schema\\\/person\\\/68ede8bdc292885bb76c1e3810e73c39\"},\"headline\":\"En Concilio de Evangelismo y Testificaci\u00f3n, se destacan proyectos misioneros creativos\",\"datePublished\":\"2014-04-10T04:00:00+00:00\",\"mainEntityOfPage\":{\"@id\":\"https:\\\/\\\/interamerica.org\\\/es\\\/2014\\\/04\\\/en-concilio-de-evangelismo-y-testificacion-se-destacan-proyectos-misioneros-creativos\\\/\"},\"wordCount\":1356,\"image\":{\"@id\":\"https:\\\/\\\/interamerica.org\\\/es\\\/2014\\\/04\\\/en-concilio-de-evangelismo-y-testificacion-se-destacan-proyectos-misioneros-creativos\\\/#primaryimage\"},\"thumbnailUrl\":\"https:\\\/\\\/interamerica.org\\\/wp-content\\\/uploads\\\/2017\\\/06\\\/csm_cew-web_d16571fed2.jpg\",\"articleSection\":[\"Desde la iglesia mundial\"],\"inLanguage\":\"es\"},{\"@type\":\"WebPage\",\"@id\":\"https:\\\/\\\/interamerica.org\\\/es\\\/2014\\\/04\\\/en-concilio-de-evangelismo-y-testificacion-se-destacan-proyectos-misioneros-creativos\\\/\",\"url\":\"https:\\\/\\\/interamerica.org\\\/es\\\/2014\\\/04\\\/en-concilio-de-evangelismo-y-testificacion-se-destacan-proyectos-misioneros-creativos\\\/\",\"name\":\"En Concilio de Evangelismo y Testificaci\u00f3n, se destacan proyectos misioneros creativos - Iglesia Adventista del S\u00e9ptimo D\u00eda - Divisi\u00f3n Interamericana\",\"isPartOf\":{\"@id\":\"https:\\\/\\\/interamerica.org\\\/es\\\/#website\"},\"primaryImageOfPage\":{\"@id\":\"https:\\\/\\\/interamerica.org\\\/es\\\/2014\\\/04\\\/en-concilio-de-evangelismo-y-testificacion-se-destacan-proyectos-misioneros-creativos\\\/#primaryimage\"},\"image\":{\"@id\":\"https:\\\/\\\/interamerica.org\\\/es\\\/2014\\\/04\\\/en-concilio-de-evangelismo-y-testificacion-se-destacan-proyectos-misioneros-creativos\\\/#primaryimage\"},\"thumbnailUrl\":\"https:\\\/\\\/interamerica.org\\\/wp-content\\\/uploads\\\/2017\\\/06\\\/csm_cew-web_d16571fed2.jpg\",\"datePublished\":\"2014-04-10T04:00:00+00:00\",\"author\":{\"@id\":\"https:\\\/\\\/interamerica.org\\\/es\\\/#\\\/schema\\\/person\\\/68ede8bdc292885bb76c1e3810e73c39\"},\"breadcrumb\":{\"@id\":\"https:\\\/\\\/interamerica.org\\\/es\\\/2014\\\/04\\\/en-concilio-de-evangelismo-y-testificacion-se-destacan-proyectos-misioneros-creativos\\\/#breadcrumb\"},\"inLanguage\":\"es\",\"potentialAction\":[{\"@type\":\"ReadAction\",\"target\":[\"https:\\\/\\\/interamerica.org\\\/es\\\/2014\\\/04\\\/en-concilio-de-evangelismo-y-testificacion-se-destacan-proyectos-misioneros-creativos\\\/\"]}]},{\"@type\":\"ImageObject\",\"inLanguage\":\"es\",\"@id\":\"https:\\\/\\\/interamerica.org\\\/es\\\/2014\\\/04\\\/en-concilio-de-evangelismo-y-testificacion-se-destacan-proyectos-misioneros-creativos\\\/#primaryimage\",\"url\":\"https:\\\/\\\/interamerica.org\\\/wp-content\\\/uploads\\\/2017\\\/06\\\/csm_cew-web_d16571fed2.jpg\",\"contentUrl\":\"https:\\\/\\\/interamerica.org\\\/wp-content\\\/uploads\\\/2017\\\/06\\\/csm_cew-web_d16571fed2.jpg\",\"width\":400,\"height\":266},{\"@type\":\"BreadcrumbList\",\"@id\":\"https:\\\/\\\/interamerica.org\\\/es\\\/2014\\\/04\\\/en-concilio-de-evangelismo-y-testificacion-se-destacan-proyectos-misioneros-creativos\\\/#breadcrumb\",\"itemListElement\":[{\"@type\":\"ListItem\",\"position\":1,\"name\":\"Home\",\"item\":\"https:\\\/\\\/interamerica.org\\\/es\\\/\"},{\"@type\":\"ListItem\",\"position\":2,\"name\":\"En Concilio de Evangelismo y Testificaci\u00f3n, se destacan proyectos misioneros creativos\"}]},{\"@type\":\"WebSite\",\"@id\":\"https:\\\/\\\/interamerica.org\\\/es\\\/#website\",\"url\":\"https:\\\/\\\/interamerica.org\\\/es\\\/\",\"name\":\"Iglesia Adventista del S\u00e9ptimo D\u00eda - Divisi\u00f3n Interamericana\",\"description\":\"\",\"potentialAction\":[{\"@type\":\"SearchAction\",\"target\":{\"@type\":\"EntryPoint\",\"urlTemplate\":\"https:\\\/\\\/interamerica.org\\\/es\\\/?s={search_term_string}\"},\"query-input\":{\"@type\":\"PropertyValueSpecification\",\"valueRequired\":true,\"valueName\":\"search_term_string\"}}],\"inLanguage\":\"es\"},{\"@type\":\"Person\",\"@id\":\"https:\\\/\\\/interamerica.org\\\/es\\\/#\\\/schema\\\/person\\\/68ede8bdc292885bb76c1e3810e73c39\",\"name\":\"Lorenzo Verduzco\",\"image\":{\"@type\":\"ImageObject\",\"inLanguage\":\"es\",\"@id\":\"https:\\\/\\\/secure.gravatar.com\\\/avatar\\\/fb81a55b6218459490a9c1dc841a34909185b81904c5337b4b27f7a6fd60c49e?s=96&d=mm&r=g\",\"url\":\"https:\\\/\\\/secure.gravatar.com\\\/avatar\\\/fb81a55b6218459490a9c1dc841a34909185b81904c5337b4b27f7a6fd60c49e?s=96&d=mm&r=g\",\"contentUrl\":\"https:\\\/\\\/secure.gravatar.com\\\/avatar\\\/fb81a55b6218459490a9c1dc841a34909185b81904c5337b4b27f7a6fd60c49e?s=96&d=mm&r=g\",\"caption\":\"Lorenzo Verduzco\"}}]}<\/script>\n<!-- \/ Yoast SEO plugin. -->","yoast_head_json":{"title":"En Concilio de Evangelismo y Testificaci\u00f3n, se destacan proyectos misioneros creativos - Iglesia Adventista del S\u00e9ptimo D\u00eda - Divisi\u00f3n Interamericana","robots":{"index":"index","follow":"follow","max-snippet":"max-snippet:-1","max-image-preview":"max-image-preview:large","max-video-preview":"max-video-preview:-1"},"canonical":"https:\/\/interamerica.org\/es\/2014\/04\/en-concilio-de-evangelismo-y-testificacion-se-destacan-proyectos-misioneros-creativos\/","og_locale":"es_ES","og_type":"article","og_title":"En Concilio de Evangelismo y Testificaci\u00f3n, se destacan proyectos misioneros creativos - Iglesia Adventista del S\u00e9ptimo D\u00eda - Divisi\u00f3n Interamericana","og_description":"Los principales l\u00edderes regionales de la Iglesia Adventista mundial escucharon en el d\u00eda de ayer actualizaciones sobre el evangelismo urbano y ejemplos de proyectos misioneros creativos durante el informe del Concilio de Evangelismo y Testificaci\u00f3n durante el Concilio de Primavera.","og_url":"https:\/\/interamerica.org\/es\/2014\/04\/en-concilio-de-evangelismo-y-testificacion-se-destacan-proyectos-misioneros-creativos\/","og_site_name":"Iglesia Adventista del S\u00e9ptimo D\u00eda - Divisi\u00f3n Interamericana","article_published_time":"2014-04-10T04:00:00+00:00","og_image":[{"width":400,"height":266,"url":"https:\/\/interamerica.org\/wp-content\/uploads\/2017\/06\/csm_cew-web_d16571fed2.jpg","type":"image\/jpeg"}],"author":"Lorenzo Verduzco","twitter_card":"summary_large_image","twitter_misc":{"Escrito por":"Lorenzo Verduzco","Tiempo de lectura":"7 minutos"},"schema":{"@context":"https:\/\/schema.org","@graph":[{"@type":"Article","@id":"https:\/\/interamerica.org\/es\/2014\/04\/en-concilio-de-evangelismo-y-testificacion-se-destacan-proyectos-misioneros-creativos\/#article","isPartOf":{"@id":"https:\/\/interamerica.org\/es\/2014\/04\/en-concilio-de-evangelismo-y-testificacion-se-destacan-proyectos-misioneros-creativos\/"},"author":{"name":"Lorenzo Verduzco","@id":"https:\/\/interamerica.org\/es\/#\/schema\/person\/68ede8bdc292885bb76c1e3810e73c39"},"headline":"En Concilio de Evangelismo y Testificaci\u00f3n, se destacan proyectos misioneros creativos","datePublished":"2014-04-10T04:00:00+00:00","mainEntityOfPage":{"@id":"https:\/\/interamerica.org\/es\/2014\/04\/en-concilio-de-evangelismo-y-testificacion-se-destacan-proyectos-misioneros-creativos\/"},"wordCount":1356,"image":{"@id":"https:\/\/interamerica.org\/es\/2014\/04\/en-concilio-de-evangelismo-y-testificacion-se-destacan-proyectos-misioneros-creativos\/#primaryimage"},"thumbnailUrl":"https:\/\/interamerica.org\/wp-content\/uploads\/2017\/06\/csm_cew-web_d16571fed2.jpg","articleSection":["Desde la iglesia mundial"],"inLanguage":"es"},{"@type":"WebPage","@id":"https:\/\/interamerica.org\/es\/2014\/04\/en-concilio-de-evangelismo-y-testificacion-se-destacan-proyectos-misioneros-creativos\/","url":"https:\/\/interamerica.org\/es\/2014\/04\/en-concilio-de-evangelismo-y-testificacion-se-destacan-proyectos-misioneros-creativos\/","name":"En Concilio de Evangelismo y Testificaci\u00f3n, se destacan proyectos misioneros creativos - Iglesia Adventista del S\u00e9ptimo D\u00eda - Divisi\u00f3n Interamericana","isPartOf":{"@id":"https:\/\/interamerica.org\/es\/#website"},"primaryImageOfPage":{"@id":"https:\/\/interamerica.org\/es\/2014\/04\/en-concilio-de-evangelismo-y-testificacion-se-destacan-proyectos-misioneros-creativos\/#primaryimage"},"image":{"@id":"https:\/\/interamerica.org\/es\/2014\/04\/en-concilio-de-evangelismo-y-testificacion-se-destacan-proyectos-misioneros-creativos\/#primaryimage"},"thumbnailUrl":"https:\/\/interamerica.org\/wp-content\/uploads\/2017\/06\/csm_cew-web_d16571fed2.jpg","datePublished":"2014-04-10T04:00:00+00:00","author":{"@id":"https:\/\/interamerica.org\/es\/#\/schema\/person\/68ede8bdc292885bb76c1e3810e73c39"},"breadcrumb":{"@id":"https:\/\/interamerica.org\/es\/2014\/04\/en-concilio-de-evangelismo-y-testificacion-se-destacan-proyectos-misioneros-creativos\/#breadcrumb"},"inLanguage":"es","potentialAction":[{"@type":"ReadAction","target":["https:\/\/interamerica.org\/es\/2014\/04\/en-concilio-de-evangelismo-y-testificacion-se-destacan-proyectos-misioneros-creativos\/"]}]},{"@type":"ImageObject","inLanguage":"es","@id":"https:\/\/interamerica.org\/es\/2014\/04\/en-concilio-de-evangelismo-y-testificacion-se-destacan-proyectos-misioneros-creativos\/#primaryimage","url":"https:\/\/interamerica.org\/wp-content\/uploads\/2017\/06\/csm_cew-web_d16571fed2.jpg","contentUrl":"https:\/\/interamerica.org\/wp-content\/uploads\/2017\/06\/csm_cew-web_d16571fed2.jpg","width":400,"height":266},{"@type":"BreadcrumbList","@id":"https:\/\/interamerica.org\/es\/2014\/04\/en-concilio-de-evangelismo-y-testificacion-se-destacan-proyectos-misioneros-creativos\/#breadcrumb","itemListElement":[{"@type":"ListItem","position":1,"name":"Home","item":"https:\/\/interamerica.org\/es\/"},{"@type":"ListItem","position":2,"name":"En Concilio de Evangelismo y Testificaci\u00f3n, se destacan proyectos misioneros creativos"}]},{"@type":"WebSite","@id":"https:\/\/interamerica.org\/es\/#website","url":"https:\/\/interamerica.org\/es\/","name":"Iglesia Adventista del S\u00e9ptimo D\u00eda - Divisi\u00f3n Interamericana","description":"","potentialAction":[{"@type":"SearchAction","target":{"@type":"EntryPoint","urlTemplate":"https:\/\/interamerica.org\/es\/?s={search_term_string}"},"query-input":{"@type":"PropertyValueSpecification","valueRequired":true,"valueName":"search_term_string"}}],"inLanguage":"es"},{"@type":"Person","@id":"https:\/\/interamerica.org\/es\/#\/schema\/person\/68ede8bdc292885bb76c1e3810e73c39","name":"Lorenzo Verduzco","image":{"@type":"ImageObject","inLanguage":"es","@id":"https:\/\/secure.gravatar.com\/avatar\/fb81a55b6218459490a9c1dc841a34909185b81904c5337b4b27f7a6fd60c49e?s=96&d=mm&r=g","url":"https:\/\/secure.gravatar.com\/avatar\/fb81a55b6218459490a9c1dc841a34909185b81904c5337b4b27f7a6fd60c49e?s=96&d=mm&r=g","contentUrl":"https:\/\/secure.gravatar.com\/avatar\/fb81a55b6218459490a9c1dc841a34909185b81904c5337b4b27f7a6fd60c49e?s=96&d=mm&r=g","caption":"Lorenzo Verduzco"}}]}},"_links":{"self":[{"href":"https:\/\/interamerica.org\/es\/wp-json\/wp\/v2\/posts\/30478","targetHints":{"allow":["GET"]}}],"collection":[{"href":"https:\/\/interamerica.org\/es\/wp-json\/wp\/v2\/posts"}],"about":[{"href":"https:\/\/interamerica.org\/es\/wp-json\/wp\/v2\/types\/post"}],"author":[{"embeddable":true,"href":"https:\/\/interamerica.org\/es\/wp-json\/wp\/v2\/users\/1"}],"replies":[{"embeddable":true,"href":"https:\/\/interamerica.org\/es\/wp-json\/wp\/v2\/comments?post=30478"}],"version-history":[{"count":0,"href":"https:\/\/interamerica.org\/es\/wp-json\/wp\/v2\/posts\/30478\/revisions"}],"wp:featuredmedia":[{"embeddable":true,"href":"https:\/\/interamerica.org\/es\/wp-json\/wp\/v2\/media\/22913"}],"wp:attachment":[{"href":"https:\/\/interamerica.org\/es\/wp-json\/wp\/v2\/media?parent=30478"}],"wp:term":[{"taxonomy":"category","embeddable":true,"href":"https:\/\/interamerica.org\/es\/wp-json\/wp\/v2\/categories?post=30478"},{"taxonomy":"post_tag","embeddable":true,"href":"https:\/\/interamerica.org\/es\/wp-json\/wp\/v2\/tags?post=30478"}],"curies":[{"name":"wp","href":"https:\/\/api.w.org\/{rel}","templated":true}]}}