{"id":30479,"date":"2014-04-10T00:00:00","date_gmt":"2014-04-10T04:00:00","guid":{"rendered":"http:\/\/192.81.217.108\/interamerica\/2014\/04\/interamerica-se-celebrara-el-impacto-de-vision-un-millon-en-evento-satelital-en-vivo\/"},"modified":"2014-04-10T00:00:00","modified_gmt":"2014-04-10T04:00:00","slug":"interamerica-se-celebrara-el-impacto-de-vision-un-millon-en-evento-satelital-en-vivo","status":"publish","type":"post","link":"https:\/\/interamerica.org\/es\/2014\/04\/interamerica-se-celebrara-el-impacto-de-vision-un-millon-en-evento-satelital-en-vivo\/","title":{"rendered":"Interam\u00e9rica: Se celebrar\u00e1 el impacto de \u00abVisi\u00f3n un mill\u00f3n\u00bb en evento satelital en vivo"},"content":{"rendered":"<div id=\"attachment_11326\" style=\"width: 600px\" class=\"wp-caption aligncenter\"><a href=\"\/interamerica\/wp-content\/uploads\/2017\/06\/V1M-590-Spa.png\" rel=\"fancybox\" title=\"Interam\u00e9rica: Se celebrar\u00e1 el impacto de \"Visi\u00f3n un mill\u00f3n\" en evento satelital en vivo\"><img fetchpriority=\"high\" decoding=\"async\" aria-describedby=\"caption-attachment-11326\" class=\"size-full wp-image-11326\" title=\"V1M-590-Spa\" src=\"\/interamerica\/wp-content\/uploads\/2017\/06\/V1M-590-Spa.png\" alt=\"\" width=\"590\" height=\"226\" \/><\/a><p id=\"caption-attachment-11326\" class=\"wp-caption-text\">Imagen por Abel Marquez\/IAD<\/p><\/div>\n<p>10 de abril de 2014 \u2013 Miami, Florida, Estados Unidos&#8230;Libna Stevens\/IAD<\/p>\n<p>\u00abVisi\u00f3n un mill\u00f3n\u00bb es una iniciativa anual coordinada por la Iglesia Adventista de la Divisi\u00f3n Interamericana, que busca promover la invitaci\u00f3n a un mill\u00f3n de visitas a las iglesias y congregaciones. El evento destacar\u00e1 los esfuerzos de evangelizaci\u00f3n que se han llevado a cabo este a\u00f1o hasta el momento en Ciudad de M\u00e9xico y a lo largo y a lo ancho del territorio.<\/p>\n<p>La transmisi\u00f3n en vivo de dos horas ser\u00e1 ofrecida en ingl\u00e9s y en espa\u00f1ol en el <a href=\"http:\/\/www.hopetv.org\/watch\/hope-church-channel\/\">Canal Hope<\/a>, <a href=\"http:\/\/www.esperanzatv.org\/\">Esperanza TV<\/a>, <a href=\"http:\/\/3abn.org\/media\/3abn-broadcast\/\">3ABN<\/a>, <a href=\"http:\/\/3abnlatino.org\/player.cfm\">3ABN Latino<\/a>\u00a0y por\u00a0<a href=\"http:\/\/webcast.interamerica.org\/\">webcast.interamerica.org<\/a>. La versi\u00f3n de \u00abVisi\u00f3n un mill\u00f3n\u00bb en franc\u00e9s ser\u00e1 retransmitida a las 18.00, hora de Miami, por el Canal Hope.<\/p>\n<p>Se espera que m\u00e1s de 18 mil miembros y visitas llenen la Arena Ciudad de M\u00e9xico para aprender sobre el crecimiento de la iglesia por medio de los esfuerzos misioneros en las grandes ciudades, que esta semana incluyeron unas doscientas campa\u00f1as locales e internacionales de evangelizaci\u00f3n, dijo el pastor Balvin Braham, secretario ministerial asociado y principal organizador del evento.<\/p>\n<p>El programa en vivo contar\u00e1 con la presencia del pastor Ted N. C. Wilson, presidente de la Iglesia Adventista mundial, como principal orador, y con los principales l\u00edderes de la Divisi\u00f3n Interamericana, adem\u00e1s de informes sobre los progresos del impacto urbano en todo el territorio, los proyectos en las grandes ciudades y los bautismos que resultaron del impacto urbano, entre otros.<\/p>\n<p>Si desea actualizaciones sobre el programa \u00abVisi\u00f3n un mill\u00f3n\u00bb de Interam\u00e9rica, vis\u00edtenos en <a href=\"https:\/\/recursing-golick.147-182-135-0.plesk.page\">interamerica.org<\/a><\/p>\n<p><em>Traducci\u00f3n de Marcos Paseggi<\/em><\/p>\n","protected":false},"excerpt":{"rendered":"<p>La Iglesia Adventista de Interam\u00e9rica destacar\u00e1 este pr\u00f3ximo s\u00e1bado 12 de abril el impacto de sus actividades de evangelizaci\u00f3n por medio de una celebraci\u00f3n desde Ciudad de M\u00e9xico, M\u00e9xico.<\/p>\n","protected":false},"author":1,"featured_media":30470,"comment_status":"closed","ping_status":"closed","sticky":false,"template":"","format":"standard","meta":{"_acf_changed":false,"footnotes":""},"categories":[16],"tags":[],"class_list":["post-30479","post","type-post","status-publish","format-standard","has-post-thumbnail","hentry","category-desde-la-sede"],"acf":[],"yoast_head":"<!-- This site is optimized with the Yoast SEO plugin v27.3 - https:\/\/yoast.com\/product\/yoast-seo-wordpress\/ -->\n<title>Interam\u00e9rica: Se celebrar\u00e1 el impacto de &quot;Visi\u00f3n un mill\u00f3n&quot; en evento satelital en vivo - Iglesia Adventista del S\u00e9ptimo D\u00eda - Divisi\u00f3n Interamericana<\/title>\n<meta name=\"robots\" content=\"index, follow, max-snippet:-1, max-image-preview:large, max-video-preview:-1\" \/>\n<link rel=\"canonical\" href=\"https:\/\/interamerica.org\/es\/2014\/04\/interamerica-se-celebrara-el-impacto-de-vision-un-millon-en-evento-satelital-en-vivo\/\" \/>\n<meta property=\"og:locale\" content=\"es_ES\" \/>\n<meta property=\"og:type\" content=\"article\" \/>\n<meta property=\"og:title\" content=\"Interam\u00e9rica: Se celebrar\u00e1 el impacto de &quot;Visi\u00f3n un mill\u00f3n&quot; en evento satelital en vivo - Iglesia Adventista del S\u00e9ptimo D\u00eda - Divisi\u00f3n Interamericana\" \/>\n<meta property=\"og:description\" content=\"La Iglesia Adventista de Interam\u00e9rica destacar\u00e1 este pr\u00f3ximo s\u00e1bado 12 de abril el impacto de sus actividades de evangelizaci\u00f3n por medio de una celebraci\u00f3n desde Ciudad de M\u00e9xico, M\u00e9xico.\" \/>\n<meta property=\"og:url\" content=\"https:\/\/interamerica.org\/es\/2014\/04\/interamerica-se-celebrara-el-impacto-de-vision-un-millon-en-evento-satelital-en-vivo\/\" \/>\n<meta property=\"og:site_name\" content=\"Iglesia Adventista del S\u00e9ptimo D\u00eda - Divisi\u00f3n Interamericana\" \/>\n<meta property=\"article:published_time\" content=\"2014-04-10T04:00:00+00:00\" \/>\n<meta property=\"og:image\" content=\"https:\/\/interamerica.org\/wp-content\/uploads\/2017\/06\/V1M-SquareBANNER_ESP.png\" \/>\n\t<meta property=\"og:image:width\" content=\"315\" \/>\n\t<meta property=\"og:image:height\" content=\"256\" \/>\n\t<meta property=\"og:image:type\" content=\"image\/png\" \/>\n<meta name=\"author\" content=\"Lorenzo Verduzco\" \/>\n<meta name=\"twitter:card\" content=\"summary_large_image\" \/>\n<meta name=\"twitter:label1\" content=\"Escrito por\" \/>\n\t<meta name=\"twitter:data1\" content=\"Lorenzo Verduzco\" \/>\n\t<meta name=\"twitter:label2\" content=\"Tiempo de lectura\" \/>\n\t<meta name=\"twitter:data2\" content=\"1 minuto\" \/>\n<script type=\"application\/ld+json\" class=\"yoast-schema-graph\">{\"@context\":\"https:\\\/\\\/schema.org\",\"@graph\":[{\"@type\":\"Article\",\"@id\":\"https:\\\/\\\/interamerica.org\\\/es\\\/2014\\\/04\\\/interamerica-se-celebrara-el-impacto-de-vision-un-millon-en-evento-satelital-en-vivo\\\/#article\",\"isPartOf\":{\"@id\":\"https:\\\/\\\/interamerica.org\\\/es\\\/2014\\\/04\\\/interamerica-se-celebrara-el-impacto-de-vision-un-millon-en-evento-satelital-en-vivo\\\/\"},\"author\":{\"name\":\"Lorenzo Verduzco\",\"@id\":\"https:\\\/\\\/interamerica.org\\\/es\\\/#\\\/schema\\\/person\\\/68ede8bdc292885bb76c1e3810e73c39\"},\"headline\":\"Interam\u00e9rica: Se celebrar\u00e1 el impacto de \u00abVisi\u00f3n un mill\u00f3n\u00bb en evento satelital en vivo\",\"datePublished\":\"2014-04-10T04:00:00+00:00\",\"mainEntityOfPage\":{\"@id\":\"https:\\\/\\\/interamerica.org\\\/es\\\/2014\\\/04\\\/interamerica-se-celebrara-el-impacto-de-vision-un-millon-en-evento-satelital-en-vivo\\\/\"},\"wordCount\":314,\"image\":{\"@id\":\"https:\\\/\\\/interamerica.org\\\/es\\\/2014\\\/04\\\/interamerica-se-celebrara-el-impacto-de-vision-un-millon-en-evento-satelital-en-vivo\\\/#primaryimage\"},\"thumbnailUrl\":\"https:\\\/\\\/interamerica.org\\\/wp-content\\\/uploads\\\/2017\\\/06\\\/V1M-SquareBANNER_ESP.png\",\"articleSection\":[\"Desde la sede\"],\"inLanguage\":\"es\"},{\"@type\":\"WebPage\",\"@id\":\"https:\\\/\\\/interamerica.org\\\/es\\\/2014\\\/04\\\/interamerica-se-celebrara-el-impacto-de-vision-un-millon-en-evento-satelital-en-vivo\\\/\",\"url\":\"https:\\\/\\\/interamerica.org\\\/es\\\/2014\\\/04\\\/interamerica-se-celebrara-el-impacto-de-vision-un-millon-en-evento-satelital-en-vivo\\\/\",\"name\":\"Interam\u00e9rica: Se celebrar\u00e1 el impacto de \\\"Visi\u00f3n un mill\u00f3n\\\" en evento satelital en vivo - Iglesia Adventista del S\u00e9ptimo D\u00eda - Divisi\u00f3n Interamericana\",\"isPartOf\":{\"@id\":\"https:\\\/\\\/interamerica.org\\\/es\\\/#website\"},\"primaryImageOfPage\":{\"@id\":\"https:\\\/\\\/interamerica.org\\\/es\\\/2014\\\/04\\\/interamerica-se-celebrara-el-impacto-de-vision-un-millon-en-evento-satelital-en-vivo\\\/#primaryimage\"},\"image\":{\"@id\":\"https:\\\/\\\/interamerica.org\\\/es\\\/2014\\\/04\\\/interamerica-se-celebrara-el-impacto-de-vision-un-millon-en-evento-satelital-en-vivo\\\/#primaryimage\"},\"thumbnailUrl\":\"https:\\\/\\\/interamerica.org\\\/wp-content\\\/uploads\\\/2017\\\/06\\\/V1M-SquareBANNER_ESP.png\",\"datePublished\":\"2014-04-10T04:00:00+00:00\",\"author\":{\"@id\":\"https:\\\/\\\/interamerica.org\\\/es\\\/#\\\/schema\\\/person\\\/68ede8bdc292885bb76c1e3810e73c39\"},\"breadcrumb\":{\"@id\":\"https:\\\/\\\/interamerica.org\\\/es\\\/2014\\\/04\\\/interamerica-se-celebrara-el-impacto-de-vision-un-millon-en-evento-satelital-en-vivo\\\/#breadcrumb\"},\"inLanguage\":\"es\",\"potentialAction\":[{\"@type\":\"ReadAction\",\"target\":[\"https:\\\/\\\/interamerica.org\\\/es\\\/2014\\\/04\\\/interamerica-se-celebrara-el-impacto-de-vision-un-millon-en-evento-satelital-en-vivo\\\/\"]}]},{\"@type\":\"ImageObject\",\"inLanguage\":\"es\",\"@id\":\"https:\\\/\\\/interamerica.org\\\/es\\\/2014\\\/04\\\/interamerica-se-celebrara-el-impacto-de-vision-un-millon-en-evento-satelital-en-vivo\\\/#primaryimage\",\"url\":\"https:\\\/\\\/interamerica.org\\\/wp-content\\\/uploads\\\/2017\\\/06\\\/V1M-SquareBANNER_ESP.png\",\"contentUrl\":\"https:\\\/\\\/interamerica.org\\\/wp-content\\\/uploads\\\/2017\\\/06\\\/V1M-SquareBANNER_ESP.png\",\"width\":315,\"height\":256},{\"@type\":\"BreadcrumbList\",\"@id\":\"https:\\\/\\\/interamerica.org\\\/es\\\/2014\\\/04\\\/interamerica-se-celebrara-el-impacto-de-vision-un-millon-en-evento-satelital-en-vivo\\\/#breadcrumb\",\"itemListElement\":[{\"@type\":\"ListItem\",\"position\":1,\"name\":\"Home\",\"item\":\"https:\\\/\\\/interamerica.org\\\/es\\\/\"},{\"@type\":\"ListItem\",\"position\":2,\"name\":\"Interam\u00e9rica: Se celebrar\u00e1 el impacto de \u00abVisi\u00f3n un mill\u00f3n\u00bb en evento satelital en vivo\"}]},{\"@type\":\"WebSite\",\"@id\":\"https:\\\/\\\/interamerica.org\\\/es\\\/#website\",\"url\":\"https:\\\/\\\/interamerica.org\\\/es\\\/\",\"name\":\"Iglesia Adventista del S\u00e9ptimo D\u00eda - Divisi\u00f3n Interamericana\",\"description\":\"\",\"potentialAction\":[{\"@type\":\"SearchAction\",\"target\":{\"@type\":\"EntryPoint\",\"urlTemplate\":\"https:\\\/\\\/interamerica.org\\\/es\\\/?s={search_term_string}\"},\"query-input\":{\"@type\":\"PropertyValueSpecification\",\"valueRequired\":true,\"valueName\":\"search_term_string\"}}],\"inLanguage\":\"es\"},{\"@type\":\"Person\",\"@id\":\"https:\\\/\\\/interamerica.org\\\/es\\\/#\\\/schema\\\/person\\\/68ede8bdc292885bb76c1e3810e73c39\",\"name\":\"Lorenzo Verduzco\",\"image\":{\"@type\":\"ImageObject\",\"inLanguage\":\"es\",\"@id\":\"https:\\\/\\\/secure.gravatar.com\\\/avatar\\\/fb81a55b6218459490a9c1dc841a34909185b81904c5337b4b27f7a6fd60c49e?s=96&d=mm&r=g\",\"url\":\"https:\\\/\\\/secure.gravatar.com\\\/avatar\\\/fb81a55b6218459490a9c1dc841a34909185b81904c5337b4b27f7a6fd60c49e?s=96&d=mm&r=g\",\"contentUrl\":\"https:\\\/\\\/secure.gravatar.com\\\/avatar\\\/fb81a55b6218459490a9c1dc841a34909185b81904c5337b4b27f7a6fd60c49e?s=96&d=mm&r=g\",\"caption\":\"Lorenzo Verduzco\"}}]}<\/script>\n<!-- \/ Yoast SEO plugin. -->","yoast_head_json":{"title":"Interam\u00e9rica: Se celebrar\u00e1 el impacto de \"Visi\u00f3n un mill\u00f3n\" en evento satelital en vivo - Iglesia Adventista del S\u00e9ptimo D\u00eda - Divisi\u00f3n Interamericana","robots":{"index":"index","follow":"follow","max-snippet":"max-snippet:-1","max-image-preview":"max-image-preview:large","max-video-preview":"max-video-preview:-1"},"canonical":"https:\/\/interamerica.org\/es\/2014\/04\/interamerica-se-celebrara-el-impacto-de-vision-un-millon-en-evento-satelital-en-vivo\/","og_locale":"es_ES","og_type":"article","og_title":"Interam\u00e9rica: Se celebrar\u00e1 el impacto de \"Visi\u00f3n un mill\u00f3n\" en evento satelital en vivo - Iglesia Adventista del S\u00e9ptimo D\u00eda - Divisi\u00f3n Interamericana","og_description":"La Iglesia Adventista de Interam\u00e9rica destacar\u00e1 este pr\u00f3ximo s\u00e1bado 12 de abril el impacto de sus actividades de evangelizaci\u00f3n por medio de una celebraci\u00f3n desde Ciudad de M\u00e9xico, M\u00e9xico.","og_url":"https:\/\/interamerica.org\/es\/2014\/04\/interamerica-se-celebrara-el-impacto-de-vision-un-millon-en-evento-satelital-en-vivo\/","og_site_name":"Iglesia Adventista del S\u00e9ptimo D\u00eda - Divisi\u00f3n Interamericana","article_published_time":"2014-04-10T04:00:00+00:00","og_image":[{"width":315,"height":256,"url":"https:\/\/interamerica.org\/wp-content\/uploads\/2017\/06\/V1M-SquareBANNER_ESP.png","type":"image\/png"}],"author":"Lorenzo Verduzco","twitter_card":"summary_large_image","twitter_misc":{"Escrito por":"Lorenzo Verduzco","Tiempo de lectura":"1 minuto"},"schema":{"@context":"https:\/\/schema.org","@graph":[{"@type":"Article","@id":"https:\/\/interamerica.org\/es\/2014\/04\/interamerica-se-celebrara-el-impacto-de-vision-un-millon-en-evento-satelital-en-vivo\/#article","isPartOf":{"@id":"https:\/\/interamerica.org\/es\/2014\/04\/interamerica-se-celebrara-el-impacto-de-vision-un-millon-en-evento-satelital-en-vivo\/"},"author":{"name":"Lorenzo Verduzco","@id":"https:\/\/interamerica.org\/es\/#\/schema\/person\/68ede8bdc292885bb76c1e3810e73c39"},"headline":"Interam\u00e9rica: Se celebrar\u00e1 el impacto de \u00abVisi\u00f3n un mill\u00f3n\u00bb en evento satelital en vivo","datePublished":"2014-04-10T04:00:00+00:00","mainEntityOfPage":{"@id":"https:\/\/interamerica.org\/es\/2014\/04\/interamerica-se-celebrara-el-impacto-de-vision-un-millon-en-evento-satelital-en-vivo\/"},"wordCount":314,"image":{"@id":"https:\/\/interamerica.org\/es\/2014\/04\/interamerica-se-celebrara-el-impacto-de-vision-un-millon-en-evento-satelital-en-vivo\/#primaryimage"},"thumbnailUrl":"https:\/\/interamerica.org\/wp-content\/uploads\/2017\/06\/V1M-SquareBANNER_ESP.png","articleSection":["Desde la sede"],"inLanguage":"es"},{"@type":"WebPage","@id":"https:\/\/interamerica.org\/es\/2014\/04\/interamerica-se-celebrara-el-impacto-de-vision-un-millon-en-evento-satelital-en-vivo\/","url":"https:\/\/interamerica.org\/es\/2014\/04\/interamerica-se-celebrara-el-impacto-de-vision-un-millon-en-evento-satelital-en-vivo\/","name":"Interam\u00e9rica: Se celebrar\u00e1 el impacto de \"Visi\u00f3n un mill\u00f3n\" en evento satelital en vivo - Iglesia Adventista del S\u00e9ptimo D\u00eda - Divisi\u00f3n Interamericana","isPartOf":{"@id":"https:\/\/interamerica.org\/es\/#website"},"primaryImageOfPage":{"@id":"https:\/\/interamerica.org\/es\/2014\/04\/interamerica-se-celebrara-el-impacto-de-vision-un-millon-en-evento-satelital-en-vivo\/#primaryimage"},"image":{"@id":"https:\/\/interamerica.org\/es\/2014\/04\/interamerica-se-celebrara-el-impacto-de-vision-un-millon-en-evento-satelital-en-vivo\/#primaryimage"},"thumbnailUrl":"https:\/\/interamerica.org\/wp-content\/uploads\/2017\/06\/V1M-SquareBANNER_ESP.png","datePublished":"2014-04-10T04:00:00+00:00","author":{"@id":"https:\/\/interamerica.org\/es\/#\/schema\/person\/68ede8bdc292885bb76c1e3810e73c39"},"breadcrumb":{"@id":"https:\/\/interamerica.org\/es\/2014\/04\/interamerica-se-celebrara-el-impacto-de-vision-un-millon-en-evento-satelital-en-vivo\/#breadcrumb"},"inLanguage":"es","potentialAction":[{"@type":"ReadAction","target":["https:\/\/interamerica.org\/es\/2014\/04\/interamerica-se-celebrara-el-impacto-de-vision-un-millon-en-evento-satelital-en-vivo\/"]}]},{"@type":"ImageObject","inLanguage":"es","@id":"https:\/\/interamerica.org\/es\/2014\/04\/interamerica-se-celebrara-el-impacto-de-vision-un-millon-en-evento-satelital-en-vivo\/#primaryimage","url":"https:\/\/interamerica.org\/wp-content\/uploads\/2017\/06\/V1M-SquareBANNER_ESP.png","contentUrl":"https:\/\/interamerica.org\/wp-content\/uploads\/2017\/06\/V1M-SquareBANNER_ESP.png","width":315,"height":256},{"@type":"BreadcrumbList","@id":"https:\/\/interamerica.org\/es\/2014\/04\/interamerica-se-celebrara-el-impacto-de-vision-un-millon-en-evento-satelital-en-vivo\/#breadcrumb","itemListElement":[{"@type":"ListItem","position":1,"name":"Home","item":"https:\/\/interamerica.org\/es\/"},{"@type":"ListItem","position":2,"name":"Interam\u00e9rica: Se celebrar\u00e1 el impacto de \u00abVisi\u00f3n un mill\u00f3n\u00bb en evento satelital en vivo"}]},{"@type":"WebSite","@id":"https:\/\/interamerica.org\/es\/#website","url":"https:\/\/interamerica.org\/es\/","name":"Iglesia Adventista del S\u00e9ptimo D\u00eda - Divisi\u00f3n Interamericana","description":"","potentialAction":[{"@type":"SearchAction","target":{"@type":"EntryPoint","urlTemplate":"https:\/\/interamerica.org\/es\/?s={search_term_string}"},"query-input":{"@type":"PropertyValueSpecification","valueRequired":true,"valueName":"search_term_string"}}],"inLanguage":"es"},{"@type":"Person","@id":"https:\/\/interamerica.org\/es\/#\/schema\/person\/68ede8bdc292885bb76c1e3810e73c39","name":"Lorenzo Verduzco","image":{"@type":"ImageObject","inLanguage":"es","@id":"https:\/\/secure.gravatar.com\/avatar\/fb81a55b6218459490a9c1dc841a34909185b81904c5337b4b27f7a6fd60c49e?s=96&d=mm&r=g","url":"https:\/\/secure.gravatar.com\/avatar\/fb81a55b6218459490a9c1dc841a34909185b81904c5337b4b27f7a6fd60c49e?s=96&d=mm&r=g","contentUrl":"https:\/\/secure.gravatar.com\/avatar\/fb81a55b6218459490a9c1dc841a34909185b81904c5337b4b27f7a6fd60c49e?s=96&d=mm&r=g","caption":"Lorenzo Verduzco"}}]}},"_links":{"self":[{"href":"https:\/\/interamerica.org\/es\/wp-json\/wp\/v2\/posts\/30479","targetHints":{"allow":["GET"]}}],"collection":[{"href":"https:\/\/interamerica.org\/es\/wp-json\/wp\/v2\/posts"}],"about":[{"href":"https:\/\/interamerica.org\/es\/wp-json\/wp\/v2\/types\/post"}],"author":[{"embeddable":true,"href":"https:\/\/interamerica.org\/es\/wp-json\/wp\/v2\/users\/1"}],"replies":[{"embeddable":true,"href":"https:\/\/interamerica.org\/es\/wp-json\/wp\/v2\/comments?post=30479"}],"version-history":[{"count":0,"href":"https:\/\/interamerica.org\/es\/wp-json\/wp\/v2\/posts\/30479\/revisions"}],"wp:featuredmedia":[{"embeddable":true,"href":"https:\/\/interamerica.org\/es\/wp-json\/wp\/v2\/media\/30470"}],"wp:attachment":[{"href":"https:\/\/interamerica.org\/es\/wp-json\/wp\/v2\/media?parent=30479"}],"wp:term":[{"taxonomy":"category","embeddable":true,"href":"https:\/\/interamerica.org\/es\/wp-json\/wp\/v2\/categories?post=30479"},{"taxonomy":"post_tag","embeddable":true,"href":"https:\/\/interamerica.org\/es\/wp-json\/wp\/v2\/tags?post=30479"}],"curies":[{"name":"wp","href":"https:\/\/api.w.org\/{rel}","templated":true}]}}