{"id":30482,"date":"2014-04-10T00:00:00","date_gmt":"2014-04-10T04:00:00","guid":{"rendered":"http:\/\/192.81.217.108\/interamerica\/2014\/04\/decision-de-suspender-el-guardian-de-los-registros-va-acompanada-de-fuerte-apoyo-a-los-proyectos-misioneros-creativos\/"},"modified":"2014-04-10T00:00:00","modified_gmt":"2014-04-10T04:00:00","slug":"decision-de-suspender-el-guardian-de-los-registros-va-acompanada-de-fuerte-apoyo-a-los-proyectos-misioneros-creativos","status":"publish","type":"post","link":"https:\/\/interamerica.org\/es\/2014\/04\/decision-de-suspender-el-guardian-de-los-registros-va-acompanada-de-fuerte-apoyo-a-los-proyectos-misioneros-creativos\/","title":{"rendered":"Decisi\u00f3n de suspender \u00abEl guardi\u00e1n de los registros\u00bb va acompa\u00f1ada de fuerte apoyo a los proyectos misioneros creativos"},"content":{"rendered":"<p>11 de abril de 2014 &#8211; Silver Spring, Maryland, Estados Unidos&#8230;ANN<\/p>\n<div id=\"attachment_11354\" style=\"width: 310px\" class=\"wp-caption alignright\"><a href=\"\/interamerica\/wp-content\/uploads\/2017\/06\/csm_record-keeper-inside-web_ec174e4985.jpg\" rel=\"fancybox\" title=\"Decisi\u00f3n de suspender \"El guardi\u00e1n de los registros\" va acompa\u00f1ada de fuerte apoyo a los proyectos misioneros creativos\"><img decoding=\"async\" aria-describedby=\"caption-attachment-11354\" class=\"size-medium wp-image-11354\" src=\"\/interamerica\/wp-content\/uploads\/2017\/06\/csm_record-keeper-inside-web_ec174e4985-300x157.jpg\" alt=\"\" width=\"300\" height=\"157\" \/><\/a><p id=\"caption-attachment-11354\" class=\"wp-caption-text\">Los l\u00edderes de la Iglesia Adventista mundial anunciaron hoy su decisi\u00f3n de suspender el lanzamiento de la serie de once episodios llamada \u00abEl guardi\u00e1n de los registros\u00bb, pero acord\u00f3 explorar la posibilidad de apoyar proyectos misioneros creativos similares.<\/p><\/div>\n<p>Los l\u00edderes de la Iglesia Adventista mundial anunciaron hoy su decisi\u00f3n de suspender el lanzamiento de la serie de once episodios titulada \u00abEl guardi\u00e1n de los registros\u00bb, pero acordaron explorar la posibilidad de apoyar proyectos misioneros creativos similares.<\/p>\n<p>La decisi\u00f3n se produjo despu\u00e9s de revisar con detenimiento la serie web, que dramatiza la lucha \u00e9pica entre el bien el mal. Los l\u00edderes de la Iglesia Adventista de diversas partes del mundo y de la sede central evaluaron la serie, participaron en las discusiones y en el proceso de toma de decisiones.<\/p>\n<p>\u00abLos l\u00edderes de la Iglesia Adventista mundial est\u00e1n comprometidos con el uso y el desarrollo de m\u00e9todos misioneros creativos que sean fieles a las Escrituras y a los ideales adventistas, con el fin de alcanzar a segmentos de la poblaci\u00f3n a los que jam\u00e1s puede llegarse por medio del evangelismo tradicional\u00bb, dijo Ted N. C. Wilson, presidente de la Iglesia Adventista mundial.<\/p>\n<p>\u00abEl guardi\u00e1n de los registros\u00bb relata la historia de Cadan y Larus, dos \u00e1ngeles que luchan para continuar su amistad despu\u00e9s de que irrumpe una guerra civil universal. Mientras tanto, otro \u00e1ngel, Raina, lleva un registro de los eventos mientras procura comprender todo el caos.<\/p>\n<p>La teolog\u00eda de la Iglesia Adventista ve la controversia entre el bien y el mal como fundamental para entender la agitaci\u00f3n presenciada a lo largo de la historia y evidente en el mundo actual.<\/p>\n<p>El Instituto de Investigaciones B\u00edblicas brind\u00f3 un an\u00e1lisis b\u00edblico de algunas de las cuestiones problem\u00e1ticas e inexactitudes teol\u00f3gicas que aparecen en la serie web. Asimismo, los l\u00edderes est\u00e1n buscando una representaci\u00f3n mucho m\u00e1s marcada del amor de Dios, la creaci\u00f3n de un mundo perfecto, el plan de salvaci\u00f3n y la renovaci\u00f3n final del cielo y la tierra seg\u00fan se registra en la Biblia.<\/p>\n<p>Aunque se pensaban preparar estudios b\u00edblicos para acompa\u00f1ar la serie y fomentar el estudio adicional, seg\u00fan el Instituto de Investigaciones B\u00edblicas, el contenido de \u00abEl guardi\u00e1n de los registros\u00bb habr\u00eda puesto a la iglesia en la postura dif\u00edcil de apoyar una representaci\u00f3n err\u00f3nea de la verdad b\u00edblica mientras al mismo tiempo estar\u00eda ofreciendo estudios que habr\u00edan estado en conflicto con las representaciones dram\u00e1ticas. Esto habr\u00eda producido malentendidos y causado confusi\u00f3n.<\/p>\n<p>Los l\u00edderes de la sede central de la Iglesia Adventista expresaron su deseo continuo de producir materiales creativos que est\u00e9n en armon\u00eda con las Escrituras y capten la atenci\u00f3n de la gente que busca la verdad divina.<\/p>\n<p><em>Traducci\u00f3n de Marcos Paseggi<\/em><\/p>\n","protected":false},"excerpt":{"rendered":"<p>Los l\u00edderes de la Iglesia Adventista mundial anunciaron hoy su decisi\u00f3n de suspender el lanzamiento de la serie de once episodios titulada \u00abEl guardi\u00e1n de los registros\u00bb, pero acordaron explorar la posibilidad de apoyar proyectos misioneros creativos similares.<\/p>\n","protected":false},"author":1,"featured_media":22938,"comment_status":"closed","ping_status":"closed","sticky":false,"template":"","format":"standard","meta":{"_acf_changed":false,"footnotes":""},"categories":[14],"tags":[],"class_list":["post-30482","post","type-post","status-publish","format-standard","has-post-thumbnail","hentry","category-de-la-iglesia-mundial"],"acf":[],"yoast_head":"<!-- This site is optimized with the Yoast SEO plugin v27.3 - https:\/\/yoast.com\/product\/yoast-seo-wordpress\/ -->\n<title>Decisi\u00f3n de suspender &quot;El guardi\u00e1n de los registros&quot; va acompa\u00f1ada de fuerte apoyo a los proyectos misioneros creativos - Iglesia Adventista del S\u00e9ptimo D\u00eda - Divisi\u00f3n Interamericana<\/title>\n<meta name=\"robots\" content=\"index, follow, max-snippet:-1, max-image-preview:large, max-video-preview:-1\" \/>\n<link rel=\"canonical\" href=\"https:\/\/interamerica.org\/es\/2014\/04\/decision-de-suspender-el-guardian-de-los-registros-va-acompanada-de-fuerte-apoyo-a-los-proyectos-misioneros-creativos\/\" \/>\n<meta property=\"og:locale\" content=\"es_ES\" \/>\n<meta property=\"og:type\" content=\"article\" \/>\n<meta property=\"og:title\" content=\"Decisi\u00f3n de suspender &quot;El guardi\u00e1n de los registros&quot; va acompa\u00f1ada de fuerte apoyo a los proyectos misioneros creativos - Iglesia Adventista del S\u00e9ptimo D\u00eda - Divisi\u00f3n Interamericana\" \/>\n<meta property=\"og:description\" content=\"Los l\u00edderes de la Iglesia Adventista mundial anunciaron hoy su decisi\u00f3n de suspender el lanzamiento de la serie de once episodios titulada &quot;El guardi\u00e1n de los registros&quot;, pero acordaron explorar la posibilidad de apoyar proyectos misioneros creativos similares.\" \/>\n<meta property=\"og:url\" content=\"https:\/\/interamerica.org\/es\/2014\/04\/decision-de-suspender-el-guardian-de-los-registros-va-acompanada-de-fuerte-apoyo-a-los-proyectos-misioneros-creativos\/\" \/>\n<meta property=\"og:site_name\" content=\"Iglesia Adventista del S\u00e9ptimo D\u00eda - Divisi\u00f3n Interamericana\" \/>\n<meta property=\"article:published_time\" content=\"2014-04-10T04:00:00+00:00\" \/>\n<meta property=\"og:image\" content=\"https:\/\/interamerica.org\/wp-content\/uploads\/2017\/06\/csm_record-keeper-inside-web_ec174e4985.jpg\" \/>\n\t<meta property=\"og:image:width\" content=\"400\" \/>\n\t<meta property=\"og:image:height\" content=\"210\" \/>\n\t<meta property=\"og:image:type\" content=\"image\/jpeg\" \/>\n<meta name=\"author\" content=\"Lorenzo Verduzco\" \/>\n<meta name=\"twitter:card\" content=\"summary_large_image\" \/>\n<meta name=\"twitter:label1\" content=\"Escrito por\" \/>\n\t<meta name=\"twitter:data1\" content=\"Lorenzo Verduzco\" \/>\n\t<meta name=\"twitter:label2\" content=\"Tiempo de lectura\" \/>\n\t<meta name=\"twitter:data2\" content=\"3 minutos\" \/>\n<script type=\"application\/ld+json\" class=\"yoast-schema-graph\">{\"@context\":\"https:\\\/\\\/schema.org\",\"@graph\":[{\"@type\":\"Article\",\"@id\":\"https:\\\/\\\/interamerica.org\\\/es\\\/2014\\\/04\\\/decision-de-suspender-el-guardian-de-los-registros-va-acompanada-de-fuerte-apoyo-a-los-proyectos-misioneros-creativos\\\/#article\",\"isPartOf\":{\"@id\":\"https:\\\/\\\/interamerica.org\\\/es\\\/2014\\\/04\\\/decision-de-suspender-el-guardian-de-los-registros-va-acompanada-de-fuerte-apoyo-a-los-proyectos-misioneros-creativos\\\/\"},\"author\":{\"name\":\"Lorenzo Verduzco\",\"@id\":\"https:\\\/\\\/interamerica.org\\\/es\\\/#\\\/schema\\\/person\\\/68ede8bdc292885bb76c1e3810e73c39\"},\"headline\":\"Decisi\u00f3n de suspender \u00abEl guardi\u00e1n de los registros\u00bb va acompa\u00f1ada de fuerte apoyo a los proyectos misioneros creativos\",\"datePublished\":\"2014-04-10T04:00:00+00:00\",\"mainEntityOfPage\":{\"@id\":\"https:\\\/\\\/interamerica.org\\\/es\\\/2014\\\/04\\\/decision-de-suspender-el-guardian-de-los-registros-va-acompanada-de-fuerte-apoyo-a-los-proyectos-misioneros-creativos\\\/\"},\"wordCount\":533,\"image\":{\"@id\":\"https:\\\/\\\/interamerica.org\\\/es\\\/2014\\\/04\\\/decision-de-suspender-el-guardian-de-los-registros-va-acompanada-de-fuerte-apoyo-a-los-proyectos-misioneros-creativos\\\/#primaryimage\"},\"thumbnailUrl\":\"https:\\\/\\\/interamerica.org\\\/wp-content\\\/uploads\\\/2017\\\/06\\\/csm_record-keeper-inside-web_ec174e4985.jpg\",\"articleSection\":[\"Desde la iglesia mundial\"],\"inLanguage\":\"es\"},{\"@type\":\"WebPage\",\"@id\":\"https:\\\/\\\/interamerica.org\\\/es\\\/2014\\\/04\\\/decision-de-suspender-el-guardian-de-los-registros-va-acompanada-de-fuerte-apoyo-a-los-proyectos-misioneros-creativos\\\/\",\"url\":\"https:\\\/\\\/interamerica.org\\\/es\\\/2014\\\/04\\\/decision-de-suspender-el-guardian-de-los-registros-va-acompanada-de-fuerte-apoyo-a-los-proyectos-misioneros-creativos\\\/\",\"name\":\"Decisi\u00f3n de suspender \\\"El guardi\u00e1n de los registros\\\" va acompa\u00f1ada de fuerte apoyo a los proyectos misioneros creativos - Iglesia Adventista del S\u00e9ptimo D\u00eda - Divisi\u00f3n Interamericana\",\"isPartOf\":{\"@id\":\"https:\\\/\\\/interamerica.org\\\/es\\\/#website\"},\"primaryImageOfPage\":{\"@id\":\"https:\\\/\\\/interamerica.org\\\/es\\\/2014\\\/04\\\/decision-de-suspender-el-guardian-de-los-registros-va-acompanada-de-fuerte-apoyo-a-los-proyectos-misioneros-creativos\\\/#primaryimage\"},\"image\":{\"@id\":\"https:\\\/\\\/interamerica.org\\\/es\\\/2014\\\/04\\\/decision-de-suspender-el-guardian-de-los-registros-va-acompanada-de-fuerte-apoyo-a-los-proyectos-misioneros-creativos\\\/#primaryimage\"},\"thumbnailUrl\":\"https:\\\/\\\/interamerica.org\\\/wp-content\\\/uploads\\\/2017\\\/06\\\/csm_record-keeper-inside-web_ec174e4985.jpg\",\"datePublished\":\"2014-04-10T04:00:00+00:00\",\"author\":{\"@id\":\"https:\\\/\\\/interamerica.org\\\/es\\\/#\\\/schema\\\/person\\\/68ede8bdc292885bb76c1e3810e73c39\"},\"breadcrumb\":{\"@id\":\"https:\\\/\\\/interamerica.org\\\/es\\\/2014\\\/04\\\/decision-de-suspender-el-guardian-de-los-registros-va-acompanada-de-fuerte-apoyo-a-los-proyectos-misioneros-creativos\\\/#breadcrumb\"},\"inLanguage\":\"es\",\"potentialAction\":[{\"@type\":\"ReadAction\",\"target\":[\"https:\\\/\\\/interamerica.org\\\/es\\\/2014\\\/04\\\/decision-de-suspender-el-guardian-de-los-registros-va-acompanada-de-fuerte-apoyo-a-los-proyectos-misioneros-creativos\\\/\"]}]},{\"@type\":\"ImageObject\",\"inLanguage\":\"es\",\"@id\":\"https:\\\/\\\/interamerica.org\\\/es\\\/2014\\\/04\\\/decision-de-suspender-el-guardian-de-los-registros-va-acompanada-de-fuerte-apoyo-a-los-proyectos-misioneros-creativos\\\/#primaryimage\",\"url\":\"https:\\\/\\\/interamerica.org\\\/wp-content\\\/uploads\\\/2017\\\/06\\\/csm_record-keeper-inside-web_ec174e4985.jpg\",\"contentUrl\":\"https:\\\/\\\/interamerica.org\\\/wp-content\\\/uploads\\\/2017\\\/06\\\/csm_record-keeper-inside-web_ec174e4985.jpg\",\"width\":400,\"height\":210},{\"@type\":\"BreadcrumbList\",\"@id\":\"https:\\\/\\\/interamerica.org\\\/es\\\/2014\\\/04\\\/decision-de-suspender-el-guardian-de-los-registros-va-acompanada-de-fuerte-apoyo-a-los-proyectos-misioneros-creativos\\\/#breadcrumb\",\"itemListElement\":[{\"@type\":\"ListItem\",\"position\":1,\"name\":\"Home\",\"item\":\"https:\\\/\\\/interamerica.org\\\/es\\\/\"},{\"@type\":\"ListItem\",\"position\":2,\"name\":\"Decisi\u00f3n de suspender &#8220;El guardi\u00e1n de los registros&#8221; va acompa\u00f1ada de fuerte apoyo a los proyectos misioneros creativos\"}]},{\"@type\":\"WebSite\",\"@id\":\"https:\\\/\\\/interamerica.org\\\/es\\\/#website\",\"url\":\"https:\\\/\\\/interamerica.org\\\/es\\\/\",\"name\":\"Iglesia Adventista del S\u00e9ptimo D\u00eda - Divisi\u00f3n Interamericana\",\"description\":\"\",\"potentialAction\":[{\"@type\":\"SearchAction\",\"target\":{\"@type\":\"EntryPoint\",\"urlTemplate\":\"https:\\\/\\\/interamerica.org\\\/es\\\/?s={search_term_string}\"},\"query-input\":{\"@type\":\"PropertyValueSpecification\",\"valueRequired\":true,\"valueName\":\"search_term_string\"}}],\"inLanguage\":\"es\"},{\"@type\":\"Person\",\"@id\":\"https:\\\/\\\/interamerica.org\\\/es\\\/#\\\/schema\\\/person\\\/68ede8bdc292885bb76c1e3810e73c39\",\"name\":\"Lorenzo Verduzco\",\"image\":{\"@type\":\"ImageObject\",\"inLanguage\":\"es\",\"@id\":\"https:\\\/\\\/secure.gravatar.com\\\/avatar\\\/fb81a55b6218459490a9c1dc841a34909185b81904c5337b4b27f7a6fd60c49e?s=96&d=mm&r=g\",\"url\":\"https:\\\/\\\/secure.gravatar.com\\\/avatar\\\/fb81a55b6218459490a9c1dc841a34909185b81904c5337b4b27f7a6fd60c49e?s=96&d=mm&r=g\",\"contentUrl\":\"https:\\\/\\\/secure.gravatar.com\\\/avatar\\\/fb81a55b6218459490a9c1dc841a34909185b81904c5337b4b27f7a6fd60c49e?s=96&d=mm&r=g\",\"caption\":\"Lorenzo Verduzco\"}}]}<\/script>\n<!-- \/ Yoast SEO plugin. -->","yoast_head_json":{"title":"Decisi\u00f3n de suspender \"El guardi\u00e1n de los registros\" va acompa\u00f1ada de fuerte apoyo a los proyectos misioneros creativos - Iglesia Adventista del S\u00e9ptimo D\u00eda - Divisi\u00f3n Interamericana","robots":{"index":"index","follow":"follow","max-snippet":"max-snippet:-1","max-image-preview":"max-image-preview:large","max-video-preview":"max-video-preview:-1"},"canonical":"https:\/\/interamerica.org\/es\/2014\/04\/decision-de-suspender-el-guardian-de-los-registros-va-acompanada-de-fuerte-apoyo-a-los-proyectos-misioneros-creativos\/","og_locale":"es_ES","og_type":"article","og_title":"Decisi\u00f3n de suspender \"El guardi\u00e1n de los registros\" va acompa\u00f1ada de fuerte apoyo a los proyectos misioneros creativos - Iglesia Adventista del S\u00e9ptimo D\u00eda - Divisi\u00f3n Interamericana","og_description":"Los l\u00edderes de la Iglesia Adventista mundial anunciaron hoy su decisi\u00f3n de suspender el lanzamiento de la serie de once episodios titulada \"El guardi\u00e1n de los registros\", pero acordaron explorar la posibilidad de apoyar proyectos misioneros creativos similares.","og_url":"https:\/\/interamerica.org\/es\/2014\/04\/decision-de-suspender-el-guardian-de-los-registros-va-acompanada-de-fuerte-apoyo-a-los-proyectos-misioneros-creativos\/","og_site_name":"Iglesia Adventista del S\u00e9ptimo D\u00eda - Divisi\u00f3n Interamericana","article_published_time":"2014-04-10T04:00:00+00:00","og_image":[{"width":400,"height":210,"url":"https:\/\/interamerica.org\/wp-content\/uploads\/2017\/06\/csm_record-keeper-inside-web_ec174e4985.jpg","type":"image\/jpeg"}],"author":"Lorenzo Verduzco","twitter_card":"summary_large_image","twitter_misc":{"Escrito por":"Lorenzo Verduzco","Tiempo de lectura":"3 minutos"},"schema":{"@context":"https:\/\/schema.org","@graph":[{"@type":"Article","@id":"https:\/\/interamerica.org\/es\/2014\/04\/decision-de-suspender-el-guardian-de-los-registros-va-acompanada-de-fuerte-apoyo-a-los-proyectos-misioneros-creativos\/#article","isPartOf":{"@id":"https:\/\/interamerica.org\/es\/2014\/04\/decision-de-suspender-el-guardian-de-los-registros-va-acompanada-de-fuerte-apoyo-a-los-proyectos-misioneros-creativos\/"},"author":{"name":"Lorenzo Verduzco","@id":"https:\/\/interamerica.org\/es\/#\/schema\/person\/68ede8bdc292885bb76c1e3810e73c39"},"headline":"Decisi\u00f3n de suspender \u00abEl guardi\u00e1n de los registros\u00bb va acompa\u00f1ada de fuerte apoyo a los proyectos misioneros creativos","datePublished":"2014-04-10T04:00:00+00:00","mainEntityOfPage":{"@id":"https:\/\/interamerica.org\/es\/2014\/04\/decision-de-suspender-el-guardian-de-los-registros-va-acompanada-de-fuerte-apoyo-a-los-proyectos-misioneros-creativos\/"},"wordCount":533,"image":{"@id":"https:\/\/interamerica.org\/es\/2014\/04\/decision-de-suspender-el-guardian-de-los-registros-va-acompanada-de-fuerte-apoyo-a-los-proyectos-misioneros-creativos\/#primaryimage"},"thumbnailUrl":"https:\/\/interamerica.org\/wp-content\/uploads\/2017\/06\/csm_record-keeper-inside-web_ec174e4985.jpg","articleSection":["Desde la iglesia mundial"],"inLanguage":"es"},{"@type":"WebPage","@id":"https:\/\/interamerica.org\/es\/2014\/04\/decision-de-suspender-el-guardian-de-los-registros-va-acompanada-de-fuerte-apoyo-a-los-proyectos-misioneros-creativos\/","url":"https:\/\/interamerica.org\/es\/2014\/04\/decision-de-suspender-el-guardian-de-los-registros-va-acompanada-de-fuerte-apoyo-a-los-proyectos-misioneros-creativos\/","name":"Decisi\u00f3n de suspender \"El guardi\u00e1n de los registros\" va acompa\u00f1ada de fuerte apoyo a los proyectos misioneros creativos - Iglesia Adventista del S\u00e9ptimo D\u00eda - Divisi\u00f3n Interamericana","isPartOf":{"@id":"https:\/\/interamerica.org\/es\/#website"},"primaryImageOfPage":{"@id":"https:\/\/interamerica.org\/es\/2014\/04\/decision-de-suspender-el-guardian-de-los-registros-va-acompanada-de-fuerte-apoyo-a-los-proyectos-misioneros-creativos\/#primaryimage"},"image":{"@id":"https:\/\/interamerica.org\/es\/2014\/04\/decision-de-suspender-el-guardian-de-los-registros-va-acompanada-de-fuerte-apoyo-a-los-proyectos-misioneros-creativos\/#primaryimage"},"thumbnailUrl":"https:\/\/interamerica.org\/wp-content\/uploads\/2017\/06\/csm_record-keeper-inside-web_ec174e4985.jpg","datePublished":"2014-04-10T04:00:00+00:00","author":{"@id":"https:\/\/interamerica.org\/es\/#\/schema\/person\/68ede8bdc292885bb76c1e3810e73c39"},"breadcrumb":{"@id":"https:\/\/interamerica.org\/es\/2014\/04\/decision-de-suspender-el-guardian-de-los-registros-va-acompanada-de-fuerte-apoyo-a-los-proyectos-misioneros-creativos\/#breadcrumb"},"inLanguage":"es","potentialAction":[{"@type":"ReadAction","target":["https:\/\/interamerica.org\/es\/2014\/04\/decision-de-suspender-el-guardian-de-los-registros-va-acompanada-de-fuerte-apoyo-a-los-proyectos-misioneros-creativos\/"]}]},{"@type":"ImageObject","inLanguage":"es","@id":"https:\/\/interamerica.org\/es\/2014\/04\/decision-de-suspender-el-guardian-de-los-registros-va-acompanada-de-fuerte-apoyo-a-los-proyectos-misioneros-creativos\/#primaryimage","url":"https:\/\/interamerica.org\/wp-content\/uploads\/2017\/06\/csm_record-keeper-inside-web_ec174e4985.jpg","contentUrl":"https:\/\/interamerica.org\/wp-content\/uploads\/2017\/06\/csm_record-keeper-inside-web_ec174e4985.jpg","width":400,"height":210},{"@type":"BreadcrumbList","@id":"https:\/\/interamerica.org\/es\/2014\/04\/decision-de-suspender-el-guardian-de-los-registros-va-acompanada-de-fuerte-apoyo-a-los-proyectos-misioneros-creativos\/#breadcrumb","itemListElement":[{"@type":"ListItem","position":1,"name":"Home","item":"https:\/\/interamerica.org\/es\/"},{"@type":"ListItem","position":2,"name":"Decisi\u00f3n de suspender &#8220;El guardi\u00e1n de los registros&#8221; va acompa\u00f1ada de fuerte apoyo a los proyectos misioneros creativos"}]},{"@type":"WebSite","@id":"https:\/\/interamerica.org\/es\/#website","url":"https:\/\/interamerica.org\/es\/","name":"Iglesia Adventista del S\u00e9ptimo D\u00eda - Divisi\u00f3n Interamericana","description":"","potentialAction":[{"@type":"SearchAction","target":{"@type":"EntryPoint","urlTemplate":"https:\/\/interamerica.org\/es\/?s={search_term_string}"},"query-input":{"@type":"PropertyValueSpecification","valueRequired":true,"valueName":"search_term_string"}}],"inLanguage":"es"},{"@type":"Person","@id":"https:\/\/interamerica.org\/es\/#\/schema\/person\/68ede8bdc292885bb76c1e3810e73c39","name":"Lorenzo Verduzco","image":{"@type":"ImageObject","inLanguage":"es","@id":"https:\/\/secure.gravatar.com\/avatar\/fb81a55b6218459490a9c1dc841a34909185b81904c5337b4b27f7a6fd60c49e?s=96&d=mm&r=g","url":"https:\/\/secure.gravatar.com\/avatar\/fb81a55b6218459490a9c1dc841a34909185b81904c5337b4b27f7a6fd60c49e?s=96&d=mm&r=g","contentUrl":"https:\/\/secure.gravatar.com\/avatar\/fb81a55b6218459490a9c1dc841a34909185b81904c5337b4b27f7a6fd60c49e?s=96&d=mm&r=g","caption":"Lorenzo Verduzco"}}]}},"_links":{"self":[{"href":"https:\/\/interamerica.org\/es\/wp-json\/wp\/v2\/posts\/30482","targetHints":{"allow":["GET"]}}],"collection":[{"href":"https:\/\/interamerica.org\/es\/wp-json\/wp\/v2\/posts"}],"about":[{"href":"https:\/\/interamerica.org\/es\/wp-json\/wp\/v2\/types\/post"}],"author":[{"embeddable":true,"href":"https:\/\/interamerica.org\/es\/wp-json\/wp\/v2\/users\/1"}],"replies":[{"embeddable":true,"href":"https:\/\/interamerica.org\/es\/wp-json\/wp\/v2\/comments?post=30482"}],"version-history":[{"count":0,"href":"https:\/\/interamerica.org\/es\/wp-json\/wp\/v2\/posts\/30482\/revisions"}],"wp:featuredmedia":[{"embeddable":true,"href":"https:\/\/interamerica.org\/es\/wp-json\/wp\/v2\/media\/22938"}],"wp:attachment":[{"href":"https:\/\/interamerica.org\/es\/wp-json\/wp\/v2\/media?parent=30482"}],"wp:term":[{"taxonomy":"category","embeddable":true,"href":"https:\/\/interamerica.org\/es\/wp-json\/wp\/v2\/categories?post=30482"},{"taxonomy":"post_tag","embeddable":true,"href":"https:\/\/interamerica.org\/es\/wp-json\/wp\/v2\/tags?post=30482"}],"curies":[{"name":"wp","href":"https:\/\/api.w.org\/{rel}","templated":true}]}}