{"id":30484,"date":"2014-04-10T00:00:00","date_gmt":"2014-04-10T04:00:00","guid":{"rendered":"http:\/\/192.81.217.108\/interamerica\/2014\/04\/mexico-festival-de-libertad-religiosa-subraya-la-importancia-de-promover-la-libertad-de-creencia\/"},"modified":"2014-04-10T00:00:00","modified_gmt":"2014-04-10T04:00:00","slug":"mexico-festival-de-libertad-religiosa-subraya-la-importancia-de-promover-la-libertad-de-creencia","status":"publish","type":"post","link":"https:\/\/interamerica.org\/es\/2014\/04\/mexico-festival-de-libertad-religiosa-subraya-la-importancia-de-promover-la-libertad-de-creencia\/","title":{"rendered":"M\u00e9xico: Festival de Libertad Religiosa subraya la importancia de promover la libertad de creencia"},"content":{"rendered":"<div id=\"attachment_11132\" style=\"width: 477px\" class=\"wp-caption aligncenter\"><a href=\"\/interamerica\/wp-content\/uploads\/2017\/06\/SEMU-RLfestival.png\" rel=\"fancybox\" title=\"M\u00e9xico: Festival de Libertad Religiosa subraya la importancia de promover la libertad de creencia\"><img fetchpriority=\"high\" decoding=\"async\" aria-describedby=\"caption-attachment-11132\" class=\"size-full wp-image-11132 \" src=\"\/interamerica\/wp-content\/uploads\/2017\/06\/SEMU-RLfestival.png\" alt=\"\" width=\"467\" height=\"351\" \/><\/a><p id=\"caption-attachment-11132\" class=\"wp-caption-text\">John Graz, (derecha), director del departamento de Asuntos P\u00fablicos y Libertad Religiosa de la Iglesia Adventista del S\u00e9ptimo D\u00eda mundial, sostiene una antorcha en el escenario del Complejo Ol\u00edmpico Inal\u00e1mbrica, en M\u00e9rida, Yucat\u00e1n, M\u00e9xico, durante el Festival de Libertad Religiosa celebrado el pasado s\u00e1bado 22 de marzo. Los oradores instaron a los presentes a continuar esforz\u00e1ndose en pro de la libertad religiosa en el sureste de M\u00e9xico. A la izquierda, el pastor Roberto Herrera, director PARL de la Iglesia Adventista en Interam\u00e9rica, quien organiz\u00f3 el festival. Imagen por Jos\u00e9 Luis M\u00e9ndez Zetina.<\/p><\/div>\n<p>10 de abril de 2014 \u2013 M\u00e9rida, Yucat\u00e1n, M\u00e9xico&#8230;Personal DIA<\/p>\n<p>El mes pasado, un festival de libertad religiosa atrajo a centenares de miembros adventistas en la regi\u00f3n sureste de M\u00e9xico, con el fin de celebrar la libertad religiosa existente en la naci\u00f3n, promover los derechos de expresi\u00f3n de creencia y subrayar la importancia de defender la libertad religiosa de todos por igual.<\/p>\n<p>Esta celebraci\u00f3n, de la cual la Uni\u00f3n Mexicana del Sureste de la Iglesia Adventista fue anfitriona, fue a la vez patrocinada por la Asociaci\u00f3n Internacional de Libertad Religiosa \u2013PARL (por sus siglas en ingl\u00e9s). Unos 2,500 defensores de la libertad religiosa de los Estados de Campeche, Quintana Roo y Tabasco se reunieron para el evento en el Complejo Ol\u00edmpico Inal\u00e1mbrica, en M\u00e9rida, Yucat\u00e1n, M\u00e9xico.<\/p>\n<p>El Dr. John Graz, director del departamento de Asuntos P\u00fablicos y Libertad Religiosa de la iglesia mundial, inst\u00f3 a la audiencia a unir sus voces para decirles a Dios y a M\u00e9xico y sus autoridades: \u201cGracias por la libertad religiosa que amamos y deseamos conservar\u201d.<\/p>\n<p>El Dr. Graz inst\u00f3 adem\u00e1s a cada presente, a recordar a aquellos en todo el mundo que actualmente sufren persecuci\u00f3n y discriminaci\u00f3n por causa de sus creencias religiosas. \u201cNing\u00fan ser humano deber\u00eda sufrir por tener una religi\u00f3n de acuerdo a su conciencia, verse obligado a cambiar de religi\u00f3n, o a profesar su religi\u00f3n solamente en privado\u201d.<\/p>\n<p>El director de Asuntos Religiosos de Yucat\u00e1n, Enrique Sosa Mendoza y el director de Asuntos P\u00fablicos de M\u00e9rida, Salvador Vitelli Mac\u00edas, se dirigieron a la audiencia y aplaudieron los esfuerzos de la iglesia al promover la libertad religiosa, prometiendo continuar fomentando un ambiente de libertad religiosa en todo el Estado de Yucat\u00e1n.<\/p>\n<p>El Pastor Isa\u00edas Espinoza, presidente de la iglesia en el Sureste de M\u00e9xico, expres\u00f3 su alegr\u00eda por la primera celebraci\u00f3n de un festival de libertad religiosa organizado en esa regi\u00f3n de la iglesia y prometi\u00f3, juntamente con su administraci\u00f3n y directores de departamentos, continuar promoviendo la libertad religiosa.<\/p>\n<p>\u201cM\u00e9xico es un pa\u00eds que ofrece libertad religiosa a todos sus habitantes\u201d, dijo el Pastor Roberto Herrera, director de libertad religiosa de la iglesia en Interam\u00e9rica. Fue muy adecuado que un festival de libertad religiosa ayudara a los miembros de iglesia y defensores de la misma a entender mejor el papel de la libertad religiosa y la importancia de defenderla\u201d.<\/p>\n<p>El Pastor Herrera dijo que con anterioridad al festival, se reunieron con los ministros para animarlos a formar y mantener buenas relaciones con las autoridades de gobierno, las comunidades religiosas y la comunidad en general.<\/p>\n<p>\u201cAl llevar a cabo actividades de evangelizaci\u00f3n, asegur\u00e9monos que son actividades positivas y sensatas, y que sean puentes de amistad hacia la comunidad y otras iglesias\u201d, dijo el Pastor Herrera.<\/p>\n<p>\u201cSomos una iglesia positiva y deseamos ser percibidos como miembros y l\u00edderes positivos, a fin de mantener abiertas las puertas, de manera que podamos cumplir nuestra misi\u00f3n y ser aceptados por los dem\u00e1s\u201d.<\/p>\n<p>Para m\u00e1s informaci\u00f3n sobre la Iglesia Adventista del S\u00e9ptimo D\u00eda en el sureste de M\u00e9xico, pulsa <a href=\"http:\/\/unionsureste.org.mx\/\">HERE<\/a><br \/>\nTraducci\u00f3n por Gloria A. Castrej\u00f3n<\/p>\n","protected":false},"excerpt":{"rendered":"<p>El mes pasado, un festival de libertad religiosa atrajo a centenares de miembros adventistas en la regi\u00f3n sureste de M\u00e9xico, con el fin de celebrar la libertad religiosa existente en la naci\u00f3n, promover los derechos de expresi\u00f3n de creencia y subrayar la importancia de defender la libertad religiosa de todos por igual.<\/p>\n","protected":false},"author":1,"featured_media":22931,"comment_status":"closed","ping_status":"closed","sticky":false,"template":"","format":"standard","meta":{"_acf_changed":false,"footnotes":""},"categories":[17],"tags":[],"class_list":["post-30484","post","type-post","status-publish","format-standard","has-post-thumbnail","hentry","category-desde-el-campo"],"acf":[],"yoast_head":"<!-- This site is optimized with the Yoast SEO plugin v27.3 - https:\/\/yoast.com\/product\/yoast-seo-wordpress\/ -->\n<title>M\u00e9xico: Festival de Libertad Religiosa subraya la importancia de promover la libertad de creencia - Iglesia Adventista del S\u00e9ptimo D\u00eda - Divisi\u00f3n Interamericana<\/title>\n<meta name=\"robots\" content=\"index, follow, max-snippet:-1, max-image-preview:large, max-video-preview:-1\" \/>\n<link rel=\"canonical\" href=\"https:\/\/interamerica.org\/es\/2014\/04\/mexico-festival-de-libertad-religiosa-subraya-la-importancia-de-promover-la-libertad-de-creencia\/\" \/>\n<meta property=\"og:locale\" content=\"es_ES\" \/>\n<meta property=\"og:type\" content=\"article\" \/>\n<meta property=\"og:title\" content=\"M\u00e9xico: Festival de Libertad Religiosa subraya la importancia de promover la libertad de creencia - Iglesia Adventista del S\u00e9ptimo D\u00eda - Divisi\u00f3n Interamericana\" \/>\n<meta property=\"og:description\" content=\"El mes pasado, un festival de libertad religiosa atrajo a centenares de miembros adventistas en la regi\u00f3n sureste de M\u00e9xico, con el fin de celebrar la libertad religiosa existente en la naci\u00f3n, promover los derechos de expresi\u00f3n de creencia y subrayar la importancia de defender la libertad religiosa de todos por igual.\" \/>\n<meta property=\"og:url\" content=\"https:\/\/interamerica.org\/es\/2014\/04\/mexico-festival-de-libertad-religiosa-subraya-la-importancia-de-promover-la-libertad-de-creencia\/\" \/>\n<meta property=\"og:site_name\" content=\"Iglesia Adventista del S\u00e9ptimo D\u00eda - Divisi\u00f3n Interamericana\" \/>\n<meta property=\"article:published_time\" content=\"2014-04-10T04:00:00+00:00\" \/>\n<meta property=\"og:image\" content=\"https:\/\/interamerica.org\/wp-content\/uploads\/2017\/06\/SEMU-RLfestival.png\" \/>\n\t<meta property=\"og:image:width\" content=\"467\" \/>\n\t<meta property=\"og:image:height\" content=\"351\" \/>\n\t<meta property=\"og:image:type\" content=\"image\/png\" \/>\n<meta name=\"author\" content=\"Lorenzo Verduzco\" \/>\n<meta name=\"twitter:card\" content=\"summary_large_image\" \/>\n<meta name=\"twitter:label1\" content=\"Escrito por\" \/>\n\t<meta name=\"twitter:data1\" content=\"Lorenzo Verduzco\" \/>\n\t<meta name=\"twitter:label2\" content=\"Tiempo de lectura\" \/>\n\t<meta name=\"twitter:data2\" content=\"3 minutos\" \/>\n<script type=\"application\/ld+json\" class=\"yoast-schema-graph\">{\"@context\":\"https:\\\/\\\/schema.org\",\"@graph\":[{\"@type\":\"Article\",\"@id\":\"https:\\\/\\\/interamerica.org\\\/es\\\/2014\\\/04\\\/mexico-festival-de-libertad-religiosa-subraya-la-importancia-de-promover-la-libertad-de-creencia\\\/#article\",\"isPartOf\":{\"@id\":\"https:\\\/\\\/interamerica.org\\\/es\\\/2014\\\/04\\\/mexico-festival-de-libertad-religiosa-subraya-la-importancia-de-promover-la-libertad-de-creencia\\\/\"},\"author\":{\"name\":\"Lorenzo Verduzco\",\"@id\":\"https:\\\/\\\/interamerica.org\\\/es\\\/#\\\/schema\\\/person\\\/68ede8bdc292885bb76c1e3810e73c39\"},\"headline\":\"M\u00e9xico: Festival de Libertad Religiosa subraya la importancia de promover la libertad de creencia\",\"datePublished\":\"2014-04-10T04:00:00+00:00\",\"mainEntityOfPage\":{\"@id\":\"https:\\\/\\\/interamerica.org\\\/es\\\/2014\\\/04\\\/mexico-festival-de-libertad-religiosa-subraya-la-importancia-de-promover-la-libertad-de-creencia\\\/\"},\"wordCount\":682,\"image\":{\"@id\":\"https:\\\/\\\/interamerica.org\\\/es\\\/2014\\\/04\\\/mexico-festival-de-libertad-religiosa-subraya-la-importancia-de-promover-la-libertad-de-creencia\\\/#primaryimage\"},\"thumbnailUrl\":\"https:\\\/\\\/interamerica.org\\\/wp-content\\\/uploads\\\/2017\\\/06\\\/SEMU-RLfestival.png\",\"articleSection\":[\"Desde el campo\"],\"inLanguage\":\"es\"},{\"@type\":\"WebPage\",\"@id\":\"https:\\\/\\\/interamerica.org\\\/es\\\/2014\\\/04\\\/mexico-festival-de-libertad-religiosa-subraya-la-importancia-de-promover-la-libertad-de-creencia\\\/\",\"url\":\"https:\\\/\\\/interamerica.org\\\/es\\\/2014\\\/04\\\/mexico-festival-de-libertad-religiosa-subraya-la-importancia-de-promover-la-libertad-de-creencia\\\/\",\"name\":\"M\u00e9xico: Festival de Libertad Religiosa subraya la importancia de promover la libertad de creencia - Iglesia Adventista del S\u00e9ptimo D\u00eda - Divisi\u00f3n Interamericana\",\"isPartOf\":{\"@id\":\"https:\\\/\\\/interamerica.org\\\/es\\\/#website\"},\"primaryImageOfPage\":{\"@id\":\"https:\\\/\\\/interamerica.org\\\/es\\\/2014\\\/04\\\/mexico-festival-de-libertad-religiosa-subraya-la-importancia-de-promover-la-libertad-de-creencia\\\/#primaryimage\"},\"image\":{\"@id\":\"https:\\\/\\\/interamerica.org\\\/es\\\/2014\\\/04\\\/mexico-festival-de-libertad-religiosa-subraya-la-importancia-de-promover-la-libertad-de-creencia\\\/#primaryimage\"},\"thumbnailUrl\":\"https:\\\/\\\/interamerica.org\\\/wp-content\\\/uploads\\\/2017\\\/06\\\/SEMU-RLfestival.png\",\"datePublished\":\"2014-04-10T04:00:00+00:00\",\"author\":{\"@id\":\"https:\\\/\\\/interamerica.org\\\/es\\\/#\\\/schema\\\/person\\\/68ede8bdc292885bb76c1e3810e73c39\"},\"breadcrumb\":{\"@id\":\"https:\\\/\\\/interamerica.org\\\/es\\\/2014\\\/04\\\/mexico-festival-de-libertad-religiosa-subraya-la-importancia-de-promover-la-libertad-de-creencia\\\/#breadcrumb\"},\"inLanguage\":\"es\",\"potentialAction\":[{\"@type\":\"ReadAction\",\"target\":[\"https:\\\/\\\/interamerica.org\\\/es\\\/2014\\\/04\\\/mexico-festival-de-libertad-religiosa-subraya-la-importancia-de-promover-la-libertad-de-creencia\\\/\"]}]},{\"@type\":\"ImageObject\",\"inLanguage\":\"es\",\"@id\":\"https:\\\/\\\/interamerica.org\\\/es\\\/2014\\\/04\\\/mexico-festival-de-libertad-religiosa-subraya-la-importancia-de-promover-la-libertad-de-creencia\\\/#primaryimage\",\"url\":\"https:\\\/\\\/interamerica.org\\\/wp-content\\\/uploads\\\/2017\\\/06\\\/SEMU-RLfestival.png\",\"contentUrl\":\"https:\\\/\\\/interamerica.org\\\/wp-content\\\/uploads\\\/2017\\\/06\\\/SEMU-RLfestival.png\",\"width\":467,\"height\":351},{\"@type\":\"BreadcrumbList\",\"@id\":\"https:\\\/\\\/interamerica.org\\\/es\\\/2014\\\/04\\\/mexico-festival-de-libertad-religiosa-subraya-la-importancia-de-promover-la-libertad-de-creencia\\\/#breadcrumb\",\"itemListElement\":[{\"@type\":\"ListItem\",\"position\":1,\"name\":\"Home\",\"item\":\"https:\\\/\\\/interamerica.org\\\/es\\\/\"},{\"@type\":\"ListItem\",\"position\":2,\"name\":\"M\u00e9xico: Festival de Libertad Religiosa subraya la importancia de promover la libertad de creencia\"}]},{\"@type\":\"WebSite\",\"@id\":\"https:\\\/\\\/interamerica.org\\\/es\\\/#website\",\"url\":\"https:\\\/\\\/interamerica.org\\\/es\\\/\",\"name\":\"Iglesia Adventista del S\u00e9ptimo D\u00eda - Divisi\u00f3n Interamericana\",\"description\":\"\",\"potentialAction\":[{\"@type\":\"SearchAction\",\"target\":{\"@type\":\"EntryPoint\",\"urlTemplate\":\"https:\\\/\\\/interamerica.org\\\/es\\\/?s={search_term_string}\"},\"query-input\":{\"@type\":\"PropertyValueSpecification\",\"valueRequired\":true,\"valueName\":\"search_term_string\"}}],\"inLanguage\":\"es\"},{\"@type\":\"Person\",\"@id\":\"https:\\\/\\\/interamerica.org\\\/es\\\/#\\\/schema\\\/person\\\/68ede8bdc292885bb76c1e3810e73c39\",\"name\":\"Lorenzo Verduzco\",\"image\":{\"@type\":\"ImageObject\",\"inLanguage\":\"es\",\"@id\":\"https:\\\/\\\/secure.gravatar.com\\\/avatar\\\/fb81a55b6218459490a9c1dc841a34909185b81904c5337b4b27f7a6fd60c49e?s=96&d=mm&r=g\",\"url\":\"https:\\\/\\\/secure.gravatar.com\\\/avatar\\\/fb81a55b6218459490a9c1dc841a34909185b81904c5337b4b27f7a6fd60c49e?s=96&d=mm&r=g\",\"contentUrl\":\"https:\\\/\\\/secure.gravatar.com\\\/avatar\\\/fb81a55b6218459490a9c1dc841a34909185b81904c5337b4b27f7a6fd60c49e?s=96&d=mm&r=g\",\"caption\":\"Lorenzo Verduzco\"}}]}<\/script>\n<!-- \/ Yoast SEO plugin. -->","yoast_head_json":{"title":"M\u00e9xico: Festival de Libertad Religiosa subraya la importancia de promover la libertad de creencia - Iglesia Adventista del S\u00e9ptimo D\u00eda - Divisi\u00f3n Interamericana","robots":{"index":"index","follow":"follow","max-snippet":"max-snippet:-1","max-image-preview":"max-image-preview:large","max-video-preview":"max-video-preview:-1"},"canonical":"https:\/\/interamerica.org\/es\/2014\/04\/mexico-festival-de-libertad-religiosa-subraya-la-importancia-de-promover-la-libertad-de-creencia\/","og_locale":"es_ES","og_type":"article","og_title":"M\u00e9xico: Festival de Libertad Religiosa subraya la importancia de promover la libertad de creencia - Iglesia Adventista del S\u00e9ptimo D\u00eda - Divisi\u00f3n Interamericana","og_description":"El mes pasado, un festival de libertad religiosa atrajo a centenares de miembros adventistas en la regi\u00f3n sureste de M\u00e9xico, con el fin de celebrar la libertad religiosa existente en la naci\u00f3n, promover los derechos de expresi\u00f3n de creencia y subrayar la importancia de defender la libertad religiosa de todos por igual.","og_url":"https:\/\/interamerica.org\/es\/2014\/04\/mexico-festival-de-libertad-religiosa-subraya-la-importancia-de-promover-la-libertad-de-creencia\/","og_site_name":"Iglesia Adventista del S\u00e9ptimo D\u00eda - Divisi\u00f3n Interamericana","article_published_time":"2014-04-10T04:00:00+00:00","og_image":[{"width":467,"height":351,"url":"https:\/\/interamerica.org\/wp-content\/uploads\/2017\/06\/SEMU-RLfestival.png","type":"image\/png"}],"author":"Lorenzo Verduzco","twitter_card":"summary_large_image","twitter_misc":{"Escrito por":"Lorenzo Verduzco","Tiempo de lectura":"3 minutos"},"schema":{"@context":"https:\/\/schema.org","@graph":[{"@type":"Article","@id":"https:\/\/interamerica.org\/es\/2014\/04\/mexico-festival-de-libertad-religiosa-subraya-la-importancia-de-promover-la-libertad-de-creencia\/#article","isPartOf":{"@id":"https:\/\/interamerica.org\/es\/2014\/04\/mexico-festival-de-libertad-religiosa-subraya-la-importancia-de-promover-la-libertad-de-creencia\/"},"author":{"name":"Lorenzo Verduzco","@id":"https:\/\/interamerica.org\/es\/#\/schema\/person\/68ede8bdc292885bb76c1e3810e73c39"},"headline":"M\u00e9xico: Festival de Libertad Religiosa subraya la importancia de promover la libertad de creencia","datePublished":"2014-04-10T04:00:00+00:00","mainEntityOfPage":{"@id":"https:\/\/interamerica.org\/es\/2014\/04\/mexico-festival-de-libertad-religiosa-subraya-la-importancia-de-promover-la-libertad-de-creencia\/"},"wordCount":682,"image":{"@id":"https:\/\/interamerica.org\/es\/2014\/04\/mexico-festival-de-libertad-religiosa-subraya-la-importancia-de-promover-la-libertad-de-creencia\/#primaryimage"},"thumbnailUrl":"https:\/\/interamerica.org\/wp-content\/uploads\/2017\/06\/SEMU-RLfestival.png","articleSection":["Desde el campo"],"inLanguage":"es"},{"@type":"WebPage","@id":"https:\/\/interamerica.org\/es\/2014\/04\/mexico-festival-de-libertad-religiosa-subraya-la-importancia-de-promover-la-libertad-de-creencia\/","url":"https:\/\/interamerica.org\/es\/2014\/04\/mexico-festival-de-libertad-religiosa-subraya-la-importancia-de-promover-la-libertad-de-creencia\/","name":"M\u00e9xico: Festival de Libertad Religiosa subraya la importancia de promover la libertad de creencia - Iglesia Adventista del S\u00e9ptimo D\u00eda - Divisi\u00f3n Interamericana","isPartOf":{"@id":"https:\/\/interamerica.org\/es\/#website"},"primaryImageOfPage":{"@id":"https:\/\/interamerica.org\/es\/2014\/04\/mexico-festival-de-libertad-religiosa-subraya-la-importancia-de-promover-la-libertad-de-creencia\/#primaryimage"},"image":{"@id":"https:\/\/interamerica.org\/es\/2014\/04\/mexico-festival-de-libertad-religiosa-subraya-la-importancia-de-promover-la-libertad-de-creencia\/#primaryimage"},"thumbnailUrl":"https:\/\/interamerica.org\/wp-content\/uploads\/2017\/06\/SEMU-RLfestival.png","datePublished":"2014-04-10T04:00:00+00:00","author":{"@id":"https:\/\/interamerica.org\/es\/#\/schema\/person\/68ede8bdc292885bb76c1e3810e73c39"},"breadcrumb":{"@id":"https:\/\/interamerica.org\/es\/2014\/04\/mexico-festival-de-libertad-religiosa-subraya-la-importancia-de-promover-la-libertad-de-creencia\/#breadcrumb"},"inLanguage":"es","potentialAction":[{"@type":"ReadAction","target":["https:\/\/interamerica.org\/es\/2014\/04\/mexico-festival-de-libertad-religiosa-subraya-la-importancia-de-promover-la-libertad-de-creencia\/"]}]},{"@type":"ImageObject","inLanguage":"es","@id":"https:\/\/interamerica.org\/es\/2014\/04\/mexico-festival-de-libertad-religiosa-subraya-la-importancia-de-promover-la-libertad-de-creencia\/#primaryimage","url":"https:\/\/interamerica.org\/wp-content\/uploads\/2017\/06\/SEMU-RLfestival.png","contentUrl":"https:\/\/interamerica.org\/wp-content\/uploads\/2017\/06\/SEMU-RLfestival.png","width":467,"height":351},{"@type":"BreadcrumbList","@id":"https:\/\/interamerica.org\/es\/2014\/04\/mexico-festival-de-libertad-religiosa-subraya-la-importancia-de-promover-la-libertad-de-creencia\/#breadcrumb","itemListElement":[{"@type":"ListItem","position":1,"name":"Home","item":"https:\/\/interamerica.org\/es\/"},{"@type":"ListItem","position":2,"name":"M\u00e9xico: Festival de Libertad Religiosa subraya la importancia de promover la libertad de creencia"}]},{"@type":"WebSite","@id":"https:\/\/interamerica.org\/es\/#website","url":"https:\/\/interamerica.org\/es\/","name":"Iglesia Adventista del S\u00e9ptimo D\u00eda - Divisi\u00f3n Interamericana","description":"","potentialAction":[{"@type":"SearchAction","target":{"@type":"EntryPoint","urlTemplate":"https:\/\/interamerica.org\/es\/?s={search_term_string}"},"query-input":{"@type":"PropertyValueSpecification","valueRequired":true,"valueName":"search_term_string"}}],"inLanguage":"es"},{"@type":"Person","@id":"https:\/\/interamerica.org\/es\/#\/schema\/person\/68ede8bdc292885bb76c1e3810e73c39","name":"Lorenzo Verduzco","image":{"@type":"ImageObject","inLanguage":"es","@id":"https:\/\/secure.gravatar.com\/avatar\/fb81a55b6218459490a9c1dc841a34909185b81904c5337b4b27f7a6fd60c49e?s=96&d=mm&r=g","url":"https:\/\/secure.gravatar.com\/avatar\/fb81a55b6218459490a9c1dc841a34909185b81904c5337b4b27f7a6fd60c49e?s=96&d=mm&r=g","contentUrl":"https:\/\/secure.gravatar.com\/avatar\/fb81a55b6218459490a9c1dc841a34909185b81904c5337b4b27f7a6fd60c49e?s=96&d=mm&r=g","caption":"Lorenzo Verduzco"}}]}},"_links":{"self":[{"href":"https:\/\/interamerica.org\/es\/wp-json\/wp\/v2\/posts\/30484","targetHints":{"allow":["GET"]}}],"collection":[{"href":"https:\/\/interamerica.org\/es\/wp-json\/wp\/v2\/posts"}],"about":[{"href":"https:\/\/interamerica.org\/es\/wp-json\/wp\/v2\/types\/post"}],"author":[{"embeddable":true,"href":"https:\/\/interamerica.org\/es\/wp-json\/wp\/v2\/users\/1"}],"replies":[{"embeddable":true,"href":"https:\/\/interamerica.org\/es\/wp-json\/wp\/v2\/comments?post=30484"}],"version-history":[{"count":0,"href":"https:\/\/interamerica.org\/es\/wp-json\/wp\/v2\/posts\/30484\/revisions"}],"wp:featuredmedia":[{"embeddable":true,"href":"https:\/\/interamerica.org\/es\/wp-json\/wp\/v2\/media\/22931"}],"wp:attachment":[{"href":"https:\/\/interamerica.org\/es\/wp-json\/wp\/v2\/media?parent=30484"}],"wp:term":[{"taxonomy":"category","embeddable":true,"href":"https:\/\/interamerica.org\/es\/wp-json\/wp\/v2\/categories?post=30484"},{"taxonomy":"post_tag","embeddable":true,"href":"https:\/\/interamerica.org\/es\/wp-json\/wp\/v2\/tags?post=30484"}],"curies":[{"name":"wp","href":"https:\/\/api.w.org\/{rel}","templated":true}]}}