{"id":30486,"date":"2014-04-17T00:00:00","date_gmt":"2014-04-17T04:00:00","guid":{"rendered":"http:\/\/192.81.217.108\/interamerica\/2014\/04\/lideres-adventistas-promueven-entrenamiento-en-socorrismo-de-respuesta-inmediata-en-caso-de-violencia-domestica\/"},"modified":"2014-04-17T00:00:00","modified_gmt":"2014-04-17T04:00:00","slug":"lideres-adventistas-promueven-entrenamiento-en-socorrismo-de-respuesta-inmediata-en-caso-de-violencia-domestica","status":"publish","type":"post","link":"https:\/\/interamerica.org\/es\/2014\/04\/lideres-adventistas-promueven-entrenamiento-en-socorrismo-de-respuesta-inmediata-en-caso-de-violencia-domestica\/","title":{"rendered":"L\u00edderes adventistas promueven entrenamiento en socorrismo de respuesta inmediata en caso de violencia dom\u00e9stica"},"content":{"rendered":"<p>16 de abril de 2014 &#8211; Silver Spring, Maryland, Estados Unidos&#8230;Ansel Oliver\/ANN<\/p>\n<p>Dirigentes de la Iglesia Adventista del S\u00e9ptimo D\u00eda estar\u00e1n celebrando el mes entrante una cumbre de cuatro d\u00edas de duraci\u00f3n, continuando por parte de la denominaci\u00f3n la labor de concientizaci\u00f3n en cuanto al abuso, enfocando esta vez la atenci\u00f3n en la necesidad de socorristas bien entrenados en las congregaciones locales de todo el mundo.<\/p>\n<div id=\"attachment_11430\" style=\"width: 310px\" class=\"wp-caption alignright\"><a href=\"\/interamerica\/wp-content\/uploads\/2017\/06\/csm_end-it-now-web_9a073af1dd.jpg\" rel=\"fancybox\" title=\"L\u00edderes adventistas promueven entrenamiento en socorrismo de respuesta inmediata en caso de violencia dom\u00e9stica\"><img fetchpriority=\"high\" decoding=\"async\" aria-describedby=\"caption-attachment-11430\" class=\"size-medium wp-image-11430\" src=\"\/interamerica\/wp-content\/uploads\/2017\/06\/csm_end-it-now-web_9a073af1dd-300x185.jpg\" alt=\"\" width=\"300\" height=\"185\" \/><\/a><p id=\"caption-attachment-11430\" class=\"wp-caption-text\">La Cumbre sobre Abuso \u201cEndItNow\u201d se llevar\u00e1 a cabo en las oficinas mundiales de la Iglesia Adventista, del 1 al 4 de mayo.<\/p><\/div>\n<p>La Cumbre sobre Abuso \u201cEndItNow\u201d se llevar\u00e1 a cabo en las oficinas mundiales de la iglesia, en Silver Spring, Maryland, Estados Unidos, del 1 al 4 de mayo. La cumbre incluir\u00e1 entrenamiento para socorristas o personas que respondan inmediatamente en caso de emergencia, dise\u00f1ado en la Universidad Adventista Southern, en el Estado de Tennessee, Estados Unidos.<\/p>\n<p>\u201cEs perturbadora la cantidad de abuso que tiene lugar dentro de los hogares cristianos y del que no nos damos cuenta\u201d, dijo Heather-Dawn Small, directora del departamento de Ministerio de la Mujer de la iglesia mundial. \u201cDeseamos que los asistentes a esta cumbre regresen a sus iglesias y entrenen a otros como socorristas de respuesta inmediata en caso de necesidad, a fin de que puedan ayudar a la gente que est\u00e1 siendo abusada\u201d.<\/p>\n<p>Su departamento copatrocina esta cumbre, en conjunto con el departamento de Ministerio de la Mujer de la Divisi\u00f3n Norteamericana de la denominaci\u00f3n. Otros departamentos que brindan apoyo adicional son el Ministerio de Salud, Ministerio de la Familia, Ministerio Juvenil, Ministerio de Capellan\u00eda Adventista y la Asociaci\u00f3n Ministerial.<\/p>\n<p>Desde el 2001, la denominaci\u00f3n ha <a href=\"http:\/\/news.adventist.org\/all-commentaries\/commentary\/go\/0\/10th-abuse-prevention-emphasis-sabbath-is-august-27\/\">patrocinado<\/a> un \u201cs\u00e1bado de \u00e9nfasis en prevenci\u00f3n del abuso\u201d en todo el mundo, el cuarto s\u00e1bado de agosto. La directora Small dijo que esta iniciativa contin\u00faa como s\u00e1bado \u201cEndItNow\u201d. Muchas unidades administrativas en la denominaci\u00f3n siguen promoviendo intensamente este asunto.<\/p>\n<p>Dijo tambi\u00e9n que la Iglesia Adventista lleva la delantera respecto a otras organizaciones religiosas en cuanto a admitir el problema y promover concientizaci\u00f3n al respecto, a fin de brindar sanidad y esperanza a las personas abusadas. Las campa\u00f1as anuales previas han enfocado su atenci\u00f3n en el abuso infantil, la violencia hacia las mujeres y el abuso emocional.<\/p>\n<p>\u201cLa gente necesita estar consciente de que el abuso es una realidad y necesita saber lo que se debe hacer al respecto\u201d, dijo la directora Small. \u201cMuchas veces la gente simplemente dice que se lleve el caso al pastor. Pero los pastores necesitan tambi\u00e9n este entrenamiento de socorro inmediato\u201d.<\/p>\n<p>Agreg\u00f3 que la gente necesita estar consciente de lo que debe y no debe decir a una persona que revela que ha sido abusada. El saber escuchar es clave, dijo. Adem\u00e1s, la persona que socorre necesita determinar si la v\u00edctima desea informarlo a la polic\u00eda o ver a un m\u00e9dico. Con frecuencia hay necesidad de traer a un trabajador social para que eval\u00fae la situaci\u00f3n, agreg\u00f3.<\/p>\n<p>Dijo adem\u00e1s que la gente necesita tambi\u00e9n estar al tanto de las se\u00f1ales que indican que una persona puede ser un abusador. Una se\u00f1al de alarma, dijo, es el control. \u201cEsa persona te dice qu\u00e9 debes vestir, c\u00f3mo arreglar tu cabello, d\u00f3nde ir \u2013eso significa que no te respeta y no te deja tomar tus propias decisiones\u201d. Una se\u00f1al presentada por un abusador emocional potencial, dijo adem\u00e1s, es que se enoja mucho cuando su pareja no est\u00e1 de acuerdo con \u00e9l.<\/p>\n<p>La directora Small dijo que muchas personas se sorprender\u00edan de cu\u00e1n frecuentemente el abuso f\u00edsico comienza mientras la pareja est\u00e1 todav\u00eda en la etapa de noviazgo, y todav\u00eda as\u00ed llegan a contraer matrimonio, cuando uno de los dos espera que el otro va a cambiar. \u201cLo que estamos encontrando es que muchas de nuestras jovencitas est\u00e1n ya dentro de una relaci\u00f3n abusiva, ya sea f\u00edsica o emocionalmente, y se sienten impotentes para salirse de esa relaci\u00f3n de noviazgo.<\/p>\n<p>Willie Oliver, codirector del departamento de Ministerio de la Familia, de la denominaci\u00f3n, confirm\u00f3 que al abuso est\u00e1 ocurriendo dentro de los hogares cristianos.<\/p>\n<p>\u201cComo pueblo de Dios, es nuestra responsabilidad ayudar a la gente que est\u00e1 en necesidad\u201d, dijo. Deseamos que cada persona est\u00e9 bien; tanto las que est\u00e1n siendo abusadas como las que est\u00e1n perpetrando el abuso. Pero eso no va a suceder hasta que reconozcamos el hecho de que el abuso est\u00e1 presente en muchos de nuestros hogares. Tenemos que ayudar intencionalmente a aquellas personas que est\u00e1n siendo abusadas, a encontrar seguridad y ayuda emocional. Debemos preocuparnos tambi\u00e9n por proporcionar ayuda a los abusadores que est\u00e1n dispuestos a cambiar\u201d.<\/p>\n<p>Para inscribirte en la cumbre o para ver nuestros recursos sobre prevenci\u00f3n del abuso, pulsa <a href=\"http:\/\/adventistwomensministries.org\/\">adventistwomensministries.org<\/a> or <a href=\"www.enditnow.org\">enditnow.org<\/a>.<\/p>\n<p>Traducci\u00f3n por Gloria A. Castrej\u00f3n<\/p>\n","protected":false},"excerpt":{"rendered":"<p>Dirigentes de la Iglesia Adventista del S\u00e9ptimo D\u00eda estar\u00e1n celebrando el mes entrante una cumbre de cuatro d\u00edas de duraci\u00f3n, continuando por parte de la denominaci\u00f3n la labor de concientizaci\u00f3n en cuanto al abuso, enfocando esta vez la atenci\u00f3n en la necesidad de socorristas  bien entrenados en las congregaciones locales de todo el mundo.<\/p>\n","protected":false},"author":1,"featured_media":22977,"comment_status":"closed","ping_status":"closed","sticky":false,"template":"","format":"standard","meta":{"_acf_changed":false,"footnotes":""},"categories":[14],"tags":[],"class_list":["post-30486","post","type-post","status-publish","format-standard","has-post-thumbnail","hentry","category-de-la-iglesia-mundial"],"acf":[],"yoast_head":"<!-- This site is optimized with the Yoast SEO plugin v27.3 - https:\/\/yoast.com\/product\/yoast-seo-wordpress\/ -->\n<title>L\u00edderes adventistas promueven entrenamiento en socorrismo de respuesta inmediata en caso de violencia dom\u00e9stica - Iglesia Adventista del S\u00e9ptimo D\u00eda - Divisi\u00f3n Interamericana<\/title>\n<meta name=\"robots\" content=\"index, follow, max-snippet:-1, max-image-preview:large, max-video-preview:-1\" \/>\n<link rel=\"canonical\" href=\"https:\/\/interamerica.org\/es\/2014\/04\/lideres-adventistas-promueven-entrenamiento-en-socorrismo-de-respuesta-inmediata-en-caso-de-violencia-domestica\/\" \/>\n<meta property=\"og:locale\" content=\"es_ES\" \/>\n<meta property=\"og:type\" content=\"article\" \/>\n<meta property=\"og:title\" content=\"L\u00edderes adventistas promueven entrenamiento en socorrismo de respuesta inmediata en caso de violencia dom\u00e9stica - Iglesia Adventista del S\u00e9ptimo D\u00eda - Divisi\u00f3n Interamericana\" \/>\n<meta property=\"og:description\" content=\"Dirigentes de la Iglesia Adventista del S\u00e9ptimo D\u00eda estar\u00e1n celebrando el mes entrante una cumbre de cuatro d\u00edas de duraci\u00f3n, continuando por parte de la denominaci\u00f3n la labor de concientizaci\u00f3n en cuanto al abuso, enfocando esta vez la atenci\u00f3n en la necesidad de socorristas bien entrenados en las congregaciones locales de todo el mundo.\" \/>\n<meta property=\"og:url\" content=\"https:\/\/interamerica.org\/es\/2014\/04\/lideres-adventistas-promueven-entrenamiento-en-socorrismo-de-respuesta-inmediata-en-caso-de-violencia-domestica\/\" \/>\n<meta property=\"og:site_name\" content=\"Iglesia Adventista del S\u00e9ptimo D\u00eda - Divisi\u00f3n Interamericana\" \/>\n<meta property=\"article:published_time\" content=\"2014-04-17T04:00:00+00:00\" \/>\n<meta property=\"og:image\" content=\"https:\/\/interamerica.org\/wp-content\/uploads\/2017\/06\/csm_end-it-now-web_9a073af1dd.jpg\" \/>\n\t<meta property=\"og:image:width\" content=\"400\" \/>\n\t<meta property=\"og:image:height\" content=\"247\" \/>\n\t<meta property=\"og:image:type\" content=\"image\/jpeg\" \/>\n<meta name=\"author\" content=\"Lorenzo Verduzco\" \/>\n<meta name=\"twitter:card\" content=\"summary_large_image\" \/>\n<meta name=\"twitter:label1\" content=\"Escrito por\" \/>\n\t<meta name=\"twitter:data1\" content=\"Lorenzo Verduzco\" \/>\n\t<meta name=\"twitter:label2\" content=\"Tiempo de lectura\" \/>\n\t<meta name=\"twitter:data2\" content=\"4 minutos\" \/>\n<script type=\"application\/ld+json\" class=\"yoast-schema-graph\">{\"@context\":\"https:\\\/\\\/schema.org\",\"@graph\":[{\"@type\":\"Article\",\"@id\":\"https:\\\/\\\/interamerica.org\\\/es\\\/2014\\\/04\\\/lideres-adventistas-promueven-entrenamiento-en-socorrismo-de-respuesta-inmediata-en-caso-de-violencia-domestica\\\/#article\",\"isPartOf\":{\"@id\":\"https:\\\/\\\/interamerica.org\\\/es\\\/2014\\\/04\\\/lideres-adventistas-promueven-entrenamiento-en-socorrismo-de-respuesta-inmediata-en-caso-de-violencia-domestica\\\/\"},\"author\":{\"name\":\"Lorenzo Verduzco\",\"@id\":\"https:\\\/\\\/interamerica.org\\\/es\\\/#\\\/schema\\\/person\\\/68ede8bdc292885bb76c1e3810e73c39\"},\"headline\":\"L\u00edderes adventistas promueven entrenamiento en socorrismo de respuesta inmediata en caso de violencia dom\u00e9stica\",\"datePublished\":\"2014-04-17T04:00:00+00:00\",\"mainEntityOfPage\":{\"@id\":\"https:\\\/\\\/interamerica.org\\\/es\\\/2014\\\/04\\\/lideres-adventistas-promueven-entrenamiento-en-socorrismo-de-respuesta-inmediata-en-caso-de-violencia-domestica\\\/\"},\"wordCount\":854,\"image\":{\"@id\":\"https:\\\/\\\/interamerica.org\\\/es\\\/2014\\\/04\\\/lideres-adventistas-promueven-entrenamiento-en-socorrismo-de-respuesta-inmediata-en-caso-de-violencia-domestica\\\/#primaryimage\"},\"thumbnailUrl\":\"https:\\\/\\\/interamerica.org\\\/wp-content\\\/uploads\\\/2017\\\/06\\\/csm_end-it-now-web_9a073af1dd.jpg\",\"articleSection\":[\"Desde la iglesia mundial\"],\"inLanguage\":\"es\"},{\"@type\":\"WebPage\",\"@id\":\"https:\\\/\\\/interamerica.org\\\/es\\\/2014\\\/04\\\/lideres-adventistas-promueven-entrenamiento-en-socorrismo-de-respuesta-inmediata-en-caso-de-violencia-domestica\\\/\",\"url\":\"https:\\\/\\\/interamerica.org\\\/es\\\/2014\\\/04\\\/lideres-adventistas-promueven-entrenamiento-en-socorrismo-de-respuesta-inmediata-en-caso-de-violencia-domestica\\\/\",\"name\":\"L\u00edderes adventistas promueven entrenamiento en socorrismo de respuesta inmediata en caso de violencia dom\u00e9stica - Iglesia Adventista del S\u00e9ptimo D\u00eda - Divisi\u00f3n Interamericana\",\"isPartOf\":{\"@id\":\"https:\\\/\\\/interamerica.org\\\/es\\\/#website\"},\"primaryImageOfPage\":{\"@id\":\"https:\\\/\\\/interamerica.org\\\/es\\\/2014\\\/04\\\/lideres-adventistas-promueven-entrenamiento-en-socorrismo-de-respuesta-inmediata-en-caso-de-violencia-domestica\\\/#primaryimage\"},\"image\":{\"@id\":\"https:\\\/\\\/interamerica.org\\\/es\\\/2014\\\/04\\\/lideres-adventistas-promueven-entrenamiento-en-socorrismo-de-respuesta-inmediata-en-caso-de-violencia-domestica\\\/#primaryimage\"},\"thumbnailUrl\":\"https:\\\/\\\/interamerica.org\\\/wp-content\\\/uploads\\\/2017\\\/06\\\/csm_end-it-now-web_9a073af1dd.jpg\",\"datePublished\":\"2014-04-17T04:00:00+00:00\",\"author\":{\"@id\":\"https:\\\/\\\/interamerica.org\\\/es\\\/#\\\/schema\\\/person\\\/68ede8bdc292885bb76c1e3810e73c39\"},\"breadcrumb\":{\"@id\":\"https:\\\/\\\/interamerica.org\\\/es\\\/2014\\\/04\\\/lideres-adventistas-promueven-entrenamiento-en-socorrismo-de-respuesta-inmediata-en-caso-de-violencia-domestica\\\/#breadcrumb\"},\"inLanguage\":\"es\",\"potentialAction\":[{\"@type\":\"ReadAction\",\"target\":[\"https:\\\/\\\/interamerica.org\\\/es\\\/2014\\\/04\\\/lideres-adventistas-promueven-entrenamiento-en-socorrismo-de-respuesta-inmediata-en-caso-de-violencia-domestica\\\/\"]}]},{\"@type\":\"ImageObject\",\"inLanguage\":\"es\",\"@id\":\"https:\\\/\\\/interamerica.org\\\/es\\\/2014\\\/04\\\/lideres-adventistas-promueven-entrenamiento-en-socorrismo-de-respuesta-inmediata-en-caso-de-violencia-domestica\\\/#primaryimage\",\"url\":\"https:\\\/\\\/interamerica.org\\\/wp-content\\\/uploads\\\/2017\\\/06\\\/csm_end-it-now-web_9a073af1dd.jpg\",\"contentUrl\":\"https:\\\/\\\/interamerica.org\\\/wp-content\\\/uploads\\\/2017\\\/06\\\/csm_end-it-now-web_9a073af1dd.jpg\",\"width\":400,\"height\":247},{\"@type\":\"BreadcrumbList\",\"@id\":\"https:\\\/\\\/interamerica.org\\\/es\\\/2014\\\/04\\\/lideres-adventistas-promueven-entrenamiento-en-socorrismo-de-respuesta-inmediata-en-caso-de-violencia-domestica\\\/#breadcrumb\",\"itemListElement\":[{\"@type\":\"ListItem\",\"position\":1,\"name\":\"Home\",\"item\":\"https:\\\/\\\/interamerica.org\\\/es\\\/\"},{\"@type\":\"ListItem\",\"position\":2,\"name\":\"L\u00edderes adventistas promueven entrenamiento en socorrismo de respuesta inmediata en caso de violencia dom\u00e9stica\"}]},{\"@type\":\"WebSite\",\"@id\":\"https:\\\/\\\/interamerica.org\\\/es\\\/#website\",\"url\":\"https:\\\/\\\/interamerica.org\\\/es\\\/\",\"name\":\"Iglesia Adventista del S\u00e9ptimo D\u00eda - Divisi\u00f3n Interamericana\",\"description\":\"\",\"potentialAction\":[{\"@type\":\"SearchAction\",\"target\":{\"@type\":\"EntryPoint\",\"urlTemplate\":\"https:\\\/\\\/interamerica.org\\\/es\\\/?s={search_term_string}\"},\"query-input\":{\"@type\":\"PropertyValueSpecification\",\"valueRequired\":true,\"valueName\":\"search_term_string\"}}],\"inLanguage\":\"es\"},{\"@type\":\"Person\",\"@id\":\"https:\\\/\\\/interamerica.org\\\/es\\\/#\\\/schema\\\/person\\\/68ede8bdc292885bb76c1e3810e73c39\",\"name\":\"Lorenzo Verduzco\",\"image\":{\"@type\":\"ImageObject\",\"inLanguage\":\"es\",\"@id\":\"https:\\\/\\\/secure.gravatar.com\\\/avatar\\\/fb81a55b6218459490a9c1dc841a34909185b81904c5337b4b27f7a6fd60c49e?s=96&d=mm&r=g\",\"url\":\"https:\\\/\\\/secure.gravatar.com\\\/avatar\\\/fb81a55b6218459490a9c1dc841a34909185b81904c5337b4b27f7a6fd60c49e?s=96&d=mm&r=g\",\"contentUrl\":\"https:\\\/\\\/secure.gravatar.com\\\/avatar\\\/fb81a55b6218459490a9c1dc841a34909185b81904c5337b4b27f7a6fd60c49e?s=96&d=mm&r=g\",\"caption\":\"Lorenzo Verduzco\"}}]}<\/script>\n<!-- \/ Yoast SEO plugin. -->","yoast_head_json":{"title":"L\u00edderes adventistas promueven entrenamiento en socorrismo de respuesta inmediata en caso de violencia dom\u00e9stica - Iglesia Adventista del S\u00e9ptimo D\u00eda - Divisi\u00f3n Interamericana","robots":{"index":"index","follow":"follow","max-snippet":"max-snippet:-1","max-image-preview":"max-image-preview:large","max-video-preview":"max-video-preview:-1"},"canonical":"https:\/\/interamerica.org\/es\/2014\/04\/lideres-adventistas-promueven-entrenamiento-en-socorrismo-de-respuesta-inmediata-en-caso-de-violencia-domestica\/","og_locale":"es_ES","og_type":"article","og_title":"L\u00edderes adventistas promueven entrenamiento en socorrismo de respuesta inmediata en caso de violencia dom\u00e9stica - Iglesia Adventista del S\u00e9ptimo D\u00eda - Divisi\u00f3n Interamericana","og_description":"Dirigentes de la Iglesia Adventista del S\u00e9ptimo D\u00eda estar\u00e1n celebrando el mes entrante una cumbre de cuatro d\u00edas de duraci\u00f3n, continuando por parte de la denominaci\u00f3n la labor de concientizaci\u00f3n en cuanto al abuso, enfocando esta vez la atenci\u00f3n en la necesidad de socorristas bien entrenados en las congregaciones locales de todo el mundo.","og_url":"https:\/\/interamerica.org\/es\/2014\/04\/lideres-adventistas-promueven-entrenamiento-en-socorrismo-de-respuesta-inmediata-en-caso-de-violencia-domestica\/","og_site_name":"Iglesia Adventista del S\u00e9ptimo D\u00eda - Divisi\u00f3n Interamericana","article_published_time":"2014-04-17T04:00:00+00:00","og_image":[{"width":400,"height":247,"url":"https:\/\/interamerica.org\/wp-content\/uploads\/2017\/06\/csm_end-it-now-web_9a073af1dd.jpg","type":"image\/jpeg"}],"author":"Lorenzo Verduzco","twitter_card":"summary_large_image","twitter_misc":{"Escrito por":"Lorenzo Verduzco","Tiempo de lectura":"4 minutos"},"schema":{"@context":"https:\/\/schema.org","@graph":[{"@type":"Article","@id":"https:\/\/interamerica.org\/es\/2014\/04\/lideres-adventistas-promueven-entrenamiento-en-socorrismo-de-respuesta-inmediata-en-caso-de-violencia-domestica\/#article","isPartOf":{"@id":"https:\/\/interamerica.org\/es\/2014\/04\/lideres-adventistas-promueven-entrenamiento-en-socorrismo-de-respuesta-inmediata-en-caso-de-violencia-domestica\/"},"author":{"name":"Lorenzo Verduzco","@id":"https:\/\/interamerica.org\/es\/#\/schema\/person\/68ede8bdc292885bb76c1e3810e73c39"},"headline":"L\u00edderes adventistas promueven entrenamiento en socorrismo de respuesta inmediata en caso de violencia dom\u00e9stica","datePublished":"2014-04-17T04:00:00+00:00","mainEntityOfPage":{"@id":"https:\/\/interamerica.org\/es\/2014\/04\/lideres-adventistas-promueven-entrenamiento-en-socorrismo-de-respuesta-inmediata-en-caso-de-violencia-domestica\/"},"wordCount":854,"image":{"@id":"https:\/\/interamerica.org\/es\/2014\/04\/lideres-adventistas-promueven-entrenamiento-en-socorrismo-de-respuesta-inmediata-en-caso-de-violencia-domestica\/#primaryimage"},"thumbnailUrl":"https:\/\/interamerica.org\/wp-content\/uploads\/2017\/06\/csm_end-it-now-web_9a073af1dd.jpg","articleSection":["Desde la iglesia mundial"],"inLanguage":"es"},{"@type":"WebPage","@id":"https:\/\/interamerica.org\/es\/2014\/04\/lideres-adventistas-promueven-entrenamiento-en-socorrismo-de-respuesta-inmediata-en-caso-de-violencia-domestica\/","url":"https:\/\/interamerica.org\/es\/2014\/04\/lideres-adventistas-promueven-entrenamiento-en-socorrismo-de-respuesta-inmediata-en-caso-de-violencia-domestica\/","name":"L\u00edderes adventistas promueven entrenamiento en socorrismo de respuesta inmediata en caso de violencia dom\u00e9stica - Iglesia Adventista del S\u00e9ptimo D\u00eda - Divisi\u00f3n Interamericana","isPartOf":{"@id":"https:\/\/interamerica.org\/es\/#website"},"primaryImageOfPage":{"@id":"https:\/\/interamerica.org\/es\/2014\/04\/lideres-adventistas-promueven-entrenamiento-en-socorrismo-de-respuesta-inmediata-en-caso-de-violencia-domestica\/#primaryimage"},"image":{"@id":"https:\/\/interamerica.org\/es\/2014\/04\/lideres-adventistas-promueven-entrenamiento-en-socorrismo-de-respuesta-inmediata-en-caso-de-violencia-domestica\/#primaryimage"},"thumbnailUrl":"https:\/\/interamerica.org\/wp-content\/uploads\/2017\/06\/csm_end-it-now-web_9a073af1dd.jpg","datePublished":"2014-04-17T04:00:00+00:00","author":{"@id":"https:\/\/interamerica.org\/es\/#\/schema\/person\/68ede8bdc292885bb76c1e3810e73c39"},"breadcrumb":{"@id":"https:\/\/interamerica.org\/es\/2014\/04\/lideres-adventistas-promueven-entrenamiento-en-socorrismo-de-respuesta-inmediata-en-caso-de-violencia-domestica\/#breadcrumb"},"inLanguage":"es","potentialAction":[{"@type":"ReadAction","target":["https:\/\/interamerica.org\/es\/2014\/04\/lideres-adventistas-promueven-entrenamiento-en-socorrismo-de-respuesta-inmediata-en-caso-de-violencia-domestica\/"]}]},{"@type":"ImageObject","inLanguage":"es","@id":"https:\/\/interamerica.org\/es\/2014\/04\/lideres-adventistas-promueven-entrenamiento-en-socorrismo-de-respuesta-inmediata-en-caso-de-violencia-domestica\/#primaryimage","url":"https:\/\/interamerica.org\/wp-content\/uploads\/2017\/06\/csm_end-it-now-web_9a073af1dd.jpg","contentUrl":"https:\/\/interamerica.org\/wp-content\/uploads\/2017\/06\/csm_end-it-now-web_9a073af1dd.jpg","width":400,"height":247},{"@type":"BreadcrumbList","@id":"https:\/\/interamerica.org\/es\/2014\/04\/lideres-adventistas-promueven-entrenamiento-en-socorrismo-de-respuesta-inmediata-en-caso-de-violencia-domestica\/#breadcrumb","itemListElement":[{"@type":"ListItem","position":1,"name":"Home","item":"https:\/\/interamerica.org\/es\/"},{"@type":"ListItem","position":2,"name":"L\u00edderes adventistas promueven entrenamiento en socorrismo de respuesta inmediata en caso de violencia dom\u00e9stica"}]},{"@type":"WebSite","@id":"https:\/\/interamerica.org\/es\/#website","url":"https:\/\/interamerica.org\/es\/","name":"Iglesia Adventista del S\u00e9ptimo D\u00eda - Divisi\u00f3n Interamericana","description":"","potentialAction":[{"@type":"SearchAction","target":{"@type":"EntryPoint","urlTemplate":"https:\/\/interamerica.org\/es\/?s={search_term_string}"},"query-input":{"@type":"PropertyValueSpecification","valueRequired":true,"valueName":"search_term_string"}}],"inLanguage":"es"},{"@type":"Person","@id":"https:\/\/interamerica.org\/es\/#\/schema\/person\/68ede8bdc292885bb76c1e3810e73c39","name":"Lorenzo Verduzco","image":{"@type":"ImageObject","inLanguage":"es","@id":"https:\/\/secure.gravatar.com\/avatar\/fb81a55b6218459490a9c1dc841a34909185b81904c5337b4b27f7a6fd60c49e?s=96&d=mm&r=g","url":"https:\/\/secure.gravatar.com\/avatar\/fb81a55b6218459490a9c1dc841a34909185b81904c5337b4b27f7a6fd60c49e?s=96&d=mm&r=g","contentUrl":"https:\/\/secure.gravatar.com\/avatar\/fb81a55b6218459490a9c1dc841a34909185b81904c5337b4b27f7a6fd60c49e?s=96&d=mm&r=g","caption":"Lorenzo Verduzco"}}]}},"_links":{"self":[{"href":"https:\/\/interamerica.org\/es\/wp-json\/wp\/v2\/posts\/30486","targetHints":{"allow":["GET"]}}],"collection":[{"href":"https:\/\/interamerica.org\/es\/wp-json\/wp\/v2\/posts"}],"about":[{"href":"https:\/\/interamerica.org\/es\/wp-json\/wp\/v2\/types\/post"}],"author":[{"embeddable":true,"href":"https:\/\/interamerica.org\/es\/wp-json\/wp\/v2\/users\/1"}],"replies":[{"embeddable":true,"href":"https:\/\/interamerica.org\/es\/wp-json\/wp\/v2\/comments?post=30486"}],"version-history":[{"count":0,"href":"https:\/\/interamerica.org\/es\/wp-json\/wp\/v2\/posts\/30486\/revisions"}],"wp:featuredmedia":[{"embeddable":true,"href":"https:\/\/interamerica.org\/es\/wp-json\/wp\/v2\/media\/22977"}],"wp:attachment":[{"href":"https:\/\/interamerica.org\/es\/wp-json\/wp\/v2\/media?parent=30486"}],"wp:term":[{"taxonomy":"category","embeddable":true,"href":"https:\/\/interamerica.org\/es\/wp-json\/wp\/v2\/categories?post=30486"},{"taxonomy":"post_tag","embeddable":true,"href":"https:\/\/interamerica.org\/es\/wp-json\/wp\/v2\/tags?post=30486"}],"curies":[{"name":"wp","href":"https:\/\/api.w.org\/{rel}","templated":true}]}}