{"id":30499,"date":"2014-04-29T00:00:00","date_gmt":"2014-04-29T04:00:00","guid":{"rendered":"http:\/\/192.81.217.108\/interamerica\/2014\/04\/en-norte-de-mexico-la-iglesia-adventista-comparte-mensaje-de-salud-donde-la-obesidad-es-una-epidemia\/"},"modified":"2014-04-29T00:00:00","modified_gmt":"2014-04-29T04:00:00","slug":"en-norte-de-mexico-la-iglesia-adventista-comparte-mensaje-de-salud-donde-la-obesidad-es-una-epidemia","status":"publish","type":"post","link":"https:\/\/interamerica.org\/es\/2014\/04\/en-norte-de-mexico-la-iglesia-adventista-comparte-mensaje-de-salud-donde-la-obesidad-es-una-epidemia\/","title":{"rendered":"En Norte de M\u00e9xico, la Iglesia Adventista comparte mensaje de salud donde la obesidad es una epidemia"},"content":{"rendered":"<div id=\"attachment_11609\" style=\"width: 600px\" class=\"wp-caption aligncenter\"><a href=\"\/interamerica\/wp-content\/uploads\/2017\/06\/NOMU-QVS-exercise.png\" rel=\"fancybox\" title=\"En Norte de M\u00e9xico, la Iglesia Adventista comparte mensaje de salud donde la obesidad es una epidemia\"><img fetchpriority=\"high\" decoding=\"async\" aria-describedby=\"caption-attachment-11609\" class=\"size-full wp-image-11609\" src=\"\/interamerica\/wp-content\/uploads\/2017\/06\/NOMU-QVS-exercise.png\" alt=\"\" width=\"590\" height=\"391\" \/><\/a><p id=\"caption-attachment-11609\" class=\"wp-caption-text\">Un entrenador dirige a una multitud en la Plaza Explanada de los H\u00e9roes de Monterrey, Nuevo Le\u00f3n, M\u00e9xico el pasado 13 de abril de 2014, despu\u00e9s de que la Iglesia Adventista distribuy\u00f3 unas veinte mil raciones de ensalada, durante una iniciativa de impacto de salud que busc\u00f3 promover un estilo de vida saludable en medio de la creciente epidemia de obesidad que sufre el pa\u00eds. El evento fue parte de una serie de actividades llevadas a cabo durante las ocho semanas de la iniciativa de la iglesia denominada \u00abQuiero vivir sano\u00bb. Imagen de Aljafet Chable\/DIA.<\/p><\/div>\n<p>29 de abril de 2014 \u2013 Monterrey, Nuevo Le\u00f3n, M\u00e9xico&#8230;Dulce Monjaraz\/Personal DIA<\/p>\n<p>En el Norte de M\u00e9xico se distribuyeron m\u00e1s de veinte mil raciones de ensalada en la Plaza Explanada de los H\u00e9roes de Monterrey, durante una iniciativa de impacto de salud de ocho semanas de duraci\u00f3n dirigida por la Iglesia Adventista de la regi\u00f3n que busc\u00f3 promover un estilo de vida saludable en medio de la creciente epidemia de obesidad que sufre el pa\u00eds. Las ensaladas ya empaquetadas fueron distribuidas en forma gratuita el pasado 13 de abri de 2014, mientras que los l\u00edderes del gobierno, y los l\u00edderes y miembros de la iglesia apoyaron la iniciativa organizada por la Iglesia Adventista y denominada \u00abQuiero vivir sano\u00bb.<\/p>\n<div id=\"attachment_11611\" style=\"width: 325px\" class=\"wp-caption alignright\"><a href=\"\/interamerica\/wp-content\/uploads\/2017\/06\/NOMu-QVS-Villareal1.png\" rel=\"fancybox\" title=\"En Norte de M\u00e9xico, la Iglesia Adventista comparte mensaje de salud donde la obesidad es una epidemia\"><img decoding=\"async\" aria-describedby=\"caption-attachment-11611\" class=\"size-full wp-image-11611\" src=\"\/interamerica\/wp-content\/uploads\/2017\/06\/NOMu-QVS-Villareal1.png\" alt=\"\" width=\"315\" height=\"209\" \/><\/a><p id=\"caption-attachment-11611\" class=\"wp-caption-text\">El pastor Filiberto Grajeda (tercero desde la izquierda), presidente de la Asociaci\u00f3n Noreste en el Norte de M\u00e9xico, conversa con el Secretario de Salud del Estado de Nuevo Le\u00f3n, el doctor Jes\u00fas Zacar\u00edas Villarreal (cuarto desde la izquierda) el pasado 13 de abril de 2014, mientras disfrutan de una ensalada con otros l\u00edderes de la iglesia, durante la actividad llevada a cabo ese d\u00eda. Imagen de Aljafet Chablet\/DIA<\/p><\/div>\n<p>El doctor Jes\u00fas Zacar\u00edas Villarreal, secretario de salud del estado de Nuevo Le\u00f3n, celebr\u00f3 el trabajo de los organizadores en esta iniciativa, y se\u00f1al\u00f3 la obesidad y las enfermedades asociadas con ella, como un resultado de la nutrici\u00f3n inadecuada, que constituye el principal problema de salud p\u00fablica en M\u00e9xico y en el estado de Nuevo Le\u00f3n.<\/p>\n<p>Seg\u00fan el doctor Villarreal, la obesidad afecta al 71 por ciento de la poblaci\u00f3n adulta del estado de Nuevo Le\u00f3n, debido a factores tales como la nutrici\u00f3n inadecuada y un estilo de vida sedentario, lo que lleva a otros problemas de salud tales como la diabetes, el colesterol elevado y la hipertensi\u00f3n, entre otros.<\/p>\n<p>\u00abHemos estado trabajando de manera coordinada con la iniciativa &#8216;Quiero vivir sano&#8217;, dijo el doctor Villarreal. \u00abEs un movimiento de gran trascendencia, de amplia cobertura. En el gobierno del estado estamos muy satisfechos y contentos, y celebramos mucho que hayan desplegado este programa\u00bb.<\/p>\n<div id=\"attachment_11612\" style=\"width: 325px\" class=\"wp-caption alignleft\"><a href=\"\/interamerica\/wp-content\/uploads\/2017\/06\/NOMU-QVS-girlseating.png\" rel=\"fancybox\" title=\"En Norte de M\u00e9xico, la Iglesia Adventista comparte mensaje de salud donde la obesidad es una epidemia\"><img decoding=\"async\" aria-describedby=\"caption-attachment-11612\" class=\"size-full wp-image-11612\" src=\"\/interamerica\/wp-content\/uploads\/2017\/06\/NOMU-QVS-girlseating.png\" alt=\"\" width=\"315\" height=\"210\" \/><\/a><p id=\"caption-attachment-11612\" class=\"wp-caption-text\">Tres personas de Monterrey disfrutan de la ensalada gratuita durante la actividad de la campa\u00f1a \u00abQuiero vivir sano\u00bb, el pasado 13 de abril de 2014. Imagen de Aljafet Chable\/DIA<\/p><\/div>\n<p>M\u00e1s de siete mil miembros de iglesia voluntarios de toda la Asociaci\u00f3n del Noreste y de zonas metropolitanas particip\u00f3 en el establecimiento de una exposici\u00f3n de una ensalada gigante y de puestos de informaci\u00f3n sobre los ocho pasos para disfrutar de un estilo de vida saludable: beber agua, tener una actitud positiva, comer ensaladas, el ejercicio, el descanso, evitar los alimentos inadecuados, comer un mejor desayuno, menos cenas y promover la felicidad como estilo de vida, dijeron los organizadores.<\/p>\n<p>La actividad fue cubierta por los medios locales de prensa y televisi\u00f3n, dijeron los organizadores.<\/p>\n<p>La actividad al aire libre fue parte de la serie de actividades de la Iglesia Adventista como parte del programa de impacto de evangelizaci\u00f3n en el Norte de M\u00e9xico que busca llegar a la gente con el mensaje de salud, dijo el pastor Arturo King, presidente de la Iglesia Adventista en el Norte de M\u00e9xico.<\/p>\n<p>\u00abEn realidad, esta fue una iniciativa coordinada por la Asociaci\u00f3n del Noreste, y es parte de la estrategia mayor de la uni\u00f3n de seguir presentando el mensaje de salud a nuestras comunidades\u00bb, dijo el pastor King. \u00abHemos visto que muchas personas se unieron a la iglesia como resultado de este esfuerzo de evangelizaci\u00f3n de ocho semanas de duraci\u00f3n\u00bb.<\/p>\n<div id=\"attachment_11616\" style=\"width: 310px\" class=\"wp-caption alignleft\"><a href=\"\/interamerica\/wp-content\/uploads\/2017\/06\/NOMU-QVS-stage2.png\" rel=\"fancybox\" title=\"En Norte de M\u00e9xico, la Iglesia Adventista comparte mensaje de salud donde la obesidad es una epidemia\"><img loading=\"lazy\" decoding=\"async\" aria-describedby=\"caption-attachment-11616\" class=\"size-medium wp-image-11616\" src=\"\/interamerica\/wp-content\/uploads\/2017\/06\/NOMU-QVS-stage2-300x199.png\" alt=\"\" width=\"300\" height=\"199\" \/><\/a><p id=\"caption-attachment-11616\" class=\"wp-caption-text\">La Iglesia Adventista concluy\u00f3 la iniciativa de impacto de salud de ocho semanas de duraci\u00f3n con un programa especial llevado a cabo en la Arena de Monterrey el pasado 19 de abril de 2014. El programa fue transmitido en vivo por Esperanza TV y 3ABN Latino. Imagen de Ingrid Gallardo\/IAD<\/p><\/div>\n<p>El esfuerzo culmin\u00f3 el 19 de abril de 2014 con un programa especial de salud en la Arena de Monterrey, donde m\u00e1s de once mil personas se congregaron para escuchar testimonios de decenas de personas que cambiaron a un estilo de vida m\u00e1s saludable durante las ocho semanas en que se llev\u00f3 a cabo la actividad, y tambi\u00e9n para escuchar mensajes de la importancia de la salud espiritual a cargo del evangelista adventista Alejandro Bull\u00f3n.<\/p>\n<p>El programa de cierre fue transmitido por Esperanza TV y 3ABN Latino.<\/p>\n<p>Para Gloria Elena Marroqu\u00edn, una voluntaria que particip\u00f3 en la promoci\u00f3n de h\u00e1bitos de salud en Monterrey, la iniciativa despert\u00f3 los intereses de muchas personas.<\/p>\n<p>\u00abVimos que existe una preocupaci\u00f3n real en relaci\u00f3n con la salud de la poblaci\u00f3n. La gente tiene problemas de salud, no porque quieran, sino porque en muchas ocasiones no conocen la informaci\u00f3n correcta para vivir m\u00e1s sanos\u00bb, dijo Marroqu\u00edn.<\/p>\n<div id=\"attachment_11617\" style=\"width: 310px\" class=\"wp-caption alignright\"><a href=\"\/interamerica\/wp-content\/uploads\/2017\/06\/NOMU-QVS-crowd1.png\" rel=\"fancybox\" title=\"En Norte de M\u00e9xico, la Iglesia Adventista comparte mensaje de salud donde la obesidad es una epidemia\"><img loading=\"lazy\" decoding=\"async\" aria-describedby=\"caption-attachment-11617\" class=\"size-medium wp-image-11617\" src=\"\/interamerica\/wp-content\/uploads\/2017\/06\/NOMU-QVS-crowd1-300x200.png\" alt=\"\" width=\"300\" height=\"200\" \/><\/a><p id=\"caption-attachment-11617\" class=\"wp-caption-text\">M\u00e1s de once mil personas atestaron la Arena de Monterrey para ser testigos de la finalizaci\u00f3n de la iniciativa de la iglesia denominada \u00abQuiero vivir sano\u00bb, que dur\u00f3 dos meses. Imagen de Daniel Gallardo\/DIA<\/p><\/div>\n<p>Mar\u00eda Guadalupe Egu\u00eda disfrut\u00f3 de la iniciativa, y a\u00f1adi\u00f3 que \u00abtiene que existir una cultura que invite a aprender a comer, una cultura que conocemos pero que sin embargo no utilizamos para nuestro beneficio y el de nuestros ni\u00f1os\u00bb.<\/p>\n<p>Los l\u00edderes de la iglesia est\u00e1n felices con los resultados de la iniciativa, y siguen planificando compartir en las pr\u00f3ximas semanas y meses un estilo de vida m\u00e1s sano con los habitantes de Nuevo Le\u00f3n.<\/p>\n<p>La iniciativa \u00abQuiero vivir sano\u00bb de la Iglesia Adventista ha sido implementada en 17 estados de M\u00e9xico. El programa se centra en el mensaje de salud, que se enfoca en el bienestar f\u00edsico, mental y espiritual de la persona.<\/p>\n<p>Si desea m\u00e1s informaci\u00f3n sobre la iglesia en el Norte de M\u00e9xico y sus iniciativas, visite\u00a0<a href=\"http:\/\/unionmexicanadelnorte.net\/\">unionmexicanadelnorte<\/a><\/p>\n<p><em>Traducci\u00f3n de Marcos Paseggi<\/em><\/p>\n","protected":false},"excerpt":{"rendered":"<p>En el Norte de M\u00e9xico se distribuyeron m\u00e1s de veinte mil raciones de ensalada en la Plaza Explanada de los H\u00e9roes de Monterrey, durante una iniciativa de impacto de salud de ocho semanas de duraci\u00f3n dirigida por la Iglesia Adventista de la regi\u00f3n que busc\u00f3 promover un estilo de vida saludable en medio de la creciente epidemia de obesidad que sufre el pa\u00eds.<\/p>\n","protected":false},"author":1,"featured_media":23016,"comment_status":"closed","ping_status":"closed","sticky":false,"template":"","format":"standard","meta":{"_acf_changed":false,"footnotes":""},"categories":[17],"tags":[],"class_list":["post-30499","post","type-post","status-publish","format-standard","has-post-thumbnail","hentry","category-desde-el-campo"],"acf":[],"yoast_head":"<!-- This site is optimized with the Yoast SEO plugin v27.3 - https:\/\/yoast.com\/product\/yoast-seo-wordpress\/ -->\n<title>En Norte de M\u00e9xico, la Iglesia Adventista comparte mensaje de salud donde la obesidad es una epidemia - Iglesia Adventista del S\u00e9ptimo D\u00eda - Divisi\u00f3n Interamericana<\/title>\n<meta name=\"robots\" content=\"index, follow, max-snippet:-1, max-image-preview:large, max-video-preview:-1\" \/>\n<link rel=\"canonical\" href=\"https:\/\/interamerica.org\/es\/2014\/04\/en-norte-de-mexico-la-iglesia-adventista-comparte-mensaje-de-salud-donde-la-obesidad-es-una-epidemia\/\" \/>\n<meta property=\"og:locale\" content=\"es_ES\" \/>\n<meta property=\"og:type\" content=\"article\" \/>\n<meta property=\"og:title\" content=\"En Norte de M\u00e9xico, la Iglesia Adventista comparte mensaje de salud donde la obesidad es una epidemia - Iglesia Adventista del S\u00e9ptimo D\u00eda - Divisi\u00f3n Interamericana\" \/>\n<meta property=\"og:description\" content=\"En el Norte de M\u00e9xico se distribuyeron m\u00e1s de veinte mil raciones de ensalada en la Plaza Explanada de los H\u00e9roes de Monterrey, durante una iniciativa de impacto de salud de ocho semanas de duraci\u00f3n dirigida por la Iglesia Adventista de la regi\u00f3n que busc\u00f3 promover un estilo de vida saludable en medio de la creciente epidemia de obesidad que sufre el pa\u00eds.\" \/>\n<meta property=\"og:url\" content=\"https:\/\/interamerica.org\/es\/2014\/04\/en-norte-de-mexico-la-iglesia-adventista-comparte-mensaje-de-salud-donde-la-obesidad-es-una-epidemia\/\" \/>\n<meta property=\"og:site_name\" content=\"Iglesia Adventista del S\u00e9ptimo D\u00eda - Divisi\u00f3n Interamericana\" \/>\n<meta property=\"article:published_time\" content=\"2014-04-29T04:00:00+00:00\" \/>\n<meta property=\"og:image\" content=\"https:\/\/interamerica.org\/wp-content\/uploads\/2017\/06\/NOMU-QVS-exercise.png\" \/>\n\t<meta property=\"og:image:width\" content=\"590\" \/>\n\t<meta property=\"og:image:height\" content=\"391\" \/>\n\t<meta property=\"og:image:type\" content=\"image\/png\" \/>\n<meta name=\"author\" content=\"Lorenzo Verduzco\" \/>\n<meta name=\"twitter:card\" content=\"summary_large_image\" \/>\n<meta name=\"twitter:label1\" content=\"Escrito por\" \/>\n\t<meta name=\"twitter:data1\" content=\"Lorenzo Verduzco\" \/>\n\t<meta name=\"twitter:label2\" content=\"Tiempo de lectura\" \/>\n\t<meta name=\"twitter:data2\" content=\"6 minutos\" \/>\n<script type=\"application\/ld+json\" class=\"yoast-schema-graph\">{\"@context\":\"https:\\\/\\\/schema.org\",\"@graph\":[{\"@type\":\"Article\",\"@id\":\"https:\\\/\\\/interamerica.org\\\/es\\\/2014\\\/04\\\/en-norte-de-mexico-la-iglesia-adventista-comparte-mensaje-de-salud-donde-la-obesidad-es-una-epidemia\\\/#article\",\"isPartOf\":{\"@id\":\"https:\\\/\\\/interamerica.org\\\/es\\\/2014\\\/04\\\/en-norte-de-mexico-la-iglesia-adventista-comparte-mensaje-de-salud-donde-la-obesidad-es-una-epidemia\\\/\"},\"author\":{\"name\":\"Lorenzo Verduzco\",\"@id\":\"https:\\\/\\\/interamerica.org\\\/es\\\/#\\\/schema\\\/person\\\/68ede8bdc292885bb76c1e3810e73c39\"},\"headline\":\"En Norte de M\u00e9xico, la Iglesia Adventista comparte mensaje de salud donde la obesidad es una epidemia\",\"datePublished\":\"2014-04-29T04:00:00+00:00\",\"mainEntityOfPage\":{\"@id\":\"https:\\\/\\\/interamerica.org\\\/es\\\/2014\\\/04\\\/en-norte-de-mexico-la-iglesia-adventista-comparte-mensaje-de-salud-donde-la-obesidad-es-una-epidemia\\\/\"},\"wordCount\":1161,\"image\":{\"@id\":\"https:\\\/\\\/interamerica.org\\\/es\\\/2014\\\/04\\\/en-norte-de-mexico-la-iglesia-adventista-comparte-mensaje-de-salud-donde-la-obesidad-es-una-epidemia\\\/#primaryimage\"},\"thumbnailUrl\":\"https:\\\/\\\/interamerica.org\\\/wp-content\\\/uploads\\\/2017\\\/06\\\/NOMU-QVS-exercise.png\",\"articleSection\":[\"Desde el campo\"],\"inLanguage\":\"es\"},{\"@type\":\"WebPage\",\"@id\":\"https:\\\/\\\/interamerica.org\\\/es\\\/2014\\\/04\\\/en-norte-de-mexico-la-iglesia-adventista-comparte-mensaje-de-salud-donde-la-obesidad-es-una-epidemia\\\/\",\"url\":\"https:\\\/\\\/interamerica.org\\\/es\\\/2014\\\/04\\\/en-norte-de-mexico-la-iglesia-adventista-comparte-mensaje-de-salud-donde-la-obesidad-es-una-epidemia\\\/\",\"name\":\"En Norte de M\u00e9xico, la Iglesia Adventista comparte mensaje de salud donde la obesidad es una epidemia - Iglesia Adventista del S\u00e9ptimo D\u00eda - Divisi\u00f3n Interamericana\",\"isPartOf\":{\"@id\":\"https:\\\/\\\/interamerica.org\\\/es\\\/#website\"},\"primaryImageOfPage\":{\"@id\":\"https:\\\/\\\/interamerica.org\\\/es\\\/2014\\\/04\\\/en-norte-de-mexico-la-iglesia-adventista-comparte-mensaje-de-salud-donde-la-obesidad-es-una-epidemia\\\/#primaryimage\"},\"image\":{\"@id\":\"https:\\\/\\\/interamerica.org\\\/es\\\/2014\\\/04\\\/en-norte-de-mexico-la-iglesia-adventista-comparte-mensaje-de-salud-donde-la-obesidad-es-una-epidemia\\\/#primaryimage\"},\"thumbnailUrl\":\"https:\\\/\\\/interamerica.org\\\/wp-content\\\/uploads\\\/2017\\\/06\\\/NOMU-QVS-exercise.png\",\"datePublished\":\"2014-04-29T04:00:00+00:00\",\"author\":{\"@id\":\"https:\\\/\\\/interamerica.org\\\/es\\\/#\\\/schema\\\/person\\\/68ede8bdc292885bb76c1e3810e73c39\"},\"breadcrumb\":{\"@id\":\"https:\\\/\\\/interamerica.org\\\/es\\\/2014\\\/04\\\/en-norte-de-mexico-la-iglesia-adventista-comparte-mensaje-de-salud-donde-la-obesidad-es-una-epidemia\\\/#breadcrumb\"},\"inLanguage\":\"es\",\"potentialAction\":[{\"@type\":\"ReadAction\",\"target\":[\"https:\\\/\\\/interamerica.org\\\/es\\\/2014\\\/04\\\/en-norte-de-mexico-la-iglesia-adventista-comparte-mensaje-de-salud-donde-la-obesidad-es-una-epidemia\\\/\"]}]},{\"@type\":\"ImageObject\",\"inLanguage\":\"es\",\"@id\":\"https:\\\/\\\/interamerica.org\\\/es\\\/2014\\\/04\\\/en-norte-de-mexico-la-iglesia-adventista-comparte-mensaje-de-salud-donde-la-obesidad-es-una-epidemia\\\/#primaryimage\",\"url\":\"https:\\\/\\\/interamerica.org\\\/wp-content\\\/uploads\\\/2017\\\/06\\\/NOMU-QVS-exercise.png\",\"contentUrl\":\"https:\\\/\\\/interamerica.org\\\/wp-content\\\/uploads\\\/2017\\\/06\\\/NOMU-QVS-exercise.png\",\"width\":590,\"height\":391},{\"@type\":\"BreadcrumbList\",\"@id\":\"https:\\\/\\\/interamerica.org\\\/es\\\/2014\\\/04\\\/en-norte-de-mexico-la-iglesia-adventista-comparte-mensaje-de-salud-donde-la-obesidad-es-una-epidemia\\\/#breadcrumb\",\"itemListElement\":[{\"@type\":\"ListItem\",\"position\":1,\"name\":\"Home\",\"item\":\"https:\\\/\\\/interamerica.org\\\/es\\\/\"},{\"@type\":\"ListItem\",\"position\":2,\"name\":\"En Norte de M\u00e9xico, la Iglesia Adventista comparte mensaje de salud donde la obesidad es una epidemia\"}]},{\"@type\":\"WebSite\",\"@id\":\"https:\\\/\\\/interamerica.org\\\/es\\\/#website\",\"url\":\"https:\\\/\\\/interamerica.org\\\/es\\\/\",\"name\":\"Iglesia Adventista del S\u00e9ptimo D\u00eda - Divisi\u00f3n Interamericana\",\"description\":\"\",\"potentialAction\":[{\"@type\":\"SearchAction\",\"target\":{\"@type\":\"EntryPoint\",\"urlTemplate\":\"https:\\\/\\\/interamerica.org\\\/es\\\/?s={search_term_string}\"},\"query-input\":{\"@type\":\"PropertyValueSpecification\",\"valueRequired\":true,\"valueName\":\"search_term_string\"}}],\"inLanguage\":\"es\"},{\"@type\":\"Person\",\"@id\":\"https:\\\/\\\/interamerica.org\\\/es\\\/#\\\/schema\\\/person\\\/68ede8bdc292885bb76c1e3810e73c39\",\"name\":\"Lorenzo Verduzco\",\"image\":{\"@type\":\"ImageObject\",\"inLanguage\":\"es\",\"@id\":\"https:\\\/\\\/secure.gravatar.com\\\/avatar\\\/fb81a55b6218459490a9c1dc841a34909185b81904c5337b4b27f7a6fd60c49e?s=96&d=mm&r=g\",\"url\":\"https:\\\/\\\/secure.gravatar.com\\\/avatar\\\/fb81a55b6218459490a9c1dc841a34909185b81904c5337b4b27f7a6fd60c49e?s=96&d=mm&r=g\",\"contentUrl\":\"https:\\\/\\\/secure.gravatar.com\\\/avatar\\\/fb81a55b6218459490a9c1dc841a34909185b81904c5337b4b27f7a6fd60c49e?s=96&d=mm&r=g\",\"caption\":\"Lorenzo Verduzco\"}}]}<\/script>\n<!-- \/ Yoast SEO plugin. -->","yoast_head_json":{"title":"En Norte de M\u00e9xico, la Iglesia Adventista comparte mensaje de salud donde la obesidad es una epidemia - Iglesia Adventista del S\u00e9ptimo D\u00eda - Divisi\u00f3n Interamericana","robots":{"index":"index","follow":"follow","max-snippet":"max-snippet:-1","max-image-preview":"max-image-preview:large","max-video-preview":"max-video-preview:-1"},"canonical":"https:\/\/interamerica.org\/es\/2014\/04\/en-norte-de-mexico-la-iglesia-adventista-comparte-mensaje-de-salud-donde-la-obesidad-es-una-epidemia\/","og_locale":"es_ES","og_type":"article","og_title":"En Norte de M\u00e9xico, la Iglesia Adventista comparte mensaje de salud donde la obesidad es una epidemia - Iglesia Adventista del S\u00e9ptimo D\u00eda - Divisi\u00f3n Interamericana","og_description":"En el Norte de M\u00e9xico se distribuyeron m\u00e1s de veinte mil raciones de ensalada en la Plaza Explanada de los H\u00e9roes de Monterrey, durante una iniciativa de impacto de salud de ocho semanas de duraci\u00f3n dirigida por la Iglesia Adventista de la regi\u00f3n que busc\u00f3 promover un estilo de vida saludable en medio de la creciente epidemia de obesidad que sufre el pa\u00eds.","og_url":"https:\/\/interamerica.org\/es\/2014\/04\/en-norte-de-mexico-la-iglesia-adventista-comparte-mensaje-de-salud-donde-la-obesidad-es-una-epidemia\/","og_site_name":"Iglesia Adventista del S\u00e9ptimo D\u00eda - Divisi\u00f3n Interamericana","article_published_time":"2014-04-29T04:00:00+00:00","og_image":[{"width":590,"height":391,"url":"https:\/\/interamerica.org\/wp-content\/uploads\/2017\/06\/NOMU-QVS-exercise.png","type":"image\/png"}],"author":"Lorenzo Verduzco","twitter_card":"summary_large_image","twitter_misc":{"Escrito por":"Lorenzo Verduzco","Tiempo de lectura":"6 minutos"},"schema":{"@context":"https:\/\/schema.org","@graph":[{"@type":"Article","@id":"https:\/\/interamerica.org\/es\/2014\/04\/en-norte-de-mexico-la-iglesia-adventista-comparte-mensaje-de-salud-donde-la-obesidad-es-una-epidemia\/#article","isPartOf":{"@id":"https:\/\/interamerica.org\/es\/2014\/04\/en-norte-de-mexico-la-iglesia-adventista-comparte-mensaje-de-salud-donde-la-obesidad-es-una-epidemia\/"},"author":{"name":"Lorenzo Verduzco","@id":"https:\/\/interamerica.org\/es\/#\/schema\/person\/68ede8bdc292885bb76c1e3810e73c39"},"headline":"En Norte de M\u00e9xico, la Iglesia Adventista comparte mensaje de salud donde la obesidad es una epidemia","datePublished":"2014-04-29T04:00:00+00:00","mainEntityOfPage":{"@id":"https:\/\/interamerica.org\/es\/2014\/04\/en-norte-de-mexico-la-iglesia-adventista-comparte-mensaje-de-salud-donde-la-obesidad-es-una-epidemia\/"},"wordCount":1161,"image":{"@id":"https:\/\/interamerica.org\/es\/2014\/04\/en-norte-de-mexico-la-iglesia-adventista-comparte-mensaje-de-salud-donde-la-obesidad-es-una-epidemia\/#primaryimage"},"thumbnailUrl":"https:\/\/interamerica.org\/wp-content\/uploads\/2017\/06\/NOMU-QVS-exercise.png","articleSection":["Desde el campo"],"inLanguage":"es"},{"@type":"WebPage","@id":"https:\/\/interamerica.org\/es\/2014\/04\/en-norte-de-mexico-la-iglesia-adventista-comparte-mensaje-de-salud-donde-la-obesidad-es-una-epidemia\/","url":"https:\/\/interamerica.org\/es\/2014\/04\/en-norte-de-mexico-la-iglesia-adventista-comparte-mensaje-de-salud-donde-la-obesidad-es-una-epidemia\/","name":"En Norte de M\u00e9xico, la Iglesia Adventista comparte mensaje de salud donde la obesidad es una epidemia - Iglesia Adventista del S\u00e9ptimo D\u00eda - Divisi\u00f3n Interamericana","isPartOf":{"@id":"https:\/\/interamerica.org\/es\/#website"},"primaryImageOfPage":{"@id":"https:\/\/interamerica.org\/es\/2014\/04\/en-norte-de-mexico-la-iglesia-adventista-comparte-mensaje-de-salud-donde-la-obesidad-es-una-epidemia\/#primaryimage"},"image":{"@id":"https:\/\/interamerica.org\/es\/2014\/04\/en-norte-de-mexico-la-iglesia-adventista-comparte-mensaje-de-salud-donde-la-obesidad-es-una-epidemia\/#primaryimage"},"thumbnailUrl":"https:\/\/interamerica.org\/wp-content\/uploads\/2017\/06\/NOMU-QVS-exercise.png","datePublished":"2014-04-29T04:00:00+00:00","author":{"@id":"https:\/\/interamerica.org\/es\/#\/schema\/person\/68ede8bdc292885bb76c1e3810e73c39"},"breadcrumb":{"@id":"https:\/\/interamerica.org\/es\/2014\/04\/en-norte-de-mexico-la-iglesia-adventista-comparte-mensaje-de-salud-donde-la-obesidad-es-una-epidemia\/#breadcrumb"},"inLanguage":"es","potentialAction":[{"@type":"ReadAction","target":["https:\/\/interamerica.org\/es\/2014\/04\/en-norte-de-mexico-la-iglesia-adventista-comparte-mensaje-de-salud-donde-la-obesidad-es-una-epidemia\/"]}]},{"@type":"ImageObject","inLanguage":"es","@id":"https:\/\/interamerica.org\/es\/2014\/04\/en-norte-de-mexico-la-iglesia-adventista-comparte-mensaje-de-salud-donde-la-obesidad-es-una-epidemia\/#primaryimage","url":"https:\/\/interamerica.org\/wp-content\/uploads\/2017\/06\/NOMU-QVS-exercise.png","contentUrl":"https:\/\/interamerica.org\/wp-content\/uploads\/2017\/06\/NOMU-QVS-exercise.png","width":590,"height":391},{"@type":"BreadcrumbList","@id":"https:\/\/interamerica.org\/es\/2014\/04\/en-norte-de-mexico-la-iglesia-adventista-comparte-mensaje-de-salud-donde-la-obesidad-es-una-epidemia\/#breadcrumb","itemListElement":[{"@type":"ListItem","position":1,"name":"Home","item":"https:\/\/interamerica.org\/es\/"},{"@type":"ListItem","position":2,"name":"En Norte de M\u00e9xico, la Iglesia Adventista comparte mensaje de salud donde la obesidad es una epidemia"}]},{"@type":"WebSite","@id":"https:\/\/interamerica.org\/es\/#website","url":"https:\/\/interamerica.org\/es\/","name":"Iglesia Adventista del S\u00e9ptimo D\u00eda - Divisi\u00f3n Interamericana","description":"","potentialAction":[{"@type":"SearchAction","target":{"@type":"EntryPoint","urlTemplate":"https:\/\/interamerica.org\/es\/?s={search_term_string}"},"query-input":{"@type":"PropertyValueSpecification","valueRequired":true,"valueName":"search_term_string"}}],"inLanguage":"es"},{"@type":"Person","@id":"https:\/\/interamerica.org\/es\/#\/schema\/person\/68ede8bdc292885bb76c1e3810e73c39","name":"Lorenzo Verduzco","image":{"@type":"ImageObject","inLanguage":"es","@id":"https:\/\/secure.gravatar.com\/avatar\/fb81a55b6218459490a9c1dc841a34909185b81904c5337b4b27f7a6fd60c49e?s=96&d=mm&r=g","url":"https:\/\/secure.gravatar.com\/avatar\/fb81a55b6218459490a9c1dc841a34909185b81904c5337b4b27f7a6fd60c49e?s=96&d=mm&r=g","contentUrl":"https:\/\/secure.gravatar.com\/avatar\/fb81a55b6218459490a9c1dc841a34909185b81904c5337b4b27f7a6fd60c49e?s=96&d=mm&r=g","caption":"Lorenzo Verduzco"}}]}},"_links":{"self":[{"href":"https:\/\/interamerica.org\/es\/wp-json\/wp\/v2\/posts\/30499","targetHints":{"allow":["GET"]}}],"collection":[{"href":"https:\/\/interamerica.org\/es\/wp-json\/wp\/v2\/posts"}],"about":[{"href":"https:\/\/interamerica.org\/es\/wp-json\/wp\/v2\/types\/post"}],"author":[{"embeddable":true,"href":"https:\/\/interamerica.org\/es\/wp-json\/wp\/v2\/users\/1"}],"replies":[{"embeddable":true,"href":"https:\/\/interamerica.org\/es\/wp-json\/wp\/v2\/comments?post=30499"}],"version-history":[{"count":0,"href":"https:\/\/interamerica.org\/es\/wp-json\/wp\/v2\/posts\/30499\/revisions"}],"wp:featuredmedia":[{"embeddable":true,"href":"https:\/\/interamerica.org\/es\/wp-json\/wp\/v2\/media\/23016"}],"wp:attachment":[{"href":"https:\/\/interamerica.org\/es\/wp-json\/wp\/v2\/media?parent=30499"}],"wp:term":[{"taxonomy":"category","embeddable":true,"href":"https:\/\/interamerica.org\/es\/wp-json\/wp\/v2\/categories?post=30499"},{"taxonomy":"post_tag","embeddable":true,"href":"https:\/\/interamerica.org\/es\/wp-json\/wp\/v2\/tags?post=30499"}],"curies":[{"name":"wp","href":"https:\/\/api.w.org\/{rel}","templated":true}]}}