{"id":30500,"date":"2014-04-29T00:00:00","date_gmt":"2014-04-29T04:00:00","guid":{"rendered":"http:\/\/192.81.217.108\/interamerica\/2014\/04\/adra-international-participa-en-un-dia-sin-zapatos\/"},"modified":"2014-04-29T00:00:00","modified_gmt":"2014-04-29T04:00:00","slug":"adra-international-participa-en-un-dia-sin-zapatos","status":"publish","type":"post","link":"https:\/\/interamerica.org\/es\/2014\/04\/adra-international-participa-en-un-dia-sin-zapatos\/","title":{"rendered":"ADRA International participa en Un D\u00eda Sin Zapatos"},"content":{"rendered":"<p>29 de abril de 2014 &#8211; Silver Spring, Maryland, Estados Unidos&#8230;personal ADRA -ANN<\/p>\n<div id=\"attachment_11603\" style=\"width: 310px\" class=\"wp-caption alignright\"><a href=\"\/interamerica\/wp-content\/uploads\/2017\/06\/csm_adra-feet-web_63e1b5a145.jpg\" rel=\"fancybox\" title=\"ADRA International participa en Un D\u00eda Sin Zapatos\"><img fetchpriority=\"high\" decoding=\"async\" aria-describedby=\"caption-attachment-11603\" class=\"size-medium wp-image-11603\" src=\"\/interamerica\/wp-content\/uploads\/2017\/06\/csm_adra-feet-web_63e1b5a145-300x198.jpg\" alt=\"\" width=\"300\" height=\"198\" \/><\/a><p id=\"caption-attachment-11603\" class=\"wp-caption-text\">Empleados de las oficinas de ADRA Internacional est\u00e1n sin zapatos hoy, 29 de abril, para celebrar TOMS-Un D\u00eda Sin Zapatos. Imagen por San Suvankham<\/p><\/div>\n<p>En honor del evento global TOMS\u2013Un D\u00eda Sin Zapatos, ADRA Internacional est\u00e1 pidiendo a sus amigos y simpatizantes que est\u00e9n hoy sin zapatos.<br \/>\nEste d\u00eda, creado por el socio de ADRA, TOMS Shoes (Zapatos TOMS), se dedica a crear conciencia entre las personas, en cuanto a la salud y educaci\u00f3n de los ni\u00f1os. El a\u00f1o pasado, personas en 50 pa\u00edses participaron en \u201cUn D\u00eda Sin Zapatos\u201d.<\/p>\n<p>\u201cUn D\u00eda Sin Zapatos\u201d es una gran oportunidad de la agencia ADRA para formar conciencia respecto a las necesidades de las personas a quien servimos en todo el mundo\u201d, dijo Jonathan Duffy, presidente de ADRA Internacional. \u201cMuchos de los ni\u00f1os a quienes ayudamos no tienen acceso a esta sencilla, pero crucial prenda de vestir\u201d.<\/p>\n<p>ADRA recibi\u00f3 su primer env\u00edo de Zapatos TOMS en Gambia, en el 2012. Desde entonces, TOMS ha donado zapatos nuevos a beneficiarios de ADRA en Argentina, Madagascar, Ruanda, Albania, Togo, Kirguist\u00e1n, Azerbaiy\u00e1n, Gambia, Kenia, la Rep\u00fablica Democr\u00e1tica del Congo, Ucrania y Zambia.<\/p>\n<p>\u201cYo nunca hab\u00eda tenido unos zapatos\u201d, dijo Rova, beneficiaria de ADRA, quien vive en Madagascar. \u201cCuando el maestro nos dijo que \u00edbamos a recibir nuevos pares de zapatos TOMS, a trav\u00e9s de ADRA, no lo pod\u00eda creer. Mis amigos y yo est\u00e1bamos muy felices porque era la primera vez que la mayor\u00eda de nosotros recib\u00edamos zapatos nuevos. Bailamos bajo la lluvia. Fue ciertamente un gran d\u00eda para m\u00ed\u201d.<\/p>\n<p>Un par de zapatos puede ayudar a prevenir enfermedades tales como podoconiosis, una enfermedad debilitadora que causa hinchaz\u00f3n dolorosa en los pies y piernas. Esta enfermedad afecta a m\u00e1s de 4 millones de personas en aproximadamente 15 pa\u00edses, de acuerdo con la Organizaci\u00f3n Mundial de la Salud. Los zapatos ayudan a prevenir cortadas, rasgu\u00f1os, raspones e infecciones que pueden ser fatales, pero millones de ni\u00f1os no tienen un solo par.<\/p>\n<p>\u201cLos ni\u00f1os que son m\u00e1s saludables tiene m\u00e1s probabilidades de ir a la escuela\u201d, dijo David Holdsworth, director asociado de ADRA Internacional para Adquisici\u00f3n de Materiales. \u201cLa donaci\u00f3n de uniformes y zapatos para los ni\u00f1os puede incrementar su asistencia a la escuela en un 62 por ciento. El recibir una educaci\u00f3n realmente habilita a las familias a salir de la pobreza\u201d.<\/p>\n<p>ADRA Internacional est\u00e1 presente en 125 pa\u00edses, contribuyendo al desarrollo de la comunidad y proveyendo direcci\u00f3n en caso de emergencia.<\/p>\n","protected":false},"excerpt":{"rendered":"<p>En honor del evento global TOMS\u2013Un D\u00eda Sin Zapatos,  ADRA Internacional est\u00e1 pidiendo a sus amigos y simpatizantes que est\u00e9n hoy sin zapatos.<\/p>\n","protected":false},"author":1,"featured_media":23041,"comment_status":"closed","ping_status":"closed","sticky":false,"template":"","format":"standard","meta":{"_acf_changed":false,"footnotes":""},"categories":[14],"tags":[],"class_list":["post-30500","post","type-post","status-publish","format-standard","has-post-thumbnail","hentry","category-de-la-iglesia-mundial"],"acf":[],"yoast_head":"<!-- This site is optimized with the Yoast SEO plugin v27.3 - https:\/\/yoast.com\/product\/yoast-seo-wordpress\/ -->\n<title>ADRA International participa en Un D\u00eda Sin Zapatos - Iglesia Adventista del S\u00e9ptimo D\u00eda - Divisi\u00f3n Interamericana<\/title>\n<meta name=\"robots\" content=\"index, follow, max-snippet:-1, max-image-preview:large, max-video-preview:-1\" \/>\n<link rel=\"canonical\" href=\"https:\/\/interamerica.org\/es\/2014\/04\/adra-international-participa-en-un-dia-sin-zapatos\/\" \/>\n<meta property=\"og:locale\" content=\"es_ES\" \/>\n<meta property=\"og:type\" content=\"article\" \/>\n<meta property=\"og:title\" content=\"ADRA International participa en Un D\u00eda Sin Zapatos - Iglesia Adventista del S\u00e9ptimo D\u00eda - Divisi\u00f3n Interamericana\" \/>\n<meta property=\"og:description\" content=\"En honor del evento global TOMS\u2013Un D\u00eda Sin Zapatos, ADRA Internacional est\u00e1 pidiendo a sus amigos y simpatizantes que est\u00e9n hoy sin zapatos.\" \/>\n<meta property=\"og:url\" content=\"https:\/\/interamerica.org\/es\/2014\/04\/adra-international-participa-en-un-dia-sin-zapatos\/\" \/>\n<meta property=\"og:site_name\" content=\"Iglesia Adventista del S\u00e9ptimo D\u00eda - Divisi\u00f3n Interamericana\" \/>\n<meta property=\"article:published_time\" content=\"2014-04-29T04:00:00+00:00\" \/>\n<meta property=\"og:image\" content=\"https:\/\/interamerica.org\/wp-content\/uploads\/2017\/06\/csm_adra-feet-web_63e1b5a145.jpg\" \/>\n\t<meta property=\"og:image:width\" content=\"400\" \/>\n\t<meta property=\"og:image:height\" content=\"265\" \/>\n\t<meta property=\"og:image:type\" content=\"image\/jpeg\" \/>\n<meta name=\"author\" content=\"Lorenzo Verduzco\" \/>\n<meta name=\"twitter:card\" content=\"summary_large_image\" \/>\n<meta name=\"twitter:label1\" content=\"Escrito por\" \/>\n\t<meta name=\"twitter:data1\" content=\"Lorenzo Verduzco\" \/>\n\t<meta name=\"twitter:label2\" content=\"Tiempo de lectura\" \/>\n\t<meta name=\"twitter:data2\" content=\"2 minutos\" \/>\n<script type=\"application\/ld+json\" class=\"yoast-schema-graph\">{\"@context\":\"https:\\\/\\\/schema.org\",\"@graph\":[{\"@type\":\"Article\",\"@id\":\"https:\\\/\\\/interamerica.org\\\/es\\\/2014\\\/04\\\/adra-international-participa-en-un-dia-sin-zapatos\\\/#article\",\"isPartOf\":{\"@id\":\"https:\\\/\\\/interamerica.org\\\/es\\\/2014\\\/04\\\/adra-international-participa-en-un-dia-sin-zapatos\\\/\"},\"author\":{\"name\":\"Lorenzo Verduzco\",\"@id\":\"https:\\\/\\\/interamerica.org\\\/es\\\/#\\\/schema\\\/person\\\/68ede8bdc292885bb76c1e3810e73c39\"},\"headline\":\"ADRA International participa en Un D\u00eda Sin Zapatos\",\"datePublished\":\"2014-04-29T04:00:00+00:00\",\"mainEntityOfPage\":{\"@id\":\"https:\\\/\\\/interamerica.org\\\/es\\\/2014\\\/04\\\/adra-international-participa-en-un-dia-sin-zapatos\\\/\"},\"wordCount\":466,\"image\":{\"@id\":\"https:\\\/\\\/interamerica.org\\\/es\\\/2014\\\/04\\\/adra-international-participa-en-un-dia-sin-zapatos\\\/#primaryimage\"},\"thumbnailUrl\":\"https:\\\/\\\/interamerica.org\\\/wp-content\\\/uploads\\\/2017\\\/06\\\/csm_adra-feet-web_63e1b5a145.jpg\",\"articleSection\":[\"Desde la iglesia mundial\"],\"inLanguage\":\"es\"},{\"@type\":\"WebPage\",\"@id\":\"https:\\\/\\\/interamerica.org\\\/es\\\/2014\\\/04\\\/adra-international-participa-en-un-dia-sin-zapatos\\\/\",\"url\":\"https:\\\/\\\/interamerica.org\\\/es\\\/2014\\\/04\\\/adra-international-participa-en-un-dia-sin-zapatos\\\/\",\"name\":\"ADRA International participa en Un D\u00eda Sin Zapatos - Iglesia Adventista del S\u00e9ptimo D\u00eda - Divisi\u00f3n Interamericana\",\"isPartOf\":{\"@id\":\"https:\\\/\\\/interamerica.org\\\/es\\\/#website\"},\"primaryImageOfPage\":{\"@id\":\"https:\\\/\\\/interamerica.org\\\/es\\\/2014\\\/04\\\/adra-international-participa-en-un-dia-sin-zapatos\\\/#primaryimage\"},\"image\":{\"@id\":\"https:\\\/\\\/interamerica.org\\\/es\\\/2014\\\/04\\\/adra-international-participa-en-un-dia-sin-zapatos\\\/#primaryimage\"},\"thumbnailUrl\":\"https:\\\/\\\/interamerica.org\\\/wp-content\\\/uploads\\\/2017\\\/06\\\/csm_adra-feet-web_63e1b5a145.jpg\",\"datePublished\":\"2014-04-29T04:00:00+00:00\",\"author\":{\"@id\":\"https:\\\/\\\/interamerica.org\\\/es\\\/#\\\/schema\\\/person\\\/68ede8bdc292885bb76c1e3810e73c39\"},\"breadcrumb\":{\"@id\":\"https:\\\/\\\/interamerica.org\\\/es\\\/2014\\\/04\\\/adra-international-participa-en-un-dia-sin-zapatos\\\/#breadcrumb\"},\"inLanguage\":\"es\",\"potentialAction\":[{\"@type\":\"ReadAction\",\"target\":[\"https:\\\/\\\/interamerica.org\\\/es\\\/2014\\\/04\\\/adra-international-participa-en-un-dia-sin-zapatos\\\/\"]}]},{\"@type\":\"ImageObject\",\"inLanguage\":\"es\",\"@id\":\"https:\\\/\\\/interamerica.org\\\/es\\\/2014\\\/04\\\/adra-international-participa-en-un-dia-sin-zapatos\\\/#primaryimage\",\"url\":\"https:\\\/\\\/interamerica.org\\\/wp-content\\\/uploads\\\/2017\\\/06\\\/csm_adra-feet-web_63e1b5a145.jpg\",\"contentUrl\":\"https:\\\/\\\/interamerica.org\\\/wp-content\\\/uploads\\\/2017\\\/06\\\/csm_adra-feet-web_63e1b5a145.jpg\",\"width\":400,\"height\":265},{\"@type\":\"BreadcrumbList\",\"@id\":\"https:\\\/\\\/interamerica.org\\\/es\\\/2014\\\/04\\\/adra-international-participa-en-un-dia-sin-zapatos\\\/#breadcrumb\",\"itemListElement\":[{\"@type\":\"ListItem\",\"position\":1,\"name\":\"Home\",\"item\":\"https:\\\/\\\/interamerica.org\\\/es\\\/\"},{\"@type\":\"ListItem\",\"position\":2,\"name\":\"ADRA International participa en Un D\u00eda Sin Zapatos\"}]},{\"@type\":\"WebSite\",\"@id\":\"https:\\\/\\\/interamerica.org\\\/es\\\/#website\",\"url\":\"https:\\\/\\\/interamerica.org\\\/es\\\/\",\"name\":\"Iglesia Adventista del S\u00e9ptimo D\u00eda - Divisi\u00f3n Interamericana\",\"description\":\"\",\"potentialAction\":[{\"@type\":\"SearchAction\",\"target\":{\"@type\":\"EntryPoint\",\"urlTemplate\":\"https:\\\/\\\/interamerica.org\\\/es\\\/?s={search_term_string}\"},\"query-input\":{\"@type\":\"PropertyValueSpecification\",\"valueRequired\":true,\"valueName\":\"search_term_string\"}}],\"inLanguage\":\"es\"},{\"@type\":\"Person\",\"@id\":\"https:\\\/\\\/interamerica.org\\\/es\\\/#\\\/schema\\\/person\\\/68ede8bdc292885bb76c1e3810e73c39\",\"name\":\"Lorenzo Verduzco\",\"image\":{\"@type\":\"ImageObject\",\"inLanguage\":\"es\",\"@id\":\"https:\\\/\\\/secure.gravatar.com\\\/avatar\\\/fb81a55b6218459490a9c1dc841a34909185b81904c5337b4b27f7a6fd60c49e?s=96&d=mm&r=g\",\"url\":\"https:\\\/\\\/secure.gravatar.com\\\/avatar\\\/fb81a55b6218459490a9c1dc841a34909185b81904c5337b4b27f7a6fd60c49e?s=96&d=mm&r=g\",\"contentUrl\":\"https:\\\/\\\/secure.gravatar.com\\\/avatar\\\/fb81a55b6218459490a9c1dc841a34909185b81904c5337b4b27f7a6fd60c49e?s=96&d=mm&r=g\",\"caption\":\"Lorenzo Verduzco\"}}]}<\/script>\n<!-- \/ Yoast SEO plugin. -->","yoast_head_json":{"title":"ADRA International participa en Un D\u00eda Sin Zapatos - Iglesia Adventista del S\u00e9ptimo D\u00eda - Divisi\u00f3n Interamericana","robots":{"index":"index","follow":"follow","max-snippet":"max-snippet:-1","max-image-preview":"max-image-preview:large","max-video-preview":"max-video-preview:-1"},"canonical":"https:\/\/interamerica.org\/es\/2014\/04\/adra-international-participa-en-un-dia-sin-zapatos\/","og_locale":"es_ES","og_type":"article","og_title":"ADRA International participa en Un D\u00eda Sin Zapatos - Iglesia Adventista del S\u00e9ptimo D\u00eda - Divisi\u00f3n Interamericana","og_description":"En honor del evento global TOMS\u2013Un D\u00eda Sin Zapatos, ADRA Internacional est\u00e1 pidiendo a sus amigos y simpatizantes que est\u00e9n hoy sin zapatos.","og_url":"https:\/\/interamerica.org\/es\/2014\/04\/adra-international-participa-en-un-dia-sin-zapatos\/","og_site_name":"Iglesia Adventista del S\u00e9ptimo D\u00eda - Divisi\u00f3n Interamericana","article_published_time":"2014-04-29T04:00:00+00:00","og_image":[{"width":400,"height":265,"url":"https:\/\/interamerica.org\/wp-content\/uploads\/2017\/06\/csm_adra-feet-web_63e1b5a145.jpg","type":"image\/jpeg"}],"author":"Lorenzo Verduzco","twitter_card":"summary_large_image","twitter_misc":{"Escrito por":"Lorenzo Verduzco","Tiempo de lectura":"2 minutos"},"schema":{"@context":"https:\/\/schema.org","@graph":[{"@type":"Article","@id":"https:\/\/interamerica.org\/es\/2014\/04\/adra-international-participa-en-un-dia-sin-zapatos\/#article","isPartOf":{"@id":"https:\/\/interamerica.org\/es\/2014\/04\/adra-international-participa-en-un-dia-sin-zapatos\/"},"author":{"name":"Lorenzo Verduzco","@id":"https:\/\/interamerica.org\/es\/#\/schema\/person\/68ede8bdc292885bb76c1e3810e73c39"},"headline":"ADRA International participa en Un D\u00eda Sin Zapatos","datePublished":"2014-04-29T04:00:00+00:00","mainEntityOfPage":{"@id":"https:\/\/interamerica.org\/es\/2014\/04\/adra-international-participa-en-un-dia-sin-zapatos\/"},"wordCount":466,"image":{"@id":"https:\/\/interamerica.org\/es\/2014\/04\/adra-international-participa-en-un-dia-sin-zapatos\/#primaryimage"},"thumbnailUrl":"https:\/\/interamerica.org\/wp-content\/uploads\/2017\/06\/csm_adra-feet-web_63e1b5a145.jpg","articleSection":["Desde la iglesia mundial"],"inLanguage":"es"},{"@type":"WebPage","@id":"https:\/\/interamerica.org\/es\/2014\/04\/adra-international-participa-en-un-dia-sin-zapatos\/","url":"https:\/\/interamerica.org\/es\/2014\/04\/adra-international-participa-en-un-dia-sin-zapatos\/","name":"ADRA International participa en Un D\u00eda Sin Zapatos - Iglesia Adventista del S\u00e9ptimo D\u00eda - Divisi\u00f3n Interamericana","isPartOf":{"@id":"https:\/\/interamerica.org\/es\/#website"},"primaryImageOfPage":{"@id":"https:\/\/interamerica.org\/es\/2014\/04\/adra-international-participa-en-un-dia-sin-zapatos\/#primaryimage"},"image":{"@id":"https:\/\/interamerica.org\/es\/2014\/04\/adra-international-participa-en-un-dia-sin-zapatos\/#primaryimage"},"thumbnailUrl":"https:\/\/interamerica.org\/wp-content\/uploads\/2017\/06\/csm_adra-feet-web_63e1b5a145.jpg","datePublished":"2014-04-29T04:00:00+00:00","author":{"@id":"https:\/\/interamerica.org\/es\/#\/schema\/person\/68ede8bdc292885bb76c1e3810e73c39"},"breadcrumb":{"@id":"https:\/\/interamerica.org\/es\/2014\/04\/adra-international-participa-en-un-dia-sin-zapatos\/#breadcrumb"},"inLanguage":"es","potentialAction":[{"@type":"ReadAction","target":["https:\/\/interamerica.org\/es\/2014\/04\/adra-international-participa-en-un-dia-sin-zapatos\/"]}]},{"@type":"ImageObject","inLanguage":"es","@id":"https:\/\/interamerica.org\/es\/2014\/04\/adra-international-participa-en-un-dia-sin-zapatos\/#primaryimage","url":"https:\/\/interamerica.org\/wp-content\/uploads\/2017\/06\/csm_adra-feet-web_63e1b5a145.jpg","contentUrl":"https:\/\/interamerica.org\/wp-content\/uploads\/2017\/06\/csm_adra-feet-web_63e1b5a145.jpg","width":400,"height":265},{"@type":"BreadcrumbList","@id":"https:\/\/interamerica.org\/es\/2014\/04\/adra-international-participa-en-un-dia-sin-zapatos\/#breadcrumb","itemListElement":[{"@type":"ListItem","position":1,"name":"Home","item":"https:\/\/interamerica.org\/es\/"},{"@type":"ListItem","position":2,"name":"ADRA International participa en Un D\u00eda Sin Zapatos"}]},{"@type":"WebSite","@id":"https:\/\/interamerica.org\/es\/#website","url":"https:\/\/interamerica.org\/es\/","name":"Iglesia Adventista del S\u00e9ptimo D\u00eda - Divisi\u00f3n Interamericana","description":"","potentialAction":[{"@type":"SearchAction","target":{"@type":"EntryPoint","urlTemplate":"https:\/\/interamerica.org\/es\/?s={search_term_string}"},"query-input":{"@type":"PropertyValueSpecification","valueRequired":true,"valueName":"search_term_string"}}],"inLanguage":"es"},{"@type":"Person","@id":"https:\/\/interamerica.org\/es\/#\/schema\/person\/68ede8bdc292885bb76c1e3810e73c39","name":"Lorenzo Verduzco","image":{"@type":"ImageObject","inLanguage":"es","@id":"https:\/\/secure.gravatar.com\/avatar\/fb81a55b6218459490a9c1dc841a34909185b81904c5337b4b27f7a6fd60c49e?s=96&d=mm&r=g","url":"https:\/\/secure.gravatar.com\/avatar\/fb81a55b6218459490a9c1dc841a34909185b81904c5337b4b27f7a6fd60c49e?s=96&d=mm&r=g","contentUrl":"https:\/\/secure.gravatar.com\/avatar\/fb81a55b6218459490a9c1dc841a34909185b81904c5337b4b27f7a6fd60c49e?s=96&d=mm&r=g","caption":"Lorenzo Verduzco"}}]}},"_links":{"self":[{"href":"https:\/\/interamerica.org\/es\/wp-json\/wp\/v2\/posts\/30500","targetHints":{"allow":["GET"]}}],"collection":[{"href":"https:\/\/interamerica.org\/es\/wp-json\/wp\/v2\/posts"}],"about":[{"href":"https:\/\/interamerica.org\/es\/wp-json\/wp\/v2\/types\/post"}],"author":[{"embeddable":true,"href":"https:\/\/interamerica.org\/es\/wp-json\/wp\/v2\/users\/1"}],"replies":[{"embeddable":true,"href":"https:\/\/interamerica.org\/es\/wp-json\/wp\/v2\/comments?post=30500"}],"version-history":[{"count":0,"href":"https:\/\/interamerica.org\/es\/wp-json\/wp\/v2\/posts\/30500\/revisions"}],"wp:featuredmedia":[{"embeddable":true,"href":"https:\/\/interamerica.org\/es\/wp-json\/wp\/v2\/media\/23041"}],"wp:attachment":[{"href":"https:\/\/interamerica.org\/es\/wp-json\/wp\/v2\/media?parent=30500"}],"wp:term":[{"taxonomy":"category","embeddable":true,"href":"https:\/\/interamerica.org\/es\/wp-json\/wp\/v2\/categories?post=30500"},{"taxonomy":"post_tag","embeddable":true,"href":"https:\/\/interamerica.org\/es\/wp-json\/wp\/v2\/tags?post=30500"}],"curies":[{"name":"wp","href":"https:\/\/api.w.org\/{rel}","templated":true}]}}