{"id":30526,"date":"2014-06-06T00:00:00","date_gmt":"2014-06-06T04:00:00","guid":{"rendered":"http:\/\/192.81.217.108\/interamerica\/2014\/06\/estudio-de-la-ordenacion-concluye-con-sugerencias-sobre-como-seguir-a-partir-de-ahora\/"},"modified":"2014-06-06T00:00:00","modified_gmt":"2014-06-06T04:00:00","slug":"estudio-de-la-ordenacion-concluye-con-sugerencias-sobre-como-seguir-a-partir-de-ahora","status":"publish","type":"post","link":"https:\/\/interamerica.org\/es\/2014\/06\/estudio-de-la-ordenacion-concluye-con-sugerencias-sobre-como-seguir-a-partir-de-ahora\/","title":{"rendered":"Estudio de la ordenaci\u00f3n concluye con sugerencias sobre c\u00f3mo seguir a partir de ahora"},"content":{"rendered":"<p>5 de junio de 2014 &#8211; Silver Spring, Maryland, Estados Unidos&#8230;Adventist Review<\/p>\n<div id=\"attachment_12073\" style=\"width: 310px\" class=\"wp-caption alignright\"><a href=\"\/interamerica\/wp-content\/uploads\/2017\/06\/csm_TOSC_June_b058d8d32e.jpg\" rel=\"fancybox\" title=\"Estudio de la ordenaci\u00f3n concluye con sugerencias sobre c\u00f3mo seguir a partir de ahora\"><img fetchpriority=\"high\" decoding=\"async\" aria-describedby=\"caption-attachment-12073\" class=\"size-medium wp-image-12073\" src=\"\/interamerica\/wp-content\/uploads\/2017\/06\/csm_TOSC_June_b058d8d32e-300x225.jpg\" alt=\"\" width=\"300\" height=\"225\" \/><\/a><p id=\"caption-attachment-12073\" class=\"wp-caption-text\">Imagen de Karen Porter\/ANN<\/p><\/div>\n<p>Los l\u00edderes y los miembros de la Comisi\u00f3n de Estudio sobre la Teolog\u00eda de la Ordenaci\u00f3n (TOSC) se preguntaron en voz alta si la cuarta y \u00faltima sesi\u00f3n de m\u00faltiples d\u00edas producir\u00eda un consenso sobre el controvertido tema de la ordenaci\u00f3n de las mujeres al ministerio.<\/p>\n<p>Un miembro de la TOSC destac\u00f3 con melancol\u00eda que el mi\u00e9rcoles 4 de junio era el d\u00eda de Pentecost\u00e9s en el calendario jud\u00edo. Dijo esperar que se produjera un milagro de unanimidad que pusiera fin al proceso de dos a\u00f1os de estudio, en los que se les pidi\u00f3 a los miembros que escogieran la soluci\u00f3n preferida, o la manera de seguir adelante con un tema con el que la iglesia ha luchado durante m\u00e1s de 25 a\u00f1os.<\/p>\n<p>Sin embargo, cuando Artur Stele, presidente de la comisi\u00f3n, anunci\u00f3 los resultados de una encuesta informal al grupo de estudiosos, administradores de la iglesia, pastores y laicos, tres posturas surgieron de los datos, y ninguna de ellas obtuvo una mayor\u00eda de los votos recibidos.<\/p>\n<p>Cuarenta miembros de la TOSC identificaron como primera elecci\u00f3n la postura de que <em>\u201cCada entidad responsable de llamar a los pastores sea autorizada a escoger ya sea a ordenar como pastores tan solo a los hombres; o a ordenar como pastores tanto a los hombres como a las mujeres\u201d<\/em>.<\/p>\n<p>Treinta y dos miembros se mostraron a favor de una propuesta que afirma la <em>\u201cpr\u00e1ctica de ordenar\/comisionar solo a hombres calificados para el oficio de pastor\/ministro en toda la iglesia mundial\u201d<\/em>.<\/p>\n<p>Una tercera opci\u00f3n fue la primera elecci\u00f3n de 22 participantes, y se expres\u00f3 as\u00ed: <em>\u201cCristo es la \u00fanica cabeza de la iglesia\u201d, destacando que existe un \u201cpatr\u00f3n b\u00edblico de liderazgo masculino, bajo la direcci\u00f3n de Cristo, en el cargo del ministerio ordenado\u201d<\/em>. No obstante, esta opci\u00f3n tambi\u00e9n a\u00f1adi\u00f3: <em>\u201cRecomendamos que los l\u00edderes de la denominaci\u00f3n, en el nivel que corresponda, sean autorizados a decidir, sobre la base de principios b\u00edblicos, si tal adaptaci\u00f3n [permiso para ordenador tanto a los hombres como a las mujeres] podr\u00eda ser apropiada para su zona o regi\u00f3n\u201d<\/em>.<\/p>\n<p>Ted N. C. Wilson, presidente de la Asociaci\u00f3n General, habl\u00f3 a los miembros de la comisi\u00f3n despu\u00e9s de que Stele anunci\u00f3 los resultados de la encuesta. \u201cAl avanzar en este proceso, pido a cada uno que act\u00fae con humildad, no de manera autoritaria o dominante\u201d, inst\u00f3 Wilson. \u201cDeber\u00edamos hacer todas las cosas con el esp\u00edritu de Cristo\u201d.<\/p>\n<p>Wilson tambi\u00e9n agradeci\u00f3 a los participantes por un voto que tomaron de manera un\u00e1nime unas horas antes. Los miembros de la TOSC votaron <em>\u201cafirmar que a pesar de las diferencias de opini\u00f3n sobre el tema de la ordenaci\u00f3n de las mujeres, los miembros de la Comisi\u00f3n de Estudio sobre la Teolog\u00eda de la Ordenaci\u00f3n est\u00e1n comprometidos con el mensaje y la misi\u00f3n de la Iglesia Adventista del S\u00e9ptimo D\u00eda, seg\u00fan se expresan en las 28 Creencias Fundamentales\u201d.<\/em><\/p>\n<p>\u201cSeremos muy abiertos y justos en la manera de tratar con esta cuesti\u00f3n\u201d, asegur\u00f3 Wilson a la comisi\u00f3n al esbozar las etapas claves que seguir\u00e1 la iglesia en los pr\u00f3ximos meses.<\/p>\n<p>Varios grupos administrativos en la sede central de la iglesia analizar\u00e1n el informe escrito del proceso de la TOSC durante las reuniones del 16 al 19 de junio, dijo Wilson, e incluir\u00e1n el tema en la agenda del Concilio Anual de la denominaci\u00f3n que se reunir\u00e1 en Silver Spring, Maryland, Estados Unidos, entre el 9 y el 14 de octubre. Los l\u00edderes de la Asociaci\u00f3n General han prometido poner a disposici\u00f3n todos los materiales del reciente proceso de estudio, as\u00ed como los documentos disponibles, antes del encuentro de los m\u00e1s de trescientos miembros de la Junta Directiva, que decide qu\u00e9 recomendar al congreso quinquenal de la Asociaci\u00f3n General, que se llevar\u00e1 a cabo en San Antonio, Texas, Estados Unidos, dentro de trece meses.<\/p>\n<p>Wilson dijo que se har\u00e1n presentaciones m\u00faltiples en los encuentros administrativos planificados para ayudar a que los representantes de la iglesia repasen abiertamente el tema.<\/p>\n<p>\u201cLos resultados de la encuesta de hoy no deber\u00edan dictar ning\u00fan resultado para la iglesia mundial, pero deber\u00edan recibir su peso apropiado\u201d, dijo Geoffrey Mbwana, vicepresidente de la comisi\u00f3n y tambi\u00e9n de la iglesia mundial. \u201cNadie deber\u00eda apresurarse a decir: \u2018Esto est\u00e1 sumamente claro\u2019. Todo lo que realmente queda claro a esta altura es que tenemos fuertes diferencias respecto de la ordenaci\u00f3n de las mujeres al ministerio\u201d. Los l\u00edderes de la TOSC vieron la encuesta como una herramienta de evaluaci\u00f3n para determinar si se hab\u00edan desarrollado posiciones de consenso dentro de la comisi\u00f3n.<\/p>\n<p>La tarea del grupo TOSC era llevar a cabo un estudio y an\u00e1lisis en profundidad del tema de la ordenaci\u00f3n, con aportes de las divisiones mundiales de la iglesia: la comisi\u00f3n no fue organizada para representar proporcionalmente a la iglesia mundial. Una evaluaci\u00f3n m\u00e1s internacional se producir\u00e1 en el proceso del Concilio Anual 2014 y el Congreso de la Asociaci\u00f3n General 2015, donde los delegados por las provisiones constitutivas y reglamentarias de la iglesia se encargar\u00e1n de analizar el tema.<\/p>\n<p>Karen Porter, secretaria de la TOSC y secretaria asistente de la iglesia mundial, destac\u00f3 el valor del estudio.<\/p>\n<p>\u201cLo que hemos experimentado aqu\u00ed podr\u00eda constituir un modelo importante para la iglesia mundial a la hora de analizar otras cuestiones internacionales\u201d, dijo Porter. \u201cHemos aprendido lecciones de ambas clases, sobre lo que funciona o lo que no, y estamos mejor por haber pasado tantos d\u00edas y horas escuchando a personas con las que acaso no siempre estamos de acuerdo\u201d.<\/p>\n<p>Al llegar al final de los 24 meses de estudio, Stele tambi\u00e9n celebr\u00f3 el esp\u00edritu de los miembros de la comisi\u00f3n, y se\u00f1al\u00f3 que probablemente la cuarta sesi\u00f3n hab\u00eda sido la m\u00e1s positiva, debido a la mayor cantidad de tiempo que se dedic\u00f3 a trabajar en grupos peque\u00f1os y de trabajo en lugar de las presentaciones plenarias.<\/p>\n<p>\u201cAunque en momentos hemos tenido discusiones dif\u00edciles, que presentaron grandes desaf\u00edos, hemos cultivado un esp\u00edritu de camarader\u00eda, un respeto mutuo, durante los \u00faltimos dos a\u00f1os\u201d, dijo. \u201cUna gran mayor\u00eda de los participantes aprendieron a confiar en los dem\u00e1s y oraron juntos, comieron juntos, y conversaron por los pasillos. Este es el primero proceso de estudio realmente global sobre esta cuesti\u00f3n que se ha intentado. Ha sido realmente gratificante ver y sentir cu\u00e1nto ha desarrollado este proceso la comprensi\u00f3n mutua y las mejores relaciones\u201d.<\/p>\n<p>Lisa Beardsley-Hardy, directora del departamento de educaci\u00f3n de la Iglesia Adventista e integrante de la TOSC, se enfoc\u00f3 en lo que gan\u00f3 la iglesia a largo plazo a partir de este proceso de estudio. \u201cUno de los avances m\u00e1s importantes para nosotros como iglesia global y multinacional fue repasar nuestra hermen\u00e9utica, y pensar en c\u00f3mo podemos estudiar las Biblias en las diversas culturas\u201d, le dijo a la <em>Adventist Review.<\/em> \u201cEsta experiencia nos ayud\u00f3 a aclarar lo que creemos, y por qu\u00e9 lo creemos, y tambi\u00e9n a enfocarnos en c\u00f3mo continuar unidos con nuestra misi\u00f3n\u201d.<\/p>\n<p>Al terminar la sesi\u00f3n del mi\u00e9rcoles, Wilson inst\u00f3 a los miembros de la comisi\u00f3n a que sigan teniendo esperanza respecto del resultado final del proceso.<\/p>\n<p>\u201cAcaso a\u00fan no veamos d\u00f3nde nos est\u00e1 llevando el Esp\u00edritu respecto de este tema\u201d, dijo. \u201cPero creemos firmemente que Dios abrir\u00e1 el camino para que la iglesia pueda cumplir su misi\u00f3n\u201d.<\/p>\n<p><em>Traducci\u00f3n de Marcos Paseggi<\/em><\/p>\n","protected":false},"excerpt":{"rendered":"<p>Los l\u00edderes y los miembros de la Comisi\u00f3n de Estudio sobre la Teolog\u00eda de la Ordenaci\u00f3n (TOSC) se preguntaron en voz alta si la cuarta y \u00faltima sesi\u00f3n de m\u00faltiples d\u00edas producir\u00eda un consenso sobre el controvertido tema de la ordenaci\u00f3n de las mujeres al ministerio.<\/p>\n","protected":false},"author":1,"featured_media":23211,"comment_status":"closed","ping_status":"closed","sticky":false,"template":"","format":"standard","meta":{"_acf_changed":false,"footnotes":""},"categories":[14],"tags":[],"class_list":["post-30526","post","type-post","status-publish","format-standard","has-post-thumbnail","hentry","category-de-la-iglesia-mundial"],"acf":[],"yoast_head":"<!-- This site is optimized with the Yoast SEO plugin v27.3 - https:\/\/yoast.com\/product\/yoast-seo-wordpress\/ -->\n<title>Estudio de la ordenaci\u00f3n concluye con sugerencias sobre c\u00f3mo seguir a partir de ahora - Iglesia Adventista del S\u00e9ptimo D\u00eda - Divisi\u00f3n Interamericana<\/title>\n<meta name=\"robots\" content=\"index, follow, max-snippet:-1, max-image-preview:large, max-video-preview:-1\" \/>\n<link rel=\"canonical\" href=\"https:\/\/interamerica.org\/es\/2014\/06\/estudio-de-la-ordenacion-concluye-con-sugerencias-sobre-como-seguir-a-partir-de-ahora\/\" \/>\n<meta property=\"og:locale\" content=\"es_ES\" \/>\n<meta property=\"og:type\" content=\"article\" \/>\n<meta property=\"og:title\" content=\"Estudio de la ordenaci\u00f3n concluye con sugerencias sobre c\u00f3mo seguir a partir de ahora - Iglesia Adventista del S\u00e9ptimo D\u00eda - Divisi\u00f3n Interamericana\" \/>\n<meta property=\"og:description\" content=\"Los l\u00edderes y los miembros de la Comisi\u00f3n de Estudio sobre la Teolog\u00eda de la Ordenaci\u00f3n (TOSC) se preguntaron en voz alta si la cuarta y \u00faltima sesi\u00f3n de m\u00faltiples d\u00edas producir\u00eda un consenso sobre el controvertido tema de la ordenaci\u00f3n de las mujeres al ministerio.\" \/>\n<meta property=\"og:url\" content=\"https:\/\/interamerica.org\/es\/2014\/06\/estudio-de-la-ordenacion-concluye-con-sugerencias-sobre-como-seguir-a-partir-de-ahora\/\" \/>\n<meta property=\"og:site_name\" content=\"Iglesia Adventista del S\u00e9ptimo D\u00eda - Divisi\u00f3n Interamericana\" \/>\n<meta property=\"article:published_time\" content=\"2014-06-06T04:00:00+00:00\" \/>\n<meta property=\"og:image\" content=\"https:\/\/interamerica.org\/wp-content\/uploads\/2017\/06\/csm_TOSC_June_b058d8d32e.jpg\" \/>\n\t<meta property=\"og:image:width\" content=\"800\" \/>\n\t<meta property=\"og:image:height\" content=\"600\" \/>\n\t<meta property=\"og:image:type\" content=\"image\/jpeg\" \/>\n<meta name=\"author\" content=\"Lorenzo Verduzco\" \/>\n<meta name=\"twitter:card\" content=\"summary_large_image\" \/>\n<meta name=\"twitter:label1\" content=\"Escrito por\" \/>\n\t<meta name=\"twitter:data1\" content=\"Lorenzo Verduzco\" \/>\n\t<meta name=\"twitter:label2\" content=\"Tiempo de lectura\" \/>\n\t<meta name=\"twitter:data2\" content=\"7 minutos\" \/>\n<script type=\"application\/ld+json\" class=\"yoast-schema-graph\">{\"@context\":\"https:\\\/\\\/schema.org\",\"@graph\":[{\"@type\":\"Article\",\"@id\":\"https:\\\/\\\/interamerica.org\\\/es\\\/2014\\\/06\\\/estudio-de-la-ordenacion-concluye-con-sugerencias-sobre-como-seguir-a-partir-de-ahora\\\/#article\",\"isPartOf\":{\"@id\":\"https:\\\/\\\/interamerica.org\\\/es\\\/2014\\\/06\\\/estudio-de-la-ordenacion-concluye-con-sugerencias-sobre-como-seguir-a-partir-de-ahora\\\/\"},\"author\":{\"name\":\"Lorenzo Verduzco\",\"@id\":\"https:\\\/\\\/interamerica.org\\\/es\\\/#\\\/schema\\\/person\\\/68ede8bdc292885bb76c1e3810e73c39\"},\"headline\":\"Estudio de la ordenaci\u00f3n concluye con sugerencias sobre c\u00f3mo seguir a partir de ahora\",\"datePublished\":\"2014-06-06T04:00:00+00:00\",\"mainEntityOfPage\":{\"@id\":\"https:\\\/\\\/interamerica.org\\\/es\\\/2014\\\/06\\\/estudio-de-la-ordenacion-concluye-con-sugerencias-sobre-como-seguir-a-partir-de-ahora\\\/\"},\"wordCount\":1347,\"image\":{\"@id\":\"https:\\\/\\\/interamerica.org\\\/es\\\/2014\\\/06\\\/estudio-de-la-ordenacion-concluye-con-sugerencias-sobre-como-seguir-a-partir-de-ahora\\\/#primaryimage\"},\"thumbnailUrl\":\"https:\\\/\\\/interamerica.org\\\/wp-content\\\/uploads\\\/2017\\\/06\\\/csm_TOSC_June_b058d8d32e.jpg\",\"articleSection\":[\"Desde la iglesia mundial\"],\"inLanguage\":\"es\"},{\"@type\":\"WebPage\",\"@id\":\"https:\\\/\\\/interamerica.org\\\/es\\\/2014\\\/06\\\/estudio-de-la-ordenacion-concluye-con-sugerencias-sobre-como-seguir-a-partir-de-ahora\\\/\",\"url\":\"https:\\\/\\\/interamerica.org\\\/es\\\/2014\\\/06\\\/estudio-de-la-ordenacion-concluye-con-sugerencias-sobre-como-seguir-a-partir-de-ahora\\\/\",\"name\":\"Estudio de la ordenaci\u00f3n concluye con sugerencias sobre c\u00f3mo seguir a partir de ahora - Iglesia Adventista del S\u00e9ptimo D\u00eda - Divisi\u00f3n Interamericana\",\"isPartOf\":{\"@id\":\"https:\\\/\\\/interamerica.org\\\/es\\\/#website\"},\"primaryImageOfPage\":{\"@id\":\"https:\\\/\\\/interamerica.org\\\/es\\\/2014\\\/06\\\/estudio-de-la-ordenacion-concluye-con-sugerencias-sobre-como-seguir-a-partir-de-ahora\\\/#primaryimage\"},\"image\":{\"@id\":\"https:\\\/\\\/interamerica.org\\\/es\\\/2014\\\/06\\\/estudio-de-la-ordenacion-concluye-con-sugerencias-sobre-como-seguir-a-partir-de-ahora\\\/#primaryimage\"},\"thumbnailUrl\":\"https:\\\/\\\/interamerica.org\\\/wp-content\\\/uploads\\\/2017\\\/06\\\/csm_TOSC_June_b058d8d32e.jpg\",\"datePublished\":\"2014-06-06T04:00:00+00:00\",\"author\":{\"@id\":\"https:\\\/\\\/interamerica.org\\\/es\\\/#\\\/schema\\\/person\\\/68ede8bdc292885bb76c1e3810e73c39\"},\"breadcrumb\":{\"@id\":\"https:\\\/\\\/interamerica.org\\\/es\\\/2014\\\/06\\\/estudio-de-la-ordenacion-concluye-con-sugerencias-sobre-como-seguir-a-partir-de-ahora\\\/#breadcrumb\"},\"inLanguage\":\"es\",\"potentialAction\":[{\"@type\":\"ReadAction\",\"target\":[\"https:\\\/\\\/interamerica.org\\\/es\\\/2014\\\/06\\\/estudio-de-la-ordenacion-concluye-con-sugerencias-sobre-como-seguir-a-partir-de-ahora\\\/\"]}]},{\"@type\":\"ImageObject\",\"inLanguage\":\"es\",\"@id\":\"https:\\\/\\\/interamerica.org\\\/es\\\/2014\\\/06\\\/estudio-de-la-ordenacion-concluye-con-sugerencias-sobre-como-seguir-a-partir-de-ahora\\\/#primaryimage\",\"url\":\"https:\\\/\\\/interamerica.org\\\/wp-content\\\/uploads\\\/2017\\\/06\\\/csm_TOSC_June_b058d8d32e.jpg\",\"contentUrl\":\"https:\\\/\\\/interamerica.org\\\/wp-content\\\/uploads\\\/2017\\\/06\\\/csm_TOSC_June_b058d8d32e.jpg\",\"width\":800,\"height\":600},{\"@type\":\"BreadcrumbList\",\"@id\":\"https:\\\/\\\/interamerica.org\\\/es\\\/2014\\\/06\\\/estudio-de-la-ordenacion-concluye-con-sugerencias-sobre-como-seguir-a-partir-de-ahora\\\/#breadcrumb\",\"itemListElement\":[{\"@type\":\"ListItem\",\"position\":1,\"name\":\"Home\",\"item\":\"https:\\\/\\\/interamerica.org\\\/es\\\/\"},{\"@type\":\"ListItem\",\"position\":2,\"name\":\"Estudio de la ordenaci\u00f3n concluye con sugerencias sobre c\u00f3mo seguir a partir de ahora\"}]},{\"@type\":\"WebSite\",\"@id\":\"https:\\\/\\\/interamerica.org\\\/es\\\/#website\",\"url\":\"https:\\\/\\\/interamerica.org\\\/es\\\/\",\"name\":\"Iglesia Adventista del S\u00e9ptimo D\u00eda - Divisi\u00f3n Interamericana\",\"description\":\"\",\"potentialAction\":[{\"@type\":\"SearchAction\",\"target\":{\"@type\":\"EntryPoint\",\"urlTemplate\":\"https:\\\/\\\/interamerica.org\\\/es\\\/?s={search_term_string}\"},\"query-input\":{\"@type\":\"PropertyValueSpecification\",\"valueRequired\":true,\"valueName\":\"search_term_string\"}}],\"inLanguage\":\"es\"},{\"@type\":\"Person\",\"@id\":\"https:\\\/\\\/interamerica.org\\\/es\\\/#\\\/schema\\\/person\\\/68ede8bdc292885bb76c1e3810e73c39\",\"name\":\"Lorenzo Verduzco\",\"image\":{\"@type\":\"ImageObject\",\"inLanguage\":\"es\",\"@id\":\"https:\\\/\\\/secure.gravatar.com\\\/avatar\\\/fb81a55b6218459490a9c1dc841a34909185b81904c5337b4b27f7a6fd60c49e?s=96&d=mm&r=g\",\"url\":\"https:\\\/\\\/secure.gravatar.com\\\/avatar\\\/fb81a55b6218459490a9c1dc841a34909185b81904c5337b4b27f7a6fd60c49e?s=96&d=mm&r=g\",\"contentUrl\":\"https:\\\/\\\/secure.gravatar.com\\\/avatar\\\/fb81a55b6218459490a9c1dc841a34909185b81904c5337b4b27f7a6fd60c49e?s=96&d=mm&r=g\",\"caption\":\"Lorenzo Verduzco\"}}]}<\/script>\n<!-- \/ Yoast SEO plugin. -->","yoast_head_json":{"title":"Estudio de la ordenaci\u00f3n concluye con sugerencias sobre c\u00f3mo seguir a partir de ahora - Iglesia Adventista del S\u00e9ptimo D\u00eda - Divisi\u00f3n Interamericana","robots":{"index":"index","follow":"follow","max-snippet":"max-snippet:-1","max-image-preview":"max-image-preview:large","max-video-preview":"max-video-preview:-1"},"canonical":"https:\/\/interamerica.org\/es\/2014\/06\/estudio-de-la-ordenacion-concluye-con-sugerencias-sobre-como-seguir-a-partir-de-ahora\/","og_locale":"es_ES","og_type":"article","og_title":"Estudio de la ordenaci\u00f3n concluye con sugerencias sobre c\u00f3mo seguir a partir de ahora - Iglesia Adventista del S\u00e9ptimo D\u00eda - Divisi\u00f3n Interamericana","og_description":"Los l\u00edderes y los miembros de la Comisi\u00f3n de Estudio sobre la Teolog\u00eda de la Ordenaci\u00f3n (TOSC) se preguntaron en voz alta si la cuarta y \u00faltima sesi\u00f3n de m\u00faltiples d\u00edas producir\u00eda un consenso sobre el controvertido tema de la ordenaci\u00f3n de las mujeres al ministerio.","og_url":"https:\/\/interamerica.org\/es\/2014\/06\/estudio-de-la-ordenacion-concluye-con-sugerencias-sobre-como-seguir-a-partir-de-ahora\/","og_site_name":"Iglesia Adventista del S\u00e9ptimo D\u00eda - Divisi\u00f3n Interamericana","article_published_time":"2014-06-06T04:00:00+00:00","og_image":[{"width":800,"height":600,"url":"https:\/\/interamerica.org\/wp-content\/uploads\/2017\/06\/csm_TOSC_June_b058d8d32e.jpg","type":"image\/jpeg"}],"author":"Lorenzo Verduzco","twitter_card":"summary_large_image","twitter_misc":{"Escrito por":"Lorenzo Verduzco","Tiempo de lectura":"7 minutos"},"schema":{"@context":"https:\/\/schema.org","@graph":[{"@type":"Article","@id":"https:\/\/interamerica.org\/es\/2014\/06\/estudio-de-la-ordenacion-concluye-con-sugerencias-sobre-como-seguir-a-partir-de-ahora\/#article","isPartOf":{"@id":"https:\/\/interamerica.org\/es\/2014\/06\/estudio-de-la-ordenacion-concluye-con-sugerencias-sobre-como-seguir-a-partir-de-ahora\/"},"author":{"name":"Lorenzo Verduzco","@id":"https:\/\/interamerica.org\/es\/#\/schema\/person\/68ede8bdc292885bb76c1e3810e73c39"},"headline":"Estudio de la ordenaci\u00f3n concluye con sugerencias sobre c\u00f3mo seguir a partir de ahora","datePublished":"2014-06-06T04:00:00+00:00","mainEntityOfPage":{"@id":"https:\/\/interamerica.org\/es\/2014\/06\/estudio-de-la-ordenacion-concluye-con-sugerencias-sobre-como-seguir-a-partir-de-ahora\/"},"wordCount":1347,"image":{"@id":"https:\/\/interamerica.org\/es\/2014\/06\/estudio-de-la-ordenacion-concluye-con-sugerencias-sobre-como-seguir-a-partir-de-ahora\/#primaryimage"},"thumbnailUrl":"https:\/\/interamerica.org\/wp-content\/uploads\/2017\/06\/csm_TOSC_June_b058d8d32e.jpg","articleSection":["Desde la iglesia mundial"],"inLanguage":"es"},{"@type":"WebPage","@id":"https:\/\/interamerica.org\/es\/2014\/06\/estudio-de-la-ordenacion-concluye-con-sugerencias-sobre-como-seguir-a-partir-de-ahora\/","url":"https:\/\/interamerica.org\/es\/2014\/06\/estudio-de-la-ordenacion-concluye-con-sugerencias-sobre-como-seguir-a-partir-de-ahora\/","name":"Estudio de la ordenaci\u00f3n concluye con sugerencias sobre c\u00f3mo seguir a partir de ahora - Iglesia Adventista del S\u00e9ptimo D\u00eda - Divisi\u00f3n Interamericana","isPartOf":{"@id":"https:\/\/interamerica.org\/es\/#website"},"primaryImageOfPage":{"@id":"https:\/\/interamerica.org\/es\/2014\/06\/estudio-de-la-ordenacion-concluye-con-sugerencias-sobre-como-seguir-a-partir-de-ahora\/#primaryimage"},"image":{"@id":"https:\/\/interamerica.org\/es\/2014\/06\/estudio-de-la-ordenacion-concluye-con-sugerencias-sobre-como-seguir-a-partir-de-ahora\/#primaryimage"},"thumbnailUrl":"https:\/\/interamerica.org\/wp-content\/uploads\/2017\/06\/csm_TOSC_June_b058d8d32e.jpg","datePublished":"2014-06-06T04:00:00+00:00","author":{"@id":"https:\/\/interamerica.org\/es\/#\/schema\/person\/68ede8bdc292885bb76c1e3810e73c39"},"breadcrumb":{"@id":"https:\/\/interamerica.org\/es\/2014\/06\/estudio-de-la-ordenacion-concluye-con-sugerencias-sobre-como-seguir-a-partir-de-ahora\/#breadcrumb"},"inLanguage":"es","potentialAction":[{"@type":"ReadAction","target":["https:\/\/interamerica.org\/es\/2014\/06\/estudio-de-la-ordenacion-concluye-con-sugerencias-sobre-como-seguir-a-partir-de-ahora\/"]}]},{"@type":"ImageObject","inLanguage":"es","@id":"https:\/\/interamerica.org\/es\/2014\/06\/estudio-de-la-ordenacion-concluye-con-sugerencias-sobre-como-seguir-a-partir-de-ahora\/#primaryimage","url":"https:\/\/interamerica.org\/wp-content\/uploads\/2017\/06\/csm_TOSC_June_b058d8d32e.jpg","contentUrl":"https:\/\/interamerica.org\/wp-content\/uploads\/2017\/06\/csm_TOSC_June_b058d8d32e.jpg","width":800,"height":600},{"@type":"BreadcrumbList","@id":"https:\/\/interamerica.org\/es\/2014\/06\/estudio-de-la-ordenacion-concluye-con-sugerencias-sobre-como-seguir-a-partir-de-ahora\/#breadcrumb","itemListElement":[{"@type":"ListItem","position":1,"name":"Home","item":"https:\/\/interamerica.org\/es\/"},{"@type":"ListItem","position":2,"name":"Estudio de la ordenaci\u00f3n concluye con sugerencias sobre c\u00f3mo seguir a partir de ahora"}]},{"@type":"WebSite","@id":"https:\/\/interamerica.org\/es\/#website","url":"https:\/\/interamerica.org\/es\/","name":"Iglesia Adventista del S\u00e9ptimo D\u00eda - Divisi\u00f3n Interamericana","description":"","potentialAction":[{"@type":"SearchAction","target":{"@type":"EntryPoint","urlTemplate":"https:\/\/interamerica.org\/es\/?s={search_term_string}"},"query-input":{"@type":"PropertyValueSpecification","valueRequired":true,"valueName":"search_term_string"}}],"inLanguage":"es"},{"@type":"Person","@id":"https:\/\/interamerica.org\/es\/#\/schema\/person\/68ede8bdc292885bb76c1e3810e73c39","name":"Lorenzo Verduzco","image":{"@type":"ImageObject","inLanguage":"es","@id":"https:\/\/secure.gravatar.com\/avatar\/fb81a55b6218459490a9c1dc841a34909185b81904c5337b4b27f7a6fd60c49e?s=96&d=mm&r=g","url":"https:\/\/secure.gravatar.com\/avatar\/fb81a55b6218459490a9c1dc841a34909185b81904c5337b4b27f7a6fd60c49e?s=96&d=mm&r=g","contentUrl":"https:\/\/secure.gravatar.com\/avatar\/fb81a55b6218459490a9c1dc841a34909185b81904c5337b4b27f7a6fd60c49e?s=96&d=mm&r=g","caption":"Lorenzo Verduzco"}}]}},"_links":{"self":[{"href":"https:\/\/interamerica.org\/es\/wp-json\/wp\/v2\/posts\/30526","targetHints":{"allow":["GET"]}}],"collection":[{"href":"https:\/\/interamerica.org\/es\/wp-json\/wp\/v2\/posts"}],"about":[{"href":"https:\/\/interamerica.org\/es\/wp-json\/wp\/v2\/types\/post"}],"author":[{"embeddable":true,"href":"https:\/\/interamerica.org\/es\/wp-json\/wp\/v2\/users\/1"}],"replies":[{"embeddable":true,"href":"https:\/\/interamerica.org\/es\/wp-json\/wp\/v2\/comments?post=30526"}],"version-history":[{"count":0,"href":"https:\/\/interamerica.org\/es\/wp-json\/wp\/v2\/posts\/30526\/revisions"}],"wp:featuredmedia":[{"embeddable":true,"href":"https:\/\/interamerica.org\/es\/wp-json\/wp\/v2\/media\/23211"}],"wp:attachment":[{"href":"https:\/\/interamerica.org\/es\/wp-json\/wp\/v2\/media?parent=30526"}],"wp:term":[{"taxonomy":"category","embeddable":true,"href":"https:\/\/interamerica.org\/es\/wp-json\/wp\/v2\/categories?post=30526"},{"taxonomy":"post_tag","embeddable":true,"href":"https:\/\/interamerica.org\/es\/wp-json\/wp\/v2\/tags?post=30526"}],"curies":[{"name":"wp","href":"https:\/\/api.w.org\/{rel}","templated":true}]}}