{"id":30684,"date":"2014-12-09T00:00:00","date_gmt":"2014-12-09T04:00:00","guid":{"rendered":"http:\/\/192.81.217.108\/interamerica\/2014\/12\/dirigentes-de-publicaciones-se-reunen-en-europa-para-examinar-las-tendencias-futuras\/"},"modified":"2014-12-09T00:00:00","modified_gmt":"2014-12-09T04:00:00","slug":"dirigentes-de-publicaciones-se-reunen-en-europa-para-examinar-las-tendencias-futuras","status":"publish","type":"post","link":"https:\/\/interamerica.org\/es\/2014\/12\/dirigentes-de-publicaciones-se-reunen-en-europa-para-examinar-las-tendencias-futuras\/","title":{"rendered":"Dirigentes de Publicaciones se re\u00fanen en Europa para examinar las tendencias futuras"},"content":{"rendered":"<p>9 de diciembre de 2014 | Madrid, Espa\u00f1a | Alejandro Medina, Safeliz -ANN<\/p>\n<p>Gerentes de casas publicadoras, directores de Publicaciones y gerentes de librer\u00edas adventistas de m\u00e1s de 40 pa\u00edses, se reunieron en Madrid, Espa\u00f1a, del 5 al 7 de noviembre pr\u00f3ximo pasado para asistir a una Conferencia Especial de Publicaciones y Nuevas Tecnolog\u00edas.<\/p>\n<div id=\"attachment_14509\" style=\"width: 410px\" class=\"wp-caption alignleft\"><a href=\"\/interamerica\/wp-content\/uploads\/2017\/06\/csm_publishing-1-web_5ed7e7c9a9.jpg\" rel=\"fancybox\" title=\"Dirigentes de Publicaciones se re\u00fanen en Europa para examinar las tendencias futuras\"><img fetchpriority=\"high\" decoding=\"async\" aria-describedby=\"caption-attachment-14509\" class=\"size-full wp-image-14509\" src=\"\/interamerica\/wp-content\/uploads\/2017\/06\/csm_publishing-1-web_5ed7e7c9a9.jpg\" alt=\"\" width=\"400\" height=\"284\" \/><\/a><p id=\"caption-attachment-14509\" class=\"wp-caption-text\">Mario Martinelli, izquierda, presidente de la Casa Publicadora Safeliz, en Madrid, Espa\u00f1a, habla durante la reapertura de las instalaciones, despu\u00e9s de terminado un proyecto de remodelaci\u00f3n. En la ceremonia del corte del list\u00f3n se encuentran tambi\u00e9n los dirigentes de la iglesia de la Divisi\u00f3n Intereuropea, as\u00ed como el presidente de la Asociaci\u00f3n General, Ted N. C. Wilson, tercero desde la derecha. Imagen cortes\u00eda de Safeliz<\/p><\/div>\n<p>A la conferencia, organizada por la Divisi\u00f3n Intereuropea y la Casa Publicadora Safeliz, asistieron varios dirigentes de la Asociaci\u00f3n General de la denominaci\u00f3n, incluyendo al presidente Ted N. C. Wilson, al vicepresidente Delbert Baker y al secretario ministerial asociado, Jonas Arrais. Participaron tambi\u00e9n los tres administradores de la Divisi\u00f3n y algunos directores de departamento. Muchos de los asistentes dijeron que consideraban este evento como todo un hito hist\u00f3rico para el ministerio de Publicaciones.<\/p>\n<p>La industria de la p\u00e1gina impresa y publicaciones se ha visto desafiada en general por un mundo en desarrollo y altamente tecnol\u00f3gico, dijeron los dirigentes. Uno de los objetivos de la conferencia fue considerar en qu\u00e9 forma utilizar las nuevas tecnolog\u00edas en conexi\u00f3n con el ministerio del colportaje, a fin de cumplir la misi\u00f3n de la iglesia.<\/p>\n<p>Los presentadores, representando varias partes del mundo, dieron a conocer lo que ya han experimentado en relaci\u00f3n con las nuevas tecnolog\u00edas.<\/p>\n<p>Gabriel Maurer, secretario y tambi\u00e9n director de Publicaciones de la Divisi\u00f3n Intereuropea, habl\u00f3 sobre las tendencias de mercadeo en el ramo de las publicaciones. Tercio Marques, director de Publicaciones de la Divisi\u00f3n Sudamericana, present\u00f3 \u201cEl arte de reclutar profesionales utilizando una herramienta especial de computaci\u00f3n\u00bb. Samuel Gil, un especialista en nuevas tendencias y adem\u00e1s coordinador de medios sociales de Safeliz, discuti\u00f3 el uso de los medios sociales en el Ministerio de Publicaciones. Dominik Maurer, director de Publicaciones de Advent-Verlag en Suiza, mostr\u00f3 c\u00f3mo \u201cPueden usarse computadoras port\u00e1tiles para hacer presentaciones de libros\u00bb.<\/p>\n<p>Otras presentaciones fueron ofrecidas tambi\u00e9n por Almir Marroni, vicepresidente de la Divisi\u00f3n Sudamericana, Joao Pereyra, vicepresidente de ventas de la Casa Publicadora del Brasil, Dale Galusha, presidente de la Asociaci\u00f3n de Publicaciones Pacific Press, y por John Brereton, director del departamento de Publicaciones de la Divisi\u00f3n del Pac\u00edfico Sur.<\/p>\n<p>Cada presentaci\u00f3n fue seguida por un tiempo de interacci\u00f3n entre presentadores y asistentes, cuando ambos tuvieron oportunidad de presentar sus observaciones. Como resultado de la conferencia, los participantes se sintieron plenamente involucrados y pudieron hacer suyas las ideas, aplic\u00e1ndolas a sus propias situaciones.<\/p>\n<p>Una de las notas m\u00e1s sobresalientes de esta conferencia fue el lanzamiento de los libros interactivos y un portal en la Red, producido en Safeliz con el prop\u00f3sito de apoyar a los colportores en su ministerio.<\/p>\n<p>El Pastor Wilson tuvo una presentaci\u00f3n especial sobre \u201cElena G. White, nuevos m\u00e9todos y el futuro del Ministerio Adventista de Publicaciones\u00bb. El Pastor Wilson enfatiz\u00f3 el concepto de que Elena G. White defendi\u00f3 la necesidad de elaborar y utilizar nuevos m\u00e9todos para el avance de la obra de Dios, se\u00f1alando que \u00ablas publicaciones, tanto impresas como en formatos electr\u00f3nicos, continuar\u00e1n siendo relevantes hasta el mismo fin\u00bb.<\/p>\n<p>La Casa Publicadora Safeliz, situada en las afueras de Madrid, Espa\u00f1a, reinaugur\u00f3 tambi\u00e9n sus oficinas el 6 de noviembre, despu\u00e9s de un proyecto masivo de remodelaci\u00f3n. Las mejoras incluyen una librer\u00eda, museo y una sala de exhibiciones.<\/p>\n<p>El Pastor Wilson alab\u00f3 el proyecto, diciendo: \u201cLa iglesia mundial agradece esta gran contribuci\u00f3n de Safeliz a la proclamaci\u00f3n del mensaje de los tres \u00e1ngeles de Apocalipsis 14\u201d.<\/p>\n<p>Safeliz es una de las casas publicadoras m\u00e1s internacionales de la iglesia adventista mundial, que produce libros en m\u00e1s de 30 idiomas diferentes, distribuidos por colportores en m\u00e1s de 120 pa\u00edses del mundo.<\/p>\n<p>Traducci\u00f3n por Gloria A Castrej\u00f3n<\/p>\n","protected":false},"excerpt":{"rendered":"<p>Gerentes de casas publicadoras, directores de Publicaciones y gerentes de librer\u00edas adventistas de m\u00e1s de 40 pa\u00edses, se reunieron en Madrid, Espa\u00f1a, del 5 al 7 de noviembre pr\u00f3ximo pasado para asistir a una Conferencia Especial de Publicaciones y Nuevas Tecnolog\u00edas. A la conferencia, organizada por la Divisi\u00f3n Intereuropea y la Casa Publicadora Safeliz, asistieron varios dirigentes de la Asociaci\u00f3n General de la denominaci\u00f3n, incluyendo al presidente Ted N. C. Wilson, al vicepresidente Delbert Baker y al secretario ministerial asociado, Jonas Arrais.<\/p>\n","protected":false},"author":1,"featured_media":24124,"comment_status":"closed","ping_status":"closed","sticky":false,"template":"","format":"standard","meta":{"_acf_changed":false,"footnotes":""},"categories":[14,15],"tags":[],"class_list":["post-30684","post","type-post","status-publish","format-standard","has-post-thumbnail","hentry","category-de-la-iglesia-mundial","category-rss-espanol"],"acf":[],"yoast_head":"<!-- This site is optimized with the Yoast SEO plugin v27.3 - https:\/\/yoast.com\/product\/yoast-seo-wordpress\/ -->\n<title>Dirigentes de Publicaciones se re\u00fanen en Europa para examinar las tendencias futuras - Iglesia Adventista del S\u00e9ptimo D\u00eda - Divisi\u00f3n Interamericana<\/title>\n<meta name=\"robots\" content=\"index, follow, max-snippet:-1, max-image-preview:large, max-video-preview:-1\" \/>\n<link rel=\"canonical\" href=\"https:\/\/interamerica.org\/es\/2014\/12\/dirigentes-de-publicaciones-se-reunen-en-europa-para-examinar-las-tendencias-futuras\/\" \/>\n<meta property=\"og:locale\" content=\"es_ES\" \/>\n<meta property=\"og:type\" content=\"article\" \/>\n<meta property=\"og:title\" content=\"Dirigentes de Publicaciones se re\u00fanen en Europa para examinar las tendencias futuras - Iglesia Adventista del S\u00e9ptimo D\u00eda - Divisi\u00f3n Interamericana\" \/>\n<meta property=\"og:description\" content=\"Gerentes de casas publicadoras, directores de Publicaciones y gerentes de librer\u00edas adventistas de m\u00e1s de 40 pa\u00edses, se reunieron en Madrid, Espa\u00f1a, del 5 al 7 de noviembre pr\u00f3ximo pasado para asistir a una Conferencia Especial de Publicaciones y Nuevas Tecnolog\u00edas. A la conferencia, organizada por la Divisi\u00f3n Intereuropea y la Casa Publicadora Safeliz, asistieron varios dirigentes de la Asociaci\u00f3n General de la denominaci\u00f3n, incluyendo al presidente Ted N. C. Wilson, al vicepresidente Delbert Baker y al secretario ministerial asociado, Jonas Arrais.\" \/>\n<meta property=\"og:url\" content=\"https:\/\/interamerica.org\/es\/2014\/12\/dirigentes-de-publicaciones-se-reunen-en-europa-para-examinar-las-tendencias-futuras\/\" \/>\n<meta property=\"og:site_name\" content=\"Iglesia Adventista del S\u00e9ptimo D\u00eda - Divisi\u00f3n Interamericana\" \/>\n<meta property=\"article:published_time\" content=\"2014-12-09T04:00:00+00:00\" \/>\n<meta property=\"og:image\" content=\"https:\/\/interamerica.org\/wp-content\/uploads\/2017\/06\/csm_publishing-1-web_5ed7e7c9a9.jpg\" \/>\n\t<meta property=\"og:image:width\" content=\"400\" \/>\n\t<meta property=\"og:image:height\" content=\"284\" \/>\n\t<meta property=\"og:image:type\" content=\"image\/jpeg\" \/>\n<meta name=\"author\" content=\"Lorenzo Verduzco\" \/>\n<meta name=\"twitter:card\" content=\"summary_large_image\" \/>\n<meta name=\"twitter:label1\" content=\"Escrito por\" \/>\n\t<meta name=\"twitter:data1\" content=\"Lorenzo Verduzco\" \/>\n\t<meta name=\"twitter:label2\" content=\"Tiempo de lectura\" \/>\n\t<meta name=\"twitter:data2\" content=\"4 minutos\" \/>\n<script type=\"application\/ld+json\" class=\"yoast-schema-graph\">{\"@context\":\"https:\\\/\\\/schema.org\",\"@graph\":[{\"@type\":\"Article\",\"@id\":\"https:\\\/\\\/interamerica.org\\\/es\\\/2014\\\/12\\\/dirigentes-de-publicaciones-se-reunen-en-europa-para-examinar-las-tendencias-futuras\\\/#article\",\"isPartOf\":{\"@id\":\"https:\\\/\\\/interamerica.org\\\/es\\\/2014\\\/12\\\/dirigentes-de-publicaciones-se-reunen-en-europa-para-examinar-las-tendencias-futuras\\\/\"},\"author\":{\"name\":\"Lorenzo Verduzco\",\"@id\":\"https:\\\/\\\/interamerica.org\\\/es\\\/#\\\/schema\\\/person\\\/68ede8bdc292885bb76c1e3810e73c39\"},\"headline\":\"Dirigentes de Publicaciones se re\u00fanen en Europa para examinar las tendencias futuras\",\"datePublished\":\"2014-12-09T04:00:00+00:00\",\"mainEntityOfPage\":{\"@id\":\"https:\\\/\\\/interamerica.org\\\/es\\\/2014\\\/12\\\/dirigentes-de-publicaciones-se-reunen-en-europa-para-examinar-las-tendencias-futuras\\\/\"},\"wordCount\":732,\"image\":{\"@id\":\"https:\\\/\\\/interamerica.org\\\/es\\\/2014\\\/12\\\/dirigentes-de-publicaciones-se-reunen-en-europa-para-examinar-las-tendencias-futuras\\\/#primaryimage\"},\"thumbnailUrl\":\"https:\\\/\\\/interamerica.org\\\/wp-content\\\/uploads\\\/2017\\\/06\\\/csm_publishing-1-web_5ed7e7c9a9.jpg\",\"articleSection\":[\"Desde la iglesia mundial\",\"RSS Espa\u00f1ol\"],\"inLanguage\":\"es\"},{\"@type\":\"WebPage\",\"@id\":\"https:\\\/\\\/interamerica.org\\\/es\\\/2014\\\/12\\\/dirigentes-de-publicaciones-se-reunen-en-europa-para-examinar-las-tendencias-futuras\\\/\",\"url\":\"https:\\\/\\\/interamerica.org\\\/es\\\/2014\\\/12\\\/dirigentes-de-publicaciones-se-reunen-en-europa-para-examinar-las-tendencias-futuras\\\/\",\"name\":\"Dirigentes de Publicaciones se re\u00fanen en Europa para examinar las tendencias futuras - Iglesia Adventista del S\u00e9ptimo D\u00eda - Divisi\u00f3n Interamericana\",\"isPartOf\":{\"@id\":\"https:\\\/\\\/interamerica.org\\\/es\\\/#website\"},\"primaryImageOfPage\":{\"@id\":\"https:\\\/\\\/interamerica.org\\\/es\\\/2014\\\/12\\\/dirigentes-de-publicaciones-se-reunen-en-europa-para-examinar-las-tendencias-futuras\\\/#primaryimage\"},\"image\":{\"@id\":\"https:\\\/\\\/interamerica.org\\\/es\\\/2014\\\/12\\\/dirigentes-de-publicaciones-se-reunen-en-europa-para-examinar-las-tendencias-futuras\\\/#primaryimage\"},\"thumbnailUrl\":\"https:\\\/\\\/interamerica.org\\\/wp-content\\\/uploads\\\/2017\\\/06\\\/csm_publishing-1-web_5ed7e7c9a9.jpg\",\"datePublished\":\"2014-12-09T04:00:00+00:00\",\"author\":{\"@id\":\"https:\\\/\\\/interamerica.org\\\/es\\\/#\\\/schema\\\/person\\\/68ede8bdc292885bb76c1e3810e73c39\"},\"breadcrumb\":{\"@id\":\"https:\\\/\\\/interamerica.org\\\/es\\\/2014\\\/12\\\/dirigentes-de-publicaciones-se-reunen-en-europa-para-examinar-las-tendencias-futuras\\\/#breadcrumb\"},\"inLanguage\":\"es\",\"potentialAction\":[{\"@type\":\"ReadAction\",\"target\":[\"https:\\\/\\\/interamerica.org\\\/es\\\/2014\\\/12\\\/dirigentes-de-publicaciones-se-reunen-en-europa-para-examinar-las-tendencias-futuras\\\/\"]}]},{\"@type\":\"ImageObject\",\"inLanguage\":\"es\",\"@id\":\"https:\\\/\\\/interamerica.org\\\/es\\\/2014\\\/12\\\/dirigentes-de-publicaciones-se-reunen-en-europa-para-examinar-las-tendencias-futuras\\\/#primaryimage\",\"url\":\"https:\\\/\\\/interamerica.org\\\/wp-content\\\/uploads\\\/2017\\\/06\\\/csm_publishing-1-web_5ed7e7c9a9.jpg\",\"contentUrl\":\"https:\\\/\\\/interamerica.org\\\/wp-content\\\/uploads\\\/2017\\\/06\\\/csm_publishing-1-web_5ed7e7c9a9.jpg\",\"width\":400,\"height\":284},{\"@type\":\"BreadcrumbList\",\"@id\":\"https:\\\/\\\/interamerica.org\\\/es\\\/2014\\\/12\\\/dirigentes-de-publicaciones-se-reunen-en-europa-para-examinar-las-tendencias-futuras\\\/#breadcrumb\",\"itemListElement\":[{\"@type\":\"ListItem\",\"position\":1,\"name\":\"Home\",\"item\":\"https:\\\/\\\/interamerica.org\\\/es\\\/\"},{\"@type\":\"ListItem\",\"position\":2,\"name\":\"Dirigentes de Publicaciones se re\u00fanen en Europa para examinar las tendencias futuras\"}]},{\"@type\":\"WebSite\",\"@id\":\"https:\\\/\\\/interamerica.org\\\/es\\\/#website\",\"url\":\"https:\\\/\\\/interamerica.org\\\/es\\\/\",\"name\":\"Iglesia Adventista del S\u00e9ptimo D\u00eda - Divisi\u00f3n Interamericana\",\"description\":\"\",\"potentialAction\":[{\"@type\":\"SearchAction\",\"target\":{\"@type\":\"EntryPoint\",\"urlTemplate\":\"https:\\\/\\\/interamerica.org\\\/es\\\/?s={search_term_string}\"},\"query-input\":{\"@type\":\"PropertyValueSpecification\",\"valueRequired\":true,\"valueName\":\"search_term_string\"}}],\"inLanguage\":\"es\"},{\"@type\":\"Person\",\"@id\":\"https:\\\/\\\/interamerica.org\\\/es\\\/#\\\/schema\\\/person\\\/68ede8bdc292885bb76c1e3810e73c39\",\"name\":\"Lorenzo Verduzco\",\"image\":{\"@type\":\"ImageObject\",\"inLanguage\":\"es\",\"@id\":\"https:\\\/\\\/secure.gravatar.com\\\/avatar\\\/fb81a55b6218459490a9c1dc841a34909185b81904c5337b4b27f7a6fd60c49e?s=96&d=mm&r=g\",\"url\":\"https:\\\/\\\/secure.gravatar.com\\\/avatar\\\/fb81a55b6218459490a9c1dc841a34909185b81904c5337b4b27f7a6fd60c49e?s=96&d=mm&r=g\",\"contentUrl\":\"https:\\\/\\\/secure.gravatar.com\\\/avatar\\\/fb81a55b6218459490a9c1dc841a34909185b81904c5337b4b27f7a6fd60c49e?s=96&d=mm&r=g\",\"caption\":\"Lorenzo Verduzco\"}}]}<\/script>\n<!-- \/ Yoast SEO plugin. -->","yoast_head_json":{"title":"Dirigentes de Publicaciones se re\u00fanen en Europa para examinar las tendencias futuras - Iglesia Adventista del S\u00e9ptimo D\u00eda - Divisi\u00f3n Interamericana","robots":{"index":"index","follow":"follow","max-snippet":"max-snippet:-1","max-image-preview":"max-image-preview:large","max-video-preview":"max-video-preview:-1"},"canonical":"https:\/\/interamerica.org\/es\/2014\/12\/dirigentes-de-publicaciones-se-reunen-en-europa-para-examinar-las-tendencias-futuras\/","og_locale":"es_ES","og_type":"article","og_title":"Dirigentes de Publicaciones se re\u00fanen en Europa para examinar las tendencias futuras - Iglesia Adventista del S\u00e9ptimo D\u00eda - Divisi\u00f3n Interamericana","og_description":"Gerentes de casas publicadoras, directores de Publicaciones y gerentes de librer\u00edas adventistas de m\u00e1s de 40 pa\u00edses, se reunieron en Madrid, Espa\u00f1a, del 5 al 7 de noviembre pr\u00f3ximo pasado para asistir a una Conferencia Especial de Publicaciones y Nuevas Tecnolog\u00edas. A la conferencia, organizada por la Divisi\u00f3n Intereuropea y la Casa Publicadora Safeliz, asistieron varios dirigentes de la Asociaci\u00f3n General de la denominaci\u00f3n, incluyendo al presidente Ted N. C. Wilson, al vicepresidente Delbert Baker y al secretario ministerial asociado, Jonas Arrais.","og_url":"https:\/\/interamerica.org\/es\/2014\/12\/dirigentes-de-publicaciones-se-reunen-en-europa-para-examinar-las-tendencias-futuras\/","og_site_name":"Iglesia Adventista del S\u00e9ptimo D\u00eda - Divisi\u00f3n Interamericana","article_published_time":"2014-12-09T04:00:00+00:00","og_image":[{"width":400,"height":284,"url":"https:\/\/interamerica.org\/wp-content\/uploads\/2017\/06\/csm_publishing-1-web_5ed7e7c9a9.jpg","type":"image\/jpeg"}],"author":"Lorenzo Verduzco","twitter_card":"summary_large_image","twitter_misc":{"Escrito por":"Lorenzo Verduzco","Tiempo de lectura":"4 minutos"},"schema":{"@context":"https:\/\/schema.org","@graph":[{"@type":"Article","@id":"https:\/\/interamerica.org\/es\/2014\/12\/dirigentes-de-publicaciones-se-reunen-en-europa-para-examinar-las-tendencias-futuras\/#article","isPartOf":{"@id":"https:\/\/interamerica.org\/es\/2014\/12\/dirigentes-de-publicaciones-se-reunen-en-europa-para-examinar-las-tendencias-futuras\/"},"author":{"name":"Lorenzo Verduzco","@id":"https:\/\/interamerica.org\/es\/#\/schema\/person\/68ede8bdc292885bb76c1e3810e73c39"},"headline":"Dirigentes de Publicaciones se re\u00fanen en Europa para examinar las tendencias futuras","datePublished":"2014-12-09T04:00:00+00:00","mainEntityOfPage":{"@id":"https:\/\/interamerica.org\/es\/2014\/12\/dirigentes-de-publicaciones-se-reunen-en-europa-para-examinar-las-tendencias-futuras\/"},"wordCount":732,"image":{"@id":"https:\/\/interamerica.org\/es\/2014\/12\/dirigentes-de-publicaciones-se-reunen-en-europa-para-examinar-las-tendencias-futuras\/#primaryimage"},"thumbnailUrl":"https:\/\/interamerica.org\/wp-content\/uploads\/2017\/06\/csm_publishing-1-web_5ed7e7c9a9.jpg","articleSection":["Desde la iglesia mundial","RSS Espa\u00f1ol"],"inLanguage":"es"},{"@type":"WebPage","@id":"https:\/\/interamerica.org\/es\/2014\/12\/dirigentes-de-publicaciones-se-reunen-en-europa-para-examinar-las-tendencias-futuras\/","url":"https:\/\/interamerica.org\/es\/2014\/12\/dirigentes-de-publicaciones-se-reunen-en-europa-para-examinar-las-tendencias-futuras\/","name":"Dirigentes de Publicaciones se re\u00fanen en Europa para examinar las tendencias futuras - Iglesia Adventista del S\u00e9ptimo D\u00eda - Divisi\u00f3n Interamericana","isPartOf":{"@id":"https:\/\/interamerica.org\/es\/#website"},"primaryImageOfPage":{"@id":"https:\/\/interamerica.org\/es\/2014\/12\/dirigentes-de-publicaciones-se-reunen-en-europa-para-examinar-las-tendencias-futuras\/#primaryimage"},"image":{"@id":"https:\/\/interamerica.org\/es\/2014\/12\/dirigentes-de-publicaciones-se-reunen-en-europa-para-examinar-las-tendencias-futuras\/#primaryimage"},"thumbnailUrl":"https:\/\/interamerica.org\/wp-content\/uploads\/2017\/06\/csm_publishing-1-web_5ed7e7c9a9.jpg","datePublished":"2014-12-09T04:00:00+00:00","author":{"@id":"https:\/\/interamerica.org\/es\/#\/schema\/person\/68ede8bdc292885bb76c1e3810e73c39"},"breadcrumb":{"@id":"https:\/\/interamerica.org\/es\/2014\/12\/dirigentes-de-publicaciones-se-reunen-en-europa-para-examinar-las-tendencias-futuras\/#breadcrumb"},"inLanguage":"es","potentialAction":[{"@type":"ReadAction","target":["https:\/\/interamerica.org\/es\/2014\/12\/dirigentes-de-publicaciones-se-reunen-en-europa-para-examinar-las-tendencias-futuras\/"]}]},{"@type":"ImageObject","inLanguage":"es","@id":"https:\/\/interamerica.org\/es\/2014\/12\/dirigentes-de-publicaciones-se-reunen-en-europa-para-examinar-las-tendencias-futuras\/#primaryimage","url":"https:\/\/interamerica.org\/wp-content\/uploads\/2017\/06\/csm_publishing-1-web_5ed7e7c9a9.jpg","contentUrl":"https:\/\/interamerica.org\/wp-content\/uploads\/2017\/06\/csm_publishing-1-web_5ed7e7c9a9.jpg","width":400,"height":284},{"@type":"BreadcrumbList","@id":"https:\/\/interamerica.org\/es\/2014\/12\/dirigentes-de-publicaciones-se-reunen-en-europa-para-examinar-las-tendencias-futuras\/#breadcrumb","itemListElement":[{"@type":"ListItem","position":1,"name":"Home","item":"https:\/\/interamerica.org\/es\/"},{"@type":"ListItem","position":2,"name":"Dirigentes de Publicaciones se re\u00fanen en Europa para examinar las tendencias futuras"}]},{"@type":"WebSite","@id":"https:\/\/interamerica.org\/es\/#website","url":"https:\/\/interamerica.org\/es\/","name":"Iglesia Adventista del S\u00e9ptimo D\u00eda - Divisi\u00f3n Interamericana","description":"","potentialAction":[{"@type":"SearchAction","target":{"@type":"EntryPoint","urlTemplate":"https:\/\/interamerica.org\/es\/?s={search_term_string}"},"query-input":{"@type":"PropertyValueSpecification","valueRequired":true,"valueName":"search_term_string"}}],"inLanguage":"es"},{"@type":"Person","@id":"https:\/\/interamerica.org\/es\/#\/schema\/person\/68ede8bdc292885bb76c1e3810e73c39","name":"Lorenzo Verduzco","image":{"@type":"ImageObject","inLanguage":"es","@id":"https:\/\/secure.gravatar.com\/avatar\/fb81a55b6218459490a9c1dc841a34909185b81904c5337b4b27f7a6fd60c49e?s=96&d=mm&r=g","url":"https:\/\/secure.gravatar.com\/avatar\/fb81a55b6218459490a9c1dc841a34909185b81904c5337b4b27f7a6fd60c49e?s=96&d=mm&r=g","contentUrl":"https:\/\/secure.gravatar.com\/avatar\/fb81a55b6218459490a9c1dc841a34909185b81904c5337b4b27f7a6fd60c49e?s=96&d=mm&r=g","caption":"Lorenzo Verduzco"}}]}},"_links":{"self":[{"href":"https:\/\/interamerica.org\/es\/wp-json\/wp\/v2\/posts\/30684","targetHints":{"allow":["GET"]}}],"collection":[{"href":"https:\/\/interamerica.org\/es\/wp-json\/wp\/v2\/posts"}],"about":[{"href":"https:\/\/interamerica.org\/es\/wp-json\/wp\/v2\/types\/post"}],"author":[{"embeddable":true,"href":"https:\/\/interamerica.org\/es\/wp-json\/wp\/v2\/users\/1"}],"replies":[{"embeddable":true,"href":"https:\/\/interamerica.org\/es\/wp-json\/wp\/v2\/comments?post=30684"}],"version-history":[{"count":0,"href":"https:\/\/interamerica.org\/es\/wp-json\/wp\/v2\/posts\/30684\/revisions"}],"wp:featuredmedia":[{"embeddable":true,"href":"https:\/\/interamerica.org\/es\/wp-json\/wp\/v2\/media\/24124"}],"wp:attachment":[{"href":"https:\/\/interamerica.org\/es\/wp-json\/wp\/v2\/media?parent=30684"}],"wp:term":[{"taxonomy":"category","embeddable":true,"href":"https:\/\/interamerica.org\/es\/wp-json\/wp\/v2\/categories?post=30684"},{"taxonomy":"post_tag","embeddable":true,"href":"https:\/\/interamerica.org\/es\/wp-json\/wp\/v2\/tags?post=30684"}],"curies":[{"name":"wp","href":"https:\/\/api.w.org\/{rel}","templated":true}]}}