{"id":30691,"date":"2014-12-12T00:00:00","date_gmt":"2014-12-12T04:00:00","guid":{"rendered":"http:\/\/192.81.217.108\/interamerica\/2014\/12\/en-jamaica-ministerio-adventista-local-entrega-nuevo-hogar-a-anciana\/"},"modified":"2014-12-12T00:00:00","modified_gmt":"2014-12-12T04:00:00","slug":"en-jamaica-ministerio-adventista-local-entrega-nuevo-hogar-a-anciana","status":"publish","type":"post","link":"https:\/\/interamerica.org\/es\/2014\/12\/en-jamaica-ministerio-adventista-local-entrega-nuevo-hogar-a-anciana\/","title":{"rendered":"En Jamaica, ministerio adventista local entrega nuevo hogar a anciana"},"content":{"rendered":"<p>11 de diciembre de 2014 | Silver Spring, Maryland, Estados Unidos | ANN<\/p>\n<div id=\"attachment_14562\" style=\"width: 410px\" class=\"wp-caption alignright\"><a href=\"\/interamerica\/wp-content\/uploads\/2017\/06\/csm_jam-house-1-web_0453d041ef.jpg\" rel=\"fancybox\" title=\"En Jamaica, ministerio adventista local entrega nuevo hogar a anciana\"><img fetchpriority=\"high\" decoding=\"async\" aria-describedby=\"caption-attachment-14562\" class=\"size-full wp-image-14562\" src=\"\/interamerica\/wp-content\/uploads\/2017\/06\/csm_jam-house-1-web_0453d041ef.jpg\" alt=\"\" width=\"400\" height=\"300\" \/><\/a><p id=\"caption-attachment-14562\" class=\"wp-caption-text\">El Ministerio del Hombre de la iglesia adventista Mt. Salem de Jamaica entrega una nueva casa a Euphemia Raymond, que el grupo construy\u00f3 para remplazar la estructura en ruinas donde viv\u00eda la anciana. Imagen de Jonathan Myrie<\/p><\/div>\n<p>Un grupo de hombres de una iglesia adventista de Jamaica entreg\u00f3 un regalo temprano de Navidad a un residente local que viv\u00eda en un hogar en ruinas que no lo proteg\u00eda de la lluvia, seg\u00fan inform\u00f3 la publicaci\u00f3n\u00a0<a href=\"http:\/\/jamaica-gleaner.com\/gleaner\/20141206\/western\/western7.html\">Jamaica Gleaner<\/a>. El grupo del Ministerio del Hombre de la iglesia adventista Mt. Salem, en St. James, entreg\u00f3 el nuevo hogar el pasado 4 de diciembre a Euphemia Raymond, una anciana del lugar.<\/p>\n<p>Los vecinos salieron a presenciar la ceremonia en la cual los hombres de la iglesia Mt. Salem entregaron a Raymond las llaves de su nuevo casa, inform\u00f3 la Gleaner. Un residente del lugar le dijo en broma a Raymond que en su caso, \u00abPap\u00e1 Noel hab\u00eda llegado temprano\u00bb ese a\u00f1o.<\/p>\n<p>Paul Stanton, presidente del grupo de hombres y agente de polic\u00eda, dijo que el nuevo hogar nada tiene que ver con el m\u00edtico Pap\u00e1 Noel, sino que era el regalo del grupo para mostrar que se interesan por otros. \u00abDe tanto en tanto, los miembros del grupo participan en proyectos de atenci\u00f3n y de ayuda a otras personas\u00bb, dijo Stanton. \u00abSiempre estamos buscando a personas necesitadas, para tratar de hacer algo para ayudarlas\u00bb.<\/p>\n<p>Raymond agradeci\u00f3 al grupo por el regalo recibido mientras l\u00e1grimas ca\u00edan por sus mejillas. \u00abHoy d\u00eda, son una de las mujeres m\u00e1s felices de la tierra\u00bb, dijo. \u00abDios los envi\u00f3. Que Dios los bendiga. Me siento feliz, feliz, tan feliz\u00bb.<\/p>\n<p>Stanton cont\u00f3 a la Gleaner que los miembros del grupo supieron de la terrible situaci\u00f3n de Raymond hace unos meses, cuando descubrieron que estaba viviendo en una estructura que no ofrec\u00eda protecci\u00f3n alguna contra la lluvia.<\/p>\n<p>El grupo determin\u00f3 que no alcanzaba con reparar la construcci\u00f3n y, en cambio, decidieron construirle una nueva casa. Stanton dijo que el proyecto fue financiado por los miembros del grupo y mediante proyectos de recolecci\u00f3n de fondos.<\/p>\n<p>El proyecto est\u00e1 motivando al grupo para salir a hallar otras iniciativas de servicio. \u00abCon mayor asistencia de otras empresas jamaiquinas, podemos hacer mucho m\u00e1s por los menos afortunados de nuestro medio\u00bb, dijo Stanton.<\/p>\n<p>Glen Samuels, presidente de la Iglesia Adventista en la Asociaci\u00f3n de Jamaica Occidental, asisti\u00f3 a la ceremonia de presentaci\u00f3n y ofreci\u00f3 palabras de aliento a Stanton y su grupo. Samuels dijo que la construcci\u00f3n de la nueva casa fue \u00abun verdadero reflejo y testimonio de lo que est\u00e1 haciendo la iglesia, que es asistir a los necesitados\u00bb. <em>Traducci\u00f3n de Marcos Paseggi<\/em><\/p>\n","protected":false},"excerpt":{"rendered":"<p>Un grupo de hombres de una iglesia adventista de Jamaica entreg\u00f3 un regalo temprano de Navidad a un residente local que viv\u00eda en un hogar en ruinas que no lo proteg\u00eda de la lluvia, seg\u00fan inform\u00f3 la publicaci\u00f3n Jamaica Gleaner.<\/p>\n<p>El grupo del Ministerio del Hombre de la iglesia adventista Mt. Salem, en St. James, entreg\u00f3 el nuevo hogar el pasado 4 de diciembre a Euphemia Raymond, una anciana del lugar. Los vecinos salieron a presenciar la ceremonia en la cual los hombres de la iglesia Mt. Salem entregaron a Raymond las llaves de su nuevo casa, inform\u00f3 la Gleaner.<\/p>\n","protected":false},"author":1,"featured_media":24167,"comment_status":"closed","ping_status":"closed","sticky":false,"template":"","format":"standard","meta":{"_acf_changed":false,"footnotes":""},"categories":[17,15],"tags":[],"class_list":["post-30691","post","type-post","status-publish","format-standard","has-post-thumbnail","hentry","category-desde-el-campo","category-rss-espanol"],"acf":[],"yoast_head":"<!-- This site is optimized with the Yoast SEO plugin v27.3 - https:\/\/yoast.com\/product\/yoast-seo-wordpress\/ -->\n<title>En Jamaica, ministerio adventista local entrega nuevo hogar a anciana - Iglesia Adventista del S\u00e9ptimo D\u00eda - Divisi\u00f3n Interamericana<\/title>\n<meta name=\"robots\" content=\"index, follow, max-snippet:-1, max-image-preview:large, max-video-preview:-1\" \/>\n<link rel=\"canonical\" href=\"https:\/\/interamerica.org\/es\/2014\/12\/en-jamaica-ministerio-adventista-local-entrega-nuevo-hogar-a-anciana\/\" \/>\n<meta property=\"og:locale\" content=\"es_ES\" \/>\n<meta property=\"og:type\" content=\"article\" \/>\n<meta property=\"og:title\" content=\"En Jamaica, ministerio adventista local entrega nuevo hogar a anciana - Iglesia Adventista del S\u00e9ptimo D\u00eda - Divisi\u00f3n Interamericana\" \/>\n<meta property=\"og:description\" content=\"Un grupo de hombres de una iglesia adventista de Jamaica entreg\u00f3 un regalo temprano de Navidad a un residente local que viv\u00eda en un hogar en ruinas que no lo proteg\u00eda de la lluvia, seg\u00fan inform\u00f3 la publicaci\u00f3n Jamaica Gleaner. El grupo del Ministerio del Hombre de la iglesia adventista Mt. Salem, en St. James, entreg\u00f3 el nuevo hogar el pasado 4 de diciembre a Euphemia Raymond, una anciana del lugar. Los vecinos salieron a presenciar la ceremonia en la cual los hombres de la iglesia Mt. Salem entregaron a Raymond las llaves de su nuevo casa, inform\u00f3 la Gleaner.\" \/>\n<meta property=\"og:url\" content=\"https:\/\/interamerica.org\/es\/2014\/12\/en-jamaica-ministerio-adventista-local-entrega-nuevo-hogar-a-anciana\/\" \/>\n<meta property=\"og:site_name\" content=\"Iglesia Adventista del S\u00e9ptimo D\u00eda - Divisi\u00f3n Interamericana\" \/>\n<meta property=\"article:published_time\" content=\"2014-12-12T04:00:00+00:00\" \/>\n<meta property=\"og:image\" content=\"https:\/\/interamerica.org\/wp-content\/uploads\/2017\/06\/csm_jam-house-1-web_0453d041ef.jpg\" \/>\n\t<meta property=\"og:image:width\" content=\"400\" \/>\n\t<meta property=\"og:image:height\" content=\"300\" \/>\n\t<meta property=\"og:image:type\" content=\"image\/jpeg\" \/>\n<meta name=\"author\" content=\"Lorenzo Verduzco\" \/>\n<meta name=\"twitter:card\" content=\"summary_large_image\" \/>\n<meta name=\"twitter:label1\" content=\"Escrito por\" \/>\n\t<meta name=\"twitter:data1\" content=\"Lorenzo Verduzco\" \/>\n\t<meta name=\"twitter:label2\" content=\"Tiempo de lectura\" \/>\n\t<meta name=\"twitter:data2\" content=\"2 minutos\" \/>\n<script type=\"application\/ld+json\" class=\"yoast-schema-graph\">{\"@context\":\"https:\\\/\\\/schema.org\",\"@graph\":[{\"@type\":\"Article\",\"@id\":\"https:\\\/\\\/interamerica.org\\\/es\\\/2014\\\/12\\\/en-jamaica-ministerio-adventista-local-entrega-nuevo-hogar-a-anciana\\\/#article\",\"isPartOf\":{\"@id\":\"https:\\\/\\\/interamerica.org\\\/es\\\/2014\\\/12\\\/en-jamaica-ministerio-adventista-local-entrega-nuevo-hogar-a-anciana\\\/\"},\"author\":{\"name\":\"Lorenzo Verduzco\",\"@id\":\"https:\\\/\\\/interamerica.org\\\/es\\\/#\\\/schema\\\/person\\\/68ede8bdc292885bb76c1e3810e73c39\"},\"headline\":\"En Jamaica, ministerio adventista local entrega nuevo hogar a anciana\",\"datePublished\":\"2014-12-12T04:00:00+00:00\",\"mainEntityOfPage\":{\"@id\":\"https:\\\/\\\/interamerica.org\\\/es\\\/2014\\\/12\\\/en-jamaica-ministerio-adventista-local-entrega-nuevo-hogar-a-anciana\\\/\"},\"wordCount\":488,\"image\":{\"@id\":\"https:\\\/\\\/interamerica.org\\\/es\\\/2014\\\/12\\\/en-jamaica-ministerio-adventista-local-entrega-nuevo-hogar-a-anciana\\\/#primaryimage\"},\"thumbnailUrl\":\"https:\\\/\\\/interamerica.org\\\/wp-content\\\/uploads\\\/2017\\\/06\\\/csm_jam-house-1-web_0453d041ef.jpg\",\"articleSection\":[\"Desde el campo\",\"RSS Espa\u00f1ol\"],\"inLanguage\":\"es\"},{\"@type\":\"WebPage\",\"@id\":\"https:\\\/\\\/interamerica.org\\\/es\\\/2014\\\/12\\\/en-jamaica-ministerio-adventista-local-entrega-nuevo-hogar-a-anciana\\\/\",\"url\":\"https:\\\/\\\/interamerica.org\\\/es\\\/2014\\\/12\\\/en-jamaica-ministerio-adventista-local-entrega-nuevo-hogar-a-anciana\\\/\",\"name\":\"En Jamaica, ministerio adventista local entrega nuevo hogar a anciana - Iglesia Adventista del S\u00e9ptimo D\u00eda - Divisi\u00f3n Interamericana\",\"isPartOf\":{\"@id\":\"https:\\\/\\\/interamerica.org\\\/es\\\/#website\"},\"primaryImageOfPage\":{\"@id\":\"https:\\\/\\\/interamerica.org\\\/es\\\/2014\\\/12\\\/en-jamaica-ministerio-adventista-local-entrega-nuevo-hogar-a-anciana\\\/#primaryimage\"},\"image\":{\"@id\":\"https:\\\/\\\/interamerica.org\\\/es\\\/2014\\\/12\\\/en-jamaica-ministerio-adventista-local-entrega-nuevo-hogar-a-anciana\\\/#primaryimage\"},\"thumbnailUrl\":\"https:\\\/\\\/interamerica.org\\\/wp-content\\\/uploads\\\/2017\\\/06\\\/csm_jam-house-1-web_0453d041ef.jpg\",\"datePublished\":\"2014-12-12T04:00:00+00:00\",\"author\":{\"@id\":\"https:\\\/\\\/interamerica.org\\\/es\\\/#\\\/schema\\\/person\\\/68ede8bdc292885bb76c1e3810e73c39\"},\"breadcrumb\":{\"@id\":\"https:\\\/\\\/interamerica.org\\\/es\\\/2014\\\/12\\\/en-jamaica-ministerio-adventista-local-entrega-nuevo-hogar-a-anciana\\\/#breadcrumb\"},\"inLanguage\":\"es\",\"potentialAction\":[{\"@type\":\"ReadAction\",\"target\":[\"https:\\\/\\\/interamerica.org\\\/es\\\/2014\\\/12\\\/en-jamaica-ministerio-adventista-local-entrega-nuevo-hogar-a-anciana\\\/\"]}]},{\"@type\":\"ImageObject\",\"inLanguage\":\"es\",\"@id\":\"https:\\\/\\\/interamerica.org\\\/es\\\/2014\\\/12\\\/en-jamaica-ministerio-adventista-local-entrega-nuevo-hogar-a-anciana\\\/#primaryimage\",\"url\":\"https:\\\/\\\/interamerica.org\\\/wp-content\\\/uploads\\\/2017\\\/06\\\/csm_jam-house-1-web_0453d041ef.jpg\",\"contentUrl\":\"https:\\\/\\\/interamerica.org\\\/wp-content\\\/uploads\\\/2017\\\/06\\\/csm_jam-house-1-web_0453d041ef.jpg\",\"width\":400,\"height\":300},{\"@type\":\"BreadcrumbList\",\"@id\":\"https:\\\/\\\/interamerica.org\\\/es\\\/2014\\\/12\\\/en-jamaica-ministerio-adventista-local-entrega-nuevo-hogar-a-anciana\\\/#breadcrumb\",\"itemListElement\":[{\"@type\":\"ListItem\",\"position\":1,\"name\":\"Home\",\"item\":\"https:\\\/\\\/interamerica.org\\\/es\\\/\"},{\"@type\":\"ListItem\",\"position\":2,\"name\":\"En Jamaica, ministerio adventista local entrega nuevo hogar a anciana\"}]},{\"@type\":\"WebSite\",\"@id\":\"https:\\\/\\\/interamerica.org\\\/es\\\/#website\",\"url\":\"https:\\\/\\\/interamerica.org\\\/es\\\/\",\"name\":\"Iglesia Adventista del S\u00e9ptimo D\u00eda - Divisi\u00f3n Interamericana\",\"description\":\"\",\"potentialAction\":[{\"@type\":\"SearchAction\",\"target\":{\"@type\":\"EntryPoint\",\"urlTemplate\":\"https:\\\/\\\/interamerica.org\\\/es\\\/?s={search_term_string}\"},\"query-input\":{\"@type\":\"PropertyValueSpecification\",\"valueRequired\":true,\"valueName\":\"search_term_string\"}}],\"inLanguage\":\"es\"},{\"@type\":\"Person\",\"@id\":\"https:\\\/\\\/interamerica.org\\\/es\\\/#\\\/schema\\\/person\\\/68ede8bdc292885bb76c1e3810e73c39\",\"name\":\"Lorenzo Verduzco\",\"image\":{\"@type\":\"ImageObject\",\"inLanguage\":\"es\",\"@id\":\"https:\\\/\\\/secure.gravatar.com\\\/avatar\\\/fb81a55b6218459490a9c1dc841a34909185b81904c5337b4b27f7a6fd60c49e?s=96&d=mm&r=g\",\"url\":\"https:\\\/\\\/secure.gravatar.com\\\/avatar\\\/fb81a55b6218459490a9c1dc841a34909185b81904c5337b4b27f7a6fd60c49e?s=96&d=mm&r=g\",\"contentUrl\":\"https:\\\/\\\/secure.gravatar.com\\\/avatar\\\/fb81a55b6218459490a9c1dc841a34909185b81904c5337b4b27f7a6fd60c49e?s=96&d=mm&r=g\",\"caption\":\"Lorenzo Verduzco\"}}]}<\/script>\n<!-- \/ Yoast SEO plugin. -->","yoast_head_json":{"title":"En Jamaica, ministerio adventista local entrega nuevo hogar a anciana - Iglesia Adventista del S\u00e9ptimo D\u00eda - Divisi\u00f3n Interamericana","robots":{"index":"index","follow":"follow","max-snippet":"max-snippet:-1","max-image-preview":"max-image-preview:large","max-video-preview":"max-video-preview:-1"},"canonical":"https:\/\/interamerica.org\/es\/2014\/12\/en-jamaica-ministerio-adventista-local-entrega-nuevo-hogar-a-anciana\/","og_locale":"es_ES","og_type":"article","og_title":"En Jamaica, ministerio adventista local entrega nuevo hogar a anciana - Iglesia Adventista del S\u00e9ptimo D\u00eda - Divisi\u00f3n Interamericana","og_description":"Un grupo de hombres de una iglesia adventista de Jamaica entreg\u00f3 un regalo temprano de Navidad a un residente local que viv\u00eda en un hogar en ruinas que no lo proteg\u00eda de la lluvia, seg\u00fan inform\u00f3 la publicaci\u00f3n Jamaica Gleaner. El grupo del Ministerio del Hombre de la iglesia adventista Mt. Salem, en St. James, entreg\u00f3 el nuevo hogar el pasado 4 de diciembre a Euphemia Raymond, una anciana del lugar. Los vecinos salieron a presenciar la ceremonia en la cual los hombres de la iglesia Mt. Salem entregaron a Raymond las llaves de su nuevo casa, inform\u00f3 la Gleaner.","og_url":"https:\/\/interamerica.org\/es\/2014\/12\/en-jamaica-ministerio-adventista-local-entrega-nuevo-hogar-a-anciana\/","og_site_name":"Iglesia Adventista del S\u00e9ptimo D\u00eda - Divisi\u00f3n Interamericana","article_published_time":"2014-12-12T04:00:00+00:00","og_image":[{"width":400,"height":300,"url":"https:\/\/interamerica.org\/wp-content\/uploads\/2017\/06\/csm_jam-house-1-web_0453d041ef.jpg","type":"image\/jpeg"}],"author":"Lorenzo Verduzco","twitter_card":"summary_large_image","twitter_misc":{"Escrito por":"Lorenzo Verduzco","Tiempo de lectura":"2 minutos"},"schema":{"@context":"https:\/\/schema.org","@graph":[{"@type":"Article","@id":"https:\/\/interamerica.org\/es\/2014\/12\/en-jamaica-ministerio-adventista-local-entrega-nuevo-hogar-a-anciana\/#article","isPartOf":{"@id":"https:\/\/interamerica.org\/es\/2014\/12\/en-jamaica-ministerio-adventista-local-entrega-nuevo-hogar-a-anciana\/"},"author":{"name":"Lorenzo Verduzco","@id":"https:\/\/interamerica.org\/es\/#\/schema\/person\/68ede8bdc292885bb76c1e3810e73c39"},"headline":"En Jamaica, ministerio adventista local entrega nuevo hogar a anciana","datePublished":"2014-12-12T04:00:00+00:00","mainEntityOfPage":{"@id":"https:\/\/interamerica.org\/es\/2014\/12\/en-jamaica-ministerio-adventista-local-entrega-nuevo-hogar-a-anciana\/"},"wordCount":488,"image":{"@id":"https:\/\/interamerica.org\/es\/2014\/12\/en-jamaica-ministerio-adventista-local-entrega-nuevo-hogar-a-anciana\/#primaryimage"},"thumbnailUrl":"https:\/\/interamerica.org\/wp-content\/uploads\/2017\/06\/csm_jam-house-1-web_0453d041ef.jpg","articleSection":["Desde el campo","RSS Espa\u00f1ol"],"inLanguage":"es"},{"@type":"WebPage","@id":"https:\/\/interamerica.org\/es\/2014\/12\/en-jamaica-ministerio-adventista-local-entrega-nuevo-hogar-a-anciana\/","url":"https:\/\/interamerica.org\/es\/2014\/12\/en-jamaica-ministerio-adventista-local-entrega-nuevo-hogar-a-anciana\/","name":"En Jamaica, ministerio adventista local entrega nuevo hogar a anciana - Iglesia Adventista del S\u00e9ptimo D\u00eda - Divisi\u00f3n Interamericana","isPartOf":{"@id":"https:\/\/interamerica.org\/es\/#website"},"primaryImageOfPage":{"@id":"https:\/\/interamerica.org\/es\/2014\/12\/en-jamaica-ministerio-adventista-local-entrega-nuevo-hogar-a-anciana\/#primaryimage"},"image":{"@id":"https:\/\/interamerica.org\/es\/2014\/12\/en-jamaica-ministerio-adventista-local-entrega-nuevo-hogar-a-anciana\/#primaryimage"},"thumbnailUrl":"https:\/\/interamerica.org\/wp-content\/uploads\/2017\/06\/csm_jam-house-1-web_0453d041ef.jpg","datePublished":"2014-12-12T04:00:00+00:00","author":{"@id":"https:\/\/interamerica.org\/es\/#\/schema\/person\/68ede8bdc292885bb76c1e3810e73c39"},"breadcrumb":{"@id":"https:\/\/interamerica.org\/es\/2014\/12\/en-jamaica-ministerio-adventista-local-entrega-nuevo-hogar-a-anciana\/#breadcrumb"},"inLanguage":"es","potentialAction":[{"@type":"ReadAction","target":["https:\/\/interamerica.org\/es\/2014\/12\/en-jamaica-ministerio-adventista-local-entrega-nuevo-hogar-a-anciana\/"]}]},{"@type":"ImageObject","inLanguage":"es","@id":"https:\/\/interamerica.org\/es\/2014\/12\/en-jamaica-ministerio-adventista-local-entrega-nuevo-hogar-a-anciana\/#primaryimage","url":"https:\/\/interamerica.org\/wp-content\/uploads\/2017\/06\/csm_jam-house-1-web_0453d041ef.jpg","contentUrl":"https:\/\/interamerica.org\/wp-content\/uploads\/2017\/06\/csm_jam-house-1-web_0453d041ef.jpg","width":400,"height":300},{"@type":"BreadcrumbList","@id":"https:\/\/interamerica.org\/es\/2014\/12\/en-jamaica-ministerio-adventista-local-entrega-nuevo-hogar-a-anciana\/#breadcrumb","itemListElement":[{"@type":"ListItem","position":1,"name":"Home","item":"https:\/\/interamerica.org\/es\/"},{"@type":"ListItem","position":2,"name":"En Jamaica, ministerio adventista local entrega nuevo hogar a anciana"}]},{"@type":"WebSite","@id":"https:\/\/interamerica.org\/es\/#website","url":"https:\/\/interamerica.org\/es\/","name":"Iglesia Adventista del S\u00e9ptimo D\u00eda - Divisi\u00f3n Interamericana","description":"","potentialAction":[{"@type":"SearchAction","target":{"@type":"EntryPoint","urlTemplate":"https:\/\/interamerica.org\/es\/?s={search_term_string}"},"query-input":{"@type":"PropertyValueSpecification","valueRequired":true,"valueName":"search_term_string"}}],"inLanguage":"es"},{"@type":"Person","@id":"https:\/\/interamerica.org\/es\/#\/schema\/person\/68ede8bdc292885bb76c1e3810e73c39","name":"Lorenzo Verduzco","image":{"@type":"ImageObject","inLanguage":"es","@id":"https:\/\/secure.gravatar.com\/avatar\/fb81a55b6218459490a9c1dc841a34909185b81904c5337b4b27f7a6fd60c49e?s=96&d=mm&r=g","url":"https:\/\/secure.gravatar.com\/avatar\/fb81a55b6218459490a9c1dc841a34909185b81904c5337b4b27f7a6fd60c49e?s=96&d=mm&r=g","contentUrl":"https:\/\/secure.gravatar.com\/avatar\/fb81a55b6218459490a9c1dc841a34909185b81904c5337b4b27f7a6fd60c49e?s=96&d=mm&r=g","caption":"Lorenzo Verduzco"}}]}},"_links":{"self":[{"href":"https:\/\/interamerica.org\/es\/wp-json\/wp\/v2\/posts\/30691","targetHints":{"allow":["GET"]}}],"collection":[{"href":"https:\/\/interamerica.org\/es\/wp-json\/wp\/v2\/posts"}],"about":[{"href":"https:\/\/interamerica.org\/es\/wp-json\/wp\/v2\/types\/post"}],"author":[{"embeddable":true,"href":"https:\/\/interamerica.org\/es\/wp-json\/wp\/v2\/users\/1"}],"replies":[{"embeddable":true,"href":"https:\/\/interamerica.org\/es\/wp-json\/wp\/v2\/comments?post=30691"}],"version-history":[{"count":0,"href":"https:\/\/interamerica.org\/es\/wp-json\/wp\/v2\/posts\/30691\/revisions"}],"wp:featuredmedia":[{"embeddable":true,"href":"https:\/\/interamerica.org\/es\/wp-json\/wp\/v2\/media\/24167"}],"wp:attachment":[{"href":"https:\/\/interamerica.org\/es\/wp-json\/wp\/v2\/media?parent=30691"}],"wp:term":[{"taxonomy":"category","embeddable":true,"href":"https:\/\/interamerica.org\/es\/wp-json\/wp\/v2\/categories?post=30691"},{"taxonomy":"post_tag","embeddable":true,"href":"https:\/\/interamerica.org\/es\/wp-json\/wp\/v2\/tags?post=30691"}],"curies":[{"name":"wp","href":"https:\/\/api.w.org\/{rel}","templated":true}]}}