{"id":30694,"date":"2015-01-08T00:00:00","date_gmt":"2015-01-08T04:00:00","guid":{"rendered":"http:\/\/192.81.217.108\/interamerica\/2015\/01\/iglesia-adventista-inicia-los-diez-dias-de-oracion\/"},"modified":"2015-01-08T00:00:00","modified_gmt":"2015-01-08T04:00:00","slug":"iglesia-adventista-inicia-los-diez-dias-de-oracion","status":"publish","type":"post","link":"https:\/\/interamerica.org\/es\/2015\/01\/iglesia-adventista-inicia-los-diez-dias-de-oracion\/","title":{"rendered":"Iglesia Adventista inicia los \u00abDiez D\u00edas de Oraci\u00f3n\u00bb"},"content":{"rendered":"<p>7 de enero de 2015 | Silver Spring, Maryland, Estados Unidos | Andrew McChesney\/Adventist Review<\/p>\n<p>Los adventistas de diversas partes del mundo comienzan los \u00abDiez D\u00edas de Oraci\u00f3n\u00bb este mi\u00e9rcoles para pedir el derramamiento del Esp\u00edritu Santo en la Iglesia Adventista, una iniciativa relativamente joven que cobra significaci\u00f3n especial este a\u00f1o debido al pr\u00f3ximo Congreso de la Asociaci\u00f3n General. Los adventistas, que est\u00e1n siguiendo el modelo b\u00edblico del Pentecost\u00e9s, cuando los disc\u00edpulos de Jes\u00fas se reunieron en el aposento alto durante diez d\u00edas para esperar y orar por el Esp\u00edritu Santo, han planeado reunirse en las iglesias como parte del programa <a href=\"http:\/\/www.tendaysofprayer.org\/\">Diez D\u00edas de Oraci\u00f3n<\/a>, entre el 7 al 17 de enero. En muchos pa\u00edses, las reuniones se llevan a cabo por las noches y duran una hora.<\/p>\n<div id=\"attachment_14684\" style=\"width: 310px\" class=\"wp-caption alignleft\"><a href=\"\/interamerica\/wp-content\/uploads\/2017\/06\/csm_Screen_Shot_2015-01-07_at_9.34.45_PM_613c9b2b6d.png\" rel=\"fancybox\" title=\"Iglesia Adventista inicia los \"Diez D\u00edas de Oraci\u00f3n\"\"><img decoding=\"async\" aria-describedby=\"caption-attachment-14684\" class=\"size-medium wp-image-14684\" src=\"\/interamerica\/wp-content\/uploads\/2017\/06\/csm_Screen_Shot_2015-01-07_at_9.34.45_PM_613c9b2b6d-300x138.png\" alt=\"\" width=\"300\" height=\"138\" \/><\/a><p id=\"caption-attachment-14684\" class=\"wp-caption-text\">Miembros de iglesia oran durante la iniciativa \u00abDiez D\u00edas de Oraci\u00f3n\u00bb del a\u00f1o pasado, en una iglesia de Puerto Moresby, Pap\u00faa Nueva Guinea. Imagen por cortes\u00eda de la Asociaci\u00f3n Ministerial<\/p><\/div>\n<p>Los que han participado en programas previos de \u00abDiez D\u00edas de Oraci\u00f3n\u00bb han hablado de que su fe se vio fortalecida, que experimentaron sanidad f\u00edsica y espiritual, y una unidad renovada dentro de sus congregaciones.<\/p>\n<p>\u00abNo es tan solo dar cabida a la acci\u00f3n del poder de Dios en medio del gran conflicto, pero tambi\u00e9n estamos escuchando testimonios una y otra vez de vidas que se han visto transformadas\u00bb, dijo Jerry Page, director de la Asociaci\u00f3n Ministerial de la Iglesia Adventista mundial, que organiza el programa.<\/p>\n<p>Page dijo que el programa, que este a\u00f1o cumple su cuarta versi\u00f3n, busca la bendici\u00f3n del Esp\u00edritu Santo en la Iglesia Adventista al comienzo de cada a\u00f1o. Este a\u00f1o, sin embargo, es de particular importancia porque marca la culminaci\u00f3n de un n\u00famero de iniciativas para compartir el evangelio, en especial el proyecto de \u00abMisi\u00f3n a las ciudades\u00bb, que busca alcanzar a los residentes de las mayores ciudades del mundo, antes del Congreso de la Asociaci\u00f3n General en julio pr\u00f3ximo.<\/p>\n<p>Un programa diferente de \u00abCien D\u00edas de Oraci\u00f3n\u00bb, que se enfoca especialmente en el Congreso de la Asociaci\u00f3n General, la principal reuni\u00f3n administrativa de la iglesia, comenzar\u00e1 el 25 de marzo y continuar\u00e1 hasta la final del evento el pr\u00f3ximo 11 de julio en San Antonio, Texas, Estados Unidos.<\/p>\n<p>\u00abNecesitamos orar por unidad y por la presencia del Se\u00f1or, para que la lluvia tard\u00eda sea derramada en el Congreso de la Asociaci\u00f3n General\u00bb, dijo Page.<\/p>\n<p>La Asociaci\u00f3n Ministerial ha preparado recursos que las iglesias &#8211;y aun los individuos o grupos peque\u00f1os&#8211; pueden usar durante los \u00abDiez D\u00edas de Oraci\u00f3n\u00bb. Los materiales pueden ser descargados en el sitio web que lleva el nombre\u00a0<a href=\"http:\/\/www.tendaysofprayer.org\/\">TenDaysofPrayer.org<\/a>.<\/p>\n<p>El plan del primer d\u00eda, por ejemplo, se denomina \u00abPermanecer en Cristo\u00bb, y consiste en un texto principal de la Biblia, la sugerencia de himnos tales como \u00abYo me rindo a ti\u00bb y \u00abTe quiero, mi Se\u00f1or\u00bb, y una colecci\u00f3n de citas de Elena White sobre el tema. La parte central del plan es una lista de 16 motivos de oraci\u00f3n, que incluyen alabar a Dios por las maneras en las que est\u00e1 ense\u00f1ando a los participantes del programa a habitar en \u00e9l, orar para que los delegados al Congreso de la Asociaci\u00f3n General habiten en Cristo, y orar por cada una de las ciudades que la Divisi\u00f3n de \u00c1frica Centro Oriental ha tomado como objetivo del programa \u00abMisi\u00f3n a las ciudades\u00bb. Cada oraci\u00f3n va acompa\u00f1ada de una promesa de la Biblia.<\/p>\n<p>\u00abEs bueno leer y orar con esos materiales\u00bb, dijo Raluca Ril, quien junto con su esposo Roman, escribi\u00f3 el plan para los \u00abDiez D\u00edas de Oraci\u00f3n\u00bb de este a\u00f1o. \u00abPero a\u00fan m\u00e1s importante que busquemos fervientemente tener una relaci\u00f3n m\u00e1s profunda con Cristo, que busquemos aplicar lo que leemos en nuestra vida diaria\u00bb.<\/p>\n<p>Ril dijo que un objetivo principal para el plan de 2015 es fortalecer la fe de la gente, al agrupar las promesas de la Biblia con cada tema de oraci\u00f3n.<\/p>\n<p>\u00abDeber\u00edamos aprender a reclamar las promesas de Dios, y continuar haci\u00e9ndolo aun despu\u00e9s del fin de los \u00abDiez D\u00edas de Oraci\u00f3n\u00bb, dijo.<\/p>\n<p>Ril, de 33 a\u00f1os, quien naci\u00f3 en Rumania, y su esposo de 32 a\u00f1os de edad que naci\u00f3 en Kazajist\u00e1n, se conocieron en un congreso de j\u00f3venes de Alemania hace dos a\u00f1os, y desde entonces han trabajado juntos en conferencias de oraci\u00f3n tanto en Europa como en \u00c1frica.<\/p>\n<p>Una solicitud de la Asociaci\u00f3n Ministerial para que ellos escribieran los materiales para los \u00abDiez D\u00edas de Oraci\u00f3n\u00bb de este a\u00f1o fue en s\u00ed misma una respuesta a la oraci\u00f3n, dijo Ril.<\/p>\n<p>\u00abHace poco m\u00e1s de un a\u00f1o, comenzamos a orar para que Dios nos usara m\u00e1s de lo que lo hab\u00eda hecho hasta ese momento\u00bb, cont\u00f3 ella. \u00abHab\u00edamos pensado en algunos congresos donde pudi\u00e9ramos ayudar a organizar salas de oraci\u00f3n o escuelas misioneras donde pudi\u00e9ramos ir y ense\u00f1ar sobre la oraci\u00f3n. Pero los planes de Dios eran m\u00e1s grandes que los nuestros\u00bb.<\/p>\n<p>La gente que particip\u00f3 en las reuniones de oraci\u00f3n del a\u00f1o pasado habl\u00f3 de un derramamiento de bendiciones.<\/p>\n<p>\u00abLa unidad fue similar a la que hab\u00eda en el Pentecost\u00e9s en el aposento alto\u00bb, dijo Emmanuel Amey Azameti, de Dunkwa Central, Ghana, seg\u00fan la descripci\u00f3n que brind\u00f3 la Asociaci\u00f3n Ministerial.<\/p>\n<p>Dijo que los miembros de iglesia se sintieron tan inspirados con la experiencia que repitieron el programa de enero del 2 al 12 de julio.<\/p>\n<p>\u00abSe produjeron milagros, sanaciones, y muchas oraciones sin respuesta durante mucho tiempo fueron respondidas\u00bb, dijo\u00a0Buhire Elie Brown, misionero en la isla de Guadalupe, en el Caribe. \u00abUna se\u00f1ora que fue invitada por la hermana de una colega fue sanada de c\u00e1ncer de pulm\u00f3n, y viaj\u00f3 a Francia para un chequeo m\u00e9dico, donde el doctor de all\u00ed le confirm\u00f3 la curaci\u00f3n. Creo que ninguna iglesia puede perderse los &#8216;Diez D\u00edas de Oraci\u00f3n&#8217; del a\u00f1o pr\u00f3ximo\u00bb.<\/p>\n<p><em>Traducci\u00f3n de Marcos Paseggi<\/em><\/p>\n","protected":false},"excerpt":{"rendered":"<p>Los adventistas de diversas partes del mundo comienzan los \u00abDiez D\u00edas de Oraci\u00f3n\u00bb este mi\u00e9rcoles para pedir el derramamiento del Esp\u00edritu Santo en la Iglesia Adventista, una iniciativa relativamente joven que cobra significaci\u00f3n especial este a\u00f1o debido al pr\u00f3ximo Congreso de la Asociaci\u00f3n General. Los adventistas, que est\u00e1n siguiendo el modelo b\u00edblico del Pentecost\u00e9s, cuando los disc\u00edpulos de Jes\u00fas se reunieron en el aposento alto durante diez d\u00edas para esperar y orar por el Esp\u00edritu Santo, han planeado reunirse en las iglesias como parte del programa Diez D\u00edas de Oraci\u00f3n, entre el 7 al 17 de enero. En muchos pa\u00edses, las reuniones se llevan a cabo por las noches y duran una hora.<\/p>\n","protected":false},"author":1,"featured_media":24189,"comment_status":"closed","ping_status":"closed","sticky":false,"template":"","format":"standard","meta":{"_acf_changed":false,"footnotes":""},"categories":[14,15],"tags":[],"class_list":["post-30694","post","type-post","status-publish","format-standard","has-post-thumbnail","hentry","category-de-la-iglesia-mundial","category-rss-espanol"],"acf":[],"yoast_head":"<!-- This site is optimized with the Yoast SEO plugin v27.3 - https:\/\/yoast.com\/product\/yoast-seo-wordpress\/ -->\n<title>Iglesia Adventista inicia los &quot;Diez D\u00edas de Oraci\u00f3n&quot; - Iglesia Adventista del S\u00e9ptimo D\u00eda - Divisi\u00f3n Interamericana<\/title>\n<meta name=\"robots\" content=\"index, follow, max-snippet:-1, max-image-preview:large, max-video-preview:-1\" \/>\n<link rel=\"canonical\" href=\"https:\/\/interamerica.org\/es\/2015\/01\/iglesia-adventista-inicia-los-diez-dias-de-oracion\/\" \/>\n<meta property=\"og:locale\" content=\"es_ES\" \/>\n<meta property=\"og:type\" content=\"article\" \/>\n<meta property=\"og:title\" content=\"Iglesia Adventista inicia los &quot;Diez D\u00edas de Oraci\u00f3n&quot; - Iglesia Adventista del S\u00e9ptimo D\u00eda - Divisi\u00f3n Interamericana\" \/>\n<meta property=\"og:description\" content=\"Los adventistas de diversas partes del mundo comienzan los &quot;Diez D\u00edas de Oraci\u00f3n&quot; este mi\u00e9rcoles para pedir el derramamiento del Esp\u00edritu Santo en la Iglesia Adventista, una iniciativa relativamente joven que cobra significaci\u00f3n especial este a\u00f1o debido al pr\u00f3ximo Congreso de la Asociaci\u00f3n General. Los adventistas, que est\u00e1n siguiendo el modelo b\u00edblico del Pentecost\u00e9s, cuando los disc\u00edpulos de Jes\u00fas se reunieron en el aposento alto durante diez d\u00edas para esperar y orar por el Esp\u00edritu Santo, han planeado reunirse en las iglesias como parte del programa Diez D\u00edas de Oraci\u00f3n, entre el 7 al 17 de enero. En muchos pa\u00edses, las reuniones se llevan a cabo por las noches y duran una hora.\" \/>\n<meta property=\"og:url\" content=\"https:\/\/interamerica.org\/es\/2015\/01\/iglesia-adventista-inicia-los-diez-dias-de-oracion\/\" \/>\n<meta property=\"og:site_name\" content=\"Iglesia Adventista del S\u00e9ptimo D\u00eda - Divisi\u00f3n Interamericana\" \/>\n<meta property=\"article:published_time\" content=\"2015-01-08T04:00:00+00:00\" \/>\n<meta property=\"og:image\" content=\"https:\/\/interamerica.org\/wp-content\/uploads\/2017\/06\/csm_Screen_Shot_2015-01-07_at_9.34.45_PM_613c9b2b6d.png\" \/>\n\t<meta property=\"og:image:width\" content=\"400\" \/>\n\t<meta property=\"og:image:height\" content=\"185\" \/>\n\t<meta property=\"og:image:type\" content=\"image\/png\" \/>\n<meta name=\"author\" content=\"Lorenzo Verduzco\" \/>\n<meta name=\"twitter:card\" content=\"summary_large_image\" \/>\n<meta name=\"twitter:label1\" content=\"Escrito por\" \/>\n\t<meta name=\"twitter:data1\" content=\"Lorenzo Verduzco\" \/>\n\t<meta name=\"twitter:label2\" content=\"Tiempo de lectura\" \/>\n\t<meta name=\"twitter:data2\" content=\"5 minutos\" \/>\n<script type=\"application\/ld+json\" class=\"yoast-schema-graph\">{\"@context\":\"https:\\\/\\\/schema.org\",\"@graph\":[{\"@type\":\"Article\",\"@id\":\"https:\\\/\\\/interamerica.org\\\/es\\\/2015\\\/01\\\/iglesia-adventista-inicia-los-diez-dias-de-oracion\\\/#article\",\"isPartOf\":{\"@id\":\"https:\\\/\\\/interamerica.org\\\/es\\\/2015\\\/01\\\/iglesia-adventista-inicia-los-diez-dias-de-oracion\\\/\"},\"author\":{\"name\":\"Lorenzo Verduzco\",\"@id\":\"https:\\\/\\\/interamerica.org\\\/es\\\/#\\\/schema\\\/person\\\/68ede8bdc292885bb76c1e3810e73c39\"},\"headline\":\"Iglesia Adventista inicia los \u00abDiez D\u00edas de Oraci\u00f3n\u00bb\",\"datePublished\":\"2015-01-08T04:00:00+00:00\",\"mainEntityOfPage\":{\"@id\":\"https:\\\/\\\/interamerica.org\\\/es\\\/2015\\\/01\\\/iglesia-adventista-inicia-los-diez-dias-de-oracion\\\/\"},\"wordCount\":1087,\"image\":{\"@id\":\"https:\\\/\\\/interamerica.org\\\/es\\\/2015\\\/01\\\/iglesia-adventista-inicia-los-diez-dias-de-oracion\\\/#primaryimage\"},\"thumbnailUrl\":\"https:\\\/\\\/interamerica.org\\\/wp-content\\\/uploads\\\/2017\\\/06\\\/csm_Screen_Shot_2015-01-07_at_9.34.45_PM_613c9b2b6d.png\",\"articleSection\":[\"Desde la iglesia mundial\",\"RSS Espa\u00f1ol\"],\"inLanguage\":\"es\"},{\"@type\":\"WebPage\",\"@id\":\"https:\\\/\\\/interamerica.org\\\/es\\\/2015\\\/01\\\/iglesia-adventista-inicia-los-diez-dias-de-oracion\\\/\",\"url\":\"https:\\\/\\\/interamerica.org\\\/es\\\/2015\\\/01\\\/iglesia-adventista-inicia-los-diez-dias-de-oracion\\\/\",\"name\":\"Iglesia Adventista inicia los \\\"Diez D\u00edas de Oraci\u00f3n\\\" - Iglesia Adventista del S\u00e9ptimo D\u00eda - Divisi\u00f3n Interamericana\",\"isPartOf\":{\"@id\":\"https:\\\/\\\/interamerica.org\\\/es\\\/#website\"},\"primaryImageOfPage\":{\"@id\":\"https:\\\/\\\/interamerica.org\\\/es\\\/2015\\\/01\\\/iglesia-adventista-inicia-los-diez-dias-de-oracion\\\/#primaryimage\"},\"image\":{\"@id\":\"https:\\\/\\\/interamerica.org\\\/es\\\/2015\\\/01\\\/iglesia-adventista-inicia-los-diez-dias-de-oracion\\\/#primaryimage\"},\"thumbnailUrl\":\"https:\\\/\\\/interamerica.org\\\/wp-content\\\/uploads\\\/2017\\\/06\\\/csm_Screen_Shot_2015-01-07_at_9.34.45_PM_613c9b2b6d.png\",\"datePublished\":\"2015-01-08T04:00:00+00:00\",\"author\":{\"@id\":\"https:\\\/\\\/interamerica.org\\\/es\\\/#\\\/schema\\\/person\\\/68ede8bdc292885bb76c1e3810e73c39\"},\"breadcrumb\":{\"@id\":\"https:\\\/\\\/interamerica.org\\\/es\\\/2015\\\/01\\\/iglesia-adventista-inicia-los-diez-dias-de-oracion\\\/#breadcrumb\"},\"inLanguage\":\"es\",\"potentialAction\":[{\"@type\":\"ReadAction\",\"target\":[\"https:\\\/\\\/interamerica.org\\\/es\\\/2015\\\/01\\\/iglesia-adventista-inicia-los-diez-dias-de-oracion\\\/\"]}]},{\"@type\":\"ImageObject\",\"inLanguage\":\"es\",\"@id\":\"https:\\\/\\\/interamerica.org\\\/es\\\/2015\\\/01\\\/iglesia-adventista-inicia-los-diez-dias-de-oracion\\\/#primaryimage\",\"url\":\"https:\\\/\\\/interamerica.org\\\/wp-content\\\/uploads\\\/2017\\\/06\\\/csm_Screen_Shot_2015-01-07_at_9.34.45_PM_613c9b2b6d.png\",\"contentUrl\":\"https:\\\/\\\/interamerica.org\\\/wp-content\\\/uploads\\\/2017\\\/06\\\/csm_Screen_Shot_2015-01-07_at_9.34.45_PM_613c9b2b6d.png\",\"width\":400,\"height\":185},{\"@type\":\"BreadcrumbList\",\"@id\":\"https:\\\/\\\/interamerica.org\\\/es\\\/2015\\\/01\\\/iglesia-adventista-inicia-los-diez-dias-de-oracion\\\/#breadcrumb\",\"itemListElement\":[{\"@type\":\"ListItem\",\"position\":1,\"name\":\"Home\",\"item\":\"https:\\\/\\\/interamerica.org\\\/es\\\/\"},{\"@type\":\"ListItem\",\"position\":2,\"name\":\"Iglesia Adventista inicia los &#8220;Diez D\u00edas de Oraci\u00f3n&#8221;\"}]},{\"@type\":\"WebSite\",\"@id\":\"https:\\\/\\\/interamerica.org\\\/es\\\/#website\",\"url\":\"https:\\\/\\\/interamerica.org\\\/es\\\/\",\"name\":\"Iglesia Adventista del S\u00e9ptimo D\u00eda - Divisi\u00f3n Interamericana\",\"description\":\"\",\"potentialAction\":[{\"@type\":\"SearchAction\",\"target\":{\"@type\":\"EntryPoint\",\"urlTemplate\":\"https:\\\/\\\/interamerica.org\\\/es\\\/?s={search_term_string}\"},\"query-input\":{\"@type\":\"PropertyValueSpecification\",\"valueRequired\":true,\"valueName\":\"search_term_string\"}}],\"inLanguage\":\"es\"},{\"@type\":\"Person\",\"@id\":\"https:\\\/\\\/interamerica.org\\\/es\\\/#\\\/schema\\\/person\\\/68ede8bdc292885bb76c1e3810e73c39\",\"name\":\"Lorenzo Verduzco\",\"image\":{\"@type\":\"ImageObject\",\"inLanguage\":\"es\",\"@id\":\"https:\\\/\\\/secure.gravatar.com\\\/avatar\\\/fb81a55b6218459490a9c1dc841a34909185b81904c5337b4b27f7a6fd60c49e?s=96&d=mm&r=g\",\"url\":\"https:\\\/\\\/secure.gravatar.com\\\/avatar\\\/fb81a55b6218459490a9c1dc841a34909185b81904c5337b4b27f7a6fd60c49e?s=96&d=mm&r=g\",\"contentUrl\":\"https:\\\/\\\/secure.gravatar.com\\\/avatar\\\/fb81a55b6218459490a9c1dc841a34909185b81904c5337b4b27f7a6fd60c49e?s=96&d=mm&r=g\",\"caption\":\"Lorenzo Verduzco\"}}]}<\/script>\n<!-- \/ Yoast SEO plugin. -->","yoast_head_json":{"title":"Iglesia Adventista inicia los \"Diez D\u00edas de Oraci\u00f3n\" - Iglesia Adventista del S\u00e9ptimo D\u00eda - Divisi\u00f3n Interamericana","robots":{"index":"index","follow":"follow","max-snippet":"max-snippet:-1","max-image-preview":"max-image-preview:large","max-video-preview":"max-video-preview:-1"},"canonical":"https:\/\/interamerica.org\/es\/2015\/01\/iglesia-adventista-inicia-los-diez-dias-de-oracion\/","og_locale":"es_ES","og_type":"article","og_title":"Iglesia Adventista inicia los \"Diez D\u00edas de Oraci\u00f3n\" - Iglesia Adventista del S\u00e9ptimo D\u00eda - Divisi\u00f3n Interamericana","og_description":"Los adventistas de diversas partes del mundo comienzan los \"Diez D\u00edas de Oraci\u00f3n\" este mi\u00e9rcoles para pedir el derramamiento del Esp\u00edritu Santo en la Iglesia Adventista, una iniciativa relativamente joven que cobra significaci\u00f3n especial este a\u00f1o debido al pr\u00f3ximo Congreso de la Asociaci\u00f3n General. Los adventistas, que est\u00e1n siguiendo el modelo b\u00edblico del Pentecost\u00e9s, cuando los disc\u00edpulos de Jes\u00fas se reunieron en el aposento alto durante diez d\u00edas para esperar y orar por el Esp\u00edritu Santo, han planeado reunirse en las iglesias como parte del programa Diez D\u00edas de Oraci\u00f3n, entre el 7 al 17 de enero. En muchos pa\u00edses, las reuniones se llevan a cabo por las noches y duran una hora.","og_url":"https:\/\/interamerica.org\/es\/2015\/01\/iglesia-adventista-inicia-los-diez-dias-de-oracion\/","og_site_name":"Iglesia Adventista del S\u00e9ptimo D\u00eda - Divisi\u00f3n Interamericana","article_published_time":"2015-01-08T04:00:00+00:00","og_image":[{"width":400,"height":185,"url":"https:\/\/interamerica.org\/wp-content\/uploads\/2017\/06\/csm_Screen_Shot_2015-01-07_at_9.34.45_PM_613c9b2b6d.png","type":"image\/png"}],"author":"Lorenzo Verduzco","twitter_card":"summary_large_image","twitter_misc":{"Escrito por":"Lorenzo Verduzco","Tiempo de lectura":"5 minutos"},"schema":{"@context":"https:\/\/schema.org","@graph":[{"@type":"Article","@id":"https:\/\/interamerica.org\/es\/2015\/01\/iglesia-adventista-inicia-los-diez-dias-de-oracion\/#article","isPartOf":{"@id":"https:\/\/interamerica.org\/es\/2015\/01\/iglesia-adventista-inicia-los-diez-dias-de-oracion\/"},"author":{"name":"Lorenzo Verduzco","@id":"https:\/\/interamerica.org\/es\/#\/schema\/person\/68ede8bdc292885bb76c1e3810e73c39"},"headline":"Iglesia Adventista inicia los \u00abDiez D\u00edas de Oraci\u00f3n\u00bb","datePublished":"2015-01-08T04:00:00+00:00","mainEntityOfPage":{"@id":"https:\/\/interamerica.org\/es\/2015\/01\/iglesia-adventista-inicia-los-diez-dias-de-oracion\/"},"wordCount":1087,"image":{"@id":"https:\/\/interamerica.org\/es\/2015\/01\/iglesia-adventista-inicia-los-diez-dias-de-oracion\/#primaryimage"},"thumbnailUrl":"https:\/\/interamerica.org\/wp-content\/uploads\/2017\/06\/csm_Screen_Shot_2015-01-07_at_9.34.45_PM_613c9b2b6d.png","articleSection":["Desde la iglesia mundial","RSS Espa\u00f1ol"],"inLanguage":"es"},{"@type":"WebPage","@id":"https:\/\/interamerica.org\/es\/2015\/01\/iglesia-adventista-inicia-los-diez-dias-de-oracion\/","url":"https:\/\/interamerica.org\/es\/2015\/01\/iglesia-adventista-inicia-los-diez-dias-de-oracion\/","name":"Iglesia Adventista inicia los \"Diez D\u00edas de Oraci\u00f3n\" - Iglesia Adventista del S\u00e9ptimo D\u00eda - Divisi\u00f3n Interamericana","isPartOf":{"@id":"https:\/\/interamerica.org\/es\/#website"},"primaryImageOfPage":{"@id":"https:\/\/interamerica.org\/es\/2015\/01\/iglesia-adventista-inicia-los-diez-dias-de-oracion\/#primaryimage"},"image":{"@id":"https:\/\/interamerica.org\/es\/2015\/01\/iglesia-adventista-inicia-los-diez-dias-de-oracion\/#primaryimage"},"thumbnailUrl":"https:\/\/interamerica.org\/wp-content\/uploads\/2017\/06\/csm_Screen_Shot_2015-01-07_at_9.34.45_PM_613c9b2b6d.png","datePublished":"2015-01-08T04:00:00+00:00","author":{"@id":"https:\/\/interamerica.org\/es\/#\/schema\/person\/68ede8bdc292885bb76c1e3810e73c39"},"breadcrumb":{"@id":"https:\/\/interamerica.org\/es\/2015\/01\/iglesia-adventista-inicia-los-diez-dias-de-oracion\/#breadcrumb"},"inLanguage":"es","potentialAction":[{"@type":"ReadAction","target":["https:\/\/interamerica.org\/es\/2015\/01\/iglesia-adventista-inicia-los-diez-dias-de-oracion\/"]}]},{"@type":"ImageObject","inLanguage":"es","@id":"https:\/\/interamerica.org\/es\/2015\/01\/iglesia-adventista-inicia-los-diez-dias-de-oracion\/#primaryimage","url":"https:\/\/interamerica.org\/wp-content\/uploads\/2017\/06\/csm_Screen_Shot_2015-01-07_at_9.34.45_PM_613c9b2b6d.png","contentUrl":"https:\/\/interamerica.org\/wp-content\/uploads\/2017\/06\/csm_Screen_Shot_2015-01-07_at_9.34.45_PM_613c9b2b6d.png","width":400,"height":185},{"@type":"BreadcrumbList","@id":"https:\/\/interamerica.org\/es\/2015\/01\/iglesia-adventista-inicia-los-diez-dias-de-oracion\/#breadcrumb","itemListElement":[{"@type":"ListItem","position":1,"name":"Home","item":"https:\/\/interamerica.org\/es\/"},{"@type":"ListItem","position":2,"name":"Iglesia Adventista inicia los &#8220;Diez D\u00edas de Oraci\u00f3n&#8221;"}]},{"@type":"WebSite","@id":"https:\/\/interamerica.org\/es\/#website","url":"https:\/\/interamerica.org\/es\/","name":"Iglesia Adventista del S\u00e9ptimo D\u00eda - Divisi\u00f3n Interamericana","description":"","potentialAction":[{"@type":"SearchAction","target":{"@type":"EntryPoint","urlTemplate":"https:\/\/interamerica.org\/es\/?s={search_term_string}"},"query-input":{"@type":"PropertyValueSpecification","valueRequired":true,"valueName":"search_term_string"}}],"inLanguage":"es"},{"@type":"Person","@id":"https:\/\/interamerica.org\/es\/#\/schema\/person\/68ede8bdc292885bb76c1e3810e73c39","name":"Lorenzo Verduzco","image":{"@type":"ImageObject","inLanguage":"es","@id":"https:\/\/secure.gravatar.com\/avatar\/fb81a55b6218459490a9c1dc841a34909185b81904c5337b4b27f7a6fd60c49e?s=96&d=mm&r=g","url":"https:\/\/secure.gravatar.com\/avatar\/fb81a55b6218459490a9c1dc841a34909185b81904c5337b4b27f7a6fd60c49e?s=96&d=mm&r=g","contentUrl":"https:\/\/secure.gravatar.com\/avatar\/fb81a55b6218459490a9c1dc841a34909185b81904c5337b4b27f7a6fd60c49e?s=96&d=mm&r=g","caption":"Lorenzo Verduzco"}}]}},"_links":{"self":[{"href":"https:\/\/interamerica.org\/es\/wp-json\/wp\/v2\/posts\/30694","targetHints":{"allow":["GET"]}}],"collection":[{"href":"https:\/\/interamerica.org\/es\/wp-json\/wp\/v2\/posts"}],"about":[{"href":"https:\/\/interamerica.org\/es\/wp-json\/wp\/v2\/types\/post"}],"author":[{"embeddable":true,"href":"https:\/\/interamerica.org\/es\/wp-json\/wp\/v2\/users\/1"}],"replies":[{"embeddable":true,"href":"https:\/\/interamerica.org\/es\/wp-json\/wp\/v2\/comments?post=30694"}],"version-history":[{"count":0,"href":"https:\/\/interamerica.org\/es\/wp-json\/wp\/v2\/posts\/30694\/revisions"}],"wp:featuredmedia":[{"embeddable":true,"href":"https:\/\/interamerica.org\/es\/wp-json\/wp\/v2\/media\/24189"}],"wp:attachment":[{"href":"https:\/\/interamerica.org\/es\/wp-json\/wp\/v2\/media?parent=30694"}],"wp:term":[{"taxonomy":"category","embeddable":true,"href":"https:\/\/interamerica.org\/es\/wp-json\/wp\/v2\/categories?post=30694"},{"taxonomy":"post_tag","embeddable":true,"href":"https:\/\/interamerica.org\/es\/wp-json\/wp\/v2\/tags?post=30694"}],"curies":[{"name":"wp","href":"https:\/\/api.w.org\/{rel}","templated":true}]}}