{"id":30695,"date":"2015-01-08T00:00:00","date_gmt":"2015-01-08T04:00:00","guid":{"rendered":"http:\/\/192.81.217.108\/interamerica\/2015\/01\/el-presupuesto-mundial-de-la-iglesia-adventista-financia-la-mision-y-la-apoya-su-administracion\/"},"modified":"2015-01-08T00:00:00","modified_gmt":"2015-01-08T04:00:00","slug":"el-presupuesto-mundial-de-la-iglesia-adventista-financia-la-mision-y-la-apoya-su-administracion","status":"publish","type":"post","link":"https:\/\/interamerica.org\/es\/2015\/01\/el-presupuesto-mundial-de-la-iglesia-adventista-financia-la-mision-y-la-apoya-su-administracion\/","title":{"rendered":"El Presupuesto Mundial de la Iglesia Adventista financia la misi\u00f3n y la apoya su administraci\u00f3n"},"content":{"rendered":"<p>7 de enero de 2015 | Silver Spring, Maryland, Estados Unidos | Ansel Oliver-ANN<\/p>\n<p><div id=\"attachment_14681\" style=\"width: 270px\" class=\"wp-caption alignright\"><a href=\"\/interamerica\/wp-content\/uploads\/2017\/06\/csm_juan-2015-web_644176d94b.jpg\" rel=\"fancybox\" title=\"El Presupuesto Mundial de la Iglesia Adventista financia la misi\u00f3n y la apoya su administraci\u00f3n\"><img decoding=\"async\" aria-describedby=\"caption-attachment-14681\" class=\"size-full wp-image-14681\" src=\"\/interamerica\/wp-content\/uploads\/2017\/06\/csm_juan-2015-web_644176d94b.jpg\" alt=\"\" width=\"260\" height=\"185\" \/><\/a><p id=\"caption-attachment-14681\" class=\"wp-caption-text\">En una entrevista, el subtesorero de la Iglesia Adventista, Juan R. Prestol-Pues\u00e1n, proporcion\u00f3 una vista general del Presupuesto Mundial de la Asociaci\u00f3n General para el 2015. Arriba, se dirige a la Junta Ejecutiva en el mes de octubre. Este es el sexto a\u00f1o consecutivo que ANN ha hecho disponible a los lectores el presupuesto total para su consideraci\u00f3n. [foto de archivo ANN por Ansel Oliver]<\/p><\/div>El presupuesto mundial de la Iglesia Adventista del S\u00e9ptimo D\u00eda para el 2015 financia la labor misionera y apoya su administraci\u00f3n, as\u00ed como la operaci\u00f3n del edificio de las oficinas mundiales de la denominaci\u00f3n.<\/p>\n<p>Distribuci\u00f3n del Presupuesto Mundial de la Asociaci\u00f3n General para este a\u00f1o, de m\u00e1s de 184 millones de d\u00f3lares:<br \/>\n$US 47.6 millones para costos operativos, salarios y programas de las oficinas mundiales.<br \/>\n$US 45.1 millones de apropiaciones para los campos fuera de Estados Unidos.<br \/>\n$US 30.2 millones para misioneros en otras divisiones fuera de la propia.<br \/>\n$US 23.8 millones de subsidios para instituciones.<br \/>\n$US 14.5 millones en fondos administrados en las oficinas mundiales para programas en las divisiones.<br \/>\n$US 10.5 millones en subsidios para servicios institucionales.<br \/>\n$US 12.4 millones para el Servicio de Auditor\u00eda de la Asociaci\u00f3n General.<\/p>\n<p>Un administrador financiero de la Iglesia Adventista subray\u00f3 que el Presupuesto Mundial de la Asociaci\u00f3n General incluye solamente lo relacionado a las oficinas mundiales de la denominaci\u00f3n y las apropiaciones al campo mundial. El Presupuesto mundial no incluye los ingresos o presupuestos informados por sus 13 divisiones o respectivas unidades administrativas locales y congregaciones (La iglesia adventista mundial recibe anualmente m\u00e1s de 2 billones por concepto de diezmos). Muchas unidades administrativas locales pueden elegir informar su propio presupuesto en forma similar.<\/p>\n<p>Los costos operativos de las oficinas mundiales de la denominaci\u00f3n, en Silver Spring, Maryland, Estados Unidos, se limitan a un 2 por ciento del diezmo mundial y se espera que nuevamente operen significativamente sin sobrepasar esa marca.<\/p>\n<p>\u201cHemos estado funcionando bajo esos par\u00e1metros durante d\u00e9cadas, haciendo disponibles m\u00e1s recursos para los campos mundiales\u00bb, dijo Juan R. Prestol-Pues\u00e1n, subtesorero de la iglesia adventista mundial.<\/p>\n<p>Dijo tambi\u00e9n que el Presupuesto Mundial de este a\u00f1o enfatiza el continuo ajuste en los porcentajes de diezmos procedentes de la Divisi\u00f3n Norteamericana, una decisi\u00f3n que fue aprobada por la Junta Ejecutiva de la denominaci\u00f3n en el 2012.<\/p>\n<p>Hasta el 2012, La Divisi\u00f3n Norteamericana contribuy\u00f3 al Presupuesto Mundial con un 8 por ciento de sus diezmos, mientras que las otras divisiones contribuyeron cada una con un 2 por ciento. El voto tomado en el 2012 redujo el porcentaje de contribuci\u00f3n de la Divisi\u00f3n Norteamericana a un 6 por ciento, lo cual ser\u00e1 puesto en ejecuci\u00f3n durante varios a\u00f1os. El diezmo de la Divisi\u00f3n Norteamericana es de aproximadamente un bill\u00f3n de d\u00f3lares y el ajuste continuo en el 2015 significa una reducci\u00f3n de 10 millones de d\u00f3lares al Presupuesto Mundial, por parte de la Divisi\u00f3n Norteamericana, se\u00f1al\u00f3 el subtesorero Prestol.<\/p>\n<p>\u201cEstamos abri\u00e9ndonos paso cuidadosamente a trav\u00e9s del proceso del periodo de reducci\u00f3n sin afectar los programas existentes, a\u00f1adi\u00f3 el subtesorero.<\/p>\n<p>A las divisiones que reciben apropiaciones, fuera de la Divisi\u00f3n Norteamericana, se les asignan apropiaciones entre 1.3 y cinco millones de d\u00f3lares.<\/p>\n<p>M\u00e1s de un tercio de las apropiaciones asignadas a las divisiones van dirigidas a la Ventana 10\/40, un rect\u00e1ngulo geogr\u00e1fico en el hemisferio oriental entre las latitudes norte 10 y 40. Esta regi\u00f3n alberga a m\u00e1s del 60 por ciento de la poblaci\u00f3n mundial, en donde menos de un 2 por ciento de la misma es cristiana.<\/p>\n<p>Este a\u00f1o, por segunda vez consecutiva, la Divisi\u00f3n Norteamericana recibir\u00e1 una apropiaci\u00f3n de $295,000 d\u00f3lares, mayormente para ayudar a administrar la Misi\u00f3n de Guam-Micronesia, la cual, hasta hace tres a\u00f1os, era parte de la Divisi\u00f3n Asia Pac\u00edfico.<\/p>\n<p>El subtesorero Prestol dijo tambi\u00e9n que este a\u00f1o, la Iglesia Adventista gastar\u00e1 la mayor parte de los fondos asignados para la Sesi\u00f3n de la Asociaci\u00f3n General 2015. Los administradores financieros de la iglesia han estado apartando cada a\u00f1o, durante los pasados cinco a\u00f1os, 1.4 millones de d\u00f3lares para la Sesi\u00f3n de la AG 2015. Dijo adem\u00e1s, que el fondo para la Sesi\u00f3n de la AG del 2010 termin\u00f3 con un saldo de 1.5 millones de d\u00f3lares de fondos no gastados.<\/p>\n<p>Otras apropiaciones de m\u00e1s de un mill\u00f3n de d\u00f3lares, dentro del Presupuesto Anual de la Asociaci\u00f3n General 1015, son las siguientes:<\/p>\n<p>$US 7.8 millones para la Universidad Loma Linda<br \/>\n$US 5.5 millones para la revista Mundo Adventista<br \/>\n$US 5.4 millones para la Universidad Andrews<br \/>\n$US 5 millones para Hope Channel<br \/>\n$US 2.6 millones para el Patrimonio Elena G. White<br \/>\n$US 2.6 millones para Radio Mundial Adventista<br \/>\n$US 1.6 millones de subsidios para publicaciones<br \/>\n$US 1.4 millones para la Sesi\u00f3n de la Asociaci\u00f3n General 2015<br \/>\n$US 1.3 millones para Misi\u00f3n Adventista<br \/>\n$US 1.2 millones para el Instituto Adventista Internacional de Estudios Avanzados<br \/>\n$US 1.2 millones para el Instituto de Investigaci\u00f3n de Geociencia<br \/>\n$US 1.1 millones para la Universidad Adventista de \u00c1frica<\/p>\n<p>Para una copia completa del Presupuesto Mundial de la Asociaci\u00f3n General 2015, env\u00eda por favor una solicitud de la misma al editor de ANN, a adventistnews@gc.adventist.org.<\/p>\n<p>Traducci\u00f3n por Gloria A. Castrej\u00f3n<\/p>\n","protected":false},"excerpt":{"rendered":"<p>El presupuesto mundial de la Iglesia Adventista del S\u00e9ptimo D\u00eda para el 2015 financia la labor misionera y apoya su administraci\u00f3n, as\u00ed como la operaci\u00f3n del edificio de las oficinas mundiales de la denominaci\u00f3n. El Presupuesto Mundial de la AG 2015 es de m\u00e1s de 184 millones&#8230;<\/p>\n","protected":false},"author":1,"featured_media":24185,"comment_status":"closed","ping_status":"closed","sticky":false,"template":"","format":"standard","meta":{"_acf_changed":false,"footnotes":""},"categories":[14,15],"tags":[],"class_list":["post-30695","post","type-post","status-publish","format-standard","has-post-thumbnail","hentry","category-de-la-iglesia-mundial","category-rss-espanol"],"acf":[],"yoast_head":"<!-- This site is optimized with the Yoast SEO plugin v27.3 - https:\/\/yoast.com\/product\/yoast-seo-wordpress\/ -->\n<title>El Presupuesto Mundial de la Iglesia Adventista financia la misi\u00f3n y la apoya su administraci\u00f3n - Iglesia Adventista del S\u00e9ptimo D\u00eda - Divisi\u00f3n Interamericana<\/title>\n<meta name=\"robots\" content=\"index, follow, max-snippet:-1, max-image-preview:large, max-video-preview:-1\" \/>\n<link rel=\"canonical\" href=\"https:\/\/interamerica.org\/es\/2015\/01\/el-presupuesto-mundial-de-la-iglesia-adventista-financia-la-mision-y-la-apoya-su-administracion\/\" \/>\n<meta property=\"og:locale\" content=\"es_ES\" \/>\n<meta property=\"og:type\" content=\"article\" \/>\n<meta property=\"og:title\" content=\"El Presupuesto Mundial de la Iglesia Adventista financia la misi\u00f3n y la apoya su administraci\u00f3n - Iglesia Adventista del S\u00e9ptimo D\u00eda - Divisi\u00f3n Interamericana\" \/>\n<meta property=\"og:description\" content=\"El presupuesto mundial de la Iglesia Adventista del S\u00e9ptimo D\u00eda para el 2015 financia la labor misionera y apoya su administraci\u00f3n, as\u00ed como la operaci\u00f3n del edificio de las oficinas mundiales de la denominaci\u00f3n. El Presupuesto Mundial de la AG 2015 es de m\u00e1s de 184 millones...\" \/>\n<meta property=\"og:url\" content=\"https:\/\/interamerica.org\/es\/2015\/01\/el-presupuesto-mundial-de-la-iglesia-adventista-financia-la-mision-y-la-apoya-su-administracion\/\" \/>\n<meta property=\"og:site_name\" content=\"Iglesia Adventista del S\u00e9ptimo D\u00eda - Divisi\u00f3n Interamericana\" \/>\n<meta property=\"article:published_time\" content=\"2015-01-08T04:00:00+00:00\" \/>\n<meta property=\"og:image\" content=\"https:\/\/interamerica.org\/wp-content\/uploads\/2017\/06\/csm_juan-2015-web_644176d94b.jpg\" \/>\n\t<meta property=\"og:image:width\" content=\"260\" \/>\n\t<meta property=\"og:image:height\" content=\"185\" \/>\n\t<meta property=\"og:image:type\" content=\"image\/jpeg\" \/>\n<meta name=\"author\" content=\"Lorenzo Verduzco\" \/>\n<meta name=\"twitter:card\" content=\"summary_large_image\" \/>\n<meta name=\"twitter:label1\" content=\"Escrito por\" \/>\n\t<meta name=\"twitter:data1\" content=\"Lorenzo Verduzco\" \/>\n\t<meta name=\"twitter:label2\" content=\"Tiempo de lectura\" \/>\n\t<meta name=\"twitter:data2\" content=\"5 minutos\" \/>\n<script type=\"application\/ld+json\" class=\"yoast-schema-graph\">{\"@context\":\"https:\\\/\\\/schema.org\",\"@graph\":[{\"@type\":\"Article\",\"@id\":\"https:\\\/\\\/interamerica.org\\\/es\\\/2015\\\/01\\\/el-presupuesto-mundial-de-la-iglesia-adventista-financia-la-mision-y-la-apoya-su-administracion\\\/#article\",\"isPartOf\":{\"@id\":\"https:\\\/\\\/interamerica.org\\\/es\\\/2015\\\/01\\\/el-presupuesto-mundial-de-la-iglesia-adventista-financia-la-mision-y-la-apoya-su-administracion\\\/\"},\"author\":{\"name\":\"Lorenzo Verduzco\",\"@id\":\"https:\\\/\\\/interamerica.org\\\/es\\\/#\\\/schema\\\/person\\\/68ede8bdc292885bb76c1e3810e73c39\"},\"headline\":\"El Presupuesto Mundial de la Iglesia Adventista financia la misi\u00f3n y la apoya su administraci\u00f3n\",\"datePublished\":\"2015-01-08T04:00:00+00:00\",\"mainEntityOfPage\":{\"@id\":\"https:\\\/\\\/interamerica.org\\\/es\\\/2015\\\/01\\\/el-presupuesto-mundial-de-la-iglesia-adventista-financia-la-mision-y-la-apoya-su-administracion\\\/\"},\"wordCount\":919,\"image\":{\"@id\":\"https:\\\/\\\/interamerica.org\\\/es\\\/2015\\\/01\\\/el-presupuesto-mundial-de-la-iglesia-adventista-financia-la-mision-y-la-apoya-su-administracion\\\/#primaryimage\"},\"thumbnailUrl\":\"https:\\\/\\\/interamerica.org\\\/wp-content\\\/uploads\\\/2017\\\/06\\\/csm_juan-2015-web_644176d94b.jpg\",\"articleSection\":[\"Desde la iglesia mundial\",\"RSS Espa\u00f1ol\"],\"inLanguage\":\"es\"},{\"@type\":\"WebPage\",\"@id\":\"https:\\\/\\\/interamerica.org\\\/es\\\/2015\\\/01\\\/el-presupuesto-mundial-de-la-iglesia-adventista-financia-la-mision-y-la-apoya-su-administracion\\\/\",\"url\":\"https:\\\/\\\/interamerica.org\\\/es\\\/2015\\\/01\\\/el-presupuesto-mundial-de-la-iglesia-adventista-financia-la-mision-y-la-apoya-su-administracion\\\/\",\"name\":\"El Presupuesto Mundial de la Iglesia Adventista financia la misi\u00f3n y la apoya su administraci\u00f3n - Iglesia Adventista del S\u00e9ptimo D\u00eda - Divisi\u00f3n Interamericana\",\"isPartOf\":{\"@id\":\"https:\\\/\\\/interamerica.org\\\/es\\\/#website\"},\"primaryImageOfPage\":{\"@id\":\"https:\\\/\\\/interamerica.org\\\/es\\\/2015\\\/01\\\/el-presupuesto-mundial-de-la-iglesia-adventista-financia-la-mision-y-la-apoya-su-administracion\\\/#primaryimage\"},\"image\":{\"@id\":\"https:\\\/\\\/interamerica.org\\\/es\\\/2015\\\/01\\\/el-presupuesto-mundial-de-la-iglesia-adventista-financia-la-mision-y-la-apoya-su-administracion\\\/#primaryimage\"},\"thumbnailUrl\":\"https:\\\/\\\/interamerica.org\\\/wp-content\\\/uploads\\\/2017\\\/06\\\/csm_juan-2015-web_644176d94b.jpg\",\"datePublished\":\"2015-01-08T04:00:00+00:00\",\"author\":{\"@id\":\"https:\\\/\\\/interamerica.org\\\/es\\\/#\\\/schema\\\/person\\\/68ede8bdc292885bb76c1e3810e73c39\"},\"breadcrumb\":{\"@id\":\"https:\\\/\\\/interamerica.org\\\/es\\\/2015\\\/01\\\/el-presupuesto-mundial-de-la-iglesia-adventista-financia-la-mision-y-la-apoya-su-administracion\\\/#breadcrumb\"},\"inLanguage\":\"es\",\"potentialAction\":[{\"@type\":\"ReadAction\",\"target\":[\"https:\\\/\\\/interamerica.org\\\/es\\\/2015\\\/01\\\/el-presupuesto-mundial-de-la-iglesia-adventista-financia-la-mision-y-la-apoya-su-administracion\\\/\"]}]},{\"@type\":\"ImageObject\",\"inLanguage\":\"es\",\"@id\":\"https:\\\/\\\/interamerica.org\\\/es\\\/2015\\\/01\\\/el-presupuesto-mundial-de-la-iglesia-adventista-financia-la-mision-y-la-apoya-su-administracion\\\/#primaryimage\",\"url\":\"https:\\\/\\\/interamerica.org\\\/wp-content\\\/uploads\\\/2017\\\/06\\\/csm_juan-2015-web_644176d94b.jpg\",\"contentUrl\":\"https:\\\/\\\/interamerica.org\\\/wp-content\\\/uploads\\\/2017\\\/06\\\/csm_juan-2015-web_644176d94b.jpg\",\"width\":260,\"height\":185},{\"@type\":\"BreadcrumbList\",\"@id\":\"https:\\\/\\\/interamerica.org\\\/es\\\/2015\\\/01\\\/el-presupuesto-mundial-de-la-iglesia-adventista-financia-la-mision-y-la-apoya-su-administracion\\\/#breadcrumb\",\"itemListElement\":[{\"@type\":\"ListItem\",\"position\":1,\"name\":\"Home\",\"item\":\"https:\\\/\\\/interamerica.org\\\/es\\\/\"},{\"@type\":\"ListItem\",\"position\":2,\"name\":\"El Presupuesto Mundial de la Iglesia Adventista financia la misi\u00f3n y la apoya su administraci\u00f3n\"}]},{\"@type\":\"WebSite\",\"@id\":\"https:\\\/\\\/interamerica.org\\\/es\\\/#website\",\"url\":\"https:\\\/\\\/interamerica.org\\\/es\\\/\",\"name\":\"Iglesia Adventista del S\u00e9ptimo D\u00eda - Divisi\u00f3n Interamericana\",\"description\":\"\",\"potentialAction\":[{\"@type\":\"SearchAction\",\"target\":{\"@type\":\"EntryPoint\",\"urlTemplate\":\"https:\\\/\\\/interamerica.org\\\/es\\\/?s={search_term_string}\"},\"query-input\":{\"@type\":\"PropertyValueSpecification\",\"valueRequired\":true,\"valueName\":\"search_term_string\"}}],\"inLanguage\":\"es\"},{\"@type\":\"Person\",\"@id\":\"https:\\\/\\\/interamerica.org\\\/es\\\/#\\\/schema\\\/person\\\/68ede8bdc292885bb76c1e3810e73c39\",\"name\":\"Lorenzo Verduzco\",\"image\":{\"@type\":\"ImageObject\",\"inLanguage\":\"es\",\"@id\":\"https:\\\/\\\/secure.gravatar.com\\\/avatar\\\/fb81a55b6218459490a9c1dc841a34909185b81904c5337b4b27f7a6fd60c49e?s=96&d=mm&r=g\",\"url\":\"https:\\\/\\\/secure.gravatar.com\\\/avatar\\\/fb81a55b6218459490a9c1dc841a34909185b81904c5337b4b27f7a6fd60c49e?s=96&d=mm&r=g\",\"contentUrl\":\"https:\\\/\\\/secure.gravatar.com\\\/avatar\\\/fb81a55b6218459490a9c1dc841a34909185b81904c5337b4b27f7a6fd60c49e?s=96&d=mm&r=g\",\"caption\":\"Lorenzo Verduzco\"}}]}<\/script>\n<!-- \/ Yoast SEO plugin. -->","yoast_head_json":{"title":"El Presupuesto Mundial de la Iglesia Adventista financia la misi\u00f3n y la apoya su administraci\u00f3n - Iglesia Adventista del S\u00e9ptimo D\u00eda - Divisi\u00f3n Interamericana","robots":{"index":"index","follow":"follow","max-snippet":"max-snippet:-1","max-image-preview":"max-image-preview:large","max-video-preview":"max-video-preview:-1"},"canonical":"https:\/\/interamerica.org\/es\/2015\/01\/el-presupuesto-mundial-de-la-iglesia-adventista-financia-la-mision-y-la-apoya-su-administracion\/","og_locale":"es_ES","og_type":"article","og_title":"El Presupuesto Mundial de la Iglesia Adventista financia la misi\u00f3n y la apoya su administraci\u00f3n - Iglesia Adventista del S\u00e9ptimo D\u00eda - Divisi\u00f3n Interamericana","og_description":"El presupuesto mundial de la Iglesia Adventista del S\u00e9ptimo D\u00eda para el 2015 financia la labor misionera y apoya su administraci\u00f3n, as\u00ed como la operaci\u00f3n del edificio de las oficinas mundiales de la denominaci\u00f3n. El Presupuesto Mundial de la AG 2015 es de m\u00e1s de 184 millones...","og_url":"https:\/\/interamerica.org\/es\/2015\/01\/el-presupuesto-mundial-de-la-iglesia-adventista-financia-la-mision-y-la-apoya-su-administracion\/","og_site_name":"Iglesia Adventista del S\u00e9ptimo D\u00eda - Divisi\u00f3n Interamericana","article_published_time":"2015-01-08T04:00:00+00:00","og_image":[{"width":260,"height":185,"url":"https:\/\/interamerica.org\/wp-content\/uploads\/2017\/06\/csm_juan-2015-web_644176d94b.jpg","type":"image\/jpeg"}],"author":"Lorenzo Verduzco","twitter_card":"summary_large_image","twitter_misc":{"Escrito por":"Lorenzo Verduzco","Tiempo de lectura":"5 minutos"},"schema":{"@context":"https:\/\/schema.org","@graph":[{"@type":"Article","@id":"https:\/\/interamerica.org\/es\/2015\/01\/el-presupuesto-mundial-de-la-iglesia-adventista-financia-la-mision-y-la-apoya-su-administracion\/#article","isPartOf":{"@id":"https:\/\/interamerica.org\/es\/2015\/01\/el-presupuesto-mundial-de-la-iglesia-adventista-financia-la-mision-y-la-apoya-su-administracion\/"},"author":{"name":"Lorenzo Verduzco","@id":"https:\/\/interamerica.org\/es\/#\/schema\/person\/68ede8bdc292885bb76c1e3810e73c39"},"headline":"El Presupuesto Mundial de la Iglesia Adventista financia la misi\u00f3n y la apoya su administraci\u00f3n","datePublished":"2015-01-08T04:00:00+00:00","mainEntityOfPage":{"@id":"https:\/\/interamerica.org\/es\/2015\/01\/el-presupuesto-mundial-de-la-iglesia-adventista-financia-la-mision-y-la-apoya-su-administracion\/"},"wordCount":919,"image":{"@id":"https:\/\/interamerica.org\/es\/2015\/01\/el-presupuesto-mundial-de-la-iglesia-adventista-financia-la-mision-y-la-apoya-su-administracion\/#primaryimage"},"thumbnailUrl":"https:\/\/interamerica.org\/wp-content\/uploads\/2017\/06\/csm_juan-2015-web_644176d94b.jpg","articleSection":["Desde la iglesia mundial","RSS Espa\u00f1ol"],"inLanguage":"es"},{"@type":"WebPage","@id":"https:\/\/interamerica.org\/es\/2015\/01\/el-presupuesto-mundial-de-la-iglesia-adventista-financia-la-mision-y-la-apoya-su-administracion\/","url":"https:\/\/interamerica.org\/es\/2015\/01\/el-presupuesto-mundial-de-la-iglesia-adventista-financia-la-mision-y-la-apoya-su-administracion\/","name":"El Presupuesto Mundial de la Iglesia Adventista financia la misi\u00f3n y la apoya su administraci\u00f3n - Iglesia Adventista del S\u00e9ptimo D\u00eda - Divisi\u00f3n Interamericana","isPartOf":{"@id":"https:\/\/interamerica.org\/es\/#website"},"primaryImageOfPage":{"@id":"https:\/\/interamerica.org\/es\/2015\/01\/el-presupuesto-mundial-de-la-iglesia-adventista-financia-la-mision-y-la-apoya-su-administracion\/#primaryimage"},"image":{"@id":"https:\/\/interamerica.org\/es\/2015\/01\/el-presupuesto-mundial-de-la-iglesia-adventista-financia-la-mision-y-la-apoya-su-administracion\/#primaryimage"},"thumbnailUrl":"https:\/\/interamerica.org\/wp-content\/uploads\/2017\/06\/csm_juan-2015-web_644176d94b.jpg","datePublished":"2015-01-08T04:00:00+00:00","author":{"@id":"https:\/\/interamerica.org\/es\/#\/schema\/person\/68ede8bdc292885bb76c1e3810e73c39"},"breadcrumb":{"@id":"https:\/\/interamerica.org\/es\/2015\/01\/el-presupuesto-mundial-de-la-iglesia-adventista-financia-la-mision-y-la-apoya-su-administracion\/#breadcrumb"},"inLanguage":"es","potentialAction":[{"@type":"ReadAction","target":["https:\/\/interamerica.org\/es\/2015\/01\/el-presupuesto-mundial-de-la-iglesia-adventista-financia-la-mision-y-la-apoya-su-administracion\/"]}]},{"@type":"ImageObject","inLanguage":"es","@id":"https:\/\/interamerica.org\/es\/2015\/01\/el-presupuesto-mundial-de-la-iglesia-adventista-financia-la-mision-y-la-apoya-su-administracion\/#primaryimage","url":"https:\/\/interamerica.org\/wp-content\/uploads\/2017\/06\/csm_juan-2015-web_644176d94b.jpg","contentUrl":"https:\/\/interamerica.org\/wp-content\/uploads\/2017\/06\/csm_juan-2015-web_644176d94b.jpg","width":260,"height":185},{"@type":"BreadcrumbList","@id":"https:\/\/interamerica.org\/es\/2015\/01\/el-presupuesto-mundial-de-la-iglesia-adventista-financia-la-mision-y-la-apoya-su-administracion\/#breadcrumb","itemListElement":[{"@type":"ListItem","position":1,"name":"Home","item":"https:\/\/interamerica.org\/es\/"},{"@type":"ListItem","position":2,"name":"El Presupuesto Mundial de la Iglesia Adventista financia la misi\u00f3n y la apoya su administraci\u00f3n"}]},{"@type":"WebSite","@id":"https:\/\/interamerica.org\/es\/#website","url":"https:\/\/interamerica.org\/es\/","name":"Iglesia Adventista del S\u00e9ptimo D\u00eda - Divisi\u00f3n Interamericana","description":"","potentialAction":[{"@type":"SearchAction","target":{"@type":"EntryPoint","urlTemplate":"https:\/\/interamerica.org\/es\/?s={search_term_string}"},"query-input":{"@type":"PropertyValueSpecification","valueRequired":true,"valueName":"search_term_string"}}],"inLanguage":"es"},{"@type":"Person","@id":"https:\/\/interamerica.org\/es\/#\/schema\/person\/68ede8bdc292885bb76c1e3810e73c39","name":"Lorenzo Verduzco","image":{"@type":"ImageObject","inLanguage":"es","@id":"https:\/\/secure.gravatar.com\/avatar\/fb81a55b6218459490a9c1dc841a34909185b81904c5337b4b27f7a6fd60c49e?s=96&d=mm&r=g","url":"https:\/\/secure.gravatar.com\/avatar\/fb81a55b6218459490a9c1dc841a34909185b81904c5337b4b27f7a6fd60c49e?s=96&d=mm&r=g","contentUrl":"https:\/\/secure.gravatar.com\/avatar\/fb81a55b6218459490a9c1dc841a34909185b81904c5337b4b27f7a6fd60c49e?s=96&d=mm&r=g","caption":"Lorenzo Verduzco"}}]}},"_links":{"self":[{"href":"https:\/\/interamerica.org\/es\/wp-json\/wp\/v2\/posts\/30695","targetHints":{"allow":["GET"]}}],"collection":[{"href":"https:\/\/interamerica.org\/es\/wp-json\/wp\/v2\/posts"}],"about":[{"href":"https:\/\/interamerica.org\/es\/wp-json\/wp\/v2\/types\/post"}],"author":[{"embeddable":true,"href":"https:\/\/interamerica.org\/es\/wp-json\/wp\/v2\/users\/1"}],"replies":[{"embeddable":true,"href":"https:\/\/interamerica.org\/es\/wp-json\/wp\/v2\/comments?post=30695"}],"version-history":[{"count":0,"href":"https:\/\/interamerica.org\/es\/wp-json\/wp\/v2\/posts\/30695\/revisions"}],"wp:featuredmedia":[{"embeddable":true,"href":"https:\/\/interamerica.org\/es\/wp-json\/wp\/v2\/media\/24185"}],"wp:attachment":[{"href":"https:\/\/interamerica.org\/es\/wp-json\/wp\/v2\/media?parent=30695"}],"wp:term":[{"taxonomy":"category","embeddable":true,"href":"https:\/\/interamerica.org\/es\/wp-json\/wp\/v2\/categories?post=30695"},{"taxonomy":"post_tag","embeddable":true,"href":"https:\/\/interamerica.org\/es\/wp-json\/wp\/v2\/tags?post=30695"}],"curies":[{"name":"wp","href":"https:\/\/api.w.org\/{rel}","templated":true}]}}