{"id":30697,"date":"2015-01-10T00:00:00","date_gmt":"2015-01-10T04:00:00","guid":{"rendered":"http:\/\/192.81.217.108\/interamerica\/2015\/01\/lideres-de-la-division-interamericana-anticipan-el-ano-del-pastor-y-otras-iniciativas\/"},"modified":"2015-01-10T00:00:00","modified_gmt":"2015-01-10T04:00:00","slug":"lideres-de-la-division-interamericana-anticipan-el-ano-del-pastor-y-otras-iniciativas","status":"publish","type":"post","link":"https:\/\/interamerica.org\/es\/2015\/01\/lideres-de-la-division-interamericana-anticipan-el-ano-del-pastor-y-otras-iniciativas\/","title":{"rendered":"L\u00edderes de la Divisi\u00f3n Interamericana anticipan el \u00abA\u00f1o del Pastor\u00bb y otras iniciativas"},"content":{"rendered":"<p>9 de enero de 2015 | Miami, Florida, Estados Unidos | Libna Stevens\/DIA<\/p>\n<div id=\"attachment_14713\" style=\"width: 410px\" class=\"wp-caption alignright\"><a href=\"\/interamerica\/wp-content\/uploads\/2017\/06\/IL2015worship.png\" rel=\"fancybox\" title=\"L\u00edderes de la Divisi\u00f3n Interamericana anticipan el \"A\u00f1o del Pastor\" y otras iniciativas\"><img fetchpriority=\"high\" decoding=\"async\" aria-describedby=\"caption-attachment-14713\" class=\"size-full wp-image-14713\" src=\"\/interamerica\/wp-content\/uploads\/2017\/06\/IL2015worship.png\" alt=\"\" width=\"400\" height=\"299\" \/><\/a><p id=\"caption-attachment-14713\" class=\"wp-caption-text\">El pastor Israel Leito, presidente de la Iglesia Adventista en Interam\u00e9rica, da la bienvenida a los l\u00edderes y el personal de la sede central del territorio en Miami, Florida, Estados Unidos, el pasado 5 de enero de 2015, al iniciar la obra para este nuevo a\u00f1o.<\/p><\/div>\n<p>Los principales l\u00edderes de la Divisi\u00f3n Interamericana (DIA) comenzaron el nuevo a\u00f1o esta semana reflexionando en las bendiciones de Dios y confiando en la conducci\u00f3n divina para enfrentar los desaf\u00edos que les esperan.<\/p>\n<p>Los casi cien ministros ordenados y miembros del personal de la sede central de la Divisi\u00f3n Interamericana en Miami, Florida, Estados Unidos, repasaron el crecimiento de la iglesia y las finanzas durante 2014, y anticiparon las numerosas iniciativas de evangelizaci\u00f3n y actividades planificadas para celebrar el \u00abA\u00f1o del Pastor\u00bb, un a\u00f1o designado para celebrar la obra del pastor y fortalecer a sus familias, adem\u00e1s de continuar compartiendo el mensaje del evangelio a lo largo y a lo ancho del territorio.<\/p>\n<p>En su reflexi\u00f3n sobre el cap\u00edtulo 2 de Zacar\u00edas, el pastor Israel Leito, presidente de la Iglesia Adventista en Interam\u00e9rica, record\u00f3 a los l\u00edderes y al personal que no cuestionan la capacidad que tiene Dios de bendecirlos en sus vidas personales y en la misi\u00f3n de la iglesia.<\/p>\n<p>\u00abLas bendiciones de Dios siempre ser\u00e1n m\u00e1s que las que esperamos\u00bb, dijo el pastor Leito. \u00abEl Se\u00f1or quiere edificar un car\u00e1cter de lealtad y confianza en ustedes, y quiere que no subestimemos su capacidad de bendecir\u00bb.<\/p>\n<p>Los l\u00edderes de la iglesia se sintieron alentados por el crecimiento reciente de miembros.<\/p>\n<p>El doctor Elie Henry, secretario ejecutivo de la DIA, inform\u00f3 que para el 30 de septiembre de 2014, se hab\u00edan incorporado a la iglesia del territorio unos 147 mil personas, lo que lleva el total a 3.606.519 miembros que se congregan en 20.676 iglesias y grupos.<\/p>\n<p>El territorio, que cuenta con 23 uniones, o regiones eclesi\u00e1sticas, tendr\u00e1, inform\u00f3 el doctor Henry, una nueva uni\u00f3n que tiene que ser aprobada en los pr\u00f3ximos meses, en los que los territorios de Aruba, Bonaire y Curazao deber\u00edan ser organizados como la Uni\u00f3n del Caribe Holand\u00e9s. Eso llevar\u00eda a 24 el total de uniones de la DIA.<\/p>\n<p>Seg\u00fan Henry, aunque la iglesia sigue creciendo con rapidez, los principales l\u00edderes contin\u00faan monitorizando la auditor\u00eda de las n\u00f3minas de miembros en todo el territorio.<\/p>\n<p>Una regi\u00f3n eclesi\u00e1stica organizada hace poco, la Uni\u00f3n Misi\u00f3n de Panam\u00e1, fue representada por su presidente, el pastor Jos\u00e9 De Gracia. El pastor De Gracia dirigi\u00f3 la palabra a los l\u00edderes y personal del territorio en el culto especial del 5 de enero, dando un mensaje de confianza en Jesucristo.<\/p>\n<p>\u00abCrecer es Cristo significa apuntar a la perfecci\u00f3n de capacitar al pueblo de Dios para el servicio, para edificar el nombre de Dios\u00bb, dijo el pastor De Gracia. El tesorero de la DIA, Filiberto Verduzco, destac\u00f3 el compromiso visible de los miembros de iglesia con el progreso de la misi\u00f3n de la iglesia en los \u00faltimos a\u00f1os en lo que respecta a los diezmos y a las ofrendas.<\/p>\n<p>\u00abAlabo a Dios por bendecir a nuestros miembros\u00bb, dijo Verduzco. \u00abSiempre me maravillo al ver de qu\u00e9 manera los feligreses de Interam\u00e9rica dan liberalmente para hacer progresar la causa de la iglesia. Es evidente que siguen confiando en el liderazgo que administra esos fondos\u00bb.<\/p>\n<p>La finalizaci\u00f3n de las siete oficinas adicionales, una sala de conferencias y un gran dep\u00f3sito en la sede central del territorio es inminente y esa secci\u00f3n pronto podr\u00e1 ser ocupada, dijo Verduzco.<\/p>\n<p>Asimismo, el tesorero anunci\u00f3 que la expansi\u00f3n del equipo de Tesorer\u00eda de la DIA incluye la designaci\u00f3n de Florencio Su\u00e1rez como tesorero asociado, para que se ocupa de las operaciones financieras en las cinco regiones eclesi\u00e1sticas de M\u00e9xico, y la designaci\u00f3n de Lorenzo Verduzco como director de desarrollo de software.<\/p>\n<p>El pastor Leito tambi\u00e9n anunci\u00f3 que el departamento de ministerios j\u00f3venes tendr\u00e1 al apstor Hiram Ruiz de Montemorelos, M\u00e9xico, y al pastor Balvin Braham, de la DIA, que estar\u00e1n al frente de Ministerios en las Universidades P\u00fablicas (Public Campus Ministries) en todo el territorio de Interam\u00e9rica, para los estudiantes que asisten a colegios terciarios y universidades no adventistas.<\/p>\n<div id=\"attachment_14723\" style=\"width: 610px\" class=\"wp-caption alignright\"><a href=\"\/interamerica\/wp-content\/uploads\/2017\/06\/OrBanner-SPA600.png\" rel=\"fancybox\" title=\"L\u00edderes de la Divisi\u00f3n Interamericana anticipan el \"A\u00f1o del Pastor\" y otras iniciativas\"><img decoding=\"async\" aria-describedby=\"caption-attachment-14723\" class=\"size-full wp-image-14723\" title=\"OrBanner SPA600\" src=\"\/interamerica\/wp-content\/uploads\/2017\/06\/OrBanner-SPA600.png\" alt=\"\" width=\"600\" height=\"243\" \/><\/a><p id=\"caption-attachment-14723\" class=\"wp-caption-text\">Imagen por Abel Marquez\/DIA<\/p><\/div>\n<p>Durante el a\u00f1o se dar\u00e1 especial \u00e9nfasis al fortalecimiento del ministerio del pastor y su familia, dijeron los l\u00edderes.<\/p>\n<p>\u00abQueremos que los 3400 pastores que trabajan duro al frente de muchas iglesias y congregaciones alimenten a sus familias y sepan que la iglesia los aprecia y valora su ministerio\u00bb, dijo el pastor H\u00e9ctor S\u00e1nchez, secretario ministerial de la DIA.<\/p>\n<p><span style=\"text-decoration: underline;\">Entre los eventos y actividades programadas para el \u00abA\u00f1o del Pastor\u00bb se destacan:<\/span><\/p>\n<p><strong>17 de enero<\/strong>: Ceremonia de ordenaci\u00f3n en toda la DIA. Se llevar\u00e1 a cabo un programa en vivo desde Santo Domingo, Rep\u00fablica Dominicana, de 15.30 a 18.00 (hora de Santo Domingo; o 14.30 a 17.00, hora de Miami)<br \/>\n<strong><\/strong><\/p>\n<p><strong>7 de febrero<\/strong>: Semana de Oraci\u00f3n para la Familia Pastoral- que comenzar\u00e1 con un programa en l\u00ednea desde Miami, Florida.<br \/>\n<strong><\/strong><\/p>\n<p><strong>28 de marzo<\/strong>: Concilio Ministerial para los pastores no ordenados, en vivo desde Medell\u00edn, Colombia.<br \/>\n<strong><\/strong><\/p>\n<p><strong>2 de abril<\/strong>: Concilio ministerial para estudiantes de teolog\u00eda, en vivo en l\u00ednea desde Puerto Espa\u00f1a, Trinidad.<br \/>\n<strong><\/strong><\/p>\n<p><strong>27 de octubre<\/strong>: Concilio Pastoral General, en vivo en l\u00ednea desde Miami, Florida.<\/p>\n<p>Los ministros y miembros de iglesia activos continuar\u00e1n redoblando sus esfuerzos de evangelismo durante los pr\u00f3ximo tres mses, anticipando la celebraci\u00f3n del bautismo de\u00a0<strong>Visi\u00f3n un mill\u00f3n <\/strong>de la DIA el pr\u00f3ximo <strong>4 de abril de 2015<\/strong>. Se llevar\u00e1 a cabo un programa satelital especial desde Puerto Espa\u00f1a, Trinidad.<\/p>\n<p><span style=\"text-decoration: underline;\">Entre otros eventos pr\u00f3ximos se destacan<\/span>:<\/p>\n<p><strong>15-23 de febrero<\/strong>: Concilio de Capellan\u00eda y Ministerios de J\u00f3venes<br \/>\n<strong><\/strong><\/p>\n<p><strong>18-19 de marzo<\/strong>: Festival de Libertad Religiosa en Medell\u00edn, Colombia<br \/>\n<strong><\/strong><\/p>\n<p><strong>8-12 de mayo<\/strong>: Junta directiva de mitad de a\u00f1o en Miami, Florida<br \/>\n<strong><\/strong><\/p>\n<p><strong>9 de mayo<\/strong>: S\u00faper Boom B\u00edblico en Miami, Florida<\/p>\n<p>La Divisi\u00f3n Interamericana supervisa la obra de la Iglesia Adventista en M\u00e9xico, Am\u00e9rica Central, el Caribe, las Antillas Francesas, as\u00ed como en Colombia y Venezuela, con m\u00e1s de 3,6 millones de miembros, cientos de instituciones educativas, universidades y hospitales.<\/p>\n<p>Si desea saber m\u00e1s sobre la DIA y sus iniciativas para 2015, vis\u00edtenos en <a href=\"https:\/\/recursing-golick.147-182-135-0.plesk.page\">interamerica.org<\/a>\u00a0y\u00a0<a href=\"http:\/\/2015.interamerica.org\/\">2015.interamerica.org<\/a><\/p>\n<p><em>Traducci\u00f3n de Marcos Paseggi<\/em><\/p>\n","protected":false},"excerpt":{"rendered":"<p>Los principales l\u00edderes de la Divisi\u00f3n Interamericana comenzaron esta semana el nuevo a\u00f1o reflexionando en las bendiciones de Dios y confiando en la conducci\u00f3n divina para los desaf\u00edos que se avecinan. Los casi cien ministros ordenados y miembros del personal de la sede central de la Divisi\u00f3n Interamericana en Miami, Florida, Estados Unidos, repasaron el crecimiento de la iglesia y las finanzas durante 2014, y anticiparon las numerosas iniciativas de evangelizaci\u00f3n y actividades planificadas para celebrar el \u00abA\u00f1o del Pastor\u00bb, un a\u00f1o designado para celebrar la obra del pastor y fortalecer a sus familias, adem\u00e1s de continuar compartiendo el mensaje del evangelio a lo largo y a lo ancho del territorio.<\/p>\n","protected":false},"author":1,"featured_media":24197,"comment_status":"closed","ping_status":"closed","sticky":false,"template":"","format":"standard","meta":{"_acf_changed":false,"footnotes":""},"categories":[16,15],"tags":[],"class_list":["post-30697","post","type-post","status-publish","format-standard","has-post-thumbnail","hentry","category-desde-la-sede","category-rss-espanol"],"acf":[],"yoast_head":"<!-- This site is optimized with the Yoast SEO plugin v27.3 - https:\/\/yoast.com\/product\/yoast-seo-wordpress\/ -->\n<title>L\u00edderes de la Divisi\u00f3n Interamericana anticipan el &quot;A\u00f1o del Pastor&quot; y otras iniciativas - Iglesia Adventista del S\u00e9ptimo D\u00eda - Divisi\u00f3n Interamericana<\/title>\n<meta name=\"robots\" content=\"index, follow, max-snippet:-1, max-image-preview:large, max-video-preview:-1\" \/>\n<link rel=\"canonical\" href=\"https:\/\/interamerica.org\/es\/2015\/01\/lideres-de-la-division-interamericana-anticipan-el-ano-del-pastor-y-otras-iniciativas\/\" \/>\n<meta property=\"og:locale\" content=\"es_ES\" \/>\n<meta property=\"og:type\" content=\"article\" \/>\n<meta property=\"og:title\" content=\"L\u00edderes de la Divisi\u00f3n Interamericana anticipan el &quot;A\u00f1o del Pastor&quot; y otras iniciativas - Iglesia Adventista del S\u00e9ptimo D\u00eda - Divisi\u00f3n Interamericana\" \/>\n<meta property=\"og:description\" content=\"Los principales l\u00edderes de la Divisi\u00f3n Interamericana comenzaron esta semana el nuevo a\u00f1o reflexionando en las bendiciones de Dios y confiando en la conducci\u00f3n divina para los desaf\u00edos que se avecinan. Los casi cien ministros ordenados y miembros del personal de la sede central de la Divisi\u00f3n Interamericana en Miami, Florida, Estados Unidos, repasaron el crecimiento de la iglesia y las finanzas durante 2014, y anticiparon las numerosas iniciativas de evangelizaci\u00f3n y actividades planificadas para celebrar el &quot;A\u00f1o del Pastor&quot;, un a\u00f1o designado para celebrar la obra del pastor y fortalecer a sus familias, adem\u00e1s de continuar compartiendo el mensaje del evangelio a lo largo y a lo ancho del territorio.\" \/>\n<meta property=\"og:url\" content=\"https:\/\/interamerica.org\/es\/2015\/01\/lideres-de-la-division-interamericana-anticipan-el-ano-del-pastor-y-otras-iniciativas\/\" \/>\n<meta property=\"og:site_name\" content=\"Iglesia Adventista del S\u00e9ptimo D\u00eda - Divisi\u00f3n Interamericana\" \/>\n<meta property=\"article:published_time\" content=\"2015-01-10T04:00:00+00:00\" \/>\n<meta property=\"og:image\" content=\"https:\/\/interamerica.org\/wp-content\/uploads\/2017\/06\/IL2015worship.png\" \/>\n\t<meta property=\"og:image:width\" content=\"400\" \/>\n\t<meta property=\"og:image:height\" content=\"299\" \/>\n\t<meta property=\"og:image:type\" content=\"image\/png\" \/>\n<meta name=\"author\" content=\"Lorenzo Verduzco\" \/>\n<meta name=\"twitter:card\" content=\"summary_large_image\" \/>\n<meta name=\"twitter:label1\" content=\"Escrito por\" \/>\n\t<meta name=\"twitter:data1\" content=\"Lorenzo Verduzco\" \/>\n\t<meta name=\"twitter:label2\" content=\"Tiempo de lectura\" \/>\n\t<meta name=\"twitter:data2\" content=\"6 minutos\" \/>\n<script type=\"application\/ld+json\" class=\"yoast-schema-graph\">{\"@context\":\"https:\\\/\\\/schema.org\",\"@graph\":[{\"@type\":\"Article\",\"@id\":\"https:\\\/\\\/interamerica.org\\\/es\\\/2015\\\/01\\\/lideres-de-la-division-interamericana-anticipan-el-ano-del-pastor-y-otras-iniciativas\\\/#article\",\"isPartOf\":{\"@id\":\"https:\\\/\\\/interamerica.org\\\/es\\\/2015\\\/01\\\/lideres-de-la-division-interamericana-anticipan-el-ano-del-pastor-y-otras-iniciativas\\\/\"},\"author\":{\"name\":\"Lorenzo Verduzco\",\"@id\":\"https:\\\/\\\/interamerica.org\\\/es\\\/#\\\/schema\\\/person\\\/68ede8bdc292885bb76c1e3810e73c39\"},\"headline\":\"L\u00edderes de la Divisi\u00f3n Interamericana anticipan el \u00abA\u00f1o del Pastor\u00bb y otras iniciativas\",\"datePublished\":\"2015-01-10T04:00:00+00:00\",\"mainEntityOfPage\":{\"@id\":\"https:\\\/\\\/interamerica.org\\\/es\\\/2015\\\/01\\\/lideres-de-la-division-interamericana-anticipan-el-ano-del-pastor-y-otras-iniciativas\\\/\"},\"wordCount\":1135,\"image\":{\"@id\":\"https:\\\/\\\/interamerica.org\\\/es\\\/2015\\\/01\\\/lideres-de-la-division-interamericana-anticipan-el-ano-del-pastor-y-otras-iniciativas\\\/#primaryimage\"},\"thumbnailUrl\":\"https:\\\/\\\/interamerica.org\\\/wp-content\\\/uploads\\\/2017\\\/06\\\/IL2015worship.png\",\"articleSection\":[\"Desde la sede\",\"RSS Espa\u00f1ol\"],\"inLanguage\":\"es\"},{\"@type\":\"WebPage\",\"@id\":\"https:\\\/\\\/interamerica.org\\\/es\\\/2015\\\/01\\\/lideres-de-la-division-interamericana-anticipan-el-ano-del-pastor-y-otras-iniciativas\\\/\",\"url\":\"https:\\\/\\\/interamerica.org\\\/es\\\/2015\\\/01\\\/lideres-de-la-division-interamericana-anticipan-el-ano-del-pastor-y-otras-iniciativas\\\/\",\"name\":\"L\u00edderes de la Divisi\u00f3n Interamericana anticipan el \\\"A\u00f1o del Pastor\\\" y otras iniciativas - Iglesia Adventista del S\u00e9ptimo D\u00eda - Divisi\u00f3n Interamericana\",\"isPartOf\":{\"@id\":\"https:\\\/\\\/interamerica.org\\\/es\\\/#website\"},\"primaryImageOfPage\":{\"@id\":\"https:\\\/\\\/interamerica.org\\\/es\\\/2015\\\/01\\\/lideres-de-la-division-interamericana-anticipan-el-ano-del-pastor-y-otras-iniciativas\\\/#primaryimage\"},\"image\":{\"@id\":\"https:\\\/\\\/interamerica.org\\\/es\\\/2015\\\/01\\\/lideres-de-la-division-interamericana-anticipan-el-ano-del-pastor-y-otras-iniciativas\\\/#primaryimage\"},\"thumbnailUrl\":\"https:\\\/\\\/interamerica.org\\\/wp-content\\\/uploads\\\/2017\\\/06\\\/IL2015worship.png\",\"datePublished\":\"2015-01-10T04:00:00+00:00\",\"author\":{\"@id\":\"https:\\\/\\\/interamerica.org\\\/es\\\/#\\\/schema\\\/person\\\/68ede8bdc292885bb76c1e3810e73c39\"},\"breadcrumb\":{\"@id\":\"https:\\\/\\\/interamerica.org\\\/es\\\/2015\\\/01\\\/lideres-de-la-division-interamericana-anticipan-el-ano-del-pastor-y-otras-iniciativas\\\/#breadcrumb\"},\"inLanguage\":\"es\",\"potentialAction\":[{\"@type\":\"ReadAction\",\"target\":[\"https:\\\/\\\/interamerica.org\\\/es\\\/2015\\\/01\\\/lideres-de-la-division-interamericana-anticipan-el-ano-del-pastor-y-otras-iniciativas\\\/\"]}]},{\"@type\":\"ImageObject\",\"inLanguage\":\"es\",\"@id\":\"https:\\\/\\\/interamerica.org\\\/es\\\/2015\\\/01\\\/lideres-de-la-division-interamericana-anticipan-el-ano-del-pastor-y-otras-iniciativas\\\/#primaryimage\",\"url\":\"https:\\\/\\\/interamerica.org\\\/wp-content\\\/uploads\\\/2017\\\/06\\\/IL2015worship.png\",\"contentUrl\":\"https:\\\/\\\/interamerica.org\\\/wp-content\\\/uploads\\\/2017\\\/06\\\/IL2015worship.png\",\"width\":400,\"height\":299},{\"@type\":\"BreadcrumbList\",\"@id\":\"https:\\\/\\\/interamerica.org\\\/es\\\/2015\\\/01\\\/lideres-de-la-division-interamericana-anticipan-el-ano-del-pastor-y-otras-iniciativas\\\/#breadcrumb\",\"itemListElement\":[{\"@type\":\"ListItem\",\"position\":1,\"name\":\"Home\",\"item\":\"https:\\\/\\\/interamerica.org\\\/es\\\/\"},{\"@type\":\"ListItem\",\"position\":2,\"name\":\"L\u00edderes de la Divisi\u00f3n Interamericana anticipan el &#8220;A\u00f1o del Pastor&#8221; y otras iniciativas\"}]},{\"@type\":\"WebSite\",\"@id\":\"https:\\\/\\\/interamerica.org\\\/es\\\/#website\",\"url\":\"https:\\\/\\\/interamerica.org\\\/es\\\/\",\"name\":\"Iglesia Adventista del S\u00e9ptimo D\u00eda - Divisi\u00f3n Interamericana\",\"description\":\"\",\"potentialAction\":[{\"@type\":\"SearchAction\",\"target\":{\"@type\":\"EntryPoint\",\"urlTemplate\":\"https:\\\/\\\/interamerica.org\\\/es\\\/?s={search_term_string}\"},\"query-input\":{\"@type\":\"PropertyValueSpecification\",\"valueRequired\":true,\"valueName\":\"search_term_string\"}}],\"inLanguage\":\"es\"},{\"@type\":\"Person\",\"@id\":\"https:\\\/\\\/interamerica.org\\\/es\\\/#\\\/schema\\\/person\\\/68ede8bdc292885bb76c1e3810e73c39\",\"name\":\"Lorenzo Verduzco\",\"image\":{\"@type\":\"ImageObject\",\"inLanguage\":\"es\",\"@id\":\"https:\\\/\\\/secure.gravatar.com\\\/avatar\\\/fb81a55b6218459490a9c1dc841a34909185b81904c5337b4b27f7a6fd60c49e?s=96&d=mm&r=g\",\"url\":\"https:\\\/\\\/secure.gravatar.com\\\/avatar\\\/fb81a55b6218459490a9c1dc841a34909185b81904c5337b4b27f7a6fd60c49e?s=96&d=mm&r=g\",\"contentUrl\":\"https:\\\/\\\/secure.gravatar.com\\\/avatar\\\/fb81a55b6218459490a9c1dc841a34909185b81904c5337b4b27f7a6fd60c49e?s=96&d=mm&r=g\",\"caption\":\"Lorenzo Verduzco\"}}]}<\/script>\n<!-- \/ Yoast SEO plugin. -->","yoast_head_json":{"title":"L\u00edderes de la Divisi\u00f3n Interamericana anticipan el \"A\u00f1o del Pastor\" y otras iniciativas - Iglesia Adventista del S\u00e9ptimo D\u00eda - Divisi\u00f3n Interamericana","robots":{"index":"index","follow":"follow","max-snippet":"max-snippet:-1","max-image-preview":"max-image-preview:large","max-video-preview":"max-video-preview:-1"},"canonical":"https:\/\/interamerica.org\/es\/2015\/01\/lideres-de-la-division-interamericana-anticipan-el-ano-del-pastor-y-otras-iniciativas\/","og_locale":"es_ES","og_type":"article","og_title":"L\u00edderes de la Divisi\u00f3n Interamericana anticipan el \"A\u00f1o del Pastor\" y otras iniciativas - Iglesia Adventista del S\u00e9ptimo D\u00eda - Divisi\u00f3n Interamericana","og_description":"Los principales l\u00edderes de la Divisi\u00f3n Interamericana comenzaron esta semana el nuevo a\u00f1o reflexionando en las bendiciones de Dios y confiando en la conducci\u00f3n divina para los desaf\u00edos que se avecinan. Los casi cien ministros ordenados y miembros del personal de la sede central de la Divisi\u00f3n Interamericana en Miami, Florida, Estados Unidos, repasaron el crecimiento de la iglesia y las finanzas durante 2014, y anticiparon las numerosas iniciativas de evangelizaci\u00f3n y actividades planificadas para celebrar el \"A\u00f1o del Pastor\", un a\u00f1o designado para celebrar la obra del pastor y fortalecer a sus familias, adem\u00e1s de continuar compartiendo el mensaje del evangelio a lo largo y a lo ancho del territorio.","og_url":"https:\/\/interamerica.org\/es\/2015\/01\/lideres-de-la-division-interamericana-anticipan-el-ano-del-pastor-y-otras-iniciativas\/","og_site_name":"Iglesia Adventista del S\u00e9ptimo D\u00eda - Divisi\u00f3n Interamericana","article_published_time":"2015-01-10T04:00:00+00:00","og_image":[{"width":400,"height":299,"url":"https:\/\/interamerica.org\/wp-content\/uploads\/2017\/06\/IL2015worship.png","type":"image\/png"}],"author":"Lorenzo Verduzco","twitter_card":"summary_large_image","twitter_misc":{"Escrito por":"Lorenzo Verduzco","Tiempo de lectura":"6 minutos"},"schema":{"@context":"https:\/\/schema.org","@graph":[{"@type":"Article","@id":"https:\/\/interamerica.org\/es\/2015\/01\/lideres-de-la-division-interamericana-anticipan-el-ano-del-pastor-y-otras-iniciativas\/#article","isPartOf":{"@id":"https:\/\/interamerica.org\/es\/2015\/01\/lideres-de-la-division-interamericana-anticipan-el-ano-del-pastor-y-otras-iniciativas\/"},"author":{"name":"Lorenzo Verduzco","@id":"https:\/\/interamerica.org\/es\/#\/schema\/person\/68ede8bdc292885bb76c1e3810e73c39"},"headline":"L\u00edderes de la Divisi\u00f3n Interamericana anticipan el \u00abA\u00f1o del Pastor\u00bb y otras iniciativas","datePublished":"2015-01-10T04:00:00+00:00","mainEntityOfPage":{"@id":"https:\/\/interamerica.org\/es\/2015\/01\/lideres-de-la-division-interamericana-anticipan-el-ano-del-pastor-y-otras-iniciativas\/"},"wordCount":1135,"image":{"@id":"https:\/\/interamerica.org\/es\/2015\/01\/lideres-de-la-division-interamericana-anticipan-el-ano-del-pastor-y-otras-iniciativas\/#primaryimage"},"thumbnailUrl":"https:\/\/interamerica.org\/wp-content\/uploads\/2017\/06\/IL2015worship.png","articleSection":["Desde la sede","RSS Espa\u00f1ol"],"inLanguage":"es"},{"@type":"WebPage","@id":"https:\/\/interamerica.org\/es\/2015\/01\/lideres-de-la-division-interamericana-anticipan-el-ano-del-pastor-y-otras-iniciativas\/","url":"https:\/\/interamerica.org\/es\/2015\/01\/lideres-de-la-division-interamericana-anticipan-el-ano-del-pastor-y-otras-iniciativas\/","name":"L\u00edderes de la Divisi\u00f3n Interamericana anticipan el \"A\u00f1o del Pastor\" y otras iniciativas - Iglesia Adventista del S\u00e9ptimo D\u00eda - Divisi\u00f3n Interamericana","isPartOf":{"@id":"https:\/\/interamerica.org\/es\/#website"},"primaryImageOfPage":{"@id":"https:\/\/interamerica.org\/es\/2015\/01\/lideres-de-la-division-interamericana-anticipan-el-ano-del-pastor-y-otras-iniciativas\/#primaryimage"},"image":{"@id":"https:\/\/interamerica.org\/es\/2015\/01\/lideres-de-la-division-interamericana-anticipan-el-ano-del-pastor-y-otras-iniciativas\/#primaryimage"},"thumbnailUrl":"https:\/\/interamerica.org\/wp-content\/uploads\/2017\/06\/IL2015worship.png","datePublished":"2015-01-10T04:00:00+00:00","author":{"@id":"https:\/\/interamerica.org\/es\/#\/schema\/person\/68ede8bdc292885bb76c1e3810e73c39"},"breadcrumb":{"@id":"https:\/\/interamerica.org\/es\/2015\/01\/lideres-de-la-division-interamericana-anticipan-el-ano-del-pastor-y-otras-iniciativas\/#breadcrumb"},"inLanguage":"es","potentialAction":[{"@type":"ReadAction","target":["https:\/\/interamerica.org\/es\/2015\/01\/lideres-de-la-division-interamericana-anticipan-el-ano-del-pastor-y-otras-iniciativas\/"]}]},{"@type":"ImageObject","inLanguage":"es","@id":"https:\/\/interamerica.org\/es\/2015\/01\/lideres-de-la-division-interamericana-anticipan-el-ano-del-pastor-y-otras-iniciativas\/#primaryimage","url":"https:\/\/interamerica.org\/wp-content\/uploads\/2017\/06\/IL2015worship.png","contentUrl":"https:\/\/interamerica.org\/wp-content\/uploads\/2017\/06\/IL2015worship.png","width":400,"height":299},{"@type":"BreadcrumbList","@id":"https:\/\/interamerica.org\/es\/2015\/01\/lideres-de-la-division-interamericana-anticipan-el-ano-del-pastor-y-otras-iniciativas\/#breadcrumb","itemListElement":[{"@type":"ListItem","position":1,"name":"Home","item":"https:\/\/interamerica.org\/es\/"},{"@type":"ListItem","position":2,"name":"L\u00edderes de la Divisi\u00f3n Interamericana anticipan el &#8220;A\u00f1o del Pastor&#8221; y otras iniciativas"}]},{"@type":"WebSite","@id":"https:\/\/interamerica.org\/es\/#website","url":"https:\/\/interamerica.org\/es\/","name":"Iglesia Adventista del S\u00e9ptimo D\u00eda - Divisi\u00f3n Interamericana","description":"","potentialAction":[{"@type":"SearchAction","target":{"@type":"EntryPoint","urlTemplate":"https:\/\/interamerica.org\/es\/?s={search_term_string}"},"query-input":{"@type":"PropertyValueSpecification","valueRequired":true,"valueName":"search_term_string"}}],"inLanguage":"es"},{"@type":"Person","@id":"https:\/\/interamerica.org\/es\/#\/schema\/person\/68ede8bdc292885bb76c1e3810e73c39","name":"Lorenzo Verduzco","image":{"@type":"ImageObject","inLanguage":"es","@id":"https:\/\/secure.gravatar.com\/avatar\/fb81a55b6218459490a9c1dc841a34909185b81904c5337b4b27f7a6fd60c49e?s=96&d=mm&r=g","url":"https:\/\/secure.gravatar.com\/avatar\/fb81a55b6218459490a9c1dc841a34909185b81904c5337b4b27f7a6fd60c49e?s=96&d=mm&r=g","contentUrl":"https:\/\/secure.gravatar.com\/avatar\/fb81a55b6218459490a9c1dc841a34909185b81904c5337b4b27f7a6fd60c49e?s=96&d=mm&r=g","caption":"Lorenzo Verduzco"}}]}},"_links":{"self":[{"href":"https:\/\/interamerica.org\/es\/wp-json\/wp\/v2\/posts\/30697","targetHints":{"allow":["GET"]}}],"collection":[{"href":"https:\/\/interamerica.org\/es\/wp-json\/wp\/v2\/posts"}],"about":[{"href":"https:\/\/interamerica.org\/es\/wp-json\/wp\/v2\/types\/post"}],"author":[{"embeddable":true,"href":"https:\/\/interamerica.org\/es\/wp-json\/wp\/v2\/users\/1"}],"replies":[{"embeddable":true,"href":"https:\/\/interamerica.org\/es\/wp-json\/wp\/v2\/comments?post=30697"}],"version-history":[{"count":0,"href":"https:\/\/interamerica.org\/es\/wp-json\/wp\/v2\/posts\/30697\/revisions"}],"wp:featuredmedia":[{"embeddable":true,"href":"https:\/\/interamerica.org\/es\/wp-json\/wp\/v2\/media\/24197"}],"wp:attachment":[{"href":"https:\/\/interamerica.org\/es\/wp-json\/wp\/v2\/media?parent=30697"}],"wp:term":[{"taxonomy":"category","embeddable":true,"href":"https:\/\/interamerica.org\/es\/wp-json\/wp\/v2\/categories?post=30697"},{"taxonomy":"post_tag","embeddable":true,"href":"https:\/\/interamerica.org\/es\/wp-json\/wp\/v2\/tags?post=30697"}],"curies":[{"name":"wp","href":"https:\/\/api.w.org\/{rel}","templated":true}]}}