{"id":30699,"date":"2015-01-11T00:00:00","date_gmt":"2015-01-11T04:00:00","guid":{"rendered":"http:\/\/192.81.217.108\/interamerica\/2015\/01\/interamerica-ordenara-decenas-de-ministros-adventistas-en-diversos-lugares-de-su-territorio\/"},"modified":"2015-01-11T00:00:00","modified_gmt":"2015-01-11T04:00:00","slug":"interamerica-ordenara-decenas-de-ministros-adventistas-en-diversos-lugares-de-su-territorio","status":"publish","type":"post","link":"https:\/\/interamerica.org\/es\/2015\/01\/interamerica-ordenara-decenas-de-ministros-adventistas-en-diversos-lugares-de-su-territorio\/","title":{"rendered":"Interam\u00e9rica ordenar\u00e1 decenas de ministros adventistas en diversos lugares de su territorio"},"content":{"rendered":"<div id=\"attachment_14723\" style=\"width: 610px\" class=\"wp-caption aligncenter\"><a href=\"\/interamerica\/wp-content\/uploads\/2017\/06\/OrBanner-SPA600.png\" rel=\"fancybox\" title=\"Interam\u00e9rica ordenar\u00e1 decenas de ministros adventistas en diversos lugares de su territorio\"><img fetchpriority=\"high\" decoding=\"async\" aria-describedby=\"caption-attachment-14723\" class=\"size-full wp-image-14723\" title=\"OrBanner SPA600\" src=\"\/interamerica\/wp-content\/uploads\/2017\/06\/OrBanner-SPA600.png\" alt=\"\" width=\"600\" height=\"243\" \/><\/a><p id=\"caption-attachment-14723\" class=\"wp-caption-text\">Imagen por Abel Marquez\/DIA<\/p><\/div>\n<p>11 de enero de 2015 | Miami, Florida, Estados Unidos | Libna Stevens\/DIA<\/p>\n<p>Decenas de ministros adventistas de diversos lugares de Interam\u00e9rica ser\u00e1n ordenados el pr\u00f3ximo 17 de enero de 2015, durante ceremonias coordinadas en todo el territorio, que marcar\u00e1n el lanzamiento del \u00abA\u00f1o del Pastor\u00bb en Interam\u00e9rica durante los pr\u00f3ximos once meses.<\/p>\n<p>M\u00e1s de de dos decenas de ministros ser\u00e1n ordenados en El Palacio de los Deportes de Santo Domingo, Rep\u00fablica Dominicana, ante la presencia anticipada de m\u00e1s de quince mil l\u00edderes y miembros de iglesia que ser\u00e1n testigos del acontecimiento el pr\u00f3ximo s\u00e1bado 17 de enero.<\/p>\n<p>Entre los oradores invitados estar\u00e1n Ted N. C. Wilson, presidente de la Iglesia Adventista mundial, y el evangelista Mark Finley.<\/p>\n<p>El evento ser\u00e1 transmitido en l\u00ednea en espa\u00f1ol, ingl\u00e9s y franc\u00e9s, y comenzar\u00e1 a las 15.30 hora de Santo Domingo (14.30 de Miami).<\/p>\n<div id=\"attachment_11933\" style=\"width: 310px\" class=\"wp-caption alignleft\"><a href=\"\/interamerica\/wp-content\/uploads\/2017\/06\/HectorSanchezOrdination.png\" rel=\"fancybox\" title=\"Interam\u00e9rica ordenar\u00e1 decenas de ministros adventistas en diversos lugares de su territorio\"><img decoding=\"async\" aria-describedby=\"caption-attachment-11933\" class=\"size-medium wp-image-11933 \" src=\"\/interamerica\/wp-content\/uploads\/2017\/06\/HectorSanchezOrdination-300x216.png\" alt=\"\" width=\"300\" height=\"216\" \/><\/a><p id=\"caption-attachment-11933\" class=\"wp-caption-text\">El pastor H\u00e9ctor S\u00e1nchez, secretario ministerial de la Iglesia Adventista en Interam\u00e9rica, dice que unos 1500 de los 3400 ministros del territorio de la Divisi\u00f3n Norteamericana no son ordenados. Imagen de archivo de la DIA.<\/p><\/div>\n<p>\u201cConsideramos que estas ordenaciones sagradas ser\u00e1n hist\u00f3ricas en toda la Divisi\u00f3n Interamericana, y que fortalecer\u00e1n a\u00fan m\u00e1s a la iglesia\u00bb, dijo el pastor H\u00e9ctor S\u00e1nchez, secretario ministerial de la Iglesia Adventista en Interam\u00e9rica y organizador del evento.<\/p>\n<p>De los 340 ministros que supervisan las m\u00e1s de 20 mil iglesias y congregaciones, 1500 de ellos son ministros con licencia pero no ordenados, seg\u00fan el pastor S\u00e1nchez.<\/p>\n<p>\u00abNuestra iglesia est\u00e1 creciendo con rapidez, y es necesario que todos nuestros pastores cumplan plenamente sus responsabilidades para ministrar a la feligres\u00eda\u00bb, a\u00f1adi\u00f3 S\u00e1nchez.<\/p>\n<p>El acontecimiento, que abarcar\u00e1 a todo el territorio, destacar\u00e1 la necesidad de que los ministros sean ordenados, y recordar\u00e1 a las regiones eclesi\u00e1sticas que efect\u00faen un seguimiento de los ministros que han trabajado m\u00e1s de cinco a\u00f1os y a\u00fan tienen que ser ordenados, explic\u00f3 S\u00e1nchez.<\/p>\n<p>\u00abHay algunos ministros que han trabajado m\u00e1s de diez a\u00f1os y por una u otra raz\u00f3n a\u00fan no han sido ordenados\u00bb, dijo. Este evento ser\u00e1 un recordatorio para los l\u00edderes de la iglesia en asociaciones y uniones, para que efect\u00faen un an\u00e1lisis del trabajo de los ministros no ordenados y avancen hacia la ordenaci\u00f3n\u00bb.<\/p>\n<p>Los ministros ordenados pueden llevar a cabo todas las funciones oficiales de su ministerio, tales como bodas y bautismos, adem\u00e1s de organizar y disolver iglesias, entre otros deberes, explic\u00f3 S\u00e1nchez.<\/p>\n<p>M\u00e9xico, Am\u00e9rica Central, el Caribe, las Antillas Francesas, Venezuela y Colombia se unir\u00e1n a las ceremonias de ordenaci\u00f3n en menos de una semana.<\/p>\n<p>Si desea seguir la Ceremonia de Ordenaci\u00f3n de Interam\u00e9rica desde la Rep\u00fablica Dominicana este 17 de enero a las 14.30 hora de Miami, visite nuestro canal web\u00a0<a href=\"http:\/\/webcast.interamerica.org\/english\">AQU\u00cd<\/a>.<\/p>\n<p><em>Traducci\u00f3n de Marcos Paseggi<\/em><\/p>\n","protected":false},"excerpt":{"rendered":"<p>Decenas de ministros adventistas de diversos lugares de Interam\u00e9rica ser\u00e1n ordenados el pr\u00f3ximo 17 de enero de 2015, durante ceremonias coordinadas en todo el territorio, que marcar\u00e1n el lanzamiento del \u00abA\u00f1o del Pastor\u00bb en Interam\u00e9rica durante los pr\u00f3ximos once meses. <\/p>\n<p>M\u00e1s de de dos decenas de ministros ser\u00e1n ordenados en El Palacio de los Deportes de Santo Domingo, Rep\u00fablica Dominicana, ante la presencia anticipada de m\u00e1s de quince mil l\u00edderes y miembros de iglesia que ser\u00e1n testigos del acontecimiento el pr\u00f3ximo s\u00e1bado 17 de enero.<\/p>\n","protected":false},"author":1,"featured_media":30700,"comment_status":"closed","ping_status":"closed","sticky":false,"template":"","format":"standard","meta":{"_acf_changed":false,"footnotes":""},"categories":[16,15],"tags":[],"class_list":["post-30699","post","type-post","status-publish","format-standard","has-post-thumbnail","hentry","category-desde-la-sede","category-rss-espanol"],"acf":[],"yoast_head":"<!-- This site is optimized with the Yoast SEO plugin v27.3 - https:\/\/yoast.com\/product\/yoast-seo-wordpress\/ -->\n<title>Interam\u00e9rica ordenar\u00e1 decenas de ministros adventistas en diversos lugares de su territorio - Iglesia Adventista del S\u00e9ptimo D\u00eda - Divisi\u00f3n Interamericana<\/title>\n<meta name=\"robots\" content=\"index, follow, max-snippet:-1, max-image-preview:large, max-video-preview:-1\" \/>\n<link rel=\"canonical\" href=\"https:\/\/interamerica.org\/es\/2015\/01\/interamerica-ordenara-decenas-de-ministros-adventistas-en-diversos-lugares-de-su-territorio\/\" \/>\n<meta property=\"og:locale\" content=\"es_ES\" \/>\n<meta property=\"og:type\" content=\"article\" \/>\n<meta property=\"og:title\" content=\"Interam\u00e9rica ordenar\u00e1 decenas de ministros adventistas en diversos lugares de su territorio - Iglesia Adventista del S\u00e9ptimo D\u00eda - Divisi\u00f3n Interamericana\" \/>\n<meta property=\"og:description\" content=\"Decenas de ministros adventistas de diversos lugares de Interam\u00e9rica ser\u00e1n ordenados el pr\u00f3ximo 17 de enero de 2015, durante ceremonias coordinadas en todo el territorio, que marcar\u00e1n el lanzamiento del &quot;A\u00f1o del Pastor&quot; en Interam\u00e9rica durante los pr\u00f3ximos once meses.  M\u00e1s de de dos decenas de ministros ser\u00e1n ordenados en El Palacio de los Deportes de Santo Domingo, Rep\u00fablica Dominicana, ante la presencia anticipada de m\u00e1s de quince mil l\u00edderes y miembros de iglesia que ser\u00e1n testigos del acontecimiento el pr\u00f3ximo s\u00e1bado 17 de enero.\" \/>\n<meta property=\"og:url\" content=\"https:\/\/interamerica.org\/es\/2015\/01\/interamerica-ordenara-decenas-de-ministros-adventistas-en-diversos-lugares-de-su-territorio\/\" \/>\n<meta property=\"og:site_name\" content=\"Iglesia Adventista del S\u00e9ptimo D\u00eda - Divisi\u00f3n Interamericana\" \/>\n<meta property=\"article:published_time\" content=\"2015-01-11T04:00:00+00:00\" \/>\n<meta property=\"og:image\" content=\"https:\/\/interamerica.org\/wp-content\/uploads\/2017\/06\/OrBanner-SPA300.png\" \/>\n\t<meta property=\"og:image:width\" content=\"300\" \/>\n\t<meta property=\"og:image:height\" content=\"249\" \/>\n\t<meta property=\"og:image:type\" content=\"image\/png\" \/>\n<meta name=\"author\" content=\"Lorenzo Verduzco\" \/>\n<meta name=\"twitter:card\" content=\"summary_large_image\" \/>\n<meta name=\"twitter:label1\" content=\"Escrito por\" \/>\n\t<meta name=\"twitter:data1\" content=\"Lorenzo Verduzco\" \/>\n\t<meta name=\"twitter:label2\" content=\"Tiempo de lectura\" \/>\n\t<meta name=\"twitter:data2\" content=\"3 minutos\" \/>\n<script type=\"application\/ld+json\" class=\"yoast-schema-graph\">{\"@context\":\"https:\\\/\\\/schema.org\",\"@graph\":[{\"@type\":\"Article\",\"@id\":\"https:\\\/\\\/interamerica.org\\\/es\\\/2015\\\/01\\\/interamerica-ordenara-decenas-de-ministros-adventistas-en-diversos-lugares-de-su-territorio\\\/#article\",\"isPartOf\":{\"@id\":\"https:\\\/\\\/interamerica.org\\\/es\\\/2015\\\/01\\\/interamerica-ordenara-decenas-de-ministros-adventistas-en-diversos-lugares-de-su-territorio\\\/\"},\"author\":{\"name\":\"Lorenzo Verduzco\",\"@id\":\"https:\\\/\\\/interamerica.org\\\/es\\\/#\\\/schema\\\/person\\\/68ede8bdc292885bb76c1e3810e73c39\"},\"headline\":\"Interam\u00e9rica ordenar\u00e1 decenas de ministros adventistas en diversos lugares de su territorio\",\"datePublished\":\"2015-01-11T04:00:00+00:00\",\"mainEntityOfPage\":{\"@id\":\"https:\\\/\\\/interamerica.org\\\/es\\\/2015\\\/01\\\/interamerica-ordenara-decenas-de-ministros-adventistas-en-diversos-lugares-de-su-territorio\\\/\"},\"wordCount\":529,\"image\":{\"@id\":\"https:\\\/\\\/interamerica.org\\\/es\\\/2015\\\/01\\\/interamerica-ordenara-decenas-de-ministros-adventistas-en-diversos-lugares-de-su-territorio\\\/#primaryimage\"},\"thumbnailUrl\":\"https:\\\/\\\/interamerica.org\\\/wp-content\\\/uploads\\\/2017\\\/06\\\/OrBanner-SPA300.png\",\"articleSection\":[\"Desde la sede\",\"RSS Espa\u00f1ol\"],\"inLanguage\":\"es\"},{\"@type\":\"WebPage\",\"@id\":\"https:\\\/\\\/interamerica.org\\\/es\\\/2015\\\/01\\\/interamerica-ordenara-decenas-de-ministros-adventistas-en-diversos-lugares-de-su-territorio\\\/\",\"url\":\"https:\\\/\\\/interamerica.org\\\/es\\\/2015\\\/01\\\/interamerica-ordenara-decenas-de-ministros-adventistas-en-diversos-lugares-de-su-territorio\\\/\",\"name\":\"Interam\u00e9rica ordenar\u00e1 decenas de ministros adventistas en diversos lugares de su territorio - Iglesia Adventista del S\u00e9ptimo D\u00eda - Divisi\u00f3n Interamericana\",\"isPartOf\":{\"@id\":\"https:\\\/\\\/interamerica.org\\\/es\\\/#website\"},\"primaryImageOfPage\":{\"@id\":\"https:\\\/\\\/interamerica.org\\\/es\\\/2015\\\/01\\\/interamerica-ordenara-decenas-de-ministros-adventistas-en-diversos-lugares-de-su-territorio\\\/#primaryimage\"},\"image\":{\"@id\":\"https:\\\/\\\/interamerica.org\\\/es\\\/2015\\\/01\\\/interamerica-ordenara-decenas-de-ministros-adventistas-en-diversos-lugares-de-su-territorio\\\/#primaryimage\"},\"thumbnailUrl\":\"https:\\\/\\\/interamerica.org\\\/wp-content\\\/uploads\\\/2017\\\/06\\\/OrBanner-SPA300.png\",\"datePublished\":\"2015-01-11T04:00:00+00:00\",\"author\":{\"@id\":\"https:\\\/\\\/interamerica.org\\\/es\\\/#\\\/schema\\\/person\\\/68ede8bdc292885bb76c1e3810e73c39\"},\"breadcrumb\":{\"@id\":\"https:\\\/\\\/interamerica.org\\\/es\\\/2015\\\/01\\\/interamerica-ordenara-decenas-de-ministros-adventistas-en-diversos-lugares-de-su-territorio\\\/#breadcrumb\"},\"inLanguage\":\"es\",\"potentialAction\":[{\"@type\":\"ReadAction\",\"target\":[\"https:\\\/\\\/interamerica.org\\\/es\\\/2015\\\/01\\\/interamerica-ordenara-decenas-de-ministros-adventistas-en-diversos-lugares-de-su-territorio\\\/\"]}]},{\"@type\":\"ImageObject\",\"inLanguage\":\"es\",\"@id\":\"https:\\\/\\\/interamerica.org\\\/es\\\/2015\\\/01\\\/interamerica-ordenara-decenas-de-ministros-adventistas-en-diversos-lugares-de-su-territorio\\\/#primaryimage\",\"url\":\"https:\\\/\\\/interamerica.org\\\/wp-content\\\/uploads\\\/2017\\\/06\\\/OrBanner-SPA300.png\",\"contentUrl\":\"https:\\\/\\\/interamerica.org\\\/wp-content\\\/uploads\\\/2017\\\/06\\\/OrBanner-SPA300.png\",\"width\":300,\"height\":249},{\"@type\":\"BreadcrumbList\",\"@id\":\"https:\\\/\\\/interamerica.org\\\/es\\\/2015\\\/01\\\/interamerica-ordenara-decenas-de-ministros-adventistas-en-diversos-lugares-de-su-territorio\\\/#breadcrumb\",\"itemListElement\":[{\"@type\":\"ListItem\",\"position\":1,\"name\":\"Home\",\"item\":\"https:\\\/\\\/interamerica.org\\\/es\\\/\"},{\"@type\":\"ListItem\",\"position\":2,\"name\":\"Interam\u00e9rica ordenar\u00e1 decenas de ministros adventistas en diversos lugares de su territorio\"}]},{\"@type\":\"WebSite\",\"@id\":\"https:\\\/\\\/interamerica.org\\\/es\\\/#website\",\"url\":\"https:\\\/\\\/interamerica.org\\\/es\\\/\",\"name\":\"Iglesia Adventista del S\u00e9ptimo D\u00eda - Divisi\u00f3n Interamericana\",\"description\":\"\",\"potentialAction\":[{\"@type\":\"SearchAction\",\"target\":{\"@type\":\"EntryPoint\",\"urlTemplate\":\"https:\\\/\\\/interamerica.org\\\/es\\\/?s={search_term_string}\"},\"query-input\":{\"@type\":\"PropertyValueSpecification\",\"valueRequired\":true,\"valueName\":\"search_term_string\"}}],\"inLanguage\":\"es\"},{\"@type\":\"Person\",\"@id\":\"https:\\\/\\\/interamerica.org\\\/es\\\/#\\\/schema\\\/person\\\/68ede8bdc292885bb76c1e3810e73c39\",\"name\":\"Lorenzo Verduzco\",\"image\":{\"@type\":\"ImageObject\",\"inLanguage\":\"es\",\"@id\":\"https:\\\/\\\/secure.gravatar.com\\\/avatar\\\/fb81a55b6218459490a9c1dc841a34909185b81904c5337b4b27f7a6fd60c49e?s=96&d=mm&r=g\",\"url\":\"https:\\\/\\\/secure.gravatar.com\\\/avatar\\\/fb81a55b6218459490a9c1dc841a34909185b81904c5337b4b27f7a6fd60c49e?s=96&d=mm&r=g\",\"contentUrl\":\"https:\\\/\\\/secure.gravatar.com\\\/avatar\\\/fb81a55b6218459490a9c1dc841a34909185b81904c5337b4b27f7a6fd60c49e?s=96&d=mm&r=g\",\"caption\":\"Lorenzo Verduzco\"}}]}<\/script>\n<!-- \/ Yoast SEO plugin. -->","yoast_head_json":{"title":"Interam\u00e9rica ordenar\u00e1 decenas de ministros adventistas en diversos lugares de su territorio - Iglesia Adventista del S\u00e9ptimo D\u00eda - Divisi\u00f3n Interamericana","robots":{"index":"index","follow":"follow","max-snippet":"max-snippet:-1","max-image-preview":"max-image-preview:large","max-video-preview":"max-video-preview:-1"},"canonical":"https:\/\/interamerica.org\/es\/2015\/01\/interamerica-ordenara-decenas-de-ministros-adventistas-en-diversos-lugares-de-su-territorio\/","og_locale":"es_ES","og_type":"article","og_title":"Interam\u00e9rica ordenar\u00e1 decenas de ministros adventistas en diversos lugares de su territorio - Iglesia Adventista del S\u00e9ptimo D\u00eda - Divisi\u00f3n Interamericana","og_description":"Decenas de ministros adventistas de diversos lugares de Interam\u00e9rica ser\u00e1n ordenados el pr\u00f3ximo 17 de enero de 2015, durante ceremonias coordinadas en todo el territorio, que marcar\u00e1n el lanzamiento del \"A\u00f1o del Pastor\" en Interam\u00e9rica durante los pr\u00f3ximos once meses.  M\u00e1s de de dos decenas de ministros ser\u00e1n ordenados en El Palacio de los Deportes de Santo Domingo, Rep\u00fablica Dominicana, ante la presencia anticipada de m\u00e1s de quince mil l\u00edderes y miembros de iglesia que ser\u00e1n testigos del acontecimiento el pr\u00f3ximo s\u00e1bado 17 de enero.","og_url":"https:\/\/interamerica.org\/es\/2015\/01\/interamerica-ordenara-decenas-de-ministros-adventistas-en-diversos-lugares-de-su-territorio\/","og_site_name":"Iglesia Adventista del S\u00e9ptimo D\u00eda - Divisi\u00f3n Interamericana","article_published_time":"2015-01-11T04:00:00+00:00","og_image":[{"width":300,"height":249,"url":"https:\/\/interamerica.org\/wp-content\/uploads\/2017\/06\/OrBanner-SPA300.png","type":"image\/png"}],"author":"Lorenzo Verduzco","twitter_card":"summary_large_image","twitter_misc":{"Escrito por":"Lorenzo Verduzco","Tiempo de lectura":"3 minutos"},"schema":{"@context":"https:\/\/schema.org","@graph":[{"@type":"Article","@id":"https:\/\/interamerica.org\/es\/2015\/01\/interamerica-ordenara-decenas-de-ministros-adventistas-en-diversos-lugares-de-su-territorio\/#article","isPartOf":{"@id":"https:\/\/interamerica.org\/es\/2015\/01\/interamerica-ordenara-decenas-de-ministros-adventistas-en-diversos-lugares-de-su-territorio\/"},"author":{"name":"Lorenzo Verduzco","@id":"https:\/\/interamerica.org\/es\/#\/schema\/person\/68ede8bdc292885bb76c1e3810e73c39"},"headline":"Interam\u00e9rica ordenar\u00e1 decenas de ministros adventistas en diversos lugares de su territorio","datePublished":"2015-01-11T04:00:00+00:00","mainEntityOfPage":{"@id":"https:\/\/interamerica.org\/es\/2015\/01\/interamerica-ordenara-decenas-de-ministros-adventistas-en-diversos-lugares-de-su-territorio\/"},"wordCount":529,"image":{"@id":"https:\/\/interamerica.org\/es\/2015\/01\/interamerica-ordenara-decenas-de-ministros-adventistas-en-diversos-lugares-de-su-territorio\/#primaryimage"},"thumbnailUrl":"https:\/\/interamerica.org\/wp-content\/uploads\/2017\/06\/OrBanner-SPA300.png","articleSection":["Desde la sede","RSS Espa\u00f1ol"],"inLanguage":"es"},{"@type":"WebPage","@id":"https:\/\/interamerica.org\/es\/2015\/01\/interamerica-ordenara-decenas-de-ministros-adventistas-en-diversos-lugares-de-su-territorio\/","url":"https:\/\/interamerica.org\/es\/2015\/01\/interamerica-ordenara-decenas-de-ministros-adventistas-en-diversos-lugares-de-su-territorio\/","name":"Interam\u00e9rica ordenar\u00e1 decenas de ministros adventistas en diversos lugares de su territorio - Iglesia Adventista del S\u00e9ptimo D\u00eda - Divisi\u00f3n Interamericana","isPartOf":{"@id":"https:\/\/interamerica.org\/es\/#website"},"primaryImageOfPage":{"@id":"https:\/\/interamerica.org\/es\/2015\/01\/interamerica-ordenara-decenas-de-ministros-adventistas-en-diversos-lugares-de-su-territorio\/#primaryimage"},"image":{"@id":"https:\/\/interamerica.org\/es\/2015\/01\/interamerica-ordenara-decenas-de-ministros-adventistas-en-diversos-lugares-de-su-territorio\/#primaryimage"},"thumbnailUrl":"https:\/\/interamerica.org\/wp-content\/uploads\/2017\/06\/OrBanner-SPA300.png","datePublished":"2015-01-11T04:00:00+00:00","author":{"@id":"https:\/\/interamerica.org\/es\/#\/schema\/person\/68ede8bdc292885bb76c1e3810e73c39"},"breadcrumb":{"@id":"https:\/\/interamerica.org\/es\/2015\/01\/interamerica-ordenara-decenas-de-ministros-adventistas-en-diversos-lugares-de-su-territorio\/#breadcrumb"},"inLanguage":"es","potentialAction":[{"@type":"ReadAction","target":["https:\/\/interamerica.org\/es\/2015\/01\/interamerica-ordenara-decenas-de-ministros-adventistas-en-diversos-lugares-de-su-territorio\/"]}]},{"@type":"ImageObject","inLanguage":"es","@id":"https:\/\/interamerica.org\/es\/2015\/01\/interamerica-ordenara-decenas-de-ministros-adventistas-en-diversos-lugares-de-su-territorio\/#primaryimage","url":"https:\/\/interamerica.org\/wp-content\/uploads\/2017\/06\/OrBanner-SPA300.png","contentUrl":"https:\/\/interamerica.org\/wp-content\/uploads\/2017\/06\/OrBanner-SPA300.png","width":300,"height":249},{"@type":"BreadcrumbList","@id":"https:\/\/interamerica.org\/es\/2015\/01\/interamerica-ordenara-decenas-de-ministros-adventistas-en-diversos-lugares-de-su-territorio\/#breadcrumb","itemListElement":[{"@type":"ListItem","position":1,"name":"Home","item":"https:\/\/interamerica.org\/es\/"},{"@type":"ListItem","position":2,"name":"Interam\u00e9rica ordenar\u00e1 decenas de ministros adventistas en diversos lugares de su territorio"}]},{"@type":"WebSite","@id":"https:\/\/interamerica.org\/es\/#website","url":"https:\/\/interamerica.org\/es\/","name":"Iglesia Adventista del S\u00e9ptimo D\u00eda - Divisi\u00f3n Interamericana","description":"","potentialAction":[{"@type":"SearchAction","target":{"@type":"EntryPoint","urlTemplate":"https:\/\/interamerica.org\/es\/?s={search_term_string}"},"query-input":{"@type":"PropertyValueSpecification","valueRequired":true,"valueName":"search_term_string"}}],"inLanguage":"es"},{"@type":"Person","@id":"https:\/\/interamerica.org\/es\/#\/schema\/person\/68ede8bdc292885bb76c1e3810e73c39","name":"Lorenzo Verduzco","image":{"@type":"ImageObject","inLanguage":"es","@id":"https:\/\/secure.gravatar.com\/avatar\/fb81a55b6218459490a9c1dc841a34909185b81904c5337b4b27f7a6fd60c49e?s=96&d=mm&r=g","url":"https:\/\/secure.gravatar.com\/avatar\/fb81a55b6218459490a9c1dc841a34909185b81904c5337b4b27f7a6fd60c49e?s=96&d=mm&r=g","contentUrl":"https:\/\/secure.gravatar.com\/avatar\/fb81a55b6218459490a9c1dc841a34909185b81904c5337b4b27f7a6fd60c49e?s=96&d=mm&r=g","caption":"Lorenzo Verduzco"}}]}},"_links":{"self":[{"href":"https:\/\/interamerica.org\/es\/wp-json\/wp\/v2\/posts\/30699","targetHints":{"allow":["GET"]}}],"collection":[{"href":"https:\/\/interamerica.org\/es\/wp-json\/wp\/v2\/posts"}],"about":[{"href":"https:\/\/interamerica.org\/es\/wp-json\/wp\/v2\/types\/post"}],"author":[{"embeddable":true,"href":"https:\/\/interamerica.org\/es\/wp-json\/wp\/v2\/users\/1"}],"replies":[{"embeddable":true,"href":"https:\/\/interamerica.org\/es\/wp-json\/wp\/v2\/comments?post=30699"}],"version-history":[{"count":0,"href":"https:\/\/interamerica.org\/es\/wp-json\/wp\/v2\/posts\/30699\/revisions"}],"wp:featuredmedia":[{"embeddable":true,"href":"https:\/\/interamerica.org\/es\/wp-json\/wp\/v2\/media\/30700"}],"wp:attachment":[{"href":"https:\/\/interamerica.org\/es\/wp-json\/wp\/v2\/media?parent=30699"}],"wp:term":[{"taxonomy":"category","embeddable":true,"href":"https:\/\/interamerica.org\/es\/wp-json\/wp\/v2\/categories?post=30699"},{"taxonomy":"post_tag","embeddable":true,"href":"https:\/\/interamerica.org\/es\/wp-json\/wp\/v2\/tags?post=30699"}],"curies":[{"name":"wp","href":"https:\/\/api.w.org\/{rel}","templated":true}]}}