{"id":30703,"date":"2015-01-15T00:00:00","date_gmt":"2015-01-15T04:00:00","guid":{"rendered":"http:\/\/192.81.217.108\/interamerica\/2015\/01\/los-principales-lideres-adventistas-construyen-un-templo-en-la-republica-dominicana\/"},"modified":"2015-01-15T00:00:00","modified_gmt":"2015-01-15T04:00:00","slug":"los-principales-lideres-adventistas-construyen-un-templo-en-la-republica-dominicana","status":"publish","type":"post","link":"https:\/\/interamerica.org\/es\/2015\/01\/los-principales-lideres-adventistas-construyen-un-templo-en-la-republica-dominicana\/","title":{"rendered":"Los principales l\u00edderes adventistas construyen un templo en la Rep\u00fablica Dominicana"},"content":{"rendered":"<div id=\"attachment_14782\" style=\"width: 610px\" class=\"wp-caption aligncenter\"><a href=\"\/interamerica\/wp-content\/uploads\/2017\/06\/MVI-churchDR600.png\" rel=\"fancybox\" title=\"Los principales l\u00edderes adventistas construyen un templo en la Rep\u00fablica Dominicana\"><img fetchpriority=\"high\" decoding=\"async\" aria-describedby=\"caption-attachment-14782\" class=\"size-full wp-image-14782\" src=\"\/interamerica\/wp-content\/uploads\/2017\/06\/MVI-churchDR600.png\" alt=\"\" width=\"600\" height=\"350\" \/><\/a><p id=\"caption-attachment-14782\" class=\"wp-caption-text\">Los principales l\u00edderes de la Iglesia Adventista levantaron una clase de Escuela Sab\u00e1tica junto a la nueva iglesia adventista de Villa Caoba, en La Romana, Rep\u00fablica Dominicana, el pasado 14 de enero de 2015. Im\u00e1genes de Libna Stevens\/DIA<\/p><\/div>\n<p>14 de enero de 2015 | La Romana, Rep\u00fablica Dominicana | Libna Stevens y personal de Adventist Review<\/p>\n<p>Los 29 principales l\u00edderes de la Iglesia Adventista cambiaron sus computadoras port\u00e1tiles y tel\u00e9fonos celulares por pinceles y palas este mi\u00e9rcoles, dado que ayudaron a construir un templo &#8211;algunos por primera vez&#8211; en la naci\u00f3n caribe\u00f1a de la Rep\u00fablica Dominicana.<\/p>\n<div id=\"attachment_14783\" style=\"width: 310px\" class=\"wp-caption alignright\"><a href=\"\/interamerica\/wp-content\/uploads\/2017\/06\/VillaCaobaOLDchurch.png\" rel=\"fancybox\" title=\"Los principales l\u00edderes adventistas construyen un templo en la Rep\u00fablica Dominicana\"><img decoding=\"async\" aria-describedby=\"caption-attachment-14783\" class=\"size-full wp-image-14783\" src=\"\/interamerica\/wp-content\/uploads\/2017\/06\/VillaCaobaOLDchurch.png\" alt=\"\" width=\"300\" height=\"190\" \/><\/a><p id=\"caption-attachment-14783\" class=\"wp-caption-text\">El edificio donde los cuarenta miembros de iglesia hab\u00edan estado reuni\u00e9ndose durante m\u00e1s de un a\u00f1o.<\/p><\/div>\n<p>Ted N.C. Wilson, presidente de la Asociaci\u00f3n General de la Iglesia Adventista, estuvo al frente del grupo de presidentes de divisi\u00f3n, vicepresidentes generales y otros importantes administradores de la iglesia que se tomaron un descanso de toda una semana de reuniones para colaborar con el proyecto en el pueblo de La Romana.<\/p>\n<p>\u201cQu\u00e9 privilegio es tomarse un descanso de los deberes administrativos para hacer algo pr\u00e1ctico\u00bb, dijo Wilson durante el culto de la ma\u00f1ana en el hotel donde se aloja el grupo. \u00abEs un trabajo de multiplicaci\u00f3n: expandir la iglesia\u00bb.<\/p>\n<p>Los principales l\u00edderes se re\u00fanen al comienzo de cada a\u00f1o para las reuniones de planificaci\u00f3n denominadas PREXAD (Consejo Consultivo Ejecutivo del Presidente), pero este a\u00f1o, Wilson tambi\u00e9n anim\u00f3 a los l\u00edderes para que construyan una iglesia. Los presidentes de divisi\u00f3n se unir\u00e1n a los directivos de las oficinas de Silver Spring, Maryland, Estados Unidos, para analizar las iniciativas establecidas en los \u00faltimos cuatro a\u00f1os, examinar la pr\u00f3xima agenda del Congreso de la Asociaci\u00f3n General, y participar de la planificaci\u00f3n estrat\u00e9gica para el pr\u00f3ximo quinquenio, dijo Orville Parchment, asistente del presidente de la Asociaci\u00f3n General.<\/p>\n<p>Antes del encuentro, la Asociaci\u00f3n General se contact\u00f3 con Maranatha Volunteers International, una organizaci\u00f3n afiliada a la Iglesia Adventista que es conocida por sus proyectos de construcci\u00f3n de \u00abIglesia de un d\u00eda\u00bb y, en \u00faltimo t\u00e9rmino, escogieron la iglesia adventista de Villa Caoba, en La Romana.<\/p>\n<div id=\"attachment_14784\" style=\"width: 310px\" class=\"wp-caption alignleft\"><a href=\"\/interamerica\/wp-content\/uploads\/2017\/06\/WilsonRoof.png\" rel=\"fancybox\" title=\"Los principales l\u00edderes adventistas construyen un templo en la Rep\u00fablica Dominicana\"><img decoding=\"async\" aria-describedby=\"caption-attachment-14784\" class=\"size-full wp-image-14784\" src=\"\/interamerica\/wp-content\/uploads\/2017\/06\/WilsonRoof.png\" alt=\"\" width=\"300\" height=\"172\" \/><\/a><p id=\"caption-attachment-14784\" class=\"wp-caption-text\">Ted N.C. Wilson, presidente de la Iglesia Adventista mundial (al centro), trabaja con voluntarios en el techo de la nueva iglesia.<\/p><\/div>\n<p>El nuevo edificio, que significa una inversi\u00f3n de 15 mil d\u00f3lares, brindar\u00e1 a cuarenta miembros locales con un lugar de adoraci\u00f3n. La estructura es m\u00e1s que el t\u00edpico proyecto de \u00abIglesias de un d\u00eda\u00bb, y cuenta con ba\u00f1os para hombres y para mujeres y una fuente de agua fresca que ofrecer\u00e1 agua potable a esa comunidad de doce mil personas.<\/p>\n<p>La asociaci\u00f3n local de la iglesia contribuy\u00f3 con la tierra y el dinero para el proyecto.<\/p>\n<p>Los adventistas locales se re\u00fanen ahora en un humilde edificio de l\u00e1minas de zinc como techo y paredes, ocho bancos semidestruidos, y un piso de tierra que se llena de barro cuando llueve. Los ni\u00f1os se re\u00fanen para la Escuela Sab\u00e1tica bajo un \u00e1rbol detr\u00e1s de la iglesia.<\/p>\n<p>El mi\u00e9rcoles, los l\u00edderes de la iglesia pintaron los dos ba\u00f1os de la nueva iglesia, colocaron muros de ladrillos, y pusieron el techo sobre la estructura del edificio. Tambi\u00e9n levantaron una estructura de \u00abIglesias de un d\u00eda\u00bb donde se llevar\u00e1n a cabo las Escuelas Sab\u00e1ticas junto al edificio principal.<\/p>\n<p>Asimismo, los l\u00edderes ofrecieron una oraci\u00f3n de dedicaci\u00f3n para una fuente de sesenta metros de profundidad que puede bombear 83 litros de agua por hora.<\/p>\n<p>Los residentes locales dependen en el presente de un cami\u00f3n que pasa por el vecindario todos los d\u00edas para distribuir agua. La comunidad ahora podr\u00e1 recoger agua durante horas espec\u00edficas all\u00ed en la iglesia.<\/p>\n<div id=\"attachment_14785\" style=\"width: 310px\" class=\"wp-caption alignright\"><a href=\"\/interamerica\/wp-content\/uploads\/2017\/06\/Finley-MVIpainting.png\" rel=\"fancybox\" title=\"Los principales l\u00edderes adventistas construyen un templo en la Rep\u00fablica Dominicana\"><img loading=\"lazy\" decoding=\"async\" aria-describedby=\"caption-attachment-14785\" class=\"size-full wp-image-14785\" src=\"\/interamerica\/wp-content\/uploads\/2017\/06\/Finley-MVIpainting.png\" alt=\"\" width=\"300\" height=\"198\" \/><\/a><p id=\"caption-attachment-14785\" class=\"wp-caption-text\">El evangelista Mark Finley da los \u00faltimos toques a la pared de un ba\u00f1o en la nueva iglesia adventista de Villa Caoba, en La Romana.<\/p><\/div>\n<p>Don Noble, presidente de Maranatha y quien tiene una larga historia de coordinar proyectos en la Rep\u00fablica Dominicana, dio la bienvenida a los l\u00edderes de la iglesia en el lugar de la construcci\u00f3n y enfatiz\u00f3 la importancia del trabajo voluntario. Dijo que Maranatha necesita desesperadamente m\u00e1s voluntarios y un atraso de 180 mil pedidos de iglesias y otros edificios en diversos lugares del mundo.<\/p>\n<p>\u00abUstedes son el mejor grupo de voluntarios que alguna vez hemos tenido\u00bb, dijo Noble a los l\u00edderes.<\/p>\n<p>\u00abEstoy seguro que le dice eso mismo a todos los grupos\u00bb, alguien le contest\u00f3 entre las risas de todos los presentes.<\/p>\n<p>El evangelista Mark Finley se ofreci\u00f3 para pintar las paredes del ba\u00f1o, y fue acompa\u00f1ado por los vicepresidentes Ella Simmons y Armando Miranda.<\/p>\n<p>Finley, que acaba de terminar una campa\u00f1a de evangelizaci\u00f3n de cinco d\u00edas que resultar\u00e1 en tres mil bautismos el pr\u00f3ximo 17 de enero, el \u00faltimo d\u00eda del encuentro de la PREXAD, dijo mientras trabajaba este mi\u00e9rcoles pensaba en dos cosas: en pintar correctamente y en alabar a Dios por la oportunidad de servirlo.<\/p>\n<p>\u00abEs maravilloso sentir el aire internacional de todos nosotros en este lugar, de trabajar juntos para que la iglesia crezca\u00bb, dijo Finley.<\/p>\n<div id=\"attachment_14789\" style=\"width: 310px\" class=\"wp-caption alignleft\"><a href=\"\/interamerica\/wp-content\/uploads\/2017\/06\/WilsonRuguri.png\" rel=\"fancybox\" title=\"Los principales l\u00edderes adventistas construyen un templo en la Rep\u00fablica Dominicana\"><img loading=\"lazy\" decoding=\"async\" aria-describedby=\"caption-attachment-14789\" class=\"size-full wp-image-14789\" src=\"\/interamerica\/wp-content\/uploads\/2017\/06\/WilsonRuguri.png\" alt=\"\" width=\"300\" height=\"193\" \/><\/a><p id=\"caption-attachment-14789\" class=\"wp-caption-text\">Wilson (al centro), le muestra a Blasious Ruguri (derecha), presidente de la Divisi\u00f3n de \u00c1frica Centro Oriental, c\u00f3mo construir usando un destornillador el\u00e9ctrico. Lowell Cooper, vice presidente de la Asociaci\u00f3n General, se encuentra a la izquierda.<\/p><\/div>\n<p>Simmons, quien est\u00e1 completando su segundo per\u00edodo de cinco a\u00f1os como la primera y \u00fanica vicepresidenta mujer de la Asociaci\u00f3n General, dijo que era la primera vez que participaba en la construcci\u00f3n de una iglesia.<\/p>\n<p>\u00abPor muchos a\u00f1os he querido hacer esto. Es maravilloso\u00bb, dijo.<\/p>\n<p>Simmons dedic\u00f3 tiempo a pintar y entonces anunci\u00f3 que se pasaba a poner cemento en los bloques.<\/p>\n<p>Construir una iglesia con Maranatha fue tambi\u00e9n una primera experiencia para Israel Leito, presidente de la Divisi\u00f3n Interamericana, que incluye a la Rep\u00fablica Dominicana.<\/p>\n<p>\u00abEs un momento sumamente hist\u00f3rico tener a todos los l\u00edderes construyendo un templo para nuestros miembros\u00bb, dijo. \u00abNos sentimos muy felices porque esto les asegura a los miembros que estamos con ellos, y no solo sentados en nuestras oficinas\u00bb.<\/p>\n<div id=\"attachment_14788\" style=\"width: 310px\" class=\"wp-caption alignright\"><a href=\"\/interamerica\/wp-content\/uploads\/2017\/06\/Esteban-Paredes.png\" rel=\"fancybox\" title=\"Los principales l\u00edderes adventistas construyen un templo en la Rep\u00fablica Dominicana\"><img loading=\"lazy\" decoding=\"async\" aria-describedby=\"caption-attachment-14788\" class=\"size-full wp-image-14788\" src=\"\/interamerica\/wp-content\/uploads\/2017\/06\/Esteban-Paredes.png\" alt=\"\" width=\"300\" height=\"200\" \/><\/a><p id=\"caption-attachment-14788\" class=\"wp-caption-text\">Esteban Paredes, pastor de la iglesia de Villa La Caoba, es pura sonrisas al ver que los l\u00edderes de la iglesia ayudaron a construir la congregaci\u00f3n donde ministra.<\/p><\/div>\n<p>Esteban Paredes, pastor de la iglesia adventista de Villa La Caoba, dijo que la nueva iglesia es la m\u00e1s peque\u00f1a de las seis congregaciones que pastorea, pero que la decisi\u00f3n de los l\u00edderes de trabajar en el lugar dej\u00f3 una gran impresi\u00f3n.<\/p>\n<p>\u00abEs un gozo tan grande ver y tener a los l\u00edderes de la Iglesia Adventista de todo el mundo aqu\u00ed codo a codo para construir este templo\u00bb, expres\u00f3. \u00abEs realmente un privilegio\u00bb.<\/p>\n<p>Despu\u00e9s de que seque el cemento y al pintura, un grupo de Maranatha llegar\u00e1 en diez d\u00edas para completar el proyecto.<\/p>\n<p>De regreso en el lugar de la construcci\u00f3n, Wilson, quien antes particip\u00f3 en la construcci\u00f3n de un templo en Zambia, le mostr\u00f3 a Blasious Ruguri, presidente de la Divisi\u00f3n de \u00c1frica Centro Oriental, c\u00f3mo usar un destornillador el\u00e9ctrico para ajustar la estructura de metal del edificio para la Escuela Sab\u00e1tica.<\/p>\n<p>Ruguri se ve\u00eda radiante mientras colocaba los primeros tornillos. \u00ab\u00bfVieron eso? Un minuto de capacitaci\u00f3n y ya est\u00e1 as\u00ed\u00bb, expres\u00f3.<\/p>\n<p>\u00abHizo un buen trabajo\u00bb, le dijo Wilson.<\/p>\n<p>\u00abEsta es una de las cosas que extra\u00f1amos como l\u00edderes, usar nuestras manos para construir algo as\u00ed\u00bb, dijo Ruguri. \u00abEs parte de la misi\u00f3n, y necesitamos hacerlo m\u00e1s a menudo\u00bb.<\/p>\n<div id=\"attachment_14787\" style=\"width: 410px\" class=\"wp-caption alignright\"><a href=\"\/interamerica\/wp-content\/uploads\/2017\/06\/MVI-churchgroup400.png\" rel=\"fancybox\" title=\"Los principales l\u00edderes adventistas construyen un templo en la Rep\u00fablica Dominicana\"><img loading=\"lazy\" decoding=\"async\" aria-describedby=\"caption-attachment-14787\" class=\"size-full wp-image-14787\" src=\"\/interamerica\/wp-content\/uploads\/2017\/06\/MVI-churchgroup400.png\" alt=\"\" width=\"400\" height=\"234\" \/><\/a><p id=\"caption-attachment-14787\" class=\"wp-caption-text\">Los l\u00edderes de la iglesia, sus c\u00f3nyuges y otros voluntarios posan en el lugar de la construcci\u00f3n del templo. Imagen de Tom Lloyd\/Maranatha Volunteers International<\/p><\/div>\n<p>En pocos meses, Maranatha comenzar\u00e1 a construir oficinas de una uni\u00f3n en Kenia y en Ruanda, en su divisi\u00f3n. Ruguri dijo que tambi\u00e9n le pedir\u00e1 a los l\u00edderes de su divisi\u00f3n que se tomen un d\u00eda libre para colaborar con la construcci\u00f3n.<\/p>\n<p>Wilson observ\u00f3 que el proyecto de la iglesia en la Rep\u00fablica Dominicana foment\u00f3 un esp\u00edritu de equipo entre los l\u00edderes, y los ayud\u00f3 a enfocarse en una tarea local orientada en la misi\u00f3n.<\/p>\n<p>\u00abEsto nos da la oportunidad de hacer algo sumamente pr\u00e1ctico en un lugar que puede hacer uso de nuestra ayuda\u00bb, expres\u00f3. \u00abTodos estamos juntos en esta misi\u00f3n\u00bb.<\/p>\n<p>Para mas informaci\u00f3n sobre Maranatha Volunteers International, visite <a href=\"https:\/\/maranatha.org\/\">maranatha.org<\/a><\/p>\n<p>Para ver fotograf\u00edas de esta actividad, visite <a href=\"https:\/\/www.flickr.com\/photos\/interamerica\/16293259271\/\">AQUI<\/a><\/p>\n<p><em>Traducci\u00f3n de Marcos Paseggi<\/em><\/p>\n","protected":false},"excerpt":{"rendered":"<p>Los 29 principales l\u00edderes de la Iglesia Adventista cambiaron sus computadoras port\u00e1tiles y tel\u00e9fonos celulares por pinceles y palas este mi\u00e9rcoles, dado que ayudaron a construir un templo &#8211;algunos por primera vez&#8211; en la naci\u00f3n caribe\u00f1a de la Rep\u00fablica Dominicana. <\/p>\n<p>Pastor Ted N.C. Wilson, presidente de la Asociaci\u00f3n General de la Iglesia Adventista, estuvo al frente del grupo de presidentes de divisi\u00f3n, vicepresidentes generales y otros importantes administradores de la iglesia que se tomaron un descanso de toda una semana de reuniones para colaborar con el proyecto en el pueblo de La Romana.<\/p>\n","protected":false},"author":1,"featured_media":24225,"comment_status":"closed","ping_status":"closed","sticky":false,"template":"","format":"standard","meta":{"_acf_changed":false,"footnotes":""},"categories":[17,15],"tags":[],"class_list":["post-30703","post","type-post","status-publish","format-standard","has-post-thumbnail","hentry","category-desde-el-campo","category-rss-espanol"],"acf":[],"yoast_head":"<!-- This site is optimized with the Yoast SEO plugin v27.3 - https:\/\/yoast.com\/product\/yoast-seo-wordpress\/ -->\n<title>Los principales l\u00edderes adventistas construyen un templo en la Rep\u00fablica Dominicana - Iglesia Adventista del S\u00e9ptimo D\u00eda - Divisi\u00f3n Interamericana<\/title>\n<meta name=\"robots\" content=\"index, follow, max-snippet:-1, max-image-preview:large, max-video-preview:-1\" \/>\n<link rel=\"canonical\" href=\"https:\/\/interamerica.org\/es\/2015\/01\/los-principales-lideres-adventistas-construyen-un-templo-en-la-republica-dominicana\/\" \/>\n<meta property=\"og:locale\" content=\"es_ES\" \/>\n<meta property=\"og:type\" content=\"article\" \/>\n<meta property=\"og:title\" content=\"Los principales l\u00edderes adventistas construyen un templo en la Rep\u00fablica Dominicana - Iglesia Adventista del S\u00e9ptimo D\u00eda - Divisi\u00f3n Interamericana\" \/>\n<meta property=\"og:description\" content=\"Los 29 principales l\u00edderes de la Iglesia Adventista cambiaron sus computadoras port\u00e1tiles y tel\u00e9fonos celulares por pinceles y palas este mi\u00e9rcoles, dado que ayudaron a construir un templo --algunos por primera vez-- en la naci\u00f3n caribe\u00f1a de la Rep\u00fablica Dominicana.  Pastor Ted N.C. Wilson, presidente de la Asociaci\u00f3n General de la Iglesia Adventista, estuvo al frente del grupo de presidentes de divisi\u00f3n, vicepresidentes generales y otros importantes administradores de la iglesia que se tomaron un descanso de toda una semana de reuniones para colaborar con el proyecto en el pueblo de La Romana.\" \/>\n<meta property=\"og:url\" content=\"https:\/\/interamerica.org\/es\/2015\/01\/los-principales-lideres-adventistas-construyen-un-templo-en-la-republica-dominicana\/\" \/>\n<meta property=\"og:site_name\" content=\"Iglesia Adventista del S\u00e9ptimo D\u00eda - Divisi\u00f3n Interamericana\" \/>\n<meta property=\"article:published_time\" content=\"2015-01-15T04:00:00+00:00\" \/>\n<meta property=\"og:image\" content=\"https:\/\/interamerica.org\/wp-content\/uploads\/2017\/06\/MVI-churchDR600.png\" \/>\n\t<meta property=\"og:image:width\" content=\"600\" \/>\n\t<meta property=\"og:image:height\" content=\"350\" \/>\n\t<meta property=\"og:image:type\" content=\"image\/png\" \/>\n<meta name=\"author\" content=\"Lorenzo Verduzco\" \/>\n<meta name=\"twitter:card\" content=\"summary_large_image\" \/>\n<meta name=\"twitter:label1\" content=\"Escrito por\" \/>\n\t<meta name=\"twitter:data1\" content=\"Lorenzo Verduzco\" \/>\n\t<meta name=\"twitter:label2\" content=\"Tiempo de lectura\" \/>\n\t<meta name=\"twitter:data2\" content=\"8 minutos\" \/>\n<script type=\"application\/ld+json\" class=\"yoast-schema-graph\">{\"@context\":\"https:\\\/\\\/schema.org\",\"@graph\":[{\"@type\":\"Article\",\"@id\":\"https:\\\/\\\/interamerica.org\\\/es\\\/2015\\\/01\\\/los-principales-lideres-adventistas-construyen-un-templo-en-la-republica-dominicana\\\/#article\",\"isPartOf\":{\"@id\":\"https:\\\/\\\/interamerica.org\\\/es\\\/2015\\\/01\\\/los-principales-lideres-adventistas-construyen-un-templo-en-la-republica-dominicana\\\/\"},\"author\":{\"name\":\"Lorenzo Verduzco\",\"@id\":\"https:\\\/\\\/interamerica.org\\\/es\\\/#\\\/schema\\\/person\\\/68ede8bdc292885bb76c1e3810e73c39\"},\"headline\":\"Los principales l\u00edderes adventistas construyen un templo en la Rep\u00fablica Dominicana\",\"datePublished\":\"2015-01-15T04:00:00+00:00\",\"mainEntityOfPage\":{\"@id\":\"https:\\\/\\\/interamerica.org\\\/es\\\/2015\\\/01\\\/los-principales-lideres-adventistas-construyen-un-templo-en-la-republica-dominicana\\\/\"},\"wordCount\":1553,\"image\":{\"@id\":\"https:\\\/\\\/interamerica.org\\\/es\\\/2015\\\/01\\\/los-principales-lideres-adventistas-construyen-un-templo-en-la-republica-dominicana\\\/#primaryimage\"},\"thumbnailUrl\":\"https:\\\/\\\/interamerica.org\\\/wp-content\\\/uploads\\\/2017\\\/06\\\/MVI-churchDR600.png\",\"articleSection\":[\"Desde el campo\",\"RSS Espa\u00f1ol\"],\"inLanguage\":\"es\"},{\"@type\":\"WebPage\",\"@id\":\"https:\\\/\\\/interamerica.org\\\/es\\\/2015\\\/01\\\/los-principales-lideres-adventistas-construyen-un-templo-en-la-republica-dominicana\\\/\",\"url\":\"https:\\\/\\\/interamerica.org\\\/es\\\/2015\\\/01\\\/los-principales-lideres-adventistas-construyen-un-templo-en-la-republica-dominicana\\\/\",\"name\":\"Los principales l\u00edderes adventistas construyen un templo en la Rep\u00fablica Dominicana - Iglesia Adventista del S\u00e9ptimo D\u00eda - Divisi\u00f3n Interamericana\",\"isPartOf\":{\"@id\":\"https:\\\/\\\/interamerica.org\\\/es\\\/#website\"},\"primaryImageOfPage\":{\"@id\":\"https:\\\/\\\/interamerica.org\\\/es\\\/2015\\\/01\\\/los-principales-lideres-adventistas-construyen-un-templo-en-la-republica-dominicana\\\/#primaryimage\"},\"image\":{\"@id\":\"https:\\\/\\\/interamerica.org\\\/es\\\/2015\\\/01\\\/los-principales-lideres-adventistas-construyen-un-templo-en-la-republica-dominicana\\\/#primaryimage\"},\"thumbnailUrl\":\"https:\\\/\\\/interamerica.org\\\/wp-content\\\/uploads\\\/2017\\\/06\\\/MVI-churchDR600.png\",\"datePublished\":\"2015-01-15T04:00:00+00:00\",\"author\":{\"@id\":\"https:\\\/\\\/interamerica.org\\\/es\\\/#\\\/schema\\\/person\\\/68ede8bdc292885bb76c1e3810e73c39\"},\"breadcrumb\":{\"@id\":\"https:\\\/\\\/interamerica.org\\\/es\\\/2015\\\/01\\\/los-principales-lideres-adventistas-construyen-un-templo-en-la-republica-dominicana\\\/#breadcrumb\"},\"inLanguage\":\"es\",\"potentialAction\":[{\"@type\":\"ReadAction\",\"target\":[\"https:\\\/\\\/interamerica.org\\\/es\\\/2015\\\/01\\\/los-principales-lideres-adventistas-construyen-un-templo-en-la-republica-dominicana\\\/\"]}]},{\"@type\":\"ImageObject\",\"inLanguage\":\"es\",\"@id\":\"https:\\\/\\\/interamerica.org\\\/es\\\/2015\\\/01\\\/los-principales-lideres-adventistas-construyen-un-templo-en-la-republica-dominicana\\\/#primaryimage\",\"url\":\"https:\\\/\\\/interamerica.org\\\/wp-content\\\/uploads\\\/2017\\\/06\\\/MVI-churchDR600.png\",\"contentUrl\":\"https:\\\/\\\/interamerica.org\\\/wp-content\\\/uploads\\\/2017\\\/06\\\/MVI-churchDR600.png\",\"width\":600,\"height\":350},{\"@type\":\"BreadcrumbList\",\"@id\":\"https:\\\/\\\/interamerica.org\\\/es\\\/2015\\\/01\\\/los-principales-lideres-adventistas-construyen-un-templo-en-la-republica-dominicana\\\/#breadcrumb\",\"itemListElement\":[{\"@type\":\"ListItem\",\"position\":1,\"name\":\"Home\",\"item\":\"https:\\\/\\\/interamerica.org\\\/es\\\/\"},{\"@type\":\"ListItem\",\"position\":2,\"name\":\"Los principales l\u00edderes adventistas construyen un templo en la Rep\u00fablica Dominicana\"}]},{\"@type\":\"WebSite\",\"@id\":\"https:\\\/\\\/interamerica.org\\\/es\\\/#website\",\"url\":\"https:\\\/\\\/interamerica.org\\\/es\\\/\",\"name\":\"Iglesia Adventista del S\u00e9ptimo D\u00eda - Divisi\u00f3n Interamericana\",\"description\":\"\",\"potentialAction\":[{\"@type\":\"SearchAction\",\"target\":{\"@type\":\"EntryPoint\",\"urlTemplate\":\"https:\\\/\\\/interamerica.org\\\/es\\\/?s={search_term_string}\"},\"query-input\":{\"@type\":\"PropertyValueSpecification\",\"valueRequired\":true,\"valueName\":\"search_term_string\"}}],\"inLanguage\":\"es\"},{\"@type\":\"Person\",\"@id\":\"https:\\\/\\\/interamerica.org\\\/es\\\/#\\\/schema\\\/person\\\/68ede8bdc292885bb76c1e3810e73c39\",\"name\":\"Lorenzo Verduzco\",\"image\":{\"@type\":\"ImageObject\",\"inLanguage\":\"es\",\"@id\":\"https:\\\/\\\/secure.gravatar.com\\\/avatar\\\/fb81a55b6218459490a9c1dc841a34909185b81904c5337b4b27f7a6fd60c49e?s=96&d=mm&r=g\",\"url\":\"https:\\\/\\\/secure.gravatar.com\\\/avatar\\\/fb81a55b6218459490a9c1dc841a34909185b81904c5337b4b27f7a6fd60c49e?s=96&d=mm&r=g\",\"contentUrl\":\"https:\\\/\\\/secure.gravatar.com\\\/avatar\\\/fb81a55b6218459490a9c1dc841a34909185b81904c5337b4b27f7a6fd60c49e?s=96&d=mm&r=g\",\"caption\":\"Lorenzo Verduzco\"}}]}<\/script>\n<!-- \/ Yoast SEO plugin. -->","yoast_head_json":{"title":"Los principales l\u00edderes adventistas construyen un templo en la Rep\u00fablica Dominicana - Iglesia Adventista del S\u00e9ptimo D\u00eda - Divisi\u00f3n Interamericana","robots":{"index":"index","follow":"follow","max-snippet":"max-snippet:-1","max-image-preview":"max-image-preview:large","max-video-preview":"max-video-preview:-1"},"canonical":"https:\/\/interamerica.org\/es\/2015\/01\/los-principales-lideres-adventistas-construyen-un-templo-en-la-republica-dominicana\/","og_locale":"es_ES","og_type":"article","og_title":"Los principales l\u00edderes adventistas construyen un templo en la Rep\u00fablica Dominicana - Iglesia Adventista del S\u00e9ptimo D\u00eda - Divisi\u00f3n Interamericana","og_description":"Los 29 principales l\u00edderes de la Iglesia Adventista cambiaron sus computadoras port\u00e1tiles y tel\u00e9fonos celulares por pinceles y palas este mi\u00e9rcoles, dado que ayudaron a construir un templo --algunos por primera vez-- en la naci\u00f3n caribe\u00f1a de la Rep\u00fablica Dominicana.  Pastor Ted N.C. Wilson, presidente de la Asociaci\u00f3n General de la Iglesia Adventista, estuvo al frente del grupo de presidentes de divisi\u00f3n, vicepresidentes generales y otros importantes administradores de la iglesia que se tomaron un descanso de toda una semana de reuniones para colaborar con el proyecto en el pueblo de La Romana.","og_url":"https:\/\/interamerica.org\/es\/2015\/01\/los-principales-lideres-adventistas-construyen-un-templo-en-la-republica-dominicana\/","og_site_name":"Iglesia Adventista del S\u00e9ptimo D\u00eda - Divisi\u00f3n Interamericana","article_published_time":"2015-01-15T04:00:00+00:00","og_image":[{"width":600,"height":350,"url":"https:\/\/interamerica.org\/wp-content\/uploads\/2017\/06\/MVI-churchDR600.png","type":"image\/png"}],"author":"Lorenzo Verduzco","twitter_card":"summary_large_image","twitter_misc":{"Escrito por":"Lorenzo Verduzco","Tiempo de lectura":"8 minutos"},"schema":{"@context":"https:\/\/schema.org","@graph":[{"@type":"Article","@id":"https:\/\/interamerica.org\/es\/2015\/01\/los-principales-lideres-adventistas-construyen-un-templo-en-la-republica-dominicana\/#article","isPartOf":{"@id":"https:\/\/interamerica.org\/es\/2015\/01\/los-principales-lideres-adventistas-construyen-un-templo-en-la-republica-dominicana\/"},"author":{"name":"Lorenzo Verduzco","@id":"https:\/\/interamerica.org\/es\/#\/schema\/person\/68ede8bdc292885bb76c1e3810e73c39"},"headline":"Los principales l\u00edderes adventistas construyen un templo en la Rep\u00fablica Dominicana","datePublished":"2015-01-15T04:00:00+00:00","mainEntityOfPage":{"@id":"https:\/\/interamerica.org\/es\/2015\/01\/los-principales-lideres-adventistas-construyen-un-templo-en-la-republica-dominicana\/"},"wordCount":1553,"image":{"@id":"https:\/\/interamerica.org\/es\/2015\/01\/los-principales-lideres-adventistas-construyen-un-templo-en-la-republica-dominicana\/#primaryimage"},"thumbnailUrl":"https:\/\/interamerica.org\/wp-content\/uploads\/2017\/06\/MVI-churchDR600.png","articleSection":["Desde el campo","RSS Espa\u00f1ol"],"inLanguage":"es"},{"@type":"WebPage","@id":"https:\/\/interamerica.org\/es\/2015\/01\/los-principales-lideres-adventistas-construyen-un-templo-en-la-republica-dominicana\/","url":"https:\/\/interamerica.org\/es\/2015\/01\/los-principales-lideres-adventistas-construyen-un-templo-en-la-republica-dominicana\/","name":"Los principales l\u00edderes adventistas construyen un templo en la Rep\u00fablica Dominicana - Iglesia Adventista del S\u00e9ptimo D\u00eda - Divisi\u00f3n Interamericana","isPartOf":{"@id":"https:\/\/interamerica.org\/es\/#website"},"primaryImageOfPage":{"@id":"https:\/\/interamerica.org\/es\/2015\/01\/los-principales-lideres-adventistas-construyen-un-templo-en-la-republica-dominicana\/#primaryimage"},"image":{"@id":"https:\/\/interamerica.org\/es\/2015\/01\/los-principales-lideres-adventistas-construyen-un-templo-en-la-republica-dominicana\/#primaryimage"},"thumbnailUrl":"https:\/\/interamerica.org\/wp-content\/uploads\/2017\/06\/MVI-churchDR600.png","datePublished":"2015-01-15T04:00:00+00:00","author":{"@id":"https:\/\/interamerica.org\/es\/#\/schema\/person\/68ede8bdc292885bb76c1e3810e73c39"},"breadcrumb":{"@id":"https:\/\/interamerica.org\/es\/2015\/01\/los-principales-lideres-adventistas-construyen-un-templo-en-la-republica-dominicana\/#breadcrumb"},"inLanguage":"es","potentialAction":[{"@type":"ReadAction","target":["https:\/\/interamerica.org\/es\/2015\/01\/los-principales-lideres-adventistas-construyen-un-templo-en-la-republica-dominicana\/"]}]},{"@type":"ImageObject","inLanguage":"es","@id":"https:\/\/interamerica.org\/es\/2015\/01\/los-principales-lideres-adventistas-construyen-un-templo-en-la-republica-dominicana\/#primaryimage","url":"https:\/\/interamerica.org\/wp-content\/uploads\/2017\/06\/MVI-churchDR600.png","contentUrl":"https:\/\/interamerica.org\/wp-content\/uploads\/2017\/06\/MVI-churchDR600.png","width":600,"height":350},{"@type":"BreadcrumbList","@id":"https:\/\/interamerica.org\/es\/2015\/01\/los-principales-lideres-adventistas-construyen-un-templo-en-la-republica-dominicana\/#breadcrumb","itemListElement":[{"@type":"ListItem","position":1,"name":"Home","item":"https:\/\/interamerica.org\/es\/"},{"@type":"ListItem","position":2,"name":"Los principales l\u00edderes adventistas construyen un templo en la Rep\u00fablica Dominicana"}]},{"@type":"WebSite","@id":"https:\/\/interamerica.org\/es\/#website","url":"https:\/\/interamerica.org\/es\/","name":"Iglesia Adventista del S\u00e9ptimo D\u00eda - Divisi\u00f3n Interamericana","description":"","potentialAction":[{"@type":"SearchAction","target":{"@type":"EntryPoint","urlTemplate":"https:\/\/interamerica.org\/es\/?s={search_term_string}"},"query-input":{"@type":"PropertyValueSpecification","valueRequired":true,"valueName":"search_term_string"}}],"inLanguage":"es"},{"@type":"Person","@id":"https:\/\/interamerica.org\/es\/#\/schema\/person\/68ede8bdc292885bb76c1e3810e73c39","name":"Lorenzo Verduzco","image":{"@type":"ImageObject","inLanguage":"es","@id":"https:\/\/secure.gravatar.com\/avatar\/fb81a55b6218459490a9c1dc841a34909185b81904c5337b4b27f7a6fd60c49e?s=96&d=mm&r=g","url":"https:\/\/secure.gravatar.com\/avatar\/fb81a55b6218459490a9c1dc841a34909185b81904c5337b4b27f7a6fd60c49e?s=96&d=mm&r=g","contentUrl":"https:\/\/secure.gravatar.com\/avatar\/fb81a55b6218459490a9c1dc841a34909185b81904c5337b4b27f7a6fd60c49e?s=96&d=mm&r=g","caption":"Lorenzo Verduzco"}}]}},"_links":{"self":[{"href":"https:\/\/interamerica.org\/es\/wp-json\/wp\/v2\/posts\/30703","targetHints":{"allow":["GET"]}}],"collection":[{"href":"https:\/\/interamerica.org\/es\/wp-json\/wp\/v2\/posts"}],"about":[{"href":"https:\/\/interamerica.org\/es\/wp-json\/wp\/v2\/types\/post"}],"author":[{"embeddable":true,"href":"https:\/\/interamerica.org\/es\/wp-json\/wp\/v2\/users\/1"}],"replies":[{"embeddable":true,"href":"https:\/\/interamerica.org\/es\/wp-json\/wp\/v2\/comments?post=30703"}],"version-history":[{"count":0,"href":"https:\/\/interamerica.org\/es\/wp-json\/wp\/v2\/posts\/30703\/revisions"}],"wp:featuredmedia":[{"embeddable":true,"href":"https:\/\/interamerica.org\/es\/wp-json\/wp\/v2\/media\/24225"}],"wp:attachment":[{"href":"https:\/\/interamerica.org\/es\/wp-json\/wp\/v2\/media?parent=30703"}],"wp:term":[{"taxonomy":"category","embeddable":true,"href":"https:\/\/interamerica.org\/es\/wp-json\/wp\/v2\/categories?post=30703"},{"taxonomy":"post_tag","embeddable":true,"href":"https:\/\/interamerica.org\/es\/wp-json\/wp\/v2\/tags?post=30703"}],"curies":[{"name":"wp","href":"https:\/\/api.w.org\/{rel}","templated":true}]}}