{"id":30704,"date":"2015-01-16T00:00:00","date_gmt":"2015-01-16T04:00:00","guid":{"rendered":"http:\/\/192.81.217.108\/interamerica\/2015\/01\/en-republica-dominicana-una-calle-recibe-el-nombre-de-elena-g-de-white\/"},"modified":"2015-01-16T00:00:00","modified_gmt":"2015-01-16T04:00:00","slug":"en-republica-dominicana-una-calle-recibe-el-nombre-de-elena-g-de-white","status":"publish","type":"post","link":"https:\/\/interamerica.org\/es\/2015\/01\/en-republica-dominicana-una-calle-recibe-el-nombre-de-elena-g-de-white\/","title":{"rendered":"En Rep\u00fablica Dominicana, una calle recibe el nombre de Elena G. de White"},"content":{"rendered":"<div id=\"attachment_14812\" style=\"width: 610px\" class=\"wp-caption aligncenter\"><a href=\"\/interamerica\/wp-content\/uploads\/2017\/06\/EGWstreet-unveil.png\" rel=\"fancybox\" title=\"En Rep\u00fablica Dominicana, una calle recibe el nombre de Elena G. de White\"><img fetchpriority=\"high\" decoding=\"async\" aria-describedby=\"caption-attachment-14812\" class=\"size-full wp-image-14812\" src=\"\/interamerica\/wp-content\/uploads\/2017\/06\/EGWstreet-unveil.png\" alt=\"\" width=\"600\" height=\"433\" \/><\/a><p id=\"caption-attachment-14812\" class=\"wp-caption-text\">Ted N. C. Wilson, presidente de la Iglesia Adventista mundial, descubre el nuevo cartel, cambiando oficialmente el nombre de Calle S\u00e9ptima de La Romana, Rep\u00fablica Dominicana, a calle Elena G. de White este 15 de enero de 2015. Im\u00e1genes de Libna Stevens\/DIA<\/p><\/div>\n<p>16 de enero de 2015 | La Romana, Rep\u00fablica Dominicana | Libna Stevens\/DIA\/ANN<\/p>\n<p>La ciudad de La Romana, en el sudeste de la Rep\u00fablica Dominicana, declar\u00f3 ayer que rebautizar\u00e1 una de sus calles con el nombre Elena G. de White, una de las fundadoras de la Iglesia Adventista del S\u00e9ptimo D\u00eda.<\/p>\n<div id=\"attachment_14809\" style=\"width: 410px\" class=\"wp-caption alignleft\"><a href=\"\/interamerica\/wp-content\/uploads\/2017\/06\/WilsonLaRomana.png\" rel=\"fancybox\" title=\"En Rep\u00fablica Dominicana, una calle recibe el nombre de Elena G. de White\"><img decoding=\"async\" aria-describedby=\"caption-attachment-14809\" class=\"size-full wp-image-14809 \" src=\"\/interamerica\/wp-content\/uploads\/2017\/06\/WilsonLaRomana.png\" alt=\"\" width=\"400\" height=\"266\" \/><\/a><p id=\"caption-attachment-14809\" class=\"wp-caption-text\">Maritza Suero, alcaldesa de La Romana, posa con el presidente adventista Ted N.C. Wilson, despu\u00e9s de declararlo visita distinguida de la ciudad.<\/p><\/div>\n<p>El anuncio se produjo durante una ceremonia especial llevada a cabo en el edificio municipal de La Romana. All\u00ed presentes estuvieron la alcaldesa Maritza Suero, funcionarios de la ciudad y Ted N.C. Wilson, presidente de la Iglesia Adventista.<\/p>\n<p>\u00abNo alcanzan las palabras para saludar a personalidades tan distinguidas del mundo cristiano hoy aqu\u00ed en esta ciudad de La Romana, que hemos declarado como la ciudad de Dios\u00bb, dijo Suero, al dar la bienvenida a los principales l\u00edderes adventistas en el mundo, los l\u00edderes de la localidad y miembros de iglesia.<\/p>\n<p>\u00abEs una gran alegr\u00eda reconocer a Ted Wilson como visita distinguida porque sabemos que es un hombre que ha seguido en las pisadas de Cristo de llevar la bondad de la salvaci\u00f3n a un mundo que necesita mucho a Dios\u00bb, a\u00f1adi\u00f3 Suero, quien supervisa un distrito municipal de m\u00e1s de 127 mil personas.<\/p>\n<p>Wilson agradeci\u00f3 a los l\u00edderes del municipio por el gesto, sus esfuerzos en promover la libertad religiosa y los esfuerzos por conmemorar la obra de Elena G. White al bautizar una calle con su nombre.<\/p>\n<div id=\"attachment_14808\" style=\"width: 310px\" class=\"wp-caption alignright\"><a href=\"\/interamerica\/wp-content\/uploads\/2017\/06\/WanchyMedina.png\" rel=\"fancybox\" title=\"En Rep\u00fablica Dominicana, una calle recibe el nombre de Elena G. de White\"><img decoding=\"async\" aria-describedby=\"caption-attachment-14808\" class=\"size-full wp-image-14808\" src=\"\/interamerica\/wp-content\/uploads\/2017\/06\/WanchyMedina.png\" alt=\"\" width=\"300\" height=\"235\" \/><\/a><p id=\"caption-attachment-14808\" class=\"wp-caption-text\">El concejal Wanchy Medina lee la ordenanza municipal por la cual se bautiza una nueva calle con el nombre de Elena G. de White.<\/p><\/div>\n<p>\u00abEsto nos recuerda nuestra historia y la manera en que Dios ha guiado a la Iglesia Adventista\u00bb, dijo Wilson al agradecer a la alcaldesa en nombre de los l\u00edderes de la iglesia mundial. Wilson y otros l\u00edderes de la iglesia se encuentran en la regi\u00f3n esa semana para asistir a las reuniones de planificaci\u00f3n del Consejo Consultivo Ejecutivo del Presidente, que se realizan cada comienzo de a\u00f1o.<\/p>\n<p>\u00abCreemos que Elena G. White recibi\u00f3 visiones de Dios no para que fuera honrada ella misma sino para llevar a las personas hacia la Biblia y el Dios del cielo\u00bb, a\u00f1adi\u00f3 Wilson. \u00abSus escritos sobre salud, familia, la obra de publicaciones, las relaciones con otras personas, temas religiosos, estudios b\u00edblicos y educaci\u00f3n son instrucciones para nosotros. Por eso los adventistas respetamos las leyes, porque creemos en seguir los consejos del cielo\u00bb.<\/p>\n<div id=\"attachment_14810\" style=\"width: 410px\" class=\"wp-caption alignleft\"><a href=\"\/interamerica\/wp-content\/uploads\/2017\/06\/Leito-LaRomana.png\" rel=\"fancybox\" title=\"En Rep\u00fablica Dominicana, una calle recibe el nombre de Elena G. de White\"><img loading=\"lazy\" decoding=\"async\" aria-describedby=\"caption-attachment-14810\" class=\"size-full wp-image-14810\" src=\"\/interamerica\/wp-content\/uploads\/2017\/06\/Leito-LaRomana.png\" alt=\"\" width=\"400\" height=\"277\" \/><\/a><p id=\"caption-attachment-14810\" class=\"wp-caption-text\">Israel Leito, presidente de la Divisi\u00f3n Interamericana (segundo desde la derecha), agradece a los funcionarios de la alcaldesa Suero por sostener leyes de libertad religiosa, y le garantiz\u00f3 que en los miembros de la Iglesia Adventista hallar\u00e1 los mejores ciudadanos.<\/p><\/div>\n<p>Conocida antes como la Calle S\u00e9ptima, la calle Elena G. de White se encuentra en la comunidad de Villa Alacr\u00e1n, y conecta dos comunidades vecinas. El concejal distrital Wanchy Medina recibi\u00f3 el cr\u00e9dito por la idea de rebautizar la calle.<\/p>\n<p>Medina, que creci\u00f3 en la Iglesia Adventista, se sinti\u00f3 inspirado a reconocer a Elena G. White porque ella fue una autoridad que efectu\u00f3 una contribuci\u00f3n significativa al mundo en salud y en muchos temas diferentes, dijo. La calle se encuentra a una cuadra de la iglesia adventista La Fe de Villa Alacr\u00e1n, una congregaci\u00f3n de sesenta miembros.<\/p>\n<p>G. T. Ng, secretario de la Iglesia Adventista mundial y presidente de la Junta de Fideicomisarios del Patrimonio White, dijo que es la primera vez que se nombra una calle con ese nombre. \u00abEsto se produce en el cent\u00e9simo aniversario de la muerte de la Sra. White\u00bb, destac\u00f3.<\/p>\n<p>Israel Leito, presidente de la Iglesia Adventista en Interam\u00e9rica, agradeci\u00f3 a la alcaldesa Suero y sus concejales por sostener leyes de libertad religiosa, y le asegur\u00f3 que en los miembros de la Iglesia Adventista hallar\u00e1 los mejores ciudadanos.<\/p>\n<p>\u00abAunque usted tiene los mejores ciudadanos en la ciudad, hallar\u00e1 que nuestros miembros respetan las leyes y aman la paz, respetan el gobierno y son personas en los que puede confiar para toda buena obra\u00bb, dijo Leito. \u00abEstamos aqu\u00ed para servirle\u00bb.<\/p>\n<div id=\"attachment_14811\" style=\"width: 310px\" class=\"wp-caption alignleft\"><a href=\"\/interamerica\/wp-content\/uploads\/2017\/06\/CesarioAcevedo-LaROmana.png\" rel=\"fancybox\" title=\"En Rep\u00fablica Dominicana, una calle recibe el nombre de Elena G. de White\"><img loading=\"lazy\" decoding=\"async\" aria-describedby=\"caption-attachment-14811\" class=\"size-full wp-image-14811\" src=\"\/interamerica\/wp-content\/uploads\/2017\/06\/CesarioAcevedo-LaROmana.png\" alt=\"\" width=\"300\" height=\"218\" \/><\/a><p id=\"caption-attachment-14811\" class=\"wp-caption-text\">El pastor Cesario Acevedo, presidente de la Iglesia Adventista en la Rep\u00fablica Dominicana, entrega una placa a la alcaldesa Suero, en nombre de los trescientos mil miembros de la Iglesia Adventista en la isla.<\/p><\/div>\n<p>Hacia el final de la ceremonia, el presidente del Concejo Municipal efectu\u00f3 un anuncio sorpresa de que la ciudad donar\u00e1 un terreno en la zona oeste para que sea usado para construir una iglesia. La propiedad de 500 metros cuadrados, que tiene un valor superior a los cien mil d\u00f3lares, se encuentra en una zona de clase media alta. El anuncio fue recibido con un entusiasta aplauso, dado que a\u00fan no hay presencia adventista en el lugar, seg\u00fan los l\u00edderes de la iglesia local.<\/p>\n<p>Cesario Acevedo, presidente de la Iglesia Adventista en la Rep\u00fablica Dominicana, entreg\u00f3 una placa a la alcaldesa Suero en nombre de la iglesia, y entreg\u00f3 un juego de libros de Elena G. White a ella y a todo su gabinete.<\/p>\n<p>\u00abEste evento significa tanto para nuestros miembros aqu\u00ed en la Rep\u00fablica Dominicana\u00bb, dijo Acevedo. \u00abNuestros feligreses respetan y aprecian grandemente el ministerio de Elena G. White. Los miembros siguen benefici\u00e1ndose de sus ense\u00f1anzas, y esta calle nos recordar\u00e1 los tesoros que se hallan en sus escritos\u00bb.<\/p>\n<p>Si desea ver fotograf\u00edas del evento, presione <a href=\"https:\/\/www.flickr.com\/photos\/interamerica\/16294569192\/\">AQU\u00cd<\/a>.<\/p>\n<p><em>Traducci\u00f3n de Marcos Paseggi<\/em><\/p>\n","protected":false},"excerpt":{"rendered":"<p>La ciudad de La Romana, en el sudeste de la Rep\u00fablica Dominicana, declar\u00f3 ayer que rebautizar\u00e1 una de sus calles con el nombre Elena G. de White, una de las fundadoras de la Iglesia Adventista del S\u00e9ptimo D\u00eda. El anuncio se produjo durante una ceremonia especial llevada a cabo en el edificio municipal de La Romana. <\/p>\n<p>All\u00ed presentes estuvieron la alcaldesa Maritza Suero, funcionarios de la ciudad y Ted N.C. Wilson, presidente de la Iglesia Adventista.<\/p>\n","protected":false},"author":1,"featured_media":24250,"comment_status":"closed","ping_status":"closed","sticky":false,"template":"","format":"standard","meta":{"_acf_changed":false,"footnotes":""},"categories":[17,15],"tags":[],"class_list":["post-30704","post","type-post","status-publish","format-standard","has-post-thumbnail","hentry","category-desde-el-campo","category-rss-espanol"],"acf":[],"yoast_head":"<!-- This site is optimized with the Yoast SEO plugin v27.3 - https:\/\/yoast.com\/product\/yoast-seo-wordpress\/ -->\n<title>En Rep\u00fablica Dominicana, una calle recibe el nombre de Elena G. de White - Iglesia Adventista del S\u00e9ptimo D\u00eda - Divisi\u00f3n Interamericana<\/title>\n<meta name=\"robots\" content=\"index, follow, max-snippet:-1, max-image-preview:large, max-video-preview:-1\" \/>\n<link rel=\"canonical\" href=\"https:\/\/interamerica.org\/es\/2015\/01\/en-republica-dominicana-una-calle-recibe-el-nombre-de-elena-g-de-white\/\" \/>\n<meta property=\"og:locale\" content=\"es_ES\" \/>\n<meta property=\"og:type\" content=\"article\" \/>\n<meta property=\"og:title\" content=\"En Rep\u00fablica Dominicana, una calle recibe el nombre de Elena G. de White - Iglesia Adventista del S\u00e9ptimo D\u00eda - Divisi\u00f3n Interamericana\" \/>\n<meta property=\"og:description\" content=\"La ciudad de La Romana, en el sudeste de la Rep\u00fablica Dominicana, declar\u00f3 ayer que rebautizar\u00e1 una de sus calles con el nombre Elena G. de White, una de las fundadoras de la Iglesia Adventista del S\u00e9ptimo D\u00eda. El anuncio se produjo durante una ceremonia especial llevada a cabo en el edificio municipal de La Romana.  All\u00ed presentes estuvieron la alcaldesa Maritza Suero, funcionarios de la ciudad y Ted N.C. Wilson, presidente de la Iglesia Adventista.\" \/>\n<meta property=\"og:url\" content=\"https:\/\/interamerica.org\/es\/2015\/01\/en-republica-dominicana-una-calle-recibe-el-nombre-de-elena-g-de-white\/\" \/>\n<meta property=\"og:site_name\" content=\"Iglesia Adventista del S\u00e9ptimo D\u00eda - Divisi\u00f3n Interamericana\" \/>\n<meta property=\"article:published_time\" content=\"2015-01-16T04:00:00+00:00\" \/>\n<meta property=\"og:image\" content=\"https:\/\/interamerica.org\/wp-content\/uploads\/2017\/06\/EGWstreet-unveil.png\" \/>\n\t<meta property=\"og:image:width\" content=\"600\" \/>\n\t<meta property=\"og:image:height\" content=\"433\" \/>\n\t<meta property=\"og:image:type\" content=\"image\/png\" \/>\n<meta name=\"author\" content=\"Lorenzo Verduzco\" \/>\n<meta name=\"twitter:card\" content=\"summary_large_image\" \/>\n<meta name=\"twitter:label1\" content=\"Escrito por\" \/>\n\t<meta name=\"twitter:data1\" content=\"Lorenzo Verduzco\" \/>\n\t<meta name=\"twitter:label2\" content=\"Tiempo de lectura\" \/>\n\t<meta name=\"twitter:data2\" content=\"5 minutos\" \/>\n<script type=\"application\/ld+json\" class=\"yoast-schema-graph\">{\"@context\":\"https:\\\/\\\/schema.org\",\"@graph\":[{\"@type\":\"Article\",\"@id\":\"https:\\\/\\\/interamerica.org\\\/es\\\/2015\\\/01\\\/en-republica-dominicana-una-calle-recibe-el-nombre-de-elena-g-de-white\\\/#article\",\"isPartOf\":{\"@id\":\"https:\\\/\\\/interamerica.org\\\/es\\\/2015\\\/01\\\/en-republica-dominicana-una-calle-recibe-el-nombre-de-elena-g-de-white\\\/\"},\"author\":{\"name\":\"Lorenzo Verduzco\",\"@id\":\"https:\\\/\\\/interamerica.org\\\/es\\\/#\\\/schema\\\/person\\\/68ede8bdc292885bb76c1e3810e73c39\"},\"headline\":\"En Rep\u00fablica Dominicana, una calle recibe el nombre de Elena G. de White\",\"datePublished\":\"2015-01-16T04:00:00+00:00\",\"mainEntityOfPage\":{\"@id\":\"https:\\\/\\\/interamerica.org\\\/es\\\/2015\\\/01\\\/en-republica-dominicana-una-calle-recibe-el-nombre-de-elena-g-de-white\\\/\"},\"wordCount\":1024,\"image\":{\"@id\":\"https:\\\/\\\/interamerica.org\\\/es\\\/2015\\\/01\\\/en-republica-dominicana-una-calle-recibe-el-nombre-de-elena-g-de-white\\\/#primaryimage\"},\"thumbnailUrl\":\"https:\\\/\\\/interamerica.org\\\/wp-content\\\/uploads\\\/2017\\\/06\\\/EGWstreet-unveil.png\",\"articleSection\":[\"Desde el campo\",\"RSS Espa\u00f1ol\"],\"inLanguage\":\"es\"},{\"@type\":\"WebPage\",\"@id\":\"https:\\\/\\\/interamerica.org\\\/es\\\/2015\\\/01\\\/en-republica-dominicana-una-calle-recibe-el-nombre-de-elena-g-de-white\\\/\",\"url\":\"https:\\\/\\\/interamerica.org\\\/es\\\/2015\\\/01\\\/en-republica-dominicana-una-calle-recibe-el-nombre-de-elena-g-de-white\\\/\",\"name\":\"En Rep\u00fablica Dominicana, una calle recibe el nombre de Elena G. de White - Iglesia Adventista del S\u00e9ptimo D\u00eda - Divisi\u00f3n Interamericana\",\"isPartOf\":{\"@id\":\"https:\\\/\\\/interamerica.org\\\/es\\\/#website\"},\"primaryImageOfPage\":{\"@id\":\"https:\\\/\\\/interamerica.org\\\/es\\\/2015\\\/01\\\/en-republica-dominicana-una-calle-recibe-el-nombre-de-elena-g-de-white\\\/#primaryimage\"},\"image\":{\"@id\":\"https:\\\/\\\/interamerica.org\\\/es\\\/2015\\\/01\\\/en-republica-dominicana-una-calle-recibe-el-nombre-de-elena-g-de-white\\\/#primaryimage\"},\"thumbnailUrl\":\"https:\\\/\\\/interamerica.org\\\/wp-content\\\/uploads\\\/2017\\\/06\\\/EGWstreet-unveil.png\",\"datePublished\":\"2015-01-16T04:00:00+00:00\",\"author\":{\"@id\":\"https:\\\/\\\/interamerica.org\\\/es\\\/#\\\/schema\\\/person\\\/68ede8bdc292885bb76c1e3810e73c39\"},\"breadcrumb\":{\"@id\":\"https:\\\/\\\/interamerica.org\\\/es\\\/2015\\\/01\\\/en-republica-dominicana-una-calle-recibe-el-nombre-de-elena-g-de-white\\\/#breadcrumb\"},\"inLanguage\":\"es\",\"potentialAction\":[{\"@type\":\"ReadAction\",\"target\":[\"https:\\\/\\\/interamerica.org\\\/es\\\/2015\\\/01\\\/en-republica-dominicana-una-calle-recibe-el-nombre-de-elena-g-de-white\\\/\"]}]},{\"@type\":\"ImageObject\",\"inLanguage\":\"es\",\"@id\":\"https:\\\/\\\/interamerica.org\\\/es\\\/2015\\\/01\\\/en-republica-dominicana-una-calle-recibe-el-nombre-de-elena-g-de-white\\\/#primaryimage\",\"url\":\"https:\\\/\\\/interamerica.org\\\/wp-content\\\/uploads\\\/2017\\\/06\\\/EGWstreet-unveil.png\",\"contentUrl\":\"https:\\\/\\\/interamerica.org\\\/wp-content\\\/uploads\\\/2017\\\/06\\\/EGWstreet-unveil.png\",\"width\":600,\"height\":433},{\"@type\":\"BreadcrumbList\",\"@id\":\"https:\\\/\\\/interamerica.org\\\/es\\\/2015\\\/01\\\/en-republica-dominicana-una-calle-recibe-el-nombre-de-elena-g-de-white\\\/#breadcrumb\",\"itemListElement\":[{\"@type\":\"ListItem\",\"position\":1,\"name\":\"Home\",\"item\":\"https:\\\/\\\/interamerica.org\\\/es\\\/\"},{\"@type\":\"ListItem\",\"position\":2,\"name\":\"En Rep\u00fablica Dominicana, una calle recibe el nombre de Elena G. de White\"}]},{\"@type\":\"WebSite\",\"@id\":\"https:\\\/\\\/interamerica.org\\\/es\\\/#website\",\"url\":\"https:\\\/\\\/interamerica.org\\\/es\\\/\",\"name\":\"Iglesia Adventista del S\u00e9ptimo D\u00eda - Divisi\u00f3n Interamericana\",\"description\":\"\",\"potentialAction\":[{\"@type\":\"SearchAction\",\"target\":{\"@type\":\"EntryPoint\",\"urlTemplate\":\"https:\\\/\\\/interamerica.org\\\/es\\\/?s={search_term_string}\"},\"query-input\":{\"@type\":\"PropertyValueSpecification\",\"valueRequired\":true,\"valueName\":\"search_term_string\"}}],\"inLanguage\":\"es\"},{\"@type\":\"Person\",\"@id\":\"https:\\\/\\\/interamerica.org\\\/es\\\/#\\\/schema\\\/person\\\/68ede8bdc292885bb76c1e3810e73c39\",\"name\":\"Lorenzo Verduzco\",\"image\":{\"@type\":\"ImageObject\",\"inLanguage\":\"es\",\"@id\":\"https:\\\/\\\/secure.gravatar.com\\\/avatar\\\/fb81a55b6218459490a9c1dc841a34909185b81904c5337b4b27f7a6fd60c49e?s=96&d=mm&r=g\",\"url\":\"https:\\\/\\\/secure.gravatar.com\\\/avatar\\\/fb81a55b6218459490a9c1dc841a34909185b81904c5337b4b27f7a6fd60c49e?s=96&d=mm&r=g\",\"contentUrl\":\"https:\\\/\\\/secure.gravatar.com\\\/avatar\\\/fb81a55b6218459490a9c1dc841a34909185b81904c5337b4b27f7a6fd60c49e?s=96&d=mm&r=g\",\"caption\":\"Lorenzo Verduzco\"}}]}<\/script>\n<!-- \/ Yoast SEO plugin. -->","yoast_head_json":{"title":"En Rep\u00fablica Dominicana, una calle recibe el nombre de Elena G. de White - Iglesia Adventista del S\u00e9ptimo D\u00eda - Divisi\u00f3n Interamericana","robots":{"index":"index","follow":"follow","max-snippet":"max-snippet:-1","max-image-preview":"max-image-preview:large","max-video-preview":"max-video-preview:-1"},"canonical":"https:\/\/interamerica.org\/es\/2015\/01\/en-republica-dominicana-una-calle-recibe-el-nombre-de-elena-g-de-white\/","og_locale":"es_ES","og_type":"article","og_title":"En Rep\u00fablica Dominicana, una calle recibe el nombre de Elena G. de White - Iglesia Adventista del S\u00e9ptimo D\u00eda - Divisi\u00f3n Interamericana","og_description":"La ciudad de La Romana, en el sudeste de la Rep\u00fablica Dominicana, declar\u00f3 ayer que rebautizar\u00e1 una de sus calles con el nombre Elena G. de White, una de las fundadoras de la Iglesia Adventista del S\u00e9ptimo D\u00eda. El anuncio se produjo durante una ceremonia especial llevada a cabo en el edificio municipal de La Romana.  All\u00ed presentes estuvieron la alcaldesa Maritza Suero, funcionarios de la ciudad y Ted N.C. Wilson, presidente de la Iglesia Adventista.","og_url":"https:\/\/interamerica.org\/es\/2015\/01\/en-republica-dominicana-una-calle-recibe-el-nombre-de-elena-g-de-white\/","og_site_name":"Iglesia Adventista del S\u00e9ptimo D\u00eda - Divisi\u00f3n Interamericana","article_published_time":"2015-01-16T04:00:00+00:00","og_image":[{"width":600,"height":433,"url":"https:\/\/interamerica.org\/wp-content\/uploads\/2017\/06\/EGWstreet-unveil.png","type":"image\/png"}],"author":"Lorenzo Verduzco","twitter_card":"summary_large_image","twitter_misc":{"Escrito por":"Lorenzo Verduzco","Tiempo de lectura":"5 minutos"},"schema":{"@context":"https:\/\/schema.org","@graph":[{"@type":"Article","@id":"https:\/\/interamerica.org\/es\/2015\/01\/en-republica-dominicana-una-calle-recibe-el-nombre-de-elena-g-de-white\/#article","isPartOf":{"@id":"https:\/\/interamerica.org\/es\/2015\/01\/en-republica-dominicana-una-calle-recibe-el-nombre-de-elena-g-de-white\/"},"author":{"name":"Lorenzo Verduzco","@id":"https:\/\/interamerica.org\/es\/#\/schema\/person\/68ede8bdc292885bb76c1e3810e73c39"},"headline":"En Rep\u00fablica Dominicana, una calle recibe el nombre de Elena G. de White","datePublished":"2015-01-16T04:00:00+00:00","mainEntityOfPage":{"@id":"https:\/\/interamerica.org\/es\/2015\/01\/en-republica-dominicana-una-calle-recibe-el-nombre-de-elena-g-de-white\/"},"wordCount":1024,"image":{"@id":"https:\/\/interamerica.org\/es\/2015\/01\/en-republica-dominicana-una-calle-recibe-el-nombre-de-elena-g-de-white\/#primaryimage"},"thumbnailUrl":"https:\/\/interamerica.org\/wp-content\/uploads\/2017\/06\/EGWstreet-unveil.png","articleSection":["Desde el campo","RSS Espa\u00f1ol"],"inLanguage":"es"},{"@type":"WebPage","@id":"https:\/\/interamerica.org\/es\/2015\/01\/en-republica-dominicana-una-calle-recibe-el-nombre-de-elena-g-de-white\/","url":"https:\/\/interamerica.org\/es\/2015\/01\/en-republica-dominicana-una-calle-recibe-el-nombre-de-elena-g-de-white\/","name":"En Rep\u00fablica Dominicana, una calle recibe el nombre de Elena G. de White - Iglesia Adventista del S\u00e9ptimo D\u00eda - Divisi\u00f3n Interamericana","isPartOf":{"@id":"https:\/\/interamerica.org\/es\/#website"},"primaryImageOfPage":{"@id":"https:\/\/interamerica.org\/es\/2015\/01\/en-republica-dominicana-una-calle-recibe-el-nombre-de-elena-g-de-white\/#primaryimage"},"image":{"@id":"https:\/\/interamerica.org\/es\/2015\/01\/en-republica-dominicana-una-calle-recibe-el-nombre-de-elena-g-de-white\/#primaryimage"},"thumbnailUrl":"https:\/\/interamerica.org\/wp-content\/uploads\/2017\/06\/EGWstreet-unveil.png","datePublished":"2015-01-16T04:00:00+00:00","author":{"@id":"https:\/\/interamerica.org\/es\/#\/schema\/person\/68ede8bdc292885bb76c1e3810e73c39"},"breadcrumb":{"@id":"https:\/\/interamerica.org\/es\/2015\/01\/en-republica-dominicana-una-calle-recibe-el-nombre-de-elena-g-de-white\/#breadcrumb"},"inLanguage":"es","potentialAction":[{"@type":"ReadAction","target":["https:\/\/interamerica.org\/es\/2015\/01\/en-republica-dominicana-una-calle-recibe-el-nombre-de-elena-g-de-white\/"]}]},{"@type":"ImageObject","inLanguage":"es","@id":"https:\/\/interamerica.org\/es\/2015\/01\/en-republica-dominicana-una-calle-recibe-el-nombre-de-elena-g-de-white\/#primaryimage","url":"https:\/\/interamerica.org\/wp-content\/uploads\/2017\/06\/EGWstreet-unveil.png","contentUrl":"https:\/\/interamerica.org\/wp-content\/uploads\/2017\/06\/EGWstreet-unveil.png","width":600,"height":433},{"@type":"BreadcrumbList","@id":"https:\/\/interamerica.org\/es\/2015\/01\/en-republica-dominicana-una-calle-recibe-el-nombre-de-elena-g-de-white\/#breadcrumb","itemListElement":[{"@type":"ListItem","position":1,"name":"Home","item":"https:\/\/interamerica.org\/es\/"},{"@type":"ListItem","position":2,"name":"En Rep\u00fablica Dominicana, una calle recibe el nombre de Elena G. de White"}]},{"@type":"WebSite","@id":"https:\/\/interamerica.org\/es\/#website","url":"https:\/\/interamerica.org\/es\/","name":"Iglesia Adventista del S\u00e9ptimo D\u00eda - Divisi\u00f3n Interamericana","description":"","potentialAction":[{"@type":"SearchAction","target":{"@type":"EntryPoint","urlTemplate":"https:\/\/interamerica.org\/es\/?s={search_term_string}"},"query-input":{"@type":"PropertyValueSpecification","valueRequired":true,"valueName":"search_term_string"}}],"inLanguage":"es"},{"@type":"Person","@id":"https:\/\/interamerica.org\/es\/#\/schema\/person\/68ede8bdc292885bb76c1e3810e73c39","name":"Lorenzo Verduzco","image":{"@type":"ImageObject","inLanguage":"es","@id":"https:\/\/secure.gravatar.com\/avatar\/fb81a55b6218459490a9c1dc841a34909185b81904c5337b4b27f7a6fd60c49e?s=96&d=mm&r=g","url":"https:\/\/secure.gravatar.com\/avatar\/fb81a55b6218459490a9c1dc841a34909185b81904c5337b4b27f7a6fd60c49e?s=96&d=mm&r=g","contentUrl":"https:\/\/secure.gravatar.com\/avatar\/fb81a55b6218459490a9c1dc841a34909185b81904c5337b4b27f7a6fd60c49e?s=96&d=mm&r=g","caption":"Lorenzo Verduzco"}}]}},"_links":{"self":[{"href":"https:\/\/interamerica.org\/es\/wp-json\/wp\/v2\/posts\/30704","targetHints":{"allow":["GET"]}}],"collection":[{"href":"https:\/\/interamerica.org\/es\/wp-json\/wp\/v2\/posts"}],"about":[{"href":"https:\/\/interamerica.org\/es\/wp-json\/wp\/v2\/types\/post"}],"author":[{"embeddable":true,"href":"https:\/\/interamerica.org\/es\/wp-json\/wp\/v2\/users\/1"}],"replies":[{"embeddable":true,"href":"https:\/\/interamerica.org\/es\/wp-json\/wp\/v2\/comments?post=30704"}],"version-history":[{"count":0,"href":"https:\/\/interamerica.org\/es\/wp-json\/wp\/v2\/posts\/30704\/revisions"}],"wp:featuredmedia":[{"embeddable":true,"href":"https:\/\/interamerica.org\/es\/wp-json\/wp\/v2\/media\/24250"}],"wp:attachment":[{"href":"https:\/\/interamerica.org\/es\/wp-json\/wp\/v2\/media?parent=30704"}],"wp:term":[{"taxonomy":"category","embeddable":true,"href":"https:\/\/interamerica.org\/es\/wp-json\/wp\/v2\/categories?post=30704"},{"taxonomy":"post_tag","embeddable":true,"href":"https:\/\/interamerica.org\/es\/wp-json\/wp\/v2\/tags?post=30704"}],"curies":[{"name":"wp","href":"https:\/\/api.w.org\/{rel}","templated":true}]}}