{"id":30705,"date":"2015-01-19T00:00:00","date_gmt":"2015-01-19T04:00:00","guid":{"rendered":"http:\/\/192.81.217.108\/interamerica\/2015\/01\/en-republica-dominicana-la-iglesia-adventista-celebra-la-culminacion-de-esfuerzos-de-evangelizacion\/"},"modified":"2015-01-19T00:00:00","modified_gmt":"2015-01-19T04:00:00","slug":"en-republica-dominicana-la-iglesia-adventista-celebra-la-culminacion-de-esfuerzos-de-evangelizacion","status":"publish","type":"post","link":"https:\/\/interamerica.org\/es\/2015\/01\/en-republica-dominicana-la-iglesia-adventista-celebra-la-culminacion-de-esfuerzos-de-evangelizacion\/","title":{"rendered":"En Rep\u00fablica Dominicana, la Iglesia Adventista celebra la culminaci\u00f3n de esfuerzos de evangelizaci\u00f3n"},"content":{"rendered":"<div id=\"attachment_14837\" style=\"width: 610px\" class=\"wp-caption aligncenter\"><a href=\"\/interamerica\/wp-content\/uploads\/2017\/06\/RD-drone600.png\" rel=\"fancybox\" title=\"En Rep\u00fablica Dominicana, la Iglesia Adventista celebra la culminaci\u00f3n de esfuerzos de evangelizaci\u00f3n\"><img fetchpriority=\"high\" decoding=\"async\" aria-describedby=\"caption-attachment-14837\" class=\"size-full wp-image-14837\" src=\"\/interamerica\/wp-content\/uploads\/2017\/06\/RD-drone600.png\" alt=\"\" width=\"600\" height=\"331\" \/><\/a><p id=\"caption-attachment-14837\" class=\"wp-caption-text\">Miles de adventistas de toda la Rep\u00fablica Dominicana atestaron el Palacio de los Deportes en Santo Domingo para celebrar el \u00abD\u00eda de la Hermandad\u00bb de los esfuerzos de evangelizaci\u00f3n de la iglesia el pasado 17 de enero de 2015. Im\u00e1genes de Ren\u00e9 G\u00f3mez\/DIA<\/p><\/div>\n<p>18 de enero de 2015 | Santo Domingo, Rep\u00fablica Dominicana | Libna Stevens\/DIA<\/p>\n<p>Solo qued\u00f3 lugar de pie cuando miles de adventistas de toda la Rep\u00fablica Dominicana atestaron el Palacio de los Deportes de Santo Domingo para regocijarse por los esfuerzos de evangelizaci\u00f3n que los llevaron a presenciar cientos de bautismos y escuchar a la palabra de los principales l\u00edderes de la iglesia mundial el pasado 17 de enero de 2015.<\/p>\n<div id=\"attachment_14842\" style=\"width: 310px\" class=\"wp-caption alignleft\"><a href=\"\/interamerica\/wp-content\/uploads\/2017\/06\/WilsonRD.png\" rel=\"fancybox\" title=\"En Rep\u00fablica Dominicana, la Iglesia Adventista celebra la culminaci\u00f3n de esfuerzos de evangelizaci\u00f3n\"><img decoding=\"async\" aria-describedby=\"caption-attachment-14842\" class=\"size-medium wp-image-14842 \" src=\"\/interamerica\/wp-content\/uploads\/2017\/06\/WilsonRD-300x198.png\" alt=\"\" width=\"300\" height=\"198\" \/><\/a><p id=\"caption-attachment-14842\" class=\"wp-caption-text\">Ted N.C. Wilson, presidente de la Iglesia Adventista mundial, desafi\u00f3 a los miembros de iglesia para que edifiquen a la iglesia de Dios al seguir esparciendo las buenas nuevas de salvaci\u00f3n.<\/p><\/div>\n<p>M\u00e1s de veinte mil personas atestaron el auditorio con capacidad para 15 mil personas. Algunos se acomodaron en el piso, se sentaron en los escalones, o quedaron de pie en los pasillos mientras que unos 15 mil permanecieron afuera para escuchar la transmisi\u00f3n radial en vivo. Muchos salieron de sus pueblos en medio de la noche para llegar al auditorio a las 6.00, dijeron los l\u00edderes de la iglesia.<\/p>\n<p>El pastor Ted N. C. Wilson, presidente de la Iglesia Adventista, habl\u00f3 a los m\u00e1s de 1800 candidatos bautismales en el encuentro y los desafi\u00f3 a seguir edificando la iglesia de Dios, aceptando la Biblia y esparciendo las buenas nuevas de salvaci\u00f3n.<\/p>\n<p>\u00abJes\u00fas es la Roca, y se les pide que edifiquen su iglesia sobre la roca, que es Jesucristo\u00bb, dijo el pastor Wilson. \u00abEdifiquen la iglesia de Dios al llevar a las personas hacia \u00e9l, su santa Palabra, su iglesia y su movimiento prof\u00e9tico\u00bb.<\/p>\n<div id=\"attachment_14835\" style=\"width: 310px\" class=\"wp-caption alignright\"><a href=\"\/interamerica\/wp-content\/uploads\/2017\/06\/Leaders-RD.png\" rel=\"fancybox\" title=\"En Rep\u00fablica Dominicana, la Iglesia Adventista celebra la culminaci\u00f3n de esfuerzos de evangelizaci\u00f3n\"><img decoding=\"async\" aria-describedby=\"caption-attachment-14835\" class=\"size-full wp-image-14835\" src=\"\/interamerica\/wp-content\/uploads\/2017\/06\/Leaders-RD.png\" alt=\"\" width=\"300\" height=\"199\" \/><\/a><p id=\"caption-attachment-14835\" class=\"wp-caption-text\">Los principales l\u00edderes adventistas de doce regiones de la iglesia mundial participaron en el d\u00eda especial de celebraci\u00f3n.<\/p><\/div>\n<p>El presidente adventista estuvo acompa\u00f1ado por 29 de los principales l\u00edderes de todo el mundo que hab\u00edan pasado la semana en el pa\u00eds para repasar iniciativas y establecer estrategias para los pr\u00f3ximos meses y a\u00f1os.<\/p>\n<p>Durante el curso del fin de semana del 16 al 17 de enero se llevaron a cabo unos 3052 bautismos en la ciudad capital y a lo largo y a lo ancho del pa\u00eds, gracias a los esfuerzos de evangelizaci\u00f3n de los l\u00edderes y miembros locales, y en el final de los cinco d\u00edas de evangelizaci\u00f3n <a href=\"\/?p=14772#axzz3P0WgFcYa\">A\u00f1o nuevo, vida nueva<\/a>\u00a0a cargo del evangelista adventista Mark Finley en Santo Domingo del 7 al 11 de enero de 2015.<\/p>\n<p>Entre los 1800 bautismos llevados a cabo en el Palacio de los Deportes, uno ocup\u00f3 recibi\u00f3 la atenci\u00f3n principal: Hiu Wang se convirti\u00f3 en la primera creyente de origen chino en unirse a la Iglesia Adventista en la Rep\u00fablica Dominicana.<\/p>\n<div id=\"attachment_14840\" style=\"width: 208px\" class=\"wp-caption alignleft\"><a href=\"\/interamerica\/wp-content\/uploads\/2017\/06\/Leito-Wang.png\" rel=\"fancybox\" title=\"En Rep\u00fablica Dominicana, la Iglesia Adventista celebra la culminaci\u00f3n de esfuerzos de evangelizaci\u00f3n\"><img loading=\"lazy\" decoding=\"async\" aria-describedby=\"caption-attachment-14840\" class=\"size-medium wp-image-14840\" src=\"\/interamerica\/wp-content\/uploads\/2017\/06\/Leito-Wang-198x300.png\" alt=\"\" width=\"198\" height=\"300\" \/><\/a><p id=\"caption-attachment-14840\" class=\"wp-caption-text\">El presidente de la Divisi\u00f3n Interamericana pastor Israel Leito con Hiu Wang, momentos antes de su bautismo en la Iglesia Adventista.<\/p><\/div>\n<p>\u201cWang representa a un grupo de creyentes con los cuales ha estado trabajando la iglesia por medio de un centro de misiones adventistas en Santo Domingo durante los \u00faltimos 18 meses. El centro ofrece clases de espa\u00f1ol, de cocina, estudios b\u00edblicos y otras iniciativas, y busca alcanzar a la poblaci\u00f3n china\u00bb, dijo el pastor Luis Miguel Acevedo que supervisa el grupo.<\/p>\n<p>Wang, que tiene tres hijos, fue bautizada por el presidente de la Divisi\u00f3n Interamericana, el pastor Israel Leito, despu\u00e9s de que el pastor Jairyong Lee, presidente de la Divisi\u00f3n de Asia Pac\u00edfico Norte pronunciara la oraci\u00f3n bautismal. Wang dijo que no quer\u00eda perder la oportunidad de dar su vida a Cristo en este d\u00eda especial de celebraci\u00f3n en el pa\u00eds denominado \u00abD\u00eda de la Hermandad\u00bb.<\/p>\n<p>La audiencia se uni\u00f3 al pastor GT Ng, secretario ejecutivo de la Iglesia Adventista mundial, que or\u00f3 especialmente por el ministerio a los chinos. En Rep\u00fablica Dominicana hay unos ochenta mil chinos, que conforman una poblaci\u00f3n en crecimiento, a\u00f1adi\u00f3 el pastor Luis Miguel Acevedo.<\/p>\n<p>\u00abAlabamos al Se\u00f1or por su conducci\u00f3n y por el compromiso de los miembros de iglesia, que han redoblado sus esfuerzos durante casi un a\u00f1o para seguir esparciendo la Palabra de Dios en sus comunidades\u00bb, dijo el pastor Cesario Acevedo, presidente de la Iglesia Adventista en la Rep\u00fablica Dominicana.<\/p>\n<p>Acevedo agradeci\u00f3 la obra de <a href=\"https:\/\/maranatha.org\/\">Maranatha Volunteers International<\/a>\u00a0por su colaboraci\u00f3n en la construcci\u00f3n de unas 150 iglesias en el pa\u00eds durante los \u00faltimos 30 a\u00f1os. La iglesia m\u00e1s reciente fue construida en la comunidad de <a href=\"\/?p=14793#axzz3P0WgFcYa\">Villa Caoba<\/a>, en Villa Hermosa, La Romana, donde los principales l\u00edderes de la iglesia en todo el mundo construyeron un templo y una clase de Escuela Sab\u00e1tica para los miembros del lugar la semana pasada.<\/p>\n<div id=\"attachment_14843\" style=\"width: 310px\" class=\"wp-caption alignleft\"><a href=\"\/interamerica\/wp-content\/uploads\/2017\/06\/CesarioAcevedoRD.png\" rel=\"fancybox\" title=\"En Rep\u00fablica Dominicana, la Iglesia Adventista celebra la culminaci\u00f3n de esfuerzos de evangelizaci\u00f3n\"><img loading=\"lazy\" decoding=\"async\" aria-describedby=\"caption-attachment-14843\" class=\"size-full wp-image-14843\" src=\"\/interamerica\/wp-content\/uploads\/2017\/06\/CesarioAcevedoRD.png\" alt=\"\" width=\"300\" height=\"199\" \/><\/a><p id=\"caption-attachment-14843\" class=\"wp-caption-text\">El pastor Cesario Acevedo, presidente de la Iglesia Adventista en la Rep\u00fablica Dominicana.<\/p><\/div>\n<p>\u00abLes agradecemos a ustedes y a sus voluntarios por hacer posible dar cabida a miles de miembros en las iglesias que han construido\u00bb, dijo Cesario al agradecer a Don Noble, presidente de Maranatha, y a su equipo. \u00abHan construido las iglesias, y el Esp\u00edritu Santo inspira a nuestros pastores y miembros para que las llenen y sigan expandi\u00e9ndose\u00bb.<\/p>\n<p>El evento del d\u00eda recibi\u00f3 la cobertura en vivo gracias a la estaci\u00f3n de radio de la iglesia, Radio Amanecer, por medio de Internet, y por la televisi\u00f3n y los medios impresos.<\/p>\n<p>El programa tambi\u00e9n cont\u00f3 con m\u00fasica y dramatizaciones.<\/p>\n<p>El pastor Leito dijo que los administradores se regocijan con la iglesia de la Rep\u00fablica Dominicana, por su devoci\u00f3n a la hora de cumplir la misi\u00f3n de la iglesia. \u00abEl entusiasmo y la dedicaci\u00f3n que muestran para que la iglesia de Dios crezca no solo en evangelismo sino tambi\u00e9n financieramente mediante su contribuci\u00f3n a las misiones es una bendici\u00f3n de presenciar\u00bb.<\/p>\n<div id=\"attachment_14839\" style=\"width: 410px\" class=\"wp-caption alignright\"><a href=\"\/interamerica\/wp-content\/uploads\/2017\/06\/DIAHermandad300.png\" rel=\"fancybox\" title=\"En Rep\u00fablica Dominicana, la Iglesia Adventista celebra la culminaci\u00f3n de esfuerzos de evangelizaci\u00f3n\"><img loading=\"lazy\" decoding=\"async\" aria-describedby=\"caption-attachment-14839\" class=\"size-full wp-image-14839\" src=\"\/interamerica\/wp-content\/uploads\/2017\/06\/DIAHermandad300.png\" alt=\"\" width=\"400\" height=\"265\" \/><\/a><p id=\"caption-attachment-14839\" class=\"wp-caption-text\">Una representaci\u00f3n musical especial que mostr\u00f3 la vida de Cristo y su regreso marc\u00f3 un momento destacado del programa sab\u00e1tico.<\/p><\/div>\n<p>La Iglesia Adventista de la Rep\u00fablica Dominicana apresurar\u00e1 sus esfuerzos de preparaci\u00f3n de m\u00e1s disc\u00edpulos para el reino durante los siguientes dos meses, y tomar\u00e1 parte en la celebraci\u00f3n bautismal de \u00abVisi\u00f3n un mill\u00f3n\u00bb de Interam\u00e9rica, que se llevar\u00e1 a cabo el pr\u00f3ximo 4 de abril de 2015.<\/p>\n<p>En la Rep\u00fablica Dominicana hay unos trescientos mil adventistas, que se re\u00fanen en 1237 iglesias y congregaciones. La iglesia supervisa cuatro asociaciones y dos misiones, y administra unas 72 escuelas primarias y secundarias, una universidad, un hospital y una estaci\u00f3n de radio.<\/p>\n<p>Si desea m\u00e1s informaci\u00f3n sobre la iglesia en la Rep\u00fablica Dominicana, visite <a href=\"http:\/\/adventistasrd.interamerica.org\/\">adventistas.org.do<\/a><\/p>\n<p>Si desea ver una galer\u00eda de fotograf\u00edas de la celebraci\u00f3n del \u00abD\u00eda de la Hermandad\u00bb, presione\u00a0<a href=\"https:\/\/www.flickr.com\/photos\/interamerica\/\">AQU\u00cd<\/a><\/p>\n<p><em>Traducci\u00f3n de Marcos Paseggi<\/em><\/p>\n","protected":false},"excerpt":{"rendered":"<p>Solo qued\u00f3 lugar de pie cuando miles de adventistas de toda la Rep\u00fablica Dominicana atestaron el Palacio de los Deportes de Santo Domingo para regocijarse por los esfuerzos de evangelizaci\u00f3n que los llevaron a presenciar cientos de bautismos y escuchar a la palabra de los principales l\u00edderes de la iglesia mundial el pasado 17 de enero de 2015. <\/p>\n<p>M\u00e1s de veinte mil personas atestaron el auditorio con capacidad para 15 mil personas. Algunos se acomodaron en el piso, se sentaron en los escalones, o quedaron de pie en los pasillos mientras que unos 15 mil permanecieron afuera para escuchar la transmisi\u00f3n radial en vivo. Muchos salieron de sus pueblos en medio de la noche para llegar al auditorio a las 6.00, dijeron los l\u00edderes de la iglesia.<\/p>\n","protected":false},"author":1,"featured_media":24281,"comment_status":"closed","ping_status":"closed","sticky":false,"template":"","format":"standard","meta":{"_acf_changed":false,"footnotes":""},"categories":[17,15],"tags":[],"class_list":["post-30705","post","type-post","status-publish","format-standard","has-post-thumbnail","hentry","category-desde-el-campo","category-rss-espanol"],"acf":[],"yoast_head":"<!-- This site is optimized with the Yoast SEO plugin v27.3 - https:\/\/yoast.com\/product\/yoast-seo-wordpress\/ -->\n<title>En Rep\u00fablica Dominicana, la Iglesia Adventista celebra la culminaci\u00f3n de esfuerzos de evangelizaci\u00f3n - Iglesia Adventista del S\u00e9ptimo D\u00eda - Divisi\u00f3n Interamericana<\/title>\n<meta name=\"robots\" content=\"index, follow, max-snippet:-1, max-image-preview:large, max-video-preview:-1\" \/>\n<link rel=\"canonical\" href=\"https:\/\/interamerica.org\/es\/2015\/01\/en-republica-dominicana-la-iglesia-adventista-celebra-la-culminacion-de-esfuerzos-de-evangelizacion\/\" \/>\n<meta property=\"og:locale\" content=\"es_ES\" \/>\n<meta property=\"og:type\" content=\"article\" \/>\n<meta property=\"og:title\" content=\"En Rep\u00fablica Dominicana, la Iglesia Adventista celebra la culminaci\u00f3n de esfuerzos de evangelizaci\u00f3n - Iglesia Adventista del S\u00e9ptimo D\u00eda - Divisi\u00f3n Interamericana\" \/>\n<meta property=\"og:description\" content=\"Solo qued\u00f3 lugar de pie cuando miles de adventistas de toda la Rep\u00fablica Dominicana atestaron el Palacio de los Deportes de Santo Domingo para regocijarse por los esfuerzos de evangelizaci\u00f3n que los llevaron a presenciar cientos de bautismos y escuchar a la palabra de los principales l\u00edderes de la iglesia mundial el pasado 17 de enero de 2015.  M\u00e1s de veinte mil personas atestaron el auditorio con capacidad para 15 mil personas. Algunos se acomodaron en el piso, se sentaron en los escalones, o quedaron de pie en los pasillos mientras que unos 15 mil permanecieron afuera para escuchar la transmisi\u00f3n radial en vivo. Muchos salieron de sus pueblos en medio de la noche para llegar al auditorio a las 6.00, dijeron los l\u00edderes de la iglesia.\" \/>\n<meta property=\"og:url\" content=\"https:\/\/interamerica.org\/es\/2015\/01\/en-republica-dominicana-la-iglesia-adventista-celebra-la-culminacion-de-esfuerzos-de-evangelizacion\/\" \/>\n<meta property=\"og:site_name\" content=\"Iglesia Adventista del S\u00e9ptimo D\u00eda - Divisi\u00f3n Interamericana\" \/>\n<meta property=\"article:published_time\" content=\"2015-01-19T04:00:00+00:00\" \/>\n<meta property=\"og:image\" content=\"https:\/\/interamerica.org\/wp-content\/uploads\/2017\/06\/RD-drone400.png\" \/>\n\t<meta property=\"og:image:width\" content=\"400\" \/>\n\t<meta property=\"og:image:height\" content=\"221\" \/>\n\t<meta property=\"og:image:type\" content=\"image\/png\" \/>\n<meta name=\"author\" content=\"Lorenzo Verduzco\" \/>\n<meta name=\"twitter:card\" content=\"summary_large_image\" \/>\n<meta name=\"twitter:label1\" content=\"Escrito por\" \/>\n\t<meta name=\"twitter:data1\" content=\"Lorenzo Verduzco\" \/>\n\t<meta name=\"twitter:label2\" content=\"Tiempo de lectura\" \/>\n\t<meta name=\"twitter:data2\" content=\"6 minutos\" \/>\n<script type=\"application\/ld+json\" class=\"yoast-schema-graph\">{\"@context\":\"https:\\\/\\\/schema.org\",\"@graph\":[{\"@type\":\"Article\",\"@id\":\"https:\\\/\\\/interamerica.org\\\/es\\\/2015\\\/01\\\/en-republica-dominicana-la-iglesia-adventista-celebra-la-culminacion-de-esfuerzos-de-evangelizacion\\\/#article\",\"isPartOf\":{\"@id\":\"https:\\\/\\\/interamerica.org\\\/es\\\/2015\\\/01\\\/en-republica-dominicana-la-iglesia-adventista-celebra-la-culminacion-de-esfuerzos-de-evangelizacion\\\/\"},\"author\":{\"name\":\"Lorenzo Verduzco\",\"@id\":\"https:\\\/\\\/interamerica.org\\\/es\\\/#\\\/schema\\\/person\\\/68ede8bdc292885bb76c1e3810e73c39\"},\"headline\":\"En Rep\u00fablica Dominicana, la Iglesia Adventista celebra la culminaci\u00f3n de esfuerzos de evangelizaci\u00f3n\",\"datePublished\":\"2015-01-19T04:00:00+00:00\",\"mainEntityOfPage\":{\"@id\":\"https:\\\/\\\/interamerica.org\\\/es\\\/2015\\\/01\\\/en-republica-dominicana-la-iglesia-adventista-celebra-la-culminacion-de-esfuerzos-de-evangelizacion\\\/\"},\"wordCount\":1231,\"image\":{\"@id\":\"https:\\\/\\\/interamerica.org\\\/es\\\/2015\\\/01\\\/en-republica-dominicana-la-iglesia-adventista-celebra-la-culminacion-de-esfuerzos-de-evangelizacion\\\/#primaryimage\"},\"thumbnailUrl\":\"https:\\\/\\\/interamerica.org\\\/wp-content\\\/uploads\\\/2017\\\/06\\\/RD-drone400.png\",\"articleSection\":[\"Desde el campo\",\"RSS Espa\u00f1ol\"],\"inLanguage\":\"es\"},{\"@type\":\"WebPage\",\"@id\":\"https:\\\/\\\/interamerica.org\\\/es\\\/2015\\\/01\\\/en-republica-dominicana-la-iglesia-adventista-celebra-la-culminacion-de-esfuerzos-de-evangelizacion\\\/\",\"url\":\"https:\\\/\\\/interamerica.org\\\/es\\\/2015\\\/01\\\/en-republica-dominicana-la-iglesia-adventista-celebra-la-culminacion-de-esfuerzos-de-evangelizacion\\\/\",\"name\":\"En Rep\u00fablica Dominicana, la Iglesia Adventista celebra la culminaci\u00f3n de esfuerzos de evangelizaci\u00f3n - Iglesia Adventista del S\u00e9ptimo D\u00eda - Divisi\u00f3n Interamericana\",\"isPartOf\":{\"@id\":\"https:\\\/\\\/interamerica.org\\\/es\\\/#website\"},\"primaryImageOfPage\":{\"@id\":\"https:\\\/\\\/interamerica.org\\\/es\\\/2015\\\/01\\\/en-republica-dominicana-la-iglesia-adventista-celebra-la-culminacion-de-esfuerzos-de-evangelizacion\\\/#primaryimage\"},\"image\":{\"@id\":\"https:\\\/\\\/interamerica.org\\\/es\\\/2015\\\/01\\\/en-republica-dominicana-la-iglesia-adventista-celebra-la-culminacion-de-esfuerzos-de-evangelizacion\\\/#primaryimage\"},\"thumbnailUrl\":\"https:\\\/\\\/interamerica.org\\\/wp-content\\\/uploads\\\/2017\\\/06\\\/RD-drone400.png\",\"datePublished\":\"2015-01-19T04:00:00+00:00\",\"author\":{\"@id\":\"https:\\\/\\\/interamerica.org\\\/es\\\/#\\\/schema\\\/person\\\/68ede8bdc292885bb76c1e3810e73c39\"},\"breadcrumb\":{\"@id\":\"https:\\\/\\\/interamerica.org\\\/es\\\/2015\\\/01\\\/en-republica-dominicana-la-iglesia-adventista-celebra-la-culminacion-de-esfuerzos-de-evangelizacion\\\/#breadcrumb\"},\"inLanguage\":\"es\",\"potentialAction\":[{\"@type\":\"ReadAction\",\"target\":[\"https:\\\/\\\/interamerica.org\\\/es\\\/2015\\\/01\\\/en-republica-dominicana-la-iglesia-adventista-celebra-la-culminacion-de-esfuerzos-de-evangelizacion\\\/\"]}]},{\"@type\":\"ImageObject\",\"inLanguage\":\"es\",\"@id\":\"https:\\\/\\\/interamerica.org\\\/es\\\/2015\\\/01\\\/en-republica-dominicana-la-iglesia-adventista-celebra-la-culminacion-de-esfuerzos-de-evangelizacion\\\/#primaryimage\",\"url\":\"https:\\\/\\\/interamerica.org\\\/wp-content\\\/uploads\\\/2017\\\/06\\\/RD-drone400.png\",\"contentUrl\":\"https:\\\/\\\/interamerica.org\\\/wp-content\\\/uploads\\\/2017\\\/06\\\/RD-drone400.png\",\"width\":400,\"height\":221},{\"@type\":\"BreadcrumbList\",\"@id\":\"https:\\\/\\\/interamerica.org\\\/es\\\/2015\\\/01\\\/en-republica-dominicana-la-iglesia-adventista-celebra-la-culminacion-de-esfuerzos-de-evangelizacion\\\/#breadcrumb\",\"itemListElement\":[{\"@type\":\"ListItem\",\"position\":1,\"name\":\"Home\",\"item\":\"https:\\\/\\\/interamerica.org\\\/es\\\/\"},{\"@type\":\"ListItem\",\"position\":2,\"name\":\"En Rep\u00fablica Dominicana, la Iglesia Adventista celebra la culminaci\u00f3n de esfuerzos de evangelizaci\u00f3n\"}]},{\"@type\":\"WebSite\",\"@id\":\"https:\\\/\\\/interamerica.org\\\/es\\\/#website\",\"url\":\"https:\\\/\\\/interamerica.org\\\/es\\\/\",\"name\":\"Iglesia Adventista del S\u00e9ptimo D\u00eda - Divisi\u00f3n Interamericana\",\"description\":\"\",\"potentialAction\":[{\"@type\":\"SearchAction\",\"target\":{\"@type\":\"EntryPoint\",\"urlTemplate\":\"https:\\\/\\\/interamerica.org\\\/es\\\/?s={search_term_string}\"},\"query-input\":{\"@type\":\"PropertyValueSpecification\",\"valueRequired\":true,\"valueName\":\"search_term_string\"}}],\"inLanguage\":\"es\"},{\"@type\":\"Person\",\"@id\":\"https:\\\/\\\/interamerica.org\\\/es\\\/#\\\/schema\\\/person\\\/68ede8bdc292885bb76c1e3810e73c39\",\"name\":\"Lorenzo Verduzco\",\"image\":{\"@type\":\"ImageObject\",\"inLanguage\":\"es\",\"@id\":\"https:\\\/\\\/secure.gravatar.com\\\/avatar\\\/fb81a55b6218459490a9c1dc841a34909185b81904c5337b4b27f7a6fd60c49e?s=96&d=mm&r=g\",\"url\":\"https:\\\/\\\/secure.gravatar.com\\\/avatar\\\/fb81a55b6218459490a9c1dc841a34909185b81904c5337b4b27f7a6fd60c49e?s=96&d=mm&r=g\",\"contentUrl\":\"https:\\\/\\\/secure.gravatar.com\\\/avatar\\\/fb81a55b6218459490a9c1dc841a34909185b81904c5337b4b27f7a6fd60c49e?s=96&d=mm&r=g\",\"caption\":\"Lorenzo Verduzco\"}}]}<\/script>\n<!-- \/ Yoast SEO plugin. -->","yoast_head_json":{"title":"En Rep\u00fablica Dominicana, la Iglesia Adventista celebra la culminaci\u00f3n de esfuerzos de evangelizaci\u00f3n - Iglesia Adventista del S\u00e9ptimo D\u00eda - Divisi\u00f3n Interamericana","robots":{"index":"index","follow":"follow","max-snippet":"max-snippet:-1","max-image-preview":"max-image-preview:large","max-video-preview":"max-video-preview:-1"},"canonical":"https:\/\/interamerica.org\/es\/2015\/01\/en-republica-dominicana-la-iglesia-adventista-celebra-la-culminacion-de-esfuerzos-de-evangelizacion\/","og_locale":"es_ES","og_type":"article","og_title":"En Rep\u00fablica Dominicana, la Iglesia Adventista celebra la culminaci\u00f3n de esfuerzos de evangelizaci\u00f3n - Iglesia Adventista del S\u00e9ptimo D\u00eda - Divisi\u00f3n Interamericana","og_description":"Solo qued\u00f3 lugar de pie cuando miles de adventistas de toda la Rep\u00fablica Dominicana atestaron el Palacio de los Deportes de Santo Domingo para regocijarse por los esfuerzos de evangelizaci\u00f3n que los llevaron a presenciar cientos de bautismos y escuchar a la palabra de los principales l\u00edderes de la iglesia mundial el pasado 17 de enero de 2015.  M\u00e1s de veinte mil personas atestaron el auditorio con capacidad para 15 mil personas. Algunos se acomodaron en el piso, se sentaron en los escalones, o quedaron de pie en los pasillos mientras que unos 15 mil permanecieron afuera para escuchar la transmisi\u00f3n radial en vivo. Muchos salieron de sus pueblos en medio de la noche para llegar al auditorio a las 6.00, dijeron los l\u00edderes de la iglesia.","og_url":"https:\/\/interamerica.org\/es\/2015\/01\/en-republica-dominicana-la-iglesia-adventista-celebra-la-culminacion-de-esfuerzos-de-evangelizacion\/","og_site_name":"Iglesia Adventista del S\u00e9ptimo D\u00eda - Divisi\u00f3n Interamericana","article_published_time":"2015-01-19T04:00:00+00:00","og_image":[{"width":400,"height":221,"url":"https:\/\/interamerica.org\/wp-content\/uploads\/2017\/06\/RD-drone400.png","type":"image\/png"}],"author":"Lorenzo Verduzco","twitter_card":"summary_large_image","twitter_misc":{"Escrito por":"Lorenzo Verduzco","Tiempo de lectura":"6 minutos"},"schema":{"@context":"https:\/\/schema.org","@graph":[{"@type":"Article","@id":"https:\/\/interamerica.org\/es\/2015\/01\/en-republica-dominicana-la-iglesia-adventista-celebra-la-culminacion-de-esfuerzos-de-evangelizacion\/#article","isPartOf":{"@id":"https:\/\/interamerica.org\/es\/2015\/01\/en-republica-dominicana-la-iglesia-adventista-celebra-la-culminacion-de-esfuerzos-de-evangelizacion\/"},"author":{"name":"Lorenzo Verduzco","@id":"https:\/\/interamerica.org\/es\/#\/schema\/person\/68ede8bdc292885bb76c1e3810e73c39"},"headline":"En Rep\u00fablica Dominicana, la Iglesia Adventista celebra la culminaci\u00f3n de esfuerzos de evangelizaci\u00f3n","datePublished":"2015-01-19T04:00:00+00:00","mainEntityOfPage":{"@id":"https:\/\/interamerica.org\/es\/2015\/01\/en-republica-dominicana-la-iglesia-adventista-celebra-la-culminacion-de-esfuerzos-de-evangelizacion\/"},"wordCount":1231,"image":{"@id":"https:\/\/interamerica.org\/es\/2015\/01\/en-republica-dominicana-la-iglesia-adventista-celebra-la-culminacion-de-esfuerzos-de-evangelizacion\/#primaryimage"},"thumbnailUrl":"https:\/\/interamerica.org\/wp-content\/uploads\/2017\/06\/RD-drone400.png","articleSection":["Desde el campo","RSS Espa\u00f1ol"],"inLanguage":"es"},{"@type":"WebPage","@id":"https:\/\/interamerica.org\/es\/2015\/01\/en-republica-dominicana-la-iglesia-adventista-celebra-la-culminacion-de-esfuerzos-de-evangelizacion\/","url":"https:\/\/interamerica.org\/es\/2015\/01\/en-republica-dominicana-la-iglesia-adventista-celebra-la-culminacion-de-esfuerzos-de-evangelizacion\/","name":"En Rep\u00fablica Dominicana, la Iglesia Adventista celebra la culminaci\u00f3n de esfuerzos de evangelizaci\u00f3n - Iglesia Adventista del S\u00e9ptimo D\u00eda - Divisi\u00f3n Interamericana","isPartOf":{"@id":"https:\/\/interamerica.org\/es\/#website"},"primaryImageOfPage":{"@id":"https:\/\/interamerica.org\/es\/2015\/01\/en-republica-dominicana-la-iglesia-adventista-celebra-la-culminacion-de-esfuerzos-de-evangelizacion\/#primaryimage"},"image":{"@id":"https:\/\/interamerica.org\/es\/2015\/01\/en-republica-dominicana-la-iglesia-adventista-celebra-la-culminacion-de-esfuerzos-de-evangelizacion\/#primaryimage"},"thumbnailUrl":"https:\/\/interamerica.org\/wp-content\/uploads\/2017\/06\/RD-drone400.png","datePublished":"2015-01-19T04:00:00+00:00","author":{"@id":"https:\/\/interamerica.org\/es\/#\/schema\/person\/68ede8bdc292885bb76c1e3810e73c39"},"breadcrumb":{"@id":"https:\/\/interamerica.org\/es\/2015\/01\/en-republica-dominicana-la-iglesia-adventista-celebra-la-culminacion-de-esfuerzos-de-evangelizacion\/#breadcrumb"},"inLanguage":"es","potentialAction":[{"@type":"ReadAction","target":["https:\/\/interamerica.org\/es\/2015\/01\/en-republica-dominicana-la-iglesia-adventista-celebra-la-culminacion-de-esfuerzos-de-evangelizacion\/"]}]},{"@type":"ImageObject","inLanguage":"es","@id":"https:\/\/interamerica.org\/es\/2015\/01\/en-republica-dominicana-la-iglesia-adventista-celebra-la-culminacion-de-esfuerzos-de-evangelizacion\/#primaryimage","url":"https:\/\/interamerica.org\/wp-content\/uploads\/2017\/06\/RD-drone400.png","contentUrl":"https:\/\/interamerica.org\/wp-content\/uploads\/2017\/06\/RD-drone400.png","width":400,"height":221},{"@type":"BreadcrumbList","@id":"https:\/\/interamerica.org\/es\/2015\/01\/en-republica-dominicana-la-iglesia-adventista-celebra-la-culminacion-de-esfuerzos-de-evangelizacion\/#breadcrumb","itemListElement":[{"@type":"ListItem","position":1,"name":"Home","item":"https:\/\/interamerica.org\/es\/"},{"@type":"ListItem","position":2,"name":"En Rep\u00fablica Dominicana, la Iglesia Adventista celebra la culminaci\u00f3n de esfuerzos de evangelizaci\u00f3n"}]},{"@type":"WebSite","@id":"https:\/\/interamerica.org\/es\/#website","url":"https:\/\/interamerica.org\/es\/","name":"Iglesia Adventista del S\u00e9ptimo D\u00eda - Divisi\u00f3n Interamericana","description":"","potentialAction":[{"@type":"SearchAction","target":{"@type":"EntryPoint","urlTemplate":"https:\/\/interamerica.org\/es\/?s={search_term_string}"},"query-input":{"@type":"PropertyValueSpecification","valueRequired":true,"valueName":"search_term_string"}}],"inLanguage":"es"},{"@type":"Person","@id":"https:\/\/interamerica.org\/es\/#\/schema\/person\/68ede8bdc292885bb76c1e3810e73c39","name":"Lorenzo Verduzco","image":{"@type":"ImageObject","inLanguage":"es","@id":"https:\/\/secure.gravatar.com\/avatar\/fb81a55b6218459490a9c1dc841a34909185b81904c5337b4b27f7a6fd60c49e?s=96&d=mm&r=g","url":"https:\/\/secure.gravatar.com\/avatar\/fb81a55b6218459490a9c1dc841a34909185b81904c5337b4b27f7a6fd60c49e?s=96&d=mm&r=g","contentUrl":"https:\/\/secure.gravatar.com\/avatar\/fb81a55b6218459490a9c1dc841a34909185b81904c5337b4b27f7a6fd60c49e?s=96&d=mm&r=g","caption":"Lorenzo Verduzco"}}]}},"_links":{"self":[{"href":"https:\/\/interamerica.org\/es\/wp-json\/wp\/v2\/posts\/30705","targetHints":{"allow":["GET"]}}],"collection":[{"href":"https:\/\/interamerica.org\/es\/wp-json\/wp\/v2\/posts"}],"about":[{"href":"https:\/\/interamerica.org\/es\/wp-json\/wp\/v2\/types\/post"}],"author":[{"embeddable":true,"href":"https:\/\/interamerica.org\/es\/wp-json\/wp\/v2\/users\/1"}],"replies":[{"embeddable":true,"href":"https:\/\/interamerica.org\/es\/wp-json\/wp\/v2\/comments?post=30705"}],"version-history":[{"count":0,"href":"https:\/\/interamerica.org\/es\/wp-json\/wp\/v2\/posts\/30705\/revisions"}],"wp:featuredmedia":[{"embeddable":true,"href":"https:\/\/interamerica.org\/es\/wp-json\/wp\/v2\/media\/24281"}],"wp:attachment":[{"href":"https:\/\/interamerica.org\/es\/wp-json\/wp\/v2\/media?parent=30705"}],"wp:term":[{"taxonomy":"category","embeddable":true,"href":"https:\/\/interamerica.org\/es\/wp-json\/wp\/v2\/categories?post=30705"},{"taxonomy":"post_tag","embeddable":true,"href":"https:\/\/interamerica.org\/es\/wp-json\/wp\/v2\/tags?post=30705"}],"curies":[{"name":"wp","href":"https:\/\/api.w.org\/{rel}","templated":true}]}}