{"id":30707,"date":"2015-01-24T00:00:00","date_gmt":"2015-01-24T04:00:00","guid":{"rendered":"http:\/\/192.81.217.108\/interamerica\/2015\/01\/conferencia-adventista-de-comunicacion-y-tecnologia-del-11-al-15-de-febrero\/"},"modified":"2015-01-24T00:00:00","modified_gmt":"2015-01-24T04:00:00","slug":"conferencia-adventista-de-comunicacion-y-tecnologia-del-11-al-15-de-febrero","status":"publish","type":"post","link":"https:\/\/interamerica.org\/es\/2015\/01\/conferencia-adventista-de-comunicacion-y-tecnologia-del-11-al-15-de-febrero\/","title":{"rendered":"Conferencia adventista de comunicaci\u00f3n y tecnolog\u00eda, del 11 al 15 de febrero"},"content":{"rendered":"<p>23 de enero de 2015 | Silver Spring, Maryland, Estados Unidos | ANN<\/p>\n<p>Los adventistas que participen en la Red de Internet Global Adventista (GAiN) se reunir\u00e1n en una nueva ubicaci\u00f3n: en l\u00ednea.<\/p>\n<p><a href=\"\/interamerica\/wp-content\/uploads\/2017\/06\/csm_Screen_Shot_2015-01-23_at_8.40.55_AM_e609a86cd7.png\" rel=\"fancybox\" title=\"Conferencia adventista de comunicaci\u00f3n y tecnolog\u00eda, del 11 al 15 de febrero\"><img fetchpriority=\"high\" decoding=\"async\" class=\"alignright size-full wp-image-14926\" src=\"\/interamerica\/wp-content\/uploads\/2017\/06\/csm_Screen_Shot_2015-01-23_at_8.40.55_AM_e609a86cd7.png\" alt=\"\" width=\"400\" height=\"236\" \/><\/a>La conferencia anual en la que los participantes examinan tendencias emergentes de ministerio y tecnolog\u00eda ser\u00e1 llevada a cabo del 11 al 15 de febrero de \u00a0<a href=\"http:\/\/gain.adventist.org\/\">gain.adventist.org<\/a>. Cada presentaci\u00f3n, seguida por discusiones en vivo, ser\u00e1 transmitida tres veces al d\u00eda a fin de incluir a los participantes de los diversos husos horarios.<\/p>\n<p>Los organizadores dijeron que la medida del formato en l\u00ednea que, se espera, atraiga a la mayor asistencia hasta ahora a esa conferencia, se debe a que este a\u00f1o est\u00e1 planificado el Congreso de la Asociaci\u00f3n General, un encuentro espiritual y asamblea de diez d\u00edas que se llevar\u00e1 a cabo en julio pr\u00f3ximo.<\/p>\n<p>\u00abMuchas personas usar\u00e1n sus recursos para viajar a San Antonio, en el estado de Texas, Estados Unidos, para el Congreso de la Asociaci\u00f3n General, de manera que fue razonable que pensemos en otras opciones para el encuentro de GAiN\u00bb, dijo Williams Costa Jr., director de Comunicaci\u00f3n de la Iglesia Adventista mundial. \u00abEs una manera de involucrar a las personas en un di\u00e1logo sobre la tecnolog\u00eda, el ministerio y el evangelismo\u00bb.<\/p>\n<p>La conferencia de este a\u00f1o ser\u00e1 ofrecida en ingl\u00e9s, y ser\u00e1 interpretada en vivo \u00a0al franc\u00e9s, el portugu\u00e9s y el espa\u00f1ol.<\/p>\n<p>Costa dijo que se anima a los participantes a que se junten en grupos en las iglesias, las oficinas o los hogares.<\/p>\n<p>Entre los temas de las presentaciones se ha planificado hablar de seguridad cibern\u00e9tica, criptomoneda, desarrollo de aplicaciones, educaci\u00f3n a distancia, uso de marca, utilizaci\u00f3n de juegos para esparcir el evangelio, y operaci\u00f3n de un departamento de tecnolog\u00eda de la informaci\u00f3n con un determinado presupuesto.<\/p>\n<p>Varios l\u00edderes de Comunicaciones y de Tecnolog\u00eda de la Informaci\u00f3n de la iglesia dijeron que la conferencia anual de GAiN es un encuentro clave que permite colaborar en diversos proyectos y compartir consejos para el ministerio.<\/p>\n<p>\u00abLa acci\u00f3n de compartir ideas, proyectos y noticias siempre ha movido a la acci\u00f3n a los que trabajan en comunicaciones y tecnolog\u00eda, un campo en desarrollo continuo\u00bb, dijo Corrado Cozzi, director de Comunicaci\u00f3n de la Divisi\u00f3n Intereuropea de la Iglesia Adventista, con sede en Berna, Suiza. \u00abYo personalmente me he beneficiado de cada conferencia anual donde estuve presente, especialmente en t\u00e9rminos de las innovaciones que compartimos con la intenci\u00f3n de crear sinergia y trabajos conjuntos\u00bb.<\/p>\n<p>Kirk Nugent, especialista en tecnolog\u00eda, dijo: \u00abGAiN es uno de los momentos destacados del a\u00f1o para m\u00ed, porque para que la tecnolog\u00eda de la informaci\u00f3n sea verdaderamente relevante, tenemos que hallar una manera de vincularla en forma directa con la misi\u00f3n general de la iglesia. Nugent, quien es director de Tecnolog\u00eda de la Informaci\u00f3n de la Divisi\u00f3n de \u00c1frica Meridional y Oc\u00e9ano \u00cdndico de la Iglesia Adventista, con sede en Pretoria, Sud\u00e1frica, expres\u00f3: \u00abNuestros objetivos son los mismos, y es solo involucrando a todos que podemos ser efectivos para la causa de Cristo\u00bb.<\/p>\n<p>Si desea registrarse gratuitamente y ver el cronograma de la conferencia, visite\u00a0<a href=\"http:\/\/gain.adventist.org\/\">gain.adventist.org<\/a>.<\/p>\n<p>La etiqueta del evento es #GAiN15.<\/p>\n<p><em>Traducci\u00f3n de Marcos Paseggi<\/em><\/p>\n","protected":false},"excerpt":{"rendered":"<p>Los adventistas que participen en la Red de Internet Global Adventista (GAiN) se reunir\u00e1n en una nueva ubicaci\u00f3n: en l\u00ednea. La conferencia anual en la que los participantes examinan tendencias emergentes de ministerio y tecnolog\u00eda ser\u00e1 llevada a cabo del 11 al 15 de febrero de  gain.adventist.org. Cada presentaci\u00f3n, seguida por discusiones en vivo, ser\u00e1 transmitida tres veces al d\u00eda a fin de incluir a los participantes de los diversos husos horarios.<\/p>\n","protected":false},"author":1,"featured_media":24310,"comment_status":"closed","ping_status":"closed","sticky":false,"template":"","format":"standard","meta":{"_acf_changed":false,"footnotes":""},"categories":[14,15],"tags":[],"class_list":["post-30707","post","type-post","status-publish","format-standard","has-post-thumbnail","hentry","category-de-la-iglesia-mundial","category-rss-espanol"],"acf":[],"yoast_head":"<!-- This site is optimized with the Yoast SEO plugin v27.3 - https:\/\/yoast.com\/product\/yoast-seo-wordpress\/ -->\n<title>Conferencia adventista de comunicaci\u00f3n y tecnolog\u00eda, del 11 al 15 de febrero - Iglesia Adventista del S\u00e9ptimo D\u00eda - Divisi\u00f3n Interamericana<\/title>\n<meta name=\"robots\" content=\"index, follow, max-snippet:-1, max-image-preview:large, max-video-preview:-1\" \/>\n<link rel=\"canonical\" href=\"https:\/\/interamerica.org\/es\/2015\/01\/conferencia-adventista-de-comunicacion-y-tecnologia-del-11-al-15-de-febrero\/\" \/>\n<meta property=\"og:locale\" content=\"es_ES\" \/>\n<meta property=\"og:type\" content=\"article\" \/>\n<meta property=\"og:title\" content=\"Conferencia adventista de comunicaci\u00f3n y tecnolog\u00eda, del 11 al 15 de febrero - Iglesia Adventista del S\u00e9ptimo D\u00eda - Divisi\u00f3n Interamericana\" \/>\n<meta property=\"og:description\" content=\"Los adventistas que participen en la Red de Internet Global Adventista (GAiN) se reunir\u00e1n en una nueva ubicaci\u00f3n: en l\u00ednea. La conferencia anual en la que los participantes examinan tendencias emergentes de ministerio y tecnolog\u00eda ser\u00e1 llevada a cabo del 11 al 15 de febrero de gain.adventist.org. Cada presentaci\u00f3n, seguida por discusiones en vivo, ser\u00e1 transmitida tres veces al d\u00eda a fin de incluir a los participantes de los diversos husos horarios.\" \/>\n<meta property=\"og:url\" content=\"https:\/\/interamerica.org\/es\/2015\/01\/conferencia-adventista-de-comunicacion-y-tecnologia-del-11-al-15-de-febrero\/\" \/>\n<meta property=\"og:site_name\" content=\"Iglesia Adventista del S\u00e9ptimo D\u00eda - Divisi\u00f3n Interamericana\" \/>\n<meta property=\"article:published_time\" content=\"2015-01-24T04:00:00+00:00\" \/>\n<meta property=\"og:image\" content=\"https:\/\/interamerica.org\/wp-content\/uploads\/2017\/06\/csm_Screen_Shot_2015-01-23_at_8.40.55_AM_e609a86cd7.png\" \/>\n\t<meta property=\"og:image:width\" content=\"400\" \/>\n\t<meta property=\"og:image:height\" content=\"236\" \/>\n\t<meta property=\"og:image:type\" content=\"image\/png\" \/>\n<meta name=\"author\" content=\"Lorenzo Verduzco\" \/>\n<meta name=\"twitter:card\" content=\"summary_large_image\" \/>\n<meta name=\"twitter:label1\" content=\"Escrito por\" \/>\n\t<meta name=\"twitter:data1\" content=\"Lorenzo Verduzco\" \/>\n\t<meta name=\"twitter:label2\" content=\"Tiempo de lectura\" \/>\n\t<meta name=\"twitter:data2\" content=\"3 minutos\" \/>\n<script type=\"application\/ld+json\" class=\"yoast-schema-graph\">{\"@context\":\"https:\\\/\\\/schema.org\",\"@graph\":[{\"@type\":\"Article\",\"@id\":\"https:\\\/\\\/interamerica.org\\\/es\\\/2015\\\/01\\\/conferencia-adventista-de-comunicacion-y-tecnologia-del-11-al-15-de-febrero\\\/#article\",\"isPartOf\":{\"@id\":\"https:\\\/\\\/interamerica.org\\\/es\\\/2015\\\/01\\\/conferencia-adventista-de-comunicacion-y-tecnologia-del-11-al-15-de-febrero\\\/\"},\"author\":{\"name\":\"Lorenzo Verduzco\",\"@id\":\"https:\\\/\\\/interamerica.org\\\/es\\\/#\\\/schema\\\/person\\\/68ede8bdc292885bb76c1e3810e73c39\"},\"headline\":\"Conferencia adventista de comunicaci\u00f3n y tecnolog\u00eda, del 11 al 15 de febrero\",\"datePublished\":\"2015-01-24T04:00:00+00:00\",\"mainEntityOfPage\":{\"@id\":\"https:\\\/\\\/interamerica.org\\\/es\\\/2015\\\/01\\\/conferencia-adventista-de-comunicacion-y-tecnologia-del-11-al-15-de-febrero\\\/\"},\"wordCount\":580,\"image\":{\"@id\":\"https:\\\/\\\/interamerica.org\\\/es\\\/2015\\\/01\\\/conferencia-adventista-de-comunicacion-y-tecnologia-del-11-al-15-de-febrero\\\/#primaryimage\"},\"thumbnailUrl\":\"https:\\\/\\\/interamerica.org\\\/wp-content\\\/uploads\\\/2017\\\/06\\\/csm_Screen_Shot_2015-01-23_at_8.40.55_AM_e609a86cd7.png\",\"articleSection\":[\"Desde la iglesia mundial\",\"RSS Espa\u00f1ol\"],\"inLanguage\":\"es\"},{\"@type\":\"WebPage\",\"@id\":\"https:\\\/\\\/interamerica.org\\\/es\\\/2015\\\/01\\\/conferencia-adventista-de-comunicacion-y-tecnologia-del-11-al-15-de-febrero\\\/\",\"url\":\"https:\\\/\\\/interamerica.org\\\/es\\\/2015\\\/01\\\/conferencia-adventista-de-comunicacion-y-tecnologia-del-11-al-15-de-febrero\\\/\",\"name\":\"Conferencia adventista de comunicaci\u00f3n y tecnolog\u00eda, del 11 al 15 de febrero - Iglesia Adventista del S\u00e9ptimo D\u00eda - Divisi\u00f3n Interamericana\",\"isPartOf\":{\"@id\":\"https:\\\/\\\/interamerica.org\\\/es\\\/#website\"},\"primaryImageOfPage\":{\"@id\":\"https:\\\/\\\/interamerica.org\\\/es\\\/2015\\\/01\\\/conferencia-adventista-de-comunicacion-y-tecnologia-del-11-al-15-de-febrero\\\/#primaryimage\"},\"image\":{\"@id\":\"https:\\\/\\\/interamerica.org\\\/es\\\/2015\\\/01\\\/conferencia-adventista-de-comunicacion-y-tecnologia-del-11-al-15-de-febrero\\\/#primaryimage\"},\"thumbnailUrl\":\"https:\\\/\\\/interamerica.org\\\/wp-content\\\/uploads\\\/2017\\\/06\\\/csm_Screen_Shot_2015-01-23_at_8.40.55_AM_e609a86cd7.png\",\"datePublished\":\"2015-01-24T04:00:00+00:00\",\"author\":{\"@id\":\"https:\\\/\\\/interamerica.org\\\/es\\\/#\\\/schema\\\/person\\\/68ede8bdc292885bb76c1e3810e73c39\"},\"breadcrumb\":{\"@id\":\"https:\\\/\\\/interamerica.org\\\/es\\\/2015\\\/01\\\/conferencia-adventista-de-comunicacion-y-tecnologia-del-11-al-15-de-febrero\\\/#breadcrumb\"},\"inLanguage\":\"es\",\"potentialAction\":[{\"@type\":\"ReadAction\",\"target\":[\"https:\\\/\\\/interamerica.org\\\/es\\\/2015\\\/01\\\/conferencia-adventista-de-comunicacion-y-tecnologia-del-11-al-15-de-febrero\\\/\"]}]},{\"@type\":\"ImageObject\",\"inLanguage\":\"es\",\"@id\":\"https:\\\/\\\/interamerica.org\\\/es\\\/2015\\\/01\\\/conferencia-adventista-de-comunicacion-y-tecnologia-del-11-al-15-de-febrero\\\/#primaryimage\",\"url\":\"https:\\\/\\\/interamerica.org\\\/wp-content\\\/uploads\\\/2017\\\/06\\\/csm_Screen_Shot_2015-01-23_at_8.40.55_AM_e609a86cd7.png\",\"contentUrl\":\"https:\\\/\\\/interamerica.org\\\/wp-content\\\/uploads\\\/2017\\\/06\\\/csm_Screen_Shot_2015-01-23_at_8.40.55_AM_e609a86cd7.png\",\"width\":400,\"height\":236},{\"@type\":\"BreadcrumbList\",\"@id\":\"https:\\\/\\\/interamerica.org\\\/es\\\/2015\\\/01\\\/conferencia-adventista-de-comunicacion-y-tecnologia-del-11-al-15-de-febrero\\\/#breadcrumb\",\"itemListElement\":[{\"@type\":\"ListItem\",\"position\":1,\"name\":\"Home\",\"item\":\"https:\\\/\\\/interamerica.org\\\/es\\\/\"},{\"@type\":\"ListItem\",\"position\":2,\"name\":\"Conferencia adventista de comunicaci\u00f3n y tecnolog\u00eda, del 11 al 15 de febrero\"}]},{\"@type\":\"WebSite\",\"@id\":\"https:\\\/\\\/interamerica.org\\\/es\\\/#website\",\"url\":\"https:\\\/\\\/interamerica.org\\\/es\\\/\",\"name\":\"Iglesia Adventista del S\u00e9ptimo D\u00eda - Divisi\u00f3n Interamericana\",\"description\":\"\",\"potentialAction\":[{\"@type\":\"SearchAction\",\"target\":{\"@type\":\"EntryPoint\",\"urlTemplate\":\"https:\\\/\\\/interamerica.org\\\/es\\\/?s={search_term_string}\"},\"query-input\":{\"@type\":\"PropertyValueSpecification\",\"valueRequired\":true,\"valueName\":\"search_term_string\"}}],\"inLanguage\":\"es\"},{\"@type\":\"Person\",\"@id\":\"https:\\\/\\\/interamerica.org\\\/es\\\/#\\\/schema\\\/person\\\/68ede8bdc292885bb76c1e3810e73c39\",\"name\":\"Lorenzo Verduzco\",\"image\":{\"@type\":\"ImageObject\",\"inLanguage\":\"es\",\"@id\":\"https:\\\/\\\/secure.gravatar.com\\\/avatar\\\/fb81a55b6218459490a9c1dc841a34909185b81904c5337b4b27f7a6fd60c49e?s=96&d=mm&r=g\",\"url\":\"https:\\\/\\\/secure.gravatar.com\\\/avatar\\\/fb81a55b6218459490a9c1dc841a34909185b81904c5337b4b27f7a6fd60c49e?s=96&d=mm&r=g\",\"contentUrl\":\"https:\\\/\\\/secure.gravatar.com\\\/avatar\\\/fb81a55b6218459490a9c1dc841a34909185b81904c5337b4b27f7a6fd60c49e?s=96&d=mm&r=g\",\"caption\":\"Lorenzo Verduzco\"}}]}<\/script>\n<!-- \/ Yoast SEO plugin. -->","yoast_head_json":{"title":"Conferencia adventista de comunicaci\u00f3n y tecnolog\u00eda, del 11 al 15 de febrero - Iglesia Adventista del S\u00e9ptimo D\u00eda - Divisi\u00f3n Interamericana","robots":{"index":"index","follow":"follow","max-snippet":"max-snippet:-1","max-image-preview":"max-image-preview:large","max-video-preview":"max-video-preview:-1"},"canonical":"https:\/\/interamerica.org\/es\/2015\/01\/conferencia-adventista-de-comunicacion-y-tecnologia-del-11-al-15-de-febrero\/","og_locale":"es_ES","og_type":"article","og_title":"Conferencia adventista de comunicaci\u00f3n y tecnolog\u00eda, del 11 al 15 de febrero - Iglesia Adventista del S\u00e9ptimo D\u00eda - Divisi\u00f3n Interamericana","og_description":"Los adventistas que participen en la Red de Internet Global Adventista (GAiN) se reunir\u00e1n en una nueva ubicaci\u00f3n: en l\u00ednea. La conferencia anual en la que los participantes examinan tendencias emergentes de ministerio y tecnolog\u00eda ser\u00e1 llevada a cabo del 11 al 15 de febrero de gain.adventist.org. Cada presentaci\u00f3n, seguida por discusiones en vivo, ser\u00e1 transmitida tres veces al d\u00eda a fin de incluir a los participantes de los diversos husos horarios.","og_url":"https:\/\/interamerica.org\/es\/2015\/01\/conferencia-adventista-de-comunicacion-y-tecnologia-del-11-al-15-de-febrero\/","og_site_name":"Iglesia Adventista del S\u00e9ptimo D\u00eda - Divisi\u00f3n Interamericana","article_published_time":"2015-01-24T04:00:00+00:00","og_image":[{"width":400,"height":236,"url":"https:\/\/interamerica.org\/wp-content\/uploads\/2017\/06\/csm_Screen_Shot_2015-01-23_at_8.40.55_AM_e609a86cd7.png","type":"image\/png"}],"author":"Lorenzo Verduzco","twitter_card":"summary_large_image","twitter_misc":{"Escrito por":"Lorenzo Verduzco","Tiempo de lectura":"3 minutos"},"schema":{"@context":"https:\/\/schema.org","@graph":[{"@type":"Article","@id":"https:\/\/interamerica.org\/es\/2015\/01\/conferencia-adventista-de-comunicacion-y-tecnologia-del-11-al-15-de-febrero\/#article","isPartOf":{"@id":"https:\/\/interamerica.org\/es\/2015\/01\/conferencia-adventista-de-comunicacion-y-tecnologia-del-11-al-15-de-febrero\/"},"author":{"name":"Lorenzo Verduzco","@id":"https:\/\/interamerica.org\/es\/#\/schema\/person\/68ede8bdc292885bb76c1e3810e73c39"},"headline":"Conferencia adventista de comunicaci\u00f3n y tecnolog\u00eda, del 11 al 15 de febrero","datePublished":"2015-01-24T04:00:00+00:00","mainEntityOfPage":{"@id":"https:\/\/interamerica.org\/es\/2015\/01\/conferencia-adventista-de-comunicacion-y-tecnologia-del-11-al-15-de-febrero\/"},"wordCount":580,"image":{"@id":"https:\/\/interamerica.org\/es\/2015\/01\/conferencia-adventista-de-comunicacion-y-tecnologia-del-11-al-15-de-febrero\/#primaryimage"},"thumbnailUrl":"https:\/\/interamerica.org\/wp-content\/uploads\/2017\/06\/csm_Screen_Shot_2015-01-23_at_8.40.55_AM_e609a86cd7.png","articleSection":["Desde la iglesia mundial","RSS Espa\u00f1ol"],"inLanguage":"es"},{"@type":"WebPage","@id":"https:\/\/interamerica.org\/es\/2015\/01\/conferencia-adventista-de-comunicacion-y-tecnologia-del-11-al-15-de-febrero\/","url":"https:\/\/interamerica.org\/es\/2015\/01\/conferencia-adventista-de-comunicacion-y-tecnologia-del-11-al-15-de-febrero\/","name":"Conferencia adventista de comunicaci\u00f3n y tecnolog\u00eda, del 11 al 15 de febrero - Iglesia Adventista del S\u00e9ptimo D\u00eda - Divisi\u00f3n Interamericana","isPartOf":{"@id":"https:\/\/interamerica.org\/es\/#website"},"primaryImageOfPage":{"@id":"https:\/\/interamerica.org\/es\/2015\/01\/conferencia-adventista-de-comunicacion-y-tecnologia-del-11-al-15-de-febrero\/#primaryimage"},"image":{"@id":"https:\/\/interamerica.org\/es\/2015\/01\/conferencia-adventista-de-comunicacion-y-tecnologia-del-11-al-15-de-febrero\/#primaryimage"},"thumbnailUrl":"https:\/\/interamerica.org\/wp-content\/uploads\/2017\/06\/csm_Screen_Shot_2015-01-23_at_8.40.55_AM_e609a86cd7.png","datePublished":"2015-01-24T04:00:00+00:00","author":{"@id":"https:\/\/interamerica.org\/es\/#\/schema\/person\/68ede8bdc292885bb76c1e3810e73c39"},"breadcrumb":{"@id":"https:\/\/interamerica.org\/es\/2015\/01\/conferencia-adventista-de-comunicacion-y-tecnologia-del-11-al-15-de-febrero\/#breadcrumb"},"inLanguage":"es","potentialAction":[{"@type":"ReadAction","target":["https:\/\/interamerica.org\/es\/2015\/01\/conferencia-adventista-de-comunicacion-y-tecnologia-del-11-al-15-de-febrero\/"]}]},{"@type":"ImageObject","inLanguage":"es","@id":"https:\/\/interamerica.org\/es\/2015\/01\/conferencia-adventista-de-comunicacion-y-tecnologia-del-11-al-15-de-febrero\/#primaryimage","url":"https:\/\/interamerica.org\/wp-content\/uploads\/2017\/06\/csm_Screen_Shot_2015-01-23_at_8.40.55_AM_e609a86cd7.png","contentUrl":"https:\/\/interamerica.org\/wp-content\/uploads\/2017\/06\/csm_Screen_Shot_2015-01-23_at_8.40.55_AM_e609a86cd7.png","width":400,"height":236},{"@type":"BreadcrumbList","@id":"https:\/\/interamerica.org\/es\/2015\/01\/conferencia-adventista-de-comunicacion-y-tecnologia-del-11-al-15-de-febrero\/#breadcrumb","itemListElement":[{"@type":"ListItem","position":1,"name":"Home","item":"https:\/\/interamerica.org\/es\/"},{"@type":"ListItem","position":2,"name":"Conferencia adventista de comunicaci\u00f3n y tecnolog\u00eda, del 11 al 15 de febrero"}]},{"@type":"WebSite","@id":"https:\/\/interamerica.org\/es\/#website","url":"https:\/\/interamerica.org\/es\/","name":"Iglesia Adventista del S\u00e9ptimo D\u00eda - Divisi\u00f3n Interamericana","description":"","potentialAction":[{"@type":"SearchAction","target":{"@type":"EntryPoint","urlTemplate":"https:\/\/interamerica.org\/es\/?s={search_term_string}"},"query-input":{"@type":"PropertyValueSpecification","valueRequired":true,"valueName":"search_term_string"}}],"inLanguage":"es"},{"@type":"Person","@id":"https:\/\/interamerica.org\/es\/#\/schema\/person\/68ede8bdc292885bb76c1e3810e73c39","name":"Lorenzo Verduzco","image":{"@type":"ImageObject","inLanguage":"es","@id":"https:\/\/secure.gravatar.com\/avatar\/fb81a55b6218459490a9c1dc841a34909185b81904c5337b4b27f7a6fd60c49e?s=96&d=mm&r=g","url":"https:\/\/secure.gravatar.com\/avatar\/fb81a55b6218459490a9c1dc841a34909185b81904c5337b4b27f7a6fd60c49e?s=96&d=mm&r=g","contentUrl":"https:\/\/secure.gravatar.com\/avatar\/fb81a55b6218459490a9c1dc841a34909185b81904c5337b4b27f7a6fd60c49e?s=96&d=mm&r=g","caption":"Lorenzo Verduzco"}}]}},"_links":{"self":[{"href":"https:\/\/interamerica.org\/es\/wp-json\/wp\/v2\/posts\/30707","targetHints":{"allow":["GET"]}}],"collection":[{"href":"https:\/\/interamerica.org\/es\/wp-json\/wp\/v2\/posts"}],"about":[{"href":"https:\/\/interamerica.org\/es\/wp-json\/wp\/v2\/types\/post"}],"author":[{"embeddable":true,"href":"https:\/\/interamerica.org\/es\/wp-json\/wp\/v2\/users\/1"}],"replies":[{"embeddable":true,"href":"https:\/\/interamerica.org\/es\/wp-json\/wp\/v2\/comments?post=30707"}],"version-history":[{"count":0,"href":"https:\/\/interamerica.org\/es\/wp-json\/wp\/v2\/posts\/30707\/revisions"}],"wp:featuredmedia":[{"embeddable":true,"href":"https:\/\/interamerica.org\/es\/wp-json\/wp\/v2\/media\/24310"}],"wp:attachment":[{"href":"https:\/\/interamerica.org\/es\/wp-json\/wp\/v2\/media?parent=30707"}],"wp:term":[{"taxonomy":"category","embeddable":true,"href":"https:\/\/interamerica.org\/es\/wp-json\/wp\/v2\/categories?post=30707"},{"taxonomy":"post_tag","embeddable":true,"href":"https:\/\/interamerica.org\/es\/wp-json\/wp\/v2\/tags?post=30707"}],"curies":[{"name":"wp","href":"https:\/\/api.w.org\/{rel}","templated":true}]}}