{"id":30708,"date":"2015-01-26T00:00:00","date_gmt":"2015-01-26T04:00:00","guid":{"rendered":"http:\/\/192.81.217.108\/interamerica\/2015\/01\/en-nueva-york-la-iglesia-adventista-patrocina-servicio-de-esperanza-y-sanidad-para-la-policia-y-los-ciudadanos\/"},"modified":"2015-01-26T00:00:00","modified_gmt":"2015-01-26T04:00:00","slug":"en-nueva-york-la-iglesia-adventista-patrocina-servicio-de-esperanza-y-sanidad-para-la-policia-y-los-ciudadanos","status":"publish","type":"post","link":"https:\/\/interamerica.org\/es\/2015\/01\/en-nueva-york-la-iglesia-adventista-patrocina-servicio-de-esperanza-y-sanidad-para-la-policia-y-los-ciudadanos\/","title":{"rendered":"En Nueva York, la Iglesia Adventista patrocina servicio de esperanza y sanidad para la polic\u00eda y los ciudadanos"},"content":{"rendered":"<p>23 de enero de 2015 | Brooklyn, Nueva York, Estados Unidos | Debra McKinney Banks -AUC y personal ANN<\/p>\n<div id=\"attachment_14944\" style=\"width: 310px\" class=\"wp-caption alignright\"><a href=\"\/interamerica\/wp-content\/uploads\/2017\/06\/csm_ny-panel-web_67d35fcbdf.jpg\" rel=\"fancybox\" title=\"En Nueva York, la Iglesia Adventista patrocina servicio de esperanza y sanidad para la polic\u00eda y los ciudadanos\"><img fetchpriority=\"high\" decoding=\"async\" aria-describedby=\"caption-attachment-14944\" class=\"size-medium wp-image-14944\" src=\"\/interamerica\/wp-content\/uploads\/2017\/06\/csm_ny-panel-web_67d35fcbdf-300x225.jpg\" alt=\"\" width=\"300\" height=\"225\" \/><\/a><p id=\"caption-attachment-14944\" class=\"wp-caption-text\">Dos unidades administrativas de la Iglesia Adventista, en el nivel de asociaci\u00f3n, patrocinaron un servicio de esperanza y sanidad en una iglesia adventista en Brooklyn, el pasado domingo 18 de enero. Aqu\u00ed un panel discute los asuntos en torno a incidentes policiales en Nueva York el mes pasado. De izquierda a derecha: Rohann D. Wellington, moderador; Allen Martin, de la Iglesia Adventista Bethel; NYPD Subcomisionado Ben Tucker; Shane Vidal, de la Iglesia Adventista Maranatha; Representantes de gobierno Hakeem Jeffries e Yvette Clarke; y Gilford Monrose, presidente del 67\u00ba Distrito de Asociaci\u00f3n Clerical. Imagen por Dawin Rodr\u00edguez\/ANN<\/p><\/div>\n<p>Una iglesia adventista en Nueva York celebr\u00f3 un servicio de esperanza y sanidad en su esfuerzo por calmar las tensiones de varias semanas de agitaci\u00f3n entre la polic\u00eda y los grupos de defensa de derechos civiles, provocadas por la muerte de un ciudadano y dos polic\u00edas.<\/p>\n<p>Unido a las celebraciones para conmemorar el legado del gran s\u00edmbolo de los derechos humanos, Martin Luther King Jr., el programa de Esperanza y Sanidad para Mejores Relaciones entre la Polic\u00eda y la Comunidad incluy\u00f3 a dirigentes de la iglesia, dirigentes de la comunidad, oficiales de polic\u00eda y representantes congresistas.<\/p>\n<p>Este programa, celebrado el 18 de enero del presente, en la Iglesia Adventista Flatbush, en Brooklyn, incluy\u00f3 oraciones en favor de dirigentes de la ciudad, por protecci\u00f3n para los m\u00e1s de 35,000 oficiales de polic\u00eda de la ciudad que patrullan las calles y por la sanidad procedente de Dios para aliviar el dolor y la desconfianza que reinan en la comunidad.<\/p>\n<p>Han aumentado las tensiones en Nueva York y en toda la naci\u00f3n, como resultado de algunos incidentes con la polic\u00eda, ocurridos al t\u00e9rmino del a\u00f1o pasado. En Nueva York, el ciudadano Eric Garner muri\u00f3 en julio como resultado de haber sido sujetado por el cuello al grado de estrangulaci\u00f3n por parte de un polic\u00eda. El gran jurado del condado decidi\u00f3 el 3 de diciembre no condenar a dicho polic\u00eda. El 20 de diciembre, dos oficiales de polic\u00eda fueron asesinados por un hombre que asegura que lo hizo por venganza. Ambos eventos levantaron protestas, manifestaciones y gran cobertura nacional por parte de los medios de comunicaci\u00f3n.<\/p>\n<p>En el programa del domingo, copatrocinado por la Iglesia Adventista de las Asociaciones de Greater New York y del Noreste, los dirigentes de la iglesia adventista apelaron a todos los grupos a la calma, la comprensi\u00f3n y la sanidad.<br \/>\n\u201cDurante las semanas pasadas, la ciudad ha estado agitada por las tensiones\u201d, dijo el presidente de la Asociaci\u00f3n del Noreste, Daniel Honor\u00e9. \u201cTodav\u00eda lloramos la muerte de Eric Garner. Todav\u00eda lloramos la p\u00e9rdida de los oficiales de polic\u00eda Wenjian Liu y Rafael Ramos. Sin embargo, la sociedad nos ha confrontado con una falsa decisi\u00f3n. Nos ha dicho: \u2018O bien, apoyas los derechos de la comunidad, o de otra manera apoyas a la polic\u00eda\u2019. Hoy categ\u00f3ricamente rechazo esta opci\u00f3n\u201d.<\/p>\n<p>El presidente de la Asociaci\u00f3n de Greater New York, G. Earl Knight, dijo que en vista de los recientes eventos que dividen la ciudad, \u201cnosotros, como comunidad de fe, no podemos quedarnos sentados restreg\u00e1ndonos las manos llenos de des\u00e1nimo. Somos un pueblo de esperanza, no de desesperanza. . . . Creemos que Dios puede sanar al quebrantado; \u00e9l puede sanar nuestras relaciones rotas\u201d.<br \/>\nLa Representante de gobierno, Yvette Clarke, del 9\u00ba Distrito Electoral de Nueva York, elogi\u00f3 a la denominaci\u00f3n por coordinar esta \u201creuni\u00f3n tan oportuna para el di\u00e1logo y la discusi\u00f3n\u201d. Y a\u00f1adi\u00f3: \u201cUstedes han decidido que la iglesia tiene su lugar siete d\u00edas a la semana. Desde tal comprensi\u00f3n del evangelio, podemos transformar la vida en los acontecimientos diarios; no solamente en el \u00e1mbito espiritual, sino ciertamente podemos provocar un cambio en el ambiente secular\u201d.<\/p>\n<p>Otros oficiales invitados presentaron tambi\u00e9n sus comentarios, incluyendo a la Abogada P\u00fablica de la Ciudad de Nueva York, Letitia James; al Representante Congresista Hakeem Jeffries del 8\u00ba Distrito Electoral; Harold Miller de la Unidad de Asuntos de la Comunidad, representando al alcalde Bill de Blasio; y Benjam\u00edn Tucker, Subcomisionado del Departamento de Polic\u00eda de Nueva York.<br \/>\nMuchos de los asistentes fueron j\u00f3venes y adultos j\u00f3venes. En otro esfuerzo de cooperaci\u00f3n, los directores de Ministerio de J\u00f3venes de ambas asociaciones, Andr\u00e9s Peralta (Greater New York) y Roger Wade (Noreste), dieron a la audiencia tarjetas con informaci\u00f3n acerca de c\u00f3mo una persona debe responder cuando lo para un polic\u00eda, as\u00ed como informaci\u00f3n acerca de derechos y responsabilidades de los ciudadanos.<\/p>\n<p>\u201cOrar no es lo \u00fanico que podemos hacer\u201d, dijo Roger Wade\u201d.<\/p>\n<p>El director de Comunicaci\u00f3n de la Asociaci\u00f3n Greater New York, Rohann Wellington, moder\u00f3 una discusi\u00f3n panel. A los oficiales elegidos y al primer subcomisionado de NYPD se les unieron el presidente del 67\u00ba Distrito de Asociaci\u00f3n Clerical, Gilford Monrose y los pastores de las asociaciones de Nueva York y del Noreste, Shane Vidal y Allen Martin, para hacer llegar las preguntas de Rohann Wellington y la audiencia.<\/p>\n<p>Cuando se le pregunt\u00f3 qu\u00e9 pasos deb\u00edan darse para salvar la brecha como resultado de los eventos recientes, Gilford Monrose cit\u00f3 ejemplos de activismo clerical durante la era de los Derechos Civiles en las d\u00e9cadas de los 1960 y los 1970. \u201cLos ministros del evangelio tienen el papel espec\u00edfico de orar, pero tenemos tambi\u00e9n que poner el pie dentro de nuestra fe. . . Tenemos trabajo que hacer y servir de enlace entre la polic\u00eda y nuestras comunidades\u201d. Dijo tambi\u00e9n que mientras que son inevitables la ira y la frustraci\u00f3n, los ministros religiosos pueden ser \u201cesa voz en el medio\u201d para mantener el flujo de comunicaci\u00f3n en ambos lados.<\/p>\n<p>Allen Martin se\u00f1al\u00f3 el enfoque m\u00e1s reactivo que han tenido las comunidades y cont\u00f3 su experiencia acerca de cuando visit\u00f3 Ferguson, Missouri, despu\u00e9s de que balacearon a Michael Brown. Al enfatizar la necesidad de participaci\u00f3n p\u00fablica antes de que ocurran las tragedias en la comunidad, dijo: \u201cHemos elegido oficiales en el podio, pero los oficiales electos nos representan . . . Nuestra responsabilidad es mantener responsables a dichos oficiales.<\/p>\n<p>Dijo adem\u00e1s: \u201cPodemos no hacer nada y dejar que sucedan las cosas sin levantar nuestra voz para expresar nuestra preocupaci\u00f3n. Y no podemos esperar a que alguien sea balaceado o que ocurra alguna tragedia, para entonces participar\u201d.<br \/>\nEl Pastor Shane Vidal habl\u00f3 en favor de un paradigma en la polic\u00eda que les permita a los oficiales del cuerpo policial enfocar su atenci\u00f3n no tanto en cu\u00e1ntos arrestos se hacen, sino en cu\u00e1ntas vidas pueden transformar a trav\u00e9s de sus diarios encuentros.<\/p>\n<p>Se preparar\u00e1n las recomendaciones producto del panel de discusi\u00f3n y ser\u00e1n presentadas a la oficina del alcalde de la Ciudad de Nueva York.<\/p>\n<p>El programa del domingo incluy\u00f3 tambi\u00e9n adoraci\u00f3n y una conferencia de prensa. Un momento conmovedor dentro del servicio ocurri\u00f3 cuando la audiencia\u2014compuesta por varias razas y etnicidades\u2014se puso de pie al un\u00edsono y aplaudi\u00f3 entusiastamente a Nathanel McKenzie, de ocho a\u00f1os de edad, cuando termin\u00f3 de recitar el discurso de Martin Luther King \u201cTengo un Sue\u00f1o\u201d.<\/p>\n<p>Las observaciones finales fueron presentadas por Abraham Jules, pastor de la Iglesia Adventista Centro de Adoraci\u00f3n Comunitario. Usando la par\u00e1bola del Buen Samaritano, relatada por Cristo, el Pastor Jules le record\u00f3 a la audiencia que aquellos que han sido lastimados, con frecuencia tienen una mayor capacidad de convertirse en agentes de sanidad.<\/p>\n<p>Se est\u00e1n haciendo planes futuros para edificar sobre las relaciones formadas en este evento y proveer una presencia preactiva en los vecindarios afectados por estas tragedias.<\/p>\n<p>Traducci\u00f3n por Gloria A. Castrej\u00f3n<\/p>\n","protected":false},"excerpt":{"rendered":"<p>Una iglesia adventista en Nueva York celebr\u00f3 un servicio de esperanza y sanidad en su esfuerzo por calmar las tensiones de varias semanas de agitaci\u00f3n entre la polic\u00eda y los grupos de defensa de derechos civiles, provocadas por la muerte de un ciudadano y dos polic\u00edas.  <\/p>\n<p>Unido a las celebraciones para conmemorar el legado del gran s\u00edmbolo de los derechos humanos, Martin Luther King Jr., el programa de Esperanza y Sanidad para Mejores Relaciones entre la Polic\u00eda y la Comunidad incluy\u00f3 a dirigentes de la iglesia, dirigentes de la comunidad, oficiales de polic\u00eda y representantes congresistas.<\/p>\n","protected":false},"author":1,"featured_media":24314,"comment_status":"closed","ping_status":"closed","sticky":false,"template":"","format":"standard","meta":{"_acf_changed":false,"footnotes":""},"categories":[14,15],"tags":[],"class_list":["post-30708","post","type-post","status-publish","format-standard","has-post-thumbnail","hentry","category-de-la-iglesia-mundial","category-rss-espanol"],"acf":[],"yoast_head":"<!-- This site is optimized with the Yoast SEO plugin v27.3 - https:\/\/yoast.com\/product\/yoast-seo-wordpress\/ -->\n<title>En Nueva York, la Iglesia Adventista patrocina servicio de esperanza y sanidad para la polic\u00eda y los ciudadanos - Iglesia Adventista del S\u00e9ptimo D\u00eda - Divisi\u00f3n Interamericana<\/title>\n<meta name=\"robots\" content=\"index, follow, max-snippet:-1, max-image-preview:large, max-video-preview:-1\" \/>\n<link rel=\"canonical\" href=\"https:\/\/interamerica.org\/es\/2015\/01\/en-nueva-york-la-iglesia-adventista-patrocina-servicio-de-esperanza-y-sanidad-para-la-policia-y-los-ciudadanos\/\" \/>\n<meta property=\"og:locale\" content=\"es_ES\" \/>\n<meta property=\"og:type\" content=\"article\" \/>\n<meta property=\"og:title\" content=\"En Nueva York, la Iglesia Adventista patrocina servicio de esperanza y sanidad para la polic\u00eda y los ciudadanos - Iglesia Adventista del S\u00e9ptimo D\u00eda - Divisi\u00f3n Interamericana\" \/>\n<meta property=\"og:description\" content=\"Una iglesia adventista en Nueva York celebr\u00f3 un servicio de esperanza y sanidad en su esfuerzo por calmar las tensiones de varias semanas de agitaci\u00f3n entre la polic\u00eda y los grupos de defensa de derechos civiles, provocadas por la muerte de un ciudadano y dos polic\u00edas.  Unido a las celebraciones para conmemorar el legado del gran s\u00edmbolo de los derechos humanos, Martin Luther King Jr., el programa de Esperanza y Sanidad para Mejores Relaciones entre la Polic\u00eda y la Comunidad incluy\u00f3 a dirigentes de la iglesia, dirigentes de la comunidad, oficiales de polic\u00eda y representantes congresistas.\" \/>\n<meta property=\"og:url\" content=\"https:\/\/interamerica.org\/es\/2015\/01\/en-nueva-york-la-iglesia-adventista-patrocina-servicio-de-esperanza-y-sanidad-para-la-policia-y-los-ciudadanos\/\" \/>\n<meta property=\"og:site_name\" content=\"Iglesia Adventista del S\u00e9ptimo D\u00eda - Divisi\u00f3n Interamericana\" \/>\n<meta property=\"article:published_time\" content=\"2015-01-26T04:00:00+00:00\" \/>\n<meta property=\"og:image\" content=\"https:\/\/interamerica.org\/wp-content\/uploads\/2017\/06\/csm_ny-panel-web_67d35fcbdf.jpg\" \/>\n\t<meta property=\"og:image:width\" content=\"400\" \/>\n\t<meta property=\"og:image:height\" content=\"300\" \/>\n\t<meta property=\"og:image:type\" content=\"image\/jpeg\" \/>\n<meta name=\"author\" content=\"Lorenzo Verduzco\" \/>\n<meta name=\"twitter:card\" content=\"summary_large_image\" \/>\n<meta name=\"twitter:label1\" content=\"Escrito por\" \/>\n\t<meta name=\"twitter:data1\" content=\"Lorenzo Verduzco\" \/>\n\t<meta name=\"twitter:label2\" content=\"Tiempo de lectura\" \/>\n\t<meta name=\"twitter:data2\" content=\"7 minutos\" \/>\n<script type=\"application\/ld+json\" class=\"yoast-schema-graph\">{\"@context\":\"https:\\\/\\\/schema.org\",\"@graph\":[{\"@type\":\"Article\",\"@id\":\"https:\\\/\\\/interamerica.org\\\/es\\\/2015\\\/01\\\/en-nueva-york-la-iglesia-adventista-patrocina-servicio-de-esperanza-y-sanidad-para-la-policia-y-los-ciudadanos\\\/#article\",\"isPartOf\":{\"@id\":\"https:\\\/\\\/interamerica.org\\\/es\\\/2015\\\/01\\\/en-nueva-york-la-iglesia-adventista-patrocina-servicio-de-esperanza-y-sanidad-para-la-policia-y-los-ciudadanos\\\/\"},\"author\":{\"name\":\"Lorenzo Verduzco\",\"@id\":\"https:\\\/\\\/interamerica.org\\\/es\\\/#\\\/schema\\\/person\\\/68ede8bdc292885bb76c1e3810e73c39\"},\"headline\":\"En Nueva York, la Iglesia Adventista patrocina servicio de esperanza y sanidad para la polic\u00eda y los ciudadanos\",\"datePublished\":\"2015-01-26T04:00:00+00:00\",\"mainEntityOfPage\":{\"@id\":\"https:\\\/\\\/interamerica.org\\\/es\\\/2015\\\/01\\\/en-nueva-york-la-iglesia-adventista-patrocina-servicio-de-esperanza-y-sanidad-para-la-policia-y-los-ciudadanos\\\/\"},\"wordCount\":1345,\"image\":{\"@id\":\"https:\\\/\\\/interamerica.org\\\/es\\\/2015\\\/01\\\/en-nueva-york-la-iglesia-adventista-patrocina-servicio-de-esperanza-y-sanidad-para-la-policia-y-los-ciudadanos\\\/#primaryimage\"},\"thumbnailUrl\":\"https:\\\/\\\/interamerica.org\\\/wp-content\\\/uploads\\\/2017\\\/06\\\/csm_ny-panel-web_67d35fcbdf.jpg\",\"articleSection\":[\"Desde la iglesia mundial\",\"RSS Espa\u00f1ol\"],\"inLanguage\":\"es\"},{\"@type\":\"WebPage\",\"@id\":\"https:\\\/\\\/interamerica.org\\\/es\\\/2015\\\/01\\\/en-nueva-york-la-iglesia-adventista-patrocina-servicio-de-esperanza-y-sanidad-para-la-policia-y-los-ciudadanos\\\/\",\"url\":\"https:\\\/\\\/interamerica.org\\\/es\\\/2015\\\/01\\\/en-nueva-york-la-iglesia-adventista-patrocina-servicio-de-esperanza-y-sanidad-para-la-policia-y-los-ciudadanos\\\/\",\"name\":\"En Nueva York, la Iglesia Adventista patrocina servicio de esperanza y sanidad para la polic\u00eda y los ciudadanos - Iglesia Adventista del S\u00e9ptimo D\u00eda - Divisi\u00f3n Interamericana\",\"isPartOf\":{\"@id\":\"https:\\\/\\\/interamerica.org\\\/es\\\/#website\"},\"primaryImageOfPage\":{\"@id\":\"https:\\\/\\\/interamerica.org\\\/es\\\/2015\\\/01\\\/en-nueva-york-la-iglesia-adventista-patrocina-servicio-de-esperanza-y-sanidad-para-la-policia-y-los-ciudadanos\\\/#primaryimage\"},\"image\":{\"@id\":\"https:\\\/\\\/interamerica.org\\\/es\\\/2015\\\/01\\\/en-nueva-york-la-iglesia-adventista-patrocina-servicio-de-esperanza-y-sanidad-para-la-policia-y-los-ciudadanos\\\/#primaryimage\"},\"thumbnailUrl\":\"https:\\\/\\\/interamerica.org\\\/wp-content\\\/uploads\\\/2017\\\/06\\\/csm_ny-panel-web_67d35fcbdf.jpg\",\"datePublished\":\"2015-01-26T04:00:00+00:00\",\"author\":{\"@id\":\"https:\\\/\\\/interamerica.org\\\/es\\\/#\\\/schema\\\/person\\\/68ede8bdc292885bb76c1e3810e73c39\"},\"breadcrumb\":{\"@id\":\"https:\\\/\\\/interamerica.org\\\/es\\\/2015\\\/01\\\/en-nueva-york-la-iglesia-adventista-patrocina-servicio-de-esperanza-y-sanidad-para-la-policia-y-los-ciudadanos\\\/#breadcrumb\"},\"inLanguage\":\"es\",\"potentialAction\":[{\"@type\":\"ReadAction\",\"target\":[\"https:\\\/\\\/interamerica.org\\\/es\\\/2015\\\/01\\\/en-nueva-york-la-iglesia-adventista-patrocina-servicio-de-esperanza-y-sanidad-para-la-policia-y-los-ciudadanos\\\/\"]}]},{\"@type\":\"ImageObject\",\"inLanguage\":\"es\",\"@id\":\"https:\\\/\\\/interamerica.org\\\/es\\\/2015\\\/01\\\/en-nueva-york-la-iglesia-adventista-patrocina-servicio-de-esperanza-y-sanidad-para-la-policia-y-los-ciudadanos\\\/#primaryimage\",\"url\":\"https:\\\/\\\/interamerica.org\\\/wp-content\\\/uploads\\\/2017\\\/06\\\/csm_ny-panel-web_67d35fcbdf.jpg\",\"contentUrl\":\"https:\\\/\\\/interamerica.org\\\/wp-content\\\/uploads\\\/2017\\\/06\\\/csm_ny-panel-web_67d35fcbdf.jpg\",\"width\":400,\"height\":300},{\"@type\":\"BreadcrumbList\",\"@id\":\"https:\\\/\\\/interamerica.org\\\/es\\\/2015\\\/01\\\/en-nueva-york-la-iglesia-adventista-patrocina-servicio-de-esperanza-y-sanidad-para-la-policia-y-los-ciudadanos\\\/#breadcrumb\",\"itemListElement\":[{\"@type\":\"ListItem\",\"position\":1,\"name\":\"Home\",\"item\":\"https:\\\/\\\/interamerica.org\\\/es\\\/\"},{\"@type\":\"ListItem\",\"position\":2,\"name\":\"En Nueva York, la Iglesia Adventista patrocina servicio de esperanza y sanidad para la polic\u00eda y los ciudadanos\"}]},{\"@type\":\"WebSite\",\"@id\":\"https:\\\/\\\/interamerica.org\\\/es\\\/#website\",\"url\":\"https:\\\/\\\/interamerica.org\\\/es\\\/\",\"name\":\"Iglesia Adventista del S\u00e9ptimo D\u00eda - Divisi\u00f3n Interamericana\",\"description\":\"\",\"potentialAction\":[{\"@type\":\"SearchAction\",\"target\":{\"@type\":\"EntryPoint\",\"urlTemplate\":\"https:\\\/\\\/interamerica.org\\\/es\\\/?s={search_term_string}\"},\"query-input\":{\"@type\":\"PropertyValueSpecification\",\"valueRequired\":true,\"valueName\":\"search_term_string\"}}],\"inLanguage\":\"es\"},{\"@type\":\"Person\",\"@id\":\"https:\\\/\\\/interamerica.org\\\/es\\\/#\\\/schema\\\/person\\\/68ede8bdc292885bb76c1e3810e73c39\",\"name\":\"Lorenzo Verduzco\",\"image\":{\"@type\":\"ImageObject\",\"inLanguage\":\"es\",\"@id\":\"https:\\\/\\\/secure.gravatar.com\\\/avatar\\\/fb81a55b6218459490a9c1dc841a34909185b81904c5337b4b27f7a6fd60c49e?s=96&d=mm&r=g\",\"url\":\"https:\\\/\\\/secure.gravatar.com\\\/avatar\\\/fb81a55b6218459490a9c1dc841a34909185b81904c5337b4b27f7a6fd60c49e?s=96&d=mm&r=g\",\"contentUrl\":\"https:\\\/\\\/secure.gravatar.com\\\/avatar\\\/fb81a55b6218459490a9c1dc841a34909185b81904c5337b4b27f7a6fd60c49e?s=96&d=mm&r=g\",\"caption\":\"Lorenzo Verduzco\"}}]}<\/script>\n<!-- \/ Yoast SEO plugin. -->","yoast_head_json":{"title":"En Nueva York, la Iglesia Adventista patrocina servicio de esperanza y sanidad para la polic\u00eda y los ciudadanos - Iglesia Adventista del S\u00e9ptimo D\u00eda - Divisi\u00f3n Interamericana","robots":{"index":"index","follow":"follow","max-snippet":"max-snippet:-1","max-image-preview":"max-image-preview:large","max-video-preview":"max-video-preview:-1"},"canonical":"https:\/\/interamerica.org\/es\/2015\/01\/en-nueva-york-la-iglesia-adventista-patrocina-servicio-de-esperanza-y-sanidad-para-la-policia-y-los-ciudadanos\/","og_locale":"es_ES","og_type":"article","og_title":"En Nueva York, la Iglesia Adventista patrocina servicio de esperanza y sanidad para la polic\u00eda y los ciudadanos - Iglesia Adventista del S\u00e9ptimo D\u00eda - Divisi\u00f3n Interamericana","og_description":"Una iglesia adventista en Nueva York celebr\u00f3 un servicio de esperanza y sanidad en su esfuerzo por calmar las tensiones de varias semanas de agitaci\u00f3n entre la polic\u00eda y los grupos de defensa de derechos civiles, provocadas por la muerte de un ciudadano y dos polic\u00edas.  Unido a las celebraciones para conmemorar el legado del gran s\u00edmbolo de los derechos humanos, Martin Luther King Jr., el programa de Esperanza y Sanidad para Mejores Relaciones entre la Polic\u00eda y la Comunidad incluy\u00f3 a dirigentes de la iglesia, dirigentes de la comunidad, oficiales de polic\u00eda y representantes congresistas.","og_url":"https:\/\/interamerica.org\/es\/2015\/01\/en-nueva-york-la-iglesia-adventista-patrocina-servicio-de-esperanza-y-sanidad-para-la-policia-y-los-ciudadanos\/","og_site_name":"Iglesia Adventista del S\u00e9ptimo D\u00eda - Divisi\u00f3n Interamericana","article_published_time":"2015-01-26T04:00:00+00:00","og_image":[{"width":400,"height":300,"url":"https:\/\/interamerica.org\/wp-content\/uploads\/2017\/06\/csm_ny-panel-web_67d35fcbdf.jpg","type":"image\/jpeg"}],"author":"Lorenzo Verduzco","twitter_card":"summary_large_image","twitter_misc":{"Escrito por":"Lorenzo Verduzco","Tiempo de lectura":"7 minutos"},"schema":{"@context":"https:\/\/schema.org","@graph":[{"@type":"Article","@id":"https:\/\/interamerica.org\/es\/2015\/01\/en-nueva-york-la-iglesia-adventista-patrocina-servicio-de-esperanza-y-sanidad-para-la-policia-y-los-ciudadanos\/#article","isPartOf":{"@id":"https:\/\/interamerica.org\/es\/2015\/01\/en-nueva-york-la-iglesia-adventista-patrocina-servicio-de-esperanza-y-sanidad-para-la-policia-y-los-ciudadanos\/"},"author":{"name":"Lorenzo Verduzco","@id":"https:\/\/interamerica.org\/es\/#\/schema\/person\/68ede8bdc292885bb76c1e3810e73c39"},"headline":"En Nueva York, la Iglesia Adventista patrocina servicio de esperanza y sanidad para la polic\u00eda y los ciudadanos","datePublished":"2015-01-26T04:00:00+00:00","mainEntityOfPage":{"@id":"https:\/\/interamerica.org\/es\/2015\/01\/en-nueva-york-la-iglesia-adventista-patrocina-servicio-de-esperanza-y-sanidad-para-la-policia-y-los-ciudadanos\/"},"wordCount":1345,"image":{"@id":"https:\/\/interamerica.org\/es\/2015\/01\/en-nueva-york-la-iglesia-adventista-patrocina-servicio-de-esperanza-y-sanidad-para-la-policia-y-los-ciudadanos\/#primaryimage"},"thumbnailUrl":"https:\/\/interamerica.org\/wp-content\/uploads\/2017\/06\/csm_ny-panel-web_67d35fcbdf.jpg","articleSection":["Desde la iglesia mundial","RSS Espa\u00f1ol"],"inLanguage":"es"},{"@type":"WebPage","@id":"https:\/\/interamerica.org\/es\/2015\/01\/en-nueva-york-la-iglesia-adventista-patrocina-servicio-de-esperanza-y-sanidad-para-la-policia-y-los-ciudadanos\/","url":"https:\/\/interamerica.org\/es\/2015\/01\/en-nueva-york-la-iglesia-adventista-patrocina-servicio-de-esperanza-y-sanidad-para-la-policia-y-los-ciudadanos\/","name":"En Nueva York, la Iglesia Adventista patrocina servicio de esperanza y sanidad para la polic\u00eda y los ciudadanos - Iglesia Adventista del S\u00e9ptimo D\u00eda - Divisi\u00f3n Interamericana","isPartOf":{"@id":"https:\/\/interamerica.org\/es\/#website"},"primaryImageOfPage":{"@id":"https:\/\/interamerica.org\/es\/2015\/01\/en-nueva-york-la-iglesia-adventista-patrocina-servicio-de-esperanza-y-sanidad-para-la-policia-y-los-ciudadanos\/#primaryimage"},"image":{"@id":"https:\/\/interamerica.org\/es\/2015\/01\/en-nueva-york-la-iglesia-adventista-patrocina-servicio-de-esperanza-y-sanidad-para-la-policia-y-los-ciudadanos\/#primaryimage"},"thumbnailUrl":"https:\/\/interamerica.org\/wp-content\/uploads\/2017\/06\/csm_ny-panel-web_67d35fcbdf.jpg","datePublished":"2015-01-26T04:00:00+00:00","author":{"@id":"https:\/\/interamerica.org\/es\/#\/schema\/person\/68ede8bdc292885bb76c1e3810e73c39"},"breadcrumb":{"@id":"https:\/\/interamerica.org\/es\/2015\/01\/en-nueva-york-la-iglesia-adventista-patrocina-servicio-de-esperanza-y-sanidad-para-la-policia-y-los-ciudadanos\/#breadcrumb"},"inLanguage":"es","potentialAction":[{"@type":"ReadAction","target":["https:\/\/interamerica.org\/es\/2015\/01\/en-nueva-york-la-iglesia-adventista-patrocina-servicio-de-esperanza-y-sanidad-para-la-policia-y-los-ciudadanos\/"]}]},{"@type":"ImageObject","inLanguage":"es","@id":"https:\/\/interamerica.org\/es\/2015\/01\/en-nueva-york-la-iglesia-adventista-patrocina-servicio-de-esperanza-y-sanidad-para-la-policia-y-los-ciudadanos\/#primaryimage","url":"https:\/\/interamerica.org\/wp-content\/uploads\/2017\/06\/csm_ny-panel-web_67d35fcbdf.jpg","contentUrl":"https:\/\/interamerica.org\/wp-content\/uploads\/2017\/06\/csm_ny-panel-web_67d35fcbdf.jpg","width":400,"height":300},{"@type":"BreadcrumbList","@id":"https:\/\/interamerica.org\/es\/2015\/01\/en-nueva-york-la-iglesia-adventista-patrocina-servicio-de-esperanza-y-sanidad-para-la-policia-y-los-ciudadanos\/#breadcrumb","itemListElement":[{"@type":"ListItem","position":1,"name":"Home","item":"https:\/\/interamerica.org\/es\/"},{"@type":"ListItem","position":2,"name":"En Nueva York, la Iglesia Adventista patrocina servicio de esperanza y sanidad para la polic\u00eda y los ciudadanos"}]},{"@type":"WebSite","@id":"https:\/\/interamerica.org\/es\/#website","url":"https:\/\/interamerica.org\/es\/","name":"Iglesia Adventista del S\u00e9ptimo D\u00eda - Divisi\u00f3n Interamericana","description":"","potentialAction":[{"@type":"SearchAction","target":{"@type":"EntryPoint","urlTemplate":"https:\/\/interamerica.org\/es\/?s={search_term_string}"},"query-input":{"@type":"PropertyValueSpecification","valueRequired":true,"valueName":"search_term_string"}}],"inLanguage":"es"},{"@type":"Person","@id":"https:\/\/interamerica.org\/es\/#\/schema\/person\/68ede8bdc292885bb76c1e3810e73c39","name":"Lorenzo Verduzco","image":{"@type":"ImageObject","inLanguage":"es","@id":"https:\/\/secure.gravatar.com\/avatar\/fb81a55b6218459490a9c1dc841a34909185b81904c5337b4b27f7a6fd60c49e?s=96&d=mm&r=g","url":"https:\/\/secure.gravatar.com\/avatar\/fb81a55b6218459490a9c1dc841a34909185b81904c5337b4b27f7a6fd60c49e?s=96&d=mm&r=g","contentUrl":"https:\/\/secure.gravatar.com\/avatar\/fb81a55b6218459490a9c1dc841a34909185b81904c5337b4b27f7a6fd60c49e?s=96&d=mm&r=g","caption":"Lorenzo Verduzco"}}]}},"_links":{"self":[{"href":"https:\/\/interamerica.org\/es\/wp-json\/wp\/v2\/posts\/30708","targetHints":{"allow":["GET"]}}],"collection":[{"href":"https:\/\/interamerica.org\/es\/wp-json\/wp\/v2\/posts"}],"about":[{"href":"https:\/\/interamerica.org\/es\/wp-json\/wp\/v2\/types\/post"}],"author":[{"embeddable":true,"href":"https:\/\/interamerica.org\/es\/wp-json\/wp\/v2\/users\/1"}],"replies":[{"embeddable":true,"href":"https:\/\/interamerica.org\/es\/wp-json\/wp\/v2\/comments?post=30708"}],"version-history":[{"count":0,"href":"https:\/\/interamerica.org\/es\/wp-json\/wp\/v2\/posts\/30708\/revisions"}],"wp:featuredmedia":[{"embeddable":true,"href":"https:\/\/interamerica.org\/es\/wp-json\/wp\/v2\/media\/24314"}],"wp:attachment":[{"href":"https:\/\/interamerica.org\/es\/wp-json\/wp\/v2\/media?parent=30708"}],"wp:term":[{"taxonomy":"category","embeddable":true,"href":"https:\/\/interamerica.org\/es\/wp-json\/wp\/v2\/categories?post=30708"},{"taxonomy":"post_tag","embeddable":true,"href":"https:\/\/interamerica.org\/es\/wp-json\/wp\/v2\/tags?post=30708"}],"curies":[{"name":"wp","href":"https:\/\/api.w.org\/{rel}","templated":true}]}}