{"id":30709,"date":"2015-01-27T00:00:00","date_gmt":"2015-01-27T04:00:00","guid":{"rendered":"http:\/\/192.81.217.108\/interamerica\/2015\/01\/en-jamaica-iglesia-adventista-celebra-la-libertad-religiosa-y-lanza-la-asociacion-nacional-de-libertad-religiosa\/"},"modified":"2015-01-27T00:00:00","modified_gmt":"2015-01-27T04:00:00","slug":"en-jamaica-iglesia-adventista-celebra-la-libertad-religiosa-y-lanza-la-asociacion-nacional-de-libertad-religiosa","status":"publish","type":"post","link":"https:\/\/interamerica.org\/es\/2015\/01\/en-jamaica-iglesia-adventista-celebra-la-libertad-religiosa-y-lanza-la-asociacion-nacional-de-libertad-religiosa\/","title":{"rendered":"En Jamaica, Iglesia Adventista celebra la libertad religiosa y lanza la Asociaci\u00f3n Nacional de Libertad Religiosa"},"content":{"rendered":"<div id=\"attachment_14956\" style=\"width: 610px\" class=\"wp-caption aligncenter\"><a href=\"\/interamerica\/wp-content\/uploads\/2017\/06\/JAMU-IRLAfestival.png\" rel=\"fancybox\" title=\"En Jamaica, Iglesia Adventista celebra la libertad religiosa y lanza la Asociaci\u00f3n Nacional de Libertad Religiosa\"><img fetchpriority=\"high\" decoding=\"async\" aria-describedby=\"caption-attachment-14956\" class=\"size-full wp-image-14956\" src=\"\/interamerica\/wp-content\/uploads\/2017\/06\/JAMU-IRLAfestival.png\" alt=\"\" width=\"600\" height=\"337\" \/><\/a><p id=\"caption-attachment-14956\" class=\"wp-caption-text\">Miles de personas se dieron cita para el Primer Festival de Libertad Religiosa organizado por la Iglesia Adventista de Jamaica, en el Estadio Nacional de Kingston el pasado 24 de enero de 2015. La iglesia estableci\u00f3 la Asociaci\u00f3n Nacional de Libertad Religiosa en el pa\u00eds, ante la presencia de funcionarios del gobierno. Im\u00e1genes de Phillip Castell<\/p><\/div>\n<p>27 de enero de 2015 | Kingston, Jamaica | Rhoma Tomlinson\/Uni\u00f3n Jamaiquina\/AR<\/p>\n<div id=\"attachment_14958\" style=\"width: 310px\" class=\"wp-caption alignright\"><a href=\"\/interamerica\/wp-content\/uploads\/2017\/06\/JohnGraz-JAMUIRLA.png\" rel=\"fancybox\" title=\"En Jamaica, Iglesia Adventista celebra la libertad religiosa y lanza la Asociaci\u00f3n Nacional de Libertad Religiosa\"><img decoding=\"async\" aria-describedby=\"caption-attachment-14958\" class=\"size-full wp-image-14958\" src=\"\/interamerica\/wp-content\/uploads\/2017\/06\/JohnGraz-JAMUIRLA.png\" alt=\"\" width=\"300\" height=\"188\" \/><\/a><p id=\"caption-attachment-14958\" class=\"wp-caption-text\">John Graz, secretario general de la Asociaci\u00f3n Internacional de Libertad Religiosa, se sinti\u00f3 complacido de dar la bienvenida a una nueva divisi\u00f3n de la red de asociaciones nacionales de la IRLA.<\/p><\/div>\n<p>La Iglesia Adventista ha inaugurado la divisi\u00f3n jamaiquina de la Asociaci\u00f3n Internacional de Libertad Religiosa, organizaci\u00f3n que defiende los derechos de todas las religiones, en un festival al que asistieron importantes funcionarios de gobierno y miles de otras personas en la ciudad de Kingston.<\/p>\n<p>Los directivos de la nueva divisi\u00f3n, llamada la Asociaci\u00f3n Nacional de Libertad Religiosa, dijeron que era necesario establecer esta sede porque los jamaiquinos no tienen que dar por sentada la libertad religiosa que gozan actualmente. La libertad religiosa se encuentra presente en la mente de muchos jamaiquinos, despu\u00e9s de que el gobierno aprobara una ley de flexibilizaci\u00f3n de la semana laboral hace unos pocos que, teme cierto n\u00famero de organizaciones religiosas, no proteger\u00e1 lo suficiente el d\u00eda de adoraci\u00f3n de cada uno. El gobierno, sin embargo, ha insistido que la ley no representa una amenaza para la libertad religiosa, porque brinda a los empleados un per\u00edodos de 24 horas que pueden usar como su d\u00eda de adoraci\u00f3n.<\/p>\n<div id=\"attachment_14960\" style=\"width: 310px\" class=\"wp-caption alignleft\"><a href=\"\/interamerica\/wp-content\/uploads\/2017\/06\/Pickersgill-JAMU-IRLA.png\" rel=\"fancybox\" title=\"En Jamaica, Iglesia Adventista celebra la libertad religiosa y lanza la Asociaci\u00f3n Nacional de Libertad Religiosa\"><img decoding=\"async\" aria-describedby=\"caption-attachment-14960\" class=\"size-full wp-image-14960\" src=\"\/interamerica\/wp-content\/uploads\/2017\/06\/Pickersgill-JAMU-IRLA.png\" alt=\"\" width=\"300\" height=\"214\" \/><\/a><p id=\"caption-attachment-14960\" class=\"wp-caption-text\">El Viceprimer Ministro Robert Pickersgill, que estuvo presente en representaci\u00f3n del Primer Ministro, dijo que su gobierno reconoce el enorme impacto de la libertad religiosa en el desarrollo de Jamaica.<\/p><\/div>\n<p>La Asociaci\u00f3n Nacional de Libertad Religiosa fue lanzada durante el Primer Festival de Libertad Religiosa de Jamaica, en el Estadio Nacional, el pasado s\u00e1bado 24 de enero, ante una multitud de miles de adventistas, entre ellos, el Gobernador General de Jamaica, Patrick Allen, y miembros de otras denominaciones religiosas.<\/p>\n<p>\u00abMe complace, y me siento feliz y honrado de dar la bienvenida a la Asociaci\u00f3n Nacional de Libertad Religiosa a la red que conforma la IRLA\u00bb, dijo a los asistentes John Graz, secretario general de la Asociaci\u00f3n Internacional de Libertad Religiosa.<\/p>\n<p>\u00abNuestra misi\u00f3n es proteger, promover y defender la libertad religiosa de todos y en todas partes. Es ahora nuestra misi\u00f3n\u00bb, dijo Graz, quien cumple funciones como director de asuntos p\u00fablicos y libertad religiosa de la Iglesia Adventista mundial.<\/p>\n<p>El Viceprimer Ministro Robert Pickersgill, quien asisti\u00f3 en representaci\u00f3n del Primer Ministro, dijo que el gobierno reconoc\u00eda el \u00abenorme impacto\u00bb de la libertad religiosa en el desarrollo de Jamaica, y que hab\u00eda consagrado ese derecho en una enmienda introducida a la Constituci\u00f3n de Jamaica en 2011.<\/p>\n<p>\u00abIncontables instituciones educativas, hospitales, agencias de donantes, y programas de desarrollo comunitario de larga data en Jamaica son resultado de la libertad religiosa, y de la s\u00f3lida influencia de la iglesia\u00bb, dijo Pickersgill.<\/p>\n<p>Pearnel Charles, Miembro del Parlamento, que asisti\u00f3 en representaci\u00f3n del l\u00edder de la oposici\u00f3n Andrew Holness, prometi\u00f3 que el Partido Laboral de Jamaica siempre defender\u00eda la libertad religiosa, pero inst\u00f3 a los cristianos para que se pronuncien contra las injusticias humanas.<\/p>\n<div id=\"attachment_14963\" style=\"width: 310px\" class=\"wp-caption alignright\"><a href=\"\/interamerica\/wp-content\/uploads\/2017\/06\/JAMU-IRLA-music.png\" rel=\"fancybox\" title=\"En Jamaica, Iglesia Adventista celebra la libertad religiosa y lanza la Asociaci\u00f3n Nacional de Libertad Religiosa\"><img loading=\"lazy\" decoding=\"async\" aria-describedby=\"caption-attachment-14963\" class=\"size-full wp-image-14963\" src=\"\/interamerica\/wp-content\/uploads\/2017\/06\/JAMU-IRLA-music.png\" alt=\"\" width=\"300\" height=\"186\" \/><\/a><p id=\"caption-attachment-14963\" class=\"wp-caption-text\">Las presentaciones musicales fueron parte del Festival de Libertad Religiosa llevado a cabo en el Estadio Nacional.<\/p><\/div>\n<p>\u201cNo podemos quedarnos callados cuando la libertad es atacada [&#8230;], cuando nuestra gente es asesinada en todo el mundo, lo que incluye a Jamaica\u00bb, expres\u00f3.<\/p>\n<p>Holness tambi\u00e9n dijo que los cristianos deber\u00edan participar en pol\u00edtica, \u00abporque si ustedes no se interesan en ello, otros lo har\u00e1n por ustedes\u00bb.<\/p>\n<p>\u00abEst\u00e9n listos para defender su libertad\u00bb, dijo. \u00abUn ataque a la libertad en cualquier lado es un ataque a la libertad en todas partes\u00bb.<\/p>\n<p>El pastor Leon B. Wellington, vicepresidente de la Divisi\u00f3n Interamericana, dijo que en un momento en que la libertad religiosa se encuentra bajo ataques en diversas partes del planeta, quer\u00eda hacer un llamado para que Jamaica \u00abhable para defender a los que no tienen voz\u00bb.<\/p>\n<p>El nuevo secretario general de la Asociaci\u00f3n Nacional de Libertad Religiosa es Nigel Coke, quien tambi\u00e9n cumple funciones como director de asuntos p\u00fablicos y libertad religiosa de la Iglesia Adventista en la Uni\u00f3n Jamaiquina. Coke nombr\u00f3 al Reverendo Conrad Pitkin como presidente, y a un n\u00famero de otros l\u00edderes religiosos como miembros de la junta interina de la asociaci\u00f3n.<\/p>\n<p>Pitkin, quien presidente el Grupo General de Iglesias de Jamaica, agradeci\u00f3 a los sucesivos gobiernos por preservar la libertad religiosa y permitir que las organizaciones religiosas establezcan instituciones educacionales y de salud que sean beneficiosas para sus miembros.<\/p>\n<div id=\"attachment_14962\" style=\"width: 310px\" class=\"wp-caption alignleft\"><a href=\"\/interamerica\/wp-content\/uploads\/2017\/06\/NigelCoke-JAMU-IRLA.png\" rel=\"fancybox\" title=\"En Jamaica, Iglesia Adventista celebra la libertad religiosa y lanza la Asociaci\u00f3n Nacional de Libertad Religiosa\"><img loading=\"lazy\" decoding=\"async\" aria-describedby=\"caption-attachment-14962\" class=\"size-full wp-image-14962\" src=\"\/interamerica\/wp-content\/uploads\/2017\/06\/NigelCoke-JAMU-IRLA.png\" alt=\"\" width=\"300\" height=\"225\" \/><\/a><p id=\"caption-attachment-14962\" class=\"wp-caption-text\">El nuevo secretario general de la Asociaci\u00f3n Nacional de Libertad Religiosa dijo que la nueva divisi\u00f3n era necesaria, porque los jamaiquinos no deber\u00edan dar por sentada la libertad religiosa que gozan en el presente.<\/p><\/div>\n<p>Poco despu\u00e9s del lanzamiento de la Asociaci\u00f3n, el Gobierno y la Oposici\u00f3n fueron reconocidos por la IRLA por mantener los principios fundamentales de la libertad religiosa como parte esencial de la constituci\u00f3n del pa\u00eds.<\/p>\n<p>Una compa\u00f1\u00eda, la Jamaica Money Market Brokers; LOVE 101 FM, que pertenece a varias denominaciones cristianas; y la Asociaci\u00f3n de Prensa de Jamaica, fueron reconocidas y condecoradas por la Asociaci\u00f3n Nacional de Libertad Religiosa por adherir y ser buenos ejemplos de los principios de la libertad religiosa.<\/p>\n<p>Jamaica se une a m\u00e1s de ochenta pa\u00edses del mundo que cuentan con una asociaci\u00f3n nacional de libertad religiosa. Hace poco, Pap\u00faa Nueva Guinea inaugur\u00f3 su propia asociaci\u00f3n durante un festival llevado a cabo el mes pasado. Aunque encabezada por la Iglesia Adventista, la asociaci\u00f3n multidenominacional en Jamaica busca defender y preservar la libertad religiosa para todas las denominaciones. Su organizaci\u00f3n madre, la Asociaci\u00f3n Internacional de Libertad Religiosa, se ha dedicado a defender los derechos religiosos de las personas desde que fue registrada oficialmente en 1893.<\/p>\n<p><em>Traducci\u00f3n de Marcos Paseggi<\/em><\/p>\n","protected":false},"excerpt":{"rendered":"<p>La Iglesia Adventista ha inaugurado la divisi\u00f3n jamaiquina de la Asociaci\u00f3n Internacional de Libertad Religiosa, organizaci\u00f3n que defiende los derechos de todas las religiones, en un festival al que asistieron importantes funcionarios de gobierno y miles de otras personas en la ciudad de Kingston. <\/p>\n<p>Los directivos de la nueva divisi\u00f3n, llamada la Asociaci\u00f3n Nacionial de Libertad Religiosa, dijeron que era necesario establecer esta sede porque los jamaiquinos no tienen que dar por sentada la libertad religiosa que gozan actualmente.<\/p>\n","protected":false},"author":1,"featured_media":24318,"comment_status":"closed","ping_status":"closed","sticky":false,"template":"","format":"standard","meta":{"_acf_changed":false,"footnotes":""},"categories":[17,15],"tags":[],"class_list":["post-30709","post","type-post","status-publish","format-standard","has-post-thumbnail","hentry","category-desde-el-campo","category-rss-espanol"],"acf":[],"yoast_head":"<!-- This site is optimized with the Yoast SEO plugin v27.3 - https:\/\/yoast.com\/product\/yoast-seo-wordpress\/ -->\n<title>En Jamaica, Iglesia Adventista celebra la libertad religiosa y lanza la Asociaci\u00f3n Nacional de Libertad Religiosa - Iglesia Adventista del S\u00e9ptimo D\u00eda - Divisi\u00f3n Interamericana<\/title>\n<meta name=\"robots\" content=\"index, follow, max-snippet:-1, max-image-preview:large, max-video-preview:-1\" \/>\n<link rel=\"canonical\" href=\"https:\/\/interamerica.org\/es\/2015\/01\/en-jamaica-iglesia-adventista-celebra-la-libertad-religiosa-y-lanza-la-asociacion-nacional-de-libertad-religiosa\/\" \/>\n<meta property=\"og:locale\" content=\"es_ES\" \/>\n<meta property=\"og:type\" content=\"article\" \/>\n<meta property=\"og:title\" content=\"En Jamaica, Iglesia Adventista celebra la libertad religiosa y lanza la Asociaci\u00f3n Nacional de Libertad Religiosa - Iglesia Adventista del S\u00e9ptimo D\u00eda - Divisi\u00f3n Interamericana\" \/>\n<meta property=\"og:description\" content=\"La Iglesia Adventista ha inaugurado la divisi\u00f3n jamaiquina de la Asociaci\u00f3n Internacional de Libertad Religiosa, organizaci\u00f3n que defiende los derechos de todas las religiones, en un festival al que asistieron importantes funcionarios de gobierno y miles de otras personas en la ciudad de Kingston.  Los directivos de la nueva divisi\u00f3n, llamada la Asociaci\u00f3n Nacionial de Libertad Religiosa, dijeron que era necesario establecer esta sede porque los jamaiquinos no tienen que dar por sentada la libertad religiosa que gozan actualmente.\" \/>\n<meta property=\"og:url\" content=\"https:\/\/interamerica.org\/es\/2015\/01\/en-jamaica-iglesia-adventista-celebra-la-libertad-religiosa-y-lanza-la-asociacion-nacional-de-libertad-religiosa\/\" \/>\n<meta property=\"og:site_name\" content=\"Iglesia Adventista del S\u00e9ptimo D\u00eda - Divisi\u00f3n Interamericana\" \/>\n<meta property=\"article:published_time\" content=\"2015-01-27T04:00:00+00:00\" \/>\n<meta property=\"og:image\" content=\"https:\/\/interamerica.org\/wp-content\/uploads\/2017\/06\/JAMU-IRLA-music.png\" \/>\n\t<meta property=\"og:image:width\" content=\"300\" \/>\n\t<meta property=\"og:image:height\" content=\"186\" \/>\n\t<meta property=\"og:image:type\" content=\"image\/png\" \/>\n<meta name=\"author\" content=\"Lorenzo Verduzco\" \/>\n<meta name=\"twitter:card\" content=\"summary_large_image\" \/>\n<meta name=\"twitter:label1\" content=\"Escrito por\" \/>\n\t<meta name=\"twitter:data1\" content=\"Lorenzo Verduzco\" \/>\n\t<meta name=\"twitter:label2\" content=\"Tiempo de lectura\" \/>\n\t<meta name=\"twitter:data2\" content=\"5 minutos\" \/>\n<script type=\"application\/ld+json\" class=\"yoast-schema-graph\">{\"@context\":\"https:\\\/\\\/schema.org\",\"@graph\":[{\"@type\":\"Article\",\"@id\":\"https:\\\/\\\/interamerica.org\\\/es\\\/2015\\\/01\\\/en-jamaica-iglesia-adventista-celebra-la-libertad-religiosa-y-lanza-la-asociacion-nacional-de-libertad-religiosa\\\/#article\",\"isPartOf\":{\"@id\":\"https:\\\/\\\/interamerica.org\\\/es\\\/2015\\\/01\\\/en-jamaica-iglesia-adventista-celebra-la-libertad-religiosa-y-lanza-la-asociacion-nacional-de-libertad-religiosa\\\/\"},\"author\":{\"name\":\"Lorenzo Verduzco\",\"@id\":\"https:\\\/\\\/interamerica.org\\\/es\\\/#\\\/schema\\\/person\\\/68ede8bdc292885bb76c1e3810e73c39\"},\"headline\":\"En Jamaica, Iglesia Adventista celebra la libertad religiosa y lanza la Asociaci\u00f3n Nacional de Libertad Religiosa\",\"datePublished\":\"2015-01-27T04:00:00+00:00\",\"mainEntityOfPage\":{\"@id\":\"https:\\\/\\\/interamerica.org\\\/es\\\/2015\\\/01\\\/en-jamaica-iglesia-adventista-celebra-la-libertad-religiosa-y-lanza-la-asociacion-nacional-de-libertad-religiosa\\\/\"},\"wordCount\":1086,\"image\":{\"@id\":\"https:\\\/\\\/interamerica.org\\\/es\\\/2015\\\/01\\\/en-jamaica-iglesia-adventista-celebra-la-libertad-religiosa-y-lanza-la-asociacion-nacional-de-libertad-religiosa\\\/#primaryimage\"},\"thumbnailUrl\":\"https:\\\/\\\/interamerica.org\\\/wp-content\\\/uploads\\\/2017\\\/06\\\/JAMU-IRLA-music.png\",\"articleSection\":[\"Desde el campo\",\"RSS Espa\u00f1ol\"],\"inLanguage\":\"es\"},{\"@type\":\"WebPage\",\"@id\":\"https:\\\/\\\/interamerica.org\\\/es\\\/2015\\\/01\\\/en-jamaica-iglesia-adventista-celebra-la-libertad-religiosa-y-lanza-la-asociacion-nacional-de-libertad-religiosa\\\/\",\"url\":\"https:\\\/\\\/interamerica.org\\\/es\\\/2015\\\/01\\\/en-jamaica-iglesia-adventista-celebra-la-libertad-religiosa-y-lanza-la-asociacion-nacional-de-libertad-religiosa\\\/\",\"name\":\"En Jamaica, Iglesia Adventista celebra la libertad religiosa y lanza la Asociaci\u00f3n Nacional de Libertad Religiosa - Iglesia Adventista del S\u00e9ptimo D\u00eda - Divisi\u00f3n Interamericana\",\"isPartOf\":{\"@id\":\"https:\\\/\\\/interamerica.org\\\/es\\\/#website\"},\"primaryImageOfPage\":{\"@id\":\"https:\\\/\\\/interamerica.org\\\/es\\\/2015\\\/01\\\/en-jamaica-iglesia-adventista-celebra-la-libertad-religiosa-y-lanza-la-asociacion-nacional-de-libertad-religiosa\\\/#primaryimage\"},\"image\":{\"@id\":\"https:\\\/\\\/interamerica.org\\\/es\\\/2015\\\/01\\\/en-jamaica-iglesia-adventista-celebra-la-libertad-religiosa-y-lanza-la-asociacion-nacional-de-libertad-religiosa\\\/#primaryimage\"},\"thumbnailUrl\":\"https:\\\/\\\/interamerica.org\\\/wp-content\\\/uploads\\\/2017\\\/06\\\/JAMU-IRLA-music.png\",\"datePublished\":\"2015-01-27T04:00:00+00:00\",\"author\":{\"@id\":\"https:\\\/\\\/interamerica.org\\\/es\\\/#\\\/schema\\\/person\\\/68ede8bdc292885bb76c1e3810e73c39\"},\"breadcrumb\":{\"@id\":\"https:\\\/\\\/interamerica.org\\\/es\\\/2015\\\/01\\\/en-jamaica-iglesia-adventista-celebra-la-libertad-religiosa-y-lanza-la-asociacion-nacional-de-libertad-religiosa\\\/#breadcrumb\"},\"inLanguage\":\"es\",\"potentialAction\":[{\"@type\":\"ReadAction\",\"target\":[\"https:\\\/\\\/interamerica.org\\\/es\\\/2015\\\/01\\\/en-jamaica-iglesia-adventista-celebra-la-libertad-religiosa-y-lanza-la-asociacion-nacional-de-libertad-religiosa\\\/\"]}]},{\"@type\":\"ImageObject\",\"inLanguage\":\"es\",\"@id\":\"https:\\\/\\\/interamerica.org\\\/es\\\/2015\\\/01\\\/en-jamaica-iglesia-adventista-celebra-la-libertad-religiosa-y-lanza-la-asociacion-nacional-de-libertad-religiosa\\\/#primaryimage\",\"url\":\"https:\\\/\\\/interamerica.org\\\/wp-content\\\/uploads\\\/2017\\\/06\\\/JAMU-IRLA-music.png\",\"contentUrl\":\"https:\\\/\\\/interamerica.org\\\/wp-content\\\/uploads\\\/2017\\\/06\\\/JAMU-IRLA-music.png\",\"width\":300,\"height\":186},{\"@type\":\"BreadcrumbList\",\"@id\":\"https:\\\/\\\/interamerica.org\\\/es\\\/2015\\\/01\\\/en-jamaica-iglesia-adventista-celebra-la-libertad-religiosa-y-lanza-la-asociacion-nacional-de-libertad-religiosa\\\/#breadcrumb\",\"itemListElement\":[{\"@type\":\"ListItem\",\"position\":1,\"name\":\"Home\",\"item\":\"https:\\\/\\\/interamerica.org\\\/es\\\/\"},{\"@type\":\"ListItem\",\"position\":2,\"name\":\"En Jamaica, Iglesia Adventista celebra la libertad religiosa y lanza la Asociaci\u00f3n Nacional de Libertad Religiosa\"}]},{\"@type\":\"WebSite\",\"@id\":\"https:\\\/\\\/interamerica.org\\\/es\\\/#website\",\"url\":\"https:\\\/\\\/interamerica.org\\\/es\\\/\",\"name\":\"Iglesia Adventista del S\u00e9ptimo D\u00eda - Divisi\u00f3n Interamericana\",\"description\":\"\",\"potentialAction\":[{\"@type\":\"SearchAction\",\"target\":{\"@type\":\"EntryPoint\",\"urlTemplate\":\"https:\\\/\\\/interamerica.org\\\/es\\\/?s={search_term_string}\"},\"query-input\":{\"@type\":\"PropertyValueSpecification\",\"valueRequired\":true,\"valueName\":\"search_term_string\"}}],\"inLanguage\":\"es\"},{\"@type\":\"Person\",\"@id\":\"https:\\\/\\\/interamerica.org\\\/es\\\/#\\\/schema\\\/person\\\/68ede8bdc292885bb76c1e3810e73c39\",\"name\":\"Lorenzo Verduzco\",\"image\":{\"@type\":\"ImageObject\",\"inLanguage\":\"es\",\"@id\":\"https:\\\/\\\/secure.gravatar.com\\\/avatar\\\/fb81a55b6218459490a9c1dc841a34909185b81904c5337b4b27f7a6fd60c49e?s=96&d=mm&r=g\",\"url\":\"https:\\\/\\\/secure.gravatar.com\\\/avatar\\\/fb81a55b6218459490a9c1dc841a34909185b81904c5337b4b27f7a6fd60c49e?s=96&d=mm&r=g\",\"contentUrl\":\"https:\\\/\\\/secure.gravatar.com\\\/avatar\\\/fb81a55b6218459490a9c1dc841a34909185b81904c5337b4b27f7a6fd60c49e?s=96&d=mm&r=g\",\"caption\":\"Lorenzo Verduzco\"}}]}<\/script>\n<!-- \/ Yoast SEO plugin. -->","yoast_head_json":{"title":"En Jamaica, Iglesia Adventista celebra la libertad religiosa y lanza la Asociaci\u00f3n Nacional de Libertad Religiosa - Iglesia Adventista del S\u00e9ptimo D\u00eda - Divisi\u00f3n Interamericana","robots":{"index":"index","follow":"follow","max-snippet":"max-snippet:-1","max-image-preview":"max-image-preview:large","max-video-preview":"max-video-preview:-1"},"canonical":"https:\/\/interamerica.org\/es\/2015\/01\/en-jamaica-iglesia-adventista-celebra-la-libertad-religiosa-y-lanza-la-asociacion-nacional-de-libertad-religiosa\/","og_locale":"es_ES","og_type":"article","og_title":"En Jamaica, Iglesia Adventista celebra la libertad religiosa y lanza la Asociaci\u00f3n Nacional de Libertad Religiosa - Iglesia Adventista del S\u00e9ptimo D\u00eda - Divisi\u00f3n Interamericana","og_description":"La Iglesia Adventista ha inaugurado la divisi\u00f3n jamaiquina de la Asociaci\u00f3n Internacional de Libertad Religiosa, organizaci\u00f3n que defiende los derechos de todas las religiones, en un festival al que asistieron importantes funcionarios de gobierno y miles de otras personas en la ciudad de Kingston.  Los directivos de la nueva divisi\u00f3n, llamada la Asociaci\u00f3n Nacionial de Libertad Religiosa, dijeron que era necesario establecer esta sede porque los jamaiquinos no tienen que dar por sentada la libertad religiosa que gozan actualmente.","og_url":"https:\/\/interamerica.org\/es\/2015\/01\/en-jamaica-iglesia-adventista-celebra-la-libertad-religiosa-y-lanza-la-asociacion-nacional-de-libertad-religiosa\/","og_site_name":"Iglesia Adventista del S\u00e9ptimo D\u00eda - Divisi\u00f3n Interamericana","article_published_time":"2015-01-27T04:00:00+00:00","og_image":[{"width":300,"height":186,"url":"https:\/\/interamerica.org\/wp-content\/uploads\/2017\/06\/JAMU-IRLA-music.png","type":"image\/png"}],"author":"Lorenzo Verduzco","twitter_card":"summary_large_image","twitter_misc":{"Escrito por":"Lorenzo Verduzco","Tiempo de lectura":"5 minutos"},"schema":{"@context":"https:\/\/schema.org","@graph":[{"@type":"Article","@id":"https:\/\/interamerica.org\/es\/2015\/01\/en-jamaica-iglesia-adventista-celebra-la-libertad-religiosa-y-lanza-la-asociacion-nacional-de-libertad-religiosa\/#article","isPartOf":{"@id":"https:\/\/interamerica.org\/es\/2015\/01\/en-jamaica-iglesia-adventista-celebra-la-libertad-religiosa-y-lanza-la-asociacion-nacional-de-libertad-religiosa\/"},"author":{"name":"Lorenzo Verduzco","@id":"https:\/\/interamerica.org\/es\/#\/schema\/person\/68ede8bdc292885bb76c1e3810e73c39"},"headline":"En Jamaica, Iglesia Adventista celebra la libertad religiosa y lanza la Asociaci\u00f3n Nacional de Libertad Religiosa","datePublished":"2015-01-27T04:00:00+00:00","mainEntityOfPage":{"@id":"https:\/\/interamerica.org\/es\/2015\/01\/en-jamaica-iglesia-adventista-celebra-la-libertad-religiosa-y-lanza-la-asociacion-nacional-de-libertad-religiosa\/"},"wordCount":1086,"image":{"@id":"https:\/\/interamerica.org\/es\/2015\/01\/en-jamaica-iglesia-adventista-celebra-la-libertad-religiosa-y-lanza-la-asociacion-nacional-de-libertad-religiosa\/#primaryimage"},"thumbnailUrl":"https:\/\/interamerica.org\/wp-content\/uploads\/2017\/06\/JAMU-IRLA-music.png","articleSection":["Desde el campo","RSS Espa\u00f1ol"],"inLanguage":"es"},{"@type":"WebPage","@id":"https:\/\/interamerica.org\/es\/2015\/01\/en-jamaica-iglesia-adventista-celebra-la-libertad-religiosa-y-lanza-la-asociacion-nacional-de-libertad-religiosa\/","url":"https:\/\/interamerica.org\/es\/2015\/01\/en-jamaica-iglesia-adventista-celebra-la-libertad-religiosa-y-lanza-la-asociacion-nacional-de-libertad-religiosa\/","name":"En Jamaica, Iglesia Adventista celebra la libertad religiosa y lanza la Asociaci\u00f3n Nacional de Libertad Religiosa - Iglesia Adventista del S\u00e9ptimo D\u00eda - Divisi\u00f3n Interamericana","isPartOf":{"@id":"https:\/\/interamerica.org\/es\/#website"},"primaryImageOfPage":{"@id":"https:\/\/interamerica.org\/es\/2015\/01\/en-jamaica-iglesia-adventista-celebra-la-libertad-religiosa-y-lanza-la-asociacion-nacional-de-libertad-religiosa\/#primaryimage"},"image":{"@id":"https:\/\/interamerica.org\/es\/2015\/01\/en-jamaica-iglesia-adventista-celebra-la-libertad-religiosa-y-lanza-la-asociacion-nacional-de-libertad-religiosa\/#primaryimage"},"thumbnailUrl":"https:\/\/interamerica.org\/wp-content\/uploads\/2017\/06\/JAMU-IRLA-music.png","datePublished":"2015-01-27T04:00:00+00:00","author":{"@id":"https:\/\/interamerica.org\/es\/#\/schema\/person\/68ede8bdc292885bb76c1e3810e73c39"},"breadcrumb":{"@id":"https:\/\/interamerica.org\/es\/2015\/01\/en-jamaica-iglesia-adventista-celebra-la-libertad-religiosa-y-lanza-la-asociacion-nacional-de-libertad-religiosa\/#breadcrumb"},"inLanguage":"es","potentialAction":[{"@type":"ReadAction","target":["https:\/\/interamerica.org\/es\/2015\/01\/en-jamaica-iglesia-adventista-celebra-la-libertad-religiosa-y-lanza-la-asociacion-nacional-de-libertad-religiosa\/"]}]},{"@type":"ImageObject","inLanguage":"es","@id":"https:\/\/interamerica.org\/es\/2015\/01\/en-jamaica-iglesia-adventista-celebra-la-libertad-religiosa-y-lanza-la-asociacion-nacional-de-libertad-religiosa\/#primaryimage","url":"https:\/\/interamerica.org\/wp-content\/uploads\/2017\/06\/JAMU-IRLA-music.png","contentUrl":"https:\/\/interamerica.org\/wp-content\/uploads\/2017\/06\/JAMU-IRLA-music.png","width":300,"height":186},{"@type":"BreadcrumbList","@id":"https:\/\/interamerica.org\/es\/2015\/01\/en-jamaica-iglesia-adventista-celebra-la-libertad-religiosa-y-lanza-la-asociacion-nacional-de-libertad-religiosa\/#breadcrumb","itemListElement":[{"@type":"ListItem","position":1,"name":"Home","item":"https:\/\/interamerica.org\/es\/"},{"@type":"ListItem","position":2,"name":"En Jamaica, Iglesia Adventista celebra la libertad religiosa y lanza la Asociaci\u00f3n Nacional de Libertad Religiosa"}]},{"@type":"WebSite","@id":"https:\/\/interamerica.org\/es\/#website","url":"https:\/\/interamerica.org\/es\/","name":"Iglesia Adventista del S\u00e9ptimo D\u00eda - Divisi\u00f3n Interamericana","description":"","potentialAction":[{"@type":"SearchAction","target":{"@type":"EntryPoint","urlTemplate":"https:\/\/interamerica.org\/es\/?s={search_term_string}"},"query-input":{"@type":"PropertyValueSpecification","valueRequired":true,"valueName":"search_term_string"}}],"inLanguage":"es"},{"@type":"Person","@id":"https:\/\/interamerica.org\/es\/#\/schema\/person\/68ede8bdc292885bb76c1e3810e73c39","name":"Lorenzo Verduzco","image":{"@type":"ImageObject","inLanguage":"es","@id":"https:\/\/secure.gravatar.com\/avatar\/fb81a55b6218459490a9c1dc841a34909185b81904c5337b4b27f7a6fd60c49e?s=96&d=mm&r=g","url":"https:\/\/secure.gravatar.com\/avatar\/fb81a55b6218459490a9c1dc841a34909185b81904c5337b4b27f7a6fd60c49e?s=96&d=mm&r=g","contentUrl":"https:\/\/secure.gravatar.com\/avatar\/fb81a55b6218459490a9c1dc841a34909185b81904c5337b4b27f7a6fd60c49e?s=96&d=mm&r=g","caption":"Lorenzo Verduzco"}}]}},"_links":{"self":[{"href":"https:\/\/interamerica.org\/es\/wp-json\/wp\/v2\/posts\/30709","targetHints":{"allow":["GET"]}}],"collection":[{"href":"https:\/\/interamerica.org\/es\/wp-json\/wp\/v2\/posts"}],"about":[{"href":"https:\/\/interamerica.org\/es\/wp-json\/wp\/v2\/types\/post"}],"author":[{"embeddable":true,"href":"https:\/\/interamerica.org\/es\/wp-json\/wp\/v2\/users\/1"}],"replies":[{"embeddable":true,"href":"https:\/\/interamerica.org\/es\/wp-json\/wp\/v2\/comments?post=30709"}],"version-history":[{"count":0,"href":"https:\/\/interamerica.org\/es\/wp-json\/wp\/v2\/posts\/30709\/revisions"}],"wp:featuredmedia":[{"embeddable":true,"href":"https:\/\/interamerica.org\/es\/wp-json\/wp\/v2\/media\/24318"}],"wp:attachment":[{"href":"https:\/\/interamerica.org\/es\/wp-json\/wp\/v2\/media?parent=30709"}],"wp:term":[{"taxonomy":"category","embeddable":true,"href":"https:\/\/interamerica.org\/es\/wp-json\/wp\/v2\/categories?post=30709"},{"taxonomy":"post_tag","embeddable":true,"href":"https:\/\/interamerica.org\/es\/wp-json\/wp\/v2\/tags?post=30709"}],"curies":[{"name":"wp","href":"https:\/\/api.w.org\/{rel}","templated":true}]}}