{"id":30712,"date":"2015-02-02T00:00:00","date_gmt":"2015-02-02T04:00:00","guid":{"rendered":"http:\/\/192.81.217.108\/interamerica\/2015\/02\/votacion-electronica-durante-el-congreso-incrementara-la-eficiencia-y-el-anonimato\/"},"modified":"2015-02-02T00:00:00","modified_gmt":"2015-02-02T04:00:00","slug":"votacion-electronica-durante-el-congreso-incrementara-la-eficiencia-y-el-anonimato","status":"publish","type":"post","link":"https:\/\/interamerica.org\/es\/2015\/02\/votacion-electronica-durante-el-congreso-incrementara-la-eficiencia-y-el-anonimato\/","title":{"rendered":"Votaci\u00f3n electr\u00f3nica durante el Congreso incrementar\u00e1 la eficiencia y el anonimato"},"content":{"rendered":"<p>30 de enero de 2015 | Silver Spring, Maryland, Estados Unidos | Ansel Oliver\/ANN<\/p>\n<div id=\"attachment_15028\" style=\"width: 410px\" class=\"wp-caption alignright\"><a href=\"\/interamerica\/wp-content\/uploads\/2017\/06\/csm_myron-vote-web_4f0250b4be.jpg\" rel=\"fancybox\" title=\"Votaci\u00f3n electr\u00f3nica durante el Congreso incrementar\u00e1 la eficiencia y el anonimato\"><img fetchpriority=\"high\" decoding=\"async\" aria-describedby=\"caption-attachment-15028\" class=\"size-full wp-image-15028\" src=\"\/interamerica\/wp-content\/uploads\/2017\/06\/csm_myron-vote-web_4f0250b4be.jpg\" alt=\"\" width=\"400\" height=\"284\" \/><\/a><p id=\"caption-attachment-15028\" class=\"wp-caption-text\">El Subsecretario de la Iglesia Adventista Myron Iseminger muestra un dispositivo de votaci\u00f3n remota que ser\u00e1 usado en el Congreso de la Asociaci\u00f3n General en julio pr\u00f3ximo. Ya no se usar\u00e1n m\u00e1s las tarjetas amarillas de votaci\u00f3n que se utilizaron en congresos anteriores. Imagen de Ansel Oliver<\/p><\/div>\n<p>Los delegados al <a href=\"http:\/\/2015.gcsession.org\/\">Congreso de la Asociaci\u00f3n General<\/a> de la Iglesia Adventista en julio pr\u00f3ximo ya no usar\u00e1n tarjetas amarillas para votar como lo hab\u00edan hech0 en congresos anteriores. En su lugar, por primera vez, los delegados al evento podr\u00e1n votar presionando un bot\u00f3n en un dispositivo de votaci\u00f3n electr\u00f3nica. Los votos ser\u00e1n calculados en forma instant\u00e1nea, y los resultados finales ser\u00e1n exhibidos en un diagrama de barras en una pantalla.<\/p>\n<p>Los directivos de la iglesia dicen que el uso de la tecnolog\u00eda brindar\u00e1 una mayor exactitud a las votaciones y ofrecer\u00e1 anonimato, aliviando potencialmente parte de la presi\u00f3n que algunos podr\u00edan sentir a votar de una manera determinada.<\/p>\n<p>\u00abLa tecnolog\u00eda ejerce un impacto sobre nuestras vidas de diversas maneras, y nosotros estamos buscando continuamente formas de mejorar nuestros sistemas en el Congreso de la Asociaci\u00f3n General por medio de la tecnolog\u00eda\u00bb, dijo Myron Iseminger, subsecretario de la Iglesia Adventista mundial.<\/p>\n<p>Los directivos de la iglesia en la sede central de la denominaci\u00f3n usaron un sistema de votaci\u00f3n electr\u00f3nico durante el Concilio Anual de la denominaci\u00f3n en octubre pasado. All\u00ed, cientos de directivos de la iglesia votaron por medio de sus dispositivos electr\u00f3nicos individuales. Al llevar el sistema al Congreso de San Antonio (Texas), los l\u00edderes de la iglesia lo pondr\u00e1n a disposici\u00f3n del mayor \u00f3rgano de gobierno de la denominaci\u00f3n, un grupo de casi 2600 delegados.<\/p>\n<p>Iseminger dice que el nuevo sistema es m\u00e1s eficiente. En congresos pasados, los votos eran calculados por directivos que contaban cu\u00e1ntos delegados sosten\u00edan en alto la tarjeta de votaci\u00f3n, lo que llevaba tiempo. Los votos sensibles eran llevados a cabo por votaci\u00f3n secreta, lo que demandaba a\u00fan m\u00e1s tiempo.<\/p>\n<p>Iseminger, que ha trabajado como administrador de la iglesia en varias regiones del mundo, dijo que el sistema electr\u00f3nico tambi\u00e9n ayudar\u00e1 a gente de diversas culturas que enfrentan el problema de tener que decidir si seguir sus convicciones o seguir a su l\u00edder regional.<\/p>\n<p>\u00abCreo que en muchas culturas, los delegados quedan atrapados en una dif\u00edcil situaci\u00f3n porque, por un lado, los animamos a que con oraci\u00f3n voten de acuerdo con su conciencia, pero por otro, es para ellos muy importante respetar a su l\u00edder local y hasta sentarse cerca de \u00e9l\u00bb, dijo Iseminger. \u00abEsperamos que esta presi\u00f3n particular sea quitada en esta ocasi\u00f3n\u00bb.<\/p>\n<p>\u00abQueremos ser transparentes y justos, y creo que este es un gran paso adelante\u00bb, a\u00f1adi\u00f3.<\/p>\n<p>Los directivos del congreso alquilar\u00e1n varios miles de dispositivos de votaci\u00f3n remota de una compa\u00f1\u00eda que tambi\u00e9n estar\u00e1 a cargo de administrar el proceso.<\/p>\n<p>La Divisi\u00f3n Interamericana de la Iglesia Adventista, con sede en Miami, Florida, Estados Unidos, est\u00e1 adquiriendo su propio sistema de votaci\u00f3n, y algunas de las unidades administrativas locales de Norteam\u00e9rica han usado la votaci\u00f3n electr\u00f3nica durante m\u00e1s de una d\u00e9cada.<\/p>\n<p>Max C. Torkelsen, presidente de la Uni\u00f3n Asociaci\u00f3n del Pac\u00edfico Norte con sede en Ridgefield, Washington, Estados Unidos, dijo que la votaci\u00f3n electr\u00f3nica muestra con exactitud cu\u00e1ntas personas est\u00e1n participando de cada voto, y tambi\u00e9n les asegura a los delegados que el voto que han emitido ha sido tomado en cuenta.<\/p>\n<p>Torkelsen era presidente de la Asociaci\u00f3n de Upper Columbia en esa uni\u00f3n cuando se implement\u00f3 la votaci\u00f3n electr\u00f3nica all\u00e1 por fines de los a\u00f1os noventa. La transici\u00f3n desde las tarjetas de votaci\u00f3n y de los votos a viva voz llev\u00f3 a una mayor \u00abcredibilidad\u00bb de todo el proceso, dijo \u00e9l, en particular para la gente que vota en contra de un punto de agenda que finalmente es aprobado. \u00abSaben que su voto fue contado\u00bb, expres\u00f3.<\/p>\n<p>Los que dirigen la sesi\u00f3n tambi\u00e9n pueden usar la votaci\u00f3n electr\u00f3nica para saber qu\u00e9 sienten los presentes sobre una determinada discusi\u00f3n, aun cuando no corresponda registrar el voto, dijo Torkelsen.<\/p>\n<p>Acaso el \u00fanico punto que resulta ligeramente controvertido sobre la votaci\u00f3n electr\u00f3nica es que cuesta dinero. Algunos sistemas pueden costar varios miles de d\u00f3lares. Pero Torkelsen afirma que el gasto vale la pena \u00abya desde la primera vez que se use\u00bb.<\/p>\n<p>\u00abEleva el nivel de confianza de la gente respecto de la votaci\u00f3n\u00bb, expres\u00f3.<\/p>\n<p>Torkelsen dijo que la vecina Asociaci\u00f3n de Oreg\u00f3n ahora cuenta con su sistema de votaci\u00f3n electr\u00f3nico y lo alquila a otras asociaciones para sus propios congresos.<\/p>\n<p>El Congreso de la Asociaci\u00f3n General comienza el 2 de julio y contin\u00faa hasta el 11 de julio.<\/p>\n<p><em>Traducci\u00f3n de Marcos Paseggi<\/em><\/p>\n<p>&gt;<\/p>\n","protected":false},"excerpt":{"rendered":"<p>Los delegados al Congreso de la Asociaci\u00f3n General de la Iglesia Adventista en julio pr\u00f3ximo ya no usar\u00e1n tarjetas amarillas para votar como lo hab\u00edan hech0 en congresos anteriores. En su lugar, por primera vez, los delegados al evento podr\u00e1n votar presionando un bot\u00f3n en un dispositivo de votaci\u00f3n electr\u00f3nica. <\/p>\n<p>Los votos ser\u00e1n calculados en forma instant\u00e1nea, y los resultados finales ser\u00e1n exhibidos en un diagrama de barras en una pantalla.<\/p>\n","protected":false},"author":1,"featured_media":24340,"comment_status":"closed","ping_status":"closed","sticky":false,"template":"","format":"standard","meta":{"_acf_changed":false,"footnotes":""},"categories":[14,15],"tags":[],"class_list":["post-30712","post","type-post","status-publish","format-standard","has-post-thumbnail","hentry","category-de-la-iglesia-mundial","category-rss-espanol"],"acf":[],"yoast_head":"<!-- This site is optimized with the Yoast SEO plugin v27.3 - https:\/\/yoast.com\/product\/yoast-seo-wordpress\/ -->\n<title>Votaci\u00f3n electr\u00f3nica durante el Congreso incrementar\u00e1 la eficiencia y el anonimato - Iglesia Adventista del S\u00e9ptimo D\u00eda - Divisi\u00f3n Interamericana<\/title>\n<meta name=\"robots\" content=\"index, follow, max-snippet:-1, max-image-preview:large, max-video-preview:-1\" \/>\n<link rel=\"canonical\" href=\"https:\/\/interamerica.org\/es\/2015\/02\/votacion-electronica-durante-el-congreso-incrementara-la-eficiencia-y-el-anonimato\/\" \/>\n<meta property=\"og:locale\" content=\"es_ES\" \/>\n<meta property=\"og:type\" content=\"article\" \/>\n<meta property=\"og:title\" content=\"Votaci\u00f3n electr\u00f3nica durante el Congreso incrementar\u00e1 la eficiencia y el anonimato - Iglesia Adventista del S\u00e9ptimo D\u00eda - Divisi\u00f3n Interamericana\" \/>\n<meta property=\"og:description\" content=\"Los delegados al Congreso de la Asociaci\u00f3n General de la Iglesia Adventista en julio pr\u00f3ximo ya no usar\u00e1n tarjetas amarillas para votar como lo hab\u00edan hech0 en congresos anteriores. En su lugar, por primera vez, los delegados al evento podr\u00e1n votar presionando un bot\u00f3n en un dispositivo de votaci\u00f3n electr\u00f3nica.  Los votos ser\u00e1n calculados en forma instant\u00e1nea, y los resultados finales ser\u00e1n exhibidos en un diagrama de barras en una pantalla.\" \/>\n<meta property=\"og:url\" content=\"https:\/\/interamerica.org\/es\/2015\/02\/votacion-electronica-durante-el-congreso-incrementara-la-eficiencia-y-el-anonimato\/\" \/>\n<meta property=\"og:site_name\" content=\"Iglesia Adventista del S\u00e9ptimo D\u00eda - Divisi\u00f3n Interamericana\" \/>\n<meta property=\"article:published_time\" content=\"2015-02-02T04:00:00+00:00\" \/>\n<meta property=\"og:image\" content=\"https:\/\/interamerica.org\/wp-content\/uploads\/2017\/06\/csm_myron-vote-web_4f0250b4be.jpg\" \/>\n\t<meta property=\"og:image:width\" content=\"400\" \/>\n\t<meta property=\"og:image:height\" content=\"284\" \/>\n\t<meta property=\"og:image:type\" content=\"image\/jpeg\" \/>\n<meta name=\"author\" content=\"Lorenzo Verduzco\" \/>\n<meta name=\"twitter:card\" content=\"summary_large_image\" \/>\n<meta name=\"twitter:label1\" content=\"Escrito por\" \/>\n\t<meta name=\"twitter:data1\" content=\"Lorenzo Verduzco\" \/>\n\t<meta name=\"twitter:label2\" content=\"Tiempo de lectura\" \/>\n\t<meta name=\"twitter:data2\" content=\"4 minutos\" \/>\n<script type=\"application\/ld+json\" class=\"yoast-schema-graph\">{\"@context\":\"https:\\\/\\\/schema.org\",\"@graph\":[{\"@type\":\"Article\",\"@id\":\"https:\\\/\\\/interamerica.org\\\/es\\\/2015\\\/02\\\/votacion-electronica-durante-el-congreso-incrementara-la-eficiencia-y-el-anonimato\\\/#article\",\"isPartOf\":{\"@id\":\"https:\\\/\\\/interamerica.org\\\/es\\\/2015\\\/02\\\/votacion-electronica-durante-el-congreso-incrementara-la-eficiencia-y-el-anonimato\\\/\"},\"author\":{\"name\":\"Lorenzo Verduzco\",\"@id\":\"https:\\\/\\\/interamerica.org\\\/es\\\/#\\\/schema\\\/person\\\/68ede8bdc292885bb76c1e3810e73c39\"},\"headline\":\"Votaci\u00f3n electr\u00f3nica durante el Congreso incrementar\u00e1 la eficiencia y el anonimato\",\"datePublished\":\"2015-02-02T04:00:00+00:00\",\"mainEntityOfPage\":{\"@id\":\"https:\\\/\\\/interamerica.org\\\/es\\\/2015\\\/02\\\/votacion-electronica-durante-el-congreso-incrementara-la-eficiencia-y-el-anonimato\\\/\"},\"wordCount\":884,\"image\":{\"@id\":\"https:\\\/\\\/interamerica.org\\\/es\\\/2015\\\/02\\\/votacion-electronica-durante-el-congreso-incrementara-la-eficiencia-y-el-anonimato\\\/#primaryimage\"},\"thumbnailUrl\":\"https:\\\/\\\/interamerica.org\\\/wp-content\\\/uploads\\\/2017\\\/06\\\/csm_myron-vote-web_4f0250b4be.jpg\",\"articleSection\":[\"Desde la iglesia mundial\",\"RSS Espa\u00f1ol\"],\"inLanguage\":\"es\"},{\"@type\":\"WebPage\",\"@id\":\"https:\\\/\\\/interamerica.org\\\/es\\\/2015\\\/02\\\/votacion-electronica-durante-el-congreso-incrementara-la-eficiencia-y-el-anonimato\\\/\",\"url\":\"https:\\\/\\\/interamerica.org\\\/es\\\/2015\\\/02\\\/votacion-electronica-durante-el-congreso-incrementara-la-eficiencia-y-el-anonimato\\\/\",\"name\":\"Votaci\u00f3n electr\u00f3nica durante el Congreso incrementar\u00e1 la eficiencia y el anonimato - Iglesia Adventista del S\u00e9ptimo D\u00eda - Divisi\u00f3n Interamericana\",\"isPartOf\":{\"@id\":\"https:\\\/\\\/interamerica.org\\\/es\\\/#website\"},\"primaryImageOfPage\":{\"@id\":\"https:\\\/\\\/interamerica.org\\\/es\\\/2015\\\/02\\\/votacion-electronica-durante-el-congreso-incrementara-la-eficiencia-y-el-anonimato\\\/#primaryimage\"},\"image\":{\"@id\":\"https:\\\/\\\/interamerica.org\\\/es\\\/2015\\\/02\\\/votacion-electronica-durante-el-congreso-incrementara-la-eficiencia-y-el-anonimato\\\/#primaryimage\"},\"thumbnailUrl\":\"https:\\\/\\\/interamerica.org\\\/wp-content\\\/uploads\\\/2017\\\/06\\\/csm_myron-vote-web_4f0250b4be.jpg\",\"datePublished\":\"2015-02-02T04:00:00+00:00\",\"author\":{\"@id\":\"https:\\\/\\\/interamerica.org\\\/es\\\/#\\\/schema\\\/person\\\/68ede8bdc292885bb76c1e3810e73c39\"},\"breadcrumb\":{\"@id\":\"https:\\\/\\\/interamerica.org\\\/es\\\/2015\\\/02\\\/votacion-electronica-durante-el-congreso-incrementara-la-eficiencia-y-el-anonimato\\\/#breadcrumb\"},\"inLanguage\":\"es\",\"potentialAction\":[{\"@type\":\"ReadAction\",\"target\":[\"https:\\\/\\\/interamerica.org\\\/es\\\/2015\\\/02\\\/votacion-electronica-durante-el-congreso-incrementara-la-eficiencia-y-el-anonimato\\\/\"]}]},{\"@type\":\"ImageObject\",\"inLanguage\":\"es\",\"@id\":\"https:\\\/\\\/interamerica.org\\\/es\\\/2015\\\/02\\\/votacion-electronica-durante-el-congreso-incrementara-la-eficiencia-y-el-anonimato\\\/#primaryimage\",\"url\":\"https:\\\/\\\/interamerica.org\\\/wp-content\\\/uploads\\\/2017\\\/06\\\/csm_myron-vote-web_4f0250b4be.jpg\",\"contentUrl\":\"https:\\\/\\\/interamerica.org\\\/wp-content\\\/uploads\\\/2017\\\/06\\\/csm_myron-vote-web_4f0250b4be.jpg\",\"width\":400,\"height\":284},{\"@type\":\"BreadcrumbList\",\"@id\":\"https:\\\/\\\/interamerica.org\\\/es\\\/2015\\\/02\\\/votacion-electronica-durante-el-congreso-incrementara-la-eficiencia-y-el-anonimato\\\/#breadcrumb\",\"itemListElement\":[{\"@type\":\"ListItem\",\"position\":1,\"name\":\"Home\",\"item\":\"https:\\\/\\\/interamerica.org\\\/es\\\/\"},{\"@type\":\"ListItem\",\"position\":2,\"name\":\"Votaci\u00f3n electr\u00f3nica durante el Congreso incrementar\u00e1 la eficiencia y el anonimato\"}]},{\"@type\":\"WebSite\",\"@id\":\"https:\\\/\\\/interamerica.org\\\/es\\\/#website\",\"url\":\"https:\\\/\\\/interamerica.org\\\/es\\\/\",\"name\":\"Iglesia Adventista del S\u00e9ptimo D\u00eda - Divisi\u00f3n Interamericana\",\"description\":\"\",\"potentialAction\":[{\"@type\":\"SearchAction\",\"target\":{\"@type\":\"EntryPoint\",\"urlTemplate\":\"https:\\\/\\\/interamerica.org\\\/es\\\/?s={search_term_string}\"},\"query-input\":{\"@type\":\"PropertyValueSpecification\",\"valueRequired\":true,\"valueName\":\"search_term_string\"}}],\"inLanguage\":\"es\"},{\"@type\":\"Person\",\"@id\":\"https:\\\/\\\/interamerica.org\\\/es\\\/#\\\/schema\\\/person\\\/68ede8bdc292885bb76c1e3810e73c39\",\"name\":\"Lorenzo Verduzco\",\"image\":{\"@type\":\"ImageObject\",\"inLanguage\":\"es\",\"@id\":\"https:\\\/\\\/secure.gravatar.com\\\/avatar\\\/fb81a55b6218459490a9c1dc841a34909185b81904c5337b4b27f7a6fd60c49e?s=96&d=mm&r=g\",\"url\":\"https:\\\/\\\/secure.gravatar.com\\\/avatar\\\/fb81a55b6218459490a9c1dc841a34909185b81904c5337b4b27f7a6fd60c49e?s=96&d=mm&r=g\",\"contentUrl\":\"https:\\\/\\\/secure.gravatar.com\\\/avatar\\\/fb81a55b6218459490a9c1dc841a34909185b81904c5337b4b27f7a6fd60c49e?s=96&d=mm&r=g\",\"caption\":\"Lorenzo Verduzco\"}}]}<\/script>\n<!-- \/ Yoast SEO plugin. -->","yoast_head_json":{"title":"Votaci\u00f3n electr\u00f3nica durante el Congreso incrementar\u00e1 la eficiencia y el anonimato - Iglesia Adventista del S\u00e9ptimo D\u00eda - Divisi\u00f3n Interamericana","robots":{"index":"index","follow":"follow","max-snippet":"max-snippet:-1","max-image-preview":"max-image-preview:large","max-video-preview":"max-video-preview:-1"},"canonical":"https:\/\/interamerica.org\/es\/2015\/02\/votacion-electronica-durante-el-congreso-incrementara-la-eficiencia-y-el-anonimato\/","og_locale":"es_ES","og_type":"article","og_title":"Votaci\u00f3n electr\u00f3nica durante el Congreso incrementar\u00e1 la eficiencia y el anonimato - Iglesia Adventista del S\u00e9ptimo D\u00eda - Divisi\u00f3n Interamericana","og_description":"Los delegados al Congreso de la Asociaci\u00f3n General de la Iglesia Adventista en julio pr\u00f3ximo ya no usar\u00e1n tarjetas amarillas para votar como lo hab\u00edan hech0 en congresos anteriores. En su lugar, por primera vez, los delegados al evento podr\u00e1n votar presionando un bot\u00f3n en un dispositivo de votaci\u00f3n electr\u00f3nica.  Los votos ser\u00e1n calculados en forma instant\u00e1nea, y los resultados finales ser\u00e1n exhibidos en un diagrama de barras en una pantalla.","og_url":"https:\/\/interamerica.org\/es\/2015\/02\/votacion-electronica-durante-el-congreso-incrementara-la-eficiencia-y-el-anonimato\/","og_site_name":"Iglesia Adventista del S\u00e9ptimo D\u00eda - Divisi\u00f3n Interamericana","article_published_time":"2015-02-02T04:00:00+00:00","og_image":[{"width":400,"height":284,"url":"https:\/\/interamerica.org\/wp-content\/uploads\/2017\/06\/csm_myron-vote-web_4f0250b4be.jpg","type":"image\/jpeg"}],"author":"Lorenzo Verduzco","twitter_card":"summary_large_image","twitter_misc":{"Escrito por":"Lorenzo Verduzco","Tiempo de lectura":"4 minutos"},"schema":{"@context":"https:\/\/schema.org","@graph":[{"@type":"Article","@id":"https:\/\/interamerica.org\/es\/2015\/02\/votacion-electronica-durante-el-congreso-incrementara-la-eficiencia-y-el-anonimato\/#article","isPartOf":{"@id":"https:\/\/interamerica.org\/es\/2015\/02\/votacion-electronica-durante-el-congreso-incrementara-la-eficiencia-y-el-anonimato\/"},"author":{"name":"Lorenzo Verduzco","@id":"https:\/\/interamerica.org\/es\/#\/schema\/person\/68ede8bdc292885bb76c1e3810e73c39"},"headline":"Votaci\u00f3n electr\u00f3nica durante el Congreso incrementar\u00e1 la eficiencia y el anonimato","datePublished":"2015-02-02T04:00:00+00:00","mainEntityOfPage":{"@id":"https:\/\/interamerica.org\/es\/2015\/02\/votacion-electronica-durante-el-congreso-incrementara-la-eficiencia-y-el-anonimato\/"},"wordCount":884,"image":{"@id":"https:\/\/interamerica.org\/es\/2015\/02\/votacion-electronica-durante-el-congreso-incrementara-la-eficiencia-y-el-anonimato\/#primaryimage"},"thumbnailUrl":"https:\/\/interamerica.org\/wp-content\/uploads\/2017\/06\/csm_myron-vote-web_4f0250b4be.jpg","articleSection":["Desde la iglesia mundial","RSS Espa\u00f1ol"],"inLanguage":"es"},{"@type":"WebPage","@id":"https:\/\/interamerica.org\/es\/2015\/02\/votacion-electronica-durante-el-congreso-incrementara-la-eficiencia-y-el-anonimato\/","url":"https:\/\/interamerica.org\/es\/2015\/02\/votacion-electronica-durante-el-congreso-incrementara-la-eficiencia-y-el-anonimato\/","name":"Votaci\u00f3n electr\u00f3nica durante el Congreso incrementar\u00e1 la eficiencia y el anonimato - Iglesia Adventista del S\u00e9ptimo D\u00eda - Divisi\u00f3n Interamericana","isPartOf":{"@id":"https:\/\/interamerica.org\/es\/#website"},"primaryImageOfPage":{"@id":"https:\/\/interamerica.org\/es\/2015\/02\/votacion-electronica-durante-el-congreso-incrementara-la-eficiencia-y-el-anonimato\/#primaryimage"},"image":{"@id":"https:\/\/interamerica.org\/es\/2015\/02\/votacion-electronica-durante-el-congreso-incrementara-la-eficiencia-y-el-anonimato\/#primaryimage"},"thumbnailUrl":"https:\/\/interamerica.org\/wp-content\/uploads\/2017\/06\/csm_myron-vote-web_4f0250b4be.jpg","datePublished":"2015-02-02T04:00:00+00:00","author":{"@id":"https:\/\/interamerica.org\/es\/#\/schema\/person\/68ede8bdc292885bb76c1e3810e73c39"},"breadcrumb":{"@id":"https:\/\/interamerica.org\/es\/2015\/02\/votacion-electronica-durante-el-congreso-incrementara-la-eficiencia-y-el-anonimato\/#breadcrumb"},"inLanguage":"es","potentialAction":[{"@type":"ReadAction","target":["https:\/\/interamerica.org\/es\/2015\/02\/votacion-electronica-durante-el-congreso-incrementara-la-eficiencia-y-el-anonimato\/"]}]},{"@type":"ImageObject","inLanguage":"es","@id":"https:\/\/interamerica.org\/es\/2015\/02\/votacion-electronica-durante-el-congreso-incrementara-la-eficiencia-y-el-anonimato\/#primaryimage","url":"https:\/\/interamerica.org\/wp-content\/uploads\/2017\/06\/csm_myron-vote-web_4f0250b4be.jpg","contentUrl":"https:\/\/interamerica.org\/wp-content\/uploads\/2017\/06\/csm_myron-vote-web_4f0250b4be.jpg","width":400,"height":284},{"@type":"BreadcrumbList","@id":"https:\/\/interamerica.org\/es\/2015\/02\/votacion-electronica-durante-el-congreso-incrementara-la-eficiencia-y-el-anonimato\/#breadcrumb","itemListElement":[{"@type":"ListItem","position":1,"name":"Home","item":"https:\/\/interamerica.org\/es\/"},{"@type":"ListItem","position":2,"name":"Votaci\u00f3n electr\u00f3nica durante el Congreso incrementar\u00e1 la eficiencia y el anonimato"}]},{"@type":"WebSite","@id":"https:\/\/interamerica.org\/es\/#website","url":"https:\/\/interamerica.org\/es\/","name":"Iglesia Adventista del S\u00e9ptimo D\u00eda - Divisi\u00f3n Interamericana","description":"","potentialAction":[{"@type":"SearchAction","target":{"@type":"EntryPoint","urlTemplate":"https:\/\/interamerica.org\/es\/?s={search_term_string}"},"query-input":{"@type":"PropertyValueSpecification","valueRequired":true,"valueName":"search_term_string"}}],"inLanguage":"es"},{"@type":"Person","@id":"https:\/\/interamerica.org\/es\/#\/schema\/person\/68ede8bdc292885bb76c1e3810e73c39","name":"Lorenzo Verduzco","image":{"@type":"ImageObject","inLanguage":"es","@id":"https:\/\/secure.gravatar.com\/avatar\/fb81a55b6218459490a9c1dc841a34909185b81904c5337b4b27f7a6fd60c49e?s=96&d=mm&r=g","url":"https:\/\/secure.gravatar.com\/avatar\/fb81a55b6218459490a9c1dc841a34909185b81904c5337b4b27f7a6fd60c49e?s=96&d=mm&r=g","contentUrl":"https:\/\/secure.gravatar.com\/avatar\/fb81a55b6218459490a9c1dc841a34909185b81904c5337b4b27f7a6fd60c49e?s=96&d=mm&r=g","caption":"Lorenzo Verduzco"}}]}},"_links":{"self":[{"href":"https:\/\/interamerica.org\/es\/wp-json\/wp\/v2\/posts\/30712","targetHints":{"allow":["GET"]}}],"collection":[{"href":"https:\/\/interamerica.org\/es\/wp-json\/wp\/v2\/posts"}],"about":[{"href":"https:\/\/interamerica.org\/es\/wp-json\/wp\/v2\/types\/post"}],"author":[{"embeddable":true,"href":"https:\/\/interamerica.org\/es\/wp-json\/wp\/v2\/users\/1"}],"replies":[{"embeddable":true,"href":"https:\/\/interamerica.org\/es\/wp-json\/wp\/v2\/comments?post=30712"}],"version-history":[{"count":0,"href":"https:\/\/interamerica.org\/es\/wp-json\/wp\/v2\/posts\/30712\/revisions"}],"wp:featuredmedia":[{"embeddable":true,"href":"https:\/\/interamerica.org\/es\/wp-json\/wp\/v2\/media\/24340"}],"wp:attachment":[{"href":"https:\/\/interamerica.org\/es\/wp-json\/wp\/v2\/media?parent=30712"}],"wp:term":[{"taxonomy":"category","embeddable":true,"href":"https:\/\/interamerica.org\/es\/wp-json\/wp\/v2\/categories?post=30712"},{"taxonomy":"post_tag","embeddable":true,"href":"https:\/\/interamerica.org\/es\/wp-json\/wp\/v2\/tags?post=30712"}],"curies":[{"name":"wp","href":"https:\/\/api.w.org\/{rel}","templated":true}]}}