{"id":30715,"date":"2015-02-03T12:07:41","date_gmt":"2015-02-03T16:07:41","guid":{"rendered":"http:\/\/192.81.217.108\/interamerica\/?p=30715\/"},"modified":"2017-06-26T16:15:06","modified_gmt":"2017-06-26T20:15:06","slug":"en-india-la-universidad-spicer-ensena-mision-y-compasion-en-su-100o-aniversario","status":"publish","type":"post","link":"https:\/\/interamerica.org\/es\/2015\/02\/en-india-la-universidad-spicer-ensena-mision-y-compasion-en-su-100o-aniversario\/","title":{"rendered":"En India, la Universidad Spicer ense\u00f1a misi\u00f3n y compasi\u00f3n en su 100\u00ba aniversario"},"content":{"rendered":"<p>3 de febrero de 2015 | Andrew McChesney- Adventist Review | Silver Spring, Maryland, Estados Unidos<\/p>\n<div id=\"attachment_15046\" style=\"width: 410px\" class=\"wp-caption alignright\"><a href=\"\/interamerica\/wp-content\/uploads\/2017\/06\/csm_Screen_Shot_2015-02-03_at_12.05.44_PM_601418c2f0.png\" rel=\"fancybox\" title=\"En India, la Universidad Spicer ense\u00f1a misi\u00f3n y compasi\u00f3n en su 100\u00ba aniversario\"><img fetchpriority=\"high\" decoding=\"async\" aria-describedby=\"caption-attachment-15046\" class=\"size-full wp-image-15046\" src=\"\/interamerica\/wp-content\/uploads\/2017\/06\/csm_Screen_Shot_2015-02-03_at_12.05.44_PM_601418c2f0.png\" alt=\"\" width=\"400\" height=\"208\" \/><\/a><p id=\"caption-attachment-15046\" class=\"wp-caption-text\">El Gobernador del Estado de Maharashtra, Chennamaneni Vidyasagar Rao, al centro, sentado al lado del Pastor Wilson durante la ceremonia p\u00fablica el domingo 1 de febrero.  Imagen cortes\u00eda de SUD<\/p><\/div>\n<p>La Universidad Adventista Spicer, en India, se mantuvo fiel a su misi\u00f3n durante los cinco d\u00edas de celebraciones de su 100\u00ba aniversario, y apart\u00f3 un d\u00eda para entrenar a 500 pastores y reunir a dirigentes de la comunidad para reunirse con el presidente de la Iglesia Adventista, el cual subray\u00f3 la importancia de mostrar compasi\u00f3n hacia las personas necesitadas.  <\/p>\n<p>La Universidad, fundada por el misionero estadounidense Gentry G. Lowry, en 1905, con la misi\u00f3n de equipar a obreros b\u00edblicos y colportores, utiliz\u00f3 estas festividades para reflexionar en sus humildes or\u00edgenes y para alabar a Dios por su crecimiento hasta convertirse en una fuerza poderosa para dar a conocer a Jes\u00fas en la Divisi\u00f3n Sudasi\u00e1tica de la Iglesia Adventista y m\u00e1s all\u00e1 de sus fronteras.  <\/p>\n<p>\u201cEste es un enorme hito para la Universidad Adventista Spicer y coloca a la instituci\u00f3n y a la Divisi\u00f3n Sudasi\u00e1tica en un nuevo nivel de compromiso y responsabilidad en la obra de evangelizaci\u00f3n\u201d, dijo el Pastor Wilson el lunes. <\/p>\n<p>Docenas de dirigentes locales y de la iglesia acudieron al sitio de la universidad, en la ciudad de Pune, con motivo de las celebraciones, que terminaron el domingo. Entre los invitados se encontraba el gobernador del Estado de Maharashtra, en India y los principales dirigentes de la Divisi\u00f3n Sudasi\u00e1tica, que incluye India, y de la Asociaci\u00f3n General, con oficinas en Silver Spring, Maryland, Estados Unidos. <\/p>\n<p>El fin de semana constituy\u00f3 la parte m\u00e1s destacada del programa, en el que el Pastor Wilson predic\u00f3 ante una multitud de m\u00e1s de dos mil personas el s\u00e1bado y se reuni\u00f3 en el Hotel Hyatt la noche del domingo con un grupo de varios centenares de personas, incluyendo dirigentes c\u00edvicos, de educaci\u00f3n, de negocios y de salud, procedentes de Pune, la s\u00e9ptima ciudad m\u00e1s grande de la India, con una poblaci\u00f3n de m\u00e1s de 6 millones de habitantes. <\/p>\n<p>\u201cSe me pidi\u00f3 que hablase ante este inusual grupo de dirigentes de muchos diferentes trasfondos religiosos, incluyendo hinduismo, jainismo, islamismo, juda\u00edsmo y cristianismo\u201d, dijo el Pastor Wilson v\u00eda correo electr\u00f3nico. \u201cEnfatic\u00e9 la necesidad de humildad y abnegaci\u00f3n a fin de lograr buenas cosas para la humanidad. Us\u00e9 referencias del libro de Proverbios y enfoqu\u00e9 la atenci\u00f3n en la humildad de Cristo se\u00f1alada en Filipenses 2\u201d.  <\/p>\n<p>A\u00f1adi\u00f3 el Pastor Wilson: \u201cAun cuando hab\u00eda muchos no cristianos en la audiencia, el Esp\u00edritu Santo us\u00f3 el mensaje para alcanzar a muchos\u201d. <\/p>\n<p>El  viernes, el Pastor Wilson tuvo a su cargo el discurso principal para el \u201cD\u00eda del Pastor\u201d, un d\u00eda de seminarios de entrenamiento con enfoque en la misi\u00f3n, dirigidos a un grupo de 500 pastores. Otros oradores incluyeron a Gary Krause, director of Misi\u00f3n Adventista, de la Asociaci\u00f3n General y a Rick McEdward, director del Centro de Misi\u00f3n Global de la iglesia. <\/p>\n<p>La Universidad Spicer, la 66\u00ba instituci\u00f3n educativa de la Iglesia Adventista, se inici\u00f3 con solamente tres  miembros de facultad, incluyendo a Gentry G. Lowry como director, y 27 estudiantes, en julio de 1915, el mismo mes en que la cofundadora de la iglesia, Elena G. White muri\u00f3 en los Estados Unidos, se\u00f1ala David Trim, el principal archivista de la Iglesia Adventista, en un comentario acerca de esta instituci\u00f3n publicado en la Revista Adventista la semana pasada.   <\/p>\n<p>La Universidad Spicer cuenta actualmente con 1,173 estudiantes, 132 miembros de personal docente y 132 empleados m\u00e1s. A esta escuela, a la que se le otorg\u00f3 estatus de universidad el a\u00f1o pasado, todav\u00eda se le menciona frecuentemente como Spicer Memorial College, su nombre anterior, en honor de William A. Spicer, uno de los primeros misioneros adventistas en la India y ex presidente de la Asociaci\u00f3n General. <\/p>\n<p>El rector Justus Devadas dijo que la gente en India ha reconocido a esta escuela como un \u201cplantel con una diferencia\u201d. <\/p>\n<p>\u201cActualmente, el Spicer Memorial College, una instituci\u00f3n cristiana minoritaria con una filosof\u00eda y un programa acad\u00e9mico distintivo, contin\u00faa siendo la nave insignia de la educaci\u00f3n adventista en el sur de Asia\u201d. Dijo tambi\u00e9n, en sus palabras con motivo del aniversario de la instituci\u00f3n: \u201cEl colegio contin\u00faa esforz\u00e1ndose por mantener en alto su visi\u00f3n de inculcar a sus graduandos el compromiso hacia un servicio abnegado en favor de Dios y de sus pr\u00f3jimos. La facultad se esfuerza por equipar adecuadamente a los alumnos para los requerimientos de un vida decente en este mundo y para su ciudadan\u00eda en el mundo por venir\u201d. <\/p>\n<p>Otros eventos en relaci\u00f3n con el aniversario de la Universidad Spicer incluyeron una ordenaci\u00f3n al servicio, la publicaci\u00f3n de varios libros y la puesta en escena de una representaci\u00f3n teatral que cuenta la forma como Dios ha guiado a esta instituci\u00f3n durante los pasados cien a\u00f1os. Una ceremonia p\u00fablica el domingo cont\u00f3 con la presencia del gobernador del Estado de Maharashtra, Chennamaneni Vidyasagar Rao, el cual se expres\u00f3 afectuosamente acerca de la Universidad Spicer y su contribuci\u00f3n a India.<\/p>\n<p>Adem\u00e1s, se inaugur\u00f3 y dedic\u00f3 un proyecto de conmemoraci\u00f3n del centenario en cada uno de los cinco d\u00edas de celebraci\u00f3n. Entre ellos puede mencionarse el Jard\u00edn de Oraci\u00f3n Getseman\u00ed, la Iglesia Marathi y el Edificio de Administraci\u00f3n y Ciencias de la Computaci\u00f3n. <\/p>\n<p>\u201cNuestra alabanza sea a Dios\u201d, dijo el Pastor Wilson de las celebraciones. \u201c\u00c9l bendijo de una manera tremenda\u201d. <\/p>\n<p>Traducci\u00f3n por Gloria A Castrej\u00f3n<\/p>\n","protected":false},"excerpt":{"rendered":"<p>La Universidad Adventista Spicer, en India, se mantuvo fiel a su misi\u00f3n durante los cinco d\u00edas de celebraciones de su 100\u00ba aniversario, y apart\u00f3 un d\u00eda para entrenar a 500 pastores y reunir a dirigentes de la comunidad para reunirse con el presidente de la Iglesia Adventista, Ted N.C. Wilson, el cual subray\u00f3 la importancia de mostrar compasi\u00f3n hacia las personas necesitadas. La Universidad, fundada por el misionero estadounidense Gentry G. Lowry, en 1905, con la misi\u00f3n de equipar a obreros b\u00edblicos y colportores, utiliz\u00f3 estas festividades para reflexionar en sus humildes or\u00edgenes y para alabar a Dios por su crecimiento hasta convertirse en una fuerza poderosa para dar a conocer a Jes\u00fas en la Divisi\u00f3n Sudasi\u00e1tica de la Iglesia Adventista y m\u00e1s all\u00e1 de sus fronteras.<\/p>\n","protected":false},"author":1,"featured_media":24348,"comment_status":"closed","ping_status":"closed","sticky":false,"template":"","format":"standard","meta":{"_acf_changed":false,"footnotes":""},"categories":[14,15],"tags":[],"class_list":["post-30715","post","type-post","status-publish","format-standard","has-post-thumbnail","hentry","category-de-la-iglesia-mundial","category-rss-espanol"],"acf":[],"yoast_head":"<!-- This site is optimized with the Yoast SEO plugin v27.3 - https:\/\/yoast.com\/product\/yoast-seo-wordpress\/ -->\n<title>En India, la Universidad Spicer ense\u00f1a misi\u00f3n y compasi\u00f3n en su 100\u00ba aniversario - Iglesia Adventista del S\u00e9ptimo D\u00eda - Divisi\u00f3n Interamericana<\/title>\n<meta name=\"robots\" content=\"index, follow, max-snippet:-1, max-image-preview:large, max-video-preview:-1\" \/>\n<link rel=\"canonical\" href=\"https:\/\/interamerica.org\/es\/2015\/02\/en-india-la-universidad-spicer-ensena-mision-y-compasion-en-su-100o-aniversario\/\" \/>\n<meta property=\"og:locale\" content=\"es_ES\" \/>\n<meta property=\"og:type\" content=\"article\" \/>\n<meta property=\"og:title\" content=\"En India, la Universidad Spicer ense\u00f1a misi\u00f3n y compasi\u00f3n en su 100\u00ba aniversario - Iglesia Adventista del S\u00e9ptimo D\u00eda - Divisi\u00f3n Interamericana\" \/>\n<meta property=\"og:description\" content=\"La Universidad Adventista Spicer, en India, se mantuvo fiel a su misi\u00f3n durante los cinco d\u00edas de celebraciones de su 100\u00ba aniversario, y apart\u00f3 un d\u00eda para entrenar a 500 pastores y reunir a dirigentes de la comunidad para reunirse con el presidente de la Iglesia Adventista, Ted N.C. Wilson, el cual subray\u00f3 la importancia de mostrar compasi\u00f3n hacia las personas necesitadas. La Universidad, fundada por el misionero estadounidense Gentry G. Lowry, en 1905, con la misi\u00f3n de equipar a obreros b\u00edblicos y colportores, utiliz\u00f3 estas festividades para reflexionar en sus humildes or\u00edgenes y para alabar a Dios por su crecimiento hasta convertirse en una fuerza poderosa para dar a conocer a Jes\u00fas en la Divisi\u00f3n Sudasi\u00e1tica de la Iglesia Adventista y m\u00e1s all\u00e1 de sus fronteras.\" \/>\n<meta property=\"og:url\" content=\"https:\/\/interamerica.org\/es\/2015\/02\/en-india-la-universidad-spicer-ensena-mision-y-compasion-en-su-100o-aniversario\/\" \/>\n<meta property=\"og:site_name\" content=\"Iglesia Adventista del S\u00e9ptimo D\u00eda - Divisi\u00f3n Interamericana\" \/>\n<meta property=\"article:published_time\" content=\"2015-02-03T16:07:41+00:00\" \/>\n<meta property=\"article:modified_time\" content=\"2017-06-26T20:15:06+00:00\" \/>\n<meta property=\"og:image\" content=\"https:\/\/interamerica.org\/wp-content\/uploads\/2017\/06\/csm_Screen_Shot_2015-02-03_at_12.05.44_PM_601418c2f0.png\" \/>\n\t<meta property=\"og:image:width\" content=\"400\" \/>\n\t<meta property=\"og:image:height\" content=\"208\" \/>\n\t<meta property=\"og:image:type\" content=\"image\/png\" \/>\n<meta name=\"author\" content=\"Lorenzo Verduzco\" \/>\n<meta name=\"twitter:card\" content=\"summary_large_image\" \/>\n<meta name=\"twitter:label1\" content=\"Escrito por\" \/>\n\t<meta name=\"twitter:data1\" content=\"Lorenzo Verduzco\" \/>\n\t<meta name=\"twitter:label2\" content=\"Tiempo de lectura\" \/>\n\t<meta name=\"twitter:data2\" content=\"5 minutos\" \/>\n<script type=\"application\/ld+json\" class=\"yoast-schema-graph\">{\"@context\":\"https:\\\/\\\/schema.org\",\"@graph\":[{\"@type\":\"Article\",\"@id\":\"https:\\\/\\\/interamerica.org\\\/es\\\/2015\\\/02\\\/en-india-la-universidad-spicer-ensena-mision-y-compasion-en-su-100o-aniversario\\\/#article\",\"isPartOf\":{\"@id\":\"https:\\\/\\\/interamerica.org\\\/es\\\/2015\\\/02\\\/en-india-la-universidad-spicer-ensena-mision-y-compasion-en-su-100o-aniversario\\\/\"},\"author\":{\"name\":\"Lorenzo Verduzco\",\"@id\":\"https:\\\/\\\/interamerica.org\\\/es\\\/#\\\/schema\\\/person\\\/68ede8bdc292885bb76c1e3810e73c39\"},\"headline\":\"En India, la Universidad Spicer ense\u00f1a misi\u00f3n y compasi\u00f3n en su 100\u00ba aniversario\",\"datePublished\":\"2015-02-03T16:07:41+00:00\",\"dateModified\":\"2017-06-26T20:15:06+00:00\",\"mainEntityOfPage\":{\"@id\":\"https:\\\/\\\/interamerica.org\\\/es\\\/2015\\\/02\\\/en-india-la-universidad-spicer-ensena-mision-y-compasion-en-su-100o-aniversario\\\/\"},\"wordCount\":997,\"image\":{\"@id\":\"https:\\\/\\\/interamerica.org\\\/es\\\/2015\\\/02\\\/en-india-la-universidad-spicer-ensena-mision-y-compasion-en-su-100o-aniversario\\\/#primaryimage\"},\"thumbnailUrl\":\"https:\\\/\\\/interamerica.org\\\/wp-content\\\/uploads\\\/2017\\\/06\\\/csm_Screen_Shot_2015-02-03_at_12.05.44_PM_601418c2f0.png\",\"articleSection\":[\"Desde la iglesia mundial\",\"RSS Espa\u00f1ol\"],\"inLanguage\":\"es\"},{\"@type\":\"WebPage\",\"@id\":\"https:\\\/\\\/interamerica.org\\\/es\\\/2015\\\/02\\\/en-india-la-universidad-spicer-ensena-mision-y-compasion-en-su-100o-aniversario\\\/\",\"url\":\"https:\\\/\\\/interamerica.org\\\/es\\\/2015\\\/02\\\/en-india-la-universidad-spicer-ensena-mision-y-compasion-en-su-100o-aniversario\\\/\",\"name\":\"En India, la Universidad Spicer ense\u00f1a misi\u00f3n y compasi\u00f3n en su 100\u00ba aniversario - Iglesia Adventista del S\u00e9ptimo D\u00eda - Divisi\u00f3n Interamericana\",\"isPartOf\":{\"@id\":\"https:\\\/\\\/interamerica.org\\\/es\\\/#website\"},\"primaryImageOfPage\":{\"@id\":\"https:\\\/\\\/interamerica.org\\\/es\\\/2015\\\/02\\\/en-india-la-universidad-spicer-ensena-mision-y-compasion-en-su-100o-aniversario\\\/#primaryimage\"},\"image\":{\"@id\":\"https:\\\/\\\/interamerica.org\\\/es\\\/2015\\\/02\\\/en-india-la-universidad-spicer-ensena-mision-y-compasion-en-su-100o-aniversario\\\/#primaryimage\"},\"thumbnailUrl\":\"https:\\\/\\\/interamerica.org\\\/wp-content\\\/uploads\\\/2017\\\/06\\\/csm_Screen_Shot_2015-02-03_at_12.05.44_PM_601418c2f0.png\",\"datePublished\":\"2015-02-03T16:07:41+00:00\",\"dateModified\":\"2017-06-26T20:15:06+00:00\",\"author\":{\"@id\":\"https:\\\/\\\/interamerica.org\\\/es\\\/#\\\/schema\\\/person\\\/68ede8bdc292885bb76c1e3810e73c39\"},\"breadcrumb\":{\"@id\":\"https:\\\/\\\/interamerica.org\\\/es\\\/2015\\\/02\\\/en-india-la-universidad-spicer-ensena-mision-y-compasion-en-su-100o-aniversario\\\/#breadcrumb\"},\"inLanguage\":\"es\",\"potentialAction\":[{\"@type\":\"ReadAction\",\"target\":[\"https:\\\/\\\/interamerica.org\\\/es\\\/2015\\\/02\\\/en-india-la-universidad-spicer-ensena-mision-y-compasion-en-su-100o-aniversario\\\/\"]}]},{\"@type\":\"ImageObject\",\"inLanguage\":\"es\",\"@id\":\"https:\\\/\\\/interamerica.org\\\/es\\\/2015\\\/02\\\/en-india-la-universidad-spicer-ensena-mision-y-compasion-en-su-100o-aniversario\\\/#primaryimage\",\"url\":\"https:\\\/\\\/interamerica.org\\\/wp-content\\\/uploads\\\/2017\\\/06\\\/csm_Screen_Shot_2015-02-03_at_12.05.44_PM_601418c2f0.png\",\"contentUrl\":\"https:\\\/\\\/interamerica.org\\\/wp-content\\\/uploads\\\/2017\\\/06\\\/csm_Screen_Shot_2015-02-03_at_12.05.44_PM_601418c2f0.png\",\"width\":400,\"height\":208},{\"@type\":\"BreadcrumbList\",\"@id\":\"https:\\\/\\\/interamerica.org\\\/es\\\/2015\\\/02\\\/en-india-la-universidad-spicer-ensena-mision-y-compasion-en-su-100o-aniversario\\\/#breadcrumb\",\"itemListElement\":[{\"@type\":\"ListItem\",\"position\":1,\"name\":\"Home\",\"item\":\"https:\\\/\\\/interamerica.org\\\/es\\\/\"},{\"@type\":\"ListItem\",\"position\":2,\"name\":\"En India, la Universidad Spicer ense\u00f1a misi\u00f3n y compasi\u00f3n en su 100\u00ba aniversario\"}]},{\"@type\":\"WebSite\",\"@id\":\"https:\\\/\\\/interamerica.org\\\/es\\\/#website\",\"url\":\"https:\\\/\\\/interamerica.org\\\/es\\\/\",\"name\":\"Iglesia Adventista del S\u00e9ptimo D\u00eda - Divisi\u00f3n Interamericana\",\"description\":\"\",\"potentialAction\":[{\"@type\":\"SearchAction\",\"target\":{\"@type\":\"EntryPoint\",\"urlTemplate\":\"https:\\\/\\\/interamerica.org\\\/es\\\/?s={search_term_string}\"},\"query-input\":{\"@type\":\"PropertyValueSpecification\",\"valueRequired\":true,\"valueName\":\"search_term_string\"}}],\"inLanguage\":\"es\"},{\"@type\":\"Person\",\"@id\":\"https:\\\/\\\/interamerica.org\\\/es\\\/#\\\/schema\\\/person\\\/68ede8bdc292885bb76c1e3810e73c39\",\"name\":\"Lorenzo Verduzco\",\"image\":{\"@type\":\"ImageObject\",\"inLanguage\":\"es\",\"@id\":\"https:\\\/\\\/secure.gravatar.com\\\/avatar\\\/fb81a55b6218459490a9c1dc841a34909185b81904c5337b4b27f7a6fd60c49e?s=96&d=mm&r=g\",\"url\":\"https:\\\/\\\/secure.gravatar.com\\\/avatar\\\/fb81a55b6218459490a9c1dc841a34909185b81904c5337b4b27f7a6fd60c49e?s=96&d=mm&r=g\",\"contentUrl\":\"https:\\\/\\\/secure.gravatar.com\\\/avatar\\\/fb81a55b6218459490a9c1dc841a34909185b81904c5337b4b27f7a6fd60c49e?s=96&d=mm&r=g\",\"caption\":\"Lorenzo Verduzco\"}}]}<\/script>\n<!-- \/ Yoast SEO plugin. -->","yoast_head_json":{"title":"En India, la Universidad Spicer ense\u00f1a misi\u00f3n y compasi\u00f3n en su 100\u00ba aniversario - Iglesia Adventista del S\u00e9ptimo D\u00eda - Divisi\u00f3n Interamericana","robots":{"index":"index","follow":"follow","max-snippet":"max-snippet:-1","max-image-preview":"max-image-preview:large","max-video-preview":"max-video-preview:-1"},"canonical":"https:\/\/interamerica.org\/es\/2015\/02\/en-india-la-universidad-spicer-ensena-mision-y-compasion-en-su-100o-aniversario\/","og_locale":"es_ES","og_type":"article","og_title":"En India, la Universidad Spicer ense\u00f1a misi\u00f3n y compasi\u00f3n en su 100\u00ba aniversario - Iglesia Adventista del S\u00e9ptimo D\u00eda - Divisi\u00f3n Interamericana","og_description":"La Universidad Adventista Spicer, en India, se mantuvo fiel a su misi\u00f3n durante los cinco d\u00edas de celebraciones de su 100\u00ba aniversario, y apart\u00f3 un d\u00eda para entrenar a 500 pastores y reunir a dirigentes de la comunidad para reunirse con el presidente de la Iglesia Adventista, Ted N.C. Wilson, el cual subray\u00f3 la importancia de mostrar compasi\u00f3n hacia las personas necesitadas. La Universidad, fundada por el misionero estadounidense Gentry G. Lowry, en 1905, con la misi\u00f3n de equipar a obreros b\u00edblicos y colportores, utiliz\u00f3 estas festividades para reflexionar en sus humildes or\u00edgenes y para alabar a Dios por su crecimiento hasta convertirse en una fuerza poderosa para dar a conocer a Jes\u00fas en la Divisi\u00f3n Sudasi\u00e1tica de la Iglesia Adventista y m\u00e1s all\u00e1 de sus fronteras.","og_url":"https:\/\/interamerica.org\/es\/2015\/02\/en-india-la-universidad-spicer-ensena-mision-y-compasion-en-su-100o-aniversario\/","og_site_name":"Iglesia Adventista del S\u00e9ptimo D\u00eda - Divisi\u00f3n Interamericana","article_published_time":"2015-02-03T16:07:41+00:00","article_modified_time":"2017-06-26T20:15:06+00:00","og_image":[{"width":400,"height":208,"url":"https:\/\/interamerica.org\/wp-content\/uploads\/2017\/06\/csm_Screen_Shot_2015-02-03_at_12.05.44_PM_601418c2f0.png","type":"image\/png"}],"author":"Lorenzo Verduzco","twitter_card":"summary_large_image","twitter_misc":{"Escrito por":"Lorenzo Verduzco","Tiempo de lectura":"5 minutos"},"schema":{"@context":"https:\/\/schema.org","@graph":[{"@type":"Article","@id":"https:\/\/interamerica.org\/es\/2015\/02\/en-india-la-universidad-spicer-ensena-mision-y-compasion-en-su-100o-aniversario\/#article","isPartOf":{"@id":"https:\/\/interamerica.org\/es\/2015\/02\/en-india-la-universidad-spicer-ensena-mision-y-compasion-en-su-100o-aniversario\/"},"author":{"name":"Lorenzo Verduzco","@id":"https:\/\/interamerica.org\/es\/#\/schema\/person\/68ede8bdc292885bb76c1e3810e73c39"},"headline":"En India, la Universidad Spicer ense\u00f1a misi\u00f3n y compasi\u00f3n en su 100\u00ba aniversario","datePublished":"2015-02-03T16:07:41+00:00","dateModified":"2017-06-26T20:15:06+00:00","mainEntityOfPage":{"@id":"https:\/\/interamerica.org\/es\/2015\/02\/en-india-la-universidad-spicer-ensena-mision-y-compasion-en-su-100o-aniversario\/"},"wordCount":997,"image":{"@id":"https:\/\/interamerica.org\/es\/2015\/02\/en-india-la-universidad-spicer-ensena-mision-y-compasion-en-su-100o-aniversario\/#primaryimage"},"thumbnailUrl":"https:\/\/interamerica.org\/wp-content\/uploads\/2017\/06\/csm_Screen_Shot_2015-02-03_at_12.05.44_PM_601418c2f0.png","articleSection":["Desde la iglesia mundial","RSS Espa\u00f1ol"],"inLanguage":"es"},{"@type":"WebPage","@id":"https:\/\/interamerica.org\/es\/2015\/02\/en-india-la-universidad-spicer-ensena-mision-y-compasion-en-su-100o-aniversario\/","url":"https:\/\/interamerica.org\/es\/2015\/02\/en-india-la-universidad-spicer-ensena-mision-y-compasion-en-su-100o-aniversario\/","name":"En India, la Universidad Spicer ense\u00f1a misi\u00f3n y compasi\u00f3n en su 100\u00ba aniversario - Iglesia Adventista del S\u00e9ptimo D\u00eda - Divisi\u00f3n Interamericana","isPartOf":{"@id":"https:\/\/interamerica.org\/es\/#website"},"primaryImageOfPage":{"@id":"https:\/\/interamerica.org\/es\/2015\/02\/en-india-la-universidad-spicer-ensena-mision-y-compasion-en-su-100o-aniversario\/#primaryimage"},"image":{"@id":"https:\/\/interamerica.org\/es\/2015\/02\/en-india-la-universidad-spicer-ensena-mision-y-compasion-en-su-100o-aniversario\/#primaryimage"},"thumbnailUrl":"https:\/\/interamerica.org\/wp-content\/uploads\/2017\/06\/csm_Screen_Shot_2015-02-03_at_12.05.44_PM_601418c2f0.png","datePublished":"2015-02-03T16:07:41+00:00","dateModified":"2017-06-26T20:15:06+00:00","author":{"@id":"https:\/\/interamerica.org\/es\/#\/schema\/person\/68ede8bdc292885bb76c1e3810e73c39"},"breadcrumb":{"@id":"https:\/\/interamerica.org\/es\/2015\/02\/en-india-la-universidad-spicer-ensena-mision-y-compasion-en-su-100o-aniversario\/#breadcrumb"},"inLanguage":"es","potentialAction":[{"@type":"ReadAction","target":["https:\/\/interamerica.org\/es\/2015\/02\/en-india-la-universidad-spicer-ensena-mision-y-compasion-en-su-100o-aniversario\/"]}]},{"@type":"ImageObject","inLanguage":"es","@id":"https:\/\/interamerica.org\/es\/2015\/02\/en-india-la-universidad-spicer-ensena-mision-y-compasion-en-su-100o-aniversario\/#primaryimage","url":"https:\/\/interamerica.org\/wp-content\/uploads\/2017\/06\/csm_Screen_Shot_2015-02-03_at_12.05.44_PM_601418c2f0.png","contentUrl":"https:\/\/interamerica.org\/wp-content\/uploads\/2017\/06\/csm_Screen_Shot_2015-02-03_at_12.05.44_PM_601418c2f0.png","width":400,"height":208},{"@type":"BreadcrumbList","@id":"https:\/\/interamerica.org\/es\/2015\/02\/en-india-la-universidad-spicer-ensena-mision-y-compasion-en-su-100o-aniversario\/#breadcrumb","itemListElement":[{"@type":"ListItem","position":1,"name":"Home","item":"https:\/\/interamerica.org\/es\/"},{"@type":"ListItem","position":2,"name":"En India, la Universidad Spicer ense\u00f1a misi\u00f3n y compasi\u00f3n en su 100\u00ba aniversario"}]},{"@type":"WebSite","@id":"https:\/\/interamerica.org\/es\/#website","url":"https:\/\/interamerica.org\/es\/","name":"Iglesia Adventista del S\u00e9ptimo D\u00eda - Divisi\u00f3n Interamericana","description":"","potentialAction":[{"@type":"SearchAction","target":{"@type":"EntryPoint","urlTemplate":"https:\/\/interamerica.org\/es\/?s={search_term_string}"},"query-input":{"@type":"PropertyValueSpecification","valueRequired":true,"valueName":"search_term_string"}}],"inLanguage":"es"},{"@type":"Person","@id":"https:\/\/interamerica.org\/es\/#\/schema\/person\/68ede8bdc292885bb76c1e3810e73c39","name":"Lorenzo Verduzco","image":{"@type":"ImageObject","inLanguage":"es","@id":"https:\/\/secure.gravatar.com\/avatar\/fb81a55b6218459490a9c1dc841a34909185b81904c5337b4b27f7a6fd60c49e?s=96&d=mm&r=g","url":"https:\/\/secure.gravatar.com\/avatar\/fb81a55b6218459490a9c1dc841a34909185b81904c5337b4b27f7a6fd60c49e?s=96&d=mm&r=g","contentUrl":"https:\/\/secure.gravatar.com\/avatar\/fb81a55b6218459490a9c1dc841a34909185b81904c5337b4b27f7a6fd60c49e?s=96&d=mm&r=g","caption":"Lorenzo Verduzco"}}]}},"_links":{"self":[{"href":"https:\/\/interamerica.org\/es\/wp-json\/wp\/v2\/posts\/30715","targetHints":{"allow":["GET"]}}],"collection":[{"href":"https:\/\/interamerica.org\/es\/wp-json\/wp\/v2\/posts"}],"about":[{"href":"https:\/\/interamerica.org\/es\/wp-json\/wp\/v2\/types\/post"}],"author":[{"embeddable":true,"href":"https:\/\/interamerica.org\/es\/wp-json\/wp\/v2\/users\/1"}],"replies":[{"embeddable":true,"href":"https:\/\/interamerica.org\/es\/wp-json\/wp\/v2\/comments?post=30715"}],"version-history":[{"count":0,"href":"https:\/\/interamerica.org\/es\/wp-json\/wp\/v2\/posts\/30715\/revisions"}],"wp:featuredmedia":[{"embeddable":true,"href":"https:\/\/interamerica.org\/es\/wp-json\/wp\/v2\/media\/24348"}],"wp:attachment":[{"href":"https:\/\/interamerica.org\/es\/wp-json\/wp\/v2\/media?parent=30715"}],"wp:term":[{"taxonomy":"category","embeddable":true,"href":"https:\/\/interamerica.org\/es\/wp-json\/wp\/v2\/categories?post=30715"},{"taxonomy":"post_tag","embeddable":true,"href":"https:\/\/interamerica.org\/es\/wp-json\/wp\/v2\/tags?post=30715"}],"curies":[{"name":"wp","href":"https:\/\/api.w.org\/{rel}","templated":true}]}}