{"id":30718,"date":"2015-02-09T00:00:00","date_gmt":"2015-02-09T04:00:00","guid":{"rendered":"http:\/\/192.81.217.108\/interamerica\/2015\/02\/interamerica-inicia-semana-de-oracion-fortaleciendo-a-las-familias-de-los-pastores\/"},"modified":"2015-02-09T00:00:00","modified_gmt":"2015-02-09T04:00:00","slug":"interamerica-inicia-semana-de-oracion-fortaleciendo-a-las-familias-de-los-pastores","status":"publish","type":"post","link":"https:\/\/interamerica.org\/es\/2015\/02\/interamerica-inicia-semana-de-oracion-fortaleciendo-a-las-familias-de-los-pastores\/","title":{"rendered":"Interam\u00e9rica inicia semana de oraci\u00f3n fortaleciendo a las familias de los pastores"},"content":{"rendered":"<div id=\"attachment_15080\" style=\"width: 610px\" class=\"wp-caption aligncenter\"><a href=\"\/interamerica\/wp-content\/uploads\/2017\/06\/PastoralWkofPrayer600.png\" rel=\"fancybox\" title=\"Interam\u00e9rica inicia semana de oraci\u00f3n fortaleciendo a las familias de los pastores\"><img fetchpriority=\"high\" decoding=\"async\" aria-describedby=\"caption-attachment-15080\" class=\"size-full wp-image-15080\" src=\"\/interamerica\/wp-content\/uploads\/2017\/06\/PastoralWkofPrayer600.png\" alt=\"\" width=\"600\" height=\"391\" \/><\/a><p id=\"caption-attachment-15080\" class=\"wp-caption-text\">L\u00edderes adventistas oran juntos en la Divisi\u00f3n Interamericana por los m\u00e1s de 3400 pastores y sus familias de la regi\u00f3n durante el programa en l\u00ednea de lanzamiento de la semana de oraci\u00f3n para la familia pastoral este 6 de febrero de 2015, desde Miami, Florida. Im\u00e1genes de Libna Stevens\/DIA.<\/p><\/div>\n<p>8 de febrero de 2015 | Miami, Florida, Estados Unidos | Libna Stevens\/DIA<\/p>\n<p>Los principales l\u00edderes de la Divisi\u00f3n Interamericana (DIA) de la Iglesia Adventista participaron de un programa especial el viernes de noche para lanzar una semana de oraci\u00f3n en todo el territorio con \u00e9nfasis en las familias de los pastores. Durante el programa, los matrimonios pastorales oraron y alentaron a los pastores y sus familias para que dediquen tiempo para atender y fortalecer a sus familias tanto en el \u00e1rea espiritual como en la mental y la f\u00edsica.<\/p>\n<div id=\"attachment_15078\" style=\"width: 310px\" class=\"wp-caption alignleft\"><a href=\"\/interamerica\/wp-content\/uploads\/2017\/06\/Sanchez-WeekofPrayer.png\" rel=\"fancybox\" title=\"Interam\u00e9rica inicia semana de oraci\u00f3n fortaleciendo a las familias de los pastores\"><img decoding=\"async\" aria-describedby=\"caption-attachment-15078\" class=\"size-full wp-image-15078\" src=\"\/interamerica\/wp-content\/uploads\/2017\/06\/Sanchez-WeekofPrayer.png\" alt=\"\" width=\"300\" height=\"214\" \/><\/a><p id=\"caption-attachment-15078\" class=\"wp-caption-text\">El pastor H\u00e9ctor S\u00e1nchez, secretario ministerial de la DIA, habla de la importancia de apreciar la obra de la familia pastoral a lo largo y a lo ancho del territorio.<\/p><\/div>\n<p>El evento, que fue llevado a cabo en la sede central de la DIA en Miami, Florida, Estados Unidos, fue transmitido en vivo por Internet.<\/p>\n<p>En un territorio que cuenta con m\u00e1s de 3400 ministros que atienden a unos 3,6 millones de miembros de veinte mil congregaciones, fue un mensaje que mostr\u00f3 el inter\u00e9s especial que existe por los valiosos pastores de Interam\u00e9rica, que motivan y gu\u00edan a su grey para prepararlos para la Segunda Venida y compartir el evangelio con otras personas, dijeron los organizadores.<\/p>\n<p>\u00abQueremos ayudar a que nuestros pastores y sus familias sigan firmes en el Se\u00f1or, tanto esta semana como este a\u00f1o\u00bb, dijo el pastor H\u00e9ctor S\u00e1nchez, secretario ministerial de la iglesia en Interam\u00e9rica.<\/p>\n<p>\u00abQueremos que sepan que los reconocemos y apreciamos a ustedes, a sus esposas y a sus hijos, en la importante obra que hacen para Dios\u00bb.<\/p>\n<p>El lanzamiento de la Semana de Oraci\u00f3n fue parte de diversas actividades planificadas para celebrar a los pastores y su liderazgo en este, el A\u00f1o del Pastor en Interam\u00e9rica.<\/p>\n<div id=\"attachment_15082\" style=\"width: 310px\" class=\"wp-caption alignright\"><a href=\"\/interamerica\/wp-content\/uploads\/2017\/06\/PastoralWkofPrayer300.png\" rel=\"fancybox\" title=\"Interam\u00e9rica inicia semana de oraci\u00f3n fortaleciendo a las familias de los pastores\"><img decoding=\"async\" aria-describedby=\"caption-attachment-15082\" class=\"size-full wp-image-15082\" src=\"\/interamerica\/wp-content\/uploads\/2017\/06\/PastoralWkofPrayer300.png\" alt=\"\" width=\"300\" height=\"214\" \/><\/a><p id=\"caption-attachment-15082\" class=\"wp-caption-text\">El pastor Abner De Los Santos, vicepresidente de la DIA, y su esposa Leticia de los Santos, coordinadora de SIEMA, oran por los m\u00e1s de 3400 pastores y sus familias, durante el programa por Internet.<\/p><\/div>\n<p>El pastor\u00a0Pedro Iglesias, director de ministerios de familia de la DIA, desafi\u00f3 a los ministros, los administradores y los l\u00edderes para que sigan buscando la presencia de Dios en sus vidas y en la de sus familias.<\/p>\n<p>\u00abLa familia de la DIA quiere orar hoy por ustedes, nuestros colegas, por los matrimonios misioneros, por su ministerio y por sus hijos\u00bb, dijo el pastor Iglesias.<\/p>\n<p>Los matrimonios pastorales de la DIA oraron durante el programa por un reavivamiento entre los pastores y sus familias, por medio del estudio de la Biblia y la oraci\u00f3n diaria. Oraron para que la familia pastoral pueda ser victoriosa en Cristo de los ataques del enemigo, por el fomento de un c\u00e1lido compa\u00f1erismo entre las familias de los pastores, para que puedan implementar un estilo de vida saludable para toda la familia, y por la protecci\u00f3n de Dios en su tarea de ministrar en los distritos y territorios de la iglesia.<\/p>\n<p>Durante el programa, Leticia De Los Santos, coordinadora de SIEMA, confirm\u00f3 a las esposas de pastor en su llamado y ministerio de apoyar a sus esposos y fomentar la solidez de la familia en el hogar.<\/p>\n<div id=\"attachment_15079\" style=\"width: 310px\" class=\"wp-caption alignleft\"><a href=\"\/interamerica\/wp-content\/uploads\/2017\/06\/PastoralWkofPrayerSinging.png\" rel=\"fancybox\" title=\"Interam\u00e9rica inicia semana de oraci\u00f3n fortaleciendo a las familias de los pastores\"><img loading=\"lazy\" decoding=\"async\" aria-describedby=\"caption-attachment-15079\" class=\"size-full wp-image-15079\" src=\"\/interamerica\/wp-content\/uploads\/2017\/06\/PastoralWkofPrayerSinging.png\" alt=\"\" width=\"300\" height=\"217\" \/><\/a><p id=\"caption-attachment-15079\" class=\"wp-caption-text\">De izquierda a derecha: Magda Salinas, Ebony Leito y Leticia Leito ofrecieron partes musicales especiales hacia el final del programa en l\u00ednea.<\/p><\/div>\n<p>El doctor Elie Henry, secretario ejecutivo de la DIA, se sinti\u00f3 feliz de ver que el programa en l\u00ednea fue dedicado en su mayor parte a la oraci\u00f3n y la reflexi\u00f3n. Henry anim\u00f3 a los pastores y sus familias para que oren juntos por las cinco razones principales de oraci\u00f3n durante la semana especial que se extiende hasta el 13 de febrero.<\/p>\n<p>\u00abElijan un momento del d\u00eda para orar juntos, sentir la presencia de Dios, su esp\u00edritu, y para unirse para una semana fruct\u00edfera as\u00ed como lo hizo Cristo durante toda su vida en la tierra\u00bb, dijo el Dr. Henry.<\/p>\n<p>Las familias pastorales podr\u00e1n descargar una revista digital especial dise\u00f1ada para la semana, que est\u00e1 disponible en <a href=\"http:\/\/2015.interamerica.org\/files2015\">2015.interamerica.org<\/a>\u00a0en ingl\u00e9s, espa\u00f1ol y franc\u00e9s.<\/p>\n<p>Los l\u00edderes se alegraron al saber que casi ochocientas conexiones siguieron el programa en vivo, dado que muchos pastores y sus familias se congregaron en hogares, iglesias y auditorios a lo largo y a lo ancho del territorio.<\/p>\n<p>Si desea ver el programa en l\u00ednea, presione <a href=\"https:\/\/www.youtube.com\/watch?v=hsHPbg4B1yI#t=114\">AQU\u00cd<\/a><\/p>\n<p>Si desea descartar la revista digital de la Semana de Oraci\u00f3n para la Familia Pastoral, visite\u00a0<a href=\"http:\/\/2015.interamerica.org\/files2015\">2015.interamerica.org<\/a><\/p>\n<p>Si desea ver fotograf\u00edas del programa en l\u00ednea, visite la galer\u00eda de im\u00e1genes\u00a0<a href=\"https:\/\/www.flickr.com\/photos\/interamerica\/16441409666\/\">AQU\u00cd<\/a><\/p>\n<p><em>Traducci\u00f3n de Marcos Paseggi<\/em><\/p>\n","protected":false},"excerpt":{"rendered":"<p>Los principales l\u00edderes de la Divisi\u00f3n Interamericana (DIA) de la Iglesia Adventista participaron de un programa especial el viernes de noche para lanzar una semana de oraci\u00f3n en todo el territorio con \u00e9nfasis en las familias de los pastores. <\/p>\n<p>Durante el programa, los matrimonios pastorales oraron y alentaron a los pastores y sus familias para que dediquen tiempo para atender y fortalecer a sus familias tanto en el \u00e1rea espiritual como en la mental y la f\u00edsica. El evento, que fue llevado a cabo en la sede central de la DIA en Miami, Florida, Estados Unidos, fue transmitido en vivo por Internet.<\/p>\n","protected":false},"author":1,"featured_media":24356,"comment_status":"closed","ping_status":"closed","sticky":false,"template":"","format":"standard","meta":{"_acf_changed":false,"footnotes":""},"categories":[16,15],"tags":[],"class_list":["post-30718","post","type-post","status-publish","format-standard","has-post-thumbnail","hentry","category-desde-la-sede","category-rss-espanol"],"acf":[],"yoast_head":"<!-- This site is optimized with the Yoast SEO plugin v27.3 - https:\/\/yoast.com\/product\/yoast-seo-wordpress\/ -->\n<title>Interam\u00e9rica inicia semana de oraci\u00f3n fortaleciendo a las familias de los pastores - Iglesia Adventista del S\u00e9ptimo D\u00eda - Divisi\u00f3n Interamericana<\/title>\n<meta name=\"robots\" content=\"index, follow, max-snippet:-1, max-image-preview:large, max-video-preview:-1\" \/>\n<link rel=\"canonical\" href=\"https:\/\/interamerica.org\/es\/2015\/02\/interamerica-inicia-semana-de-oracion-fortaleciendo-a-las-familias-de-los-pastores\/\" \/>\n<meta property=\"og:locale\" content=\"es_ES\" \/>\n<meta property=\"og:type\" content=\"article\" \/>\n<meta property=\"og:title\" content=\"Interam\u00e9rica inicia semana de oraci\u00f3n fortaleciendo a las familias de los pastores - Iglesia Adventista del S\u00e9ptimo D\u00eda - Divisi\u00f3n Interamericana\" \/>\n<meta property=\"og:description\" content=\"Los principales l\u00edderes de la Divisi\u00f3n Interamericana (DIA) de la Iglesia Adventista participaron de un programa especial el viernes de noche para lanzar una semana de oraci\u00f3n en todo el territorio con \u00e9nfasis en las familias de los pastores.  Durante el programa, los matrimonios pastorales oraron y alentaron a los pastores y sus familias para que dediquen tiempo para atender y fortalecer a sus familias tanto en el \u00e1rea espiritual como en la mental y la f\u00edsica. El evento, que fue llevado a cabo en la sede central de la DIA en Miami, Florida, Estados Unidos, fue transmitido en vivo por Internet.\" \/>\n<meta property=\"og:url\" content=\"https:\/\/interamerica.org\/es\/2015\/02\/interamerica-inicia-semana-de-oracion-fortaleciendo-a-las-familias-de-los-pastores\/\" \/>\n<meta property=\"og:site_name\" content=\"Iglesia Adventista del S\u00e9ptimo D\u00eda - Divisi\u00f3n Interamericana\" \/>\n<meta property=\"article:published_time\" content=\"2015-02-09T04:00:00+00:00\" \/>\n<meta property=\"og:image\" content=\"https:\/\/interamerica.org\/wp-content\/uploads\/2017\/06\/WeekPrayerScreen.png\" \/>\n\t<meta property=\"og:image:width\" content=\"300\" \/>\n\t<meta property=\"og:image:height\" content=\"200\" \/>\n\t<meta property=\"og:image:type\" content=\"image\/png\" \/>\n<meta name=\"author\" content=\"Lorenzo Verduzco\" \/>\n<meta name=\"twitter:card\" content=\"summary_large_image\" \/>\n<meta name=\"twitter:label1\" content=\"Escrito por\" \/>\n\t<meta name=\"twitter:data1\" content=\"Lorenzo Verduzco\" \/>\n\t<meta name=\"twitter:label2\" content=\"Tiempo de lectura\" \/>\n\t<meta name=\"twitter:data2\" content=\"4 minutos\" \/>\n<script type=\"application\/ld+json\" class=\"yoast-schema-graph\">{\"@context\":\"https:\\\/\\\/schema.org\",\"@graph\":[{\"@type\":\"Article\",\"@id\":\"https:\\\/\\\/interamerica.org\\\/es\\\/2015\\\/02\\\/interamerica-inicia-semana-de-oracion-fortaleciendo-a-las-familias-de-los-pastores\\\/#article\",\"isPartOf\":{\"@id\":\"https:\\\/\\\/interamerica.org\\\/es\\\/2015\\\/02\\\/interamerica-inicia-semana-de-oracion-fortaleciendo-a-las-familias-de-los-pastores\\\/\"},\"author\":{\"name\":\"Lorenzo Verduzco\",\"@id\":\"https:\\\/\\\/interamerica.org\\\/es\\\/#\\\/schema\\\/person\\\/68ede8bdc292885bb76c1e3810e73c39\"},\"headline\":\"Interam\u00e9rica inicia semana de oraci\u00f3n fortaleciendo a las familias de los pastores\",\"datePublished\":\"2015-02-09T04:00:00+00:00\",\"mainEntityOfPage\":{\"@id\":\"https:\\\/\\\/interamerica.org\\\/es\\\/2015\\\/02\\\/interamerica-inicia-semana-de-oracion-fortaleciendo-a-las-familias-de-los-pastores\\\/\"},\"wordCount\":882,\"image\":{\"@id\":\"https:\\\/\\\/interamerica.org\\\/es\\\/2015\\\/02\\\/interamerica-inicia-semana-de-oracion-fortaleciendo-a-las-familias-de-los-pastores\\\/#primaryimage\"},\"thumbnailUrl\":\"https:\\\/\\\/interamerica.org\\\/wp-content\\\/uploads\\\/2017\\\/06\\\/WeekPrayerScreen.png\",\"articleSection\":[\"Desde la sede\",\"RSS Espa\u00f1ol\"],\"inLanguage\":\"es\"},{\"@type\":\"WebPage\",\"@id\":\"https:\\\/\\\/interamerica.org\\\/es\\\/2015\\\/02\\\/interamerica-inicia-semana-de-oracion-fortaleciendo-a-las-familias-de-los-pastores\\\/\",\"url\":\"https:\\\/\\\/interamerica.org\\\/es\\\/2015\\\/02\\\/interamerica-inicia-semana-de-oracion-fortaleciendo-a-las-familias-de-los-pastores\\\/\",\"name\":\"Interam\u00e9rica inicia semana de oraci\u00f3n fortaleciendo a las familias de los pastores - Iglesia Adventista del S\u00e9ptimo D\u00eda - Divisi\u00f3n Interamericana\",\"isPartOf\":{\"@id\":\"https:\\\/\\\/interamerica.org\\\/es\\\/#website\"},\"primaryImageOfPage\":{\"@id\":\"https:\\\/\\\/interamerica.org\\\/es\\\/2015\\\/02\\\/interamerica-inicia-semana-de-oracion-fortaleciendo-a-las-familias-de-los-pastores\\\/#primaryimage\"},\"image\":{\"@id\":\"https:\\\/\\\/interamerica.org\\\/es\\\/2015\\\/02\\\/interamerica-inicia-semana-de-oracion-fortaleciendo-a-las-familias-de-los-pastores\\\/#primaryimage\"},\"thumbnailUrl\":\"https:\\\/\\\/interamerica.org\\\/wp-content\\\/uploads\\\/2017\\\/06\\\/WeekPrayerScreen.png\",\"datePublished\":\"2015-02-09T04:00:00+00:00\",\"author\":{\"@id\":\"https:\\\/\\\/interamerica.org\\\/es\\\/#\\\/schema\\\/person\\\/68ede8bdc292885bb76c1e3810e73c39\"},\"breadcrumb\":{\"@id\":\"https:\\\/\\\/interamerica.org\\\/es\\\/2015\\\/02\\\/interamerica-inicia-semana-de-oracion-fortaleciendo-a-las-familias-de-los-pastores\\\/#breadcrumb\"},\"inLanguage\":\"es\",\"potentialAction\":[{\"@type\":\"ReadAction\",\"target\":[\"https:\\\/\\\/interamerica.org\\\/es\\\/2015\\\/02\\\/interamerica-inicia-semana-de-oracion-fortaleciendo-a-las-familias-de-los-pastores\\\/\"]}]},{\"@type\":\"ImageObject\",\"inLanguage\":\"es\",\"@id\":\"https:\\\/\\\/interamerica.org\\\/es\\\/2015\\\/02\\\/interamerica-inicia-semana-de-oracion-fortaleciendo-a-las-familias-de-los-pastores\\\/#primaryimage\",\"url\":\"https:\\\/\\\/interamerica.org\\\/wp-content\\\/uploads\\\/2017\\\/06\\\/WeekPrayerScreen.png\",\"contentUrl\":\"https:\\\/\\\/interamerica.org\\\/wp-content\\\/uploads\\\/2017\\\/06\\\/WeekPrayerScreen.png\",\"width\":300,\"height\":200},{\"@type\":\"BreadcrumbList\",\"@id\":\"https:\\\/\\\/interamerica.org\\\/es\\\/2015\\\/02\\\/interamerica-inicia-semana-de-oracion-fortaleciendo-a-las-familias-de-los-pastores\\\/#breadcrumb\",\"itemListElement\":[{\"@type\":\"ListItem\",\"position\":1,\"name\":\"Home\",\"item\":\"https:\\\/\\\/interamerica.org\\\/es\\\/\"},{\"@type\":\"ListItem\",\"position\":2,\"name\":\"Interam\u00e9rica inicia semana de oraci\u00f3n fortaleciendo a las familias de los pastores\"}]},{\"@type\":\"WebSite\",\"@id\":\"https:\\\/\\\/interamerica.org\\\/es\\\/#website\",\"url\":\"https:\\\/\\\/interamerica.org\\\/es\\\/\",\"name\":\"Iglesia Adventista del S\u00e9ptimo D\u00eda - Divisi\u00f3n Interamericana\",\"description\":\"\",\"potentialAction\":[{\"@type\":\"SearchAction\",\"target\":{\"@type\":\"EntryPoint\",\"urlTemplate\":\"https:\\\/\\\/interamerica.org\\\/es\\\/?s={search_term_string}\"},\"query-input\":{\"@type\":\"PropertyValueSpecification\",\"valueRequired\":true,\"valueName\":\"search_term_string\"}}],\"inLanguage\":\"es\"},{\"@type\":\"Person\",\"@id\":\"https:\\\/\\\/interamerica.org\\\/es\\\/#\\\/schema\\\/person\\\/68ede8bdc292885bb76c1e3810e73c39\",\"name\":\"Lorenzo Verduzco\",\"image\":{\"@type\":\"ImageObject\",\"inLanguage\":\"es\",\"@id\":\"https:\\\/\\\/secure.gravatar.com\\\/avatar\\\/fb81a55b6218459490a9c1dc841a34909185b81904c5337b4b27f7a6fd60c49e?s=96&d=mm&r=g\",\"url\":\"https:\\\/\\\/secure.gravatar.com\\\/avatar\\\/fb81a55b6218459490a9c1dc841a34909185b81904c5337b4b27f7a6fd60c49e?s=96&d=mm&r=g\",\"contentUrl\":\"https:\\\/\\\/secure.gravatar.com\\\/avatar\\\/fb81a55b6218459490a9c1dc841a34909185b81904c5337b4b27f7a6fd60c49e?s=96&d=mm&r=g\",\"caption\":\"Lorenzo Verduzco\"}}]}<\/script>\n<!-- \/ Yoast SEO plugin. -->","yoast_head_json":{"title":"Interam\u00e9rica inicia semana de oraci\u00f3n fortaleciendo a las familias de los pastores - Iglesia Adventista del S\u00e9ptimo D\u00eda - Divisi\u00f3n Interamericana","robots":{"index":"index","follow":"follow","max-snippet":"max-snippet:-1","max-image-preview":"max-image-preview:large","max-video-preview":"max-video-preview:-1"},"canonical":"https:\/\/interamerica.org\/es\/2015\/02\/interamerica-inicia-semana-de-oracion-fortaleciendo-a-las-familias-de-los-pastores\/","og_locale":"es_ES","og_type":"article","og_title":"Interam\u00e9rica inicia semana de oraci\u00f3n fortaleciendo a las familias de los pastores - Iglesia Adventista del S\u00e9ptimo D\u00eda - Divisi\u00f3n Interamericana","og_description":"Los principales l\u00edderes de la Divisi\u00f3n Interamericana (DIA) de la Iglesia Adventista participaron de un programa especial el viernes de noche para lanzar una semana de oraci\u00f3n en todo el territorio con \u00e9nfasis en las familias de los pastores.  Durante el programa, los matrimonios pastorales oraron y alentaron a los pastores y sus familias para que dediquen tiempo para atender y fortalecer a sus familias tanto en el \u00e1rea espiritual como en la mental y la f\u00edsica. El evento, que fue llevado a cabo en la sede central de la DIA en Miami, Florida, Estados Unidos, fue transmitido en vivo por Internet.","og_url":"https:\/\/interamerica.org\/es\/2015\/02\/interamerica-inicia-semana-de-oracion-fortaleciendo-a-las-familias-de-los-pastores\/","og_site_name":"Iglesia Adventista del S\u00e9ptimo D\u00eda - Divisi\u00f3n Interamericana","article_published_time":"2015-02-09T04:00:00+00:00","og_image":[{"width":300,"height":200,"url":"https:\/\/interamerica.org\/wp-content\/uploads\/2017\/06\/WeekPrayerScreen.png","type":"image\/png"}],"author":"Lorenzo Verduzco","twitter_card":"summary_large_image","twitter_misc":{"Escrito por":"Lorenzo Verduzco","Tiempo de lectura":"4 minutos"},"schema":{"@context":"https:\/\/schema.org","@graph":[{"@type":"Article","@id":"https:\/\/interamerica.org\/es\/2015\/02\/interamerica-inicia-semana-de-oracion-fortaleciendo-a-las-familias-de-los-pastores\/#article","isPartOf":{"@id":"https:\/\/interamerica.org\/es\/2015\/02\/interamerica-inicia-semana-de-oracion-fortaleciendo-a-las-familias-de-los-pastores\/"},"author":{"name":"Lorenzo Verduzco","@id":"https:\/\/interamerica.org\/es\/#\/schema\/person\/68ede8bdc292885bb76c1e3810e73c39"},"headline":"Interam\u00e9rica inicia semana de oraci\u00f3n fortaleciendo a las familias de los pastores","datePublished":"2015-02-09T04:00:00+00:00","mainEntityOfPage":{"@id":"https:\/\/interamerica.org\/es\/2015\/02\/interamerica-inicia-semana-de-oracion-fortaleciendo-a-las-familias-de-los-pastores\/"},"wordCount":882,"image":{"@id":"https:\/\/interamerica.org\/es\/2015\/02\/interamerica-inicia-semana-de-oracion-fortaleciendo-a-las-familias-de-los-pastores\/#primaryimage"},"thumbnailUrl":"https:\/\/interamerica.org\/wp-content\/uploads\/2017\/06\/WeekPrayerScreen.png","articleSection":["Desde la sede","RSS Espa\u00f1ol"],"inLanguage":"es"},{"@type":"WebPage","@id":"https:\/\/interamerica.org\/es\/2015\/02\/interamerica-inicia-semana-de-oracion-fortaleciendo-a-las-familias-de-los-pastores\/","url":"https:\/\/interamerica.org\/es\/2015\/02\/interamerica-inicia-semana-de-oracion-fortaleciendo-a-las-familias-de-los-pastores\/","name":"Interam\u00e9rica inicia semana de oraci\u00f3n fortaleciendo a las familias de los pastores - Iglesia Adventista del S\u00e9ptimo D\u00eda - Divisi\u00f3n Interamericana","isPartOf":{"@id":"https:\/\/interamerica.org\/es\/#website"},"primaryImageOfPage":{"@id":"https:\/\/interamerica.org\/es\/2015\/02\/interamerica-inicia-semana-de-oracion-fortaleciendo-a-las-familias-de-los-pastores\/#primaryimage"},"image":{"@id":"https:\/\/interamerica.org\/es\/2015\/02\/interamerica-inicia-semana-de-oracion-fortaleciendo-a-las-familias-de-los-pastores\/#primaryimage"},"thumbnailUrl":"https:\/\/interamerica.org\/wp-content\/uploads\/2017\/06\/WeekPrayerScreen.png","datePublished":"2015-02-09T04:00:00+00:00","author":{"@id":"https:\/\/interamerica.org\/es\/#\/schema\/person\/68ede8bdc292885bb76c1e3810e73c39"},"breadcrumb":{"@id":"https:\/\/interamerica.org\/es\/2015\/02\/interamerica-inicia-semana-de-oracion-fortaleciendo-a-las-familias-de-los-pastores\/#breadcrumb"},"inLanguage":"es","potentialAction":[{"@type":"ReadAction","target":["https:\/\/interamerica.org\/es\/2015\/02\/interamerica-inicia-semana-de-oracion-fortaleciendo-a-las-familias-de-los-pastores\/"]}]},{"@type":"ImageObject","inLanguage":"es","@id":"https:\/\/interamerica.org\/es\/2015\/02\/interamerica-inicia-semana-de-oracion-fortaleciendo-a-las-familias-de-los-pastores\/#primaryimage","url":"https:\/\/interamerica.org\/wp-content\/uploads\/2017\/06\/WeekPrayerScreen.png","contentUrl":"https:\/\/interamerica.org\/wp-content\/uploads\/2017\/06\/WeekPrayerScreen.png","width":300,"height":200},{"@type":"BreadcrumbList","@id":"https:\/\/interamerica.org\/es\/2015\/02\/interamerica-inicia-semana-de-oracion-fortaleciendo-a-las-familias-de-los-pastores\/#breadcrumb","itemListElement":[{"@type":"ListItem","position":1,"name":"Home","item":"https:\/\/interamerica.org\/es\/"},{"@type":"ListItem","position":2,"name":"Interam\u00e9rica inicia semana de oraci\u00f3n fortaleciendo a las familias de los pastores"}]},{"@type":"WebSite","@id":"https:\/\/interamerica.org\/es\/#website","url":"https:\/\/interamerica.org\/es\/","name":"Iglesia Adventista del S\u00e9ptimo D\u00eda - Divisi\u00f3n Interamericana","description":"","potentialAction":[{"@type":"SearchAction","target":{"@type":"EntryPoint","urlTemplate":"https:\/\/interamerica.org\/es\/?s={search_term_string}"},"query-input":{"@type":"PropertyValueSpecification","valueRequired":true,"valueName":"search_term_string"}}],"inLanguage":"es"},{"@type":"Person","@id":"https:\/\/interamerica.org\/es\/#\/schema\/person\/68ede8bdc292885bb76c1e3810e73c39","name":"Lorenzo Verduzco","image":{"@type":"ImageObject","inLanguage":"es","@id":"https:\/\/secure.gravatar.com\/avatar\/fb81a55b6218459490a9c1dc841a34909185b81904c5337b4b27f7a6fd60c49e?s=96&d=mm&r=g","url":"https:\/\/secure.gravatar.com\/avatar\/fb81a55b6218459490a9c1dc841a34909185b81904c5337b4b27f7a6fd60c49e?s=96&d=mm&r=g","contentUrl":"https:\/\/secure.gravatar.com\/avatar\/fb81a55b6218459490a9c1dc841a34909185b81904c5337b4b27f7a6fd60c49e?s=96&d=mm&r=g","caption":"Lorenzo Verduzco"}}]}},"_links":{"self":[{"href":"https:\/\/interamerica.org\/es\/wp-json\/wp\/v2\/posts\/30718","targetHints":{"allow":["GET"]}}],"collection":[{"href":"https:\/\/interamerica.org\/es\/wp-json\/wp\/v2\/posts"}],"about":[{"href":"https:\/\/interamerica.org\/es\/wp-json\/wp\/v2\/types\/post"}],"author":[{"embeddable":true,"href":"https:\/\/interamerica.org\/es\/wp-json\/wp\/v2\/users\/1"}],"replies":[{"embeddable":true,"href":"https:\/\/interamerica.org\/es\/wp-json\/wp\/v2\/comments?post=30718"}],"version-history":[{"count":0,"href":"https:\/\/interamerica.org\/es\/wp-json\/wp\/v2\/posts\/30718\/revisions"}],"wp:featuredmedia":[{"embeddable":true,"href":"https:\/\/interamerica.org\/es\/wp-json\/wp\/v2\/media\/24356"}],"wp:attachment":[{"href":"https:\/\/interamerica.org\/es\/wp-json\/wp\/v2\/media?parent=30718"}],"wp:term":[{"taxonomy":"category","embeddable":true,"href":"https:\/\/interamerica.org\/es\/wp-json\/wp\/v2\/categories?post=30718"},{"taxonomy":"post_tag","embeddable":true,"href":"https:\/\/interamerica.org\/es\/wp-json\/wp\/v2\/tags?post=30718"}],"curies":[{"name":"wp","href":"https:\/\/api.w.org\/{rel}","templated":true}]}}