{"id":30719,"date":"2015-02-10T00:00:00","date_gmt":"2015-02-10T04:00:00","guid":{"rendered":"http:\/\/192.81.217.108\/interamerica\/2015\/02\/en-curazao-la-iglesia-adventista-establece-fundacion-de-libertad-religiosa\/"},"modified":"2015-02-10T00:00:00","modified_gmt":"2015-02-10T04:00:00","slug":"en-curazao-la-iglesia-adventista-establece-fundacion-de-libertad-religiosa","status":"publish","type":"post","link":"https:\/\/interamerica.org\/es\/2015\/02\/en-curazao-la-iglesia-adventista-establece-fundacion-de-libertad-religiosa\/","title":{"rendered":"En Curazao, la Iglesia Adventista establece fundaci\u00f3n de libertad religiosa"},"content":{"rendered":"<p>9 de febrero de 2015 | Willemstad, Curazao | DIA<\/p>\n<div id=\"attachment_15107\" style=\"width: 410px\" class=\"wp-caption alignleft\"><a href=\"\/interamerica\/wp-content\/uploads\/2017\/06\/CuracaoRLFoundation400.png\" rel=\"fancybox\" title=\"En Curazao, la Iglesia Adventista establece fundaci\u00f3n de libertad religiosa\"><img fetchpriority=\"high\" decoding=\"async\" aria-describedby=\"caption-attachment-15107\" class=\"size-full wp-image-15107\" src=\"\/interamerica\/wp-content\/uploads\/2017\/06\/CuracaoRLFoundation400.png\" alt=\"\" width=\"400\" height=\"225\" \/><\/a><p id=\"caption-attachment-15107\" class=\"wp-caption-text\">Varios l\u00edderes promotores de la libertad religiosa fueron honrados durante el primer festival de libertad religiosa organizado en Willemstad por la Fundaci\u00f3n de Libertad Religiosa de Curazao, una organizaci\u00f3n iniciada por la Iglesia Adventista, el pasado 17 de enero de 2015. Im\u00e1genes de Hedilina Valeriano-Sedney<\/p><\/div>\n<p>La Fundaci\u00f3n de Libertad Religiosa de Curazao (CRLF), iniciada por la Iglesia Adventista del S\u00e9ptimo D\u00eda, organiz\u00f3 hace poco un festival de libertad religiosa en la isla.<\/p>\n<p>La organizaci\u00f3n, que fue iniciada por la Iglesia Adventista para promover la libertad religiosa entre diversos grupos religiosos de Curazao y Bonaire, se parece mucho a una divisi\u00f3n de la Asociaci\u00f3n Internacional de Libertad Religiosa, dijo el pastor Shurman Kook, director de relaciones p\u00fablicas y libertad religiosa de la Iglesia Adventista en Curazao y Bonaire. \u00abLa \u00fanica diferencia es la forma legal de la entidad\u00bb, dijo.<\/p>\n<p>El festival, que fue llevado a cabo el mes pasado en el Centro para el Desarrollo Integral Dr. Israel Leito de Willemstad, reuni\u00f3 a varios grupos religiosos y \u00e9tnicos para llevar a cabo representaciones \u00fanicas que buscaron manifestar la rica diversidad religiosa y cultural de los aproximadamente 150 mil habitantes de la isla.<\/p>\n<p>\u00abLa Constituci\u00f3n de Curazao hace provisi\u00f3n para una amplia libertad religiosa, y nos sentimos muy felices por ello\u00bb, dijo el pastor Kook, que tambi\u00e9n es presidente de la Iglesia Adventista en Curazao y Bonaire. \u00abCurazao es un pa\u00eds libre. La gente puede establecer aqu\u00ed su propia iglesia, predicar, ense\u00f1ar tanto en p\u00fablico como en privado y, por ello, a veces es muy f\u00e1cil que demos por sentada la libertad religiosa\u00bb.<\/p>\n<p>Aunque las personas pueden cambiar su afiliaci\u00f3n religiosa sin restricciones por parte del gobierno, esto no siempre se ha producido sin hostilidad social, explic\u00f3 Kook. \u00abEs por ello que es importante fomentar conciencia respecto de este derecho fundamental de la libertad religiosa\u00bb, dijo Kook.<\/p>\n<p>El Dr. John Graz, secretario general de la Asociaci\u00f3n Internacional de Libertad Religiosa, se dirigi\u00f3 a la audiencia. Graz enfatiz\u00f3 la importancia de atesorar, promover y defender la libertad religiosa y la dignidad humana.<\/p>\n<p>Por su parte, Locksley Brodie, tesorero del Consejo de Iglesias de Curazao, celebr\u00f3 la fundaci\u00f3n y expres\u00f3 que \u00abel trabajo conjunto con el Consejo de Iglesias es inevitable para el fomento de la vida armoniosa en Curazao\u00bb.<\/p>\n<div id=\"attachment_15108\" style=\"width: 310px\" class=\"wp-caption alignright\"><a href=\"\/interamerica\/wp-content\/uploads\/2017\/06\/Graz-ShurmanKook.png\" rel=\"fancybox\" title=\"En Curazao, la Iglesia Adventista establece fundaci\u00f3n de libertad religiosa\"><img decoding=\"async\" aria-describedby=\"caption-attachment-15108\" class=\"size-full wp-image-15108\" src=\"\/interamerica\/wp-content\/uploads\/2017\/06\/Graz-ShurmanKook.png\" alt=\"\" width=\"300\" height=\"179\" \/><\/a><p id=\"caption-attachment-15108\" class=\"wp-caption-text\">John Graz (derecha), secretario general de la Asociaci\u00f3n Internacional de Libertad Religiosa, habla durante el hist\u00f3rico festival de libertad religiosa, mientras el pastor Shurman Kook, presidente de la Iglesia Adventista en Curazao y Bonaire, oficia de int\u00e9rprete.<\/p><\/div>\n<p>Marcolino Franco, presidente del Parlamento de Curazao, se\u00f1al\u00f3 que la libertad religiosa est\u00e1 contemplada en la Constituci\u00f3n de Curazao, tanto en su versi\u00f3n de 1955 como en la de 2010, pero \u00abesto no significa que este derecho a la libertad de religi\u00f3n sea siempre respetado en la sociedad\u00bb.<\/p>\n<p>Curazao ha conocido una larga historia de libertad religiosa, y ha servido como refugio seguro tanto para cristianos como para jud\u00edos que sufrieron persecuciones religiosas en diversas partes del mundo, explic\u00f3 Kook. \u00abUna de las razones para el establecimiento de la fundaci\u00f3n es que \u00abno debemos dar por sentada nuestra relativa libertad, en especial cuando pensamos en los eventos internacionales actuales\u00bb.<\/p>\n<p>Antes del festival, la CRLF organiz\u00f3 su primera cena de libertad religiosa, en la que funcionarios del gobierno y destacados l\u00edderes religiosos se reunieron para interiorizarse sobre la nueva organizaci\u00f3n y hablar de la importancia de la libertad religiosa para la isla.<\/p>\n<p>Ambos eventos recibieron la cobertura de los medios.<\/p>\n<p>Seg\u00fan Kook, la fundaci\u00f3n ha planificado seguir visible por medio de declaraciones sobre cuestiones de libertad religiosa efectuadas a los medios, la organizaci\u00f3n de marchas de libertad religiosa, y de la cena y el festival de libertad religiosa como una actividad anual.<\/p>\n<p>La Fundaci\u00f3n de Libertad Religiosa de Curazao fue fundada por personas que representan la Comunidad Jud\u00eda Liberal, la Comunidad Musulmana, un miembro de una iglesia protestante, un ex primer ministro de las Antillas Holandesas que es cat\u00f3lico, y los adventistas del s\u00e9ptimo d\u00eda.<\/p>\n<p>Si desea saber m\u00e1s sobre la Fundaci\u00f3n de Libertad Religiosa de Curazao, visite la p\u00e1gina de Facebook de la organizaci\u00f3n AQU\u00cd https:\/\/www.facebook.com\/curelifo<\/p>\n<p><em>Traducci\u00f3n de Marcos Paseggi<\/em><\/p>\n","protected":false},"excerpt":{"rendered":"<p>La Fundaci\u00f3n de Libertad Religiosa de Curazao (CRLF), iniciada por la Iglesia Adventista del S\u00e9ptimo D\u00eda, organiz\u00f3 hace poco un festival de libertad religiosa en la isla. <\/p>\n<p>La organizaci\u00f3n, que fue iniciada por la Iglesia Adventista para promover la libertad religiosa entre diversos grupos religiosos de Curazao y Bonaire, se parece mucho a una divisi\u00f3n de la Asociaci\u00f3n Internacional de Libertad Religiosa, dijo el pastor Shurman Kook, director de relaciones p\u00fablicas y libertad religiosa de la Iglesia Adventista en Curazao y Bonaire. \u00abLa \u00fanica diferencia es la forma legal de la entidad\u00bb, dijo.<\/p>\n","protected":false},"author":1,"featured_media":24372,"comment_status":"closed","ping_status":"closed","sticky":false,"template":"","format":"standard","meta":{"_acf_changed":false,"footnotes":""},"categories":[17,15],"tags":[],"class_list":["post-30719","post","type-post","status-publish","format-standard","has-post-thumbnail","hentry","category-desde-el-campo","category-rss-espanol"],"acf":[],"yoast_head":"<!-- This site is optimized with the Yoast SEO plugin v27.3 - https:\/\/yoast.com\/product\/yoast-seo-wordpress\/ -->\n<title>En Curazao, la Iglesia Adventista establece fundaci\u00f3n de libertad religiosa - Iglesia Adventista del S\u00e9ptimo D\u00eda - Divisi\u00f3n Interamericana<\/title>\n<meta name=\"robots\" content=\"index, follow, max-snippet:-1, max-image-preview:large, max-video-preview:-1\" \/>\n<link rel=\"canonical\" href=\"https:\/\/interamerica.org\/es\/2015\/02\/en-curazao-la-iglesia-adventista-establece-fundacion-de-libertad-religiosa\/\" \/>\n<meta property=\"og:locale\" content=\"es_ES\" \/>\n<meta property=\"og:type\" content=\"article\" \/>\n<meta property=\"og:title\" content=\"En Curazao, la Iglesia Adventista establece fundaci\u00f3n de libertad religiosa - Iglesia Adventista del S\u00e9ptimo D\u00eda - Divisi\u00f3n Interamericana\" \/>\n<meta property=\"og:description\" content=\"La Fundaci\u00f3n de Libertad Religiosa de Curazao (CRLF), iniciada por la Iglesia Adventista del S\u00e9ptimo D\u00eda, organiz\u00f3 hace poco un festival de libertad religiosa en la isla.  La organizaci\u00f3n, que fue iniciada por la Iglesia Adventista para promover la libertad religiosa entre diversos grupos religiosos de Curazao y Bonaire, se parece mucho a una divisi\u00f3n de la Asociaci\u00f3n Internacional de Libertad Religiosa, dijo el pastor Shurman Kook, director de relaciones p\u00fablicas y libertad religiosa de la Iglesia Adventista en Curazao y Bonaire. &quot;La \u00fanica diferencia es la forma legal de la entidad&quot;, dijo.\" \/>\n<meta property=\"og:url\" content=\"https:\/\/interamerica.org\/es\/2015\/02\/en-curazao-la-iglesia-adventista-establece-fundacion-de-libertad-religiosa\/\" \/>\n<meta property=\"og:site_name\" content=\"Iglesia Adventista del S\u00e9ptimo D\u00eda - Divisi\u00f3n Interamericana\" \/>\n<meta property=\"article:published_time\" content=\"2015-02-10T04:00:00+00:00\" \/>\n<meta property=\"og:image\" content=\"https:\/\/interamerica.org\/wp-content\/uploads\/2017\/06\/CuracaoRLFoundation300.png\" \/>\n\t<meta property=\"og:image:width\" content=\"300\" \/>\n\t<meta property=\"og:image:height\" content=\"195\" \/>\n\t<meta property=\"og:image:type\" content=\"image\/png\" \/>\n<meta name=\"author\" content=\"Lorenzo Verduzco\" \/>\n<meta name=\"twitter:card\" content=\"summary_large_image\" \/>\n<meta name=\"twitter:label1\" content=\"Escrito por\" \/>\n\t<meta name=\"twitter:data1\" content=\"Lorenzo Verduzco\" \/>\n\t<meta name=\"twitter:label2\" content=\"Tiempo de lectura\" \/>\n\t<meta name=\"twitter:data2\" content=\"4 minutos\" \/>\n<script type=\"application\/ld+json\" class=\"yoast-schema-graph\">{\"@context\":\"https:\\\/\\\/schema.org\",\"@graph\":[{\"@type\":\"Article\",\"@id\":\"https:\\\/\\\/interamerica.org\\\/es\\\/2015\\\/02\\\/en-curazao-la-iglesia-adventista-establece-fundacion-de-libertad-religiosa\\\/#article\",\"isPartOf\":{\"@id\":\"https:\\\/\\\/interamerica.org\\\/es\\\/2015\\\/02\\\/en-curazao-la-iglesia-adventista-establece-fundacion-de-libertad-religiosa\\\/\"},\"author\":{\"name\":\"Lorenzo Verduzco\",\"@id\":\"https:\\\/\\\/interamerica.org\\\/es\\\/#\\\/schema\\\/person\\\/68ede8bdc292885bb76c1e3810e73c39\"},\"headline\":\"En Curazao, la Iglesia Adventista establece fundaci\u00f3n de libertad religiosa\",\"datePublished\":\"2015-02-10T04:00:00+00:00\",\"mainEntityOfPage\":{\"@id\":\"https:\\\/\\\/interamerica.org\\\/es\\\/2015\\\/02\\\/en-curazao-la-iglesia-adventista-establece-fundacion-de-libertad-religiosa\\\/\"},\"wordCount\":758,\"image\":{\"@id\":\"https:\\\/\\\/interamerica.org\\\/es\\\/2015\\\/02\\\/en-curazao-la-iglesia-adventista-establece-fundacion-de-libertad-religiosa\\\/#primaryimage\"},\"thumbnailUrl\":\"https:\\\/\\\/interamerica.org\\\/wp-content\\\/uploads\\\/2017\\\/06\\\/CuracaoRLFoundation300.png\",\"articleSection\":[\"Desde el campo\",\"RSS Espa\u00f1ol\"],\"inLanguage\":\"es\"},{\"@type\":\"WebPage\",\"@id\":\"https:\\\/\\\/interamerica.org\\\/es\\\/2015\\\/02\\\/en-curazao-la-iglesia-adventista-establece-fundacion-de-libertad-religiosa\\\/\",\"url\":\"https:\\\/\\\/interamerica.org\\\/es\\\/2015\\\/02\\\/en-curazao-la-iglesia-adventista-establece-fundacion-de-libertad-religiosa\\\/\",\"name\":\"En Curazao, la Iglesia Adventista establece fundaci\u00f3n de libertad religiosa - Iglesia Adventista del S\u00e9ptimo D\u00eda - Divisi\u00f3n Interamericana\",\"isPartOf\":{\"@id\":\"https:\\\/\\\/interamerica.org\\\/es\\\/#website\"},\"primaryImageOfPage\":{\"@id\":\"https:\\\/\\\/interamerica.org\\\/es\\\/2015\\\/02\\\/en-curazao-la-iglesia-adventista-establece-fundacion-de-libertad-religiosa\\\/#primaryimage\"},\"image\":{\"@id\":\"https:\\\/\\\/interamerica.org\\\/es\\\/2015\\\/02\\\/en-curazao-la-iglesia-adventista-establece-fundacion-de-libertad-religiosa\\\/#primaryimage\"},\"thumbnailUrl\":\"https:\\\/\\\/interamerica.org\\\/wp-content\\\/uploads\\\/2017\\\/06\\\/CuracaoRLFoundation300.png\",\"datePublished\":\"2015-02-10T04:00:00+00:00\",\"author\":{\"@id\":\"https:\\\/\\\/interamerica.org\\\/es\\\/#\\\/schema\\\/person\\\/68ede8bdc292885bb76c1e3810e73c39\"},\"breadcrumb\":{\"@id\":\"https:\\\/\\\/interamerica.org\\\/es\\\/2015\\\/02\\\/en-curazao-la-iglesia-adventista-establece-fundacion-de-libertad-religiosa\\\/#breadcrumb\"},\"inLanguage\":\"es\",\"potentialAction\":[{\"@type\":\"ReadAction\",\"target\":[\"https:\\\/\\\/interamerica.org\\\/es\\\/2015\\\/02\\\/en-curazao-la-iglesia-adventista-establece-fundacion-de-libertad-religiosa\\\/\"]}]},{\"@type\":\"ImageObject\",\"inLanguage\":\"es\",\"@id\":\"https:\\\/\\\/interamerica.org\\\/es\\\/2015\\\/02\\\/en-curazao-la-iglesia-adventista-establece-fundacion-de-libertad-religiosa\\\/#primaryimage\",\"url\":\"https:\\\/\\\/interamerica.org\\\/wp-content\\\/uploads\\\/2017\\\/06\\\/CuracaoRLFoundation300.png\",\"contentUrl\":\"https:\\\/\\\/interamerica.org\\\/wp-content\\\/uploads\\\/2017\\\/06\\\/CuracaoRLFoundation300.png\",\"width\":300,\"height\":195},{\"@type\":\"BreadcrumbList\",\"@id\":\"https:\\\/\\\/interamerica.org\\\/es\\\/2015\\\/02\\\/en-curazao-la-iglesia-adventista-establece-fundacion-de-libertad-religiosa\\\/#breadcrumb\",\"itemListElement\":[{\"@type\":\"ListItem\",\"position\":1,\"name\":\"Home\",\"item\":\"https:\\\/\\\/interamerica.org\\\/es\\\/\"},{\"@type\":\"ListItem\",\"position\":2,\"name\":\"En Curazao, la Iglesia Adventista establece fundaci\u00f3n de libertad religiosa\"}]},{\"@type\":\"WebSite\",\"@id\":\"https:\\\/\\\/interamerica.org\\\/es\\\/#website\",\"url\":\"https:\\\/\\\/interamerica.org\\\/es\\\/\",\"name\":\"Iglesia Adventista del S\u00e9ptimo D\u00eda - Divisi\u00f3n Interamericana\",\"description\":\"\",\"potentialAction\":[{\"@type\":\"SearchAction\",\"target\":{\"@type\":\"EntryPoint\",\"urlTemplate\":\"https:\\\/\\\/interamerica.org\\\/es\\\/?s={search_term_string}\"},\"query-input\":{\"@type\":\"PropertyValueSpecification\",\"valueRequired\":true,\"valueName\":\"search_term_string\"}}],\"inLanguage\":\"es\"},{\"@type\":\"Person\",\"@id\":\"https:\\\/\\\/interamerica.org\\\/es\\\/#\\\/schema\\\/person\\\/68ede8bdc292885bb76c1e3810e73c39\",\"name\":\"Lorenzo Verduzco\",\"image\":{\"@type\":\"ImageObject\",\"inLanguage\":\"es\",\"@id\":\"https:\\\/\\\/secure.gravatar.com\\\/avatar\\\/fb81a55b6218459490a9c1dc841a34909185b81904c5337b4b27f7a6fd60c49e?s=96&d=mm&r=g\",\"url\":\"https:\\\/\\\/secure.gravatar.com\\\/avatar\\\/fb81a55b6218459490a9c1dc841a34909185b81904c5337b4b27f7a6fd60c49e?s=96&d=mm&r=g\",\"contentUrl\":\"https:\\\/\\\/secure.gravatar.com\\\/avatar\\\/fb81a55b6218459490a9c1dc841a34909185b81904c5337b4b27f7a6fd60c49e?s=96&d=mm&r=g\",\"caption\":\"Lorenzo Verduzco\"}}]}<\/script>\n<!-- \/ Yoast SEO plugin. -->","yoast_head_json":{"title":"En Curazao, la Iglesia Adventista establece fundaci\u00f3n de libertad religiosa - Iglesia Adventista del S\u00e9ptimo D\u00eda - Divisi\u00f3n Interamericana","robots":{"index":"index","follow":"follow","max-snippet":"max-snippet:-1","max-image-preview":"max-image-preview:large","max-video-preview":"max-video-preview:-1"},"canonical":"https:\/\/interamerica.org\/es\/2015\/02\/en-curazao-la-iglesia-adventista-establece-fundacion-de-libertad-religiosa\/","og_locale":"es_ES","og_type":"article","og_title":"En Curazao, la Iglesia Adventista establece fundaci\u00f3n de libertad religiosa - Iglesia Adventista del S\u00e9ptimo D\u00eda - Divisi\u00f3n Interamericana","og_description":"La Fundaci\u00f3n de Libertad Religiosa de Curazao (CRLF), iniciada por la Iglesia Adventista del S\u00e9ptimo D\u00eda, organiz\u00f3 hace poco un festival de libertad religiosa en la isla.  La organizaci\u00f3n, que fue iniciada por la Iglesia Adventista para promover la libertad religiosa entre diversos grupos religiosos de Curazao y Bonaire, se parece mucho a una divisi\u00f3n de la Asociaci\u00f3n Internacional de Libertad Religiosa, dijo el pastor Shurman Kook, director de relaciones p\u00fablicas y libertad religiosa de la Iglesia Adventista en Curazao y Bonaire. \"La \u00fanica diferencia es la forma legal de la entidad\", dijo.","og_url":"https:\/\/interamerica.org\/es\/2015\/02\/en-curazao-la-iglesia-adventista-establece-fundacion-de-libertad-religiosa\/","og_site_name":"Iglesia Adventista del S\u00e9ptimo D\u00eda - Divisi\u00f3n Interamericana","article_published_time":"2015-02-10T04:00:00+00:00","og_image":[{"width":300,"height":195,"url":"https:\/\/interamerica.org\/wp-content\/uploads\/2017\/06\/CuracaoRLFoundation300.png","type":"image\/png"}],"author":"Lorenzo Verduzco","twitter_card":"summary_large_image","twitter_misc":{"Escrito por":"Lorenzo Verduzco","Tiempo de lectura":"4 minutos"},"schema":{"@context":"https:\/\/schema.org","@graph":[{"@type":"Article","@id":"https:\/\/interamerica.org\/es\/2015\/02\/en-curazao-la-iglesia-adventista-establece-fundacion-de-libertad-religiosa\/#article","isPartOf":{"@id":"https:\/\/interamerica.org\/es\/2015\/02\/en-curazao-la-iglesia-adventista-establece-fundacion-de-libertad-religiosa\/"},"author":{"name":"Lorenzo Verduzco","@id":"https:\/\/interamerica.org\/es\/#\/schema\/person\/68ede8bdc292885bb76c1e3810e73c39"},"headline":"En Curazao, la Iglesia Adventista establece fundaci\u00f3n de libertad religiosa","datePublished":"2015-02-10T04:00:00+00:00","mainEntityOfPage":{"@id":"https:\/\/interamerica.org\/es\/2015\/02\/en-curazao-la-iglesia-adventista-establece-fundacion-de-libertad-religiosa\/"},"wordCount":758,"image":{"@id":"https:\/\/interamerica.org\/es\/2015\/02\/en-curazao-la-iglesia-adventista-establece-fundacion-de-libertad-religiosa\/#primaryimage"},"thumbnailUrl":"https:\/\/interamerica.org\/wp-content\/uploads\/2017\/06\/CuracaoRLFoundation300.png","articleSection":["Desde el campo","RSS Espa\u00f1ol"],"inLanguage":"es"},{"@type":"WebPage","@id":"https:\/\/interamerica.org\/es\/2015\/02\/en-curazao-la-iglesia-adventista-establece-fundacion-de-libertad-religiosa\/","url":"https:\/\/interamerica.org\/es\/2015\/02\/en-curazao-la-iglesia-adventista-establece-fundacion-de-libertad-religiosa\/","name":"En Curazao, la Iglesia Adventista establece fundaci\u00f3n de libertad religiosa - Iglesia Adventista del S\u00e9ptimo D\u00eda - Divisi\u00f3n Interamericana","isPartOf":{"@id":"https:\/\/interamerica.org\/es\/#website"},"primaryImageOfPage":{"@id":"https:\/\/interamerica.org\/es\/2015\/02\/en-curazao-la-iglesia-adventista-establece-fundacion-de-libertad-religiosa\/#primaryimage"},"image":{"@id":"https:\/\/interamerica.org\/es\/2015\/02\/en-curazao-la-iglesia-adventista-establece-fundacion-de-libertad-religiosa\/#primaryimage"},"thumbnailUrl":"https:\/\/interamerica.org\/wp-content\/uploads\/2017\/06\/CuracaoRLFoundation300.png","datePublished":"2015-02-10T04:00:00+00:00","author":{"@id":"https:\/\/interamerica.org\/es\/#\/schema\/person\/68ede8bdc292885bb76c1e3810e73c39"},"breadcrumb":{"@id":"https:\/\/interamerica.org\/es\/2015\/02\/en-curazao-la-iglesia-adventista-establece-fundacion-de-libertad-religiosa\/#breadcrumb"},"inLanguage":"es","potentialAction":[{"@type":"ReadAction","target":["https:\/\/interamerica.org\/es\/2015\/02\/en-curazao-la-iglesia-adventista-establece-fundacion-de-libertad-religiosa\/"]}]},{"@type":"ImageObject","inLanguage":"es","@id":"https:\/\/interamerica.org\/es\/2015\/02\/en-curazao-la-iglesia-adventista-establece-fundacion-de-libertad-religiosa\/#primaryimage","url":"https:\/\/interamerica.org\/wp-content\/uploads\/2017\/06\/CuracaoRLFoundation300.png","contentUrl":"https:\/\/interamerica.org\/wp-content\/uploads\/2017\/06\/CuracaoRLFoundation300.png","width":300,"height":195},{"@type":"BreadcrumbList","@id":"https:\/\/interamerica.org\/es\/2015\/02\/en-curazao-la-iglesia-adventista-establece-fundacion-de-libertad-religiosa\/#breadcrumb","itemListElement":[{"@type":"ListItem","position":1,"name":"Home","item":"https:\/\/interamerica.org\/es\/"},{"@type":"ListItem","position":2,"name":"En Curazao, la Iglesia Adventista establece fundaci\u00f3n de libertad religiosa"}]},{"@type":"WebSite","@id":"https:\/\/interamerica.org\/es\/#website","url":"https:\/\/interamerica.org\/es\/","name":"Iglesia Adventista del S\u00e9ptimo D\u00eda - Divisi\u00f3n Interamericana","description":"","potentialAction":[{"@type":"SearchAction","target":{"@type":"EntryPoint","urlTemplate":"https:\/\/interamerica.org\/es\/?s={search_term_string}"},"query-input":{"@type":"PropertyValueSpecification","valueRequired":true,"valueName":"search_term_string"}}],"inLanguage":"es"},{"@type":"Person","@id":"https:\/\/interamerica.org\/es\/#\/schema\/person\/68ede8bdc292885bb76c1e3810e73c39","name":"Lorenzo Verduzco","image":{"@type":"ImageObject","inLanguage":"es","@id":"https:\/\/secure.gravatar.com\/avatar\/fb81a55b6218459490a9c1dc841a34909185b81904c5337b4b27f7a6fd60c49e?s=96&d=mm&r=g","url":"https:\/\/secure.gravatar.com\/avatar\/fb81a55b6218459490a9c1dc841a34909185b81904c5337b4b27f7a6fd60c49e?s=96&d=mm&r=g","contentUrl":"https:\/\/secure.gravatar.com\/avatar\/fb81a55b6218459490a9c1dc841a34909185b81904c5337b4b27f7a6fd60c49e?s=96&d=mm&r=g","caption":"Lorenzo Verduzco"}}]}},"_links":{"self":[{"href":"https:\/\/interamerica.org\/es\/wp-json\/wp\/v2\/posts\/30719","targetHints":{"allow":["GET"]}}],"collection":[{"href":"https:\/\/interamerica.org\/es\/wp-json\/wp\/v2\/posts"}],"about":[{"href":"https:\/\/interamerica.org\/es\/wp-json\/wp\/v2\/types\/post"}],"author":[{"embeddable":true,"href":"https:\/\/interamerica.org\/es\/wp-json\/wp\/v2\/users\/1"}],"replies":[{"embeddable":true,"href":"https:\/\/interamerica.org\/es\/wp-json\/wp\/v2\/comments?post=30719"}],"version-history":[{"count":0,"href":"https:\/\/interamerica.org\/es\/wp-json\/wp\/v2\/posts\/30719\/revisions"}],"wp:featuredmedia":[{"embeddable":true,"href":"https:\/\/interamerica.org\/es\/wp-json\/wp\/v2\/media\/24372"}],"wp:attachment":[{"href":"https:\/\/interamerica.org\/es\/wp-json\/wp\/v2\/media?parent=30719"}],"wp:term":[{"taxonomy":"category","embeddable":true,"href":"https:\/\/interamerica.org\/es\/wp-json\/wp\/v2\/categories?post=30719"},{"taxonomy":"post_tag","embeddable":true,"href":"https:\/\/interamerica.org\/es\/wp-json\/wp\/v2\/tags?post=30719"}],"curies":[{"name":"wp","href":"https:\/\/api.w.org\/{rel}","templated":true}]}}