{"id":30720,"date":"2015-02-11T00:00:00","date_gmt":"2015-02-11T04:00:00","guid":{"rendered":"http:\/\/192.81.217.108\/interamerica\/2015\/02\/en-guatemala-cientos-de-miembros-de-iglesia-reciben-capacitacion-en-evangelismo\/"},"modified":"2015-02-11T00:00:00","modified_gmt":"2015-02-11T04:00:00","slug":"en-guatemala-cientos-de-miembros-de-iglesia-reciben-capacitacion-en-evangelismo","status":"publish","type":"post","link":"https:\/\/interamerica.org\/es\/2015\/02\/en-guatemala-cientos-de-miembros-de-iglesia-reciben-capacitacion-en-evangelismo\/","title":{"rendered":"En Guatemala, cientos de miembros de iglesia reciben capacitaci\u00f3n en evangelismo"},"content":{"rendered":"<div id=\"attachment_15118\" style=\"width: 610px\" class=\"wp-caption aligncenter\"><a href=\"\/interamerica\/wp-content\/uploads\/2017\/06\/Guate-training.png\" rel=\"fancybox\" title=\"En Guatemala, cientos de miembros de iglesia reciben capacitaci\u00f3n en evangelismo\"><img fetchpriority=\"high\" decoding=\"async\" aria-describedby=\"caption-attachment-15118\" class=\"size-full wp-image-15118\" src=\"\/interamerica\/wp-content\/uploads\/2017\/06\/Guate-training.png\" alt=\"\" width=\"600\" height=\"396\" \/><\/a><p id=\"caption-attachment-15118\" class=\"wp-caption-text\">L\u00edderes de grupos peque\u00f1os estudian la Biblia durante una capacitaci\u00f3n especial de laicos organizada por la Iglesia Adventista de Guatemala Occidental el pasado 24 de enero de 2015. Unos 950 laicos de las regiones de San Marcos, Quetzaltenango y Huehuetenango se reunieron para mejorar sus capacidades de liderazgo para compartir el evangelio en sus comunidades por medio de un programa de certificaci\u00f3n de la Universidad Adventista Centroamericana. Imagen de Melvin Batz\/DIA.<\/p><\/div>\n<p>9 de febrero de 2015 | Quetzaltenango, Guatemala | Uni\u00f3n Guatemalteca\/DIA<\/p>\n<p>La movilizaci\u00f3n de un ej\u00e9rcito de l\u00edderes y miembros activos para esparcir el evangelio se encuentra entre las principales prioridades de la Iglesia Adventista de Guatemala.<\/p>\n<p>La regi\u00f3n, que cuenta con m\u00e1s de 38 mil miembros activos capacitados, contin\u00faa garantizando que sus l\u00edderes y miembros activos reciban una capacitaci\u00f3n adicional para fortalecer a la iglesia y continuar compartiendo el evangelio en sus comunidades.<\/p>\n<div id=\"attachment_15115\" style=\"width: 310px\" class=\"wp-caption alignleft\"><a href=\"\/interamerica\/wp-content\/uploads\/2017\/06\/FranzRios300.png\" rel=\"fancybox\" title=\"En Guatemala, cientos de miembros de iglesia reciben capacitaci\u00f3n en evangelismo\"><img decoding=\"async\" aria-describedby=\"caption-attachment-15115\" class=\"size-full wp-image-15115\" src=\"\/interamerica\/wp-content\/uploads\/2017\/06\/FranzRios300.png\" alt=\"\" width=\"300\" height=\"228\" \/><\/a><p id=\"caption-attachment-15115\" class=\"wp-caption-text\">El doctor Franz R\u00edos, director del Centro de Investigaci\u00f3n White en la Universidad Adventista Centroamericana, estuvo a cargo de parte de las sesiones de capacitaci\u00f3n en Quetzaltenango, Guatemala. Imagen de Melvin Batz\/DIA<\/p><\/div>\n<p>M\u00e1s de 950 ancianos de iglesia y l\u00edderes laicos de las regiones de\u00a0Quetzaltenango, San Marcos y Huehuetenango, en Guatemala Occidental, se reunieron el mes pasado para una certificaci\u00f3n de dos d\u00edas sobre liderazgo de iglesia en evangelismo y ganancia de almas. Esta capacitaci\u00f3n es parte de un programa de certificaci\u00f3n de dos a\u00f1os que es supervisada por la Escuela de Evangelismo Laico de la Universidad Adventista Centroamericana con sede en Alajuela, Costa Rica, y la Universidad Andrews, en M\u00edchigan, Estados Unidos, explicaron los l\u00edderes.<\/p>\n<p>\u00abEl discipulado es una de las piedras angulares de la iglesia en Guatemala\u00bb, dijo el pastor Gustavo Men\u00e9ndez, director de ministerios personales de la iglesia en el pa\u00eds. \u00abUna iglesia que experimente el reavivamiento y el discipulado estar\u00e1 comprometida con el cumplimiento de la misi\u00f3n. Esa es la principal raz\u00f3n para promover escuelas de discipulado en la iglesia local, los distritos y las regiones, por las cuales nuestros miembros puedan ser certificados como evangelistas, instructores b\u00edblicos, instructores laicos y testigos laicos\u00bb.<\/p>\n<p>El doctor Franz R\u00edos, director del Centro de Investigaci\u00f3n White en la Universidad Adventista Centroamericana, ense\u00f1\u00f3 evangelismo personal y hermen\u00e9utica b\u00edblica durante el fin de semana de la certificaci\u00f3n. R\u00edos felicit\u00f3 a los l\u00edderes de la iglesia por invertir en sus l\u00edderes laicos, y se mostr\u00f3 impresionado por el compromiso de los casi mil miembros activos del lugar.<\/p>\n<div id=\"attachment_15119\" style=\"width: 310px\" class=\"wp-caption alignright\"><a href=\"\/interamerica\/wp-content\/uploads\/2017\/06\/Guate-graduacionAndrews300.png\" rel=\"fancybox\" title=\"En Guatemala, cientos de miembros de iglesia reciben capacitaci\u00f3n en evangelismo\"><img decoding=\"async\" aria-describedby=\"caption-attachment-15119\" class=\"size-full wp-image-15119\" src=\"\/interamerica\/wp-content\/uploads\/2017\/06\/Guate-graduacionAndrews300.png\" alt=\"\" width=\"300\" height=\"170\" \/><\/a><p id=\"caption-attachment-15119\" class=\"wp-caption-text\">Casi ciento cincuenta miembros recibieron su certificaci\u00f3n como instructores laicos de parte de la Universidad Andrews en la Asociaci\u00f3n Metropolitana de Ciudad de Guatemala, en noviembre de 2014. Imagen de Gustavo Men\u00e9ndez\/DIA.<\/p><\/div>\n<p>\u201cEspero que los pastores puedan tener un efecto multiplicador en sus iglesias y laicos, para que sigan amando al Se\u00f1or y contin\u00faen sirviendo al Se\u00f1or mientras estudian diariamente la Palabra de Dios\u00bb, a\u00f1adi\u00f3 R\u00edos. \u00abQueremos asegurarnos de que esto ejerza un impacto para el servicio en la vida de los l\u00edderes de la iglesia\u00bb.<\/p>\n<p>El pastor Irving Calder\u00f3n, presidente de la Asociaci\u00f3n Occidental y uno de los organizadores del programa de certificaci\u00f3n en Quetzaltenango, dijo que el \u00e9xito del programa significa que \u00ablos l\u00edderes y los miembros de iglesia desarrollen sus capacidades mediante la capacitaci\u00f3n para dar un mejor servicio a Dios y a la comunidad\u00bb.<\/p>\n<p>Casi ciento cincuenta l\u00edderes de la iglesia que participan del ministerio recibieron una certificaci\u00f3n en educaci\u00f3n continua como instructores laicos en la regi\u00f3n metropolitana de Ciudad de Guatemala, despu\u00e9s de la finalizaci\u00f3n el oto\u00f1o pasado de un programa de tres a\u00f1os a cargo de la Universidad Andrews, y tambi\u00e9n se capacit\u00f3 a unos trescientos estudiantes laicos, afirm\u00f3 Men\u00e9ndez.<\/p>\n<p>Otros programas de certificaci\u00f3n ser\u00e1n ofrecidos en abril y agosto pr\u00f3ximo, dijo Men\u00e9ndez.<\/p>\n<p>La Iglesia Adventista de Guatemala administra una uni\u00f3n, tres asociaciones y cuatro misiones, supervisa una feligres\u00eda de m\u00e1s de 244 mil miembros en 1113 iglesias y congregaciones.<\/p>\n<p>Si desea saber m\u00e1s sobre la Iglesia Adventista y sus iniciativas en Guatemala, visite\u00a0<a href=\"http:\/\/uniondeguatemala.org\/\">uniondeguatemala.org<\/a><\/p>\n<p><em>Melvin Batz colabor\u00f3 con este informe.<\/em><\/p>\n<p><em>Traducci\u00f3n de Marcos Paseggi<\/em><\/p>\n","protected":false},"excerpt":{"rendered":"<p>La movilizaci\u00f3n de un ej\u00e9rcito de l\u00edderes y miembros activos para esparcir el evangelio se encuentra entre las principales prioridades de la Iglesia Adventista de Guatemala. <\/p>\n<p>La regi\u00f3n, que cuenta con m\u00e1s de 38 mil miembros activos capacitados, contin\u00faa garantizando que sus l\u00edderes y miembros activos reciban una capacitaci\u00f3n adicional para fortalecer a la iglesia y continuar compartiendo el evangelio en sus comunidades.<\/p>\n","protected":false},"author":1,"featured_media":24388,"comment_status":"closed","ping_status":"closed","sticky":false,"template":"","format":"standard","meta":{"_acf_changed":false,"footnotes":""},"categories":[17,15],"tags":[],"class_list":["post-30720","post","type-post","status-publish","format-standard","has-post-thumbnail","hentry","category-desde-el-campo","category-rss-espanol"],"acf":[],"yoast_head":"<!-- This site is optimized with the Yoast SEO plugin v27.3 - https:\/\/yoast.com\/product\/yoast-seo-wordpress\/ -->\n<title>En Guatemala, cientos de miembros de iglesia reciben capacitaci\u00f3n en evangelismo - Iglesia Adventista del S\u00e9ptimo D\u00eda - Divisi\u00f3n Interamericana<\/title>\n<meta name=\"robots\" content=\"index, follow, max-snippet:-1, max-image-preview:large, max-video-preview:-1\" \/>\n<link rel=\"canonical\" href=\"https:\/\/interamerica.org\/es\/2015\/02\/en-guatemala-cientos-de-miembros-de-iglesia-reciben-capacitacion-en-evangelismo\/\" \/>\n<meta property=\"og:locale\" content=\"es_ES\" \/>\n<meta property=\"og:type\" content=\"article\" \/>\n<meta property=\"og:title\" content=\"En Guatemala, cientos de miembros de iglesia reciben capacitaci\u00f3n en evangelismo - Iglesia Adventista del S\u00e9ptimo D\u00eda - Divisi\u00f3n Interamericana\" \/>\n<meta property=\"og:description\" content=\"La movilizaci\u00f3n de un ej\u00e9rcito de l\u00edderes y miembros activos para esparcir el evangelio se encuentra entre las principales prioridades de la Iglesia Adventista de Guatemala.  La regi\u00f3n, que cuenta con m\u00e1s de 38 mil miembros activos capacitados, contin\u00faa garantizando que sus l\u00edderes y miembros activos reciban una capacitaci\u00f3n adicional para fortalecer a la iglesia y continuar compartiendo el evangelio en sus comunidades.\" \/>\n<meta property=\"og:url\" content=\"https:\/\/interamerica.org\/es\/2015\/02\/en-guatemala-cientos-de-miembros-de-iglesia-reciben-capacitacion-en-evangelismo\/\" \/>\n<meta property=\"og:site_name\" content=\"Iglesia Adventista del S\u00e9ptimo D\u00eda - Divisi\u00f3n Interamericana\" \/>\n<meta property=\"article:published_time\" content=\"2015-02-11T04:00:00+00:00\" \/>\n<meta property=\"og:image\" content=\"https:\/\/interamerica.org\/wp-content\/uploads\/2017\/06\/Guate-training.png\" \/>\n\t<meta property=\"og:image:width\" content=\"600\" \/>\n\t<meta property=\"og:image:height\" content=\"396\" \/>\n\t<meta property=\"og:image:type\" content=\"image\/png\" \/>\n<meta name=\"author\" content=\"Lorenzo Verduzco\" \/>\n<meta name=\"twitter:card\" content=\"summary_large_image\" \/>\n<meta name=\"twitter:label1\" content=\"Escrito por\" \/>\n\t<meta name=\"twitter:data1\" content=\"Lorenzo Verduzco\" \/>\n\t<meta name=\"twitter:label2\" content=\"Tiempo de lectura\" \/>\n\t<meta name=\"twitter:data2\" content=\"4 minutos\" \/>\n<script type=\"application\/ld+json\" class=\"yoast-schema-graph\">{\"@context\":\"https:\\\/\\\/schema.org\",\"@graph\":[{\"@type\":\"Article\",\"@id\":\"https:\\\/\\\/interamerica.org\\\/es\\\/2015\\\/02\\\/en-guatemala-cientos-de-miembros-de-iglesia-reciben-capacitacion-en-evangelismo\\\/#article\",\"isPartOf\":{\"@id\":\"https:\\\/\\\/interamerica.org\\\/es\\\/2015\\\/02\\\/en-guatemala-cientos-de-miembros-de-iglesia-reciben-capacitacion-en-evangelismo\\\/\"},\"author\":{\"name\":\"Lorenzo Verduzco\",\"@id\":\"https:\\\/\\\/interamerica.org\\\/es\\\/#\\\/schema\\\/person\\\/68ede8bdc292885bb76c1e3810e73c39\"},\"headline\":\"En Guatemala, cientos de miembros de iglesia reciben capacitaci\u00f3n en evangelismo\",\"datePublished\":\"2015-02-11T04:00:00+00:00\",\"mainEntityOfPage\":{\"@id\":\"https:\\\/\\\/interamerica.org\\\/es\\\/2015\\\/02\\\/en-guatemala-cientos-de-miembros-de-iglesia-reciben-capacitacion-en-evangelismo\\\/\"},\"wordCount\":759,\"image\":{\"@id\":\"https:\\\/\\\/interamerica.org\\\/es\\\/2015\\\/02\\\/en-guatemala-cientos-de-miembros-de-iglesia-reciben-capacitacion-en-evangelismo\\\/#primaryimage\"},\"thumbnailUrl\":\"https:\\\/\\\/interamerica.org\\\/wp-content\\\/uploads\\\/2017\\\/06\\\/Guate-training.png\",\"articleSection\":[\"Desde el campo\",\"RSS Espa\u00f1ol\"],\"inLanguage\":\"es\"},{\"@type\":\"WebPage\",\"@id\":\"https:\\\/\\\/interamerica.org\\\/es\\\/2015\\\/02\\\/en-guatemala-cientos-de-miembros-de-iglesia-reciben-capacitacion-en-evangelismo\\\/\",\"url\":\"https:\\\/\\\/interamerica.org\\\/es\\\/2015\\\/02\\\/en-guatemala-cientos-de-miembros-de-iglesia-reciben-capacitacion-en-evangelismo\\\/\",\"name\":\"En Guatemala, cientos de miembros de iglesia reciben capacitaci\u00f3n en evangelismo - Iglesia Adventista del S\u00e9ptimo D\u00eda - Divisi\u00f3n Interamericana\",\"isPartOf\":{\"@id\":\"https:\\\/\\\/interamerica.org\\\/es\\\/#website\"},\"primaryImageOfPage\":{\"@id\":\"https:\\\/\\\/interamerica.org\\\/es\\\/2015\\\/02\\\/en-guatemala-cientos-de-miembros-de-iglesia-reciben-capacitacion-en-evangelismo\\\/#primaryimage\"},\"image\":{\"@id\":\"https:\\\/\\\/interamerica.org\\\/es\\\/2015\\\/02\\\/en-guatemala-cientos-de-miembros-de-iglesia-reciben-capacitacion-en-evangelismo\\\/#primaryimage\"},\"thumbnailUrl\":\"https:\\\/\\\/interamerica.org\\\/wp-content\\\/uploads\\\/2017\\\/06\\\/Guate-training.png\",\"datePublished\":\"2015-02-11T04:00:00+00:00\",\"author\":{\"@id\":\"https:\\\/\\\/interamerica.org\\\/es\\\/#\\\/schema\\\/person\\\/68ede8bdc292885bb76c1e3810e73c39\"},\"breadcrumb\":{\"@id\":\"https:\\\/\\\/interamerica.org\\\/es\\\/2015\\\/02\\\/en-guatemala-cientos-de-miembros-de-iglesia-reciben-capacitacion-en-evangelismo\\\/#breadcrumb\"},\"inLanguage\":\"es\",\"potentialAction\":[{\"@type\":\"ReadAction\",\"target\":[\"https:\\\/\\\/interamerica.org\\\/es\\\/2015\\\/02\\\/en-guatemala-cientos-de-miembros-de-iglesia-reciben-capacitacion-en-evangelismo\\\/\"]}]},{\"@type\":\"ImageObject\",\"inLanguage\":\"es\",\"@id\":\"https:\\\/\\\/interamerica.org\\\/es\\\/2015\\\/02\\\/en-guatemala-cientos-de-miembros-de-iglesia-reciben-capacitacion-en-evangelismo\\\/#primaryimage\",\"url\":\"https:\\\/\\\/interamerica.org\\\/wp-content\\\/uploads\\\/2017\\\/06\\\/Guate-training.png\",\"contentUrl\":\"https:\\\/\\\/interamerica.org\\\/wp-content\\\/uploads\\\/2017\\\/06\\\/Guate-training.png\",\"width\":600,\"height\":396},{\"@type\":\"BreadcrumbList\",\"@id\":\"https:\\\/\\\/interamerica.org\\\/es\\\/2015\\\/02\\\/en-guatemala-cientos-de-miembros-de-iglesia-reciben-capacitacion-en-evangelismo\\\/#breadcrumb\",\"itemListElement\":[{\"@type\":\"ListItem\",\"position\":1,\"name\":\"Home\",\"item\":\"https:\\\/\\\/interamerica.org\\\/es\\\/\"},{\"@type\":\"ListItem\",\"position\":2,\"name\":\"En Guatemala, cientos de miembros de iglesia reciben capacitaci\u00f3n en evangelismo\"}]},{\"@type\":\"WebSite\",\"@id\":\"https:\\\/\\\/interamerica.org\\\/es\\\/#website\",\"url\":\"https:\\\/\\\/interamerica.org\\\/es\\\/\",\"name\":\"Iglesia Adventista del S\u00e9ptimo D\u00eda - Divisi\u00f3n Interamericana\",\"description\":\"\",\"potentialAction\":[{\"@type\":\"SearchAction\",\"target\":{\"@type\":\"EntryPoint\",\"urlTemplate\":\"https:\\\/\\\/interamerica.org\\\/es\\\/?s={search_term_string}\"},\"query-input\":{\"@type\":\"PropertyValueSpecification\",\"valueRequired\":true,\"valueName\":\"search_term_string\"}}],\"inLanguage\":\"es\"},{\"@type\":\"Person\",\"@id\":\"https:\\\/\\\/interamerica.org\\\/es\\\/#\\\/schema\\\/person\\\/68ede8bdc292885bb76c1e3810e73c39\",\"name\":\"Lorenzo Verduzco\",\"image\":{\"@type\":\"ImageObject\",\"inLanguage\":\"es\",\"@id\":\"https:\\\/\\\/secure.gravatar.com\\\/avatar\\\/fb81a55b6218459490a9c1dc841a34909185b81904c5337b4b27f7a6fd60c49e?s=96&d=mm&r=g\",\"url\":\"https:\\\/\\\/secure.gravatar.com\\\/avatar\\\/fb81a55b6218459490a9c1dc841a34909185b81904c5337b4b27f7a6fd60c49e?s=96&d=mm&r=g\",\"contentUrl\":\"https:\\\/\\\/secure.gravatar.com\\\/avatar\\\/fb81a55b6218459490a9c1dc841a34909185b81904c5337b4b27f7a6fd60c49e?s=96&d=mm&r=g\",\"caption\":\"Lorenzo Verduzco\"}}]}<\/script>\n<!-- \/ Yoast SEO plugin. -->","yoast_head_json":{"title":"En Guatemala, cientos de miembros de iglesia reciben capacitaci\u00f3n en evangelismo - Iglesia Adventista del S\u00e9ptimo D\u00eda - Divisi\u00f3n Interamericana","robots":{"index":"index","follow":"follow","max-snippet":"max-snippet:-1","max-image-preview":"max-image-preview:large","max-video-preview":"max-video-preview:-1"},"canonical":"https:\/\/interamerica.org\/es\/2015\/02\/en-guatemala-cientos-de-miembros-de-iglesia-reciben-capacitacion-en-evangelismo\/","og_locale":"es_ES","og_type":"article","og_title":"En Guatemala, cientos de miembros de iglesia reciben capacitaci\u00f3n en evangelismo - Iglesia Adventista del S\u00e9ptimo D\u00eda - Divisi\u00f3n Interamericana","og_description":"La movilizaci\u00f3n de un ej\u00e9rcito de l\u00edderes y miembros activos para esparcir el evangelio se encuentra entre las principales prioridades de la Iglesia Adventista de Guatemala.  La regi\u00f3n, que cuenta con m\u00e1s de 38 mil miembros activos capacitados, contin\u00faa garantizando que sus l\u00edderes y miembros activos reciban una capacitaci\u00f3n adicional para fortalecer a la iglesia y continuar compartiendo el evangelio en sus comunidades.","og_url":"https:\/\/interamerica.org\/es\/2015\/02\/en-guatemala-cientos-de-miembros-de-iglesia-reciben-capacitacion-en-evangelismo\/","og_site_name":"Iglesia Adventista del S\u00e9ptimo D\u00eda - Divisi\u00f3n Interamericana","article_published_time":"2015-02-11T04:00:00+00:00","og_image":[{"width":600,"height":396,"url":"https:\/\/interamerica.org\/wp-content\/uploads\/2017\/06\/Guate-training.png","type":"image\/png"}],"author":"Lorenzo Verduzco","twitter_card":"summary_large_image","twitter_misc":{"Escrito por":"Lorenzo Verduzco","Tiempo de lectura":"4 minutos"},"schema":{"@context":"https:\/\/schema.org","@graph":[{"@type":"Article","@id":"https:\/\/interamerica.org\/es\/2015\/02\/en-guatemala-cientos-de-miembros-de-iglesia-reciben-capacitacion-en-evangelismo\/#article","isPartOf":{"@id":"https:\/\/interamerica.org\/es\/2015\/02\/en-guatemala-cientos-de-miembros-de-iglesia-reciben-capacitacion-en-evangelismo\/"},"author":{"name":"Lorenzo Verduzco","@id":"https:\/\/interamerica.org\/es\/#\/schema\/person\/68ede8bdc292885bb76c1e3810e73c39"},"headline":"En Guatemala, cientos de miembros de iglesia reciben capacitaci\u00f3n en evangelismo","datePublished":"2015-02-11T04:00:00+00:00","mainEntityOfPage":{"@id":"https:\/\/interamerica.org\/es\/2015\/02\/en-guatemala-cientos-de-miembros-de-iglesia-reciben-capacitacion-en-evangelismo\/"},"wordCount":759,"image":{"@id":"https:\/\/interamerica.org\/es\/2015\/02\/en-guatemala-cientos-de-miembros-de-iglesia-reciben-capacitacion-en-evangelismo\/#primaryimage"},"thumbnailUrl":"https:\/\/interamerica.org\/wp-content\/uploads\/2017\/06\/Guate-training.png","articleSection":["Desde el campo","RSS Espa\u00f1ol"],"inLanguage":"es"},{"@type":"WebPage","@id":"https:\/\/interamerica.org\/es\/2015\/02\/en-guatemala-cientos-de-miembros-de-iglesia-reciben-capacitacion-en-evangelismo\/","url":"https:\/\/interamerica.org\/es\/2015\/02\/en-guatemala-cientos-de-miembros-de-iglesia-reciben-capacitacion-en-evangelismo\/","name":"En Guatemala, cientos de miembros de iglesia reciben capacitaci\u00f3n en evangelismo - Iglesia Adventista del S\u00e9ptimo D\u00eda - Divisi\u00f3n Interamericana","isPartOf":{"@id":"https:\/\/interamerica.org\/es\/#website"},"primaryImageOfPage":{"@id":"https:\/\/interamerica.org\/es\/2015\/02\/en-guatemala-cientos-de-miembros-de-iglesia-reciben-capacitacion-en-evangelismo\/#primaryimage"},"image":{"@id":"https:\/\/interamerica.org\/es\/2015\/02\/en-guatemala-cientos-de-miembros-de-iglesia-reciben-capacitacion-en-evangelismo\/#primaryimage"},"thumbnailUrl":"https:\/\/interamerica.org\/wp-content\/uploads\/2017\/06\/Guate-training.png","datePublished":"2015-02-11T04:00:00+00:00","author":{"@id":"https:\/\/interamerica.org\/es\/#\/schema\/person\/68ede8bdc292885bb76c1e3810e73c39"},"breadcrumb":{"@id":"https:\/\/interamerica.org\/es\/2015\/02\/en-guatemala-cientos-de-miembros-de-iglesia-reciben-capacitacion-en-evangelismo\/#breadcrumb"},"inLanguage":"es","potentialAction":[{"@type":"ReadAction","target":["https:\/\/interamerica.org\/es\/2015\/02\/en-guatemala-cientos-de-miembros-de-iglesia-reciben-capacitacion-en-evangelismo\/"]}]},{"@type":"ImageObject","inLanguage":"es","@id":"https:\/\/interamerica.org\/es\/2015\/02\/en-guatemala-cientos-de-miembros-de-iglesia-reciben-capacitacion-en-evangelismo\/#primaryimage","url":"https:\/\/interamerica.org\/wp-content\/uploads\/2017\/06\/Guate-training.png","contentUrl":"https:\/\/interamerica.org\/wp-content\/uploads\/2017\/06\/Guate-training.png","width":600,"height":396},{"@type":"BreadcrumbList","@id":"https:\/\/interamerica.org\/es\/2015\/02\/en-guatemala-cientos-de-miembros-de-iglesia-reciben-capacitacion-en-evangelismo\/#breadcrumb","itemListElement":[{"@type":"ListItem","position":1,"name":"Home","item":"https:\/\/interamerica.org\/es\/"},{"@type":"ListItem","position":2,"name":"En Guatemala, cientos de miembros de iglesia reciben capacitaci\u00f3n en evangelismo"}]},{"@type":"WebSite","@id":"https:\/\/interamerica.org\/es\/#website","url":"https:\/\/interamerica.org\/es\/","name":"Iglesia Adventista del S\u00e9ptimo D\u00eda - Divisi\u00f3n Interamericana","description":"","potentialAction":[{"@type":"SearchAction","target":{"@type":"EntryPoint","urlTemplate":"https:\/\/interamerica.org\/es\/?s={search_term_string}"},"query-input":{"@type":"PropertyValueSpecification","valueRequired":true,"valueName":"search_term_string"}}],"inLanguage":"es"},{"@type":"Person","@id":"https:\/\/interamerica.org\/es\/#\/schema\/person\/68ede8bdc292885bb76c1e3810e73c39","name":"Lorenzo Verduzco","image":{"@type":"ImageObject","inLanguage":"es","@id":"https:\/\/secure.gravatar.com\/avatar\/fb81a55b6218459490a9c1dc841a34909185b81904c5337b4b27f7a6fd60c49e?s=96&d=mm&r=g","url":"https:\/\/secure.gravatar.com\/avatar\/fb81a55b6218459490a9c1dc841a34909185b81904c5337b4b27f7a6fd60c49e?s=96&d=mm&r=g","contentUrl":"https:\/\/secure.gravatar.com\/avatar\/fb81a55b6218459490a9c1dc841a34909185b81904c5337b4b27f7a6fd60c49e?s=96&d=mm&r=g","caption":"Lorenzo Verduzco"}}]}},"_links":{"self":[{"href":"https:\/\/interamerica.org\/es\/wp-json\/wp\/v2\/posts\/30720","targetHints":{"allow":["GET"]}}],"collection":[{"href":"https:\/\/interamerica.org\/es\/wp-json\/wp\/v2\/posts"}],"about":[{"href":"https:\/\/interamerica.org\/es\/wp-json\/wp\/v2\/types\/post"}],"author":[{"embeddable":true,"href":"https:\/\/interamerica.org\/es\/wp-json\/wp\/v2\/users\/1"}],"replies":[{"embeddable":true,"href":"https:\/\/interamerica.org\/es\/wp-json\/wp\/v2\/comments?post=30720"}],"version-history":[{"count":0,"href":"https:\/\/interamerica.org\/es\/wp-json\/wp\/v2\/posts\/30720\/revisions"}],"wp:featuredmedia":[{"embeddable":true,"href":"https:\/\/interamerica.org\/es\/wp-json\/wp\/v2\/media\/24388"}],"wp:attachment":[{"href":"https:\/\/interamerica.org\/es\/wp-json\/wp\/v2\/media?parent=30720"}],"wp:term":[{"taxonomy":"category","embeddable":true,"href":"https:\/\/interamerica.org\/es\/wp-json\/wp\/v2\/categories?post=30720"},{"taxonomy":"post_tag","embeddable":true,"href":"https:\/\/interamerica.org\/es\/wp-json\/wp\/v2\/tags?post=30720"}],"curies":[{"name":"wp","href":"https:\/\/api.w.org\/{rel}","templated":true}]}}