{"id":30723,"date":"2015-02-11T00:00:00","date_gmt":"2015-02-11T04:00:00","guid":{"rendered":"http:\/\/192.81.217.108\/interamerica\/2015\/02\/adventistas-sacuden-a-africa-para-cristo-con-2309-bautismos-en-el-oceano-indico\/"},"modified":"2015-02-11T00:00:00","modified_gmt":"2015-02-11T04:00:00","slug":"adventistas-sacuden-a-africa-para-cristo-con-2309-bautismos-en-el-oceano-indico","status":"publish","type":"post","link":"https:\/\/interamerica.org\/es\/2015\/02\/adventistas-sacuden-a-africa-para-cristo-con-2309-bautismos-en-el-oceano-indico\/","title":{"rendered":"Adventistas \u00absacuden a \u00c1frica para Cristo\u00bb con 2309 bautismos en el Oc\u00e9ano \u00cdndico"},"content":{"rendered":"<div id=\"attachment_15157\" style=\"width: 410px\" class=\"wp-caption alignright\"><a href=\"\/interamerica\/wp-content\/uploads\/2017\/06\/csm_tanz-bap-web_45c420966e.jpg\" rel=\"fancybox\" title=\"Adventistas \"sacuden a \u00c1frica para Cristo\" con 2309 bautismos en el Oc\u00e9ano \u00cdndico\"><img fetchpriority=\"high\" decoding=\"async\" aria-describedby=\"caption-attachment-15157\" class=\"size-full wp-image-15157 \" src=\"\/interamerica\/wp-content\/uploads\/2017\/06\/csm_tanz-bap-web_45c420966e.jpg\" alt=\"\" width=\"400\" height=\"186\" \/><\/a><p id=\"caption-attachment-15157\" class=\"wp-caption-text\">Los pastores se re\u00fanen en el agua despu\u00e9s de bautizar a 2309 personas en el Oc\u00e9ano \u00cdndico, en Dar es Salaam, Tanzania, el s\u00e1bado 7 de febrero de 2015.<\/p><\/div>\n<p>11 de febrero de 2015 | Silver Spring, Maryland, Estados Unidos | Andrew McChesney\/Adventist Review<\/p>\n<p>Miles de personas se han unido a la Iglesia Adventista en \u00c1frica Oriental, entre ellos, 2309 que participaron de bautismo masivo en el Oc\u00e9ano \u00cdndico despu\u00e9s de tres semanas de reuniones de evangelizaci\u00f3n.<\/p>\n<p>Los bautismos, que fueron llevados a cabo el pasado s\u00e1bado 7 de febrero, marcaron el fin de reuniones de evangelizaci\u00f3n en decenas de sedes, incluidas unas cien en Dar es Salaam, la capital de Tanzania.<\/p>\n<p>Para celebrarlo, cuarenta mil personas provenientes de los once pa\u00edses de la Divisi\u00f3n de \u00c1frica Centro Oriental de la Iglesia Adventista atestaron un estadio en Dar es Salaam para una gran final bajo la consigna \u00abGran espect\u00e1culo misionero\u00bb. Doscientos autobuses provenientes tan solo de Kenia trajeron miembros de iglesia al evento.<\/p>\n<p>No est\u00e1 totalmente claro cu\u00e1ntas personas han sido bautizadas en toda la divisi\u00f3n, que hizo un uso extensivo de la televisi\u00f3n y la radio en la campa\u00f1a de evangelizaci\u00f3n del 10 al 31 de enero. Geoffrey Mbwana, uno de los vicepresidentes generales de la Asociaci\u00f3n General y oriundo de Tanzania, estuvo al frente de importantes reuniones que fueron transmitidas por la televisi\u00f3n.<\/p>\n<p>Por su parte, Ted N. C. Wilson, l\u00edder de la Iglesia Adventista mundial, que est\u00e1 en un viaje a siete pa\u00edses distintos, habl\u00f3 durante el d\u00eda final de la serie, haciendo un llamado a los miembros de iglesia para que \u00absacudan a \u00c1frica para Cristo\u00bb.<\/p>\n<p>Wilson, quien m\u00e1s tarde se reunir\u00eda con el presidente y otros importantes funcionarios del gobierno de Tanzania, expres\u00f3 su asombro por el bautismo masivo del s\u00e1bado por la ma\u00f1ana.<\/p>\n<p>\u00ab\u00a1Una hermosa vista! \u00a1Una hermosa bendici\u00f3n de Dios!\u00bb, dijo por correo electr\u00f3nico.<\/p>\n<p>Los miembros reci\u00e9n bautizados se dirigieron directamente desde la playa al Estadio Nacional para el culto de adoraci\u00f3n.<\/p>\n<p>Wilson, quien subi\u00f3 a la plataforma para predicar, inst\u00f3 a la audiencia a que comparta las noticias del pronto regreso de Cristo en sus propias comunidades.<\/p>\n<p>\u00ab\u00a1Dios los llama a sacudir a \u00c1frica para Cristo!\u00bb, dijo Wilson. \u00abEst\u00e9n cada d\u00eda en conexi\u00f3n y comuni\u00f3n con \u00e9l, siendo reavivados y reformados en \u00e9l cada instante de sus vidas\u00bb.<\/p>\n<p>Muchos de los cuarenta mil asistentes aceptaron el desaf\u00edo, y se dividieron en grupos peque\u00f1os al fin del serm\u00f3n para orar por el poder del Esp\u00edritu Santo para proclamar el mensaje del advenimiento en sus ciudades natales.<\/p>\n<p>M\u00e1s tarde, Wilson fue acompa\u00f1ado en el escenario por Bernard Membe, Ministro de Relaciones Exteriores, y por Stephen Wasira, Ministro de Agricultura, que es adventista.<\/p>\n<p>Membe, que ofreci\u00f3 una s\u00f3lida afirmaci\u00f3n a la Iglesia Adventista por medio de sus palabras, envi\u00f3 dos fotos de s\u00ed mismo desde el escenario por Twitter, y dijo que se sent\u00eda honrado de dirigirse a la multitud.<\/p>\n<p>El presidente Jakaya Kikwete dio la bienvenida a Wilson y a una delegaci\u00f3n adventista en su residencia oficial, la Casa de Estado, para la cena vespertina.<\/p>\n<p>Wilson, quien afirm\u00f3 que la reuni\u00f3n fue \u00absumamente \u00fatil\u00bb, destac\u00f3 que Kikwete ha sido fundamental en la preservaci\u00f3n de la paz en Tanzania, y a la hora de ayudar a resolver conflictos en Costa de Marfil, Burundi y Kenia.<\/p>\n<p>\u00abEs una persona que sabe mucho sobre la Iglesia Adventista, y se mostr\u00f3 muy elogioso\u00bb, dijo Wilson.<\/p>\n<p>El evento denominado \u00abGran Espect\u00e1culo Misionero\u00bb comenz\u00f3 oficialmente el viernes en el Estadio Nacional, con un desfile de miles de personas, lo que incluy\u00f3 a grupos de Conquistadores, integrantes del Ministerio de la Mujer, obreros de salud, pastores y colportores.<\/p>\n<p>Blasious Ruguri, presidente de la Divisi\u00f3n de \u00c1frica Centro Oriental, present\u00f3 el mensaje principal, seguido por presentaciones a cargo de un grupo de directivos de la Asociaci\u00f3n General, como es el caso de Linda Koh, director del departamento de ni\u00f1os; Heather-Dawn Small, directora de Ministerios de la Mujer; Howard Faigao, director del departamento de Publicaciones; y Lisa Beardsley-Hardy, directora del departamento de Educaci\u00f3n.<\/p>\n<p>El invitado de honor, el vicepresidente de Tanzania, Mohammed Gharib Bilal, dijo a los reunidos que el gobierno garantiza la libertad de cultos, pero que las personas tambi\u00e9n tienen que respetar el derecho de culto de los dem\u00e1s.<\/p>\n<p>\u00abLas puertas est\u00e1n abiertas, por lo que podemos hacernos consultas mutuas\u00bb, expres\u00f3, seg\u00fan el peri\u00f3dico The Guardian de Tanzania.<\/p>\n<p>En di\u00e1logos con los l\u00edderes adventistas, el vicepresidente y otros representantes del gobierno se mostraron maravillados por el espect\u00e1culo, diciendo que jam\u00e1s hab\u00edan asistido a un encuentro en el que las personas mostraron tanto respeto y decoro.<\/p>\n<p>El evento fue \u00abuna gran oportunidad de testificar respecto del mensaje adventista y el poder de Cristo de dar orden a nuestra vida por medio del Esp\u00edritu Santo\u00bb, concluy\u00f3 Wilson.<\/p>\n<p><em>Traducci\u00f3n de Marcos Paseggi<\/em><\/p>\n","protected":false},"excerpt":{"rendered":"<p>Miles de personas se han unido a la Iglesia Adventista en \u00c1frica Oriental, entre ellos, 2309 que participaron de bautismo masivo en el Oc\u00e9ano \u00cdndico despu\u00e9s de tres semanas de reuniones de evangelizaci\u00f3n. <\/p>\n<p>Los bautismos, que fueron llevados a cabo el pasado s\u00e1bado 7 de febrero, marcaron el fin de reuniones de evangelizaci\u00f3n en decenas de sedes, incluidas unas cien en Dar es Salaam, la capital de Tanzania.<\/p>\n","protected":false},"author":1,"featured_media":24415,"comment_status":"closed","ping_status":"closed","sticky":false,"template":"","format":"standard","meta":{"_acf_changed":false,"footnotes":""},"categories":[14,15],"tags":[],"class_list":["post-30723","post","type-post","status-publish","format-standard","has-post-thumbnail","hentry","category-de-la-iglesia-mundial","category-rss-espanol"],"acf":[],"yoast_head":"<!-- This site is optimized with the Yoast SEO plugin v27.3 - https:\/\/yoast.com\/product\/yoast-seo-wordpress\/ -->\n<title>Adventistas &quot;sacuden a \u00c1frica para Cristo&quot; con 2309 bautismos en el Oc\u00e9ano \u00cdndico - Iglesia Adventista del S\u00e9ptimo D\u00eda - Divisi\u00f3n Interamericana<\/title>\n<meta name=\"robots\" content=\"index, follow, max-snippet:-1, max-image-preview:large, max-video-preview:-1\" \/>\n<link rel=\"canonical\" href=\"https:\/\/interamerica.org\/es\/2015\/02\/adventistas-sacuden-a-africa-para-cristo-con-2309-bautismos-en-el-oceano-indico\/\" \/>\n<meta property=\"og:locale\" content=\"es_ES\" \/>\n<meta property=\"og:type\" content=\"article\" \/>\n<meta property=\"og:title\" content=\"Adventistas &quot;sacuden a \u00c1frica para Cristo&quot; con 2309 bautismos en el Oc\u00e9ano \u00cdndico - Iglesia Adventista del S\u00e9ptimo D\u00eda - Divisi\u00f3n Interamericana\" \/>\n<meta property=\"og:description\" content=\"Miles de personas se han unido a la Iglesia Adventista en \u00c1frica Oriental, entre ellos, 2309 que participaron de bautismo masivo en el Oc\u00e9ano \u00cdndico despu\u00e9s de tres semanas de reuniones de evangelizaci\u00f3n.  Los bautismos, que fueron llevados a cabo el pasado s\u00e1bado 7 de febrero, marcaron el fin de reuniones de evangelizaci\u00f3n en decenas de sedes, incluidas unas cien en Dar es Salaam, la capital de Tanzania.\" \/>\n<meta property=\"og:url\" content=\"https:\/\/interamerica.org\/es\/2015\/02\/adventistas-sacuden-a-africa-para-cristo-con-2309-bautismos-en-el-oceano-indico\/\" \/>\n<meta property=\"og:site_name\" content=\"Iglesia Adventista del S\u00e9ptimo D\u00eda - Divisi\u00f3n Interamericana\" \/>\n<meta property=\"article:published_time\" content=\"2015-02-11T04:00:00+00:00\" \/>\n<meta property=\"og:image\" content=\"https:\/\/interamerica.org\/wp-content\/uploads\/2017\/06\/csm_tanz-bap-web_45c420966e300.png\" \/>\n\t<meta property=\"og:image:width\" content=\"300\" \/>\n\t<meta property=\"og:image:height\" content=\"191\" \/>\n\t<meta property=\"og:image:type\" content=\"image\/png\" \/>\n<meta name=\"author\" content=\"Lorenzo Verduzco\" \/>\n<meta name=\"twitter:card\" content=\"summary_large_image\" \/>\n<meta name=\"twitter:label1\" content=\"Escrito por\" \/>\n\t<meta name=\"twitter:data1\" content=\"Lorenzo Verduzco\" \/>\n\t<meta name=\"twitter:label2\" content=\"Tiempo de lectura\" \/>\n\t<meta name=\"twitter:data2\" content=\"4 minutos\" \/>\n<script type=\"application\/ld+json\" class=\"yoast-schema-graph\">{\"@context\":\"https:\\\/\\\/schema.org\",\"@graph\":[{\"@type\":\"Article\",\"@id\":\"https:\\\/\\\/interamerica.org\\\/es\\\/2015\\\/02\\\/adventistas-sacuden-a-africa-para-cristo-con-2309-bautismos-en-el-oceano-indico\\\/#article\",\"isPartOf\":{\"@id\":\"https:\\\/\\\/interamerica.org\\\/es\\\/2015\\\/02\\\/adventistas-sacuden-a-africa-para-cristo-con-2309-bautismos-en-el-oceano-indico\\\/\"},\"author\":{\"name\":\"Lorenzo Verduzco\",\"@id\":\"https:\\\/\\\/interamerica.org\\\/es\\\/#\\\/schema\\\/person\\\/68ede8bdc292885bb76c1e3810e73c39\"},\"headline\":\"Adventistas \u00absacuden a \u00c1frica para Cristo\u00bb con 2309 bautismos en el Oc\u00e9ano \u00cdndico\",\"datePublished\":\"2015-02-11T04:00:00+00:00\",\"mainEntityOfPage\":{\"@id\":\"https:\\\/\\\/interamerica.org\\\/es\\\/2015\\\/02\\\/adventistas-sacuden-a-africa-para-cristo-con-2309-bautismos-en-el-oceano-indico\\\/\"},\"wordCount\":871,\"image\":{\"@id\":\"https:\\\/\\\/interamerica.org\\\/es\\\/2015\\\/02\\\/adventistas-sacuden-a-africa-para-cristo-con-2309-bautismos-en-el-oceano-indico\\\/#primaryimage\"},\"thumbnailUrl\":\"https:\\\/\\\/interamerica.org\\\/wp-content\\\/uploads\\\/2017\\\/06\\\/csm_tanz-bap-web_45c420966e300.png\",\"articleSection\":[\"Desde la iglesia mundial\",\"RSS Espa\u00f1ol\"],\"inLanguage\":\"es\"},{\"@type\":\"WebPage\",\"@id\":\"https:\\\/\\\/interamerica.org\\\/es\\\/2015\\\/02\\\/adventistas-sacuden-a-africa-para-cristo-con-2309-bautismos-en-el-oceano-indico\\\/\",\"url\":\"https:\\\/\\\/interamerica.org\\\/es\\\/2015\\\/02\\\/adventistas-sacuden-a-africa-para-cristo-con-2309-bautismos-en-el-oceano-indico\\\/\",\"name\":\"Adventistas \\\"sacuden a \u00c1frica para Cristo\\\" con 2309 bautismos en el Oc\u00e9ano \u00cdndico - Iglesia Adventista del S\u00e9ptimo D\u00eda - Divisi\u00f3n Interamericana\",\"isPartOf\":{\"@id\":\"https:\\\/\\\/interamerica.org\\\/es\\\/#website\"},\"primaryImageOfPage\":{\"@id\":\"https:\\\/\\\/interamerica.org\\\/es\\\/2015\\\/02\\\/adventistas-sacuden-a-africa-para-cristo-con-2309-bautismos-en-el-oceano-indico\\\/#primaryimage\"},\"image\":{\"@id\":\"https:\\\/\\\/interamerica.org\\\/es\\\/2015\\\/02\\\/adventistas-sacuden-a-africa-para-cristo-con-2309-bautismos-en-el-oceano-indico\\\/#primaryimage\"},\"thumbnailUrl\":\"https:\\\/\\\/interamerica.org\\\/wp-content\\\/uploads\\\/2017\\\/06\\\/csm_tanz-bap-web_45c420966e300.png\",\"datePublished\":\"2015-02-11T04:00:00+00:00\",\"author\":{\"@id\":\"https:\\\/\\\/interamerica.org\\\/es\\\/#\\\/schema\\\/person\\\/68ede8bdc292885bb76c1e3810e73c39\"},\"breadcrumb\":{\"@id\":\"https:\\\/\\\/interamerica.org\\\/es\\\/2015\\\/02\\\/adventistas-sacuden-a-africa-para-cristo-con-2309-bautismos-en-el-oceano-indico\\\/#breadcrumb\"},\"inLanguage\":\"es\",\"potentialAction\":[{\"@type\":\"ReadAction\",\"target\":[\"https:\\\/\\\/interamerica.org\\\/es\\\/2015\\\/02\\\/adventistas-sacuden-a-africa-para-cristo-con-2309-bautismos-en-el-oceano-indico\\\/\"]}]},{\"@type\":\"ImageObject\",\"inLanguage\":\"es\",\"@id\":\"https:\\\/\\\/interamerica.org\\\/es\\\/2015\\\/02\\\/adventistas-sacuden-a-africa-para-cristo-con-2309-bautismos-en-el-oceano-indico\\\/#primaryimage\",\"url\":\"https:\\\/\\\/interamerica.org\\\/wp-content\\\/uploads\\\/2017\\\/06\\\/csm_tanz-bap-web_45c420966e300.png\",\"contentUrl\":\"https:\\\/\\\/interamerica.org\\\/wp-content\\\/uploads\\\/2017\\\/06\\\/csm_tanz-bap-web_45c420966e300.png\",\"width\":300,\"height\":191},{\"@type\":\"BreadcrumbList\",\"@id\":\"https:\\\/\\\/interamerica.org\\\/es\\\/2015\\\/02\\\/adventistas-sacuden-a-africa-para-cristo-con-2309-bautismos-en-el-oceano-indico\\\/#breadcrumb\",\"itemListElement\":[{\"@type\":\"ListItem\",\"position\":1,\"name\":\"Home\",\"item\":\"https:\\\/\\\/interamerica.org\\\/es\\\/\"},{\"@type\":\"ListItem\",\"position\":2,\"name\":\"Adventistas &#8220;sacuden a \u00c1frica para Cristo&#8221; con 2309 bautismos en el Oc\u00e9ano \u00cdndico\"}]},{\"@type\":\"WebSite\",\"@id\":\"https:\\\/\\\/interamerica.org\\\/es\\\/#website\",\"url\":\"https:\\\/\\\/interamerica.org\\\/es\\\/\",\"name\":\"Iglesia Adventista del S\u00e9ptimo D\u00eda - Divisi\u00f3n Interamericana\",\"description\":\"\",\"potentialAction\":[{\"@type\":\"SearchAction\",\"target\":{\"@type\":\"EntryPoint\",\"urlTemplate\":\"https:\\\/\\\/interamerica.org\\\/es\\\/?s={search_term_string}\"},\"query-input\":{\"@type\":\"PropertyValueSpecification\",\"valueRequired\":true,\"valueName\":\"search_term_string\"}}],\"inLanguage\":\"es\"},{\"@type\":\"Person\",\"@id\":\"https:\\\/\\\/interamerica.org\\\/es\\\/#\\\/schema\\\/person\\\/68ede8bdc292885bb76c1e3810e73c39\",\"name\":\"Lorenzo Verduzco\",\"image\":{\"@type\":\"ImageObject\",\"inLanguage\":\"es\",\"@id\":\"https:\\\/\\\/secure.gravatar.com\\\/avatar\\\/fb81a55b6218459490a9c1dc841a34909185b81904c5337b4b27f7a6fd60c49e?s=96&d=mm&r=g\",\"url\":\"https:\\\/\\\/secure.gravatar.com\\\/avatar\\\/fb81a55b6218459490a9c1dc841a34909185b81904c5337b4b27f7a6fd60c49e?s=96&d=mm&r=g\",\"contentUrl\":\"https:\\\/\\\/secure.gravatar.com\\\/avatar\\\/fb81a55b6218459490a9c1dc841a34909185b81904c5337b4b27f7a6fd60c49e?s=96&d=mm&r=g\",\"caption\":\"Lorenzo Verduzco\"}}]}<\/script>\n<!-- \/ Yoast SEO plugin. -->","yoast_head_json":{"title":"Adventistas \"sacuden a \u00c1frica para Cristo\" con 2309 bautismos en el Oc\u00e9ano \u00cdndico - Iglesia Adventista del S\u00e9ptimo D\u00eda - Divisi\u00f3n Interamericana","robots":{"index":"index","follow":"follow","max-snippet":"max-snippet:-1","max-image-preview":"max-image-preview:large","max-video-preview":"max-video-preview:-1"},"canonical":"https:\/\/interamerica.org\/es\/2015\/02\/adventistas-sacuden-a-africa-para-cristo-con-2309-bautismos-en-el-oceano-indico\/","og_locale":"es_ES","og_type":"article","og_title":"Adventistas \"sacuden a \u00c1frica para Cristo\" con 2309 bautismos en el Oc\u00e9ano \u00cdndico - Iglesia Adventista del S\u00e9ptimo D\u00eda - Divisi\u00f3n Interamericana","og_description":"Miles de personas se han unido a la Iglesia Adventista en \u00c1frica Oriental, entre ellos, 2309 que participaron de bautismo masivo en el Oc\u00e9ano \u00cdndico despu\u00e9s de tres semanas de reuniones de evangelizaci\u00f3n.  Los bautismos, que fueron llevados a cabo el pasado s\u00e1bado 7 de febrero, marcaron el fin de reuniones de evangelizaci\u00f3n en decenas de sedes, incluidas unas cien en Dar es Salaam, la capital de Tanzania.","og_url":"https:\/\/interamerica.org\/es\/2015\/02\/adventistas-sacuden-a-africa-para-cristo-con-2309-bautismos-en-el-oceano-indico\/","og_site_name":"Iglesia Adventista del S\u00e9ptimo D\u00eda - Divisi\u00f3n Interamericana","article_published_time":"2015-02-11T04:00:00+00:00","og_image":[{"width":300,"height":191,"url":"https:\/\/interamerica.org\/wp-content\/uploads\/2017\/06\/csm_tanz-bap-web_45c420966e300.png","type":"image\/png"}],"author":"Lorenzo Verduzco","twitter_card":"summary_large_image","twitter_misc":{"Escrito por":"Lorenzo Verduzco","Tiempo de lectura":"4 minutos"},"schema":{"@context":"https:\/\/schema.org","@graph":[{"@type":"Article","@id":"https:\/\/interamerica.org\/es\/2015\/02\/adventistas-sacuden-a-africa-para-cristo-con-2309-bautismos-en-el-oceano-indico\/#article","isPartOf":{"@id":"https:\/\/interamerica.org\/es\/2015\/02\/adventistas-sacuden-a-africa-para-cristo-con-2309-bautismos-en-el-oceano-indico\/"},"author":{"name":"Lorenzo Verduzco","@id":"https:\/\/interamerica.org\/es\/#\/schema\/person\/68ede8bdc292885bb76c1e3810e73c39"},"headline":"Adventistas \u00absacuden a \u00c1frica para Cristo\u00bb con 2309 bautismos en el Oc\u00e9ano \u00cdndico","datePublished":"2015-02-11T04:00:00+00:00","mainEntityOfPage":{"@id":"https:\/\/interamerica.org\/es\/2015\/02\/adventistas-sacuden-a-africa-para-cristo-con-2309-bautismos-en-el-oceano-indico\/"},"wordCount":871,"image":{"@id":"https:\/\/interamerica.org\/es\/2015\/02\/adventistas-sacuden-a-africa-para-cristo-con-2309-bautismos-en-el-oceano-indico\/#primaryimage"},"thumbnailUrl":"https:\/\/interamerica.org\/wp-content\/uploads\/2017\/06\/csm_tanz-bap-web_45c420966e300.png","articleSection":["Desde la iglesia mundial","RSS Espa\u00f1ol"],"inLanguage":"es"},{"@type":"WebPage","@id":"https:\/\/interamerica.org\/es\/2015\/02\/adventistas-sacuden-a-africa-para-cristo-con-2309-bautismos-en-el-oceano-indico\/","url":"https:\/\/interamerica.org\/es\/2015\/02\/adventistas-sacuden-a-africa-para-cristo-con-2309-bautismos-en-el-oceano-indico\/","name":"Adventistas \"sacuden a \u00c1frica para Cristo\" con 2309 bautismos en el Oc\u00e9ano \u00cdndico - Iglesia Adventista del S\u00e9ptimo D\u00eda - Divisi\u00f3n Interamericana","isPartOf":{"@id":"https:\/\/interamerica.org\/es\/#website"},"primaryImageOfPage":{"@id":"https:\/\/interamerica.org\/es\/2015\/02\/adventistas-sacuden-a-africa-para-cristo-con-2309-bautismos-en-el-oceano-indico\/#primaryimage"},"image":{"@id":"https:\/\/interamerica.org\/es\/2015\/02\/adventistas-sacuden-a-africa-para-cristo-con-2309-bautismos-en-el-oceano-indico\/#primaryimage"},"thumbnailUrl":"https:\/\/interamerica.org\/wp-content\/uploads\/2017\/06\/csm_tanz-bap-web_45c420966e300.png","datePublished":"2015-02-11T04:00:00+00:00","author":{"@id":"https:\/\/interamerica.org\/es\/#\/schema\/person\/68ede8bdc292885bb76c1e3810e73c39"},"breadcrumb":{"@id":"https:\/\/interamerica.org\/es\/2015\/02\/adventistas-sacuden-a-africa-para-cristo-con-2309-bautismos-en-el-oceano-indico\/#breadcrumb"},"inLanguage":"es","potentialAction":[{"@type":"ReadAction","target":["https:\/\/interamerica.org\/es\/2015\/02\/adventistas-sacuden-a-africa-para-cristo-con-2309-bautismos-en-el-oceano-indico\/"]}]},{"@type":"ImageObject","inLanguage":"es","@id":"https:\/\/interamerica.org\/es\/2015\/02\/adventistas-sacuden-a-africa-para-cristo-con-2309-bautismos-en-el-oceano-indico\/#primaryimage","url":"https:\/\/interamerica.org\/wp-content\/uploads\/2017\/06\/csm_tanz-bap-web_45c420966e300.png","contentUrl":"https:\/\/interamerica.org\/wp-content\/uploads\/2017\/06\/csm_tanz-bap-web_45c420966e300.png","width":300,"height":191},{"@type":"BreadcrumbList","@id":"https:\/\/interamerica.org\/es\/2015\/02\/adventistas-sacuden-a-africa-para-cristo-con-2309-bautismos-en-el-oceano-indico\/#breadcrumb","itemListElement":[{"@type":"ListItem","position":1,"name":"Home","item":"https:\/\/interamerica.org\/es\/"},{"@type":"ListItem","position":2,"name":"Adventistas &#8220;sacuden a \u00c1frica para Cristo&#8221; con 2309 bautismos en el Oc\u00e9ano \u00cdndico"}]},{"@type":"WebSite","@id":"https:\/\/interamerica.org\/es\/#website","url":"https:\/\/interamerica.org\/es\/","name":"Iglesia Adventista del S\u00e9ptimo D\u00eda - Divisi\u00f3n Interamericana","description":"","potentialAction":[{"@type":"SearchAction","target":{"@type":"EntryPoint","urlTemplate":"https:\/\/interamerica.org\/es\/?s={search_term_string}"},"query-input":{"@type":"PropertyValueSpecification","valueRequired":true,"valueName":"search_term_string"}}],"inLanguage":"es"},{"@type":"Person","@id":"https:\/\/interamerica.org\/es\/#\/schema\/person\/68ede8bdc292885bb76c1e3810e73c39","name":"Lorenzo Verduzco","image":{"@type":"ImageObject","inLanguage":"es","@id":"https:\/\/secure.gravatar.com\/avatar\/fb81a55b6218459490a9c1dc841a34909185b81904c5337b4b27f7a6fd60c49e?s=96&d=mm&r=g","url":"https:\/\/secure.gravatar.com\/avatar\/fb81a55b6218459490a9c1dc841a34909185b81904c5337b4b27f7a6fd60c49e?s=96&d=mm&r=g","contentUrl":"https:\/\/secure.gravatar.com\/avatar\/fb81a55b6218459490a9c1dc841a34909185b81904c5337b4b27f7a6fd60c49e?s=96&d=mm&r=g","caption":"Lorenzo Verduzco"}}]}},"_links":{"self":[{"href":"https:\/\/interamerica.org\/es\/wp-json\/wp\/v2\/posts\/30723","targetHints":{"allow":["GET"]}}],"collection":[{"href":"https:\/\/interamerica.org\/es\/wp-json\/wp\/v2\/posts"}],"about":[{"href":"https:\/\/interamerica.org\/es\/wp-json\/wp\/v2\/types\/post"}],"author":[{"embeddable":true,"href":"https:\/\/interamerica.org\/es\/wp-json\/wp\/v2\/users\/1"}],"replies":[{"embeddable":true,"href":"https:\/\/interamerica.org\/es\/wp-json\/wp\/v2\/comments?post=30723"}],"version-history":[{"count":0,"href":"https:\/\/interamerica.org\/es\/wp-json\/wp\/v2\/posts\/30723\/revisions"}],"wp:featuredmedia":[{"embeddable":true,"href":"https:\/\/interamerica.org\/es\/wp-json\/wp\/v2\/media\/24415"}],"wp:attachment":[{"href":"https:\/\/interamerica.org\/es\/wp-json\/wp\/v2\/media?parent=30723"}],"wp:term":[{"taxonomy":"category","embeddable":true,"href":"https:\/\/interamerica.org\/es\/wp-json\/wp\/v2\/categories?post=30723"},{"taxonomy":"post_tag","embeddable":true,"href":"https:\/\/interamerica.org\/es\/wp-json\/wp\/v2\/tags?post=30723"}],"curies":[{"name":"wp","href":"https:\/\/api.w.org\/{rel}","templated":true}]}}