{"id":30724,"date":"2015-02-11T00:00:00","date_gmt":"2015-02-11T04:00:00","guid":{"rendered":"http:\/\/192.81.217.108\/interamerica\/2015\/02\/se-insta-a-los-adventistas-en-sudan-a-ser-embajadores-de-paz\/"},"modified":"2015-02-11T00:00:00","modified_gmt":"2015-02-11T04:00:00","slug":"se-insta-a-los-adventistas-en-sudan-a-ser-embajadores-de-paz","status":"publish","type":"post","link":"https:\/\/interamerica.org\/es\/2015\/02\/se-insta-a-los-adventistas-en-sudan-a-ser-embajadores-de-paz\/","title":{"rendered":"Se insta a los adventistas en Sud\u00e1n a ser embajadores de paz"},"content":{"rendered":"<p>11 de febrero de 2015 | Andrew McChesney &#8211; Adventist Review | Silver Spring, Maryland, Estados Unidos<\/p>\n<div id=\"attachment_15163\" style=\"width: 410px\" class=\"wp-caption alignleft\"><a href=\"\/interamerica\/wp-content\/uploads\/2017\/06\/csm_Screen_Shot_2015-02-11_at_9.56.34_AM_1f2d18f7bf.png\" rel=\"fancybox\" title=\"Se insta a los adventistas en Sud\u00e1n a ser embajadores de paz\"><img fetchpriority=\"high\" decoding=\"async\" aria-describedby=\"caption-attachment-15163\" class=\"size-full wp-image-15163\" src=\"\/interamerica\/wp-content\/uploads\/2017\/06\/csm_Screen_Shot_2015-02-11_at_9.56.34_AM_1f2d18f7bf.png\" alt=\"\" width=\"400\" height=\"316\" \/><\/a><p id=\"caption-attachment-15163\" class=\"wp-caption-text\">Los Conquistadores dan la bienvenida al presidente de la Iglesia Adventista, Ted N. C. Wilson, y a su delegaci\u00f3n, a Juba, Sud\u00e1n del Sur, el domingo 8 de febrero.<\/p><\/div>\n<p>El presidente de la Iglesia Adventista del S\u00e9ptimo D\u00eda, Ted N. C. Wilson, ha animado a los adventistas a ser embajadores de reconciliaci\u00f3n y paz en Sud\u00e1n del Sur, en donde un conflicto de todo un a\u00f1o ha causado que dos millones de personas abandonen sus hogares y ha motivado el establecimiento de un programa ADRA de grandes dimensiones.<\/p>\n<p>El Pastor Wilson habl\u00f3 durante una visita de dos d\u00edas al pa\u00eds m\u00e1s joven en el mundo, el cual obtuvo su independencia de Sud\u00e1n en el 2011. El Pastor Wilson se encuentra en una gira por siete pa\u00edses, que comenz\u00f3 en India y Tanzania y continuar\u00e1 en Ruanda el martes.<\/p>\n<p>Recibi\u00f3 la bienvenida a Juba, capital del pa\u00eds, con un jubiloso desfile de centenares de Conquistadores y otros miembros de iglesia. Las mujeres involucradas en Ministerio de la Mujer lanzaron al aire un agudo sonido caracter\u00edstico de la regi\u00f3n utilizado para saludar a los invitados. La colorida multitud march\u00f3 desde el centro de la ciudad hasta los edificios de las oficinas locales de la Iglesia Adventista, bajo una temperatura de 45.5 grados cent\u00edgrados.<\/p>\n<p>El pastor Wilson le dijo a la multitud, que hab\u00eda venido especialmente a asegurarse de que se sintieran parte de la familia mundial de la Iglesia Adventista.<\/p>\n<p>\u201cNo deseamos que se sientan separados y aparte\u201d, dijo el presidente a trav\u00e9s de un mensaje electr\u00f3nico. \u201cEst\u00e1n sumamente felices de ser parte de la gran familia de Dios: son personas maravillosas, amigables y fieles\u201d.<br \/>\nEl Pastor Wilson dirigi\u00f3 la atenci\u00f3n hacia 2 Corintios 5, donde el ap\u00f3stol Pablo se\u00f1ala que los creyentes son \u201cembajadores de Cristo\u201d y habla de c\u00f3mo Dios \u201cnos ha dado el ministerio de la reconciliaci\u00f3n\u201d.<\/p>\n<p>\u201cComent\u00e9 con ellos sobre su necesidad de ser embajadores de reconciliaci\u00f3n y paz en Sud\u00e1n del Sur, para traer paz al pa\u00eds\u201d, dijo el Pastor Wilson.<\/p>\n<p>Hizo tambi\u00e9n observaciones similares en una entrevista realizada el lunes a trav\u00e9s de 94.0 Salvation FM, una estaci\u00f3n radial que posee y opera la Iglesia Adventista en Juba.<\/p>\n<p>Sud\u00e1n del Sur ha estado envuelto en un conflicto \u00e9tnico interno desde diciembre del 2013. El presidente del pa\u00eds y su rival llegaron el mes pasado a un acuerdo de poder compartido, pero queda a\u00fan por determinarse los t\u00e9rminos del mismo.<\/p>\n<p>De los dos millones de personas que han abandonado sus hogares durante el a\u00f1o pasado, un mill\u00f3n y medio de ellos permanece desplazado dentro de Sud\u00e1n del Sur y el resto ha buscado refugio en pa\u00edses vecinos, de acuerdo a informaci\u00f3n de las Naciones Unidas. Un oficial de las Naciones Unidas, Valerie Amos, advirti\u00f3 durante una visita a Juba, el lunes, que dos y medio millones de personas necesitan urgentemente ayuda de alimentos.<\/p>\n<p>La Agencia de Desarrollo y Recursos Asistenciales tiene permanentemente establecida la obra relacionada con la salud en Sud\u00e1n del Sur y, por causa del mencionado conflicto, ha hecho equipo con Naciones Unidas para proveer alimentos de emergencia a personas desplazadas internamente, dijo Imad Madanat, vicepresidente para programas de ADRA Internacional.<\/p>\n<p>\u201cLa estaci\u00f3n de las lluvias ha hecho casi imposible el acceso a poblaciones remotas con alimentos y cuidados m\u00e9dicos de emergencia\u201d, se\u00f1al\u00f3 Imad Madanat en un mensaje electr\u00f3nico. \u201cLa situaci\u00f3n en Sud\u00e1n del Sur es todav\u00eda extrema y nos estamos esforzando por llegar hasta las personas desplazadas, tanto como podamos\u201d.<\/p>\n<p>ADRA tiene a m\u00e1s de 350 empleados prestando servicios a 372,000 personas a trav\u00e9s de varios programas, incluyendo programas de alimentaci\u00f3n, dijo el Pastor Wilson. Pronto se van a a\u00f1adir otros 50 empleados.<\/p>\n<p>\u201cEs probablemente el programa m\u00e1s extenso de ADRA en todo el mundo, dijo el Pastor Wilson despu\u00e9s de asistir a una reuni\u00f3n especial de ADRA el lunes.<\/p>\n<p>No est\u00e1 muy claro cu\u00e1ntas personas viven en Sud\u00e1n del Sur. Los c\u00e1lculos fluct\u00faan desde ocho hasta 11 millones.<\/p>\n<p>La Iglesia Adventista en Sud\u00e1n del Sur cuenta a la fecha con 23,000 miembros que adoran a Dios como parte de 59 iglesias y 166 grupos.<\/p>\n<p>En la estaci\u00f3n radial 94.0 Salvation FM, el Pastor Wilson observ\u00f3 la ceremonia de colocaci\u00f3n de la primera piedra, de un nuevo centro de comunicaci\u00f3n que reemplazar\u00e1 un <a href=\"http:\/\/news.adventist.org\/all-news\/news\/go\/2012-08-14\/in-newest-country-radio-ministry-coming-soon\/\">estudio peque\u00f1o<\/a> usado por la estaci\u00f3n radial.<\/p>\n<p>Asisti\u00f3 tambi\u00e9n a la inauguraci\u00f3n de nuevas casas de hu\u00e9spedes en las instalaciones de la iglesia adventista \u2013es dif\u00edcil encontrar en la ciudad alojamiento decente\u2014 y a la colocaci\u00f3n de la primera piedra de un nuevo templo que tendr\u00e1 cabida para 4,000 personas.<\/p>\n","protected":false},"excerpt":{"rendered":"<p>El presidente de la Iglesia Adventista del S\u00e9ptimo D\u00eda, Ted N. C. Wilson, ha animado a los adventistas a ser embajadores de reconciliaci\u00f3n y paz en Sud\u00e1n del Sur, en donde un conflicto de todo un a\u00f1o ha causado que dos millones de personas abandonen sus hogares y ha motivado el establecimiento de un programa ADRA de grandes dimensiones. <\/p>\n<p>El Pastor Wilson habl\u00f3 durante una visita de dos d\u00edas al pa\u00eds m\u00e1s joven en el mundo, el cual obtuvo su independencia de Sud\u00e1n en el 2011. El Pastor Wilson se encuentra en una gira por siete pa\u00edses, que comenz\u00f3 en India y Tanzania y continuar\u00e1 en Ruanda el martes.<\/p>\n","protected":false},"author":1,"featured_media":24422,"comment_status":"closed","ping_status":"closed","sticky":false,"template":"","format":"standard","meta":{"_acf_changed":false,"footnotes":""},"categories":[14,15],"tags":[],"class_list":["post-30724","post","type-post","status-publish","format-standard","has-post-thumbnail","hentry","category-de-la-iglesia-mundial","category-rss-espanol"],"acf":[],"yoast_head":"<!-- This site is optimized with the Yoast SEO plugin v27.3 - https:\/\/yoast.com\/product\/yoast-seo-wordpress\/ -->\n<title>Se insta a los adventistas en Sud\u00e1n a ser embajadores de paz - Iglesia Adventista del S\u00e9ptimo D\u00eda - Divisi\u00f3n Interamericana<\/title>\n<meta name=\"robots\" content=\"index, follow, max-snippet:-1, max-image-preview:large, max-video-preview:-1\" \/>\n<link rel=\"canonical\" href=\"https:\/\/interamerica.org\/es\/2015\/02\/se-insta-a-los-adventistas-en-sudan-a-ser-embajadores-de-paz\/\" \/>\n<meta property=\"og:locale\" content=\"es_ES\" \/>\n<meta property=\"og:type\" content=\"article\" \/>\n<meta property=\"og:title\" content=\"Se insta a los adventistas en Sud\u00e1n a ser embajadores de paz - Iglesia Adventista del S\u00e9ptimo D\u00eda - Divisi\u00f3n Interamericana\" \/>\n<meta property=\"og:description\" content=\"El presidente de la Iglesia Adventista del S\u00e9ptimo D\u00eda, Ted N. C. Wilson, ha animado a los adventistas a ser embajadores de reconciliaci\u00f3n y paz en Sud\u00e1n del Sur, en donde un conflicto de todo un a\u00f1o ha causado que dos millones de personas abandonen sus hogares y ha motivado el establecimiento de un programa ADRA de grandes dimensiones.  El Pastor Wilson habl\u00f3 durante una visita de dos d\u00edas al pa\u00eds m\u00e1s joven en el mundo, el cual obtuvo su independencia de Sud\u00e1n en el 2011. El Pastor Wilson se encuentra en una gira por siete pa\u00edses, que comenz\u00f3 en India y Tanzania y continuar\u00e1 en Ruanda el martes.\" \/>\n<meta property=\"og:url\" content=\"https:\/\/interamerica.org\/es\/2015\/02\/se-insta-a-los-adventistas-en-sudan-a-ser-embajadores-de-paz\/\" \/>\n<meta property=\"og:site_name\" content=\"Iglesia Adventista del S\u00e9ptimo D\u00eda - Divisi\u00f3n Interamericana\" \/>\n<meta property=\"article:published_time\" content=\"2015-02-11T04:00:00+00:00\" \/>\n<meta property=\"og:image\" content=\"https:\/\/interamerica.org\/wp-content\/uploads\/2017\/06\/csm_Screen_Shot_2015-02-11_at_9.56.34_AM_1f2d18f7bf.png\" \/>\n\t<meta property=\"og:image:width\" content=\"400\" \/>\n\t<meta property=\"og:image:height\" content=\"316\" \/>\n\t<meta property=\"og:image:type\" content=\"image\/png\" \/>\n<meta name=\"author\" content=\"Lorenzo Verduzco\" \/>\n<meta name=\"twitter:card\" content=\"summary_large_image\" \/>\n<meta name=\"twitter:label1\" content=\"Escrito por\" \/>\n\t<meta name=\"twitter:data1\" content=\"Lorenzo Verduzco\" \/>\n\t<meta name=\"twitter:label2\" content=\"Tiempo de lectura\" \/>\n\t<meta name=\"twitter:data2\" content=\"4 minutos\" \/>\n<script type=\"application\/ld+json\" class=\"yoast-schema-graph\">{\"@context\":\"https:\\\/\\\/schema.org\",\"@graph\":[{\"@type\":\"Article\",\"@id\":\"https:\\\/\\\/interamerica.org\\\/es\\\/2015\\\/02\\\/se-insta-a-los-adventistas-en-sudan-a-ser-embajadores-de-paz\\\/#article\",\"isPartOf\":{\"@id\":\"https:\\\/\\\/interamerica.org\\\/es\\\/2015\\\/02\\\/se-insta-a-los-adventistas-en-sudan-a-ser-embajadores-de-paz\\\/\"},\"author\":{\"name\":\"Lorenzo Verduzco\",\"@id\":\"https:\\\/\\\/interamerica.org\\\/es\\\/#\\\/schema\\\/person\\\/68ede8bdc292885bb76c1e3810e73c39\"},\"headline\":\"Se insta a los adventistas en Sud\u00e1n a ser embajadores de paz\",\"datePublished\":\"2015-02-11T04:00:00+00:00\",\"mainEntityOfPage\":{\"@id\":\"https:\\\/\\\/interamerica.org\\\/es\\\/2015\\\/02\\\/se-insta-a-los-adventistas-en-sudan-a-ser-embajadores-de-paz\\\/\"},\"wordCount\":846,\"image\":{\"@id\":\"https:\\\/\\\/interamerica.org\\\/es\\\/2015\\\/02\\\/se-insta-a-los-adventistas-en-sudan-a-ser-embajadores-de-paz\\\/#primaryimage\"},\"thumbnailUrl\":\"https:\\\/\\\/interamerica.org\\\/wp-content\\\/uploads\\\/2017\\\/06\\\/csm_Screen_Shot_2015-02-11_at_9.56.34_AM_1f2d18f7bf.png\",\"articleSection\":[\"Desde la iglesia mundial\",\"RSS Espa\u00f1ol\"],\"inLanguage\":\"es\"},{\"@type\":\"WebPage\",\"@id\":\"https:\\\/\\\/interamerica.org\\\/es\\\/2015\\\/02\\\/se-insta-a-los-adventistas-en-sudan-a-ser-embajadores-de-paz\\\/\",\"url\":\"https:\\\/\\\/interamerica.org\\\/es\\\/2015\\\/02\\\/se-insta-a-los-adventistas-en-sudan-a-ser-embajadores-de-paz\\\/\",\"name\":\"Se insta a los adventistas en Sud\u00e1n a ser embajadores de paz - Iglesia Adventista del S\u00e9ptimo D\u00eda - Divisi\u00f3n Interamericana\",\"isPartOf\":{\"@id\":\"https:\\\/\\\/interamerica.org\\\/es\\\/#website\"},\"primaryImageOfPage\":{\"@id\":\"https:\\\/\\\/interamerica.org\\\/es\\\/2015\\\/02\\\/se-insta-a-los-adventistas-en-sudan-a-ser-embajadores-de-paz\\\/#primaryimage\"},\"image\":{\"@id\":\"https:\\\/\\\/interamerica.org\\\/es\\\/2015\\\/02\\\/se-insta-a-los-adventistas-en-sudan-a-ser-embajadores-de-paz\\\/#primaryimage\"},\"thumbnailUrl\":\"https:\\\/\\\/interamerica.org\\\/wp-content\\\/uploads\\\/2017\\\/06\\\/csm_Screen_Shot_2015-02-11_at_9.56.34_AM_1f2d18f7bf.png\",\"datePublished\":\"2015-02-11T04:00:00+00:00\",\"author\":{\"@id\":\"https:\\\/\\\/interamerica.org\\\/es\\\/#\\\/schema\\\/person\\\/68ede8bdc292885bb76c1e3810e73c39\"},\"breadcrumb\":{\"@id\":\"https:\\\/\\\/interamerica.org\\\/es\\\/2015\\\/02\\\/se-insta-a-los-adventistas-en-sudan-a-ser-embajadores-de-paz\\\/#breadcrumb\"},\"inLanguage\":\"es\",\"potentialAction\":[{\"@type\":\"ReadAction\",\"target\":[\"https:\\\/\\\/interamerica.org\\\/es\\\/2015\\\/02\\\/se-insta-a-los-adventistas-en-sudan-a-ser-embajadores-de-paz\\\/\"]}]},{\"@type\":\"ImageObject\",\"inLanguage\":\"es\",\"@id\":\"https:\\\/\\\/interamerica.org\\\/es\\\/2015\\\/02\\\/se-insta-a-los-adventistas-en-sudan-a-ser-embajadores-de-paz\\\/#primaryimage\",\"url\":\"https:\\\/\\\/interamerica.org\\\/wp-content\\\/uploads\\\/2017\\\/06\\\/csm_Screen_Shot_2015-02-11_at_9.56.34_AM_1f2d18f7bf.png\",\"contentUrl\":\"https:\\\/\\\/interamerica.org\\\/wp-content\\\/uploads\\\/2017\\\/06\\\/csm_Screen_Shot_2015-02-11_at_9.56.34_AM_1f2d18f7bf.png\",\"width\":400,\"height\":316},{\"@type\":\"BreadcrumbList\",\"@id\":\"https:\\\/\\\/interamerica.org\\\/es\\\/2015\\\/02\\\/se-insta-a-los-adventistas-en-sudan-a-ser-embajadores-de-paz\\\/#breadcrumb\",\"itemListElement\":[{\"@type\":\"ListItem\",\"position\":1,\"name\":\"Home\",\"item\":\"https:\\\/\\\/interamerica.org\\\/es\\\/\"},{\"@type\":\"ListItem\",\"position\":2,\"name\":\"Se insta a los adventistas en Sud\u00e1n a ser embajadores de paz\"}]},{\"@type\":\"WebSite\",\"@id\":\"https:\\\/\\\/interamerica.org\\\/es\\\/#website\",\"url\":\"https:\\\/\\\/interamerica.org\\\/es\\\/\",\"name\":\"Iglesia Adventista del S\u00e9ptimo D\u00eda - Divisi\u00f3n Interamericana\",\"description\":\"\",\"potentialAction\":[{\"@type\":\"SearchAction\",\"target\":{\"@type\":\"EntryPoint\",\"urlTemplate\":\"https:\\\/\\\/interamerica.org\\\/es\\\/?s={search_term_string}\"},\"query-input\":{\"@type\":\"PropertyValueSpecification\",\"valueRequired\":true,\"valueName\":\"search_term_string\"}}],\"inLanguage\":\"es\"},{\"@type\":\"Person\",\"@id\":\"https:\\\/\\\/interamerica.org\\\/es\\\/#\\\/schema\\\/person\\\/68ede8bdc292885bb76c1e3810e73c39\",\"name\":\"Lorenzo Verduzco\",\"image\":{\"@type\":\"ImageObject\",\"inLanguage\":\"es\",\"@id\":\"https:\\\/\\\/secure.gravatar.com\\\/avatar\\\/fb81a55b6218459490a9c1dc841a34909185b81904c5337b4b27f7a6fd60c49e?s=96&d=mm&r=g\",\"url\":\"https:\\\/\\\/secure.gravatar.com\\\/avatar\\\/fb81a55b6218459490a9c1dc841a34909185b81904c5337b4b27f7a6fd60c49e?s=96&d=mm&r=g\",\"contentUrl\":\"https:\\\/\\\/secure.gravatar.com\\\/avatar\\\/fb81a55b6218459490a9c1dc841a34909185b81904c5337b4b27f7a6fd60c49e?s=96&d=mm&r=g\",\"caption\":\"Lorenzo Verduzco\"}}]}<\/script>\n<!-- \/ Yoast SEO plugin. -->","yoast_head_json":{"title":"Se insta a los adventistas en Sud\u00e1n a ser embajadores de paz - Iglesia Adventista del S\u00e9ptimo D\u00eda - Divisi\u00f3n Interamericana","robots":{"index":"index","follow":"follow","max-snippet":"max-snippet:-1","max-image-preview":"max-image-preview:large","max-video-preview":"max-video-preview:-1"},"canonical":"https:\/\/interamerica.org\/es\/2015\/02\/se-insta-a-los-adventistas-en-sudan-a-ser-embajadores-de-paz\/","og_locale":"es_ES","og_type":"article","og_title":"Se insta a los adventistas en Sud\u00e1n a ser embajadores de paz - Iglesia Adventista del S\u00e9ptimo D\u00eda - Divisi\u00f3n Interamericana","og_description":"El presidente de la Iglesia Adventista del S\u00e9ptimo D\u00eda, Ted N. C. Wilson, ha animado a los adventistas a ser embajadores de reconciliaci\u00f3n y paz en Sud\u00e1n del Sur, en donde un conflicto de todo un a\u00f1o ha causado que dos millones de personas abandonen sus hogares y ha motivado el establecimiento de un programa ADRA de grandes dimensiones.  El Pastor Wilson habl\u00f3 durante una visita de dos d\u00edas al pa\u00eds m\u00e1s joven en el mundo, el cual obtuvo su independencia de Sud\u00e1n en el 2011. El Pastor Wilson se encuentra en una gira por siete pa\u00edses, que comenz\u00f3 en India y Tanzania y continuar\u00e1 en Ruanda el martes.","og_url":"https:\/\/interamerica.org\/es\/2015\/02\/se-insta-a-los-adventistas-en-sudan-a-ser-embajadores-de-paz\/","og_site_name":"Iglesia Adventista del S\u00e9ptimo D\u00eda - Divisi\u00f3n Interamericana","article_published_time":"2015-02-11T04:00:00+00:00","og_image":[{"width":400,"height":316,"url":"https:\/\/interamerica.org\/wp-content\/uploads\/2017\/06\/csm_Screen_Shot_2015-02-11_at_9.56.34_AM_1f2d18f7bf.png","type":"image\/png"}],"author":"Lorenzo Verduzco","twitter_card":"summary_large_image","twitter_misc":{"Escrito por":"Lorenzo Verduzco","Tiempo de lectura":"4 minutos"},"schema":{"@context":"https:\/\/schema.org","@graph":[{"@type":"Article","@id":"https:\/\/interamerica.org\/es\/2015\/02\/se-insta-a-los-adventistas-en-sudan-a-ser-embajadores-de-paz\/#article","isPartOf":{"@id":"https:\/\/interamerica.org\/es\/2015\/02\/se-insta-a-los-adventistas-en-sudan-a-ser-embajadores-de-paz\/"},"author":{"name":"Lorenzo Verduzco","@id":"https:\/\/interamerica.org\/es\/#\/schema\/person\/68ede8bdc292885bb76c1e3810e73c39"},"headline":"Se insta a los adventistas en Sud\u00e1n a ser embajadores de paz","datePublished":"2015-02-11T04:00:00+00:00","mainEntityOfPage":{"@id":"https:\/\/interamerica.org\/es\/2015\/02\/se-insta-a-los-adventistas-en-sudan-a-ser-embajadores-de-paz\/"},"wordCount":846,"image":{"@id":"https:\/\/interamerica.org\/es\/2015\/02\/se-insta-a-los-adventistas-en-sudan-a-ser-embajadores-de-paz\/#primaryimage"},"thumbnailUrl":"https:\/\/interamerica.org\/wp-content\/uploads\/2017\/06\/csm_Screen_Shot_2015-02-11_at_9.56.34_AM_1f2d18f7bf.png","articleSection":["Desde la iglesia mundial","RSS Espa\u00f1ol"],"inLanguage":"es"},{"@type":"WebPage","@id":"https:\/\/interamerica.org\/es\/2015\/02\/se-insta-a-los-adventistas-en-sudan-a-ser-embajadores-de-paz\/","url":"https:\/\/interamerica.org\/es\/2015\/02\/se-insta-a-los-adventistas-en-sudan-a-ser-embajadores-de-paz\/","name":"Se insta a los adventistas en Sud\u00e1n a ser embajadores de paz - Iglesia Adventista del S\u00e9ptimo D\u00eda - Divisi\u00f3n Interamericana","isPartOf":{"@id":"https:\/\/interamerica.org\/es\/#website"},"primaryImageOfPage":{"@id":"https:\/\/interamerica.org\/es\/2015\/02\/se-insta-a-los-adventistas-en-sudan-a-ser-embajadores-de-paz\/#primaryimage"},"image":{"@id":"https:\/\/interamerica.org\/es\/2015\/02\/se-insta-a-los-adventistas-en-sudan-a-ser-embajadores-de-paz\/#primaryimage"},"thumbnailUrl":"https:\/\/interamerica.org\/wp-content\/uploads\/2017\/06\/csm_Screen_Shot_2015-02-11_at_9.56.34_AM_1f2d18f7bf.png","datePublished":"2015-02-11T04:00:00+00:00","author":{"@id":"https:\/\/interamerica.org\/es\/#\/schema\/person\/68ede8bdc292885bb76c1e3810e73c39"},"breadcrumb":{"@id":"https:\/\/interamerica.org\/es\/2015\/02\/se-insta-a-los-adventistas-en-sudan-a-ser-embajadores-de-paz\/#breadcrumb"},"inLanguage":"es","potentialAction":[{"@type":"ReadAction","target":["https:\/\/interamerica.org\/es\/2015\/02\/se-insta-a-los-adventistas-en-sudan-a-ser-embajadores-de-paz\/"]}]},{"@type":"ImageObject","inLanguage":"es","@id":"https:\/\/interamerica.org\/es\/2015\/02\/se-insta-a-los-adventistas-en-sudan-a-ser-embajadores-de-paz\/#primaryimage","url":"https:\/\/interamerica.org\/wp-content\/uploads\/2017\/06\/csm_Screen_Shot_2015-02-11_at_9.56.34_AM_1f2d18f7bf.png","contentUrl":"https:\/\/interamerica.org\/wp-content\/uploads\/2017\/06\/csm_Screen_Shot_2015-02-11_at_9.56.34_AM_1f2d18f7bf.png","width":400,"height":316},{"@type":"BreadcrumbList","@id":"https:\/\/interamerica.org\/es\/2015\/02\/se-insta-a-los-adventistas-en-sudan-a-ser-embajadores-de-paz\/#breadcrumb","itemListElement":[{"@type":"ListItem","position":1,"name":"Home","item":"https:\/\/interamerica.org\/es\/"},{"@type":"ListItem","position":2,"name":"Se insta a los adventistas en Sud\u00e1n a ser embajadores de paz"}]},{"@type":"WebSite","@id":"https:\/\/interamerica.org\/es\/#website","url":"https:\/\/interamerica.org\/es\/","name":"Iglesia Adventista del S\u00e9ptimo D\u00eda - Divisi\u00f3n Interamericana","description":"","potentialAction":[{"@type":"SearchAction","target":{"@type":"EntryPoint","urlTemplate":"https:\/\/interamerica.org\/es\/?s={search_term_string}"},"query-input":{"@type":"PropertyValueSpecification","valueRequired":true,"valueName":"search_term_string"}}],"inLanguage":"es"},{"@type":"Person","@id":"https:\/\/interamerica.org\/es\/#\/schema\/person\/68ede8bdc292885bb76c1e3810e73c39","name":"Lorenzo Verduzco","image":{"@type":"ImageObject","inLanguage":"es","@id":"https:\/\/secure.gravatar.com\/avatar\/fb81a55b6218459490a9c1dc841a34909185b81904c5337b4b27f7a6fd60c49e?s=96&d=mm&r=g","url":"https:\/\/secure.gravatar.com\/avatar\/fb81a55b6218459490a9c1dc841a34909185b81904c5337b4b27f7a6fd60c49e?s=96&d=mm&r=g","contentUrl":"https:\/\/secure.gravatar.com\/avatar\/fb81a55b6218459490a9c1dc841a34909185b81904c5337b4b27f7a6fd60c49e?s=96&d=mm&r=g","caption":"Lorenzo Verduzco"}}]}},"_links":{"self":[{"href":"https:\/\/interamerica.org\/es\/wp-json\/wp\/v2\/posts\/30724","targetHints":{"allow":["GET"]}}],"collection":[{"href":"https:\/\/interamerica.org\/es\/wp-json\/wp\/v2\/posts"}],"about":[{"href":"https:\/\/interamerica.org\/es\/wp-json\/wp\/v2\/types\/post"}],"author":[{"embeddable":true,"href":"https:\/\/interamerica.org\/es\/wp-json\/wp\/v2\/users\/1"}],"replies":[{"embeddable":true,"href":"https:\/\/interamerica.org\/es\/wp-json\/wp\/v2\/comments?post=30724"}],"version-history":[{"count":0,"href":"https:\/\/interamerica.org\/es\/wp-json\/wp\/v2\/posts\/30724\/revisions"}],"wp:featuredmedia":[{"embeddable":true,"href":"https:\/\/interamerica.org\/es\/wp-json\/wp\/v2\/media\/24422"}],"wp:attachment":[{"href":"https:\/\/interamerica.org\/es\/wp-json\/wp\/v2\/media?parent=30724"}],"wp:term":[{"taxonomy":"category","embeddable":true,"href":"https:\/\/interamerica.org\/es\/wp-json\/wp\/v2\/categories?post=30724"},{"taxonomy":"post_tag","embeddable":true,"href":"https:\/\/interamerica.org\/es\/wp-json\/wp\/v2\/tags?post=30724"}],"curies":[{"name":"wp","href":"https:\/\/api.w.org\/{rel}","templated":true}]}}