{"id":30725,"date":"2015-02-12T00:00:00","date_gmt":"2015-02-12T04:00:00","guid":{"rendered":"http:\/\/192.81.217.108\/interamerica\/2015\/02\/gerenta-de-informacion-de-la-iglesia-adventista-pide-a-los-expertos-en-tecnologia-que-imaginen-las-posibilidades\/"},"modified":"2015-02-12T00:00:00","modified_gmt":"2015-02-12T04:00:00","slug":"gerenta-de-informacion-de-la-iglesia-adventista-pide-a-los-expertos-en-tecnologia-que-imaginen-las-posibilidades","status":"publish","type":"post","link":"https:\/\/interamerica.org\/es\/2015\/02\/gerenta-de-informacion-de-la-iglesia-adventista-pide-a-los-expertos-en-tecnologia-que-imaginen-las-posibilidades\/","title":{"rendered":"Gerenta de Informaci\u00f3n de la Iglesia Adventista pide a los expertos en tecnolog\u00eda que \u00abimaginen las posibilidades\u00bb"},"content":{"rendered":"<p>11 de febrero de 2015 | Silver Spring, Maryland, Estados Unidos | Ansel Oliver\/ANN<\/p>\n<div id=\"attachment_15187\" style=\"width: 410px\" class=\"wp-caption alignright\"><a href=\"\/interamerica\/wp-content\/uploads\/2017\/06\/csm_gain-nancy-web_86c2d694fd.jpg\" rel=\"fancybox\" title=\"Gerenta de Informaci\u00f3n de la Iglesia Adventista pide a los expertos en tecnolog\u00eda que \"imaginen las posibilidades\"\"><img fetchpriority=\"high\" decoding=\"async\" aria-describedby=\"caption-attachment-15187\" class=\"size-full wp-image-15187\" src=\"\/interamerica\/wp-content\/uploads\/2017\/06\/csm_gain-nancy-web_86c2d694fd.jpg\" alt=\"\" width=\"400\" height=\"266\" \/><\/a><p id=\"caption-attachment-15187\" class=\"wp-caption-text\">Nancy Lamoreaux, Gerenta de Informaci\u00f3n de la Iglesia Adventista, presenta el mensaje inicial en la apertura de la conferencia de este a\u00f1o de la Red Adventista Global de Internet el mi\u00e9rcoles 11 de febrero. El foro se est\u00e1 llevando a cabo en l\u00ednea. Imagen de ANN<\/p><\/div>\n<p>La Gerenta de Informaci\u00f3n de la Iglesia Adventista, Nancy Lamoreaux, inaugur\u00f3 hoy la conferencia anual de tecnolog\u00eda de la denominaci\u00f3n preguntando de qu\u00e9 manera la iglesia y sus miembros planean seguir adoptando la tecnolog\u00eda para esparcir el evangelio.<\/p>\n<p>Esa pregunta buscar\u00e1 ser respondida en los pr\u00f3ximos d\u00edas por expertos que hablar\u00e1n de la implementaci\u00f3n de las tecnolog\u00edas emergentes para la misi\u00f3n y la educaci\u00f3n.<\/p>\n<p>En un mensaje que fue seguido de un panel de discusi\u00f3n, Lamoreaux dijo que Dios hab\u00eda dado a la iglesia \u00abel tremendo don de la tecnolog\u00eda [&#8230;] con la capacidad de conectarse globalmente de maneras que a\u00fan estamos descubriendo\u00bb.<\/p>\n<p>Lamoreaux present\u00f3 sus declaraciones en el mensaje de apertura de la conferencia de la Red Adventista Global de Internet, un foro anual de profesionales y entusiastas adventistas de la tecnolog\u00eda y las comunicaciones.<\/p>\n<p>La conferencia de GAiN de este a\u00f1o se est\u00e1 llevando a cabo en l\u00ednea. Hasta el momento, est\u00e1n participando m\u00e1s de dos mil personas, lo que implica la asistencia m\u00e1s alta en la historia del foro.<\/p>\n<p>Lamoreaux implor\u00f3 a su audiencia a que \u00abimaginen las posibilidades\u00bb del futuro. Predijo que en cinco a\u00f1os habr\u00e1 una \u00abInternet de todo\u00bb, afirmando que la tecnolog\u00eda pronto podr\u00eda incluir cargadores inal\u00e1mbricos, bioimpresiones en 3D que crear\u00e1n ri\u00f1ones y otros \u00f3rganos de remplazo, y m\u00e1s de cincuenta mil millones de dispositivos conectados a Internet.<\/p>\n<p>No obstante, el mensaje subyacente de su discurso y, en efecto, de toda la conferencia, destaca el contacto personal y la transformaci\u00f3n de otras vidas.<\/p>\n<p>Lamoreaux comenz\u00f3 refiri\u00e9ndose al ejemplo de la historia b\u00edblica del encuentro de Jes\u00fas con una mujer samaritana en un pozo de agua, la que fue, destac\u00f3 ella, el di\u00e1logo m\u00e1s extenso registrado de Cristo. El relato, del evangelio de Juan, nos cuenta de qu\u00e9 manera la mujer lleg\u00f3 a ser una inesperada disc\u00edpula despu\u00e9s de esa conversaci\u00f3n con Cristo.<\/p>\n<p>\u00ab\u00bfC\u00f3mo vamos a usar nosotros, como evangelistas de la tecnolog\u00eda, la \u00abInternet del Todo\u00bb para conectar, colaborar y cambiar al encontrarnos con \u00abla mujer junto al pozo\u00bb?, concluy\u00f3 Lamoreaux.<\/p>\n<p>La gerenta dio entonces un anticipo de otras presentaciones, que incluyen un sistema de distribuci\u00f3n de tecnolog\u00eda que ahora est\u00e1 siendo desarrollado por la Divisi\u00f3n Norteamericana de la denominaci\u00f3n.<\/p>\n<p>En un panel de discusi\u00f3n que sigui\u00f3 al mensaje de Lamoreaux, Ron Vyhmeister, vicerrector asistente de administraci\u00f3n financiera en la Universidad Adventista de \u00c1frica, dijo que la iglesia de la regi\u00f3n de \u00c1frica Centro Oriental tambi\u00e9n estaba implementando un sistema de distribuci\u00f3n en educaci\u00f3n para los l\u00edderes de la regi\u00f3n.<\/p>\n<p>Vyhmeister y DP Harris, vicerrector de sistemas de informaci\u00f3n de la Universidad de Loma Linda, en los Estados Unidos, acompa\u00f1aron a Lamoreaux para la discusi\u00f3n del panel.<\/p>\n<p>El tr\u00edo \u00a0analiz\u00f3 los tel\u00e9fonos celulares, en particular en Kenia, donde hay m\u00e1s tel\u00e9fonos celulares que habitantes. El pago a trav\u00e9s del tel\u00e9fono se ha vuelto com\u00fan en Kenia, destac\u00f3 Vyhmeister. Y cit\u00f3 a Bill Gates, fundador de Microsoft, quien esta semana coment\u00f3 que la pr\u00e1ctica a\u00fan tiene que ser adoptada por los pa\u00edses desarrollados.<\/p>\n<p>Los participantes formularon preguntas a trav\u00e9s de canales de medios sociales, con temas que abarcaron desde la telefon\u00eda inteligente en la iglesia hasta el uso de Internet para alcanzar a diversas comunidades culturales.<\/p>\n<p>Harris dijo que los tel\u00e9fonos inteligentes pueden ofrecer una experiencia eclesi\u00e1stica especial, al permitir que los asistentes publiquen notas sobre el serm\u00f3n en cuentas de medios sociales, pero advirti\u00f3 que la tecnolog\u00eda solo deber\u00eda ser usada en la iglesia cuando no implique una distracci\u00f3n.<\/p>\n<p>Vyhmeister dijo que Internet puede ser usada para alcanzar a una comunidad cultural espec\u00edfica, al ponerla en contacto con los recursos ya existentes que tiene la Iglesia Adventista. A\u00f1adi\u00f3 asimismo que a menudo es \u00fatil buscar en primer lugar a alguien de esa cultura, que pueda hacer las veces de gu\u00eda para el ministerio dentro de ese grupo.<\/p>\n<p>La conferencia de la GAiN se extender\u00e1 hasta el domingo 15 de febrero. Las presentaciones y discusiones en vivo son llevadas a cabo tres veces al d\u00eda para adaptarse a los participantes de diversos husos horarios. Si desea registrarse y participar en este evento gratuito, visite\u00a0<a href=\"http:\/\/gain.adventist.org\/\">gain.adventist.org<\/a>.<\/p>\n<p><em>Traducci\u00f3n de Marcos Paseggi<\/em><\/p>\n","protected":false},"excerpt":{"rendered":"<p>La Gerenta de Informaci\u00f3n de la Iglesia Adventista, Nancy Lamoreaux, inaugur\u00f3 hoy la conferencia anual de tecnolog\u00eda de la denominaci\u00f3n preguntando de qu\u00e9 manera la iglesia y sus miembros planean seguir adoptando la tecnolog\u00eda para esparcir el evangelio. <\/p>\n<p>Esa pregunta buscar\u00e1 ser respondida en los pr\u00f3ximos d\u00edas por expertos que hablar\u00e1n de la implementaci\u00f3n de las tecnolog\u00edas emergentes para la misi\u00f3n y la educaci\u00f3n.<\/p>\n","protected":false},"author":1,"featured_media":24430,"comment_status":"closed","ping_status":"closed","sticky":false,"template":"","format":"standard","meta":{"_acf_changed":false,"footnotes":""},"categories":[14,15],"tags":[],"class_list":["post-30725","post","type-post","status-publish","format-standard","has-post-thumbnail","hentry","category-de-la-iglesia-mundial","category-rss-espanol"],"acf":[],"yoast_head":"<!-- This site is optimized with the Yoast SEO plugin v27.3 - https:\/\/yoast.com\/product\/yoast-seo-wordpress\/ -->\n<title>Gerenta de Informaci\u00f3n de la Iglesia Adventista pide a los expertos en tecnolog\u00eda que &quot;imaginen las posibilidades&quot; - Iglesia Adventista del S\u00e9ptimo D\u00eda - Divisi\u00f3n Interamericana<\/title>\n<meta name=\"robots\" content=\"index, follow, max-snippet:-1, max-image-preview:large, max-video-preview:-1\" \/>\n<link rel=\"canonical\" href=\"https:\/\/interamerica.org\/es\/2015\/02\/gerenta-de-informacion-de-la-iglesia-adventista-pide-a-los-expertos-en-tecnologia-que-imaginen-las-posibilidades\/\" \/>\n<meta property=\"og:locale\" content=\"es_ES\" \/>\n<meta property=\"og:type\" content=\"article\" \/>\n<meta property=\"og:title\" content=\"Gerenta de Informaci\u00f3n de la Iglesia Adventista pide a los expertos en tecnolog\u00eda que &quot;imaginen las posibilidades&quot; - Iglesia Adventista del S\u00e9ptimo D\u00eda - Divisi\u00f3n Interamericana\" \/>\n<meta property=\"og:description\" content=\"La Gerenta de Informaci\u00f3n de la Iglesia Adventista, Nancy Lamoreaux, inaugur\u00f3 hoy la conferencia anual de tecnolog\u00eda de la denominaci\u00f3n preguntando de qu\u00e9 manera la iglesia y sus miembros planean seguir adoptando la tecnolog\u00eda para esparcir el evangelio.  Esa pregunta buscar\u00e1 ser respondida en los pr\u00f3ximos d\u00edas por expertos que hablar\u00e1n de la implementaci\u00f3n de las tecnolog\u00edas emergentes para la misi\u00f3n y la educaci\u00f3n.\" \/>\n<meta property=\"og:url\" content=\"https:\/\/interamerica.org\/es\/2015\/02\/gerenta-de-informacion-de-la-iglesia-adventista-pide-a-los-expertos-en-tecnologia-que-imaginen-las-posibilidades\/\" \/>\n<meta property=\"og:site_name\" content=\"Iglesia Adventista del S\u00e9ptimo D\u00eda - Divisi\u00f3n Interamericana\" \/>\n<meta property=\"article:published_time\" content=\"2015-02-12T04:00:00+00:00\" \/>\n<meta property=\"og:image\" content=\"https:\/\/interamerica.org\/wp-content\/uploads\/2017\/06\/csm_gain-nancy-web_86c2d694fd.jpg\" \/>\n\t<meta property=\"og:image:width\" content=\"400\" \/>\n\t<meta property=\"og:image:height\" content=\"266\" \/>\n\t<meta property=\"og:image:type\" content=\"image\/jpeg\" \/>\n<meta name=\"author\" content=\"Lorenzo Verduzco\" \/>\n<meta name=\"twitter:card\" content=\"summary_large_image\" \/>\n<meta name=\"twitter:label1\" content=\"Escrito por\" \/>\n\t<meta name=\"twitter:data1\" content=\"Lorenzo Verduzco\" \/>\n\t<meta name=\"twitter:label2\" content=\"Tiempo de lectura\" \/>\n\t<meta name=\"twitter:data2\" content=\"4 minutos\" \/>\n<script type=\"application\/ld+json\" class=\"yoast-schema-graph\">{\"@context\":\"https:\\\/\\\/schema.org\",\"@graph\":[{\"@type\":\"Article\",\"@id\":\"https:\\\/\\\/interamerica.org\\\/es\\\/2015\\\/02\\\/gerenta-de-informacion-de-la-iglesia-adventista-pide-a-los-expertos-en-tecnologia-que-imaginen-las-posibilidades\\\/#article\",\"isPartOf\":{\"@id\":\"https:\\\/\\\/interamerica.org\\\/es\\\/2015\\\/02\\\/gerenta-de-informacion-de-la-iglesia-adventista-pide-a-los-expertos-en-tecnologia-que-imaginen-las-posibilidades\\\/\"},\"author\":{\"name\":\"Lorenzo Verduzco\",\"@id\":\"https:\\\/\\\/interamerica.org\\\/es\\\/#\\\/schema\\\/person\\\/68ede8bdc292885bb76c1e3810e73c39\"},\"headline\":\"Gerenta de Informaci\u00f3n de la Iglesia Adventista pide a los expertos en tecnolog\u00eda que \u00abimaginen las posibilidades\u00bb\",\"datePublished\":\"2015-02-12T04:00:00+00:00\",\"mainEntityOfPage\":{\"@id\":\"https:\\\/\\\/interamerica.org\\\/es\\\/2015\\\/02\\\/gerenta-de-informacion-de-la-iglesia-adventista-pide-a-los-expertos-en-tecnologia-que-imaginen-las-posibilidades\\\/\"},\"wordCount\":848,\"image\":{\"@id\":\"https:\\\/\\\/interamerica.org\\\/es\\\/2015\\\/02\\\/gerenta-de-informacion-de-la-iglesia-adventista-pide-a-los-expertos-en-tecnologia-que-imaginen-las-posibilidades\\\/#primaryimage\"},\"thumbnailUrl\":\"https:\\\/\\\/interamerica.org\\\/wp-content\\\/uploads\\\/2017\\\/06\\\/csm_gain-nancy-web_86c2d694fd.jpg\",\"articleSection\":[\"Desde la iglesia mundial\",\"RSS Espa\u00f1ol\"],\"inLanguage\":\"es\"},{\"@type\":\"WebPage\",\"@id\":\"https:\\\/\\\/interamerica.org\\\/es\\\/2015\\\/02\\\/gerenta-de-informacion-de-la-iglesia-adventista-pide-a-los-expertos-en-tecnologia-que-imaginen-las-posibilidades\\\/\",\"url\":\"https:\\\/\\\/interamerica.org\\\/es\\\/2015\\\/02\\\/gerenta-de-informacion-de-la-iglesia-adventista-pide-a-los-expertos-en-tecnologia-que-imaginen-las-posibilidades\\\/\",\"name\":\"Gerenta de Informaci\u00f3n de la Iglesia Adventista pide a los expertos en tecnolog\u00eda que \\\"imaginen las posibilidades\\\" - Iglesia Adventista del S\u00e9ptimo D\u00eda - Divisi\u00f3n Interamericana\",\"isPartOf\":{\"@id\":\"https:\\\/\\\/interamerica.org\\\/es\\\/#website\"},\"primaryImageOfPage\":{\"@id\":\"https:\\\/\\\/interamerica.org\\\/es\\\/2015\\\/02\\\/gerenta-de-informacion-de-la-iglesia-adventista-pide-a-los-expertos-en-tecnologia-que-imaginen-las-posibilidades\\\/#primaryimage\"},\"image\":{\"@id\":\"https:\\\/\\\/interamerica.org\\\/es\\\/2015\\\/02\\\/gerenta-de-informacion-de-la-iglesia-adventista-pide-a-los-expertos-en-tecnologia-que-imaginen-las-posibilidades\\\/#primaryimage\"},\"thumbnailUrl\":\"https:\\\/\\\/interamerica.org\\\/wp-content\\\/uploads\\\/2017\\\/06\\\/csm_gain-nancy-web_86c2d694fd.jpg\",\"datePublished\":\"2015-02-12T04:00:00+00:00\",\"author\":{\"@id\":\"https:\\\/\\\/interamerica.org\\\/es\\\/#\\\/schema\\\/person\\\/68ede8bdc292885bb76c1e3810e73c39\"},\"breadcrumb\":{\"@id\":\"https:\\\/\\\/interamerica.org\\\/es\\\/2015\\\/02\\\/gerenta-de-informacion-de-la-iglesia-adventista-pide-a-los-expertos-en-tecnologia-que-imaginen-las-posibilidades\\\/#breadcrumb\"},\"inLanguage\":\"es\",\"potentialAction\":[{\"@type\":\"ReadAction\",\"target\":[\"https:\\\/\\\/interamerica.org\\\/es\\\/2015\\\/02\\\/gerenta-de-informacion-de-la-iglesia-adventista-pide-a-los-expertos-en-tecnologia-que-imaginen-las-posibilidades\\\/\"]}]},{\"@type\":\"ImageObject\",\"inLanguage\":\"es\",\"@id\":\"https:\\\/\\\/interamerica.org\\\/es\\\/2015\\\/02\\\/gerenta-de-informacion-de-la-iglesia-adventista-pide-a-los-expertos-en-tecnologia-que-imaginen-las-posibilidades\\\/#primaryimage\",\"url\":\"https:\\\/\\\/interamerica.org\\\/wp-content\\\/uploads\\\/2017\\\/06\\\/csm_gain-nancy-web_86c2d694fd.jpg\",\"contentUrl\":\"https:\\\/\\\/interamerica.org\\\/wp-content\\\/uploads\\\/2017\\\/06\\\/csm_gain-nancy-web_86c2d694fd.jpg\",\"width\":400,\"height\":266},{\"@type\":\"BreadcrumbList\",\"@id\":\"https:\\\/\\\/interamerica.org\\\/es\\\/2015\\\/02\\\/gerenta-de-informacion-de-la-iglesia-adventista-pide-a-los-expertos-en-tecnologia-que-imaginen-las-posibilidades\\\/#breadcrumb\",\"itemListElement\":[{\"@type\":\"ListItem\",\"position\":1,\"name\":\"Home\",\"item\":\"https:\\\/\\\/interamerica.org\\\/es\\\/\"},{\"@type\":\"ListItem\",\"position\":2,\"name\":\"Gerenta de Informaci\u00f3n de la Iglesia Adventista pide a los expertos en tecnolog\u00eda que &#8220;imaginen las posibilidades&#8221;\"}]},{\"@type\":\"WebSite\",\"@id\":\"https:\\\/\\\/interamerica.org\\\/es\\\/#website\",\"url\":\"https:\\\/\\\/interamerica.org\\\/es\\\/\",\"name\":\"Iglesia Adventista del S\u00e9ptimo D\u00eda - Divisi\u00f3n Interamericana\",\"description\":\"\",\"potentialAction\":[{\"@type\":\"SearchAction\",\"target\":{\"@type\":\"EntryPoint\",\"urlTemplate\":\"https:\\\/\\\/interamerica.org\\\/es\\\/?s={search_term_string}\"},\"query-input\":{\"@type\":\"PropertyValueSpecification\",\"valueRequired\":true,\"valueName\":\"search_term_string\"}}],\"inLanguage\":\"es\"},{\"@type\":\"Person\",\"@id\":\"https:\\\/\\\/interamerica.org\\\/es\\\/#\\\/schema\\\/person\\\/68ede8bdc292885bb76c1e3810e73c39\",\"name\":\"Lorenzo Verduzco\",\"image\":{\"@type\":\"ImageObject\",\"inLanguage\":\"es\",\"@id\":\"https:\\\/\\\/secure.gravatar.com\\\/avatar\\\/fb81a55b6218459490a9c1dc841a34909185b81904c5337b4b27f7a6fd60c49e?s=96&d=mm&r=g\",\"url\":\"https:\\\/\\\/secure.gravatar.com\\\/avatar\\\/fb81a55b6218459490a9c1dc841a34909185b81904c5337b4b27f7a6fd60c49e?s=96&d=mm&r=g\",\"contentUrl\":\"https:\\\/\\\/secure.gravatar.com\\\/avatar\\\/fb81a55b6218459490a9c1dc841a34909185b81904c5337b4b27f7a6fd60c49e?s=96&d=mm&r=g\",\"caption\":\"Lorenzo Verduzco\"}}]}<\/script>\n<!-- \/ Yoast SEO plugin. -->","yoast_head_json":{"title":"Gerenta de Informaci\u00f3n de la Iglesia Adventista pide a los expertos en tecnolog\u00eda que \"imaginen las posibilidades\" - Iglesia Adventista del S\u00e9ptimo D\u00eda - Divisi\u00f3n Interamericana","robots":{"index":"index","follow":"follow","max-snippet":"max-snippet:-1","max-image-preview":"max-image-preview:large","max-video-preview":"max-video-preview:-1"},"canonical":"https:\/\/interamerica.org\/es\/2015\/02\/gerenta-de-informacion-de-la-iglesia-adventista-pide-a-los-expertos-en-tecnologia-que-imaginen-las-posibilidades\/","og_locale":"es_ES","og_type":"article","og_title":"Gerenta de Informaci\u00f3n de la Iglesia Adventista pide a los expertos en tecnolog\u00eda que \"imaginen las posibilidades\" - Iglesia Adventista del S\u00e9ptimo D\u00eda - Divisi\u00f3n Interamericana","og_description":"La Gerenta de Informaci\u00f3n de la Iglesia Adventista, Nancy Lamoreaux, inaugur\u00f3 hoy la conferencia anual de tecnolog\u00eda de la denominaci\u00f3n preguntando de qu\u00e9 manera la iglesia y sus miembros planean seguir adoptando la tecnolog\u00eda para esparcir el evangelio.  Esa pregunta buscar\u00e1 ser respondida en los pr\u00f3ximos d\u00edas por expertos que hablar\u00e1n de la implementaci\u00f3n de las tecnolog\u00edas emergentes para la misi\u00f3n y la educaci\u00f3n.","og_url":"https:\/\/interamerica.org\/es\/2015\/02\/gerenta-de-informacion-de-la-iglesia-adventista-pide-a-los-expertos-en-tecnologia-que-imaginen-las-posibilidades\/","og_site_name":"Iglesia Adventista del S\u00e9ptimo D\u00eda - Divisi\u00f3n Interamericana","article_published_time":"2015-02-12T04:00:00+00:00","og_image":[{"width":400,"height":266,"url":"https:\/\/interamerica.org\/wp-content\/uploads\/2017\/06\/csm_gain-nancy-web_86c2d694fd.jpg","type":"image\/jpeg"}],"author":"Lorenzo Verduzco","twitter_card":"summary_large_image","twitter_misc":{"Escrito por":"Lorenzo Verduzco","Tiempo de lectura":"4 minutos"},"schema":{"@context":"https:\/\/schema.org","@graph":[{"@type":"Article","@id":"https:\/\/interamerica.org\/es\/2015\/02\/gerenta-de-informacion-de-la-iglesia-adventista-pide-a-los-expertos-en-tecnologia-que-imaginen-las-posibilidades\/#article","isPartOf":{"@id":"https:\/\/interamerica.org\/es\/2015\/02\/gerenta-de-informacion-de-la-iglesia-adventista-pide-a-los-expertos-en-tecnologia-que-imaginen-las-posibilidades\/"},"author":{"name":"Lorenzo Verduzco","@id":"https:\/\/interamerica.org\/es\/#\/schema\/person\/68ede8bdc292885bb76c1e3810e73c39"},"headline":"Gerenta de Informaci\u00f3n de la Iglesia Adventista pide a los expertos en tecnolog\u00eda que \u00abimaginen las posibilidades\u00bb","datePublished":"2015-02-12T04:00:00+00:00","mainEntityOfPage":{"@id":"https:\/\/interamerica.org\/es\/2015\/02\/gerenta-de-informacion-de-la-iglesia-adventista-pide-a-los-expertos-en-tecnologia-que-imaginen-las-posibilidades\/"},"wordCount":848,"image":{"@id":"https:\/\/interamerica.org\/es\/2015\/02\/gerenta-de-informacion-de-la-iglesia-adventista-pide-a-los-expertos-en-tecnologia-que-imaginen-las-posibilidades\/#primaryimage"},"thumbnailUrl":"https:\/\/interamerica.org\/wp-content\/uploads\/2017\/06\/csm_gain-nancy-web_86c2d694fd.jpg","articleSection":["Desde la iglesia mundial","RSS Espa\u00f1ol"],"inLanguage":"es"},{"@type":"WebPage","@id":"https:\/\/interamerica.org\/es\/2015\/02\/gerenta-de-informacion-de-la-iglesia-adventista-pide-a-los-expertos-en-tecnologia-que-imaginen-las-posibilidades\/","url":"https:\/\/interamerica.org\/es\/2015\/02\/gerenta-de-informacion-de-la-iglesia-adventista-pide-a-los-expertos-en-tecnologia-que-imaginen-las-posibilidades\/","name":"Gerenta de Informaci\u00f3n de la Iglesia Adventista pide a los expertos en tecnolog\u00eda que \"imaginen las posibilidades\" - Iglesia Adventista del S\u00e9ptimo D\u00eda - Divisi\u00f3n Interamericana","isPartOf":{"@id":"https:\/\/interamerica.org\/es\/#website"},"primaryImageOfPage":{"@id":"https:\/\/interamerica.org\/es\/2015\/02\/gerenta-de-informacion-de-la-iglesia-adventista-pide-a-los-expertos-en-tecnologia-que-imaginen-las-posibilidades\/#primaryimage"},"image":{"@id":"https:\/\/interamerica.org\/es\/2015\/02\/gerenta-de-informacion-de-la-iglesia-adventista-pide-a-los-expertos-en-tecnologia-que-imaginen-las-posibilidades\/#primaryimage"},"thumbnailUrl":"https:\/\/interamerica.org\/wp-content\/uploads\/2017\/06\/csm_gain-nancy-web_86c2d694fd.jpg","datePublished":"2015-02-12T04:00:00+00:00","author":{"@id":"https:\/\/interamerica.org\/es\/#\/schema\/person\/68ede8bdc292885bb76c1e3810e73c39"},"breadcrumb":{"@id":"https:\/\/interamerica.org\/es\/2015\/02\/gerenta-de-informacion-de-la-iglesia-adventista-pide-a-los-expertos-en-tecnologia-que-imaginen-las-posibilidades\/#breadcrumb"},"inLanguage":"es","potentialAction":[{"@type":"ReadAction","target":["https:\/\/interamerica.org\/es\/2015\/02\/gerenta-de-informacion-de-la-iglesia-adventista-pide-a-los-expertos-en-tecnologia-que-imaginen-las-posibilidades\/"]}]},{"@type":"ImageObject","inLanguage":"es","@id":"https:\/\/interamerica.org\/es\/2015\/02\/gerenta-de-informacion-de-la-iglesia-adventista-pide-a-los-expertos-en-tecnologia-que-imaginen-las-posibilidades\/#primaryimage","url":"https:\/\/interamerica.org\/wp-content\/uploads\/2017\/06\/csm_gain-nancy-web_86c2d694fd.jpg","contentUrl":"https:\/\/interamerica.org\/wp-content\/uploads\/2017\/06\/csm_gain-nancy-web_86c2d694fd.jpg","width":400,"height":266},{"@type":"BreadcrumbList","@id":"https:\/\/interamerica.org\/es\/2015\/02\/gerenta-de-informacion-de-la-iglesia-adventista-pide-a-los-expertos-en-tecnologia-que-imaginen-las-posibilidades\/#breadcrumb","itemListElement":[{"@type":"ListItem","position":1,"name":"Home","item":"https:\/\/interamerica.org\/es\/"},{"@type":"ListItem","position":2,"name":"Gerenta de Informaci\u00f3n de la Iglesia Adventista pide a los expertos en tecnolog\u00eda que &#8220;imaginen las posibilidades&#8221;"}]},{"@type":"WebSite","@id":"https:\/\/interamerica.org\/es\/#website","url":"https:\/\/interamerica.org\/es\/","name":"Iglesia Adventista del S\u00e9ptimo D\u00eda - Divisi\u00f3n Interamericana","description":"","potentialAction":[{"@type":"SearchAction","target":{"@type":"EntryPoint","urlTemplate":"https:\/\/interamerica.org\/es\/?s={search_term_string}"},"query-input":{"@type":"PropertyValueSpecification","valueRequired":true,"valueName":"search_term_string"}}],"inLanguage":"es"},{"@type":"Person","@id":"https:\/\/interamerica.org\/es\/#\/schema\/person\/68ede8bdc292885bb76c1e3810e73c39","name":"Lorenzo Verduzco","image":{"@type":"ImageObject","inLanguage":"es","@id":"https:\/\/secure.gravatar.com\/avatar\/fb81a55b6218459490a9c1dc841a34909185b81904c5337b4b27f7a6fd60c49e?s=96&d=mm&r=g","url":"https:\/\/secure.gravatar.com\/avatar\/fb81a55b6218459490a9c1dc841a34909185b81904c5337b4b27f7a6fd60c49e?s=96&d=mm&r=g","contentUrl":"https:\/\/secure.gravatar.com\/avatar\/fb81a55b6218459490a9c1dc841a34909185b81904c5337b4b27f7a6fd60c49e?s=96&d=mm&r=g","caption":"Lorenzo Verduzco"}}]}},"_links":{"self":[{"href":"https:\/\/interamerica.org\/es\/wp-json\/wp\/v2\/posts\/30725","targetHints":{"allow":["GET"]}}],"collection":[{"href":"https:\/\/interamerica.org\/es\/wp-json\/wp\/v2\/posts"}],"about":[{"href":"https:\/\/interamerica.org\/es\/wp-json\/wp\/v2\/types\/post"}],"author":[{"embeddable":true,"href":"https:\/\/interamerica.org\/es\/wp-json\/wp\/v2\/users\/1"}],"replies":[{"embeddable":true,"href":"https:\/\/interamerica.org\/es\/wp-json\/wp\/v2\/comments?post=30725"}],"version-history":[{"count":0,"href":"https:\/\/interamerica.org\/es\/wp-json\/wp\/v2\/posts\/30725\/revisions"}],"wp:featuredmedia":[{"embeddable":true,"href":"https:\/\/interamerica.org\/es\/wp-json\/wp\/v2\/media\/24430"}],"wp:attachment":[{"href":"https:\/\/interamerica.org\/es\/wp-json\/wp\/v2\/media?parent=30725"}],"wp:term":[{"taxonomy":"category","embeddable":true,"href":"https:\/\/interamerica.org\/es\/wp-json\/wp\/v2\/categories?post=30725"},{"taxonomy":"post_tag","embeddable":true,"href":"https:\/\/interamerica.org\/es\/wp-json\/wp\/v2\/tags?post=30725"}],"curies":[{"name":"wp","href":"https:\/\/api.w.org\/{rel}","templated":true}]}}