{"id":30726,"date":"2015-02-12T00:00:00","date_gmt":"2015-02-12T04:00:00","guid":{"rendered":"http:\/\/192.81.217.108\/interamerica\/2015\/02\/el-primer-ministro-de-ruanda-elogia-la-educacion-adventista\/"},"modified":"2015-02-12T00:00:00","modified_gmt":"2015-02-12T04:00:00","slug":"el-primer-ministro-de-ruanda-elogia-la-educacion-adventista","status":"publish","type":"post","link":"https:\/\/interamerica.org\/es\/2015\/02\/el-primer-ministro-de-ruanda-elogia-la-educacion-adventista\/","title":{"rendered":"El primer ministro de Ruanda elogia la educaci\u00f3n adventista"},"content":{"rendered":"<p>11 de febrero de 2015 | Kigali, Ruanda | Steven Bina \u2013 ECD &#8211; ANN<\/p>\n<div id=\"attachment_15184\" style=\"width: 410px\" class=\"wp-caption alignright\"><a href=\"\/interamerica\/wp-content\/uploads\/2017\/06\/csm_rwanda-snt-web_93e23d6ad3.jpg\" rel=\"fancybox\" title=\"El primer ministro de Ruanda elogia la educaci\u00f3n adventista\"><img fetchpriority=\"high\" decoding=\"async\" aria-describedby=\"caption-attachment-15184\" class=\"size-full wp-image-15184\" src=\"\/interamerica\/wp-content\/uploads\/2017\/06\/csm_rwanda-snt-web_93e23d6ad3.jpg\" alt=\"\" width=\"400\" height=\"300\" \/><\/a><p id=\"caption-attachment-15184\" class=\"wp-caption-text\">La Universidad Adventista Africana Central se encuentra en Kigali, Ruanda. Imagen por Steven Bina<\/p><\/div>\n<p>El primer ministro de Ruanda elogi\u00f3 hoy a la Iglesia Adventista del S\u00e9ptimo D\u00eda por su compromiso hacia la educaci\u00f3n, durante una ceremonia para dedicar un nuevo centro de ciencia y tecnolog\u00eda en la universidad de la denominaci\u00f3n en esta naci\u00f3n del centro de \u00c1frica.<\/p>\n<p>Anastase Murekezi prometi\u00f3 el apoyo continuo del gobierno a esta instituci\u00f3n en presencia de dirigentes y patrocinadores de la Universidad Adventista Africana Central, en Kigali.<\/p>\n<p>El Ministro Murekezi dijo que dirig\u00eda estas palabras a nombre del Presidente Paul Kagame, y a\u00f1adi\u00f3 que el gobierno deseaba continuar siendo socio de la escuela al proveerle proyectos de infraestructura y servicios de seguridad. El gobierno previamente paviment\u00f3 una carretera de dos kil\u00f3metros conducente a la instituci\u00f3n.<\/p>\n<p>\u201cLas comunidades religiosas en Ruanda juegan un papel importante en el sector social; y la Iglesia Adventista del S\u00e9ptimo D\u00eda no es una excepci\u00f3n\u201d, le dijo al grupo presente<\/p>\n<p>El Sr. Murekezi dijo que el Presidente Kagame apreciaba la larga trayectoria hist\u00f3rica de esta universidad en Ruanda. La escuela se estableci\u00f3 en 1984 y es una de las m\u00e1s antiguas universidades privadas en Ruanda.<\/p>\n<p>A la ceremonia asisti\u00f3 tambi\u00e9n el presidente de la Iglesia Adventista, Ted N. C. Wilson, quien se encuentra en una gira por siete pa\u00edses en esa regi\u00f3n.<\/p>\n<p>El Pastor Wilson dijo que los adventistas en todo el mundo creen en la educaci\u00f3n por causa del ministerio de nuestro Se\u00f1or Jesucristo.<\/p>\n<p>\u201cCristo ministr\u00f3 en favor de las personas f\u00edsica, mental, social y espiritualmente y esa es la raz\u00f3n por la que tenemos instituciones educativas como una de las cuatro facetas de nuestra obra\u201d, dijo a la multitud reunida.<\/p>\n<p>\u201cEs un gran privilegio el poder ser capaces de ofrecer a las personas una compresi\u00f3n acerca de c\u00f3mo existir en la vida\u201d, dijo el Pastor Wilson, para introducir su alusi\u00f3n a la cofundadora de la Iglesia Adventista, Elena G. White. \u201cDe hecho, creemos en lo dicho por inspiraci\u00f3n, por una distinguida escritora por quien guardamos gran respeto: Que el fundamento de la verdadera educaci\u00f3n es el conocimiento de Dios\u201d.<\/p>\n<p>Un miembro del Ministerio de Educaci\u00f3n del pa\u00eds se dirigi\u00f3 tambi\u00e9n al grupo, se\u00f1alando tres formas en que el gobierno puede colaborar con esta instituci\u00f3n: desarrollo de personal docente, habilidades t\u00e9cnicas intermediarias y promoci\u00f3n de educaci\u00f3n para mujeres. M\u00e1s de la mitad de los alumnos de esta universidad son mujeres.<\/p>\n<p>Hay aproximadamente unos 4,000 estudiantes que asisten a esta universidad. Los dirigentes de la misma dijeron que tiene capacidad para 6,000 estudiantes, lo cual representa m\u00e1s de tres veces tanto, el n\u00famero de estudiantes que graduaron entre 1963 y 1994 de una universidad nacional que exist\u00eda entonces.<\/p>\n<p>Los dirigentes de la universidad dijeron tambi\u00e9n que est\u00e1n en las etapas preliminares de planificaci\u00f3n de una escuela de medicina.<\/p>\n<p>Asisti\u00f3 tambi\u00e9n a la ceremonia de hoy Matthew Bediako, ex secretario de la iglesia mundial adventista y ahora ministro jubilado. El Pastor Bediako tuvo la oraci\u00f3n final al concluir la ceremonia.<\/p>\n<p>Hay m\u00e1s de 580,000 adventistas en Ruanda, de acuerdo con la publicaci\u00f3n Adventist Yearbook.<\/p>\n<p>Traducci\u00f3n por Gloria A. Castrej\u00f3n<\/p>\n","protected":false},"excerpt":{"rendered":"<p>El primer ministro de Ruanda elogi\u00f3 hoy a la Iglesia Adventista del S\u00e9ptimo D\u00eda por su compromiso hacia la educaci\u00f3n, durante una ceremonia para dedicar un nuevo centro de ciencia y tecnolog\u00eda en la universidad de la denominaci\u00f3n en esta naci\u00f3n del centro de \u00c1frica. <\/p>\n<p>Anastase Murekezi prometi\u00f3 el apoyo continuo del gobierno a esta instituci\u00f3n en presencia de dirigentes y patrocinadores de la Universidad Adventista Africana Central, en Kigali.<\/p>\n","protected":false},"author":1,"featured_media":24426,"comment_status":"closed","ping_status":"closed","sticky":false,"template":"","format":"standard","meta":{"_acf_changed":false,"footnotes":""},"categories":[14,15],"tags":[],"class_list":["post-30726","post","type-post","status-publish","format-standard","has-post-thumbnail","hentry","category-de-la-iglesia-mundial","category-rss-espanol"],"acf":[],"yoast_head":"<!-- This site is optimized with the Yoast SEO plugin v27.3 - https:\/\/yoast.com\/product\/yoast-seo-wordpress\/ -->\n<title>El primer ministro de Ruanda elogia la educaci\u00f3n adventista - Iglesia Adventista del S\u00e9ptimo D\u00eda - Divisi\u00f3n Interamericana<\/title>\n<meta name=\"robots\" content=\"index, follow, max-snippet:-1, max-image-preview:large, max-video-preview:-1\" \/>\n<link rel=\"canonical\" href=\"https:\/\/interamerica.org\/es\/2015\/02\/el-primer-ministro-de-ruanda-elogia-la-educacion-adventista\/\" \/>\n<meta property=\"og:locale\" content=\"es_ES\" \/>\n<meta property=\"og:type\" content=\"article\" \/>\n<meta property=\"og:title\" content=\"El primer ministro de Ruanda elogia la educaci\u00f3n adventista - Iglesia Adventista del S\u00e9ptimo D\u00eda - Divisi\u00f3n Interamericana\" \/>\n<meta property=\"og:description\" content=\"El primer ministro de Ruanda elogi\u00f3 hoy a la Iglesia Adventista del S\u00e9ptimo D\u00eda por su compromiso hacia la educaci\u00f3n, durante una ceremonia para dedicar un nuevo centro de ciencia y tecnolog\u00eda en la universidad de la denominaci\u00f3n en esta naci\u00f3n del centro de \u00c1frica.  Anastase Murekezi prometi\u00f3 el apoyo continuo del gobierno a esta instituci\u00f3n en presencia de dirigentes y patrocinadores de la Universidad Adventista Africana Central, en Kigali.\" \/>\n<meta property=\"og:url\" content=\"https:\/\/interamerica.org\/es\/2015\/02\/el-primer-ministro-de-ruanda-elogia-la-educacion-adventista\/\" \/>\n<meta property=\"og:site_name\" content=\"Iglesia Adventista del S\u00e9ptimo D\u00eda - Divisi\u00f3n Interamericana\" \/>\n<meta property=\"article:published_time\" content=\"2015-02-12T04:00:00+00:00\" \/>\n<meta property=\"og:image\" content=\"https:\/\/interamerica.org\/wp-content\/uploads\/2017\/06\/csm_rwanda-snt-web_93e23d6ad3.jpg\" \/>\n\t<meta property=\"og:image:width\" content=\"400\" \/>\n\t<meta property=\"og:image:height\" content=\"300\" \/>\n\t<meta property=\"og:image:type\" content=\"image\/jpeg\" \/>\n<meta name=\"author\" content=\"Lorenzo Verduzco\" \/>\n<meta name=\"twitter:card\" content=\"summary_large_image\" \/>\n<meta name=\"twitter:label1\" content=\"Escrito por\" \/>\n\t<meta name=\"twitter:data1\" content=\"Lorenzo Verduzco\" \/>\n\t<meta name=\"twitter:label2\" content=\"Tiempo de lectura\" \/>\n\t<meta name=\"twitter:data2\" content=\"3 minutos\" \/>\n<script type=\"application\/ld+json\" class=\"yoast-schema-graph\">{\"@context\":\"https:\\\/\\\/schema.org\",\"@graph\":[{\"@type\":\"Article\",\"@id\":\"https:\\\/\\\/interamerica.org\\\/es\\\/2015\\\/02\\\/el-primer-ministro-de-ruanda-elogia-la-educacion-adventista\\\/#article\",\"isPartOf\":{\"@id\":\"https:\\\/\\\/interamerica.org\\\/es\\\/2015\\\/02\\\/el-primer-ministro-de-ruanda-elogia-la-educacion-adventista\\\/\"},\"author\":{\"name\":\"Lorenzo Verduzco\",\"@id\":\"https:\\\/\\\/interamerica.org\\\/es\\\/#\\\/schema\\\/person\\\/68ede8bdc292885bb76c1e3810e73c39\"},\"headline\":\"El primer ministro de Ruanda elogia la educaci\u00f3n adventista\",\"datePublished\":\"2015-02-12T04:00:00+00:00\",\"mainEntityOfPage\":{\"@id\":\"https:\\\/\\\/interamerica.org\\\/es\\\/2015\\\/02\\\/el-primer-ministro-de-ruanda-elogia-la-educacion-adventista\\\/\"},\"wordCount\":589,\"image\":{\"@id\":\"https:\\\/\\\/interamerica.org\\\/es\\\/2015\\\/02\\\/el-primer-ministro-de-ruanda-elogia-la-educacion-adventista\\\/#primaryimage\"},\"thumbnailUrl\":\"https:\\\/\\\/interamerica.org\\\/wp-content\\\/uploads\\\/2017\\\/06\\\/csm_rwanda-snt-web_93e23d6ad3.jpg\",\"articleSection\":[\"Desde la iglesia mundial\",\"RSS Espa\u00f1ol\"],\"inLanguage\":\"es\"},{\"@type\":\"WebPage\",\"@id\":\"https:\\\/\\\/interamerica.org\\\/es\\\/2015\\\/02\\\/el-primer-ministro-de-ruanda-elogia-la-educacion-adventista\\\/\",\"url\":\"https:\\\/\\\/interamerica.org\\\/es\\\/2015\\\/02\\\/el-primer-ministro-de-ruanda-elogia-la-educacion-adventista\\\/\",\"name\":\"El primer ministro de Ruanda elogia la educaci\u00f3n adventista - Iglesia Adventista del S\u00e9ptimo D\u00eda - Divisi\u00f3n Interamericana\",\"isPartOf\":{\"@id\":\"https:\\\/\\\/interamerica.org\\\/es\\\/#website\"},\"primaryImageOfPage\":{\"@id\":\"https:\\\/\\\/interamerica.org\\\/es\\\/2015\\\/02\\\/el-primer-ministro-de-ruanda-elogia-la-educacion-adventista\\\/#primaryimage\"},\"image\":{\"@id\":\"https:\\\/\\\/interamerica.org\\\/es\\\/2015\\\/02\\\/el-primer-ministro-de-ruanda-elogia-la-educacion-adventista\\\/#primaryimage\"},\"thumbnailUrl\":\"https:\\\/\\\/interamerica.org\\\/wp-content\\\/uploads\\\/2017\\\/06\\\/csm_rwanda-snt-web_93e23d6ad3.jpg\",\"datePublished\":\"2015-02-12T04:00:00+00:00\",\"author\":{\"@id\":\"https:\\\/\\\/interamerica.org\\\/es\\\/#\\\/schema\\\/person\\\/68ede8bdc292885bb76c1e3810e73c39\"},\"breadcrumb\":{\"@id\":\"https:\\\/\\\/interamerica.org\\\/es\\\/2015\\\/02\\\/el-primer-ministro-de-ruanda-elogia-la-educacion-adventista\\\/#breadcrumb\"},\"inLanguage\":\"es\",\"potentialAction\":[{\"@type\":\"ReadAction\",\"target\":[\"https:\\\/\\\/interamerica.org\\\/es\\\/2015\\\/02\\\/el-primer-ministro-de-ruanda-elogia-la-educacion-adventista\\\/\"]}]},{\"@type\":\"ImageObject\",\"inLanguage\":\"es\",\"@id\":\"https:\\\/\\\/interamerica.org\\\/es\\\/2015\\\/02\\\/el-primer-ministro-de-ruanda-elogia-la-educacion-adventista\\\/#primaryimage\",\"url\":\"https:\\\/\\\/interamerica.org\\\/wp-content\\\/uploads\\\/2017\\\/06\\\/csm_rwanda-snt-web_93e23d6ad3.jpg\",\"contentUrl\":\"https:\\\/\\\/interamerica.org\\\/wp-content\\\/uploads\\\/2017\\\/06\\\/csm_rwanda-snt-web_93e23d6ad3.jpg\",\"width\":400,\"height\":300},{\"@type\":\"BreadcrumbList\",\"@id\":\"https:\\\/\\\/interamerica.org\\\/es\\\/2015\\\/02\\\/el-primer-ministro-de-ruanda-elogia-la-educacion-adventista\\\/#breadcrumb\",\"itemListElement\":[{\"@type\":\"ListItem\",\"position\":1,\"name\":\"Home\",\"item\":\"https:\\\/\\\/interamerica.org\\\/es\\\/\"},{\"@type\":\"ListItem\",\"position\":2,\"name\":\"El primer ministro de Ruanda elogia la educaci\u00f3n adventista\"}]},{\"@type\":\"WebSite\",\"@id\":\"https:\\\/\\\/interamerica.org\\\/es\\\/#website\",\"url\":\"https:\\\/\\\/interamerica.org\\\/es\\\/\",\"name\":\"Iglesia Adventista del S\u00e9ptimo D\u00eda - Divisi\u00f3n Interamericana\",\"description\":\"\",\"potentialAction\":[{\"@type\":\"SearchAction\",\"target\":{\"@type\":\"EntryPoint\",\"urlTemplate\":\"https:\\\/\\\/interamerica.org\\\/es\\\/?s={search_term_string}\"},\"query-input\":{\"@type\":\"PropertyValueSpecification\",\"valueRequired\":true,\"valueName\":\"search_term_string\"}}],\"inLanguage\":\"es\"},{\"@type\":\"Person\",\"@id\":\"https:\\\/\\\/interamerica.org\\\/es\\\/#\\\/schema\\\/person\\\/68ede8bdc292885bb76c1e3810e73c39\",\"name\":\"Lorenzo Verduzco\",\"image\":{\"@type\":\"ImageObject\",\"inLanguage\":\"es\",\"@id\":\"https:\\\/\\\/secure.gravatar.com\\\/avatar\\\/fb81a55b6218459490a9c1dc841a34909185b81904c5337b4b27f7a6fd60c49e?s=96&d=mm&r=g\",\"url\":\"https:\\\/\\\/secure.gravatar.com\\\/avatar\\\/fb81a55b6218459490a9c1dc841a34909185b81904c5337b4b27f7a6fd60c49e?s=96&d=mm&r=g\",\"contentUrl\":\"https:\\\/\\\/secure.gravatar.com\\\/avatar\\\/fb81a55b6218459490a9c1dc841a34909185b81904c5337b4b27f7a6fd60c49e?s=96&d=mm&r=g\",\"caption\":\"Lorenzo Verduzco\"}}]}<\/script>\n<!-- \/ Yoast SEO plugin. -->","yoast_head_json":{"title":"El primer ministro de Ruanda elogia la educaci\u00f3n adventista - Iglesia Adventista del S\u00e9ptimo D\u00eda - Divisi\u00f3n Interamericana","robots":{"index":"index","follow":"follow","max-snippet":"max-snippet:-1","max-image-preview":"max-image-preview:large","max-video-preview":"max-video-preview:-1"},"canonical":"https:\/\/interamerica.org\/es\/2015\/02\/el-primer-ministro-de-ruanda-elogia-la-educacion-adventista\/","og_locale":"es_ES","og_type":"article","og_title":"El primer ministro de Ruanda elogia la educaci\u00f3n adventista - Iglesia Adventista del S\u00e9ptimo D\u00eda - Divisi\u00f3n Interamericana","og_description":"El primer ministro de Ruanda elogi\u00f3 hoy a la Iglesia Adventista del S\u00e9ptimo D\u00eda por su compromiso hacia la educaci\u00f3n, durante una ceremonia para dedicar un nuevo centro de ciencia y tecnolog\u00eda en la universidad de la denominaci\u00f3n en esta naci\u00f3n del centro de \u00c1frica.  Anastase Murekezi prometi\u00f3 el apoyo continuo del gobierno a esta instituci\u00f3n en presencia de dirigentes y patrocinadores de la Universidad Adventista Africana Central, en Kigali.","og_url":"https:\/\/interamerica.org\/es\/2015\/02\/el-primer-ministro-de-ruanda-elogia-la-educacion-adventista\/","og_site_name":"Iglesia Adventista del S\u00e9ptimo D\u00eda - Divisi\u00f3n Interamericana","article_published_time":"2015-02-12T04:00:00+00:00","og_image":[{"width":400,"height":300,"url":"https:\/\/interamerica.org\/wp-content\/uploads\/2017\/06\/csm_rwanda-snt-web_93e23d6ad3.jpg","type":"image\/jpeg"}],"author":"Lorenzo Verduzco","twitter_card":"summary_large_image","twitter_misc":{"Escrito por":"Lorenzo Verduzco","Tiempo de lectura":"3 minutos"},"schema":{"@context":"https:\/\/schema.org","@graph":[{"@type":"Article","@id":"https:\/\/interamerica.org\/es\/2015\/02\/el-primer-ministro-de-ruanda-elogia-la-educacion-adventista\/#article","isPartOf":{"@id":"https:\/\/interamerica.org\/es\/2015\/02\/el-primer-ministro-de-ruanda-elogia-la-educacion-adventista\/"},"author":{"name":"Lorenzo Verduzco","@id":"https:\/\/interamerica.org\/es\/#\/schema\/person\/68ede8bdc292885bb76c1e3810e73c39"},"headline":"El primer ministro de Ruanda elogia la educaci\u00f3n adventista","datePublished":"2015-02-12T04:00:00+00:00","mainEntityOfPage":{"@id":"https:\/\/interamerica.org\/es\/2015\/02\/el-primer-ministro-de-ruanda-elogia-la-educacion-adventista\/"},"wordCount":589,"image":{"@id":"https:\/\/interamerica.org\/es\/2015\/02\/el-primer-ministro-de-ruanda-elogia-la-educacion-adventista\/#primaryimage"},"thumbnailUrl":"https:\/\/interamerica.org\/wp-content\/uploads\/2017\/06\/csm_rwanda-snt-web_93e23d6ad3.jpg","articleSection":["Desde la iglesia mundial","RSS Espa\u00f1ol"],"inLanguage":"es"},{"@type":"WebPage","@id":"https:\/\/interamerica.org\/es\/2015\/02\/el-primer-ministro-de-ruanda-elogia-la-educacion-adventista\/","url":"https:\/\/interamerica.org\/es\/2015\/02\/el-primer-ministro-de-ruanda-elogia-la-educacion-adventista\/","name":"El primer ministro de Ruanda elogia la educaci\u00f3n adventista - Iglesia Adventista del S\u00e9ptimo D\u00eda - Divisi\u00f3n Interamericana","isPartOf":{"@id":"https:\/\/interamerica.org\/es\/#website"},"primaryImageOfPage":{"@id":"https:\/\/interamerica.org\/es\/2015\/02\/el-primer-ministro-de-ruanda-elogia-la-educacion-adventista\/#primaryimage"},"image":{"@id":"https:\/\/interamerica.org\/es\/2015\/02\/el-primer-ministro-de-ruanda-elogia-la-educacion-adventista\/#primaryimage"},"thumbnailUrl":"https:\/\/interamerica.org\/wp-content\/uploads\/2017\/06\/csm_rwanda-snt-web_93e23d6ad3.jpg","datePublished":"2015-02-12T04:00:00+00:00","author":{"@id":"https:\/\/interamerica.org\/es\/#\/schema\/person\/68ede8bdc292885bb76c1e3810e73c39"},"breadcrumb":{"@id":"https:\/\/interamerica.org\/es\/2015\/02\/el-primer-ministro-de-ruanda-elogia-la-educacion-adventista\/#breadcrumb"},"inLanguage":"es","potentialAction":[{"@type":"ReadAction","target":["https:\/\/interamerica.org\/es\/2015\/02\/el-primer-ministro-de-ruanda-elogia-la-educacion-adventista\/"]}]},{"@type":"ImageObject","inLanguage":"es","@id":"https:\/\/interamerica.org\/es\/2015\/02\/el-primer-ministro-de-ruanda-elogia-la-educacion-adventista\/#primaryimage","url":"https:\/\/interamerica.org\/wp-content\/uploads\/2017\/06\/csm_rwanda-snt-web_93e23d6ad3.jpg","contentUrl":"https:\/\/interamerica.org\/wp-content\/uploads\/2017\/06\/csm_rwanda-snt-web_93e23d6ad3.jpg","width":400,"height":300},{"@type":"BreadcrumbList","@id":"https:\/\/interamerica.org\/es\/2015\/02\/el-primer-ministro-de-ruanda-elogia-la-educacion-adventista\/#breadcrumb","itemListElement":[{"@type":"ListItem","position":1,"name":"Home","item":"https:\/\/interamerica.org\/es\/"},{"@type":"ListItem","position":2,"name":"El primer ministro de Ruanda elogia la educaci\u00f3n adventista"}]},{"@type":"WebSite","@id":"https:\/\/interamerica.org\/es\/#website","url":"https:\/\/interamerica.org\/es\/","name":"Iglesia Adventista del S\u00e9ptimo D\u00eda - Divisi\u00f3n Interamericana","description":"","potentialAction":[{"@type":"SearchAction","target":{"@type":"EntryPoint","urlTemplate":"https:\/\/interamerica.org\/es\/?s={search_term_string}"},"query-input":{"@type":"PropertyValueSpecification","valueRequired":true,"valueName":"search_term_string"}}],"inLanguage":"es"},{"@type":"Person","@id":"https:\/\/interamerica.org\/es\/#\/schema\/person\/68ede8bdc292885bb76c1e3810e73c39","name":"Lorenzo Verduzco","image":{"@type":"ImageObject","inLanguage":"es","@id":"https:\/\/secure.gravatar.com\/avatar\/fb81a55b6218459490a9c1dc841a34909185b81904c5337b4b27f7a6fd60c49e?s=96&d=mm&r=g","url":"https:\/\/secure.gravatar.com\/avatar\/fb81a55b6218459490a9c1dc841a34909185b81904c5337b4b27f7a6fd60c49e?s=96&d=mm&r=g","contentUrl":"https:\/\/secure.gravatar.com\/avatar\/fb81a55b6218459490a9c1dc841a34909185b81904c5337b4b27f7a6fd60c49e?s=96&d=mm&r=g","caption":"Lorenzo Verduzco"}}]}},"_links":{"self":[{"href":"https:\/\/interamerica.org\/es\/wp-json\/wp\/v2\/posts\/30726","targetHints":{"allow":["GET"]}}],"collection":[{"href":"https:\/\/interamerica.org\/es\/wp-json\/wp\/v2\/posts"}],"about":[{"href":"https:\/\/interamerica.org\/es\/wp-json\/wp\/v2\/types\/post"}],"author":[{"embeddable":true,"href":"https:\/\/interamerica.org\/es\/wp-json\/wp\/v2\/users\/1"}],"replies":[{"embeddable":true,"href":"https:\/\/interamerica.org\/es\/wp-json\/wp\/v2\/comments?post=30726"}],"version-history":[{"count":0,"href":"https:\/\/interamerica.org\/es\/wp-json\/wp\/v2\/posts\/30726\/revisions"}],"wp:featuredmedia":[{"embeddable":true,"href":"https:\/\/interamerica.org\/es\/wp-json\/wp\/v2\/media\/24426"}],"wp:attachment":[{"href":"https:\/\/interamerica.org\/es\/wp-json\/wp\/v2\/media?parent=30726"}],"wp:term":[{"taxonomy":"category","embeddable":true,"href":"https:\/\/interamerica.org\/es\/wp-json\/wp\/v2\/categories?post=30726"},{"taxonomy":"post_tag","embeddable":true,"href":"https:\/\/interamerica.org\/es\/wp-json\/wp\/v2\/tags?post=30726"}],"curies":[{"name":"wp","href":"https:\/\/api.w.org\/{rel}","templated":true}]}}