{"id":30735,"date":"2015-02-23T00:00:00","date_gmt":"2015-02-23T04:00:00","guid":{"rendered":"http:\/\/192.81.217.108\/interamerica\/2015\/02\/respuesta-de-la-iglesia-adventista-al-ebola-destaca-la-coordinacion-de-esfuerzos\/"},"modified":"2015-02-23T00:00:00","modified_gmt":"2015-02-23T04:00:00","slug":"respuesta-de-la-iglesia-adventista-al-ebola-destaca-la-coordinacion-de-esfuerzos","status":"publish","type":"post","link":"https:\/\/interamerica.org\/es\/2015\/02\/respuesta-de-la-iglesia-adventista-al-ebola-destaca-la-coordinacion-de-esfuerzos\/","title":{"rendered":"Respuesta de la Iglesia Adventista al \u00c9bola destaca la coordinaci\u00f3n de esfuerzos"},"content":{"rendered":"<p>20 de febrero de 2015 | Silver Spring, Maryland, Estados Unidos | Ansel Oliver\/ANN<\/p>\n<div id=\"attachment_15299\" style=\"width: 410px\" class=\"wp-caption alignright\"><a href=\"\/interamerica\/wp-content\/uploads\/2017\/06\/csm_who-ebola-sierra-web_a2282df8ce.jpg\" rel=\"fancybox\" title=\"Respuesta de la Iglesia Adventista al \u00c9bola destaca la coordinaci\u00f3n de esfuerzos\"><img fetchpriority=\"high\" decoding=\"async\" aria-describedby=\"caption-attachment-15299\" class=\"size-full wp-image-15299\" src=\"\/interamerica\/wp-content\/uploads\/2017\/06\/csm_who-ebola-sierra-web_a2282df8ce.jpg\" alt=\"\" width=\"400\" height=\"325\" \/><\/a><p id=\"caption-attachment-15299\" class=\"wp-caption-text\">\u00abEn el presente, los ni\u00f1os dicen que personas como nosotros somos \u00ab\u00c9bola Bomba\u00bb. Se refiere a una persona que lucha y alcanza la victoria, en este caso contra el \u00c9bola. Lo venceremos\u00bb, dice Prince U. Goma, farmac\u00e9utico del Hospital Adventista de Waterloo en Sierra Leona. Imagen de W. Romeril\/OMS, v\u00eda Facebook<\/p><\/div>\n<p>Los esfuerzos coordinados de la Iglesia Adventista del S\u00e9ptimo D\u00eda ante la crisis del \u00c9bola en \u00c1frica Occidental incluyen proyectos de erradicaci\u00f3n en los pa\u00edses afectados de Liberia y Sierra Leona, as\u00ed como el apoyo de varios hospitales y m\u00e1s de dos decenas de instituciones educativas, la mayor\u00eda de las cuales a\u00fan permanecen cerradas.<\/p>\n<p>El apoyo ha provenido de la red internacional de la denominaci\u00f3n, incluida su sede central, el departamento de Ministerios de Salud, la Universidad de Loma Linda, Adventist Health International, la Agencia de Desarrollo y Recursos Asistenciales, Hope for Humanity, as\u00ed como tambi\u00e9n de instituciones educativas, hospitales, iglesias y donantes individuales.<\/p>\n<p>En diciembre, la Agencia Adventista de Desarrollo y Recursos Asistenciales (ADRA) estableci\u00f3 un cargo para coordinar los esfuerzos para responder al \u00c9bola entre las entidades adventistas de todo el mundo.<\/p>\n<p>\u00abADRA y otras entidades adventistas no han trabajado unidas de esta manera en el pasado, pero en el pasado tampoco se ha producido una crisis como la del \u00c9bola\u00bb, dijo Elizabeth Foulkes, Coordinadora de Respuestas al \u00c9bola de ADRA. \u00abEs obvio que la uni\u00f3n de todos puede lograr mucho m\u00e1s que si trabaja cada uno por su cuenta\u00bb.<\/p>\n<p>\u00abEn particular la Iglesia Adventista, como iglesia global con congregaciones e instituciones en todo el mundo, tiene una cierta ventaja sobre otras [organizaciones no gubernamentales] debido al hecho que en casi todo lugar donde haga falta, ya hay gente que se encuentra en el lugar, ya sea de iglesias, divisiones, uniones, asociaciones, misiones, instituciones educativas, de salud o de ADRA\u00bb, dijo Foulkes.<\/p>\n<p>\u00abLas contribuciones est\u00e1n haciendo una diferencia en el lugar\u00bb, a\u00f1adi\u00f3.<\/p>\n<p>Esta semana, representantes de ADRA Internacional, Adventist Health International y el Equipo de Trauma de Salud Conductual Internacional de la Universidad de Loma Linda se reunieron en Loma Linda, California, Estados Unidos, para analizar de qu\u00e9 manera se puede trabajar mejor para responder a la crisis del \u00c9bola y ante emergencias futuras.<\/p>\n<p><strong>La respuesta cl\u00ednica ofrece atenci\u00f3n a pacientes con \u00c9bola u otras afecciones<\/strong><\/p>\n<p><strong><\/strong>En Sierra Leona, ADRA est\u00e1 coordinando equipos de descontaminaci\u00f3n para rociar las casas y remplazar colchones y ropa de cama infectados en vecindarios de las afueras de Freetown, la capital del pa\u00eds.<\/p>\n<p>El Hospital Adventista Waterloo, de Sierra Leona, sigue operando como un Centro de Tratamiento del \u00c9bola, con el apoyo de la Organizaci\u00f3n Mundial de la Salud y la Brigada M\u00e9dica Cubana, seg\u00fan un reciente Informe de Situaci\u00f3n sobre el \u00c9bola de ADRA.<\/p>\n<p>Waterloo necesita importantes reparaciones de plomer\u00eda debido a los efectos del cloro que se us\u00f3 para desinfectar las instalaciones. El hospital tambi\u00e9n necesita ropas para los pacientes, dado que los pacientes del \u00c9bola tienen que entregar todas sus ropas, que son quemadas. El hospital tambi\u00e9n ha tenido que dar de alta a algunos sobrevivientes del \u00c9bola en batas hospitalarias.<\/p>\n<p>ADRA est\u00e1 preparando una propuesta en borrador para responder a las necesidades de Waterloo.<\/p>\n<p>En Liberia, el Hospital Adventista Cooper cerr\u00f3 el a\u00f1o pasado debido a una cuarentena durante un mes, despu\u00e9s de que dos miembros del personal contrajeran \u00c9bola. Desde entonces, ha reabierto sus puertas, y es uno de los pocos hospitales de la regi\u00f3n que sigue ofreciendo servicios, aunque no como centro de tratamiento del \u00c9bola, dijo Gaede.<\/p>\n<p>Varios m\u00e9dicos voluntarios de los Estados Unidos han prestado sus servicios durante varios meses en la instituci\u00f3n.<\/p>\n<p>ADRA Canad\u00e1 y ADRA Reino Unido est\u00e1n apoyando al Hospital Masanga del distrito de Tonkolili, en Sierra Leona. El hospital est\u00e1 usando tecnolog\u00eda de juegos en realidad virtual para ense\u00f1ar protocolos de seguridad para tratar con el \u00c9bola, tales como el uso de indumentaria de protecci\u00f3n y procedimientos de sepultura.<\/p>\n<p>Casi 23.253 personas han sido infectadas y cerca de 9380 han fallecido por el \u00c9bola desde que comenz\u00f3 el brote en marzo pasado, seg\u00fan un informe actualizado del pasado 18 de febrero de la Organizaci\u00f3n Mundial de la Salud (OMS).<\/p>\n<p>Un representante de la OMS enfatiz\u00f3 la semana pasada que los esfuerzos de contenci\u00f3n de la enfermedad son fundamentales en este pr\u00f3ximo mes para ganarle de mano a la estaci\u00f3n de las lluvias.<\/p>\n<p>\u00abSi no podemos reducir sustancialmente el alcance geogr\u00e1fico de este brote dentro de los pr\u00f3ximos dos meses, antes de que comience la estaci\u00f3n de las lluvias a fines de marzo o abril, nos encontraremos en una situaci\u00f3n particularmente dif\u00edcil\u00bb, escribi\u00f3 Bruce Aylward, representante especial de la OMS para Respuesta al \u00c9bola, en un <a href=\"http:\/\/unfoundationblog.org\/ebola\/and-then-the-rains-came%E2%80%A8\/\">blog de la ONU<\/a>\u00a0la semana pasada.<\/p>\n<p>El \u00c9bola es esparcido por medio del contacto directo con los fluidos corporales y los tejidos de una persona infectada. Seg\u00fan la OMS, los que experimentan mayores riesgos son los que trabajan en salud y los familiares que atienden a alguien infectado con el virus. Los casos fatales van del 25 al 90 por ciento, seg\u00fan sea el tipo de tratamiento que est\u00e9 disponible.<\/p>\n<p>Los l\u00edderes adventistas de salud instaron a los miembros a que no olviden la epidemia latente que a\u00fan causa estragos en \u00c1frica Occidental, a pesar de que ya no est\u00e9 tan presente en las noticias.<\/p>\n<p>\u00abAunque son lugares muy lejanos, el inter\u00e9s continuo en la epidemia de \u00c9bola hace que la gente se una para ayudar a los necesitados\u00bb, dijo Donn Gaede, secretario de Adventist Health International, que supervisa los hospitales de Sierra Leona y Liberia.<\/p>\n<p>ADRA tambi\u00e9n est\u00e1 implementando programas de seguridad alimentaria y otras iniciativas que ayudar\u00e1n a otras personas que se han visto afectadas indirectamente por el \u00c9bola. ADRA se est\u00e1 asociando con el Programa Mundial de Alimentos para distribuir alimentos en varios condados de Liberia.<\/p>\n<p><strong>Escuelas adventistas se preparan para su reapertura<\/strong><\/p>\n<p><strong><\/strong>Muchas instituciones educativas de Liberia reiniciaron sus operaciones el lunes despu\u00e9s de haber estado cerradas siete meses como resultado del virus del \u00c9bola, pero la mayor\u00eda de las escuelas adventistas siguieron cerradas porque carec\u00edan de puestos de lavado y de cloro para la desinfecci\u00f3n.<\/p>\n<p>De las 24 escuelas que tiene la Iglesia Adventista en Liberia, solo una abri\u00f3 sus puertas este lunes, dijo Theresa Dweh Sheriff, directora de educaci\u00f3n de la Asociaci\u00f3n del Sudoeste de Liberia de la Iglesia Adventista, con sede en Monrovia.<\/p>\n<p>Sheriff dijo que las escuelas podr\u00edan volver a abrir sus puertas una vez que tengan los cubos apropiados para la desinfecci\u00f3n, para que los estudiantes se laven las manos al entrar y salir de los salones de clase. El personal tambi\u00e9n tiene que recibir capacitaci\u00f3n sobre medidas de prevenci\u00f3n.<\/p>\n<p>Las escuelas est\u00e1n abriendo de a poco, a medida que se distribuyen los art\u00edculos de desinfecci\u00f3n, se completa la capacitaci\u00f3n y se registra a los estudiantes, dijo Foulkes.<\/p>\n<p>ADRA se ha asegurado financiaci\u00f3n de la coalici\u00f3n asistencial Aktion Deutschland Hilft, de Alemania, para ofrecer y distribuir 115 term\u00f3metros sin contacto y 115 puestos de lavado de manos en las escuelas adventistas, declar\u00f3 el Informe de Situaci\u00f3n de ADRA. El proyecto tambi\u00e9n incluye juegos de art\u00edculos escolares, tales como mochilas y cuadernos, para quinientos estudiantes.<\/p>\n<p>A las 24 escuelas adventistas asisten m\u00e1s de 7600 estudiantes, expres\u00f3.<\/p>\n<p>Sheriff dijo que hasta el noventa por ciento de los estudiantes de muchas de las escuelas de la iglesia no son adventistas.<\/p>\n<p>Las escuelas adventistas pronto tambi\u00e9n recibir\u00e1n un env\u00edo de alimentos de la ONG Stop Hunger Now, que brindar\u00e1 comidas para los estudiantes para aproximadamente dos meses.<\/p>\n<p><strong>Apoyo de grupos de diversas partes del mundo<\/strong><\/p>\n<p><strong><\/strong>Muchas instituciones educativas e iglesias de diversas partes del mundo han llevado a cabo conciertos a beneficio y otros m\u00e9todos de recolecci\u00f3n de fondos para combatir el \u00c9bola. El mes que viene, el club de estilo de vida de una iglesia adventista de Mysen, Noruega, llevar\u00e1 a cabo una marat\u00f3n aer\u00f3bica a beneficio. Se espera que participen hasta cien personas.<\/p>\n<p>\u00ab[El club] tuvo la idea de apoyar a ADRA y solicit\u00f3 un proyecto de salud. En ADRA pensamos inmediatamente en lo que hace ADRA para prevenir el \u00c9bola, y el pr\u00f3ximo proyecto en red que se llevar\u00e1 a cabo en Sierra Leona\u00bb, dijo Britt Celine, directiva de programas de ADRA Noruega.<\/p>\n<p><em>Traducci\u00f3n de Marcos Paseggi<\/em><\/p>\n","protected":false},"excerpt":{"rendered":"<p>Los esfuerzos coordinados de la Iglesia Adventista del S\u00e9ptimo D\u00eda ante la crisis del \u00c9bola en \u00c1frica Occidental incluyen proyectos de erradicaci\u00f3n en los pa\u00edses afectados de Liberia y Sierra Leona, as\u00ed como el apoyo de varios hospitales y m\u00e1s de dos decenas de instituciones educativas, la mayor\u00eda de las cuales a\u00fan permanecen cerradas. <\/p>\n<p>El apoyo ha provenido de la red internacional de la denominaci\u00f3n, incluida su sede central, el departamento de Ministerios de Salud, la Universidad de Loma Linda, Adventist Health International, la Agencia de Desarrollo y Recursos Asistenciales, Hope for Humanity, as\u00ed como tambi\u00e9n de instituciones educativas, hospitales, iglesias y donantes individuales.<\/p>\n","protected":false},"author":1,"featured_media":24455,"comment_status":"closed","ping_status":"closed","sticky":false,"template":"","format":"standard","meta":{"_acf_changed":false,"footnotes":""},"categories":[14,15],"tags":[],"class_list":["post-30735","post","type-post","status-publish","format-standard","has-post-thumbnail","hentry","category-de-la-iglesia-mundial","category-rss-espanol"],"acf":[],"yoast_head":"<!-- This site is optimized with the Yoast SEO plugin v27.3 - https:\/\/yoast.com\/product\/yoast-seo-wordpress\/ -->\n<title>Respuesta de la Iglesia Adventista al \u00c9bola destaca la coordinaci\u00f3n de esfuerzos - Iglesia Adventista del S\u00e9ptimo D\u00eda - Divisi\u00f3n Interamericana<\/title>\n<meta name=\"robots\" content=\"index, follow, max-snippet:-1, max-image-preview:large, max-video-preview:-1\" \/>\n<link rel=\"canonical\" href=\"https:\/\/interamerica.org\/es\/2015\/02\/respuesta-de-la-iglesia-adventista-al-ebola-destaca-la-coordinacion-de-esfuerzos\/\" \/>\n<meta property=\"og:locale\" content=\"es_ES\" \/>\n<meta property=\"og:type\" content=\"article\" \/>\n<meta property=\"og:title\" content=\"Respuesta de la Iglesia Adventista al \u00c9bola destaca la coordinaci\u00f3n de esfuerzos - Iglesia Adventista del S\u00e9ptimo D\u00eda - Divisi\u00f3n Interamericana\" \/>\n<meta property=\"og:description\" content=\"Los esfuerzos coordinados de la Iglesia Adventista del S\u00e9ptimo D\u00eda ante la crisis del \u00c9bola en \u00c1frica Occidental incluyen proyectos de erradicaci\u00f3n en los pa\u00edses afectados de Liberia y Sierra Leona, as\u00ed como el apoyo de varios hospitales y m\u00e1s de dos decenas de instituciones educativas, la mayor\u00eda de las cuales a\u00fan permanecen cerradas.  El apoyo ha provenido de la red internacional de la denominaci\u00f3n, incluida su sede central, el departamento de Ministerios de Salud, la Universidad de Loma Linda, Adventist Health International, la Agencia de Desarrollo y Recursos Asistenciales, Hope for Humanity, as\u00ed como tambi\u00e9n de instituciones educativas, hospitales, iglesias y donantes individuales.\" \/>\n<meta property=\"og:url\" content=\"https:\/\/interamerica.org\/es\/2015\/02\/respuesta-de-la-iglesia-adventista-al-ebola-destaca-la-coordinacion-de-esfuerzos\/\" \/>\n<meta property=\"og:site_name\" content=\"Iglesia Adventista del S\u00e9ptimo D\u00eda - Divisi\u00f3n Interamericana\" \/>\n<meta property=\"article:published_time\" content=\"2015-02-23T04:00:00+00:00\" \/>\n<meta property=\"og:image\" content=\"https:\/\/interamerica.org\/wp-content\/uploads\/2017\/06\/csm_who-ebola-sierra-web_a2282df8ce.jpg\" \/>\n\t<meta property=\"og:image:width\" content=\"400\" \/>\n\t<meta property=\"og:image:height\" content=\"325\" \/>\n\t<meta property=\"og:image:type\" content=\"image\/jpeg\" \/>\n<meta name=\"author\" content=\"Lorenzo Verduzco\" \/>\n<meta name=\"twitter:card\" content=\"summary_large_image\" \/>\n<meta name=\"twitter:label1\" content=\"Escrito por\" \/>\n\t<meta name=\"twitter:data1\" content=\"Lorenzo Verduzco\" \/>\n\t<meta name=\"twitter:label2\" content=\"Tiempo de lectura\" \/>\n\t<meta name=\"twitter:data2\" content=\"7 minutos\" \/>\n<script type=\"application\/ld+json\" class=\"yoast-schema-graph\">{\"@context\":\"https:\\\/\\\/schema.org\",\"@graph\":[{\"@type\":\"Article\",\"@id\":\"https:\\\/\\\/interamerica.org\\\/es\\\/2015\\\/02\\\/respuesta-de-la-iglesia-adventista-al-ebola-destaca-la-coordinacion-de-esfuerzos\\\/#article\",\"isPartOf\":{\"@id\":\"https:\\\/\\\/interamerica.org\\\/es\\\/2015\\\/02\\\/respuesta-de-la-iglesia-adventista-al-ebola-destaca-la-coordinacion-de-esfuerzos\\\/\"},\"author\":{\"name\":\"Lorenzo Verduzco\",\"@id\":\"https:\\\/\\\/interamerica.org\\\/es\\\/#\\\/schema\\\/person\\\/68ede8bdc292885bb76c1e3810e73c39\"},\"headline\":\"Respuesta de la Iglesia Adventista al \u00c9bola destaca la coordinaci\u00f3n de esfuerzos\",\"datePublished\":\"2015-02-23T04:00:00+00:00\",\"mainEntityOfPage\":{\"@id\":\"https:\\\/\\\/interamerica.org\\\/es\\\/2015\\\/02\\\/respuesta-de-la-iglesia-adventista-al-ebola-destaca-la-coordinacion-de-esfuerzos\\\/\"},\"wordCount\":1477,\"image\":{\"@id\":\"https:\\\/\\\/interamerica.org\\\/es\\\/2015\\\/02\\\/respuesta-de-la-iglesia-adventista-al-ebola-destaca-la-coordinacion-de-esfuerzos\\\/#primaryimage\"},\"thumbnailUrl\":\"https:\\\/\\\/interamerica.org\\\/wp-content\\\/uploads\\\/2017\\\/06\\\/csm_who-ebola-sierra-web_a2282df8ce.jpg\",\"articleSection\":[\"Desde la iglesia mundial\",\"RSS Espa\u00f1ol\"],\"inLanguage\":\"es\"},{\"@type\":\"WebPage\",\"@id\":\"https:\\\/\\\/interamerica.org\\\/es\\\/2015\\\/02\\\/respuesta-de-la-iglesia-adventista-al-ebola-destaca-la-coordinacion-de-esfuerzos\\\/\",\"url\":\"https:\\\/\\\/interamerica.org\\\/es\\\/2015\\\/02\\\/respuesta-de-la-iglesia-adventista-al-ebola-destaca-la-coordinacion-de-esfuerzos\\\/\",\"name\":\"Respuesta de la Iglesia Adventista al \u00c9bola destaca la coordinaci\u00f3n de esfuerzos - Iglesia Adventista del S\u00e9ptimo D\u00eda - Divisi\u00f3n Interamericana\",\"isPartOf\":{\"@id\":\"https:\\\/\\\/interamerica.org\\\/es\\\/#website\"},\"primaryImageOfPage\":{\"@id\":\"https:\\\/\\\/interamerica.org\\\/es\\\/2015\\\/02\\\/respuesta-de-la-iglesia-adventista-al-ebola-destaca-la-coordinacion-de-esfuerzos\\\/#primaryimage\"},\"image\":{\"@id\":\"https:\\\/\\\/interamerica.org\\\/es\\\/2015\\\/02\\\/respuesta-de-la-iglesia-adventista-al-ebola-destaca-la-coordinacion-de-esfuerzos\\\/#primaryimage\"},\"thumbnailUrl\":\"https:\\\/\\\/interamerica.org\\\/wp-content\\\/uploads\\\/2017\\\/06\\\/csm_who-ebola-sierra-web_a2282df8ce.jpg\",\"datePublished\":\"2015-02-23T04:00:00+00:00\",\"author\":{\"@id\":\"https:\\\/\\\/interamerica.org\\\/es\\\/#\\\/schema\\\/person\\\/68ede8bdc292885bb76c1e3810e73c39\"},\"breadcrumb\":{\"@id\":\"https:\\\/\\\/interamerica.org\\\/es\\\/2015\\\/02\\\/respuesta-de-la-iglesia-adventista-al-ebola-destaca-la-coordinacion-de-esfuerzos\\\/#breadcrumb\"},\"inLanguage\":\"es\",\"potentialAction\":[{\"@type\":\"ReadAction\",\"target\":[\"https:\\\/\\\/interamerica.org\\\/es\\\/2015\\\/02\\\/respuesta-de-la-iglesia-adventista-al-ebola-destaca-la-coordinacion-de-esfuerzos\\\/\"]}]},{\"@type\":\"ImageObject\",\"inLanguage\":\"es\",\"@id\":\"https:\\\/\\\/interamerica.org\\\/es\\\/2015\\\/02\\\/respuesta-de-la-iglesia-adventista-al-ebola-destaca-la-coordinacion-de-esfuerzos\\\/#primaryimage\",\"url\":\"https:\\\/\\\/interamerica.org\\\/wp-content\\\/uploads\\\/2017\\\/06\\\/csm_who-ebola-sierra-web_a2282df8ce.jpg\",\"contentUrl\":\"https:\\\/\\\/interamerica.org\\\/wp-content\\\/uploads\\\/2017\\\/06\\\/csm_who-ebola-sierra-web_a2282df8ce.jpg\",\"width\":400,\"height\":325},{\"@type\":\"BreadcrumbList\",\"@id\":\"https:\\\/\\\/interamerica.org\\\/es\\\/2015\\\/02\\\/respuesta-de-la-iglesia-adventista-al-ebola-destaca-la-coordinacion-de-esfuerzos\\\/#breadcrumb\",\"itemListElement\":[{\"@type\":\"ListItem\",\"position\":1,\"name\":\"Home\",\"item\":\"https:\\\/\\\/interamerica.org\\\/es\\\/\"},{\"@type\":\"ListItem\",\"position\":2,\"name\":\"Respuesta de la Iglesia Adventista al \u00c9bola destaca la coordinaci\u00f3n de esfuerzos\"}]},{\"@type\":\"WebSite\",\"@id\":\"https:\\\/\\\/interamerica.org\\\/es\\\/#website\",\"url\":\"https:\\\/\\\/interamerica.org\\\/es\\\/\",\"name\":\"Iglesia Adventista del S\u00e9ptimo D\u00eda - Divisi\u00f3n Interamericana\",\"description\":\"\",\"potentialAction\":[{\"@type\":\"SearchAction\",\"target\":{\"@type\":\"EntryPoint\",\"urlTemplate\":\"https:\\\/\\\/interamerica.org\\\/es\\\/?s={search_term_string}\"},\"query-input\":{\"@type\":\"PropertyValueSpecification\",\"valueRequired\":true,\"valueName\":\"search_term_string\"}}],\"inLanguage\":\"es\"},{\"@type\":\"Person\",\"@id\":\"https:\\\/\\\/interamerica.org\\\/es\\\/#\\\/schema\\\/person\\\/68ede8bdc292885bb76c1e3810e73c39\",\"name\":\"Lorenzo Verduzco\",\"image\":{\"@type\":\"ImageObject\",\"inLanguage\":\"es\",\"@id\":\"https:\\\/\\\/secure.gravatar.com\\\/avatar\\\/fb81a55b6218459490a9c1dc841a34909185b81904c5337b4b27f7a6fd60c49e?s=96&d=mm&r=g\",\"url\":\"https:\\\/\\\/secure.gravatar.com\\\/avatar\\\/fb81a55b6218459490a9c1dc841a34909185b81904c5337b4b27f7a6fd60c49e?s=96&d=mm&r=g\",\"contentUrl\":\"https:\\\/\\\/secure.gravatar.com\\\/avatar\\\/fb81a55b6218459490a9c1dc841a34909185b81904c5337b4b27f7a6fd60c49e?s=96&d=mm&r=g\",\"caption\":\"Lorenzo Verduzco\"}}]}<\/script>\n<!-- \/ Yoast SEO plugin. -->","yoast_head_json":{"title":"Respuesta de la Iglesia Adventista al \u00c9bola destaca la coordinaci\u00f3n de esfuerzos - Iglesia Adventista del S\u00e9ptimo D\u00eda - Divisi\u00f3n Interamericana","robots":{"index":"index","follow":"follow","max-snippet":"max-snippet:-1","max-image-preview":"max-image-preview:large","max-video-preview":"max-video-preview:-1"},"canonical":"https:\/\/interamerica.org\/es\/2015\/02\/respuesta-de-la-iglesia-adventista-al-ebola-destaca-la-coordinacion-de-esfuerzos\/","og_locale":"es_ES","og_type":"article","og_title":"Respuesta de la Iglesia Adventista al \u00c9bola destaca la coordinaci\u00f3n de esfuerzos - Iglesia Adventista del S\u00e9ptimo D\u00eda - Divisi\u00f3n Interamericana","og_description":"Los esfuerzos coordinados de la Iglesia Adventista del S\u00e9ptimo D\u00eda ante la crisis del \u00c9bola en \u00c1frica Occidental incluyen proyectos de erradicaci\u00f3n en los pa\u00edses afectados de Liberia y Sierra Leona, as\u00ed como el apoyo de varios hospitales y m\u00e1s de dos decenas de instituciones educativas, la mayor\u00eda de las cuales a\u00fan permanecen cerradas.  El apoyo ha provenido de la red internacional de la denominaci\u00f3n, incluida su sede central, el departamento de Ministerios de Salud, la Universidad de Loma Linda, Adventist Health International, la Agencia de Desarrollo y Recursos Asistenciales, Hope for Humanity, as\u00ed como tambi\u00e9n de instituciones educativas, hospitales, iglesias y donantes individuales.","og_url":"https:\/\/interamerica.org\/es\/2015\/02\/respuesta-de-la-iglesia-adventista-al-ebola-destaca-la-coordinacion-de-esfuerzos\/","og_site_name":"Iglesia Adventista del S\u00e9ptimo D\u00eda - Divisi\u00f3n Interamericana","article_published_time":"2015-02-23T04:00:00+00:00","og_image":[{"width":400,"height":325,"url":"https:\/\/interamerica.org\/wp-content\/uploads\/2017\/06\/csm_who-ebola-sierra-web_a2282df8ce.jpg","type":"image\/jpeg"}],"author":"Lorenzo Verduzco","twitter_card":"summary_large_image","twitter_misc":{"Escrito por":"Lorenzo Verduzco","Tiempo de lectura":"7 minutos"},"schema":{"@context":"https:\/\/schema.org","@graph":[{"@type":"Article","@id":"https:\/\/interamerica.org\/es\/2015\/02\/respuesta-de-la-iglesia-adventista-al-ebola-destaca-la-coordinacion-de-esfuerzos\/#article","isPartOf":{"@id":"https:\/\/interamerica.org\/es\/2015\/02\/respuesta-de-la-iglesia-adventista-al-ebola-destaca-la-coordinacion-de-esfuerzos\/"},"author":{"name":"Lorenzo Verduzco","@id":"https:\/\/interamerica.org\/es\/#\/schema\/person\/68ede8bdc292885bb76c1e3810e73c39"},"headline":"Respuesta de la Iglesia Adventista al \u00c9bola destaca la coordinaci\u00f3n de esfuerzos","datePublished":"2015-02-23T04:00:00+00:00","mainEntityOfPage":{"@id":"https:\/\/interamerica.org\/es\/2015\/02\/respuesta-de-la-iglesia-adventista-al-ebola-destaca-la-coordinacion-de-esfuerzos\/"},"wordCount":1477,"image":{"@id":"https:\/\/interamerica.org\/es\/2015\/02\/respuesta-de-la-iglesia-adventista-al-ebola-destaca-la-coordinacion-de-esfuerzos\/#primaryimage"},"thumbnailUrl":"https:\/\/interamerica.org\/wp-content\/uploads\/2017\/06\/csm_who-ebola-sierra-web_a2282df8ce.jpg","articleSection":["Desde la iglesia mundial","RSS Espa\u00f1ol"],"inLanguage":"es"},{"@type":"WebPage","@id":"https:\/\/interamerica.org\/es\/2015\/02\/respuesta-de-la-iglesia-adventista-al-ebola-destaca-la-coordinacion-de-esfuerzos\/","url":"https:\/\/interamerica.org\/es\/2015\/02\/respuesta-de-la-iglesia-adventista-al-ebola-destaca-la-coordinacion-de-esfuerzos\/","name":"Respuesta de la Iglesia Adventista al \u00c9bola destaca la coordinaci\u00f3n de esfuerzos - Iglesia Adventista del S\u00e9ptimo D\u00eda - Divisi\u00f3n Interamericana","isPartOf":{"@id":"https:\/\/interamerica.org\/es\/#website"},"primaryImageOfPage":{"@id":"https:\/\/interamerica.org\/es\/2015\/02\/respuesta-de-la-iglesia-adventista-al-ebola-destaca-la-coordinacion-de-esfuerzos\/#primaryimage"},"image":{"@id":"https:\/\/interamerica.org\/es\/2015\/02\/respuesta-de-la-iglesia-adventista-al-ebola-destaca-la-coordinacion-de-esfuerzos\/#primaryimage"},"thumbnailUrl":"https:\/\/interamerica.org\/wp-content\/uploads\/2017\/06\/csm_who-ebola-sierra-web_a2282df8ce.jpg","datePublished":"2015-02-23T04:00:00+00:00","author":{"@id":"https:\/\/interamerica.org\/es\/#\/schema\/person\/68ede8bdc292885bb76c1e3810e73c39"},"breadcrumb":{"@id":"https:\/\/interamerica.org\/es\/2015\/02\/respuesta-de-la-iglesia-adventista-al-ebola-destaca-la-coordinacion-de-esfuerzos\/#breadcrumb"},"inLanguage":"es","potentialAction":[{"@type":"ReadAction","target":["https:\/\/interamerica.org\/es\/2015\/02\/respuesta-de-la-iglesia-adventista-al-ebola-destaca-la-coordinacion-de-esfuerzos\/"]}]},{"@type":"ImageObject","inLanguage":"es","@id":"https:\/\/interamerica.org\/es\/2015\/02\/respuesta-de-la-iglesia-adventista-al-ebola-destaca-la-coordinacion-de-esfuerzos\/#primaryimage","url":"https:\/\/interamerica.org\/wp-content\/uploads\/2017\/06\/csm_who-ebola-sierra-web_a2282df8ce.jpg","contentUrl":"https:\/\/interamerica.org\/wp-content\/uploads\/2017\/06\/csm_who-ebola-sierra-web_a2282df8ce.jpg","width":400,"height":325},{"@type":"BreadcrumbList","@id":"https:\/\/interamerica.org\/es\/2015\/02\/respuesta-de-la-iglesia-adventista-al-ebola-destaca-la-coordinacion-de-esfuerzos\/#breadcrumb","itemListElement":[{"@type":"ListItem","position":1,"name":"Home","item":"https:\/\/interamerica.org\/es\/"},{"@type":"ListItem","position":2,"name":"Respuesta de la Iglesia Adventista al \u00c9bola destaca la coordinaci\u00f3n de esfuerzos"}]},{"@type":"WebSite","@id":"https:\/\/interamerica.org\/es\/#website","url":"https:\/\/interamerica.org\/es\/","name":"Iglesia Adventista del S\u00e9ptimo D\u00eda - Divisi\u00f3n Interamericana","description":"","potentialAction":[{"@type":"SearchAction","target":{"@type":"EntryPoint","urlTemplate":"https:\/\/interamerica.org\/es\/?s={search_term_string}"},"query-input":{"@type":"PropertyValueSpecification","valueRequired":true,"valueName":"search_term_string"}}],"inLanguage":"es"},{"@type":"Person","@id":"https:\/\/interamerica.org\/es\/#\/schema\/person\/68ede8bdc292885bb76c1e3810e73c39","name":"Lorenzo Verduzco","image":{"@type":"ImageObject","inLanguage":"es","@id":"https:\/\/secure.gravatar.com\/avatar\/fb81a55b6218459490a9c1dc841a34909185b81904c5337b4b27f7a6fd60c49e?s=96&d=mm&r=g","url":"https:\/\/secure.gravatar.com\/avatar\/fb81a55b6218459490a9c1dc841a34909185b81904c5337b4b27f7a6fd60c49e?s=96&d=mm&r=g","contentUrl":"https:\/\/secure.gravatar.com\/avatar\/fb81a55b6218459490a9c1dc841a34909185b81904c5337b4b27f7a6fd60c49e?s=96&d=mm&r=g","caption":"Lorenzo Verduzco"}}]}},"_links":{"self":[{"href":"https:\/\/interamerica.org\/es\/wp-json\/wp\/v2\/posts\/30735","targetHints":{"allow":["GET"]}}],"collection":[{"href":"https:\/\/interamerica.org\/es\/wp-json\/wp\/v2\/posts"}],"about":[{"href":"https:\/\/interamerica.org\/es\/wp-json\/wp\/v2\/types\/post"}],"author":[{"embeddable":true,"href":"https:\/\/interamerica.org\/es\/wp-json\/wp\/v2\/users\/1"}],"replies":[{"embeddable":true,"href":"https:\/\/interamerica.org\/es\/wp-json\/wp\/v2\/comments?post=30735"}],"version-history":[{"count":0,"href":"https:\/\/interamerica.org\/es\/wp-json\/wp\/v2\/posts\/30735\/revisions"}],"wp:featuredmedia":[{"embeddable":true,"href":"https:\/\/interamerica.org\/es\/wp-json\/wp\/v2\/media\/24455"}],"wp:attachment":[{"href":"https:\/\/interamerica.org\/es\/wp-json\/wp\/v2\/media?parent=30735"}],"wp:term":[{"taxonomy":"category","embeddable":true,"href":"https:\/\/interamerica.org\/es\/wp-json\/wp\/v2\/categories?post=30735"},{"taxonomy":"post_tag","embeddable":true,"href":"https:\/\/interamerica.org\/es\/wp-json\/wp\/v2\/tags?post=30735"}],"curies":[{"name":"wp","href":"https:\/\/api.w.org\/{rel}","templated":true}]}}