{"id":30736,"date":"2015-02-24T00:00:00","date_gmt":"2015-02-24T04:00:00","guid":{"rendered":"http:\/\/192.81.217.108\/interamerica\/2015\/02\/adventistas-de-la-region-central-de-jamaica-luchan-contra-el-delito-haciendo-trabajar-a-los-jovenes\/"},"modified":"2015-02-24T00:00:00","modified_gmt":"2015-02-24T04:00:00","slug":"adventistas-de-la-region-central-de-jamaica-luchan-contra-el-delito-haciendo-trabajar-a-los-jovenes","status":"publish","type":"post","link":"https:\/\/interamerica.org\/es\/2015\/02\/adventistas-de-la-region-central-de-jamaica-luchan-contra-el-delito-haciendo-trabajar-a-los-jovenes\/","title":{"rendered":"Adventistas de la regi\u00f3n Central de Jamaica luchan contra el delito haciendo trabajar a los j\u00f3venes"},"content":{"rendered":"<div id=\"attachment_15317\" style=\"width: 610px\" class=\"wp-caption aligncenter\"><a href=\"\/interamerica\/wp-content\/uploads\/2017\/06\/OSAY-cementary.png\" rel=\"fancybox\" title=\"Adventistas de la regi\u00f3n Central de Jamaica luchan contra el delito haciendo trabajar a los j\u00f3venes\"><img fetchpriority=\"high\" decoding=\"async\" aria-describedby=\"caption-attachment-15317\" class=\"size-full wp-image-15317\" src=\"\/interamerica\/wp-content\/uploads\/2017\/06\/OSAY-cementary.png\" alt=\"\" width=\"600\" height=\"400\" \/><\/a><p id=\"caption-attachment-15317\" class=\"wp-caption-text\">J\u00f3venes adventistas limpian y arreglan el terreno del Cementerio Grove Town en Mandeville, Jamaica, el pasado 22 de febrero de 2015, durante la \u00abOperaci\u00f3n Salve un Joven\u00bb de la regi\u00f3n Central de Jamaica, una uniciativa que moviliza a los j\u00f3venes para que sean voluntarios en sus comunidades e inspiren a sus compa\u00f1eros en situaciones de riesgo. Imagen de Damian Chambers\/JAMU<\/p><\/div>\n<p>24 de febrero de 2015 | Mandeville, Manchester, Jamaica | Nigel Coke\/DIA\/Adventist Review<\/p>\n<p>M\u00e1s de dos mil j\u00f3venes adventistas salieron a las calles de Jamaica el fin de semana pasado para arreglar los vecindarios y fomentar la adopci\u00f3n de un estilo de vida saludable, como parte de una iniciativa de la iglesia que busca mantener a los j\u00f3venes alejados del delito.<\/p>\n<div id=\"attachment_15325\" style=\"width: 310px\" class=\"wp-caption alignright\"><a href=\"\/interamerica\/wp-content\/uploads\/2017\/06\/OSAy-paitingcenter300.png\" rel=\"fancybox\" title=\"Adventistas de la regi\u00f3n Central de Jamaica luchan contra el delito haciendo trabajar a los j\u00f3venes\"><img decoding=\"async\" aria-describedby=\"caption-attachment-15325\" class=\"size-full wp-image-15325 \" src=\"\/interamerica\/wp-content\/uploads\/2017\/06\/OSAy-paitingcenter300.png\" alt=\"\" width=\"300\" height=\"199\" \/><\/a><p id=\"caption-attachment-15325\" class=\"wp-caption-text\">Voluntarios de O-SAY pintan las paredes del Centro Comunitario de Greenvale, en Mandeville. Imagen de Nigel Coke\/DIA.<\/p><\/div>\n<p>El delito es un problema creciente entre los j\u00f3venes de Jamaica, y los l\u00edderes adventistas locales est\u00e1n enfrent\u00e1ndolo con la \u00abOperaci\u00f3n Salve a un Joven\u00bb, llamada \u00abO-SAY\u00bb, que busca movilizar a los j\u00f3venes para que trabajen de voluntarios y ayuden a otras personas de sus comunidades, sirviendo de inspiraci\u00f3n a otros j\u00f3venes en situaciones de riesgo.<\/p>\n<p>\u00abOrganizamos estos proyectos en un esfuerzo para salvar a nuestros j\u00f3venes e inspirar en ellos el sentido del trabajo voluntario\u00bb, dijo Greg Baldeo, director de j\u00f3venes de la Iglesia Adventista en la regi\u00f3n Central de Jamaica.<\/p>\n<p>Las actividades del pasado 22 de febrero, la primera gran iniciativa de O-SAY, abarc\u00f3 a 19 proyectos que fueron desde una feria de salud y reparaci\u00f3n de baches u hoyos en el pavimento hasta actividades de construcci\u00f3n y embellecimiento de la ciudad.<\/p>\n<p>Los j\u00f3venes donaron asimismo m\u00e1s de treinta unidades de sangre en el Centro Comunitario de la ciudad de Manchester, que fue la sede de los proyectos. El centro tambi\u00e9n recibi\u00f3 a un equipo de m\u00e9dicos y enfermeras, que ofrecieron chequeos gratuitos, ex\u00e1menes de Papanicolau, y pruebas de la vista a m\u00e1s de 130 personas. Hasta los muros del centro mismo recibieron una nueva capa de pintura.<\/p>\n<div id=\"attachment_15320\" style=\"width: 310px\" class=\"wp-caption alignleft\"><a href=\"\/interamerica\/wp-content\/uploads\/2017\/06\/OSAY-blood3001.png\" rel=\"fancybox\" title=\"Adventistas de la regi\u00f3n Central de Jamaica luchan contra el delito haciendo trabajar a los j\u00f3venes\"><img decoding=\"async\" aria-describedby=\"caption-attachment-15320\" class=\"size-full wp-image-15320\" src=\"\/interamerica\/wp-content\/uploads\/2017\/06\/OSAY-blood3001.png\" alt=\"\" width=\"300\" height=\"199\" \/><\/a><p id=\"caption-attachment-15320\" class=\"wp-caption-text\">J\u00f3venes adventistas donan sangre durante el evento del 22 de febrero. Imagen de Damian Chambers\/JAMU<\/p><\/div>\n<p>Los j\u00f3venes tambi\u00e9n pintaron un hospital local y su parada de autobuses; limpiaron y pintaron un mercado; y pintaron una capilla y arreglaron el terreno de un cementerio. El voluntario Ragel Barrett dijo que \u00e9l y otros j\u00f3venes sintieron que ten\u00edan la responsabilidad de ayudar a otros.<\/p>\n<p>\u00abDios nos ha bendecido, y necesitamos bendecir a otros con la fortaleza y la energ\u00eda que tenemos\u00bb, expres\u00f3. \u00abNecesitamos hacerlo cuando somos j\u00f3venes, y no esperar hasta llegar a viejos\u00bb.<\/p>\n<p>Baldeo, el director de j\u00f3venes, dijo que los l\u00edderes de la iglesia tienen la intenci\u00f3n de seguir trabajando con los j\u00f3venes, y no solo los adventistas, para hacer frente a las estad\u00edsticas delictivas del pa\u00eds.<\/p>\n<p>\u00abLos cientos de j\u00f3venes que hoy han salido est\u00e1n encendidos de entusiasmo por Dios, y tienen el deseo de ayudar a otras personas\u00bb, dijo el 22 de febrero. \u00abTenemos que hacer que ese fuego siga encendido, ofreci\u00e9ndoles participar en diversos proyectos que hemos planificado\u00bb.<\/p>\n<p><em>Traducci\u00f3n de Marcos Paseggi<\/em><\/p>\n","protected":false},"excerpt":{"rendered":"<p>M\u00e1s de dos mil j\u00f3venes adventistas salieron a las calles de Jamaica el fin de semana pasado para arreglar los vecindarios y fomentar la adopci\u00f3n de un estilo de vida saludable, como parte de una iniciativa de la iglesia que busca mantener a los j\u00f3venes alejados del delito. <\/p>\n<p>El delito es un problema creciente entre los j\u00f3venes de Jamaica, y los l\u00edderes adventistas locales est\u00e1n enfrent\u00e1ndolo con la \u00abOperaci\u00f3n Salve a un Joven\u00bb, llamada \u00abO-SAY\u00bb, que busca movilizar a los j\u00f3venes para que trabajen de voluntarios y ayuden a otras personas de sus comunidades, sirviendo de inspiraci\u00f3n a otros j\u00f3venes en situaciones de riesgo.<\/p>\n","protected":false},"author":1,"featured_media":24459,"comment_status":"closed","ping_status":"closed","sticky":false,"template":"","format":"standard","meta":{"_acf_changed":false,"footnotes":""},"categories":[17,15],"tags":[],"class_list":["post-30736","post","type-post","status-publish","format-standard","has-post-thumbnail","hentry","category-desde-el-campo","category-rss-espanol"],"acf":[],"yoast_head":"<!-- This site is optimized with the Yoast SEO plugin v27.3 - https:\/\/yoast.com\/product\/yoast-seo-wordpress\/ -->\n<title>Adventistas de la regi\u00f3n Central de Jamaica luchan contra el delito haciendo trabajar a los j\u00f3venes - Iglesia Adventista del S\u00e9ptimo D\u00eda - Divisi\u00f3n Interamericana<\/title>\n<meta name=\"robots\" content=\"index, follow, max-snippet:-1, max-image-preview:large, max-video-preview:-1\" \/>\n<link rel=\"canonical\" href=\"https:\/\/interamerica.org\/es\/2015\/02\/adventistas-de-la-region-central-de-jamaica-luchan-contra-el-delito-haciendo-trabajar-a-los-jovenes\/\" \/>\n<meta property=\"og:locale\" content=\"es_ES\" \/>\n<meta property=\"og:type\" content=\"article\" \/>\n<meta property=\"og:title\" content=\"Adventistas de la regi\u00f3n Central de Jamaica luchan contra el delito haciendo trabajar a los j\u00f3venes - Iglesia Adventista del S\u00e9ptimo D\u00eda - Divisi\u00f3n Interamericana\" \/>\n<meta property=\"og:description\" content=\"M\u00e1s de dos mil j\u00f3venes adventistas salieron a las calles de Jamaica el fin de semana pasado para arreglar los vecindarios y fomentar la adopci\u00f3n de un estilo de vida saludable, como parte de una iniciativa de la iglesia que busca mantener a los j\u00f3venes alejados del delito.  El delito es un problema creciente entre los j\u00f3venes de Jamaica, y los l\u00edderes adventistas locales est\u00e1n enfrent\u00e1ndolo con la &quot;Operaci\u00f3n Salve a un Joven&quot;, llamada &quot;O-SAY&quot;, que busca movilizar a los j\u00f3venes para que trabajen de voluntarios y ayuden a otras personas de sus comunidades, sirviendo de inspiraci\u00f3n a otros j\u00f3venes en situaciones de riesgo.\" \/>\n<meta property=\"og:url\" content=\"https:\/\/interamerica.org\/es\/2015\/02\/adventistas-de-la-region-central-de-jamaica-luchan-contra-el-delito-haciendo-trabajar-a-los-jovenes\/\" \/>\n<meta property=\"og:site_name\" content=\"Iglesia Adventista del S\u00e9ptimo D\u00eda - Divisi\u00f3n Interamericana\" \/>\n<meta property=\"article:published_time\" content=\"2015-02-24T04:00:00+00:00\" \/>\n<meta property=\"og:image\" content=\"https:\/\/interamerica.org\/wp-content\/uploads\/2017\/06\/OSAY-cementary300.png\" \/>\n\t<meta property=\"og:image:width\" content=\"300\" \/>\n\t<meta property=\"og:image:height\" content=\"200\" \/>\n\t<meta property=\"og:image:type\" content=\"image\/png\" \/>\n<meta name=\"author\" content=\"Lorenzo Verduzco\" \/>\n<meta name=\"twitter:card\" content=\"summary_large_image\" \/>\n<meta name=\"twitter:label1\" content=\"Escrito por\" \/>\n\t<meta name=\"twitter:data1\" content=\"Lorenzo Verduzco\" \/>\n\t<meta name=\"twitter:label2\" content=\"Tiempo de lectura\" \/>\n\t<meta name=\"twitter:data2\" content=\"3 minutos\" \/>\n<script type=\"application\/ld+json\" class=\"yoast-schema-graph\">{\"@context\":\"https:\\\/\\\/schema.org\",\"@graph\":[{\"@type\":\"Article\",\"@id\":\"https:\\\/\\\/interamerica.org\\\/es\\\/2015\\\/02\\\/adventistas-de-la-region-central-de-jamaica-luchan-contra-el-delito-haciendo-trabajar-a-los-jovenes\\\/#article\",\"isPartOf\":{\"@id\":\"https:\\\/\\\/interamerica.org\\\/es\\\/2015\\\/02\\\/adventistas-de-la-region-central-de-jamaica-luchan-contra-el-delito-haciendo-trabajar-a-los-jovenes\\\/\"},\"author\":{\"name\":\"Lorenzo Verduzco\",\"@id\":\"https:\\\/\\\/interamerica.org\\\/es\\\/#\\\/schema\\\/person\\\/68ede8bdc292885bb76c1e3810e73c39\"},\"headline\":\"Adventistas de la regi\u00f3n Central de Jamaica luchan contra el delito haciendo trabajar a los j\u00f3venes\",\"datePublished\":\"2015-02-24T04:00:00+00:00\",\"mainEntityOfPage\":{\"@id\":\"https:\\\/\\\/interamerica.org\\\/es\\\/2015\\\/02\\\/adventistas-de-la-region-central-de-jamaica-luchan-contra-el-delito-haciendo-trabajar-a-los-jovenes\\\/\"},\"wordCount\":591,\"image\":{\"@id\":\"https:\\\/\\\/interamerica.org\\\/es\\\/2015\\\/02\\\/adventistas-de-la-region-central-de-jamaica-luchan-contra-el-delito-haciendo-trabajar-a-los-jovenes\\\/#primaryimage\"},\"thumbnailUrl\":\"https:\\\/\\\/interamerica.org\\\/wp-content\\\/uploads\\\/2017\\\/06\\\/OSAY-cementary300.png\",\"articleSection\":[\"Desde el campo\",\"RSS Espa\u00f1ol\"],\"inLanguage\":\"es\"},{\"@type\":\"WebPage\",\"@id\":\"https:\\\/\\\/interamerica.org\\\/es\\\/2015\\\/02\\\/adventistas-de-la-region-central-de-jamaica-luchan-contra-el-delito-haciendo-trabajar-a-los-jovenes\\\/\",\"url\":\"https:\\\/\\\/interamerica.org\\\/es\\\/2015\\\/02\\\/adventistas-de-la-region-central-de-jamaica-luchan-contra-el-delito-haciendo-trabajar-a-los-jovenes\\\/\",\"name\":\"Adventistas de la regi\u00f3n Central de Jamaica luchan contra el delito haciendo trabajar a los j\u00f3venes - Iglesia Adventista del S\u00e9ptimo D\u00eda - Divisi\u00f3n Interamericana\",\"isPartOf\":{\"@id\":\"https:\\\/\\\/interamerica.org\\\/es\\\/#website\"},\"primaryImageOfPage\":{\"@id\":\"https:\\\/\\\/interamerica.org\\\/es\\\/2015\\\/02\\\/adventistas-de-la-region-central-de-jamaica-luchan-contra-el-delito-haciendo-trabajar-a-los-jovenes\\\/#primaryimage\"},\"image\":{\"@id\":\"https:\\\/\\\/interamerica.org\\\/es\\\/2015\\\/02\\\/adventistas-de-la-region-central-de-jamaica-luchan-contra-el-delito-haciendo-trabajar-a-los-jovenes\\\/#primaryimage\"},\"thumbnailUrl\":\"https:\\\/\\\/interamerica.org\\\/wp-content\\\/uploads\\\/2017\\\/06\\\/OSAY-cementary300.png\",\"datePublished\":\"2015-02-24T04:00:00+00:00\",\"author\":{\"@id\":\"https:\\\/\\\/interamerica.org\\\/es\\\/#\\\/schema\\\/person\\\/68ede8bdc292885bb76c1e3810e73c39\"},\"breadcrumb\":{\"@id\":\"https:\\\/\\\/interamerica.org\\\/es\\\/2015\\\/02\\\/adventistas-de-la-region-central-de-jamaica-luchan-contra-el-delito-haciendo-trabajar-a-los-jovenes\\\/#breadcrumb\"},\"inLanguage\":\"es\",\"potentialAction\":[{\"@type\":\"ReadAction\",\"target\":[\"https:\\\/\\\/interamerica.org\\\/es\\\/2015\\\/02\\\/adventistas-de-la-region-central-de-jamaica-luchan-contra-el-delito-haciendo-trabajar-a-los-jovenes\\\/\"]}]},{\"@type\":\"ImageObject\",\"inLanguage\":\"es\",\"@id\":\"https:\\\/\\\/interamerica.org\\\/es\\\/2015\\\/02\\\/adventistas-de-la-region-central-de-jamaica-luchan-contra-el-delito-haciendo-trabajar-a-los-jovenes\\\/#primaryimage\",\"url\":\"https:\\\/\\\/interamerica.org\\\/wp-content\\\/uploads\\\/2017\\\/06\\\/OSAY-cementary300.png\",\"contentUrl\":\"https:\\\/\\\/interamerica.org\\\/wp-content\\\/uploads\\\/2017\\\/06\\\/OSAY-cementary300.png\",\"width\":300,\"height\":200},{\"@type\":\"BreadcrumbList\",\"@id\":\"https:\\\/\\\/interamerica.org\\\/es\\\/2015\\\/02\\\/adventistas-de-la-region-central-de-jamaica-luchan-contra-el-delito-haciendo-trabajar-a-los-jovenes\\\/#breadcrumb\",\"itemListElement\":[{\"@type\":\"ListItem\",\"position\":1,\"name\":\"Home\",\"item\":\"https:\\\/\\\/interamerica.org\\\/es\\\/\"},{\"@type\":\"ListItem\",\"position\":2,\"name\":\"Adventistas de la regi\u00f3n Central de Jamaica luchan contra el delito haciendo trabajar a los j\u00f3venes\"}]},{\"@type\":\"WebSite\",\"@id\":\"https:\\\/\\\/interamerica.org\\\/es\\\/#website\",\"url\":\"https:\\\/\\\/interamerica.org\\\/es\\\/\",\"name\":\"Iglesia Adventista del S\u00e9ptimo D\u00eda - Divisi\u00f3n Interamericana\",\"description\":\"\",\"potentialAction\":[{\"@type\":\"SearchAction\",\"target\":{\"@type\":\"EntryPoint\",\"urlTemplate\":\"https:\\\/\\\/interamerica.org\\\/es\\\/?s={search_term_string}\"},\"query-input\":{\"@type\":\"PropertyValueSpecification\",\"valueRequired\":true,\"valueName\":\"search_term_string\"}}],\"inLanguage\":\"es\"},{\"@type\":\"Person\",\"@id\":\"https:\\\/\\\/interamerica.org\\\/es\\\/#\\\/schema\\\/person\\\/68ede8bdc292885bb76c1e3810e73c39\",\"name\":\"Lorenzo Verduzco\",\"image\":{\"@type\":\"ImageObject\",\"inLanguage\":\"es\",\"@id\":\"https:\\\/\\\/secure.gravatar.com\\\/avatar\\\/fb81a55b6218459490a9c1dc841a34909185b81904c5337b4b27f7a6fd60c49e?s=96&d=mm&r=g\",\"url\":\"https:\\\/\\\/secure.gravatar.com\\\/avatar\\\/fb81a55b6218459490a9c1dc841a34909185b81904c5337b4b27f7a6fd60c49e?s=96&d=mm&r=g\",\"contentUrl\":\"https:\\\/\\\/secure.gravatar.com\\\/avatar\\\/fb81a55b6218459490a9c1dc841a34909185b81904c5337b4b27f7a6fd60c49e?s=96&d=mm&r=g\",\"caption\":\"Lorenzo Verduzco\"}}]}<\/script>\n<!-- \/ Yoast SEO plugin. -->","yoast_head_json":{"title":"Adventistas de la regi\u00f3n Central de Jamaica luchan contra el delito haciendo trabajar a los j\u00f3venes - Iglesia Adventista del S\u00e9ptimo D\u00eda - Divisi\u00f3n Interamericana","robots":{"index":"index","follow":"follow","max-snippet":"max-snippet:-1","max-image-preview":"max-image-preview:large","max-video-preview":"max-video-preview:-1"},"canonical":"https:\/\/interamerica.org\/es\/2015\/02\/adventistas-de-la-region-central-de-jamaica-luchan-contra-el-delito-haciendo-trabajar-a-los-jovenes\/","og_locale":"es_ES","og_type":"article","og_title":"Adventistas de la regi\u00f3n Central de Jamaica luchan contra el delito haciendo trabajar a los j\u00f3venes - Iglesia Adventista del S\u00e9ptimo D\u00eda - Divisi\u00f3n Interamericana","og_description":"M\u00e1s de dos mil j\u00f3venes adventistas salieron a las calles de Jamaica el fin de semana pasado para arreglar los vecindarios y fomentar la adopci\u00f3n de un estilo de vida saludable, como parte de una iniciativa de la iglesia que busca mantener a los j\u00f3venes alejados del delito.  El delito es un problema creciente entre los j\u00f3venes de Jamaica, y los l\u00edderes adventistas locales est\u00e1n enfrent\u00e1ndolo con la \"Operaci\u00f3n Salve a un Joven\", llamada \"O-SAY\", que busca movilizar a los j\u00f3venes para que trabajen de voluntarios y ayuden a otras personas de sus comunidades, sirviendo de inspiraci\u00f3n a otros j\u00f3venes en situaciones de riesgo.","og_url":"https:\/\/interamerica.org\/es\/2015\/02\/adventistas-de-la-region-central-de-jamaica-luchan-contra-el-delito-haciendo-trabajar-a-los-jovenes\/","og_site_name":"Iglesia Adventista del S\u00e9ptimo D\u00eda - Divisi\u00f3n Interamericana","article_published_time":"2015-02-24T04:00:00+00:00","og_image":[{"width":300,"height":200,"url":"https:\/\/interamerica.org\/wp-content\/uploads\/2017\/06\/OSAY-cementary300.png","type":"image\/png"}],"author":"Lorenzo Verduzco","twitter_card":"summary_large_image","twitter_misc":{"Escrito por":"Lorenzo Verduzco","Tiempo de lectura":"3 minutos"},"schema":{"@context":"https:\/\/schema.org","@graph":[{"@type":"Article","@id":"https:\/\/interamerica.org\/es\/2015\/02\/adventistas-de-la-region-central-de-jamaica-luchan-contra-el-delito-haciendo-trabajar-a-los-jovenes\/#article","isPartOf":{"@id":"https:\/\/interamerica.org\/es\/2015\/02\/adventistas-de-la-region-central-de-jamaica-luchan-contra-el-delito-haciendo-trabajar-a-los-jovenes\/"},"author":{"name":"Lorenzo Verduzco","@id":"https:\/\/interamerica.org\/es\/#\/schema\/person\/68ede8bdc292885bb76c1e3810e73c39"},"headline":"Adventistas de la regi\u00f3n Central de Jamaica luchan contra el delito haciendo trabajar a los j\u00f3venes","datePublished":"2015-02-24T04:00:00+00:00","mainEntityOfPage":{"@id":"https:\/\/interamerica.org\/es\/2015\/02\/adventistas-de-la-region-central-de-jamaica-luchan-contra-el-delito-haciendo-trabajar-a-los-jovenes\/"},"wordCount":591,"image":{"@id":"https:\/\/interamerica.org\/es\/2015\/02\/adventistas-de-la-region-central-de-jamaica-luchan-contra-el-delito-haciendo-trabajar-a-los-jovenes\/#primaryimage"},"thumbnailUrl":"https:\/\/interamerica.org\/wp-content\/uploads\/2017\/06\/OSAY-cementary300.png","articleSection":["Desde el campo","RSS Espa\u00f1ol"],"inLanguage":"es"},{"@type":"WebPage","@id":"https:\/\/interamerica.org\/es\/2015\/02\/adventistas-de-la-region-central-de-jamaica-luchan-contra-el-delito-haciendo-trabajar-a-los-jovenes\/","url":"https:\/\/interamerica.org\/es\/2015\/02\/adventistas-de-la-region-central-de-jamaica-luchan-contra-el-delito-haciendo-trabajar-a-los-jovenes\/","name":"Adventistas de la regi\u00f3n Central de Jamaica luchan contra el delito haciendo trabajar a los j\u00f3venes - Iglesia Adventista del S\u00e9ptimo D\u00eda - Divisi\u00f3n Interamericana","isPartOf":{"@id":"https:\/\/interamerica.org\/es\/#website"},"primaryImageOfPage":{"@id":"https:\/\/interamerica.org\/es\/2015\/02\/adventistas-de-la-region-central-de-jamaica-luchan-contra-el-delito-haciendo-trabajar-a-los-jovenes\/#primaryimage"},"image":{"@id":"https:\/\/interamerica.org\/es\/2015\/02\/adventistas-de-la-region-central-de-jamaica-luchan-contra-el-delito-haciendo-trabajar-a-los-jovenes\/#primaryimage"},"thumbnailUrl":"https:\/\/interamerica.org\/wp-content\/uploads\/2017\/06\/OSAY-cementary300.png","datePublished":"2015-02-24T04:00:00+00:00","author":{"@id":"https:\/\/interamerica.org\/es\/#\/schema\/person\/68ede8bdc292885bb76c1e3810e73c39"},"breadcrumb":{"@id":"https:\/\/interamerica.org\/es\/2015\/02\/adventistas-de-la-region-central-de-jamaica-luchan-contra-el-delito-haciendo-trabajar-a-los-jovenes\/#breadcrumb"},"inLanguage":"es","potentialAction":[{"@type":"ReadAction","target":["https:\/\/interamerica.org\/es\/2015\/02\/adventistas-de-la-region-central-de-jamaica-luchan-contra-el-delito-haciendo-trabajar-a-los-jovenes\/"]}]},{"@type":"ImageObject","inLanguage":"es","@id":"https:\/\/interamerica.org\/es\/2015\/02\/adventistas-de-la-region-central-de-jamaica-luchan-contra-el-delito-haciendo-trabajar-a-los-jovenes\/#primaryimage","url":"https:\/\/interamerica.org\/wp-content\/uploads\/2017\/06\/OSAY-cementary300.png","contentUrl":"https:\/\/interamerica.org\/wp-content\/uploads\/2017\/06\/OSAY-cementary300.png","width":300,"height":200},{"@type":"BreadcrumbList","@id":"https:\/\/interamerica.org\/es\/2015\/02\/adventistas-de-la-region-central-de-jamaica-luchan-contra-el-delito-haciendo-trabajar-a-los-jovenes\/#breadcrumb","itemListElement":[{"@type":"ListItem","position":1,"name":"Home","item":"https:\/\/interamerica.org\/es\/"},{"@type":"ListItem","position":2,"name":"Adventistas de la regi\u00f3n Central de Jamaica luchan contra el delito haciendo trabajar a los j\u00f3venes"}]},{"@type":"WebSite","@id":"https:\/\/interamerica.org\/es\/#website","url":"https:\/\/interamerica.org\/es\/","name":"Iglesia Adventista del S\u00e9ptimo D\u00eda - Divisi\u00f3n Interamericana","description":"","potentialAction":[{"@type":"SearchAction","target":{"@type":"EntryPoint","urlTemplate":"https:\/\/interamerica.org\/es\/?s={search_term_string}"},"query-input":{"@type":"PropertyValueSpecification","valueRequired":true,"valueName":"search_term_string"}}],"inLanguage":"es"},{"@type":"Person","@id":"https:\/\/interamerica.org\/es\/#\/schema\/person\/68ede8bdc292885bb76c1e3810e73c39","name":"Lorenzo Verduzco","image":{"@type":"ImageObject","inLanguage":"es","@id":"https:\/\/secure.gravatar.com\/avatar\/fb81a55b6218459490a9c1dc841a34909185b81904c5337b4b27f7a6fd60c49e?s=96&d=mm&r=g","url":"https:\/\/secure.gravatar.com\/avatar\/fb81a55b6218459490a9c1dc841a34909185b81904c5337b4b27f7a6fd60c49e?s=96&d=mm&r=g","contentUrl":"https:\/\/secure.gravatar.com\/avatar\/fb81a55b6218459490a9c1dc841a34909185b81904c5337b4b27f7a6fd60c49e?s=96&d=mm&r=g","caption":"Lorenzo Verduzco"}}]}},"_links":{"self":[{"href":"https:\/\/interamerica.org\/es\/wp-json\/wp\/v2\/posts\/30736","targetHints":{"allow":["GET"]}}],"collection":[{"href":"https:\/\/interamerica.org\/es\/wp-json\/wp\/v2\/posts"}],"about":[{"href":"https:\/\/interamerica.org\/es\/wp-json\/wp\/v2\/types\/post"}],"author":[{"embeddable":true,"href":"https:\/\/interamerica.org\/es\/wp-json\/wp\/v2\/users\/1"}],"replies":[{"embeddable":true,"href":"https:\/\/interamerica.org\/es\/wp-json\/wp\/v2\/comments?post=30736"}],"version-history":[{"count":0,"href":"https:\/\/interamerica.org\/es\/wp-json\/wp\/v2\/posts\/30736\/revisions"}],"wp:featuredmedia":[{"embeddable":true,"href":"https:\/\/interamerica.org\/es\/wp-json\/wp\/v2\/media\/24459"}],"wp:attachment":[{"href":"https:\/\/interamerica.org\/es\/wp-json\/wp\/v2\/media?parent=30736"}],"wp:term":[{"taxonomy":"category","embeddable":true,"href":"https:\/\/interamerica.org\/es\/wp-json\/wp\/v2\/categories?post=30736"},{"taxonomy":"post_tag","embeddable":true,"href":"https:\/\/interamerica.org\/es\/wp-json\/wp\/v2\/tags?post=30736"}],"curies":[{"name":"wp","href":"https:\/\/api.w.org\/{rel}","templated":true}]}}