{"id":30737,"date":"2015-02-25T00:00:00","date_gmt":"2015-02-25T04:00:00","guid":{"rendered":"http:\/\/192.81.217.108\/interamerica\/2015\/02\/presidente-de-kenia-promete-apoyo-para-la-educacion-adventista\/"},"modified":"2015-02-25T00:00:00","modified_gmt":"2015-02-25T04:00:00","slug":"presidente-de-kenia-promete-apoyo-para-la-educacion-adventista","status":"publish","type":"post","link":"https:\/\/interamerica.org\/es\/2015\/02\/presidente-de-kenia-promete-apoyo-para-la-educacion-adventista\/","title":{"rendered":"Presidente de Kenia promete apoyo para la educaci\u00f3n adventista"},"content":{"rendered":"<p>24 de febrero de 2015 | Nairobi, Kenia | Philip Baptiste\/ECD\/ANN<\/p>\n<div id=\"attachment_15329\" style=\"width: 410px\" class=\"wp-caption alignleft\"><a href=\"\/interamerica\/wp-content\/uploads\/2017\/06\/csm_kenya_prez_3_web_f870a81e7b.jpg\" rel=\"fancybox\" title=\"Presidente de Kenia promete apoyo para la educaci\u00f3n adventista\"><img fetchpriority=\"high\" decoding=\"async\" aria-describedby=\"caption-attachment-15329\" class=\"size-full wp-image-15329 \" src=\"\/interamerica\/wp-content\/uploads\/2017\/06\/csm_kenya_prez_3_web_f870a81e7b.jpg\" alt=\"\" width=\"400\" height=\"261\" \/><\/a><p id=\"caption-attachment-15329\" class=\"wp-caption-text\">El presidente de Kenia, Uhuru Kenyatta, habla en la Universidad Adventista de \u00c1frica el domingo 22 de febrero, durante una ceremonia de lanzamiento del proyecto de un nuevo complejo de Ciencias de la Salud. Imagen de Steve Bina<\/p><\/div>\n<p>El presidente de Kenia, Uhuru Kenyatta, visit\u00f3 el campus principal de la Universidad Adventista del \u00c1frica (AUA) el domingo pasado para apoyar la construcci\u00f3n de un nuevo complejo de Ciencias de la Salud.<\/p>\n<p>En un discurso frente a una multitud de casi cuatro mil personas, Kenyatta prometi\u00f3 su apoyo financiero a la iniciativa y felicit\u00f3 a la Iglesia Adventista por ser un \u00absocio ejemplar para la transformaci\u00f3n de Kenia\u00bb.<\/p>\n<p>\u00abLa Iglesia Adventista ha cumplido un papel fundamental para elevar a nuestras comunidades, empoderar a nuestros ciudadanos y construir nuestra naci\u00f3n\u00bb, dijo Kenyatta, al referirse a las numerosas iglesias e instituciones educativas a lo largo y a lo ancho de esta naci\u00f3n de \u00c1frica Oriental.<\/p>\n<p>El principal campus de la Universidad Adventista de \u00c1frica se encuentra en la Divisi\u00f3n de \u00c1frica Centro-Oriental de la Iglesia Adventista, ubicado en Ongata Rongai, una regi\u00f3n en las afueras de Nairobi.<\/p>\n<p>Aunque con sede en Kenia, la instituci\u00f3n, que est\u00e1 directamente afiliada con la sede central de la Iglesia Adventista, ofrece una educaci\u00f3n a nivel de posgrado para todo \u00c1frica. Los programas doctorales se ense\u00f1an en el campus principal, y otros programas (como los de teolog\u00eda y el de administraci\u00f3n), se ofrecen con profesores itinerantes en diversas sedes del continente.<\/p>\n<p>Kenyatta, que estuvo acompa\u00f1ado por el vicepresidente William Ruto y otros funcionarios, felicit\u00f3 asimismo a la universidad adventista por tener una visi\u00f3n progresista a la vez que ocupa un nicho, al ser la \u00fanica universidad de Kenia dedicada exclusivamente a los estudios de posgrado. Tambi\u00e9n felicit\u00f3 al sistema educativo de la Iglesia Adventista por el calibre y la escala de sus servicios educativos.<\/p>\n<p>Kenyatta concluy\u00f3 sus declaraciones agradeciendo a la Iglesia Adventista por demostrar un discipulado, una compasi\u00f3n y una filantrop\u00eda ejemplares.<\/p>\n<p>\u00abAl tocar los corazones, mejorar las mentes y sanar a los enfermos, incorporan a la pr\u00e1ctica la Palabra de Dios como una luz para la raza humana\u00bb, expres\u00f3.<\/p>\n<p>Blasious Ruguri, presidente de la Divisi\u00f3n de \u00c1frica Centro-Oriental de la Iglesia Adventista, agradeci\u00f3 al presidente de la naci\u00f3n por brindar apoyo para el proyecto. Al referirse a la historia en la que Jes\u00fas pidi\u00f3 a sus disc\u00edpulos que encontraran un pollino que pudieran desatar y traer para que \u00e9l lo usara para su entrada triunfal, Ruguri anim\u00f3 a la audiencia a \u00abdesatar sus pollinos\u00bb, es decir, a dejar ir a algunos de sus fondos para la misi\u00f3n.<\/p>\n<p>El presidente Kenyatta fue el primero en hacer una donaci\u00f3n, dando una contribuci\u00f3n de m\u00e1s de dos millones de chelines kenianos (casi 22 mil d\u00f3lares) para ser usados en el proyecto del complejo de Ciencias de la Salud. Cientos de l\u00edderes del gobierno y de la Iglesia Adventista tambi\u00e9n contribuyeron con el proyecto.<\/p>\n<p>El fil\u00e1ntropo Simeon Nyachae tambi\u00e9n se dirigi\u00f3 a la multitud. Al presentar al presidente, felicit\u00f3 a la iglesia por salvar la vida de su madre, que necesit\u00f3 un procedimiento quir\u00fargico que recibi\u00f3 en un hospital adventista en 1942. Nyachae dijo que ella vivi\u00f3 hasta los 102 a\u00f1os.<\/p>\n<p><em>Traducci\u00f3n de Marcos Paseggi<\/em><\/p>\n","protected":false},"excerpt":{"rendered":"<p>El presidente de Kenia, Uhuru Kenyatta, visit\u00f3 el campus principal de la Universidad Adventista del \u00c1frica (AUA) el domingo pasado para apoyar la construcci\u00f3n de un nuevo complejo de Ciencias de la Salud. <\/p>\n<p>En un discurso frente a una multitud de casi cuatro mil personas, Kenyatta prometi\u00f3 su apoyo financiero a la iniciativa y felicit\u00f3 a la Iglesia Adventista por ser un \u00absocio ejemplar para la transformaci\u00f3n de Kenia\u00bb.<\/p>\n","protected":false},"author":1,"featured_media":24478,"comment_status":"closed","ping_status":"closed","sticky":false,"template":"","format":"standard","meta":{"_acf_changed":false,"footnotes":""},"categories":[14,15],"tags":[],"class_list":["post-30737","post","type-post","status-publish","format-standard","has-post-thumbnail","hentry","category-de-la-iglesia-mundial","category-rss-espanol"],"acf":[],"yoast_head":"<!-- This site is optimized with the Yoast SEO plugin v27.3 - https:\/\/yoast.com\/product\/yoast-seo-wordpress\/ -->\n<title>Presidente de Kenia promete apoyo para la educaci\u00f3n adventista - Iglesia Adventista del S\u00e9ptimo D\u00eda - Divisi\u00f3n Interamericana<\/title>\n<meta name=\"robots\" content=\"index, follow, max-snippet:-1, max-image-preview:large, max-video-preview:-1\" \/>\n<link rel=\"canonical\" href=\"https:\/\/interamerica.org\/es\/2015\/02\/presidente-de-kenia-promete-apoyo-para-la-educacion-adventista\/\" \/>\n<meta property=\"og:locale\" content=\"es_ES\" \/>\n<meta property=\"og:type\" content=\"article\" \/>\n<meta property=\"og:title\" content=\"Presidente de Kenia promete apoyo para la educaci\u00f3n adventista - Iglesia Adventista del S\u00e9ptimo D\u00eda - Divisi\u00f3n Interamericana\" \/>\n<meta property=\"og:description\" content=\"El presidente de Kenia, Uhuru Kenyatta, visit\u00f3 el campus principal de la Universidad Adventista del \u00c1frica (AUA) el domingo pasado para apoyar la construcci\u00f3n de un nuevo complejo de Ciencias de la Salud.  En un discurso frente a una multitud de casi cuatro mil personas, Kenyatta prometi\u00f3 su apoyo financiero a la iniciativa y felicit\u00f3 a la Iglesia Adventista por ser un &quot;socio ejemplar para la transformaci\u00f3n de Kenia&quot;.\" \/>\n<meta property=\"og:url\" content=\"https:\/\/interamerica.org\/es\/2015\/02\/presidente-de-kenia-promete-apoyo-para-la-educacion-adventista\/\" \/>\n<meta property=\"og:site_name\" content=\"Iglesia Adventista del S\u00e9ptimo D\u00eda - Divisi\u00f3n Interamericana\" \/>\n<meta property=\"article:published_time\" content=\"2015-02-25T04:00:00+00:00\" \/>\n<meta property=\"og:image\" content=\"https:\/\/interamerica.org\/wp-content\/uploads\/2017\/06\/csm_kenya_prez_3_web_f870a81e7b.jpg\" \/>\n\t<meta property=\"og:image:width\" content=\"400\" \/>\n\t<meta property=\"og:image:height\" content=\"261\" \/>\n\t<meta property=\"og:image:type\" content=\"image\/jpeg\" \/>\n<meta name=\"author\" content=\"Lorenzo Verduzco\" \/>\n<meta name=\"twitter:card\" content=\"summary_large_image\" \/>\n<meta name=\"twitter:label1\" content=\"Escrito por\" \/>\n\t<meta name=\"twitter:data1\" content=\"Lorenzo Verduzco\" \/>\n\t<meta name=\"twitter:label2\" content=\"Tiempo de lectura\" \/>\n\t<meta name=\"twitter:data2\" content=\"3 minutos\" \/>\n<script type=\"application\/ld+json\" class=\"yoast-schema-graph\">{\"@context\":\"https:\\\/\\\/schema.org\",\"@graph\":[{\"@type\":\"Article\",\"@id\":\"https:\\\/\\\/interamerica.org\\\/es\\\/2015\\\/02\\\/presidente-de-kenia-promete-apoyo-para-la-educacion-adventista\\\/#article\",\"isPartOf\":{\"@id\":\"https:\\\/\\\/interamerica.org\\\/es\\\/2015\\\/02\\\/presidente-de-kenia-promete-apoyo-para-la-educacion-adventista\\\/\"},\"author\":{\"name\":\"Lorenzo Verduzco\",\"@id\":\"https:\\\/\\\/interamerica.org\\\/es\\\/#\\\/schema\\\/person\\\/68ede8bdc292885bb76c1e3810e73c39\"},\"headline\":\"Presidente de Kenia promete apoyo para la educaci\u00f3n adventista\",\"datePublished\":\"2015-02-25T04:00:00+00:00\",\"mainEntityOfPage\":{\"@id\":\"https:\\\/\\\/interamerica.org\\\/es\\\/2015\\\/02\\\/presidente-de-kenia-promete-apoyo-para-la-educacion-adventista\\\/\"},\"wordCount\":590,\"image\":{\"@id\":\"https:\\\/\\\/interamerica.org\\\/es\\\/2015\\\/02\\\/presidente-de-kenia-promete-apoyo-para-la-educacion-adventista\\\/#primaryimage\"},\"thumbnailUrl\":\"https:\\\/\\\/interamerica.org\\\/wp-content\\\/uploads\\\/2017\\\/06\\\/csm_kenya_prez_3_web_f870a81e7b.jpg\",\"articleSection\":[\"Desde la iglesia mundial\",\"RSS Espa\u00f1ol\"],\"inLanguage\":\"es\"},{\"@type\":\"WebPage\",\"@id\":\"https:\\\/\\\/interamerica.org\\\/es\\\/2015\\\/02\\\/presidente-de-kenia-promete-apoyo-para-la-educacion-adventista\\\/\",\"url\":\"https:\\\/\\\/interamerica.org\\\/es\\\/2015\\\/02\\\/presidente-de-kenia-promete-apoyo-para-la-educacion-adventista\\\/\",\"name\":\"Presidente de Kenia promete apoyo para la educaci\u00f3n adventista - Iglesia Adventista del S\u00e9ptimo D\u00eda - Divisi\u00f3n Interamericana\",\"isPartOf\":{\"@id\":\"https:\\\/\\\/interamerica.org\\\/es\\\/#website\"},\"primaryImageOfPage\":{\"@id\":\"https:\\\/\\\/interamerica.org\\\/es\\\/2015\\\/02\\\/presidente-de-kenia-promete-apoyo-para-la-educacion-adventista\\\/#primaryimage\"},\"image\":{\"@id\":\"https:\\\/\\\/interamerica.org\\\/es\\\/2015\\\/02\\\/presidente-de-kenia-promete-apoyo-para-la-educacion-adventista\\\/#primaryimage\"},\"thumbnailUrl\":\"https:\\\/\\\/interamerica.org\\\/wp-content\\\/uploads\\\/2017\\\/06\\\/csm_kenya_prez_3_web_f870a81e7b.jpg\",\"datePublished\":\"2015-02-25T04:00:00+00:00\",\"author\":{\"@id\":\"https:\\\/\\\/interamerica.org\\\/es\\\/#\\\/schema\\\/person\\\/68ede8bdc292885bb76c1e3810e73c39\"},\"breadcrumb\":{\"@id\":\"https:\\\/\\\/interamerica.org\\\/es\\\/2015\\\/02\\\/presidente-de-kenia-promete-apoyo-para-la-educacion-adventista\\\/#breadcrumb\"},\"inLanguage\":\"es\",\"potentialAction\":[{\"@type\":\"ReadAction\",\"target\":[\"https:\\\/\\\/interamerica.org\\\/es\\\/2015\\\/02\\\/presidente-de-kenia-promete-apoyo-para-la-educacion-adventista\\\/\"]}]},{\"@type\":\"ImageObject\",\"inLanguage\":\"es\",\"@id\":\"https:\\\/\\\/interamerica.org\\\/es\\\/2015\\\/02\\\/presidente-de-kenia-promete-apoyo-para-la-educacion-adventista\\\/#primaryimage\",\"url\":\"https:\\\/\\\/interamerica.org\\\/wp-content\\\/uploads\\\/2017\\\/06\\\/csm_kenya_prez_3_web_f870a81e7b.jpg\",\"contentUrl\":\"https:\\\/\\\/interamerica.org\\\/wp-content\\\/uploads\\\/2017\\\/06\\\/csm_kenya_prez_3_web_f870a81e7b.jpg\",\"width\":400,\"height\":261},{\"@type\":\"BreadcrumbList\",\"@id\":\"https:\\\/\\\/interamerica.org\\\/es\\\/2015\\\/02\\\/presidente-de-kenia-promete-apoyo-para-la-educacion-adventista\\\/#breadcrumb\",\"itemListElement\":[{\"@type\":\"ListItem\",\"position\":1,\"name\":\"Home\",\"item\":\"https:\\\/\\\/interamerica.org\\\/es\\\/\"},{\"@type\":\"ListItem\",\"position\":2,\"name\":\"Presidente de Kenia promete apoyo para la educaci\u00f3n adventista\"}]},{\"@type\":\"WebSite\",\"@id\":\"https:\\\/\\\/interamerica.org\\\/es\\\/#website\",\"url\":\"https:\\\/\\\/interamerica.org\\\/es\\\/\",\"name\":\"Iglesia Adventista del S\u00e9ptimo D\u00eda - Divisi\u00f3n Interamericana\",\"description\":\"\",\"potentialAction\":[{\"@type\":\"SearchAction\",\"target\":{\"@type\":\"EntryPoint\",\"urlTemplate\":\"https:\\\/\\\/interamerica.org\\\/es\\\/?s={search_term_string}\"},\"query-input\":{\"@type\":\"PropertyValueSpecification\",\"valueRequired\":true,\"valueName\":\"search_term_string\"}}],\"inLanguage\":\"es\"},{\"@type\":\"Person\",\"@id\":\"https:\\\/\\\/interamerica.org\\\/es\\\/#\\\/schema\\\/person\\\/68ede8bdc292885bb76c1e3810e73c39\",\"name\":\"Lorenzo Verduzco\",\"image\":{\"@type\":\"ImageObject\",\"inLanguage\":\"es\",\"@id\":\"https:\\\/\\\/secure.gravatar.com\\\/avatar\\\/fb81a55b6218459490a9c1dc841a34909185b81904c5337b4b27f7a6fd60c49e?s=96&d=mm&r=g\",\"url\":\"https:\\\/\\\/secure.gravatar.com\\\/avatar\\\/fb81a55b6218459490a9c1dc841a34909185b81904c5337b4b27f7a6fd60c49e?s=96&d=mm&r=g\",\"contentUrl\":\"https:\\\/\\\/secure.gravatar.com\\\/avatar\\\/fb81a55b6218459490a9c1dc841a34909185b81904c5337b4b27f7a6fd60c49e?s=96&d=mm&r=g\",\"caption\":\"Lorenzo Verduzco\"}}]}<\/script>\n<!-- \/ Yoast SEO plugin. -->","yoast_head_json":{"title":"Presidente de Kenia promete apoyo para la educaci\u00f3n adventista - Iglesia Adventista del S\u00e9ptimo D\u00eda - Divisi\u00f3n Interamericana","robots":{"index":"index","follow":"follow","max-snippet":"max-snippet:-1","max-image-preview":"max-image-preview:large","max-video-preview":"max-video-preview:-1"},"canonical":"https:\/\/interamerica.org\/es\/2015\/02\/presidente-de-kenia-promete-apoyo-para-la-educacion-adventista\/","og_locale":"es_ES","og_type":"article","og_title":"Presidente de Kenia promete apoyo para la educaci\u00f3n adventista - Iglesia Adventista del S\u00e9ptimo D\u00eda - Divisi\u00f3n Interamericana","og_description":"El presidente de Kenia, Uhuru Kenyatta, visit\u00f3 el campus principal de la Universidad Adventista del \u00c1frica (AUA) el domingo pasado para apoyar la construcci\u00f3n de un nuevo complejo de Ciencias de la Salud.  En un discurso frente a una multitud de casi cuatro mil personas, Kenyatta prometi\u00f3 su apoyo financiero a la iniciativa y felicit\u00f3 a la Iglesia Adventista por ser un \"socio ejemplar para la transformaci\u00f3n de Kenia\".","og_url":"https:\/\/interamerica.org\/es\/2015\/02\/presidente-de-kenia-promete-apoyo-para-la-educacion-adventista\/","og_site_name":"Iglesia Adventista del S\u00e9ptimo D\u00eda - Divisi\u00f3n Interamericana","article_published_time":"2015-02-25T04:00:00+00:00","og_image":[{"width":400,"height":261,"url":"https:\/\/interamerica.org\/wp-content\/uploads\/2017\/06\/csm_kenya_prez_3_web_f870a81e7b.jpg","type":"image\/jpeg"}],"author":"Lorenzo Verduzco","twitter_card":"summary_large_image","twitter_misc":{"Escrito por":"Lorenzo Verduzco","Tiempo de lectura":"3 minutos"},"schema":{"@context":"https:\/\/schema.org","@graph":[{"@type":"Article","@id":"https:\/\/interamerica.org\/es\/2015\/02\/presidente-de-kenia-promete-apoyo-para-la-educacion-adventista\/#article","isPartOf":{"@id":"https:\/\/interamerica.org\/es\/2015\/02\/presidente-de-kenia-promete-apoyo-para-la-educacion-adventista\/"},"author":{"name":"Lorenzo Verduzco","@id":"https:\/\/interamerica.org\/es\/#\/schema\/person\/68ede8bdc292885bb76c1e3810e73c39"},"headline":"Presidente de Kenia promete apoyo para la educaci\u00f3n adventista","datePublished":"2015-02-25T04:00:00+00:00","mainEntityOfPage":{"@id":"https:\/\/interamerica.org\/es\/2015\/02\/presidente-de-kenia-promete-apoyo-para-la-educacion-adventista\/"},"wordCount":590,"image":{"@id":"https:\/\/interamerica.org\/es\/2015\/02\/presidente-de-kenia-promete-apoyo-para-la-educacion-adventista\/#primaryimage"},"thumbnailUrl":"https:\/\/interamerica.org\/wp-content\/uploads\/2017\/06\/csm_kenya_prez_3_web_f870a81e7b.jpg","articleSection":["Desde la iglesia mundial","RSS Espa\u00f1ol"],"inLanguage":"es"},{"@type":"WebPage","@id":"https:\/\/interamerica.org\/es\/2015\/02\/presidente-de-kenia-promete-apoyo-para-la-educacion-adventista\/","url":"https:\/\/interamerica.org\/es\/2015\/02\/presidente-de-kenia-promete-apoyo-para-la-educacion-adventista\/","name":"Presidente de Kenia promete apoyo para la educaci\u00f3n adventista - Iglesia Adventista del S\u00e9ptimo D\u00eda - Divisi\u00f3n Interamericana","isPartOf":{"@id":"https:\/\/interamerica.org\/es\/#website"},"primaryImageOfPage":{"@id":"https:\/\/interamerica.org\/es\/2015\/02\/presidente-de-kenia-promete-apoyo-para-la-educacion-adventista\/#primaryimage"},"image":{"@id":"https:\/\/interamerica.org\/es\/2015\/02\/presidente-de-kenia-promete-apoyo-para-la-educacion-adventista\/#primaryimage"},"thumbnailUrl":"https:\/\/interamerica.org\/wp-content\/uploads\/2017\/06\/csm_kenya_prez_3_web_f870a81e7b.jpg","datePublished":"2015-02-25T04:00:00+00:00","author":{"@id":"https:\/\/interamerica.org\/es\/#\/schema\/person\/68ede8bdc292885bb76c1e3810e73c39"},"breadcrumb":{"@id":"https:\/\/interamerica.org\/es\/2015\/02\/presidente-de-kenia-promete-apoyo-para-la-educacion-adventista\/#breadcrumb"},"inLanguage":"es","potentialAction":[{"@type":"ReadAction","target":["https:\/\/interamerica.org\/es\/2015\/02\/presidente-de-kenia-promete-apoyo-para-la-educacion-adventista\/"]}]},{"@type":"ImageObject","inLanguage":"es","@id":"https:\/\/interamerica.org\/es\/2015\/02\/presidente-de-kenia-promete-apoyo-para-la-educacion-adventista\/#primaryimage","url":"https:\/\/interamerica.org\/wp-content\/uploads\/2017\/06\/csm_kenya_prez_3_web_f870a81e7b.jpg","contentUrl":"https:\/\/interamerica.org\/wp-content\/uploads\/2017\/06\/csm_kenya_prez_3_web_f870a81e7b.jpg","width":400,"height":261},{"@type":"BreadcrumbList","@id":"https:\/\/interamerica.org\/es\/2015\/02\/presidente-de-kenia-promete-apoyo-para-la-educacion-adventista\/#breadcrumb","itemListElement":[{"@type":"ListItem","position":1,"name":"Home","item":"https:\/\/interamerica.org\/es\/"},{"@type":"ListItem","position":2,"name":"Presidente de Kenia promete apoyo para la educaci\u00f3n adventista"}]},{"@type":"WebSite","@id":"https:\/\/interamerica.org\/es\/#website","url":"https:\/\/interamerica.org\/es\/","name":"Iglesia Adventista del S\u00e9ptimo D\u00eda - Divisi\u00f3n Interamericana","description":"","potentialAction":[{"@type":"SearchAction","target":{"@type":"EntryPoint","urlTemplate":"https:\/\/interamerica.org\/es\/?s={search_term_string}"},"query-input":{"@type":"PropertyValueSpecification","valueRequired":true,"valueName":"search_term_string"}}],"inLanguage":"es"},{"@type":"Person","@id":"https:\/\/interamerica.org\/es\/#\/schema\/person\/68ede8bdc292885bb76c1e3810e73c39","name":"Lorenzo Verduzco","image":{"@type":"ImageObject","inLanguage":"es","@id":"https:\/\/secure.gravatar.com\/avatar\/fb81a55b6218459490a9c1dc841a34909185b81904c5337b4b27f7a6fd60c49e?s=96&d=mm&r=g","url":"https:\/\/secure.gravatar.com\/avatar\/fb81a55b6218459490a9c1dc841a34909185b81904c5337b4b27f7a6fd60c49e?s=96&d=mm&r=g","contentUrl":"https:\/\/secure.gravatar.com\/avatar\/fb81a55b6218459490a9c1dc841a34909185b81904c5337b4b27f7a6fd60c49e?s=96&d=mm&r=g","caption":"Lorenzo Verduzco"}}]}},"_links":{"self":[{"href":"https:\/\/interamerica.org\/es\/wp-json\/wp\/v2\/posts\/30737","targetHints":{"allow":["GET"]}}],"collection":[{"href":"https:\/\/interamerica.org\/es\/wp-json\/wp\/v2\/posts"}],"about":[{"href":"https:\/\/interamerica.org\/es\/wp-json\/wp\/v2\/types\/post"}],"author":[{"embeddable":true,"href":"https:\/\/interamerica.org\/es\/wp-json\/wp\/v2\/users\/1"}],"replies":[{"embeddable":true,"href":"https:\/\/interamerica.org\/es\/wp-json\/wp\/v2\/comments?post=30737"}],"version-history":[{"count":0,"href":"https:\/\/interamerica.org\/es\/wp-json\/wp\/v2\/posts\/30737\/revisions"}],"wp:featuredmedia":[{"embeddable":true,"href":"https:\/\/interamerica.org\/es\/wp-json\/wp\/v2\/media\/24478"}],"wp:attachment":[{"href":"https:\/\/interamerica.org\/es\/wp-json\/wp\/v2\/media?parent=30737"}],"wp:term":[{"taxonomy":"category","embeddable":true,"href":"https:\/\/interamerica.org\/es\/wp-json\/wp\/v2\/categories?post=30737"},{"taxonomy":"post_tag","embeddable":true,"href":"https:\/\/interamerica.org\/es\/wp-json\/wp\/v2\/tags?post=30737"}],"curies":[{"name":"wp","href":"https:\/\/api.w.org\/{rel}","templated":true}]}}