{"id":30738,"date":"2015-03-01T00:00:00","date_gmt":"2015-03-01T04:00:00","guid":{"rendered":"http:\/\/192.81.217.108\/interamerica\/2015\/03\/cnn-analiza-a-los-adventistas-en-programa-sobre-vida-sana\/"},"modified":"2015-03-01T00:00:00","modified_gmt":"2015-03-01T04:00:00","slug":"cnn-analiza-a-los-adventistas-en-programa-sobre-vida-sana","status":"publish","type":"post","link":"https:\/\/interamerica.org\/es\/2015\/03\/cnn-analiza-a-los-adventistas-en-programa-sobre-vida-sana\/","title":{"rendered":"CNN analiza a los adventistas en programa sobre vida sana"},"content":{"rendered":"<div id=\"attachment_15359\" style=\"width: 310px\" class=\"wp-caption alignright\"><a href=\"\/interamerica\/wp-content\/uploads\/2017\/06\/csm_Screen_Shot_2015-02-27_at_6.14.51_PM_7a27a92877.png\" rel=\"fancybox\" title=\"CNN analiza a los adventistas en programa sobre vida sana\"><img decoding=\"async\" aria-describedby=\"caption-attachment-15359\" class=\"size-medium wp-image-15359\" src=\"\/interamerica\/wp-content\/uploads\/2017\/06\/csm_Screen_Shot_2015-02-27_at_6.14.51_PM_7a27a92877-300x166.png\" alt=\"\" width=\"300\" height=\"166\" \/><\/a><p id=\"caption-attachment-15359\" class=\"wp-caption-text\">El doctor Sanjay Gupta, corresponsal de CNN (izquierda), entrevista al doctor Richard Hart, presidente de Salud de la Universidad de Loma Linda, en un fotograma del programa.<\/p><\/div>\n<p>27 de febrero de 2015 | Silver Spring, Maryland, Estados Unidos | Salud de la Universidad de Loma y Adventist Review<\/p>\n<p>El canal CNN de televisi\u00f3n analiz\u00f3 a la Universidad de Loma Linda y la comunidad adventista que la rodea en el sur de California en un programa que comparti\u00f3 c\u00f3mo disfrutar de una vida m\u00e1s larga y saludable.<\/p>\n<p>El programa de media hora titulado \u00abSe\u00f1ales vitales con el doctor Sanjay Gupta\u00bb est\u00e1 siendo transmitido por CNN Internacional durante el mes de febrero, y busca responder a la pregunta: \u00ab\u00bfQu\u00e9 puede hacer cada uno de nosotros para disfrutar de una vida m\u00e1s sana, m\u00e1s feliz y m\u00e1s larga?\u00bb<\/p>\n<p>El segmento de apertura del programa es la ciudad de Loma Linda, y los entrevistados mencionan los factores clave de la vida sana, dado que dicen seguir un r\u00e9gimen alimentario vegetariano, hacer ejercicio en forma peri\u00f3dica, descansar y relajarse, y disfrutar de conexiones sociales cercanas. Tambi\u00e9n se refieren a la importancia de tener un sentido de misi\u00f3n, que para los adventistas est\u00e1 estrechamente vinculado con su fe en Dios y la esperanza del pronto regreso de Cristo.<\/p>\n<p>Uno de los factores clave para disfrutar de una vida mejor es \u00abtener un prop\u00f3sito en lo que uno hace\u00bb, expresa en el programa Richard H. Hart, presidente de Salud de la Universidad de Loma Linda.<\/p>\n<p>Gupta, que es el principal corresponsal m\u00e9dico de CNN, destaca que los adventistas observan el s\u00e1bado como d\u00eda de reposo, lo que les brinda un reparo del estr\u00e9s de casa d\u00eda y la oportunidad de reunirse con otros adventistas. \u00abLos adventistas tambi\u00e9n observan el reposo sab\u00e1tico estricto. Es un momento de desenchufarse, relajarse, y pasar tiempo con personas de disposiciones similares\u00bb, explica.<\/p>\n<p>El escritor y explorador Dan Buettner explica en el programa que un secreto para vivir m\u00e1s es pasar tiempo con personas con los mismos intereses de salud en lugar de los que comen mal y no hacen ejercicio.<\/p>\n<p>En el programa, Gupta se enfoca en los puntos en com\u00fan de las cinco \u00abZonas azules\u00bb del planeta, que Buettner ha identificado como zonas donde los residentes viven por m\u00e1s tiempo. Loma Linda es la \u00fanica \u00abZona Azul\u00bb de los Estados Unidos.<\/p>\n<p>Salud de la Universidad de Loma Linda tambi\u00e9n tiene la distinci\u00f3n de participar en la investigaci\u00f3n m\u00e1s extensa del mundo sobre el envejecimiento y la longevidad. Los estudios, denominados colectivamente los \u00abEstudios Adventistas de Salud\u00bb, son mencionados en el programa.<\/p>\n<p>El programa de CNN se encuentra en Internet, y puede mirarse por ese medio.<\/p>\n<p>En los \u00faltimos a\u00f1os, los adventistas de Loma Linda han aparecido en diversas organizaciones de medios. Adem\u00e1s del programa citado de CNN, los adventistas de Loma Linda han ocupado un lugar destacado en un extenso art\u00edculo de la Christian Broadcasting Network News que se titula: \u00abSecretos de la longevidad revelados en el estilo de vida de una denominaci\u00f3n\u00bb.<\/p>\n<p><em>Traducci\u00f3n de Marcos Paseggi<\/em><\/p>\n","protected":false},"excerpt":{"rendered":"<p>El canal CNN de televisi\u00f3n analiz\u00f3 a la Universidad de Loma Linda y la comunidad adventista que la rodea en el sur de California en un programa que comparti\u00f3 c\u00f3mo disfrutar de una vida m\u00e1s larga y saludable. <\/p>\n<p>El programa de media hora titulado \u00abSe\u00f1ales vitales con el doctor Sanjay Gupta\u00bb est\u00e1 siendo transmitido por CNN Internacional durante el mes de febrero, y busca responder a la pregunta: \u00ab\u00bfQu\u00e9 puede hacer cada uno de nosotros para disfrutar de una vida m\u00e1s sana, m\u00e1s feliz y m\u00e1s larga?\u00bb<\/p>\n","protected":false},"author":1,"featured_media":24482,"comment_status":"closed","ping_status":"closed","sticky":false,"template":"","format":"standard","meta":{"_acf_changed":false,"footnotes":""},"categories":[14,15],"tags":[],"class_list":["post-30738","post","type-post","status-publish","format-standard","has-post-thumbnail","hentry","category-de-la-iglesia-mundial","category-rss-espanol"],"acf":[],"yoast_head":"<!-- This site is optimized with the Yoast SEO plugin v27.3 - https:\/\/yoast.com\/product\/yoast-seo-wordpress\/ -->\n<title>CNN analiza a los adventistas en programa sobre vida sana - Iglesia Adventista del S\u00e9ptimo D\u00eda - Divisi\u00f3n Interamericana<\/title>\n<meta name=\"robots\" content=\"index, follow, max-snippet:-1, max-image-preview:large, max-video-preview:-1\" \/>\n<link rel=\"canonical\" href=\"https:\/\/interamerica.org\/es\/2015\/03\/cnn-analiza-a-los-adventistas-en-programa-sobre-vida-sana\/\" \/>\n<meta property=\"og:locale\" content=\"es_ES\" \/>\n<meta property=\"og:type\" content=\"article\" \/>\n<meta property=\"og:title\" content=\"CNN analiza a los adventistas en programa sobre vida sana - Iglesia Adventista del S\u00e9ptimo D\u00eda - Divisi\u00f3n Interamericana\" \/>\n<meta property=\"og:description\" content=\"El canal CNN de televisi\u00f3n analiz\u00f3 a la Universidad de Loma Linda y la comunidad adventista que la rodea en el sur de California en un programa que comparti\u00f3 c\u00f3mo disfrutar de una vida m\u00e1s larga y saludable.  El programa de media hora titulado &quot;Se\u00f1ales vitales con el doctor Sanjay Gupta&quot; est\u00e1 siendo transmitido por CNN Internacional durante el mes de febrero, y busca responder a la pregunta: &quot;\u00bfQu\u00e9 puede hacer cada uno de nosotros para disfrutar de una vida m\u00e1s sana, m\u00e1s feliz y m\u00e1s larga?&quot;\" \/>\n<meta property=\"og:url\" content=\"https:\/\/interamerica.org\/es\/2015\/03\/cnn-analiza-a-los-adventistas-en-programa-sobre-vida-sana\/\" \/>\n<meta property=\"og:site_name\" content=\"Iglesia Adventista del S\u00e9ptimo D\u00eda - Divisi\u00f3n Interamericana\" \/>\n<meta property=\"article:published_time\" content=\"2015-03-01T04:00:00+00:00\" \/>\n<meta property=\"og:image\" content=\"https:\/\/interamerica.org\/wp-content\/uploads\/2017\/06\/csm_Screen_Shot_2015-02-27_at_6.14.51_PM_7a27a92877.png\" \/>\n\t<meta property=\"og:image:width\" content=\"800\" \/>\n\t<meta property=\"og:image:height\" content=\"443\" \/>\n\t<meta property=\"og:image:type\" content=\"image\/png\" \/>\n<meta name=\"author\" content=\"Lorenzo Verduzco\" \/>\n<meta name=\"twitter:card\" content=\"summary_large_image\" \/>\n<meta name=\"twitter:label1\" content=\"Escrito por\" \/>\n\t<meta name=\"twitter:data1\" content=\"Lorenzo Verduzco\" \/>\n\t<meta name=\"twitter:label2\" content=\"Tiempo de lectura\" \/>\n\t<meta name=\"twitter:data2\" content=\"3 minutos\" \/>\n<script type=\"application\/ld+json\" class=\"yoast-schema-graph\">{\"@context\":\"https:\\\/\\\/schema.org\",\"@graph\":[{\"@type\":\"Article\",\"@id\":\"https:\\\/\\\/interamerica.org\\\/es\\\/2015\\\/03\\\/cnn-analiza-a-los-adventistas-en-programa-sobre-vida-sana\\\/#article\",\"isPartOf\":{\"@id\":\"https:\\\/\\\/interamerica.org\\\/es\\\/2015\\\/03\\\/cnn-analiza-a-los-adventistas-en-programa-sobre-vida-sana\\\/\"},\"author\":{\"name\":\"Lorenzo Verduzco\",\"@id\":\"https:\\\/\\\/interamerica.org\\\/es\\\/#\\\/schema\\\/person\\\/68ede8bdc292885bb76c1e3810e73c39\"},\"headline\":\"CNN analiza a los adventistas en programa sobre vida sana\",\"datePublished\":\"2015-03-01T04:00:00+00:00\",\"mainEntityOfPage\":{\"@id\":\"https:\\\/\\\/interamerica.org\\\/es\\\/2015\\\/03\\\/cnn-analiza-a-los-adventistas-en-programa-sobre-vida-sana\\\/\"},\"wordCount\":550,\"image\":{\"@id\":\"https:\\\/\\\/interamerica.org\\\/es\\\/2015\\\/03\\\/cnn-analiza-a-los-adventistas-en-programa-sobre-vida-sana\\\/#primaryimage\"},\"thumbnailUrl\":\"https:\\\/\\\/interamerica.org\\\/wp-content\\\/uploads\\\/2017\\\/06\\\/csm_Screen_Shot_2015-02-27_at_6.14.51_PM_7a27a92877.png\",\"articleSection\":[\"Desde la iglesia mundial\",\"RSS Espa\u00f1ol\"],\"inLanguage\":\"es\"},{\"@type\":\"WebPage\",\"@id\":\"https:\\\/\\\/interamerica.org\\\/es\\\/2015\\\/03\\\/cnn-analiza-a-los-adventistas-en-programa-sobre-vida-sana\\\/\",\"url\":\"https:\\\/\\\/interamerica.org\\\/es\\\/2015\\\/03\\\/cnn-analiza-a-los-adventistas-en-programa-sobre-vida-sana\\\/\",\"name\":\"CNN analiza a los adventistas en programa sobre vida sana - Iglesia Adventista del S\u00e9ptimo D\u00eda - Divisi\u00f3n Interamericana\",\"isPartOf\":{\"@id\":\"https:\\\/\\\/interamerica.org\\\/es\\\/#website\"},\"primaryImageOfPage\":{\"@id\":\"https:\\\/\\\/interamerica.org\\\/es\\\/2015\\\/03\\\/cnn-analiza-a-los-adventistas-en-programa-sobre-vida-sana\\\/#primaryimage\"},\"image\":{\"@id\":\"https:\\\/\\\/interamerica.org\\\/es\\\/2015\\\/03\\\/cnn-analiza-a-los-adventistas-en-programa-sobre-vida-sana\\\/#primaryimage\"},\"thumbnailUrl\":\"https:\\\/\\\/interamerica.org\\\/wp-content\\\/uploads\\\/2017\\\/06\\\/csm_Screen_Shot_2015-02-27_at_6.14.51_PM_7a27a92877.png\",\"datePublished\":\"2015-03-01T04:00:00+00:00\",\"author\":{\"@id\":\"https:\\\/\\\/interamerica.org\\\/es\\\/#\\\/schema\\\/person\\\/68ede8bdc292885bb76c1e3810e73c39\"},\"breadcrumb\":{\"@id\":\"https:\\\/\\\/interamerica.org\\\/es\\\/2015\\\/03\\\/cnn-analiza-a-los-adventistas-en-programa-sobre-vida-sana\\\/#breadcrumb\"},\"inLanguage\":\"es\",\"potentialAction\":[{\"@type\":\"ReadAction\",\"target\":[\"https:\\\/\\\/interamerica.org\\\/es\\\/2015\\\/03\\\/cnn-analiza-a-los-adventistas-en-programa-sobre-vida-sana\\\/\"]}]},{\"@type\":\"ImageObject\",\"inLanguage\":\"es\",\"@id\":\"https:\\\/\\\/interamerica.org\\\/es\\\/2015\\\/03\\\/cnn-analiza-a-los-adventistas-en-programa-sobre-vida-sana\\\/#primaryimage\",\"url\":\"https:\\\/\\\/interamerica.org\\\/wp-content\\\/uploads\\\/2017\\\/06\\\/csm_Screen_Shot_2015-02-27_at_6.14.51_PM_7a27a92877.png\",\"contentUrl\":\"https:\\\/\\\/interamerica.org\\\/wp-content\\\/uploads\\\/2017\\\/06\\\/csm_Screen_Shot_2015-02-27_at_6.14.51_PM_7a27a92877.png\",\"width\":800,\"height\":443},{\"@type\":\"BreadcrumbList\",\"@id\":\"https:\\\/\\\/interamerica.org\\\/es\\\/2015\\\/03\\\/cnn-analiza-a-los-adventistas-en-programa-sobre-vida-sana\\\/#breadcrumb\",\"itemListElement\":[{\"@type\":\"ListItem\",\"position\":1,\"name\":\"Home\",\"item\":\"https:\\\/\\\/interamerica.org\\\/es\\\/\"},{\"@type\":\"ListItem\",\"position\":2,\"name\":\"CNN analiza a los adventistas en programa sobre vida sana\"}]},{\"@type\":\"WebSite\",\"@id\":\"https:\\\/\\\/interamerica.org\\\/es\\\/#website\",\"url\":\"https:\\\/\\\/interamerica.org\\\/es\\\/\",\"name\":\"Iglesia Adventista del S\u00e9ptimo D\u00eda - Divisi\u00f3n Interamericana\",\"description\":\"\",\"potentialAction\":[{\"@type\":\"SearchAction\",\"target\":{\"@type\":\"EntryPoint\",\"urlTemplate\":\"https:\\\/\\\/interamerica.org\\\/es\\\/?s={search_term_string}\"},\"query-input\":{\"@type\":\"PropertyValueSpecification\",\"valueRequired\":true,\"valueName\":\"search_term_string\"}}],\"inLanguage\":\"es\"},{\"@type\":\"Person\",\"@id\":\"https:\\\/\\\/interamerica.org\\\/es\\\/#\\\/schema\\\/person\\\/68ede8bdc292885bb76c1e3810e73c39\",\"name\":\"Lorenzo Verduzco\",\"image\":{\"@type\":\"ImageObject\",\"inLanguage\":\"es\",\"@id\":\"https:\\\/\\\/secure.gravatar.com\\\/avatar\\\/fb81a55b6218459490a9c1dc841a34909185b81904c5337b4b27f7a6fd60c49e?s=96&d=mm&r=g\",\"url\":\"https:\\\/\\\/secure.gravatar.com\\\/avatar\\\/fb81a55b6218459490a9c1dc841a34909185b81904c5337b4b27f7a6fd60c49e?s=96&d=mm&r=g\",\"contentUrl\":\"https:\\\/\\\/secure.gravatar.com\\\/avatar\\\/fb81a55b6218459490a9c1dc841a34909185b81904c5337b4b27f7a6fd60c49e?s=96&d=mm&r=g\",\"caption\":\"Lorenzo Verduzco\"}}]}<\/script>\n<!-- \/ Yoast SEO plugin. -->","yoast_head_json":{"title":"CNN analiza a los adventistas en programa sobre vida sana - Iglesia Adventista del S\u00e9ptimo D\u00eda - Divisi\u00f3n Interamericana","robots":{"index":"index","follow":"follow","max-snippet":"max-snippet:-1","max-image-preview":"max-image-preview:large","max-video-preview":"max-video-preview:-1"},"canonical":"https:\/\/interamerica.org\/es\/2015\/03\/cnn-analiza-a-los-adventistas-en-programa-sobre-vida-sana\/","og_locale":"es_ES","og_type":"article","og_title":"CNN analiza a los adventistas en programa sobre vida sana - Iglesia Adventista del S\u00e9ptimo D\u00eda - Divisi\u00f3n Interamericana","og_description":"El canal CNN de televisi\u00f3n analiz\u00f3 a la Universidad de Loma Linda y la comunidad adventista que la rodea en el sur de California en un programa que comparti\u00f3 c\u00f3mo disfrutar de una vida m\u00e1s larga y saludable.  El programa de media hora titulado \"Se\u00f1ales vitales con el doctor Sanjay Gupta\" est\u00e1 siendo transmitido por CNN Internacional durante el mes de febrero, y busca responder a la pregunta: \"\u00bfQu\u00e9 puede hacer cada uno de nosotros para disfrutar de una vida m\u00e1s sana, m\u00e1s feliz y m\u00e1s larga?\"","og_url":"https:\/\/interamerica.org\/es\/2015\/03\/cnn-analiza-a-los-adventistas-en-programa-sobre-vida-sana\/","og_site_name":"Iglesia Adventista del S\u00e9ptimo D\u00eda - Divisi\u00f3n Interamericana","article_published_time":"2015-03-01T04:00:00+00:00","og_image":[{"width":800,"height":443,"url":"https:\/\/interamerica.org\/wp-content\/uploads\/2017\/06\/csm_Screen_Shot_2015-02-27_at_6.14.51_PM_7a27a92877.png","type":"image\/png"}],"author":"Lorenzo Verduzco","twitter_card":"summary_large_image","twitter_misc":{"Escrito por":"Lorenzo Verduzco","Tiempo de lectura":"3 minutos"},"schema":{"@context":"https:\/\/schema.org","@graph":[{"@type":"Article","@id":"https:\/\/interamerica.org\/es\/2015\/03\/cnn-analiza-a-los-adventistas-en-programa-sobre-vida-sana\/#article","isPartOf":{"@id":"https:\/\/interamerica.org\/es\/2015\/03\/cnn-analiza-a-los-adventistas-en-programa-sobre-vida-sana\/"},"author":{"name":"Lorenzo Verduzco","@id":"https:\/\/interamerica.org\/es\/#\/schema\/person\/68ede8bdc292885bb76c1e3810e73c39"},"headline":"CNN analiza a los adventistas en programa sobre vida sana","datePublished":"2015-03-01T04:00:00+00:00","mainEntityOfPage":{"@id":"https:\/\/interamerica.org\/es\/2015\/03\/cnn-analiza-a-los-adventistas-en-programa-sobre-vida-sana\/"},"wordCount":550,"image":{"@id":"https:\/\/interamerica.org\/es\/2015\/03\/cnn-analiza-a-los-adventistas-en-programa-sobre-vida-sana\/#primaryimage"},"thumbnailUrl":"https:\/\/interamerica.org\/wp-content\/uploads\/2017\/06\/csm_Screen_Shot_2015-02-27_at_6.14.51_PM_7a27a92877.png","articleSection":["Desde la iglesia mundial","RSS Espa\u00f1ol"],"inLanguage":"es"},{"@type":"WebPage","@id":"https:\/\/interamerica.org\/es\/2015\/03\/cnn-analiza-a-los-adventistas-en-programa-sobre-vida-sana\/","url":"https:\/\/interamerica.org\/es\/2015\/03\/cnn-analiza-a-los-adventistas-en-programa-sobre-vida-sana\/","name":"CNN analiza a los adventistas en programa sobre vida sana - Iglesia Adventista del S\u00e9ptimo D\u00eda - Divisi\u00f3n Interamericana","isPartOf":{"@id":"https:\/\/interamerica.org\/es\/#website"},"primaryImageOfPage":{"@id":"https:\/\/interamerica.org\/es\/2015\/03\/cnn-analiza-a-los-adventistas-en-programa-sobre-vida-sana\/#primaryimage"},"image":{"@id":"https:\/\/interamerica.org\/es\/2015\/03\/cnn-analiza-a-los-adventistas-en-programa-sobre-vida-sana\/#primaryimage"},"thumbnailUrl":"https:\/\/interamerica.org\/wp-content\/uploads\/2017\/06\/csm_Screen_Shot_2015-02-27_at_6.14.51_PM_7a27a92877.png","datePublished":"2015-03-01T04:00:00+00:00","author":{"@id":"https:\/\/interamerica.org\/es\/#\/schema\/person\/68ede8bdc292885bb76c1e3810e73c39"},"breadcrumb":{"@id":"https:\/\/interamerica.org\/es\/2015\/03\/cnn-analiza-a-los-adventistas-en-programa-sobre-vida-sana\/#breadcrumb"},"inLanguage":"es","potentialAction":[{"@type":"ReadAction","target":["https:\/\/interamerica.org\/es\/2015\/03\/cnn-analiza-a-los-adventistas-en-programa-sobre-vida-sana\/"]}]},{"@type":"ImageObject","inLanguage":"es","@id":"https:\/\/interamerica.org\/es\/2015\/03\/cnn-analiza-a-los-adventistas-en-programa-sobre-vida-sana\/#primaryimage","url":"https:\/\/interamerica.org\/wp-content\/uploads\/2017\/06\/csm_Screen_Shot_2015-02-27_at_6.14.51_PM_7a27a92877.png","contentUrl":"https:\/\/interamerica.org\/wp-content\/uploads\/2017\/06\/csm_Screen_Shot_2015-02-27_at_6.14.51_PM_7a27a92877.png","width":800,"height":443},{"@type":"BreadcrumbList","@id":"https:\/\/interamerica.org\/es\/2015\/03\/cnn-analiza-a-los-adventistas-en-programa-sobre-vida-sana\/#breadcrumb","itemListElement":[{"@type":"ListItem","position":1,"name":"Home","item":"https:\/\/interamerica.org\/es\/"},{"@type":"ListItem","position":2,"name":"CNN analiza a los adventistas en programa sobre vida sana"}]},{"@type":"WebSite","@id":"https:\/\/interamerica.org\/es\/#website","url":"https:\/\/interamerica.org\/es\/","name":"Iglesia Adventista del S\u00e9ptimo D\u00eda - Divisi\u00f3n Interamericana","description":"","potentialAction":[{"@type":"SearchAction","target":{"@type":"EntryPoint","urlTemplate":"https:\/\/interamerica.org\/es\/?s={search_term_string}"},"query-input":{"@type":"PropertyValueSpecification","valueRequired":true,"valueName":"search_term_string"}}],"inLanguage":"es"},{"@type":"Person","@id":"https:\/\/interamerica.org\/es\/#\/schema\/person\/68ede8bdc292885bb76c1e3810e73c39","name":"Lorenzo Verduzco","image":{"@type":"ImageObject","inLanguage":"es","@id":"https:\/\/secure.gravatar.com\/avatar\/fb81a55b6218459490a9c1dc841a34909185b81904c5337b4b27f7a6fd60c49e?s=96&d=mm&r=g","url":"https:\/\/secure.gravatar.com\/avatar\/fb81a55b6218459490a9c1dc841a34909185b81904c5337b4b27f7a6fd60c49e?s=96&d=mm&r=g","contentUrl":"https:\/\/secure.gravatar.com\/avatar\/fb81a55b6218459490a9c1dc841a34909185b81904c5337b4b27f7a6fd60c49e?s=96&d=mm&r=g","caption":"Lorenzo Verduzco"}}]}},"_links":{"self":[{"href":"https:\/\/interamerica.org\/es\/wp-json\/wp\/v2\/posts\/30738","targetHints":{"allow":["GET"]}}],"collection":[{"href":"https:\/\/interamerica.org\/es\/wp-json\/wp\/v2\/posts"}],"about":[{"href":"https:\/\/interamerica.org\/es\/wp-json\/wp\/v2\/types\/post"}],"author":[{"embeddable":true,"href":"https:\/\/interamerica.org\/es\/wp-json\/wp\/v2\/users\/1"}],"replies":[{"embeddable":true,"href":"https:\/\/interamerica.org\/es\/wp-json\/wp\/v2\/comments?post=30738"}],"version-history":[{"count":0,"href":"https:\/\/interamerica.org\/es\/wp-json\/wp\/v2\/posts\/30738\/revisions"}],"wp:featuredmedia":[{"embeddable":true,"href":"https:\/\/interamerica.org\/es\/wp-json\/wp\/v2\/media\/24482"}],"wp:attachment":[{"href":"https:\/\/interamerica.org\/es\/wp-json\/wp\/v2\/media?parent=30738"}],"wp:term":[{"taxonomy":"category","embeddable":true,"href":"https:\/\/interamerica.org\/es\/wp-json\/wp\/v2\/categories?post=30738"},{"taxonomy":"post_tag","embeddable":true,"href":"https:\/\/interamerica.org\/es\/wp-json\/wp\/v2\/tags?post=30738"}],"curies":[{"name":"wp","href":"https:\/\/api.w.org\/{rel}","templated":true}]}}