{"id":30739,"date":"2015-03-02T00:00:00","date_gmt":"2015-03-02T04:00:00","guid":{"rendered":"http:\/\/192.81.217.108\/interamerica\/2015\/03\/30-reclusos-en-togo-fueron-bautizados-en-la-nueva-capilla-de-una-prision\/"},"modified":"2015-03-02T00:00:00","modified_gmt":"2015-03-02T04:00:00","slug":"30-reclusos-en-togo-fueron-bautizados-en-la-nueva-capilla-de-una-prision","status":"publish","type":"post","link":"https:\/\/interamerica.org\/es\/2015\/03\/30-reclusos-en-togo-fueron-bautizados-en-la-nueva-capilla-de-una-prision\/","title":{"rendered":"30 reclusos en Togo  fueron bautizados en la nueva capilla de una prisi\u00f3n"},"content":{"rendered":"<div id=\"attachment_15368\" style=\"width: 283px\" class=\"wp-caption alignleft\"><a href=\"\/interamerica\/wp-content\/uploads\/2017\/06\/csm_togo-bap-1-web_7b1637d838.jpg\" rel=\"fancybox\" title=\"30 reclusos en Togo  fueron bautizados en la nueva capilla de una prisi\u00f3n\"><img fetchpriority=\"high\" decoding=\"async\" aria-describedby=\"caption-attachment-15368\" class=\"size-medium wp-image-15368\" src=\"\/interamerica\/wp-content\/uploads\/2017\/06\/csm_togo-bap-1-web_7b1637d838-273x300.jpg\" alt=\"\" width=\"273\" height=\"300\" \/><\/a><p id=\"caption-attachment-15368\" class=\"wp-caption-text\">Un recluso de la c\u00e1rcel Lom\u00e9 es bautizado en un nuevo bautisterio el s\u00e1bado 21 de febrero. Image cortes\u00eda de la Uni\u00f3n Misi\u00f3n de Sahel Oriental<\/p><\/div>\n<p>2 de marzo de 2015 | Silver Spring, Maryland, Estados Unidos | Andrew McChesney &#8211; Adventist Review<\/p>\n<p>Fueron bautizados treinta reclusos en la capilla de la prisi\u00f3n de Togo construida por la Iglesia Adventista del S\u00e9ptimo D\u00eda, despu\u00e9s de que los directivos de la prisi\u00f3n pidieron ayuda para reemplazar la capilla anterior, que se derrumb\u00f3 por efectos de mal tiempo.<\/p>\n<p>Los presos entregaron su vida a Jes\u00fas a trav\u00e9s del bautismo durante una ceremonia especial de dedicaci\u00f3n en la c\u00e1rcel principal de Lom\u00e9, la bulliciosa capital de este pa\u00eds africano subsahariano, dijeron los dirigente de la iglesia el s\u00e1bado.<\/p>\n<p>La capilla, que cuenta con un bautisterio al aire libre, asientos para cien personas y electricidad para activar luces, ventiladores y un sistema de sonido, fue financiada a trav\u00e9s de una donaci\u00f3n de US$ 6,000 de parte de la Asociaci\u00f3n General, el organismo administrativo de la Iglesia Adventista.<\/p>\n<p>El Presidente de la Asociaci\u00f3n General, Pastor Ted N. C. Wilson, aprob\u00f3 este gasto tomado de un fondo especial presidencial discrecional, despu\u00e9s de que se comunicara con \u00e9l la Uni\u00f3n Misi\u00f3n de Sahel Oriental de la Iglesia Adventista, con sede en Togo.<\/p>\n<p>\u201cTreinta personas sellaron su pacto con el Se\u00f1or a trav\u00e9s del bautismo, en el nuevo bautisterio construido con su donaci\u00f3n\u201d, escribi\u00f3 en una carta dirigida al Pastor Wilson el secretario ejecutivo de la Uni\u00f3n Misi\u00f3n de Sahel Oriental de la Iglesia Adventista, con sede en Togo, S\u00e9lom Kwasi Sessou.<\/p>\n<p>Los bautismos, celebrados el s\u00e1bado 21 de febrero del presente, son el resultado de una serie de evangelizaci\u00f3n dirigida por Bruno Amah, un miembro adventista encarcelado en la prisi\u00f3n, en conjunto con el departamento de Ministerio de Capellan\u00eda de la iglesia en Togo, dijo S\u00e9lom Kwasi Sessou, quien encabez\u00f3 una delegaci\u00f3n de la iglesia en la ceremonia de dedicaci\u00f3n.<\/p>\n<p>Adem\u00e1s, 120 reclusos tomaron parte en un servicio de comuni\u00f3n durante la ceremonia.<\/p>\n<p>El director de la prisi\u00f3n agradeci\u00f3 a la Iglesia y a su mencionado representante por los fondos financieros para la construcci\u00f3n de la capilla y prometi\u00f3 orar por las bendiciones de Dios sobre la iglesia.<\/p>\n<p>\u201cPrometi\u00f3 que esa sala iba a ser multifuncional y que se le dar\u00eda un buen uso\u201d, a\u00f1adi\u00f3 S\u00e9lom Sessou. \u201cDijo que le pedir\u00edan al Dios Todopoderoso que continuara viendo con benevolencia a la Iglesia Adventista y que abriera m\u00e1s puertas para posibles bendiciones futuras\u201d.<\/p>\n<p>Hay una placa al frente de la capilla con el logo de la Iglesia Adventista, en la cual se reconoce el papel desempe\u00f1ado por la esta iglesia y el Pastor Wilson en la construcci\u00f3n del edificio.<\/p>\n<p>El presidente Wilson expres\u00f3 su gratitud a Dios por los 30 bautismos, pidiendo a los miembros de iglesia de todo el mundo que recuerden en oraci\u00f3n a Bruno Amah y a todos los prisioneros adventistas.<br \/>\n\u201cAlabado sea Dios por su direcci\u00f3n en este esfuerzo misionero en esta c\u00e1rcel\u201d, dijo el Pastor Wilson.<\/p>\n","protected":false},"excerpt":{"rendered":"<p>Fueron bautizados treinta reclusos en la capilla de la prisi\u00f3n de Togo construida por la Iglesia Adventista del S\u00e9ptimo D\u00eda, despu\u00e9s de que los directivos de la prisi\u00f3n pidieron ayuda para reemplazar la capilla anterior, que se derrumb\u00f3 por efectos de mal tiempo.  <\/p>\n<p>Los presos entregaron su vida a Jes\u00fas a trav\u00e9s del bautismo durante una ceremonia especial de dedicaci\u00f3n en la c\u00e1rcel principal de Lom\u00e9, la bulliciosa capital de este pa\u00eds africano subsahariano, dijeron los dirigente de la iglesia el s\u00e1bado.<\/p>\n","protected":false},"author":1,"featured_media":24486,"comment_status":"closed","ping_status":"closed","sticky":false,"template":"","format":"standard","meta":{"_acf_changed":false,"footnotes":""},"categories":[14,15],"tags":[],"class_list":["post-30739","post","type-post","status-publish","format-standard","has-post-thumbnail","hentry","category-de-la-iglesia-mundial","category-rss-espanol"],"acf":[],"yoast_head":"<!-- This site is optimized with the Yoast SEO plugin v27.3 - https:\/\/yoast.com\/product\/yoast-seo-wordpress\/ -->\n<title>30 reclusos en Togo fueron bautizados en la nueva capilla de una prisi\u00f3n - Iglesia Adventista del S\u00e9ptimo D\u00eda - Divisi\u00f3n Interamericana<\/title>\n<meta name=\"robots\" content=\"index, follow, max-snippet:-1, max-image-preview:large, max-video-preview:-1\" \/>\n<link rel=\"canonical\" href=\"https:\/\/interamerica.org\/es\/2015\/03\/30-reclusos-en-togo-fueron-bautizados-en-la-nueva-capilla-de-una-prision\/\" \/>\n<meta property=\"og:locale\" content=\"es_ES\" \/>\n<meta property=\"og:type\" content=\"article\" \/>\n<meta property=\"og:title\" content=\"30 reclusos en Togo fueron bautizados en la nueva capilla de una prisi\u00f3n - Iglesia Adventista del S\u00e9ptimo D\u00eda - Divisi\u00f3n Interamericana\" \/>\n<meta property=\"og:description\" content=\"Fueron bautizados treinta reclusos en la capilla de la prisi\u00f3n de Togo construida por la Iglesia Adventista del S\u00e9ptimo D\u00eda, despu\u00e9s de que los directivos de la prisi\u00f3n pidieron ayuda para reemplazar la capilla anterior, que se derrumb\u00f3 por efectos de mal tiempo.  Los presos entregaron su vida a Jes\u00fas a trav\u00e9s del bautismo durante una ceremonia especial de dedicaci\u00f3n en la c\u00e1rcel principal de Lom\u00e9, la bulliciosa capital de este pa\u00eds africano subsahariano, dijeron los dirigente de la iglesia el s\u00e1bado.\" \/>\n<meta property=\"og:url\" content=\"https:\/\/interamerica.org\/es\/2015\/03\/30-reclusos-en-togo-fueron-bautizados-en-la-nueva-capilla-de-una-prision\/\" \/>\n<meta property=\"og:site_name\" content=\"Iglesia Adventista del S\u00e9ptimo D\u00eda - Divisi\u00f3n Interamericana\" \/>\n<meta property=\"article:published_time\" content=\"2015-03-02T04:00:00+00:00\" \/>\n<meta property=\"og:image\" content=\"https:\/\/interamerica.org\/wp-content\/uploads\/2017\/06\/csm_togo-bap-1-web_7b1637d838-300.png\" \/>\n\t<meta property=\"og:image:width\" content=\"300\" \/>\n\t<meta property=\"og:image:height\" content=\"222\" \/>\n\t<meta property=\"og:image:type\" content=\"image\/png\" \/>\n<meta name=\"author\" content=\"Lorenzo Verduzco\" \/>\n<meta name=\"twitter:card\" content=\"summary_large_image\" \/>\n<meta name=\"twitter:label1\" content=\"Escrito por\" \/>\n\t<meta name=\"twitter:data1\" content=\"Lorenzo Verduzco\" \/>\n\t<meta name=\"twitter:label2\" content=\"Tiempo de lectura\" \/>\n\t<meta name=\"twitter:data2\" content=\"3 minutos\" \/>\n<script type=\"application\/ld+json\" class=\"yoast-schema-graph\">{\"@context\":\"https:\\\/\\\/schema.org\",\"@graph\":[{\"@type\":\"Article\",\"@id\":\"https:\\\/\\\/interamerica.org\\\/es\\\/2015\\\/03\\\/30-reclusos-en-togo-fueron-bautizados-en-la-nueva-capilla-de-una-prision\\\/#article\",\"isPartOf\":{\"@id\":\"https:\\\/\\\/interamerica.org\\\/es\\\/2015\\\/03\\\/30-reclusos-en-togo-fueron-bautizados-en-la-nueva-capilla-de-una-prision\\\/\"},\"author\":{\"name\":\"Lorenzo Verduzco\",\"@id\":\"https:\\\/\\\/interamerica.org\\\/es\\\/#\\\/schema\\\/person\\\/68ede8bdc292885bb76c1e3810e73c39\"},\"headline\":\"30 reclusos en Togo fueron bautizados en la nueva capilla de una prisi\u00f3n\",\"datePublished\":\"2015-03-02T04:00:00+00:00\",\"mainEntityOfPage\":{\"@id\":\"https:\\\/\\\/interamerica.org\\\/es\\\/2015\\\/03\\\/30-reclusos-en-togo-fueron-bautizados-en-la-nueva-capilla-de-una-prision\\\/\"},\"wordCount\":564,\"image\":{\"@id\":\"https:\\\/\\\/interamerica.org\\\/es\\\/2015\\\/03\\\/30-reclusos-en-togo-fueron-bautizados-en-la-nueva-capilla-de-una-prision\\\/#primaryimage\"},\"thumbnailUrl\":\"https:\\\/\\\/interamerica.org\\\/wp-content\\\/uploads\\\/2017\\\/06\\\/csm_togo-bap-1-web_7b1637d838-300.png\",\"articleSection\":[\"Desde la iglesia mundial\",\"RSS Espa\u00f1ol\"],\"inLanguage\":\"es\"},{\"@type\":\"WebPage\",\"@id\":\"https:\\\/\\\/interamerica.org\\\/es\\\/2015\\\/03\\\/30-reclusos-en-togo-fueron-bautizados-en-la-nueva-capilla-de-una-prision\\\/\",\"url\":\"https:\\\/\\\/interamerica.org\\\/es\\\/2015\\\/03\\\/30-reclusos-en-togo-fueron-bautizados-en-la-nueva-capilla-de-una-prision\\\/\",\"name\":\"30 reclusos en Togo fueron bautizados en la nueva capilla de una prisi\u00f3n - Iglesia Adventista del S\u00e9ptimo D\u00eda - Divisi\u00f3n Interamericana\",\"isPartOf\":{\"@id\":\"https:\\\/\\\/interamerica.org\\\/es\\\/#website\"},\"primaryImageOfPage\":{\"@id\":\"https:\\\/\\\/interamerica.org\\\/es\\\/2015\\\/03\\\/30-reclusos-en-togo-fueron-bautizados-en-la-nueva-capilla-de-una-prision\\\/#primaryimage\"},\"image\":{\"@id\":\"https:\\\/\\\/interamerica.org\\\/es\\\/2015\\\/03\\\/30-reclusos-en-togo-fueron-bautizados-en-la-nueva-capilla-de-una-prision\\\/#primaryimage\"},\"thumbnailUrl\":\"https:\\\/\\\/interamerica.org\\\/wp-content\\\/uploads\\\/2017\\\/06\\\/csm_togo-bap-1-web_7b1637d838-300.png\",\"datePublished\":\"2015-03-02T04:00:00+00:00\",\"author\":{\"@id\":\"https:\\\/\\\/interamerica.org\\\/es\\\/#\\\/schema\\\/person\\\/68ede8bdc292885bb76c1e3810e73c39\"},\"breadcrumb\":{\"@id\":\"https:\\\/\\\/interamerica.org\\\/es\\\/2015\\\/03\\\/30-reclusos-en-togo-fueron-bautizados-en-la-nueva-capilla-de-una-prision\\\/#breadcrumb\"},\"inLanguage\":\"es\",\"potentialAction\":[{\"@type\":\"ReadAction\",\"target\":[\"https:\\\/\\\/interamerica.org\\\/es\\\/2015\\\/03\\\/30-reclusos-en-togo-fueron-bautizados-en-la-nueva-capilla-de-una-prision\\\/\"]}]},{\"@type\":\"ImageObject\",\"inLanguage\":\"es\",\"@id\":\"https:\\\/\\\/interamerica.org\\\/es\\\/2015\\\/03\\\/30-reclusos-en-togo-fueron-bautizados-en-la-nueva-capilla-de-una-prision\\\/#primaryimage\",\"url\":\"https:\\\/\\\/interamerica.org\\\/wp-content\\\/uploads\\\/2017\\\/06\\\/csm_togo-bap-1-web_7b1637d838-300.png\",\"contentUrl\":\"https:\\\/\\\/interamerica.org\\\/wp-content\\\/uploads\\\/2017\\\/06\\\/csm_togo-bap-1-web_7b1637d838-300.png\",\"width\":300,\"height\":222},{\"@type\":\"BreadcrumbList\",\"@id\":\"https:\\\/\\\/interamerica.org\\\/es\\\/2015\\\/03\\\/30-reclusos-en-togo-fueron-bautizados-en-la-nueva-capilla-de-una-prision\\\/#breadcrumb\",\"itemListElement\":[{\"@type\":\"ListItem\",\"position\":1,\"name\":\"Home\",\"item\":\"https:\\\/\\\/interamerica.org\\\/es\\\/\"},{\"@type\":\"ListItem\",\"position\":2,\"name\":\"30 reclusos en Togo fueron bautizados en la nueva capilla de una prisi\u00f3n\"}]},{\"@type\":\"WebSite\",\"@id\":\"https:\\\/\\\/interamerica.org\\\/es\\\/#website\",\"url\":\"https:\\\/\\\/interamerica.org\\\/es\\\/\",\"name\":\"Iglesia Adventista del S\u00e9ptimo D\u00eda - Divisi\u00f3n Interamericana\",\"description\":\"\",\"potentialAction\":[{\"@type\":\"SearchAction\",\"target\":{\"@type\":\"EntryPoint\",\"urlTemplate\":\"https:\\\/\\\/interamerica.org\\\/es\\\/?s={search_term_string}\"},\"query-input\":{\"@type\":\"PropertyValueSpecification\",\"valueRequired\":true,\"valueName\":\"search_term_string\"}}],\"inLanguage\":\"es\"},{\"@type\":\"Person\",\"@id\":\"https:\\\/\\\/interamerica.org\\\/es\\\/#\\\/schema\\\/person\\\/68ede8bdc292885bb76c1e3810e73c39\",\"name\":\"Lorenzo Verduzco\",\"image\":{\"@type\":\"ImageObject\",\"inLanguage\":\"es\",\"@id\":\"https:\\\/\\\/secure.gravatar.com\\\/avatar\\\/fb81a55b6218459490a9c1dc841a34909185b81904c5337b4b27f7a6fd60c49e?s=96&d=mm&r=g\",\"url\":\"https:\\\/\\\/secure.gravatar.com\\\/avatar\\\/fb81a55b6218459490a9c1dc841a34909185b81904c5337b4b27f7a6fd60c49e?s=96&d=mm&r=g\",\"contentUrl\":\"https:\\\/\\\/secure.gravatar.com\\\/avatar\\\/fb81a55b6218459490a9c1dc841a34909185b81904c5337b4b27f7a6fd60c49e?s=96&d=mm&r=g\",\"caption\":\"Lorenzo Verduzco\"}}]}<\/script>\n<!-- \/ Yoast SEO plugin. -->","yoast_head_json":{"title":"30 reclusos en Togo fueron bautizados en la nueva capilla de una prisi\u00f3n - Iglesia Adventista del S\u00e9ptimo D\u00eda - Divisi\u00f3n Interamericana","robots":{"index":"index","follow":"follow","max-snippet":"max-snippet:-1","max-image-preview":"max-image-preview:large","max-video-preview":"max-video-preview:-1"},"canonical":"https:\/\/interamerica.org\/es\/2015\/03\/30-reclusos-en-togo-fueron-bautizados-en-la-nueva-capilla-de-una-prision\/","og_locale":"es_ES","og_type":"article","og_title":"30 reclusos en Togo fueron bautizados en la nueva capilla de una prisi\u00f3n - Iglesia Adventista del S\u00e9ptimo D\u00eda - Divisi\u00f3n Interamericana","og_description":"Fueron bautizados treinta reclusos en la capilla de la prisi\u00f3n de Togo construida por la Iglesia Adventista del S\u00e9ptimo D\u00eda, despu\u00e9s de que los directivos de la prisi\u00f3n pidieron ayuda para reemplazar la capilla anterior, que se derrumb\u00f3 por efectos de mal tiempo.  Los presos entregaron su vida a Jes\u00fas a trav\u00e9s del bautismo durante una ceremonia especial de dedicaci\u00f3n en la c\u00e1rcel principal de Lom\u00e9, la bulliciosa capital de este pa\u00eds africano subsahariano, dijeron los dirigente de la iglesia el s\u00e1bado.","og_url":"https:\/\/interamerica.org\/es\/2015\/03\/30-reclusos-en-togo-fueron-bautizados-en-la-nueva-capilla-de-una-prision\/","og_site_name":"Iglesia Adventista del S\u00e9ptimo D\u00eda - Divisi\u00f3n Interamericana","article_published_time":"2015-03-02T04:00:00+00:00","og_image":[{"width":300,"height":222,"url":"https:\/\/interamerica.org\/wp-content\/uploads\/2017\/06\/csm_togo-bap-1-web_7b1637d838-300.png","type":"image\/png"}],"author":"Lorenzo Verduzco","twitter_card":"summary_large_image","twitter_misc":{"Escrito por":"Lorenzo Verduzco","Tiempo de lectura":"3 minutos"},"schema":{"@context":"https:\/\/schema.org","@graph":[{"@type":"Article","@id":"https:\/\/interamerica.org\/es\/2015\/03\/30-reclusos-en-togo-fueron-bautizados-en-la-nueva-capilla-de-una-prision\/#article","isPartOf":{"@id":"https:\/\/interamerica.org\/es\/2015\/03\/30-reclusos-en-togo-fueron-bautizados-en-la-nueva-capilla-de-una-prision\/"},"author":{"name":"Lorenzo Verduzco","@id":"https:\/\/interamerica.org\/es\/#\/schema\/person\/68ede8bdc292885bb76c1e3810e73c39"},"headline":"30 reclusos en Togo fueron bautizados en la nueva capilla de una prisi\u00f3n","datePublished":"2015-03-02T04:00:00+00:00","mainEntityOfPage":{"@id":"https:\/\/interamerica.org\/es\/2015\/03\/30-reclusos-en-togo-fueron-bautizados-en-la-nueva-capilla-de-una-prision\/"},"wordCount":564,"image":{"@id":"https:\/\/interamerica.org\/es\/2015\/03\/30-reclusos-en-togo-fueron-bautizados-en-la-nueva-capilla-de-una-prision\/#primaryimage"},"thumbnailUrl":"https:\/\/interamerica.org\/wp-content\/uploads\/2017\/06\/csm_togo-bap-1-web_7b1637d838-300.png","articleSection":["Desde la iglesia mundial","RSS Espa\u00f1ol"],"inLanguage":"es"},{"@type":"WebPage","@id":"https:\/\/interamerica.org\/es\/2015\/03\/30-reclusos-en-togo-fueron-bautizados-en-la-nueva-capilla-de-una-prision\/","url":"https:\/\/interamerica.org\/es\/2015\/03\/30-reclusos-en-togo-fueron-bautizados-en-la-nueva-capilla-de-una-prision\/","name":"30 reclusos en Togo fueron bautizados en la nueva capilla de una prisi\u00f3n - Iglesia Adventista del S\u00e9ptimo D\u00eda - Divisi\u00f3n Interamericana","isPartOf":{"@id":"https:\/\/interamerica.org\/es\/#website"},"primaryImageOfPage":{"@id":"https:\/\/interamerica.org\/es\/2015\/03\/30-reclusos-en-togo-fueron-bautizados-en-la-nueva-capilla-de-una-prision\/#primaryimage"},"image":{"@id":"https:\/\/interamerica.org\/es\/2015\/03\/30-reclusos-en-togo-fueron-bautizados-en-la-nueva-capilla-de-una-prision\/#primaryimage"},"thumbnailUrl":"https:\/\/interamerica.org\/wp-content\/uploads\/2017\/06\/csm_togo-bap-1-web_7b1637d838-300.png","datePublished":"2015-03-02T04:00:00+00:00","author":{"@id":"https:\/\/interamerica.org\/es\/#\/schema\/person\/68ede8bdc292885bb76c1e3810e73c39"},"breadcrumb":{"@id":"https:\/\/interamerica.org\/es\/2015\/03\/30-reclusos-en-togo-fueron-bautizados-en-la-nueva-capilla-de-una-prision\/#breadcrumb"},"inLanguage":"es","potentialAction":[{"@type":"ReadAction","target":["https:\/\/interamerica.org\/es\/2015\/03\/30-reclusos-en-togo-fueron-bautizados-en-la-nueva-capilla-de-una-prision\/"]}]},{"@type":"ImageObject","inLanguage":"es","@id":"https:\/\/interamerica.org\/es\/2015\/03\/30-reclusos-en-togo-fueron-bautizados-en-la-nueva-capilla-de-una-prision\/#primaryimage","url":"https:\/\/interamerica.org\/wp-content\/uploads\/2017\/06\/csm_togo-bap-1-web_7b1637d838-300.png","contentUrl":"https:\/\/interamerica.org\/wp-content\/uploads\/2017\/06\/csm_togo-bap-1-web_7b1637d838-300.png","width":300,"height":222},{"@type":"BreadcrumbList","@id":"https:\/\/interamerica.org\/es\/2015\/03\/30-reclusos-en-togo-fueron-bautizados-en-la-nueva-capilla-de-una-prision\/#breadcrumb","itemListElement":[{"@type":"ListItem","position":1,"name":"Home","item":"https:\/\/interamerica.org\/es\/"},{"@type":"ListItem","position":2,"name":"30 reclusos en Togo fueron bautizados en la nueva capilla de una prisi\u00f3n"}]},{"@type":"WebSite","@id":"https:\/\/interamerica.org\/es\/#website","url":"https:\/\/interamerica.org\/es\/","name":"Iglesia Adventista del S\u00e9ptimo D\u00eda - Divisi\u00f3n Interamericana","description":"","potentialAction":[{"@type":"SearchAction","target":{"@type":"EntryPoint","urlTemplate":"https:\/\/interamerica.org\/es\/?s={search_term_string}"},"query-input":{"@type":"PropertyValueSpecification","valueRequired":true,"valueName":"search_term_string"}}],"inLanguage":"es"},{"@type":"Person","@id":"https:\/\/interamerica.org\/es\/#\/schema\/person\/68ede8bdc292885bb76c1e3810e73c39","name":"Lorenzo Verduzco","image":{"@type":"ImageObject","inLanguage":"es","@id":"https:\/\/secure.gravatar.com\/avatar\/fb81a55b6218459490a9c1dc841a34909185b81904c5337b4b27f7a6fd60c49e?s=96&d=mm&r=g","url":"https:\/\/secure.gravatar.com\/avatar\/fb81a55b6218459490a9c1dc841a34909185b81904c5337b4b27f7a6fd60c49e?s=96&d=mm&r=g","contentUrl":"https:\/\/secure.gravatar.com\/avatar\/fb81a55b6218459490a9c1dc841a34909185b81904c5337b4b27f7a6fd60c49e?s=96&d=mm&r=g","caption":"Lorenzo Verduzco"}}]}},"_links":{"self":[{"href":"https:\/\/interamerica.org\/es\/wp-json\/wp\/v2\/posts\/30739","targetHints":{"allow":["GET"]}}],"collection":[{"href":"https:\/\/interamerica.org\/es\/wp-json\/wp\/v2\/posts"}],"about":[{"href":"https:\/\/interamerica.org\/es\/wp-json\/wp\/v2\/types\/post"}],"author":[{"embeddable":true,"href":"https:\/\/interamerica.org\/es\/wp-json\/wp\/v2\/users\/1"}],"replies":[{"embeddable":true,"href":"https:\/\/interamerica.org\/es\/wp-json\/wp\/v2\/comments?post=30739"}],"version-history":[{"count":0,"href":"https:\/\/interamerica.org\/es\/wp-json\/wp\/v2\/posts\/30739\/revisions"}],"wp:featuredmedia":[{"embeddable":true,"href":"https:\/\/interamerica.org\/es\/wp-json\/wp\/v2\/media\/24486"}],"wp:attachment":[{"href":"https:\/\/interamerica.org\/es\/wp-json\/wp\/v2\/media?parent=30739"}],"wp:term":[{"taxonomy":"category","embeddable":true,"href":"https:\/\/interamerica.org\/es\/wp-json\/wp\/v2\/categories?post=30739"},{"taxonomy":"post_tag","embeddable":true,"href":"https:\/\/interamerica.org\/es\/wp-json\/wp\/v2\/tags?post=30739"}],"curies":[{"name":"wp","href":"https:\/\/api.w.org\/{rel}","templated":true}]}}