{"id":30744,"date":"2015-03-10T00:00:00","date_gmt":"2015-03-10T04:00:00","guid":{"rendered":"http:\/\/192.81.217.108\/interamerica\/2015\/03\/sac-interamerica-premia-a-comunicadores-por-su-destacada-labor\/"},"modified":"2015-03-10T00:00:00","modified_gmt":"2015-03-10T04:00:00","slug":"sac-interamerica-premia-a-comunicadores-por-su-destacada-labor","status":"publish","type":"post","link":"https:\/\/interamerica.org\/es\/2015\/03\/sac-interamerica-premia-a-comunicadores-por-su-destacada-labor\/","title":{"rendered":"SAC Interam\u00e9rica premia a comunicadores por su destacada labor"},"content":{"rendered":"<div id=\"attachment_15486\" style=\"width: 610px\" class=\"wp-caption aligncenter\"><a href=\"\/interamerica\/wp-content\/uploads\/2017\/06\/SAC-IAawards600.png\" rel=\"fancybox\" title=\"SAC Interam\u00e9rica premia a comunicadores por su destacada labor\"><img fetchpriority=\"high\" decoding=\"async\" aria-describedby=\"caption-attachment-15486\" class=\"size-full wp-image-15486 \" src=\"\/interamerica\/wp-content\/uploads\/2017\/06\/SAC-IAawards600.png\" alt=\"\" width=\"600\" height=\"396\" \/><\/a><p id=\"caption-attachment-15486\" class=\"wp-caption-text\">La junta de la Sociedad de Comunicadores Adventistas (SAC) Interam\u00e9rica y los directores de comunicaci\u00f3n de las uniones posan para una fotograf\u00eda despu\u00e9s de que se anunciaran los Premios SAC 2014 en la sede central de la Divisi\u00f3n Interamericana en Miami, Florida, Estados Unidos, el 5 de marzo de 2015. Imagen de Gregorio V\u00e1zquez\/DIA<\/p><\/div>\n<p>8 de marzo de 2015 | Miami, Florida, Estados Unidos | Libna Stevens\/DIA<\/p>\n<p>La Sociedad de Comunicadores Adventistas (SAC) Interam\u00e9rica anunci\u00f3 los ganadores de sus diversas categor\u00edas durante una breve ceremonia llevada a cabo en la sede central de la Divisi\u00f3n Interamericana el pasado 5 de marzo de 2015 en Miami, Florida, Estados Unidos. M\u00e1s de sesenta comunicadores y especialistas de producci\u00f3n de medios escucharon a \u00c1ngela Barrios, presidenta de la SAC Interam\u00e9rica, quien destac\u00f3 la misi\u00f3n de la sociedad.<\/p>\n<p>Como iniciativa del departamento de comunicaci\u00f3n, en conjunto con la Sociedad de Comunicadores Adventistas de Norteam\u00e9rica, la filial de la SAC Interam\u00e9rica busca congregar a los comunicadores y profesionales interesados con el prop\u00f3sito de apoyar la misi\u00f3n de la iglesia, dijo Barrios.<\/p>\n<p>\u00abLos premios de la SAC Interam\u00e9rica constituyen una estrategia para compartir y reconocer trabajos o proyectos especiales completados en diversas categor\u00edas\u00bb, dijo Barrios.<\/p>\n<p>La SAC Interam\u00e9rica es una organizaci\u00f3n para comunicadores de habla hispana de Interam\u00e9rica, que busca una mayor colaboraci\u00f3n y trabajo conjunto entre los profesionales de la comunicaci\u00f3n con el prop\u00f3sito de apoyar la misi\u00f3n de la iglesia.<\/p>\n<p>La ceremonia se convirti\u00f3 en el primer evento de este tipo desde que se form\u00f3 la SAC Interam\u00e9rica en noviembre de 2012.<\/p>\n<p>Los siguientes son los ganadores y menciones especiales de los premios 2014 de la SAC Interam\u00e9rica en las cuatro categor\u00edas:<\/p>\n<p><strong>Categor\u00eda \u2013 Comunicaci\u00f3n Corporativa<\/strong>\u00a01. <em>Mejor Video Corporativo<\/em>: Gloria Miranda, de la Uni\u00f3n Puertorrique\u00f1a; 2. <em>Mejor Campa\u00f1a de Comunicaci\u00f3n Corporativa<\/em>: Vanya Garcia, de la Universidad de Montemorelos<\/p>\n<p><strong>Categor\u00eda \u2013 Producci\u00f3n de Medios<\/strong>\u00a01. <em>Mejor Programa de Radio<\/em>: Fabricio Rivera, de la Uni\u00f3n del Salvador; 2. <em>Mejor Programa de Televisi\u00f3n<\/em>: Sonlys Andino, de la Uni\u00f3n Puertorrique\u00f1a; 3. <em>Premio Seven de Cine<\/em>: Sonlys Andino, de la Uni\u00f3n Puertorrique\u00f1a; 4. <em>Menci\u00f3n Especial, Premio Seven de Cine<\/em>: Jorge Sosa, de la Universidad de Montemorelos; 5. <em>Menci\u00f3n Especial, Premio Seven de Cine<\/em>: Jim Jamer, de la Uni\u00f3n Colombiana del Sur<\/p>\n<p><strong>Categor\u00eda \u2013 Comunicaci\u00f3n Digital<\/strong>\u00a01. <em>Mejor Sitio Web<\/em>: Misael Catedra, de la Uni\u00f3n Dominicana; 2. <em>Menci\u00f3n Especial, Sitio Web<\/em>: Isaac Corral, de la Uni\u00f3n Mexicana del Norte; 3. <em>Premio RETO<\/em>: Alejandro Sosa, de la Uni\u00f3n Dominicana<\/p>\n<p><strong>Categor\u00eda \u2013 Periodismo y noticias<\/strong>\u00a01. <em>Mejor fotograf\u00eda period\u00edstica<\/em>: Alberto Capcha, de la Uni\u00f3n Venezolana Oriental<\/p>\n<p>Si desea ser miembro de la SAC Interam\u00e9rica y registrarse en las diversas categor\u00edas de premios, visite\u00a0<a href=\"http:\/\/sac.interamerica.org\/\">sac.interamerica.org<\/a><\/p>\n<p><em>Traducci\u00f3n de Marcos Paseggi<\/em><\/p>\n","protected":false},"excerpt":{"rendered":"<p>La Sociedad de Comunicadores Adventistas (SAC) Interam\u00e9rica anunci\u00f3 los ganadores de sus diversas categor\u00edas durante una breve ceremonia llevada a cabo en la sede central de la Divisi\u00f3n Interamericana el pasado 5 de marzo de 2015 en Miami, Florida, Estados Unidos. <\/p>\n<p>M\u00e1s de sesenta comunicadores y especialistas de producci\u00f3n de medios escucharon a \u00c1ngela Barrios, presidenta de la SAC Interam\u00e9rica, quien destac\u00f3 la misi\u00f3n de la sociedad.<\/p>\n","protected":false},"author":1,"featured_media":24557,"comment_status":"closed","ping_status":"closed","sticky":false,"template":"","format":"standard","meta":{"_acf_changed":false,"footnotes":""},"categories":[16,15],"tags":[],"class_list":["post-30744","post","type-post","status-publish","format-standard","has-post-thumbnail","hentry","category-desde-la-sede","category-rss-espanol"],"acf":[],"yoast_head":"<!-- This site is optimized with the Yoast SEO plugin v27.3 - https:\/\/yoast.com\/product\/yoast-seo-wordpress\/ -->\n<title>SAC Interam\u00e9rica premia a comunicadores por su destacada labor - Iglesia Adventista del S\u00e9ptimo D\u00eda - Divisi\u00f3n Interamericana<\/title>\n<meta name=\"robots\" content=\"index, follow, max-snippet:-1, max-image-preview:large, max-video-preview:-1\" \/>\n<link rel=\"canonical\" href=\"https:\/\/interamerica.org\/es\/2015\/03\/sac-interamerica-premia-a-comunicadores-por-su-destacada-labor\/\" \/>\n<meta property=\"og:locale\" content=\"es_ES\" \/>\n<meta property=\"og:type\" content=\"article\" \/>\n<meta property=\"og:title\" content=\"SAC Interam\u00e9rica premia a comunicadores por su destacada labor - Iglesia Adventista del S\u00e9ptimo D\u00eda - Divisi\u00f3n Interamericana\" \/>\n<meta property=\"og:description\" content=\"La Sociedad de Comunicadores Adventistas (SAC) Interam\u00e9rica anunci\u00f3 los ganadores de sus diversas categor\u00edas durante una breve ceremonia llevada a cabo en la sede central de la Divisi\u00f3n Interamericana el pasado 5 de marzo de 2015 en Miami, Florida, Estados Unidos.  M\u00e1s de sesenta comunicadores y especialistas de producci\u00f3n de medios escucharon a \u00c1ngela Barrios, presidenta de la SAC Interam\u00e9rica, quien destac\u00f3 la misi\u00f3n de la sociedad.\" \/>\n<meta property=\"og:url\" content=\"https:\/\/interamerica.org\/es\/2015\/03\/sac-interamerica-premia-a-comunicadores-por-su-destacada-labor\/\" \/>\n<meta property=\"og:site_name\" content=\"Iglesia Adventista del S\u00e9ptimo D\u00eda - Divisi\u00f3n Interamericana\" \/>\n<meta property=\"article:published_time\" content=\"2015-03-10T04:00:00+00:00\" \/>\n<meta property=\"og:image\" content=\"https:\/\/interamerica.org\/wp-content\/uploads\/2017\/06\/SAC-IAawards300.png\" \/>\n\t<meta property=\"og:image:width\" content=\"300\" \/>\n\t<meta property=\"og:image:height\" content=\"188\" \/>\n\t<meta property=\"og:image:type\" content=\"image\/png\" \/>\n<meta name=\"author\" content=\"Lorenzo Verduzco\" \/>\n<meta name=\"twitter:card\" content=\"summary_large_image\" \/>\n<meta name=\"twitter:label1\" content=\"Escrito por\" \/>\n\t<meta name=\"twitter:data1\" content=\"Lorenzo Verduzco\" \/>\n\t<meta name=\"twitter:label2\" content=\"Tiempo de lectura\" \/>\n\t<meta name=\"twitter:data2\" content=\"2 minutos\" \/>\n<script type=\"application\/ld+json\" class=\"yoast-schema-graph\">{\"@context\":\"https:\\\/\\\/schema.org\",\"@graph\":[{\"@type\":\"Article\",\"@id\":\"https:\\\/\\\/interamerica.org\\\/es\\\/2015\\\/03\\\/sac-interamerica-premia-a-comunicadores-por-su-destacada-labor\\\/#article\",\"isPartOf\":{\"@id\":\"https:\\\/\\\/interamerica.org\\\/es\\\/2015\\\/03\\\/sac-interamerica-premia-a-comunicadores-por-su-destacada-labor\\\/\"},\"author\":{\"name\":\"Lorenzo Verduzco\",\"@id\":\"https:\\\/\\\/interamerica.org\\\/es\\\/#\\\/schema\\\/person\\\/68ede8bdc292885bb76c1e3810e73c39\"},\"headline\":\"SAC Interam\u00e9rica premia a comunicadores por su destacada labor\",\"datePublished\":\"2015-03-10T04:00:00+00:00\",\"mainEntityOfPage\":{\"@id\":\"https:\\\/\\\/interamerica.org\\\/es\\\/2015\\\/03\\\/sac-interamerica-premia-a-comunicadores-por-su-destacada-labor\\\/\"},\"wordCount\":502,\"image\":{\"@id\":\"https:\\\/\\\/interamerica.org\\\/es\\\/2015\\\/03\\\/sac-interamerica-premia-a-comunicadores-por-su-destacada-labor\\\/#primaryimage\"},\"thumbnailUrl\":\"https:\\\/\\\/interamerica.org\\\/wp-content\\\/uploads\\\/2017\\\/06\\\/SAC-IAawards300.png\",\"articleSection\":[\"Desde la sede\",\"RSS Espa\u00f1ol\"],\"inLanguage\":\"es\"},{\"@type\":\"WebPage\",\"@id\":\"https:\\\/\\\/interamerica.org\\\/es\\\/2015\\\/03\\\/sac-interamerica-premia-a-comunicadores-por-su-destacada-labor\\\/\",\"url\":\"https:\\\/\\\/interamerica.org\\\/es\\\/2015\\\/03\\\/sac-interamerica-premia-a-comunicadores-por-su-destacada-labor\\\/\",\"name\":\"SAC Interam\u00e9rica premia a comunicadores por su destacada labor - Iglesia Adventista del S\u00e9ptimo D\u00eda - Divisi\u00f3n Interamericana\",\"isPartOf\":{\"@id\":\"https:\\\/\\\/interamerica.org\\\/es\\\/#website\"},\"primaryImageOfPage\":{\"@id\":\"https:\\\/\\\/interamerica.org\\\/es\\\/2015\\\/03\\\/sac-interamerica-premia-a-comunicadores-por-su-destacada-labor\\\/#primaryimage\"},\"image\":{\"@id\":\"https:\\\/\\\/interamerica.org\\\/es\\\/2015\\\/03\\\/sac-interamerica-premia-a-comunicadores-por-su-destacada-labor\\\/#primaryimage\"},\"thumbnailUrl\":\"https:\\\/\\\/interamerica.org\\\/wp-content\\\/uploads\\\/2017\\\/06\\\/SAC-IAawards300.png\",\"datePublished\":\"2015-03-10T04:00:00+00:00\",\"author\":{\"@id\":\"https:\\\/\\\/interamerica.org\\\/es\\\/#\\\/schema\\\/person\\\/68ede8bdc292885bb76c1e3810e73c39\"},\"breadcrumb\":{\"@id\":\"https:\\\/\\\/interamerica.org\\\/es\\\/2015\\\/03\\\/sac-interamerica-premia-a-comunicadores-por-su-destacada-labor\\\/#breadcrumb\"},\"inLanguage\":\"es\",\"potentialAction\":[{\"@type\":\"ReadAction\",\"target\":[\"https:\\\/\\\/interamerica.org\\\/es\\\/2015\\\/03\\\/sac-interamerica-premia-a-comunicadores-por-su-destacada-labor\\\/\"]}]},{\"@type\":\"ImageObject\",\"inLanguage\":\"es\",\"@id\":\"https:\\\/\\\/interamerica.org\\\/es\\\/2015\\\/03\\\/sac-interamerica-premia-a-comunicadores-por-su-destacada-labor\\\/#primaryimage\",\"url\":\"https:\\\/\\\/interamerica.org\\\/wp-content\\\/uploads\\\/2017\\\/06\\\/SAC-IAawards300.png\",\"contentUrl\":\"https:\\\/\\\/interamerica.org\\\/wp-content\\\/uploads\\\/2017\\\/06\\\/SAC-IAawards300.png\",\"width\":300,\"height\":188},{\"@type\":\"BreadcrumbList\",\"@id\":\"https:\\\/\\\/interamerica.org\\\/es\\\/2015\\\/03\\\/sac-interamerica-premia-a-comunicadores-por-su-destacada-labor\\\/#breadcrumb\",\"itemListElement\":[{\"@type\":\"ListItem\",\"position\":1,\"name\":\"Home\",\"item\":\"https:\\\/\\\/interamerica.org\\\/es\\\/\"},{\"@type\":\"ListItem\",\"position\":2,\"name\":\"SAC Interam\u00e9rica premia a comunicadores por su destacada labor\"}]},{\"@type\":\"WebSite\",\"@id\":\"https:\\\/\\\/interamerica.org\\\/es\\\/#website\",\"url\":\"https:\\\/\\\/interamerica.org\\\/es\\\/\",\"name\":\"Iglesia Adventista del S\u00e9ptimo D\u00eda - Divisi\u00f3n Interamericana\",\"description\":\"\",\"potentialAction\":[{\"@type\":\"SearchAction\",\"target\":{\"@type\":\"EntryPoint\",\"urlTemplate\":\"https:\\\/\\\/interamerica.org\\\/es\\\/?s={search_term_string}\"},\"query-input\":{\"@type\":\"PropertyValueSpecification\",\"valueRequired\":true,\"valueName\":\"search_term_string\"}}],\"inLanguage\":\"es\"},{\"@type\":\"Person\",\"@id\":\"https:\\\/\\\/interamerica.org\\\/es\\\/#\\\/schema\\\/person\\\/68ede8bdc292885bb76c1e3810e73c39\",\"name\":\"Lorenzo Verduzco\",\"image\":{\"@type\":\"ImageObject\",\"inLanguage\":\"es\",\"@id\":\"https:\\\/\\\/secure.gravatar.com\\\/avatar\\\/fb81a55b6218459490a9c1dc841a34909185b81904c5337b4b27f7a6fd60c49e?s=96&d=mm&r=g\",\"url\":\"https:\\\/\\\/secure.gravatar.com\\\/avatar\\\/fb81a55b6218459490a9c1dc841a34909185b81904c5337b4b27f7a6fd60c49e?s=96&d=mm&r=g\",\"contentUrl\":\"https:\\\/\\\/secure.gravatar.com\\\/avatar\\\/fb81a55b6218459490a9c1dc841a34909185b81904c5337b4b27f7a6fd60c49e?s=96&d=mm&r=g\",\"caption\":\"Lorenzo Verduzco\"}}]}<\/script>\n<!-- \/ Yoast SEO plugin. -->","yoast_head_json":{"title":"SAC Interam\u00e9rica premia a comunicadores por su destacada labor - Iglesia Adventista del S\u00e9ptimo D\u00eda - Divisi\u00f3n Interamericana","robots":{"index":"index","follow":"follow","max-snippet":"max-snippet:-1","max-image-preview":"max-image-preview:large","max-video-preview":"max-video-preview:-1"},"canonical":"https:\/\/interamerica.org\/es\/2015\/03\/sac-interamerica-premia-a-comunicadores-por-su-destacada-labor\/","og_locale":"es_ES","og_type":"article","og_title":"SAC Interam\u00e9rica premia a comunicadores por su destacada labor - Iglesia Adventista del S\u00e9ptimo D\u00eda - Divisi\u00f3n Interamericana","og_description":"La Sociedad de Comunicadores Adventistas (SAC) Interam\u00e9rica anunci\u00f3 los ganadores de sus diversas categor\u00edas durante una breve ceremonia llevada a cabo en la sede central de la Divisi\u00f3n Interamericana el pasado 5 de marzo de 2015 en Miami, Florida, Estados Unidos.  M\u00e1s de sesenta comunicadores y especialistas de producci\u00f3n de medios escucharon a \u00c1ngela Barrios, presidenta de la SAC Interam\u00e9rica, quien destac\u00f3 la misi\u00f3n de la sociedad.","og_url":"https:\/\/interamerica.org\/es\/2015\/03\/sac-interamerica-premia-a-comunicadores-por-su-destacada-labor\/","og_site_name":"Iglesia Adventista del S\u00e9ptimo D\u00eda - Divisi\u00f3n Interamericana","article_published_time":"2015-03-10T04:00:00+00:00","og_image":[{"width":300,"height":188,"url":"https:\/\/interamerica.org\/wp-content\/uploads\/2017\/06\/SAC-IAawards300.png","type":"image\/png"}],"author":"Lorenzo Verduzco","twitter_card":"summary_large_image","twitter_misc":{"Escrito por":"Lorenzo Verduzco","Tiempo de lectura":"2 minutos"},"schema":{"@context":"https:\/\/schema.org","@graph":[{"@type":"Article","@id":"https:\/\/interamerica.org\/es\/2015\/03\/sac-interamerica-premia-a-comunicadores-por-su-destacada-labor\/#article","isPartOf":{"@id":"https:\/\/interamerica.org\/es\/2015\/03\/sac-interamerica-premia-a-comunicadores-por-su-destacada-labor\/"},"author":{"name":"Lorenzo Verduzco","@id":"https:\/\/interamerica.org\/es\/#\/schema\/person\/68ede8bdc292885bb76c1e3810e73c39"},"headline":"SAC Interam\u00e9rica premia a comunicadores por su destacada labor","datePublished":"2015-03-10T04:00:00+00:00","mainEntityOfPage":{"@id":"https:\/\/interamerica.org\/es\/2015\/03\/sac-interamerica-premia-a-comunicadores-por-su-destacada-labor\/"},"wordCount":502,"image":{"@id":"https:\/\/interamerica.org\/es\/2015\/03\/sac-interamerica-premia-a-comunicadores-por-su-destacada-labor\/#primaryimage"},"thumbnailUrl":"https:\/\/interamerica.org\/wp-content\/uploads\/2017\/06\/SAC-IAawards300.png","articleSection":["Desde la sede","RSS Espa\u00f1ol"],"inLanguage":"es"},{"@type":"WebPage","@id":"https:\/\/interamerica.org\/es\/2015\/03\/sac-interamerica-premia-a-comunicadores-por-su-destacada-labor\/","url":"https:\/\/interamerica.org\/es\/2015\/03\/sac-interamerica-premia-a-comunicadores-por-su-destacada-labor\/","name":"SAC Interam\u00e9rica premia a comunicadores por su destacada labor - Iglesia Adventista del S\u00e9ptimo D\u00eda - Divisi\u00f3n Interamericana","isPartOf":{"@id":"https:\/\/interamerica.org\/es\/#website"},"primaryImageOfPage":{"@id":"https:\/\/interamerica.org\/es\/2015\/03\/sac-interamerica-premia-a-comunicadores-por-su-destacada-labor\/#primaryimage"},"image":{"@id":"https:\/\/interamerica.org\/es\/2015\/03\/sac-interamerica-premia-a-comunicadores-por-su-destacada-labor\/#primaryimage"},"thumbnailUrl":"https:\/\/interamerica.org\/wp-content\/uploads\/2017\/06\/SAC-IAawards300.png","datePublished":"2015-03-10T04:00:00+00:00","author":{"@id":"https:\/\/interamerica.org\/es\/#\/schema\/person\/68ede8bdc292885bb76c1e3810e73c39"},"breadcrumb":{"@id":"https:\/\/interamerica.org\/es\/2015\/03\/sac-interamerica-premia-a-comunicadores-por-su-destacada-labor\/#breadcrumb"},"inLanguage":"es","potentialAction":[{"@type":"ReadAction","target":["https:\/\/interamerica.org\/es\/2015\/03\/sac-interamerica-premia-a-comunicadores-por-su-destacada-labor\/"]}]},{"@type":"ImageObject","inLanguage":"es","@id":"https:\/\/interamerica.org\/es\/2015\/03\/sac-interamerica-premia-a-comunicadores-por-su-destacada-labor\/#primaryimage","url":"https:\/\/interamerica.org\/wp-content\/uploads\/2017\/06\/SAC-IAawards300.png","contentUrl":"https:\/\/interamerica.org\/wp-content\/uploads\/2017\/06\/SAC-IAawards300.png","width":300,"height":188},{"@type":"BreadcrumbList","@id":"https:\/\/interamerica.org\/es\/2015\/03\/sac-interamerica-premia-a-comunicadores-por-su-destacada-labor\/#breadcrumb","itemListElement":[{"@type":"ListItem","position":1,"name":"Home","item":"https:\/\/interamerica.org\/es\/"},{"@type":"ListItem","position":2,"name":"SAC Interam\u00e9rica premia a comunicadores por su destacada labor"}]},{"@type":"WebSite","@id":"https:\/\/interamerica.org\/es\/#website","url":"https:\/\/interamerica.org\/es\/","name":"Iglesia Adventista del S\u00e9ptimo D\u00eda - Divisi\u00f3n Interamericana","description":"","potentialAction":[{"@type":"SearchAction","target":{"@type":"EntryPoint","urlTemplate":"https:\/\/interamerica.org\/es\/?s={search_term_string}"},"query-input":{"@type":"PropertyValueSpecification","valueRequired":true,"valueName":"search_term_string"}}],"inLanguage":"es"},{"@type":"Person","@id":"https:\/\/interamerica.org\/es\/#\/schema\/person\/68ede8bdc292885bb76c1e3810e73c39","name":"Lorenzo Verduzco","image":{"@type":"ImageObject","inLanguage":"es","@id":"https:\/\/secure.gravatar.com\/avatar\/fb81a55b6218459490a9c1dc841a34909185b81904c5337b4b27f7a6fd60c49e?s=96&d=mm&r=g","url":"https:\/\/secure.gravatar.com\/avatar\/fb81a55b6218459490a9c1dc841a34909185b81904c5337b4b27f7a6fd60c49e?s=96&d=mm&r=g","contentUrl":"https:\/\/secure.gravatar.com\/avatar\/fb81a55b6218459490a9c1dc841a34909185b81904c5337b4b27f7a6fd60c49e?s=96&d=mm&r=g","caption":"Lorenzo Verduzco"}}]}},"_links":{"self":[{"href":"https:\/\/interamerica.org\/es\/wp-json\/wp\/v2\/posts\/30744","targetHints":{"allow":["GET"]}}],"collection":[{"href":"https:\/\/interamerica.org\/es\/wp-json\/wp\/v2\/posts"}],"about":[{"href":"https:\/\/interamerica.org\/es\/wp-json\/wp\/v2\/types\/post"}],"author":[{"embeddable":true,"href":"https:\/\/interamerica.org\/es\/wp-json\/wp\/v2\/users\/1"}],"replies":[{"embeddable":true,"href":"https:\/\/interamerica.org\/es\/wp-json\/wp\/v2\/comments?post=30744"}],"version-history":[{"count":0,"href":"https:\/\/interamerica.org\/es\/wp-json\/wp\/v2\/posts\/30744\/revisions"}],"wp:featuredmedia":[{"embeddable":true,"href":"https:\/\/interamerica.org\/es\/wp-json\/wp\/v2\/media\/24557"}],"wp:attachment":[{"href":"https:\/\/interamerica.org\/es\/wp-json\/wp\/v2\/media?parent=30744"}],"wp:term":[{"taxonomy":"category","embeddable":true,"href":"https:\/\/interamerica.org\/es\/wp-json\/wp\/v2\/categories?post=30744"},{"taxonomy":"post_tag","embeddable":true,"href":"https:\/\/interamerica.org\/es\/wp-json\/wp\/v2\/tags?post=30744"}],"curies":[{"name":"wp","href":"https:\/\/api.w.org\/{rel}","templated":true}]}}