{"id":30746,"date":"2015-03-10T00:00:00","date_gmt":"2015-03-10T04:00:00","guid":{"rendered":"http:\/\/192.81.217.108\/interamerica\/2015\/03\/adventistas-de-jamaica-llevan-a-cabo-campana-de-evangelizacion-en-un-bar\/"},"modified":"2015-03-10T00:00:00","modified_gmt":"2015-03-10T04:00:00","slug":"adventistas-de-jamaica-llevan-a-cabo-campana-de-evangelizacion-en-un-bar","status":"publish","type":"post","link":"https:\/\/interamerica.org\/es\/2015\/03\/adventistas-de-jamaica-llevan-a-cabo-campana-de-evangelizacion-en-un-bar\/","title":{"rendered":"Adventistas de Jamaica llevan a cabo campa\u00f1a de evangelizaci\u00f3n en un bar"},"content":{"rendered":"<div id=\"attachment_15528\" style=\"width: 610px\" class=\"wp-caption aligncenter\"><a href=\"\/interamerica\/wp-content\/uploads\/2017\/06\/JAMU-outsideBar600.png\" rel=\"fancybox\" title=\"Adventistas de Jamaica llevan a cabo campa\u00f1a de evangelizaci\u00f3n en un bar\"><img fetchpriority=\"high\" decoding=\"async\" aria-describedby=\"caption-attachment-15528\" class=\"size-full wp-image-15528 \" src=\"\/interamerica\/wp-content\/uploads\/2017\/06\/JAMU-outsideBar600.png\" alt=\"\" width=\"600\" height=\"402\" \/><\/a><p id=\"caption-attachment-15528\" class=\"wp-caption-text\">Una multitud desbordante asiste al serm\u00f3n de cierre del s\u00e1bado en un bar del noroeste de Jamaica. Im\u00e1genes de Dyhann Buddoo-Fletcher\/DIA<\/p><\/div>\n<p>10 de marzo de 2015 | Trelawny, Jamaica | Dyhann Buddoo-Fletcher\/DIA\/Adventist Review<\/p>\n<p>Lo que menos quisieran muchos cristianos es ser encontrados alguna vez en un bar. Sin embargo, un grupo de adventistas de Jamaica pas\u00f3 cuatro semanas en un bar, no bebiendo o fumando o bailando, sino alabando al Se\u00f1or.<\/p>\n<p>La iglesia adventista de Duncans organiz\u00f3 una campa\u00f1a de evangelizaci\u00f3n en el bar comunitario de Longwood Walk, despu\u00e9s de una larga b\u00fasqueda de un lugar apropiado donde reunirse en el noroeste de Jamaica.<\/p>\n<p>Al finalizar el mes de reuniones, doce personas fueron bautizadas.<\/p>\n<div id=\"attachment_15530\" style=\"width: 223px\" class=\"wp-caption alignright\"><a href=\"\/interamerica\/wp-content\/uploads\/2017\/06\/JAMU-baptism.png\" rel=\"fancybox\" title=\"Adventistas de Jamaica llevan a cabo campa\u00f1a de evangelizaci\u00f3n en un bar\"><img decoding=\"async\" aria-describedby=\"caption-attachment-15530\" class=\"size-full wp-image-15530\" src=\"\/interamerica\/wp-content\/uploads\/2017\/06\/JAMU-baptism.png\" alt=\"\" width=\"213\" height=\"318\" \/><\/a><p id=\"caption-attachment-15530\" class=\"wp-caption-text\">El pastor Thomas se apresta a bautizar a Raxanne Faulder en una piscina que crearon los miembros con maderas y que cubrieron con una lona impermeable.<\/p><\/div>\n<p>\u00abUstedes han escuchado de campa\u00f1as en una tienda, han escuchado de campa\u00f1as en una iglesia, pero esta es la primera vez que algunos de ustedes escuchan de una campa\u00f1a en un bar\u00bb, dijo Tavaughn Thomas, pastor distrital que estuvo al frente de las reuniones, durante el serm\u00f3n del \u00faltimo s\u00e1bado.<\/p>\n<p>Thomas dijo que hab\u00eda esperado llevar a cabo las reuniones en el pueblo cercano de Spice Hill, pero que los planes no tuvieron \u00e9xito.<\/p>\n<p>\u00abDios ten\u00eda otros planes para nosotros, y aqu\u00ed estamos, en la Comunidad de Logwood, porque hay muchas aves heridas que aqu\u00ed mismo que ahora necesitan de Cristo\u00bb, dijo.<\/p>\n<p>La iglesia adventista Duncans, que tiene 236 miembros, suscribe a todas las creencias adventistas, que incluyen la oposici\u00f3n de la denominaci\u00f3n al alcohol. El anciano de iglesia Randall Duncan dijo que simplemente no se les hizo f\u00e1cil hallar un lugar apropiado para llevar a cabo una reuni\u00f3n de tama\u00f1o considerable.<\/p>\n<p>\u00abLlegu\u00e9 a la comunidad buscando un lugar, y encontramos este bar\u00bb, expres\u00f3.<\/p>\n<p>El bar estaba cerrado temporalmente, dado que su due\u00f1o hab\u00eda solicitado una nueva licencia para vender bebidas alcoh\u00f3licas.<\/p>\n<p>Duncan busc\u00f3 al due\u00f1o, le hizo abrir el lugar para inspeccionarlo, y lleg\u00f3 a un acuerdo para alquilar las instalaciones a comienzos de enero.<\/p>\n<p>\u00abEso fue tres semanas antes del comienzo de la campa\u00f1a\u00bb, relat\u00f3.<\/p>\n<p>Pero entonces, el due\u00f1o del bar desapareci\u00f3. Duncan no pod\u00eda encontrarlo en ning\u00fan lugar, y no ten\u00eda un n\u00famero de tel\u00e9fono para contactarse con \u00e9l. Como se acostumbra en la zona, las dos partes no hab\u00eda intercambiado informaci\u00f3n de contacto al acordar los t\u00e9rminos del acuerdo.<\/p>\n<p>La iglesia decidi\u00f3 seguir adelante con la publicidad de la campa\u00f1a, que mencionaba la direcci\u00f3n del bar como el lugar de las reuniones. Solo un d\u00eda antes del comienzo de la campa\u00f1a de evangelizaci\u00f3n, la esposa de Duncan encontr\u00f3 el n\u00famero de tel\u00e9fono del due\u00f1o en un cartel reci\u00e9n colocado en la ventana del bar.<\/p>\n<p>El resto es historia. Una multitud atest\u00f3 todas las noches el bar para la campa\u00f1a de evangelizaci\u00f3n de Thomas denominada \u00abLa campa\u00f1a del evangelio de la verdad real\u00bb, y los que llegaron tarde descubrieron que solo hab\u00eda lugar para permanecer de pie durante el serm\u00f3n final del s\u00e1bado 28 de febrero.<\/p>\n<div id=\"attachment_15531\" style=\"width: 310px\" class=\"wp-caption alignleft\"><a href=\"\/interamerica\/wp-content\/uploads\/2017\/06\/Jamu-barcampaign.png\" rel=\"fancybox\" title=\"Adventistas de Jamaica llevan a cabo campa\u00f1a de evangelizaci\u00f3n en un bar\"><img decoding=\"async\" aria-describedby=\"caption-attachment-15531\" class=\"size-full wp-image-15531\" src=\"\/interamerica\/wp-content\/uploads\/2017\/06\/Jamu-barcampaign.png\" alt=\"\" width=\"300\" height=\"201\" \/><\/a><p id=\"caption-attachment-15531\" class=\"wp-caption-text\">Randall Duncan (izquierda), y Allan Gordon, de la iglesia adventista de Clark&#8217;s Town muestran las botellas vac\u00edas de alcohol que a\u00fan estaban detr\u00e1s del mostrador del bar. Joel Duncan observa la escena en el fondo.<\/p><\/div>\n<p>\u00abS\u00e9 que algunos de ustedes no est\u00e1n aqu\u00ed para ver a un predicador\u00bb, dijo Thomas durante el serm\u00f3n. \u00abEst\u00e1n aqu\u00ed no para ver que est\u00e1 sucediendo en el bar, un lugar donde en el pasado se serv\u00eda licores, co\u00f1ac, vodka y cigarrillos, un lugar donde la gente sol\u00eda jugar al billar, y maldecir con malas palabras. Ustedes no est\u00e1n aqu\u00ed ver la transformaci\u00f3n de este lugar.<\/p>\n<p>\u00ab\u00a1Ustedes est\u00e1n aqu\u00ed para ver a Jes\u00fas!\u00bb, dijo en medio de gritos de \u00ab\u00a1Am\u00e9n!\u00bb y \u00ab\u00a1Aleluya!\u00bb de parte de los oyentes.<\/p>\n<p>A medida que hablaba, un hombre ingres\u00f3 al lugar con una botella de cerveza en la mano. Se aproxim\u00f3 a Thomas y \u00a0le hizo un gesto con el pu\u00f1o en aparente se\u00f1al de aprobaci\u00f3n del mensaje.<\/p>\n<p>Observando e incorporando todas las actividades estaba Roy Sergeant, de 73 a\u00f1os. Sergeant expres\u00f3 que el lugar de la campa\u00f1a no le preocupaba, y que simplemente se sent\u00eda feliz de bautizarse despu\u00e9s de tres cirug\u00edas y un terrible accidente de autom\u00f3vil.<\/p>\n<p>\u00abLlegu\u00e9 simplemente a la conclusi\u00f3n de dar mi vida a Jes\u00fas porque \u00e9l me salv\u00f3 todos estos a\u00f1os, y por ello lo alabo\u00bb, dijo Sergeant.<\/p>\n<p>Esta no fue la primera vez que la iglesia de Duncans llev\u00f3 a cabo una campa\u00f1a en un lugar inusual. Hace varios a\u00f1os, se llevaron a cabo dos campa\u00f1as de evangelizaci\u00f3n en un sal\u00f3n de baile.<\/p>\n<p>\u00abEsto muestra cu\u00e1n en serio tomamos la ganancia de almas\u00bb, dijo Thomas.<\/p>\n<p><em>Traducci\u00f3n de Marcos Paseggi<\/em><\/p>\n","protected":false},"excerpt":{"rendered":"<p>Lo que menos quisieran muchos cristianos es ser encontrados alguna vez en un bar. Sin embargo, un grupo de adventistas de Jamaica pas\u00f3 cuatro semanas en un bar, no bebiendo o fumando o bailando, sino alabando al Se\u00f1or. <\/p>\n<p>La iglesia adventista de Duncans organiz\u00f3 una campa\u00f1a de evangelizaci\u00f3n en el bar comunitario de Longwood Walk, despu\u00e9s de una larga b\u00fasqueda de un lugar apropiado donde reunirse en el noroeste de Jamaica.<\/p>\n","protected":false},"author":1,"featured_media":24584,"comment_status":"closed","ping_status":"closed","sticky":false,"template":"","format":"standard","meta":{"_acf_changed":false,"footnotes":""},"categories":[17,15],"tags":[],"class_list":["post-30746","post","type-post","status-publish","format-standard","has-post-thumbnail","hentry","category-desde-el-campo","category-rss-espanol"],"acf":[],"yoast_head":"<!-- This site is optimized with the Yoast SEO plugin v27.3 - https:\/\/yoast.com\/product\/yoast-seo-wordpress\/ -->\n<title>Adventistas de Jamaica llevan a cabo campa\u00f1a de evangelizaci\u00f3n en un bar - Iglesia Adventista del S\u00e9ptimo D\u00eda - Divisi\u00f3n Interamericana<\/title>\n<meta name=\"robots\" content=\"index, follow, max-snippet:-1, max-image-preview:large, max-video-preview:-1\" \/>\n<link rel=\"canonical\" href=\"https:\/\/interamerica.org\/es\/2015\/03\/adventistas-de-jamaica-llevan-a-cabo-campana-de-evangelizacion-en-un-bar\/\" \/>\n<meta property=\"og:locale\" content=\"es_ES\" \/>\n<meta property=\"og:type\" content=\"article\" \/>\n<meta property=\"og:title\" content=\"Adventistas de Jamaica llevan a cabo campa\u00f1a de evangelizaci\u00f3n en un bar - Iglesia Adventista del S\u00e9ptimo D\u00eda - Divisi\u00f3n Interamericana\" \/>\n<meta property=\"og:description\" content=\"Lo que menos quisieran muchos cristianos es ser encontrados alguna vez en un bar. Sin embargo, un grupo de adventistas de Jamaica pas\u00f3 cuatro semanas en un bar, no bebiendo o fumando o bailando, sino alabando al Se\u00f1or.  La iglesia adventista de Duncans organiz\u00f3 una campa\u00f1a de evangelizaci\u00f3n en el bar comunitario de Longwood Walk, despu\u00e9s de una larga b\u00fasqueda de un lugar apropiado donde reunirse en el noroeste de Jamaica.\" \/>\n<meta property=\"og:url\" content=\"https:\/\/interamerica.org\/es\/2015\/03\/adventistas-de-jamaica-llevan-a-cabo-campana-de-evangelizacion-en-un-bar\/\" \/>\n<meta property=\"og:site_name\" content=\"Iglesia Adventista del S\u00e9ptimo D\u00eda - Divisi\u00f3n Interamericana\" \/>\n<meta property=\"article:published_time\" content=\"2015-03-10T04:00:00+00:00\" \/>\n<meta property=\"og:image\" content=\"https:\/\/interamerica.org\/wp-content\/uploads\/2017\/06\/JAMU-inside-bar300.png\" \/>\n\t<meta property=\"og:image:width\" content=\"300\" \/>\n\t<meta property=\"og:image:height\" content=\"201\" \/>\n\t<meta property=\"og:image:type\" content=\"image\/png\" \/>\n<meta name=\"author\" content=\"Lorenzo Verduzco\" \/>\n<meta name=\"twitter:card\" content=\"summary_large_image\" \/>\n<meta name=\"twitter:label1\" content=\"Escrito por\" \/>\n\t<meta name=\"twitter:data1\" content=\"Lorenzo Verduzco\" \/>\n\t<meta name=\"twitter:label2\" content=\"Tiempo de lectura\" \/>\n\t<meta name=\"twitter:data2\" content=\"4 minutos\" \/>\n<script type=\"application\/ld+json\" class=\"yoast-schema-graph\">{\"@context\":\"https:\\\/\\\/schema.org\",\"@graph\":[{\"@type\":\"Article\",\"@id\":\"https:\\\/\\\/interamerica.org\\\/es\\\/2015\\\/03\\\/adventistas-de-jamaica-llevan-a-cabo-campana-de-evangelizacion-en-un-bar\\\/#article\",\"isPartOf\":{\"@id\":\"https:\\\/\\\/interamerica.org\\\/es\\\/2015\\\/03\\\/adventistas-de-jamaica-llevan-a-cabo-campana-de-evangelizacion-en-un-bar\\\/\"},\"author\":{\"name\":\"Lorenzo Verduzco\",\"@id\":\"https:\\\/\\\/interamerica.org\\\/es\\\/#\\\/schema\\\/person\\\/68ede8bdc292885bb76c1e3810e73c39\"},\"headline\":\"Adventistas de Jamaica llevan a cabo campa\u00f1a de evangelizaci\u00f3n en un bar\",\"datePublished\":\"2015-03-10T04:00:00+00:00\",\"mainEntityOfPage\":{\"@id\":\"https:\\\/\\\/interamerica.org\\\/es\\\/2015\\\/03\\\/adventistas-de-jamaica-llevan-a-cabo-campana-de-evangelizacion-en-un-bar\\\/\"},\"wordCount\":899,\"image\":{\"@id\":\"https:\\\/\\\/interamerica.org\\\/es\\\/2015\\\/03\\\/adventistas-de-jamaica-llevan-a-cabo-campana-de-evangelizacion-en-un-bar\\\/#primaryimage\"},\"thumbnailUrl\":\"https:\\\/\\\/interamerica.org\\\/wp-content\\\/uploads\\\/2017\\\/06\\\/JAMU-inside-bar300.png\",\"articleSection\":[\"Desde el campo\",\"RSS Espa\u00f1ol\"],\"inLanguage\":\"es\"},{\"@type\":\"WebPage\",\"@id\":\"https:\\\/\\\/interamerica.org\\\/es\\\/2015\\\/03\\\/adventistas-de-jamaica-llevan-a-cabo-campana-de-evangelizacion-en-un-bar\\\/\",\"url\":\"https:\\\/\\\/interamerica.org\\\/es\\\/2015\\\/03\\\/adventistas-de-jamaica-llevan-a-cabo-campana-de-evangelizacion-en-un-bar\\\/\",\"name\":\"Adventistas de Jamaica llevan a cabo campa\u00f1a de evangelizaci\u00f3n en un bar - Iglesia Adventista del S\u00e9ptimo D\u00eda - Divisi\u00f3n Interamericana\",\"isPartOf\":{\"@id\":\"https:\\\/\\\/interamerica.org\\\/es\\\/#website\"},\"primaryImageOfPage\":{\"@id\":\"https:\\\/\\\/interamerica.org\\\/es\\\/2015\\\/03\\\/adventistas-de-jamaica-llevan-a-cabo-campana-de-evangelizacion-en-un-bar\\\/#primaryimage\"},\"image\":{\"@id\":\"https:\\\/\\\/interamerica.org\\\/es\\\/2015\\\/03\\\/adventistas-de-jamaica-llevan-a-cabo-campana-de-evangelizacion-en-un-bar\\\/#primaryimage\"},\"thumbnailUrl\":\"https:\\\/\\\/interamerica.org\\\/wp-content\\\/uploads\\\/2017\\\/06\\\/JAMU-inside-bar300.png\",\"datePublished\":\"2015-03-10T04:00:00+00:00\",\"author\":{\"@id\":\"https:\\\/\\\/interamerica.org\\\/es\\\/#\\\/schema\\\/person\\\/68ede8bdc292885bb76c1e3810e73c39\"},\"breadcrumb\":{\"@id\":\"https:\\\/\\\/interamerica.org\\\/es\\\/2015\\\/03\\\/adventistas-de-jamaica-llevan-a-cabo-campana-de-evangelizacion-en-un-bar\\\/#breadcrumb\"},\"inLanguage\":\"es\",\"potentialAction\":[{\"@type\":\"ReadAction\",\"target\":[\"https:\\\/\\\/interamerica.org\\\/es\\\/2015\\\/03\\\/adventistas-de-jamaica-llevan-a-cabo-campana-de-evangelizacion-en-un-bar\\\/\"]}]},{\"@type\":\"ImageObject\",\"inLanguage\":\"es\",\"@id\":\"https:\\\/\\\/interamerica.org\\\/es\\\/2015\\\/03\\\/adventistas-de-jamaica-llevan-a-cabo-campana-de-evangelizacion-en-un-bar\\\/#primaryimage\",\"url\":\"https:\\\/\\\/interamerica.org\\\/wp-content\\\/uploads\\\/2017\\\/06\\\/JAMU-inside-bar300.png\",\"contentUrl\":\"https:\\\/\\\/interamerica.org\\\/wp-content\\\/uploads\\\/2017\\\/06\\\/JAMU-inside-bar300.png\",\"width\":300,\"height\":201},{\"@type\":\"BreadcrumbList\",\"@id\":\"https:\\\/\\\/interamerica.org\\\/es\\\/2015\\\/03\\\/adventistas-de-jamaica-llevan-a-cabo-campana-de-evangelizacion-en-un-bar\\\/#breadcrumb\",\"itemListElement\":[{\"@type\":\"ListItem\",\"position\":1,\"name\":\"Home\",\"item\":\"https:\\\/\\\/interamerica.org\\\/es\\\/\"},{\"@type\":\"ListItem\",\"position\":2,\"name\":\"Adventistas de Jamaica llevan a cabo campa\u00f1a de evangelizaci\u00f3n en un bar\"}]},{\"@type\":\"WebSite\",\"@id\":\"https:\\\/\\\/interamerica.org\\\/es\\\/#website\",\"url\":\"https:\\\/\\\/interamerica.org\\\/es\\\/\",\"name\":\"Iglesia Adventista del S\u00e9ptimo D\u00eda - Divisi\u00f3n Interamericana\",\"description\":\"\",\"potentialAction\":[{\"@type\":\"SearchAction\",\"target\":{\"@type\":\"EntryPoint\",\"urlTemplate\":\"https:\\\/\\\/interamerica.org\\\/es\\\/?s={search_term_string}\"},\"query-input\":{\"@type\":\"PropertyValueSpecification\",\"valueRequired\":true,\"valueName\":\"search_term_string\"}}],\"inLanguage\":\"es\"},{\"@type\":\"Person\",\"@id\":\"https:\\\/\\\/interamerica.org\\\/es\\\/#\\\/schema\\\/person\\\/68ede8bdc292885bb76c1e3810e73c39\",\"name\":\"Lorenzo Verduzco\",\"image\":{\"@type\":\"ImageObject\",\"inLanguage\":\"es\",\"@id\":\"https:\\\/\\\/secure.gravatar.com\\\/avatar\\\/fb81a55b6218459490a9c1dc841a34909185b81904c5337b4b27f7a6fd60c49e?s=96&d=mm&r=g\",\"url\":\"https:\\\/\\\/secure.gravatar.com\\\/avatar\\\/fb81a55b6218459490a9c1dc841a34909185b81904c5337b4b27f7a6fd60c49e?s=96&d=mm&r=g\",\"contentUrl\":\"https:\\\/\\\/secure.gravatar.com\\\/avatar\\\/fb81a55b6218459490a9c1dc841a34909185b81904c5337b4b27f7a6fd60c49e?s=96&d=mm&r=g\",\"caption\":\"Lorenzo Verduzco\"}}]}<\/script>\n<!-- \/ Yoast SEO plugin. -->","yoast_head_json":{"title":"Adventistas de Jamaica llevan a cabo campa\u00f1a de evangelizaci\u00f3n en un bar - Iglesia Adventista del S\u00e9ptimo D\u00eda - Divisi\u00f3n Interamericana","robots":{"index":"index","follow":"follow","max-snippet":"max-snippet:-1","max-image-preview":"max-image-preview:large","max-video-preview":"max-video-preview:-1"},"canonical":"https:\/\/interamerica.org\/es\/2015\/03\/adventistas-de-jamaica-llevan-a-cabo-campana-de-evangelizacion-en-un-bar\/","og_locale":"es_ES","og_type":"article","og_title":"Adventistas de Jamaica llevan a cabo campa\u00f1a de evangelizaci\u00f3n en un bar - Iglesia Adventista del S\u00e9ptimo D\u00eda - Divisi\u00f3n Interamericana","og_description":"Lo que menos quisieran muchos cristianos es ser encontrados alguna vez en un bar. Sin embargo, un grupo de adventistas de Jamaica pas\u00f3 cuatro semanas en un bar, no bebiendo o fumando o bailando, sino alabando al Se\u00f1or.  La iglesia adventista de Duncans organiz\u00f3 una campa\u00f1a de evangelizaci\u00f3n en el bar comunitario de Longwood Walk, despu\u00e9s de una larga b\u00fasqueda de un lugar apropiado donde reunirse en el noroeste de Jamaica.","og_url":"https:\/\/interamerica.org\/es\/2015\/03\/adventistas-de-jamaica-llevan-a-cabo-campana-de-evangelizacion-en-un-bar\/","og_site_name":"Iglesia Adventista del S\u00e9ptimo D\u00eda - Divisi\u00f3n Interamericana","article_published_time":"2015-03-10T04:00:00+00:00","og_image":[{"width":300,"height":201,"url":"https:\/\/interamerica.org\/wp-content\/uploads\/2017\/06\/JAMU-inside-bar300.png","type":"image\/png"}],"author":"Lorenzo Verduzco","twitter_card":"summary_large_image","twitter_misc":{"Escrito por":"Lorenzo Verduzco","Tiempo de lectura":"4 minutos"},"schema":{"@context":"https:\/\/schema.org","@graph":[{"@type":"Article","@id":"https:\/\/interamerica.org\/es\/2015\/03\/adventistas-de-jamaica-llevan-a-cabo-campana-de-evangelizacion-en-un-bar\/#article","isPartOf":{"@id":"https:\/\/interamerica.org\/es\/2015\/03\/adventistas-de-jamaica-llevan-a-cabo-campana-de-evangelizacion-en-un-bar\/"},"author":{"name":"Lorenzo Verduzco","@id":"https:\/\/interamerica.org\/es\/#\/schema\/person\/68ede8bdc292885bb76c1e3810e73c39"},"headline":"Adventistas de Jamaica llevan a cabo campa\u00f1a de evangelizaci\u00f3n en un bar","datePublished":"2015-03-10T04:00:00+00:00","mainEntityOfPage":{"@id":"https:\/\/interamerica.org\/es\/2015\/03\/adventistas-de-jamaica-llevan-a-cabo-campana-de-evangelizacion-en-un-bar\/"},"wordCount":899,"image":{"@id":"https:\/\/interamerica.org\/es\/2015\/03\/adventistas-de-jamaica-llevan-a-cabo-campana-de-evangelizacion-en-un-bar\/#primaryimage"},"thumbnailUrl":"https:\/\/interamerica.org\/wp-content\/uploads\/2017\/06\/JAMU-inside-bar300.png","articleSection":["Desde el campo","RSS Espa\u00f1ol"],"inLanguage":"es"},{"@type":"WebPage","@id":"https:\/\/interamerica.org\/es\/2015\/03\/adventistas-de-jamaica-llevan-a-cabo-campana-de-evangelizacion-en-un-bar\/","url":"https:\/\/interamerica.org\/es\/2015\/03\/adventistas-de-jamaica-llevan-a-cabo-campana-de-evangelizacion-en-un-bar\/","name":"Adventistas de Jamaica llevan a cabo campa\u00f1a de evangelizaci\u00f3n en un bar - Iglesia Adventista del S\u00e9ptimo D\u00eda - Divisi\u00f3n Interamericana","isPartOf":{"@id":"https:\/\/interamerica.org\/es\/#website"},"primaryImageOfPage":{"@id":"https:\/\/interamerica.org\/es\/2015\/03\/adventistas-de-jamaica-llevan-a-cabo-campana-de-evangelizacion-en-un-bar\/#primaryimage"},"image":{"@id":"https:\/\/interamerica.org\/es\/2015\/03\/adventistas-de-jamaica-llevan-a-cabo-campana-de-evangelizacion-en-un-bar\/#primaryimage"},"thumbnailUrl":"https:\/\/interamerica.org\/wp-content\/uploads\/2017\/06\/JAMU-inside-bar300.png","datePublished":"2015-03-10T04:00:00+00:00","author":{"@id":"https:\/\/interamerica.org\/es\/#\/schema\/person\/68ede8bdc292885bb76c1e3810e73c39"},"breadcrumb":{"@id":"https:\/\/interamerica.org\/es\/2015\/03\/adventistas-de-jamaica-llevan-a-cabo-campana-de-evangelizacion-en-un-bar\/#breadcrumb"},"inLanguage":"es","potentialAction":[{"@type":"ReadAction","target":["https:\/\/interamerica.org\/es\/2015\/03\/adventistas-de-jamaica-llevan-a-cabo-campana-de-evangelizacion-en-un-bar\/"]}]},{"@type":"ImageObject","inLanguage":"es","@id":"https:\/\/interamerica.org\/es\/2015\/03\/adventistas-de-jamaica-llevan-a-cabo-campana-de-evangelizacion-en-un-bar\/#primaryimage","url":"https:\/\/interamerica.org\/wp-content\/uploads\/2017\/06\/JAMU-inside-bar300.png","contentUrl":"https:\/\/interamerica.org\/wp-content\/uploads\/2017\/06\/JAMU-inside-bar300.png","width":300,"height":201},{"@type":"BreadcrumbList","@id":"https:\/\/interamerica.org\/es\/2015\/03\/adventistas-de-jamaica-llevan-a-cabo-campana-de-evangelizacion-en-un-bar\/#breadcrumb","itemListElement":[{"@type":"ListItem","position":1,"name":"Home","item":"https:\/\/interamerica.org\/es\/"},{"@type":"ListItem","position":2,"name":"Adventistas de Jamaica llevan a cabo campa\u00f1a de evangelizaci\u00f3n en un bar"}]},{"@type":"WebSite","@id":"https:\/\/interamerica.org\/es\/#website","url":"https:\/\/interamerica.org\/es\/","name":"Iglesia Adventista del S\u00e9ptimo D\u00eda - Divisi\u00f3n Interamericana","description":"","potentialAction":[{"@type":"SearchAction","target":{"@type":"EntryPoint","urlTemplate":"https:\/\/interamerica.org\/es\/?s={search_term_string}"},"query-input":{"@type":"PropertyValueSpecification","valueRequired":true,"valueName":"search_term_string"}}],"inLanguage":"es"},{"@type":"Person","@id":"https:\/\/interamerica.org\/es\/#\/schema\/person\/68ede8bdc292885bb76c1e3810e73c39","name":"Lorenzo Verduzco","image":{"@type":"ImageObject","inLanguage":"es","@id":"https:\/\/secure.gravatar.com\/avatar\/fb81a55b6218459490a9c1dc841a34909185b81904c5337b4b27f7a6fd60c49e?s=96&d=mm&r=g","url":"https:\/\/secure.gravatar.com\/avatar\/fb81a55b6218459490a9c1dc841a34909185b81904c5337b4b27f7a6fd60c49e?s=96&d=mm&r=g","contentUrl":"https:\/\/secure.gravatar.com\/avatar\/fb81a55b6218459490a9c1dc841a34909185b81904c5337b4b27f7a6fd60c49e?s=96&d=mm&r=g","caption":"Lorenzo Verduzco"}}]}},"_links":{"self":[{"href":"https:\/\/interamerica.org\/es\/wp-json\/wp\/v2\/posts\/30746","targetHints":{"allow":["GET"]}}],"collection":[{"href":"https:\/\/interamerica.org\/es\/wp-json\/wp\/v2\/posts"}],"about":[{"href":"https:\/\/interamerica.org\/es\/wp-json\/wp\/v2\/types\/post"}],"author":[{"embeddable":true,"href":"https:\/\/interamerica.org\/es\/wp-json\/wp\/v2\/users\/1"}],"replies":[{"embeddable":true,"href":"https:\/\/interamerica.org\/es\/wp-json\/wp\/v2\/comments?post=30746"}],"version-history":[{"count":0,"href":"https:\/\/interamerica.org\/es\/wp-json\/wp\/v2\/posts\/30746\/revisions"}],"wp:featuredmedia":[{"embeddable":true,"href":"https:\/\/interamerica.org\/es\/wp-json\/wp\/v2\/media\/24584"}],"wp:attachment":[{"href":"https:\/\/interamerica.org\/es\/wp-json\/wp\/v2\/media?parent=30746"}],"wp:term":[{"taxonomy":"category","embeddable":true,"href":"https:\/\/interamerica.org\/es\/wp-json\/wp\/v2\/categories?post=30746"},{"taxonomy":"post_tag","embeddable":true,"href":"https:\/\/interamerica.org\/es\/wp-json\/wp\/v2\/tags?post=30746"}],"curies":[{"name":"wp","href":"https:\/\/api.w.org\/{rel}","templated":true}]}}