{"id":30751,"date":"2015-03-11T00:00:00","date_gmt":"2015-03-11T04:00:00","guid":{"rendered":"http:\/\/192.81.217.108\/interamerica\/2015\/03\/adventistas-del-norte-de-colombia-oran-juntos-por-el-inminente-dia-de-impacto-en-importante-ciudad\/"},"modified":"2015-03-11T00:00:00","modified_gmt":"2015-03-11T04:00:00","slug":"adventistas-del-norte-de-colombia-oran-juntos-por-el-inminente-dia-de-impacto-en-importante-ciudad","status":"publish","type":"post","link":"https:\/\/interamerica.org\/es\/2015\/03\/adventistas-del-norte-de-colombia-oran-juntos-por-el-inminente-dia-de-impacto-en-importante-ciudad\/","title":{"rendered":"Adventistas del norte de Colombia oran juntos por el inminente d\u00eda de impacto en importante ciudad"},"content":{"rendered":"<p>11 de marzo de 2015 | Medell\u00edn, Colombia | Shirley Rueda\/DIA<\/p>\n<div id=\"attachment_15573\" style=\"width: 330px\" class=\"wp-caption alignleft\"><a href=\"\/interamerica\/wp-content\/uploads\/2017\/06\/NOCU-prayerballoons.png\" rel=\"fancybox\" title=\"Adventistas del norte de Colombia oran juntos por el inminente d\u00eda de impacto en importante ciudad\"><img fetchpriority=\"high\" decoding=\"async\" aria-describedby=\"caption-attachment-15573\" class=\"wp-image-15573 \" src=\"\/interamerica\/wp-content\/uploads\/2017\/06\/NOCU-prayerballoons.png\" alt=\"\" width=\"320\" height=\"213\" \/><\/a><p id=\"caption-attachment-15573\" class=\"wp-caption-text\">Los miembros de iglesia oran por el inminente d\u00eda de impacto en la ciudad de Medell\u00edn, Colombia, en el campus de la Universidad Adventista de Colombia, el pasado 8 de marzo de 2015. Im\u00e1genes por Alessandro Simoes\/DIA.<\/p><\/div>\n<p>Los miembros de iglesia oran por el inminente d\u00eda de impacto en la ciudad de Medell\u00edn, Colombia, en el campus de la Universidad Adventista de Colombia, el pasado 8 de marzo de 2015. Im\u00e1genes por cortes\u00eda de la Uni\u00f3n Colombiana del Norte\/DIA. \/caption]<\/p>\n<p>Casi mil adventistas viajaron a los tres principales cerros que rodean la ciudad de Medell\u00edn, en Colombia, el pasado 8 de marzo para orar y lanzar globos solares en preparaci\u00f3n para un impacto en toda la ciudad, que se llevar\u00e1 a cabo el pr\u00f3ximo s\u00e1bado.El proyecto, que se desarrolla bajo el lema \u00abUna sonrisa para Medell\u00edn\u00bb, buscar\u00e1 traer sonrisas al pueblo de Medell\u00edn con actos de bondad, exposiciones de salud y visitas a los hospitales y hogares de ancianos, entre otras actividades.<\/p>\n<p>\u201cEstamos prepar\u00e1ndonos para el gran impacto del pr\u00f3ximo 14 de marzo, cuando comenzaremos la obra por la comunidad en los alrededores de nuestras iglesias y en los puntos de mayor influencia de la ciudad\u00bb, dijo el pastor Eduardo Anaya, directivo de la Universidad Adventista de Colombia.<\/p>\n<div id=\"attachment_15571\" style=\"width: 310px\" class=\"wp-caption alignright\"><a href=\"\/interamerica\/wp-content\/uploads\/2017\/06\/NOCU-balloons3.png\" rel=\"fancybox\" title=\"Adventistas del norte de Colombia oran juntos por el inminente d\u00eda de impacto en importante ciudad\"><img decoding=\"async\" aria-describedby=\"caption-attachment-15571\" class=\"size-medium wp-image-15571 \" src=\"\/interamerica\/wp-content\/uploads\/2017\/06\/NOCU-balloons3-300x199.png\" alt=\"\" width=\"300\" height=\"199\" \/><\/a><p id=\"caption-attachment-15571\" class=\"wp-caption-text\">Cientos de personas se aprestan a liberar sus globos solares.<\/p><\/div>\n<p>Los miembros de iglesia oraron por las autoridades del gobierno local y nacional, por las pr\u00f3ximas actividades de impacto, por los m\u00e1s vulnerables de la poblaci\u00f3n y por el reavivamiento espiritual.<\/p>\n<p>\u00abTodo ha sido muy lindo, y hemos estado llenos del Esp\u00edritu Santo\u00bb, dijo Ana Silva, una estudiante de la universidad adventista que colaborar\u00e1 como voluntaria el pr\u00f3ximo s\u00e1bado. \u00abHemos podido impactar Medell\u00edn por medio de oraciones intercesoras, y queremos seguir llevando la luz a esta ciudad, unidos, de manera que podamos impactar la vida de muchas personas que a\u00fan no conocen a Cristo\u00bb, a\u00f1adi\u00f3.<\/p>\n<p>La iglesia estar\u00e1 acompa\u00f1ada por funcionarios de gobierno, para una ceremonia especial que se llevar\u00e1 a cabo durante la tarde. Los miembros de iglesia participar\u00e1n en una campa\u00f1a de donaci\u00f3n de sangre, esquinas de oraci\u00f3n en la ciudad, actuaciones de t\u00edteres, conciertos musicales, charlas y chequeos m\u00e9dicos gratuitos y seminarios de negocios, entre otras actividades.<\/p>\n<p>Si desea ver m\u00e1s fotograf\u00edas de la actividad, presione <a href=\"https:\/\/flic.kr\/s\/aHsk9chH8e\">AQU\u00cd<\/a><\/p>\n<p><em>Traducci\u00f3n de Marcos Paseggi<\/em><\/p>\n","protected":false},"excerpt":{"rendered":"<p>Casi mil adventistas viajaron a los tres principales cerros que rodean la ciudad de Medell\u00edn, en Colombia, el pasado 8 de marzo para orar y lanzar globos solares en preparaci\u00f3n para un impacto en toda la ciudad, que se llevar\u00e1 a cabo el pr\u00f3ximo s\u00e1bado. <\/p>\n<p>El proyecto, que se desarrolla bajo el lema \u00abUna sonrisa para Medell\u00edn\u00bb, buscar\u00e1 traer sonrisas al pueblo de Medell\u00edn con actos de bondad, exposiciones de salud y visitas a los hospitales y hogares de ancianos, entre otras actividades.<\/p>\n","protected":false},"author":1,"featured_media":24601,"comment_status":"closed","ping_status":"closed","sticky":false,"template":"","format":"standard","meta":{"_acf_changed":false,"footnotes":""},"categories":[17,15],"tags":[],"class_list":["post-30751","post","type-post","status-publish","format-standard","has-post-thumbnail","hentry","category-desde-el-campo","category-rss-espanol"],"acf":[],"yoast_head":"<!-- This site is optimized with the Yoast SEO plugin v27.3 - https:\/\/yoast.com\/product\/yoast-seo-wordpress\/ -->\n<title>Adventistas del norte de Colombia oran juntos por el inminente d\u00eda de impacto en importante ciudad - Iglesia Adventista del S\u00e9ptimo D\u00eda - Divisi\u00f3n Interamericana<\/title>\n<meta name=\"robots\" content=\"index, follow, max-snippet:-1, max-image-preview:large, max-video-preview:-1\" \/>\n<link rel=\"canonical\" href=\"https:\/\/interamerica.org\/es\/2015\/03\/adventistas-del-norte-de-colombia-oran-juntos-por-el-inminente-dia-de-impacto-en-importante-ciudad\/\" \/>\n<meta property=\"og:locale\" content=\"es_ES\" \/>\n<meta property=\"og:type\" content=\"article\" \/>\n<meta property=\"og:title\" content=\"Adventistas del norte de Colombia oran juntos por el inminente d\u00eda de impacto en importante ciudad - Iglesia Adventista del S\u00e9ptimo D\u00eda - Divisi\u00f3n Interamericana\" \/>\n<meta property=\"og:description\" content=\"Casi mil adventistas viajaron a los tres principales cerros que rodean la ciudad de Medell\u00edn, en Colombia, el pasado 8 de marzo para orar y lanzar globos solares en preparaci\u00f3n para un impacto en toda la ciudad, que se llevar\u00e1 a cabo el pr\u00f3ximo s\u00e1bado.  El proyecto, que se desarrolla bajo el lema &quot;Una sonrisa para Medell\u00edn&quot;, buscar\u00e1 traer sonrisas al pueblo de Medell\u00edn con actos de bondad, exposiciones de salud y visitas a los hospitales y hogares de ancianos, entre otras actividades.\" \/>\n<meta property=\"og:url\" content=\"https:\/\/interamerica.org\/es\/2015\/03\/adventistas-del-norte-de-colombia-oran-juntos-por-el-inminente-dia-de-impacto-en-importante-ciudad\/\" \/>\n<meta property=\"og:site_name\" content=\"Iglesia Adventista del S\u00e9ptimo D\u00eda - Divisi\u00f3n Interamericana\" \/>\n<meta property=\"article:published_time\" content=\"2015-03-11T04:00:00+00:00\" \/>\n<meta property=\"og:image\" content=\"https:\/\/interamerica.org\/wp-content\/uploads\/2017\/06\/NOCU-prayerballoons.png\" \/>\n\t<meta property=\"og:image:width\" content=\"400\" \/>\n\t<meta property=\"og:image:height\" content=\"266\" \/>\n\t<meta property=\"og:image:type\" content=\"image\/png\" \/>\n<meta name=\"author\" content=\"Lorenzo Verduzco\" \/>\n<meta name=\"twitter:card\" content=\"summary_large_image\" \/>\n<meta name=\"twitter:label1\" content=\"Escrito por\" \/>\n\t<meta name=\"twitter:data1\" content=\"Lorenzo Verduzco\" \/>\n\t<meta name=\"twitter:label2\" content=\"Tiempo de lectura\" \/>\n\t<meta name=\"twitter:data2\" content=\"2 minutos\" \/>\n<script type=\"application\/ld+json\" class=\"yoast-schema-graph\">{\"@context\":\"https:\\\/\\\/schema.org\",\"@graph\":[{\"@type\":\"Article\",\"@id\":\"https:\\\/\\\/interamerica.org\\\/es\\\/2015\\\/03\\\/adventistas-del-norte-de-colombia-oran-juntos-por-el-inminente-dia-de-impacto-en-importante-ciudad\\\/#article\",\"isPartOf\":{\"@id\":\"https:\\\/\\\/interamerica.org\\\/es\\\/2015\\\/03\\\/adventistas-del-norte-de-colombia-oran-juntos-por-el-inminente-dia-de-impacto-en-importante-ciudad\\\/\"},\"author\":{\"name\":\"Lorenzo Verduzco\",\"@id\":\"https:\\\/\\\/interamerica.org\\\/es\\\/#\\\/schema\\\/person\\\/68ede8bdc292885bb76c1e3810e73c39\"},\"headline\":\"Adventistas del norte de Colombia oran juntos por el inminente d\u00eda de impacto en importante ciudad\",\"datePublished\":\"2015-03-11T04:00:00+00:00\",\"mainEntityOfPage\":{\"@id\":\"https:\\\/\\\/interamerica.org\\\/es\\\/2015\\\/03\\\/adventistas-del-norte-de-colombia-oran-juntos-por-el-inminente-dia-de-impacto-en-importante-ciudad\\\/\"},\"wordCount\":454,\"image\":{\"@id\":\"https:\\\/\\\/interamerica.org\\\/es\\\/2015\\\/03\\\/adventistas-del-norte-de-colombia-oran-juntos-por-el-inminente-dia-de-impacto-en-importante-ciudad\\\/#primaryimage\"},\"thumbnailUrl\":\"https:\\\/\\\/interamerica.org\\\/wp-content\\\/uploads\\\/2017\\\/06\\\/NOCU-prayerballoons.png\",\"articleSection\":[\"Desde el campo\",\"RSS Espa\u00f1ol\"],\"inLanguage\":\"es\"},{\"@type\":\"WebPage\",\"@id\":\"https:\\\/\\\/interamerica.org\\\/es\\\/2015\\\/03\\\/adventistas-del-norte-de-colombia-oran-juntos-por-el-inminente-dia-de-impacto-en-importante-ciudad\\\/\",\"url\":\"https:\\\/\\\/interamerica.org\\\/es\\\/2015\\\/03\\\/adventistas-del-norte-de-colombia-oran-juntos-por-el-inminente-dia-de-impacto-en-importante-ciudad\\\/\",\"name\":\"Adventistas del norte de Colombia oran juntos por el inminente d\u00eda de impacto en importante ciudad - Iglesia Adventista del S\u00e9ptimo D\u00eda - Divisi\u00f3n Interamericana\",\"isPartOf\":{\"@id\":\"https:\\\/\\\/interamerica.org\\\/es\\\/#website\"},\"primaryImageOfPage\":{\"@id\":\"https:\\\/\\\/interamerica.org\\\/es\\\/2015\\\/03\\\/adventistas-del-norte-de-colombia-oran-juntos-por-el-inminente-dia-de-impacto-en-importante-ciudad\\\/#primaryimage\"},\"image\":{\"@id\":\"https:\\\/\\\/interamerica.org\\\/es\\\/2015\\\/03\\\/adventistas-del-norte-de-colombia-oran-juntos-por-el-inminente-dia-de-impacto-en-importante-ciudad\\\/#primaryimage\"},\"thumbnailUrl\":\"https:\\\/\\\/interamerica.org\\\/wp-content\\\/uploads\\\/2017\\\/06\\\/NOCU-prayerballoons.png\",\"datePublished\":\"2015-03-11T04:00:00+00:00\",\"author\":{\"@id\":\"https:\\\/\\\/interamerica.org\\\/es\\\/#\\\/schema\\\/person\\\/68ede8bdc292885bb76c1e3810e73c39\"},\"breadcrumb\":{\"@id\":\"https:\\\/\\\/interamerica.org\\\/es\\\/2015\\\/03\\\/adventistas-del-norte-de-colombia-oran-juntos-por-el-inminente-dia-de-impacto-en-importante-ciudad\\\/#breadcrumb\"},\"inLanguage\":\"es\",\"potentialAction\":[{\"@type\":\"ReadAction\",\"target\":[\"https:\\\/\\\/interamerica.org\\\/es\\\/2015\\\/03\\\/adventistas-del-norte-de-colombia-oran-juntos-por-el-inminente-dia-de-impacto-en-importante-ciudad\\\/\"]}]},{\"@type\":\"ImageObject\",\"inLanguage\":\"es\",\"@id\":\"https:\\\/\\\/interamerica.org\\\/es\\\/2015\\\/03\\\/adventistas-del-norte-de-colombia-oran-juntos-por-el-inminente-dia-de-impacto-en-importante-ciudad\\\/#primaryimage\",\"url\":\"https:\\\/\\\/interamerica.org\\\/wp-content\\\/uploads\\\/2017\\\/06\\\/NOCU-prayerballoons.png\",\"contentUrl\":\"https:\\\/\\\/interamerica.org\\\/wp-content\\\/uploads\\\/2017\\\/06\\\/NOCU-prayerballoons.png\",\"width\":400,\"height\":266},{\"@type\":\"BreadcrumbList\",\"@id\":\"https:\\\/\\\/interamerica.org\\\/es\\\/2015\\\/03\\\/adventistas-del-norte-de-colombia-oran-juntos-por-el-inminente-dia-de-impacto-en-importante-ciudad\\\/#breadcrumb\",\"itemListElement\":[{\"@type\":\"ListItem\",\"position\":1,\"name\":\"Home\",\"item\":\"https:\\\/\\\/interamerica.org\\\/es\\\/\"},{\"@type\":\"ListItem\",\"position\":2,\"name\":\"Adventistas del norte de Colombia oran juntos por el inminente d\u00eda de impacto en importante ciudad\"}]},{\"@type\":\"WebSite\",\"@id\":\"https:\\\/\\\/interamerica.org\\\/es\\\/#website\",\"url\":\"https:\\\/\\\/interamerica.org\\\/es\\\/\",\"name\":\"Iglesia Adventista del S\u00e9ptimo D\u00eda - Divisi\u00f3n Interamericana\",\"description\":\"\",\"potentialAction\":[{\"@type\":\"SearchAction\",\"target\":{\"@type\":\"EntryPoint\",\"urlTemplate\":\"https:\\\/\\\/interamerica.org\\\/es\\\/?s={search_term_string}\"},\"query-input\":{\"@type\":\"PropertyValueSpecification\",\"valueRequired\":true,\"valueName\":\"search_term_string\"}}],\"inLanguage\":\"es\"},{\"@type\":\"Person\",\"@id\":\"https:\\\/\\\/interamerica.org\\\/es\\\/#\\\/schema\\\/person\\\/68ede8bdc292885bb76c1e3810e73c39\",\"name\":\"Lorenzo Verduzco\",\"image\":{\"@type\":\"ImageObject\",\"inLanguage\":\"es\",\"@id\":\"https:\\\/\\\/secure.gravatar.com\\\/avatar\\\/fb81a55b6218459490a9c1dc841a34909185b81904c5337b4b27f7a6fd60c49e?s=96&d=mm&r=g\",\"url\":\"https:\\\/\\\/secure.gravatar.com\\\/avatar\\\/fb81a55b6218459490a9c1dc841a34909185b81904c5337b4b27f7a6fd60c49e?s=96&d=mm&r=g\",\"contentUrl\":\"https:\\\/\\\/secure.gravatar.com\\\/avatar\\\/fb81a55b6218459490a9c1dc841a34909185b81904c5337b4b27f7a6fd60c49e?s=96&d=mm&r=g\",\"caption\":\"Lorenzo Verduzco\"}}]}<\/script>\n<!-- \/ Yoast SEO plugin. -->","yoast_head_json":{"title":"Adventistas del norte de Colombia oran juntos por el inminente d\u00eda de impacto en importante ciudad - Iglesia Adventista del S\u00e9ptimo D\u00eda - Divisi\u00f3n Interamericana","robots":{"index":"index","follow":"follow","max-snippet":"max-snippet:-1","max-image-preview":"max-image-preview:large","max-video-preview":"max-video-preview:-1"},"canonical":"https:\/\/interamerica.org\/es\/2015\/03\/adventistas-del-norte-de-colombia-oran-juntos-por-el-inminente-dia-de-impacto-en-importante-ciudad\/","og_locale":"es_ES","og_type":"article","og_title":"Adventistas del norte de Colombia oran juntos por el inminente d\u00eda de impacto en importante ciudad - Iglesia Adventista del S\u00e9ptimo D\u00eda - Divisi\u00f3n Interamericana","og_description":"Casi mil adventistas viajaron a los tres principales cerros que rodean la ciudad de Medell\u00edn, en Colombia, el pasado 8 de marzo para orar y lanzar globos solares en preparaci\u00f3n para un impacto en toda la ciudad, que se llevar\u00e1 a cabo el pr\u00f3ximo s\u00e1bado.  El proyecto, que se desarrolla bajo el lema \"Una sonrisa para Medell\u00edn\", buscar\u00e1 traer sonrisas al pueblo de Medell\u00edn con actos de bondad, exposiciones de salud y visitas a los hospitales y hogares de ancianos, entre otras actividades.","og_url":"https:\/\/interamerica.org\/es\/2015\/03\/adventistas-del-norte-de-colombia-oran-juntos-por-el-inminente-dia-de-impacto-en-importante-ciudad\/","og_site_name":"Iglesia Adventista del S\u00e9ptimo D\u00eda - Divisi\u00f3n Interamericana","article_published_time":"2015-03-11T04:00:00+00:00","og_image":[{"width":400,"height":266,"url":"https:\/\/interamerica.org\/wp-content\/uploads\/2017\/06\/NOCU-prayerballoons.png","type":"image\/png"}],"author":"Lorenzo Verduzco","twitter_card":"summary_large_image","twitter_misc":{"Escrito por":"Lorenzo Verduzco","Tiempo de lectura":"2 minutos"},"schema":{"@context":"https:\/\/schema.org","@graph":[{"@type":"Article","@id":"https:\/\/interamerica.org\/es\/2015\/03\/adventistas-del-norte-de-colombia-oran-juntos-por-el-inminente-dia-de-impacto-en-importante-ciudad\/#article","isPartOf":{"@id":"https:\/\/interamerica.org\/es\/2015\/03\/adventistas-del-norte-de-colombia-oran-juntos-por-el-inminente-dia-de-impacto-en-importante-ciudad\/"},"author":{"name":"Lorenzo Verduzco","@id":"https:\/\/interamerica.org\/es\/#\/schema\/person\/68ede8bdc292885bb76c1e3810e73c39"},"headline":"Adventistas del norte de Colombia oran juntos por el inminente d\u00eda de impacto en importante ciudad","datePublished":"2015-03-11T04:00:00+00:00","mainEntityOfPage":{"@id":"https:\/\/interamerica.org\/es\/2015\/03\/adventistas-del-norte-de-colombia-oran-juntos-por-el-inminente-dia-de-impacto-en-importante-ciudad\/"},"wordCount":454,"image":{"@id":"https:\/\/interamerica.org\/es\/2015\/03\/adventistas-del-norte-de-colombia-oran-juntos-por-el-inminente-dia-de-impacto-en-importante-ciudad\/#primaryimage"},"thumbnailUrl":"https:\/\/interamerica.org\/wp-content\/uploads\/2017\/06\/NOCU-prayerballoons.png","articleSection":["Desde el campo","RSS Espa\u00f1ol"],"inLanguage":"es"},{"@type":"WebPage","@id":"https:\/\/interamerica.org\/es\/2015\/03\/adventistas-del-norte-de-colombia-oran-juntos-por-el-inminente-dia-de-impacto-en-importante-ciudad\/","url":"https:\/\/interamerica.org\/es\/2015\/03\/adventistas-del-norte-de-colombia-oran-juntos-por-el-inminente-dia-de-impacto-en-importante-ciudad\/","name":"Adventistas del norte de Colombia oran juntos por el inminente d\u00eda de impacto en importante ciudad - Iglesia Adventista del S\u00e9ptimo D\u00eda - Divisi\u00f3n Interamericana","isPartOf":{"@id":"https:\/\/interamerica.org\/es\/#website"},"primaryImageOfPage":{"@id":"https:\/\/interamerica.org\/es\/2015\/03\/adventistas-del-norte-de-colombia-oran-juntos-por-el-inminente-dia-de-impacto-en-importante-ciudad\/#primaryimage"},"image":{"@id":"https:\/\/interamerica.org\/es\/2015\/03\/adventistas-del-norte-de-colombia-oran-juntos-por-el-inminente-dia-de-impacto-en-importante-ciudad\/#primaryimage"},"thumbnailUrl":"https:\/\/interamerica.org\/wp-content\/uploads\/2017\/06\/NOCU-prayerballoons.png","datePublished":"2015-03-11T04:00:00+00:00","author":{"@id":"https:\/\/interamerica.org\/es\/#\/schema\/person\/68ede8bdc292885bb76c1e3810e73c39"},"breadcrumb":{"@id":"https:\/\/interamerica.org\/es\/2015\/03\/adventistas-del-norte-de-colombia-oran-juntos-por-el-inminente-dia-de-impacto-en-importante-ciudad\/#breadcrumb"},"inLanguage":"es","potentialAction":[{"@type":"ReadAction","target":["https:\/\/interamerica.org\/es\/2015\/03\/adventistas-del-norte-de-colombia-oran-juntos-por-el-inminente-dia-de-impacto-en-importante-ciudad\/"]}]},{"@type":"ImageObject","inLanguage":"es","@id":"https:\/\/interamerica.org\/es\/2015\/03\/adventistas-del-norte-de-colombia-oran-juntos-por-el-inminente-dia-de-impacto-en-importante-ciudad\/#primaryimage","url":"https:\/\/interamerica.org\/wp-content\/uploads\/2017\/06\/NOCU-prayerballoons.png","contentUrl":"https:\/\/interamerica.org\/wp-content\/uploads\/2017\/06\/NOCU-prayerballoons.png","width":400,"height":266},{"@type":"BreadcrumbList","@id":"https:\/\/interamerica.org\/es\/2015\/03\/adventistas-del-norte-de-colombia-oran-juntos-por-el-inminente-dia-de-impacto-en-importante-ciudad\/#breadcrumb","itemListElement":[{"@type":"ListItem","position":1,"name":"Home","item":"https:\/\/interamerica.org\/es\/"},{"@type":"ListItem","position":2,"name":"Adventistas del norte de Colombia oran juntos por el inminente d\u00eda de impacto en importante ciudad"}]},{"@type":"WebSite","@id":"https:\/\/interamerica.org\/es\/#website","url":"https:\/\/interamerica.org\/es\/","name":"Iglesia Adventista del S\u00e9ptimo D\u00eda - Divisi\u00f3n Interamericana","description":"","potentialAction":[{"@type":"SearchAction","target":{"@type":"EntryPoint","urlTemplate":"https:\/\/interamerica.org\/es\/?s={search_term_string}"},"query-input":{"@type":"PropertyValueSpecification","valueRequired":true,"valueName":"search_term_string"}}],"inLanguage":"es"},{"@type":"Person","@id":"https:\/\/interamerica.org\/es\/#\/schema\/person\/68ede8bdc292885bb76c1e3810e73c39","name":"Lorenzo Verduzco","image":{"@type":"ImageObject","inLanguage":"es","@id":"https:\/\/secure.gravatar.com\/avatar\/fb81a55b6218459490a9c1dc841a34909185b81904c5337b4b27f7a6fd60c49e?s=96&d=mm&r=g","url":"https:\/\/secure.gravatar.com\/avatar\/fb81a55b6218459490a9c1dc841a34909185b81904c5337b4b27f7a6fd60c49e?s=96&d=mm&r=g","contentUrl":"https:\/\/secure.gravatar.com\/avatar\/fb81a55b6218459490a9c1dc841a34909185b81904c5337b4b27f7a6fd60c49e?s=96&d=mm&r=g","caption":"Lorenzo Verduzco"}}]}},"_links":{"self":[{"href":"https:\/\/interamerica.org\/es\/wp-json\/wp\/v2\/posts\/30751","targetHints":{"allow":["GET"]}}],"collection":[{"href":"https:\/\/interamerica.org\/es\/wp-json\/wp\/v2\/posts"}],"about":[{"href":"https:\/\/interamerica.org\/es\/wp-json\/wp\/v2\/types\/post"}],"author":[{"embeddable":true,"href":"https:\/\/interamerica.org\/es\/wp-json\/wp\/v2\/users\/1"}],"replies":[{"embeddable":true,"href":"https:\/\/interamerica.org\/es\/wp-json\/wp\/v2\/comments?post=30751"}],"version-history":[{"count":0,"href":"https:\/\/interamerica.org\/es\/wp-json\/wp\/v2\/posts\/30751\/revisions"}],"wp:featuredmedia":[{"embeddable":true,"href":"https:\/\/interamerica.org\/es\/wp-json\/wp\/v2\/media\/24601"}],"wp:attachment":[{"href":"https:\/\/interamerica.org\/es\/wp-json\/wp\/v2\/media?parent=30751"}],"wp:term":[{"taxonomy":"category","embeddable":true,"href":"https:\/\/interamerica.org\/es\/wp-json\/wp\/v2\/categories?post=30751"},{"taxonomy":"post_tag","embeddable":true,"href":"https:\/\/interamerica.org\/es\/wp-json\/wp\/v2\/tags?post=30751"}],"curies":[{"name":"wp","href":"https:\/\/api.w.org\/{rel}","templated":true}]}}